{"id":3767,"date":"2013-11-06T10:53:17","date_gmt":"2013-11-06T12:53:17","guid":{"rendered":"http:\/\/www.encontrajardins.com.br\/av-faria-lima\/?p=3767"},"modified":"2013-11-06T10:53:57","modified_gmt":"2013-11-06T12:53:57","slug":"coral-usp-apresenta-o-espetaculo-canta-canta-mais-na-avenida-faria-lima","status":"publish","type":"post","link":"https:\/\/www.encontrajardins.com.br\/av-faria-lima\/coral-usp-apresenta-o-espetaculo-canta-canta-mais-na-avenida-faria-lima\/","title":{"rendered":"Coral USP apresenta o espet\u00e1culo Canta, Canta Mais na Avenida Faria Lima"},"content":{"rendered":"<p style=\"text-align: justify;\">Em todos os domingos de outubro, o projeto M\u00fasica no MCB leva ao Museu da Casa Brasileira, institui\u00e7\u00e3o da Secretaria da Cultura, uma programa\u00e7\u00e3o musical de qualidade e gratuita, sempre \u00e0s 11h. No dia 27, o Grupo Tarde, do Coral USP, interpreta o programa \u201cCanta, Canta Mais\u201d, sob a reg\u00eancia de Marcia Hentschel. Em novembro, o projeto promover\u00e1 espet\u00e1culos em todos os domingos do m\u00eas, sendo que haver\u00e1 tamb\u00e9m apresenta\u00e7\u00e3o musical especial no Dia da Consci\u00eancia Negra, em 20\/11.<\/p>\n<p style=\"text-align: justify;\">Fundado em 1967, o Coral USP desenvolveu ao longo de sua trajet\u00f3ria um estilo pr\u00f3prio em que combina linguagens da m\u00fasica erudita e popular. Reconhecido pela cr\u00edtica especializada, suas apresenta\u00e7\u00f5es j\u00e1 passaram pelos Estados Unidos, Europa, \u00c1frica e Argentina, em quatro turn\u00eas internacionais. No concerto \u201cCanta, Canta Mais\u201d, o Grupo Tarde apresentar\u00e1 as m\u00fasicas \u201cTema de amor de Gabriela\u201d (Tom Jobim), \u201cEl Gordo Triste\u201d (Astor Piazzolla e Aldo Ferrer), \u201cCara a Cara\u201d (Caetano Veloso), \u201cCanta Mais\u201d (Tom Jobim e Vinicius de Moraes) e \u201cLata d\u2019\u00c1gua\u201d (Luiz Ant\u00f4nio e Jota J\u00fanior).<\/p>\n<p style=\"text-align: justify;\">Em novembro, a agenda do projeto trar\u00e1 espet\u00e1culos tamb\u00e9m em todos os domingos do m\u00eas: Luiz Felipe Gama e Ana Luiza Quarteto, no dia 10; Banda Juvenil do Guri, em 17 de novembro; e Grupo Aum, encerrando a programa\u00e7\u00e3o do m\u00eas no dia 24. Em comemora\u00e7\u00e3o ao Dia da Consci\u00eancia Negra, em 20 de novembro \u00e0s 11h, Carlinhos Antunes e Orquestra Mundana apresentam os temas do CD \u201cMuvuca\u201d, com a participa\u00e7\u00e3o especial de Lena Baule, de Mo\u00e7ambique, e da dupla Mamour B\u00e1a e Cheikh B\u00e1, do Senegal<\/p>\n<p style=\"text-align: justify;\"><strong> M\u00fasica no MCB<\/strong><br \/>\nEm sua 14\u00aa edi\u00e7\u00e3o, o projeto M\u00fasica no MCB<i> <\/i>j\u00e1 beneficiou mais de 200 mil pessoas, que tiveram acesso gratuitamente a apresenta\u00e7\u00f5es de nomes importantes da m\u00fasica brasileira, como Zimbo Trio, Orquestra Bachiana, Mutrib, entre outros grupos, em forma\u00e7\u00f5es camer\u00edsticas e solo, populares e eruditas. Nesse per\u00edodo, foram curadores da programa\u00e7\u00e3o musical do MCB os maestros Julio Medaglia e Jo\u00e3o Carlos Martins, al\u00e9m dos pesquisadores e m\u00fasicos Carlinhos Antunes, Benjamin Taubkin, Ant\u00f4nio N\u00f3brega e Magda Pucci. Os shows acontecem sempre aos domingos \u00e0s 11h, de mar\u00e7o a dezembro, e s\u00e3o gratuitas.<\/p>\n<p style=\"text-align: justify;\"><b>Programa\u00e7\u00e3o:<br \/>\n<\/b><br \/>\n10\/11 \u2013 Luis Felipe Gama e Ana Luiza Quarteto \u2013 Lan\u00e7amento do CD \u201cVermelho\u201d<br \/>\n17\/11 &#8211; Banda Juvenil do Guri \u2013 Reg\u00eancia: Ricardo Appezzato<br \/>\n24\/11 &#8211; Grupo Aum \u2013 Lan\u00e7amento do CD \u201cTurmalina\u201d<b><br \/>\n<\/b><\/p>\n","protected":false},"excerpt":{"rendered":"<p>Em todos os domingos de outubro, o projeto M\u00fasica no MCB leva ao Museu da Casa Brasileira, institui\u00e7\u00e3o da Secretaria da Cultura, uma programa\u00e7\u00e3o musical de qualidade e gratuita, sempre \u00e0s 11h. No dia 27, o Grupo Tarde, do Coral USP, interpreta o programa \u201cCanta, Canta Mais\u201d, sob a reg\u00eancia de Marcia Hentschel. Em novembro, o projeto promover\u00e1 espet\u00e1culos em todos os domingos do m\u00eas, sendo que haver\u00e1 tamb\u00e9m apresenta\u00e7\u00e3o musical especial no Dia da Consci\u00eancia Negra, em 20\/11. Fundado em 1967, o Coral USP desenvolveu ao longo de sua trajet\u00f3ria um estilo pr\u00f3prio em que combina linguagens da m\u00fasica <\/p>\n","protected":false},"author":1,"featured_media":3768,"comment_status":"open","ping_status":"open","sticky":false,"template":"","format":"standard","meta":{"footnotes":""},"categories":[5],"tags":[],"class_list":["post-3767","post","type-post","status-publish","format-standard","has-post-thumbnail","hentry","category-noticias","has_thumb"],"yoast_head":"<!-- This site is optimized with the Yoast SEO plugin v27.4 - https:\/\/yoast.com\/product\/yoast-seo-wordpress\/ -->\n<title>Coral USP apresenta o espet\u00e1culo Canta, Canta Mais na Avenida Faria Lima | Guia Comercial Avenida Faria Lima<\/title>\n<meta name=\"robots\" content=\"index, follow, max-snippet:-1, max-image-preview:large, max-video-preview:-1\" \/>\n<link rel=\"canonical\" href=\"https:\/\/www.encontrajardins.com.br\/av-faria-lima\/coral-usp-apresenta-o-espetaculo-canta-canta-mais-na-avenida-faria-lima\/\" \/>\n<meta property=\"og:locale\" content=\"pt_BR\" \/>\n<meta property=\"og:type\" content=\"article\" \/>\n<meta property=\"og:title\" content=\"Coral USP apresenta o espet\u00e1culo Canta, Canta Mais na Avenida Faria Lima | Guia Comercial Avenida Faria Lima\" \/>\n<meta property=\"og:description\" content=\"Em todos os domingos de outubro, o projeto M\u00fasica no MCB leva ao Museu da Casa Brasileira, institui\u00e7\u00e3o da Secretaria da Cultura, uma programa\u00e7\u00e3o musical de qualidade e gratuita, sempre \u00e0s 11h. No dia 27, o Grupo Tarde, do Coral USP, interpreta o programa \u201cCanta, Canta Mais\u201d, sob a reg\u00eancia de Marcia Hentschel. Em novembro, o projeto promover\u00e1 espet\u00e1culos em todos os domingos do m\u00eas, sendo que haver\u00e1 tamb\u00e9m apresenta\u00e7\u00e3o musical especial no Dia da Consci\u00eancia Negra, em 20\/11. Fundado em 1967, o Coral USP desenvolveu ao longo de sua trajet\u00f3ria um estilo pr\u00f3prio em que combina linguagens da m\u00fasica\" \/>\n<meta property=\"og:url\" content=\"https:\/\/www.encontrajardins.com.br\/av-faria-lima\/coral-usp-apresenta-o-espetaculo-canta-canta-mais-na-avenida-faria-lima\/\" \/>\n<meta property=\"og:site_name\" content=\"Guia Comercial Avenida Faria Lima\" \/>\n<meta property=\"article:published_time\" content=\"2013-11-06T12:53:17+00:00\" \/>\n<meta property=\"article:modified_time\" content=\"2013-11-06T12:53:57+00:00\" \/>\n<meta property=\"og:image\" content=\"https:\/\/www.encontrajardins.com.br\/av-faria-lima\/wp-content\/uploads\/2013\/11\/museu.jpg\" \/>\n\t<meta property=\"og:image:width\" content=\"640\" \/>\n\t<meta property=\"og:image:height\" content=\"480\" \/>\n\t<meta property=\"og:image:type\" content=\"image\/jpeg\" \/>\n<meta name=\"author\" content=\"Encontra Avenida Faria Lima\" \/>\n<meta name=\"twitter:card\" content=\"summary_large_image\" \/>\n<meta name=\"twitter:label1\" content=\"Escrito por\" \/>\n\t<meta name=\"twitter:data1\" content=\"Encontra Avenida Faria Lima\" \/>\n\t<meta name=\"twitter:label2\" content=\"Est. tempo de leitura\" \/>\n\t<meta name=\"twitter:data2\" content=\"2 minutos\" \/>\n<script type=\"application\/ld+json\" class=\"yoast-schema-graph\">{\"@context\":\"https:\\\/\\\/schema.org\",\"@graph\":[{\"@type\":\"Article\",\"@id\":\"https:\\\/\\\/www.encontrajardins.com.br\\\/av-faria-lima\\\/coral-usp-apresenta-o-espetaculo-canta-canta-mais-na-avenida-faria-lima\\\/#article\",\"isPartOf\":{\"@id\":\"https:\\\/\\\/www.encontrajardins.com.br\\\/av-faria-lima\\\/coral-usp-apresenta-o-espetaculo-canta-canta-mais-na-avenida-faria-lima\\\/\"},\"author\":{\"name\":\"Encontra Avenida Faria Lima\",\"@id\":\"https:\\\/\\\/www.encontrajardins.com.br\\\/av-faria-lima\\\/#\\\/schema\\\/person\\\/79badd2a12b75d685ad41dac082e5111\"},\"headline\":\"Coral USP apresenta o espet\u00e1culo Canta, Canta Mais na Avenida Faria Lima\",\"datePublished\":\"2013-11-06T12:53:17+00:00\",\"dateModified\":\"2013-11-06T12:53:57+00:00\",\"mainEntityOfPage\":{\"@id\":\"https:\\\/\\\/www.encontrajardins.com.br\\\/av-faria-lima\\\/coral-usp-apresenta-o-espetaculo-canta-canta-mais-na-avenida-faria-lima\\\/\"},\"wordCount\":430,\"commentCount\":0,\"image\":{\"@id\":\"https:\\\/\\\/www.encontrajardins.com.br\\\/av-faria-lima\\\/coral-usp-apresenta-o-espetaculo-canta-canta-mais-na-avenida-faria-lima\\\/#primaryimage\"},\"thumbnailUrl\":\"https:\\\/\\\/www.encontrajardins.com.br\\\/av-faria-lima\\\/wp-content\\\/uploads\\\/2013\\\/11\\\/museu.jpg\",\"articleSection\":[\"Not\u00edcias Avenida Faria Lima\"],\"inLanguage\":\"pt-BR\",\"potentialAction\":[{\"@type\":\"CommentAction\",\"name\":\"Comment\",\"target\":[\"https:\\\/\\\/www.encontrajardins.com.br\\\/av-faria-lima\\\/coral-usp-apresenta-o-espetaculo-canta-canta-mais-na-avenida-faria-lima\\\/#respond\"]}]},{\"@type\":\"WebPage\",\"@id\":\"https:\\\/\\\/www.encontrajardins.com.br\\\/av-faria-lima\\\/coral-usp-apresenta-o-espetaculo-canta-canta-mais-na-avenida-faria-lima\\\/\",\"url\":\"https:\\\/\\\/www.encontrajardins.com.br\\\/av-faria-lima\\\/coral-usp-apresenta-o-espetaculo-canta-canta-mais-na-avenida-faria-lima\\\/\",\"name\":\"Coral USP apresenta o espet\u00e1culo Canta, Canta Mais na Avenida Faria Lima | Guia Comercial Avenida Faria Lima\",\"isPartOf\":{\"@id\":\"https:\\\/\\\/www.encontrajardins.com.br\\\/av-faria-lima\\\/#website\"},\"primaryImageOfPage\":{\"@id\":\"https:\\\/\\\/www.encontrajardins.com.br\\\/av-faria-lima\\\/coral-usp-apresenta-o-espetaculo-canta-canta-mais-na-avenida-faria-lima\\\/#primaryimage\"},\"image\":{\"@id\":\"https:\\\/\\\/www.encontrajardins.com.br\\\/av-faria-lima\\\/coral-usp-apresenta-o-espetaculo-canta-canta-mais-na-avenida-faria-lima\\\/#primaryimage\"},\"thumbnailUrl\":\"https:\\\/\\\/www.encontrajardins.com.br\\\/av-faria-lima\\\/wp-content\\\/uploads\\\/2013\\\/11\\\/museu.jpg\",\"datePublished\":\"2013-11-06T12:53:17+00:00\",\"dateModified\":\"2013-11-06T12:53:57+00:00\",\"author\":{\"@id\":\"https:\\\/\\\/www.encontrajardins.com.br\\\/av-faria-lima\\\/#\\\/schema\\\/person\\\/79badd2a12b75d685ad41dac082e5111\"},\"inLanguage\":\"pt-BR\",\"potentialAction\":[{\"@type\":\"ReadAction\",\"target\":[\"https:\\\/\\\/www.encontrajardins.com.br\\\/av-faria-lima\\\/coral-usp-apresenta-o-espetaculo-canta-canta-mais-na-avenida-faria-lima\\\/\"]}]},{\"@type\":\"ImageObject\",\"inLanguage\":\"pt-BR\",\"@id\":\"https:\\\/\\\/www.encontrajardins.com.br\\\/av-faria-lima\\\/coral-usp-apresenta-o-espetaculo-canta-canta-mais-na-avenida-faria-lima\\\/#primaryimage\",\"url\":\"https:\\\/\\\/www.encontrajardins.com.br\\\/av-faria-lima\\\/wp-content\\\/uploads\\\/2013\\\/11\\\/museu.jpg\",\"contentUrl\":\"https:\\\/\\\/www.encontrajardins.com.br\\\/av-faria-lima\\\/wp-content\\\/uploads\\\/2013\\\/11\\\/museu.jpg\",\"width\":640,\"height\":480},{\"@type\":\"WebSite\",\"@id\":\"https:\\\/\\\/www.encontrajardins.com.br\\\/av-faria-lima\\\/#website\",\"url\":\"https:\\\/\\\/www.encontrajardins.com.br\\\/av-faria-lima\\\/\",\"name\":\"Guia Comercial Avenida Faria Lima\",\"description\":\"ENCONTRA AVENIDA FARIA LIMA - O guia comercial de neg\u00f3cios e empresas, cultura e divers\u00e3o na Avenida Faria Lima. Feito 100% para voc\u00ea morador!\",\"potentialAction\":[{\"@type\":\"SearchAction\",\"target\":{\"@type\":\"EntryPoint\",\"urlTemplate\":\"https:\\\/\\\/www.encontrajardins.com.br\\\/av-faria-lima\\\/?s={search_term_string}\"},\"query-input\":{\"@type\":\"PropertyValueSpecification\",\"valueRequired\":true,\"valueName\":\"search_term_string\"}}],\"inLanguage\":\"pt-BR\"},{\"@type\":\"Person\",\"@id\":\"https:\\\/\\\/www.encontrajardins.com.br\\\/av-faria-lima\\\/#\\\/schema\\\/person\\\/79badd2a12b75d685ad41dac082e5111\",\"name\":\"Encontra Avenida Faria Lima\",\"image\":{\"@type\":\"ImageObject\",\"inLanguage\":\"pt-BR\",\"@id\":\"https:\\\/\\\/www.encontrajardins.com.br\\\/av-faria-lima\\\/wp-content\\\/litespeed\\\/avatar\\\/e92a756db1fc224ef50d2f00ed0d047a.jpg?ver=1776988651\",\"url\":\"https:\\\/\\\/www.encontrajardins.com.br\\\/av-faria-lima\\\/wp-content\\\/litespeed\\\/avatar\\\/e92a756db1fc224ef50d2f00ed0d047a.jpg?ver=1776988651\",\"contentUrl\":\"https:\\\/\\\/www.encontrajardins.com.br\\\/av-faria-lima\\\/wp-content\\\/litespeed\\\/avatar\\\/e92a756db1fc224ef50d2f00ed0d047a.jpg?ver=1776988651\",\"caption\":\"Encontra Avenida Faria Lima\"},\"url\":\"https:\\\/\\\/www.encontrajardins.com.br\\\/av-faria-lima\\\/author\\\/av-faria-lima\\\/\"}]}<\/script>\n<!-- \/ Yoast SEO plugin. -->","yoast_head_json":{"title":"Coral USP apresenta o espet\u00e1culo Canta, Canta Mais na Avenida Faria Lima | Guia Comercial Avenida Faria Lima","robots":{"index":"index","follow":"follow","max-snippet":"max-snippet:-1","max-image-preview":"max-image-preview:large","max-video-preview":"max-video-preview:-1"},"canonical":"https:\/\/www.encontrajardins.com.br\/av-faria-lima\/coral-usp-apresenta-o-espetaculo-canta-canta-mais-na-avenida-faria-lima\/","og_locale":"pt_BR","og_type":"article","og_title":"Coral USP apresenta o espet\u00e1culo Canta, Canta Mais na Avenida Faria Lima | Guia Comercial Avenida Faria Lima","og_description":"Em todos os domingos de outubro, o projeto M\u00fasica no MCB leva ao Museu da Casa Brasileira, institui\u00e7\u00e3o da Secretaria da Cultura, uma programa\u00e7\u00e3o musical de qualidade e gratuita, sempre \u00e0s 11h. No dia 27, o Grupo Tarde, do Coral USP, interpreta o programa \u201cCanta, Canta Mais\u201d, sob a reg\u00eancia de Marcia Hentschel. Em novembro, o projeto promover\u00e1 espet\u00e1culos em todos os domingos do m\u00eas, sendo que haver\u00e1 tamb\u00e9m apresenta\u00e7\u00e3o musical especial no Dia da Consci\u00eancia Negra, em 20\/11. Fundado em 1967, o Coral USP desenvolveu ao longo de sua trajet\u00f3ria um estilo pr\u00f3prio em que combina linguagens da m\u00fasica","og_url":"https:\/\/www.encontrajardins.com.br\/av-faria-lima\/coral-usp-apresenta-o-espetaculo-canta-canta-mais-na-avenida-faria-lima\/","og_site_name":"Guia Comercial Avenida Faria Lima","article_published_time":"2013-11-06T12:53:17+00:00","article_modified_time":"2013-11-06T12:53:57+00:00","og_image":[{"width":640,"height":480,"url":"https:\/\/www.encontrajardins.com.br\/av-faria-lima\/wp-content\/uploads\/2013\/11\/museu.jpg","type":"image\/jpeg"}],"author":"Encontra Avenida Faria Lima","twitter_card":"summary_large_image","twitter_misc":{"Escrito por":"Encontra Avenida Faria Lima","Est. tempo de leitura":"2 minutos"},"schema":{"@context":"https:\/\/schema.org","@graph":[{"@type":"Article","@id":"https:\/\/www.encontrajardins.com.br\/av-faria-lima\/coral-usp-apresenta-o-espetaculo-canta-canta-mais-na-avenida-faria-lima\/#article","isPartOf":{"@id":"https:\/\/www.encontrajardins.com.br\/av-faria-lima\/coral-usp-apresenta-o-espetaculo-canta-canta-mais-na-avenida-faria-lima\/"},"author":{"name":"Encontra Avenida Faria Lima","@id":"https:\/\/www.encontrajardins.com.br\/av-faria-lima\/#\/schema\/person\/79badd2a12b75d685ad41dac082e5111"},"headline":"Coral USP apresenta o espet\u00e1culo Canta, Canta Mais na Avenida Faria Lima","datePublished":"2013-11-06T12:53:17+00:00","dateModified":"2013-11-06T12:53:57+00:00","mainEntityOfPage":{"@id":"https:\/\/www.encontrajardins.com.br\/av-faria-lima\/coral-usp-apresenta-o-espetaculo-canta-canta-mais-na-avenida-faria-lima\/"},"wordCount":430,"commentCount":0,"image":{"@id":"https:\/\/www.encontrajardins.com.br\/av-faria-lima\/coral-usp-apresenta-o-espetaculo-canta-canta-mais-na-avenida-faria-lima\/#primaryimage"},"thumbnailUrl":"https:\/\/www.encontrajardins.com.br\/av-faria-lima\/wp-content\/uploads\/2013\/11\/museu.jpg","articleSection":["Not\u00edcias Avenida Faria Lima"],"inLanguage":"pt-BR","potentialAction":[{"@type":"CommentAction","name":"Comment","target":["https:\/\/www.encontrajardins.com.br\/av-faria-lima\/coral-usp-apresenta-o-espetaculo-canta-canta-mais-na-avenida-faria-lima\/#respond"]}]},{"@type":"WebPage","@id":"https:\/\/www.encontrajardins.com.br\/av-faria-lima\/coral-usp-apresenta-o-espetaculo-canta-canta-mais-na-avenida-faria-lima\/","url":"https:\/\/www.encontrajardins.com.br\/av-faria-lima\/coral-usp-apresenta-o-espetaculo-canta-canta-mais-na-avenida-faria-lima\/","name":"Coral USP apresenta o espet\u00e1culo Canta, Canta Mais na Avenida Faria Lima | Guia Comercial Avenida Faria Lima","isPartOf":{"@id":"https:\/\/www.encontrajardins.com.br\/av-faria-lima\/#website"},"primaryImageOfPage":{"@id":"https:\/\/www.encontrajardins.com.br\/av-faria-lima\/coral-usp-apresenta-o-espetaculo-canta-canta-mais-na-avenida-faria-lima\/#primaryimage"},"image":{"@id":"https:\/\/www.encontrajardins.com.br\/av-faria-lima\/coral-usp-apresenta-o-espetaculo-canta-canta-mais-na-avenida-faria-lima\/#primaryimage"},"thumbnailUrl":"https:\/\/www.encontrajardins.com.br\/av-faria-lima\/wp-content\/uploads\/2013\/11\/museu.jpg","datePublished":"2013-11-06T12:53:17+00:00","dateModified":"2013-11-06T12:53:57+00:00","author":{"@id":"https:\/\/www.encontrajardins.com.br\/av-faria-lima\/#\/schema\/person\/79badd2a12b75d685ad41dac082e5111"},"inLanguage":"pt-BR","potentialAction":[{"@type":"ReadAction","target":["https:\/\/www.encontrajardins.com.br\/av-faria-lima\/coral-usp-apresenta-o-espetaculo-canta-canta-mais-na-avenida-faria-lima\/"]}]},{"@type":"ImageObject","inLanguage":"pt-BR","@id":"https:\/\/www.encontrajardins.com.br\/av-faria-lima\/coral-usp-apresenta-o-espetaculo-canta-canta-mais-na-avenida-faria-lima\/#primaryimage","url":"https:\/\/www.encontrajardins.com.br\/av-faria-lima\/wp-content\/uploads\/2013\/11\/museu.jpg","contentUrl":"https:\/\/www.encontrajardins.com.br\/av-faria-lima\/wp-content\/uploads\/2013\/11\/museu.jpg","width":640,"height":480},{"@type":"WebSite","@id":"https:\/\/www.encontrajardins.com.br\/av-faria-lima\/#website","url":"https:\/\/www.encontrajardins.com.br\/av-faria-lima\/","name":"Guia Comercial Avenida Faria Lima","description":"ENCONTRA AVENIDA FARIA LIMA - O guia comercial de neg\u00f3cios e empresas, cultura e divers\u00e3o na Avenida Faria Lima. Feito 100% para voc\u00ea morador!","potentialAction":[{"@type":"SearchAction","target":{"@type":"EntryPoint","urlTemplate":"https:\/\/www.encontrajardins.com.br\/av-faria-lima\/?s={search_term_string}"},"query-input":{"@type":"PropertyValueSpecification","valueRequired":true,"valueName":"search_term_string"}}],"inLanguage":"pt-BR"},{"@type":"Person","@id":"https:\/\/www.encontrajardins.com.br\/av-faria-lima\/#\/schema\/person\/79badd2a12b75d685ad41dac082e5111","name":"Encontra Avenida Faria Lima","image":{"@type":"ImageObject","inLanguage":"pt-BR","@id":"https:\/\/www.encontrajardins.com.br\/av-faria-lima\/wp-content\/litespeed\/avatar\/e92a756db1fc224ef50d2f00ed0d047a.jpg?ver=1776988651","url":"https:\/\/www.encontrajardins.com.br\/av-faria-lima\/wp-content\/litespeed\/avatar\/e92a756db1fc224ef50d2f00ed0d047a.jpg?ver=1776988651","contentUrl":"https:\/\/www.encontrajardins.com.br\/av-faria-lima\/wp-content\/litespeed\/avatar\/e92a756db1fc224ef50d2f00ed0d047a.jpg?ver=1776988651","caption":"Encontra Avenida Faria Lima"},"url":"https:\/\/www.encontrajardins.com.br\/av-faria-lima\/author\/av-faria-lima\/"}]}},"_links":{"self":[{"href":"https:\/\/www.encontrajardins.com.br\/av-faria-lima\/wp-json\/wp\/v2\/posts\/3767","targetHints":{"allow":["GET"]}}],"collection":[{"href":"https:\/\/www.encontrajardins.com.br\/av-faria-lima\/wp-json\/wp\/v2\/posts"}],"about":[{"href":"https:\/\/www.encontrajardins.com.br\/av-faria-lima\/wp-json\/wp\/v2\/types\/post"}],"author":[{"embeddable":true,"href":"https:\/\/www.encontrajardins.com.br\/av-faria-lima\/wp-json\/wp\/v2\/users\/1"}],"replies":[{"embeddable":true,"href":"https:\/\/www.encontrajardins.com.br\/av-faria-lima\/wp-json\/wp\/v2\/comments?post=3767"}],"version-history":[{"count":0,"href":"https:\/\/www.encontrajardins.com.br\/av-faria-lima\/wp-json\/wp\/v2\/posts\/3767\/revisions"}],"wp:featuredmedia":[{"embeddable":true,"href":"https:\/\/www.encontrajardins.com.br\/av-faria-lima\/wp-json\/wp\/v2\/media\/3768"}],"wp:attachment":[{"href":"https:\/\/www.encontrajardins.com.br\/av-faria-lima\/wp-json\/wp\/v2\/media?parent=3767"}],"wp:term":[{"taxonomy":"category","embeddable":true,"href":"https:\/\/www.encontrajardins.com.br\/av-faria-lima\/wp-json\/wp\/v2\/categories?post=3767"},{"taxonomy":"post_tag","embeddable":true,"href":"https:\/\/www.encontrajardins.com.br\/av-faria-lima\/wp-json\/wp\/v2\/tags?post=3767"}],"curies":[{"name":"wp","href":"https:\/\/api.w.org\/{rel}","templated":true}]}}