{"id":3771,"date":"2013-11-19T11:07:25","date_gmt":"2013-11-19T13:07:25","guid":{"rendered":"http:\/\/www.encontrajardins.com.br\/av-faria-lima\/?p=3771"},"modified":"2013-11-21T16:26:17","modified_gmt":"2013-11-21T18:26:17","slug":"avenida-faria-lima-recebe-escultura-da-boneca-monica","status":"publish","type":"post","link":"https:\/\/www.encontrajardins.com.br\/av-faria-lima\/avenida-faria-lima-recebe-escultura-da-boneca-monica\/","title":{"rendered":"Avenida Faria Lima recebe escultura da boneca M\u00f4nica"},"content":{"rendered":"<p style=\"text-align: justify;\">Quem nunca ouviu falar das aventuras de M\u00f4nica, Cebolinha e Casc\u00e3o? Pois bem esta turminha acaba de completar 50 anos de exist\u00eancia. C\u00e9lebre por golpear Cebolinha com o coelhinho Sans\u00e3o, a M\u00f4nica recebeu em S\u00e3o Paulo, diversas individualidades que podem ser observadas alastradas na capital paulista com modelagens de mais de 1,80 metros de altura.<\/p>\n<p style=\"text-align: justify;\">Para festejar os cinquenta anos da personagem, foi concebida a Monica Parade, mostra ao c\u00e9u aberto com 50 est\u00e1tuas da baixinha, fofinha e dentu\u00e7a mais famosa do Brasil, relatadas por 50 artes\u00e3os chamados por Mauricio de Souza, fundador da personagem.<\/p>\n<p style=\"text-align: justify;\">No Avenida Faria Lima a escultura est\u00e1 localizada em frente ao Shopping Iguatemi (n\u00famero 2355) e na esquina com Avenida Rebou\u00e7as (n\u00famero 1461). A exibi\u00e7\u00e3o vai at\u00e9 dia 8 de dezembro.<\/p>\n","protected":false},"excerpt":{"rendered":"<p>Quem nunca ouviu falar das aventuras de M\u00f4nica, Cebolinha e Casc\u00e3o? Pois bem esta turminha acaba de completar 50 anos de exist\u00eancia. C\u00e9lebre por golpear Cebolinha com o coelhinho Sans\u00e3o, a M\u00f4nica recebeu em S\u00e3o Paulo, diversas individualidades que podem ser observadas alastradas na capital paulista com modelagens de mais de 1,80 metros de altura. Para festejar os cinquenta anos da personagem, foi concebida a Monica Parade, mostra ao c\u00e9u aberto com 50 est\u00e1tuas da baixinha, fofinha e dentu\u00e7a mais famosa do Brasil, relatadas por 50 artes\u00e3os chamados por Mauricio de Souza, fundador da personagem. No Avenida Faria Lima a <\/p>\n","protected":false},"author":1,"featured_media":3774,"comment_status":"open","ping_status":"open","sticky":false,"template":"","format":"standard","meta":{"footnotes":""},"categories":[5],"tags":[],"class_list":["post-3771","post","type-post","status-publish","format-standard","has-post-thumbnail","hentry","category-noticias","has_thumb"],"yoast_head":"<!-- This site is optimized with the Yoast SEO plugin v27.4 - https:\/\/yoast.com\/product\/yoast-seo-wordpress\/ -->\n<title>Avenida Faria Lima recebe escultura da boneca M\u00f4nica | Guia Comercial Avenida Faria Lima<\/title>\n<meta name=\"robots\" content=\"index, follow, max-snippet:-1, max-image-preview:large, max-video-preview:-1\" \/>\n<link rel=\"canonical\" href=\"https:\/\/www.encontrajardins.com.br\/av-faria-lima\/avenida-faria-lima-recebe-escultura-da-boneca-monica\/\" \/>\n<meta property=\"og:locale\" content=\"pt_BR\" \/>\n<meta property=\"og:type\" content=\"article\" \/>\n<meta property=\"og:title\" content=\"Avenida Faria Lima recebe escultura da boneca M\u00f4nica | Guia Comercial Avenida Faria Lima\" \/>\n<meta property=\"og:description\" content=\"Quem nunca ouviu falar das aventuras de M\u00f4nica, Cebolinha e Casc\u00e3o? Pois bem esta turminha acaba de completar 50 anos de exist\u00eancia. C\u00e9lebre por golpear Cebolinha com o coelhinho Sans\u00e3o, a M\u00f4nica recebeu em S\u00e3o Paulo, diversas individualidades que podem ser observadas alastradas na capital paulista com modelagens de mais de 1,80 metros de altura. Para festejar os cinquenta anos da personagem, foi concebida a Monica Parade, mostra ao c\u00e9u aberto com 50 est\u00e1tuas da baixinha, fofinha e dentu\u00e7a mais famosa do Brasil, relatadas por 50 artes\u00e3os chamados por Mauricio de Souza, fundador da personagem. No Avenida Faria Lima a\" \/>\n<meta property=\"og:url\" content=\"https:\/\/www.encontrajardins.com.br\/av-faria-lima\/avenida-faria-lima-recebe-escultura-da-boneca-monica\/\" \/>\n<meta property=\"og:site_name\" content=\"Guia Comercial Avenida Faria Lima\" \/>\n<meta property=\"article:published_time\" content=\"2013-11-19T13:07:25+00:00\" \/>\n<meta property=\"article:modified_time\" content=\"2013-11-21T18:26:17+00:00\" \/>\n<meta property=\"og:image\" content=\"https:\/\/www.encontrajardins.com.br\/av-faria-lima\/wp-content\/uploads\/2013\/11\/monica.jpg\" \/>\n\t<meta property=\"og:image:width\" content=\"465\" \/>\n\t<meta property=\"og:image:height\" content=\"467\" \/>\n\t<meta property=\"og:image:type\" content=\"image\/jpeg\" \/>\n<meta name=\"author\" content=\"Encontra Avenida Faria Lima\" \/>\n<meta name=\"twitter:card\" content=\"summary_large_image\" \/>\n<meta name=\"twitter:label1\" content=\"Escrito por\" \/>\n\t<meta name=\"twitter:data1\" content=\"Encontra Avenida Faria Lima\" \/>\n\t<meta name=\"twitter:label2\" content=\"Est. tempo de leitura\" \/>\n\t<meta name=\"twitter:data2\" content=\"1 minuto\" \/>\n<script type=\"application\/ld+json\" class=\"yoast-schema-graph\">{\"@context\":\"https:\\\/\\\/schema.org\",\"@graph\":[{\"@type\":\"Article\",\"@id\":\"https:\\\/\\\/www.encontrajardins.com.br\\\/av-faria-lima\\\/avenida-faria-lima-recebe-escultura-da-boneca-monica\\\/#article\",\"isPartOf\":{\"@id\":\"https:\\\/\\\/www.encontrajardins.com.br\\\/av-faria-lima\\\/avenida-faria-lima-recebe-escultura-da-boneca-monica\\\/\"},\"author\":{\"name\":\"Encontra Avenida Faria Lima\",\"@id\":\"https:\\\/\\\/www.encontrajardins.com.br\\\/av-faria-lima\\\/#\\\/schema\\\/person\\\/79badd2a12b75d685ad41dac082e5111\"},\"headline\":\"Avenida Faria Lima recebe escultura da boneca M\u00f4nica\",\"datePublished\":\"2013-11-19T13:07:25+00:00\",\"dateModified\":\"2013-11-21T18:26:17+00:00\",\"mainEntityOfPage\":{\"@id\":\"https:\\\/\\\/www.encontrajardins.com.br\\\/av-faria-lima\\\/avenida-faria-lima-recebe-escultura-da-boneca-monica\\\/\"},\"wordCount\":143,\"commentCount\":0,\"image\":{\"@id\":\"https:\\\/\\\/www.encontrajardins.com.br\\\/av-faria-lima\\\/avenida-faria-lima-recebe-escultura-da-boneca-monica\\\/#primaryimage\"},\"thumbnailUrl\":\"https:\\\/\\\/www.encontrajardins.com.br\\\/av-faria-lima\\\/wp-content\\\/uploads\\\/2013\\\/11\\\/monica.jpg\",\"articleSection\":[\"Not\u00edcias Avenida Faria Lima\"],\"inLanguage\":\"pt-BR\",\"potentialAction\":[{\"@type\":\"CommentAction\",\"name\":\"Comment\",\"target\":[\"https:\\\/\\\/www.encontrajardins.com.br\\\/av-faria-lima\\\/avenida-faria-lima-recebe-escultura-da-boneca-monica\\\/#respond\"]}]},{\"@type\":\"WebPage\",\"@id\":\"https:\\\/\\\/www.encontrajardins.com.br\\\/av-faria-lima\\\/avenida-faria-lima-recebe-escultura-da-boneca-monica\\\/\",\"url\":\"https:\\\/\\\/www.encontrajardins.com.br\\\/av-faria-lima\\\/avenida-faria-lima-recebe-escultura-da-boneca-monica\\\/\",\"name\":\"Avenida Faria Lima recebe escultura da boneca M\u00f4nica | Guia Comercial Avenida Faria Lima\",\"isPartOf\":{\"@id\":\"https:\\\/\\\/www.encontrajardins.com.br\\\/av-faria-lima\\\/#website\"},\"primaryImageOfPage\":{\"@id\":\"https:\\\/\\\/www.encontrajardins.com.br\\\/av-faria-lima\\\/avenida-faria-lima-recebe-escultura-da-boneca-monica\\\/#primaryimage\"},\"image\":{\"@id\":\"https:\\\/\\\/www.encontrajardins.com.br\\\/av-faria-lima\\\/avenida-faria-lima-recebe-escultura-da-boneca-monica\\\/#primaryimage\"},\"thumbnailUrl\":\"https:\\\/\\\/www.encontrajardins.com.br\\\/av-faria-lima\\\/wp-content\\\/uploads\\\/2013\\\/11\\\/monica.jpg\",\"datePublished\":\"2013-11-19T13:07:25+00:00\",\"dateModified\":\"2013-11-21T18:26:17+00:00\",\"author\":{\"@id\":\"https:\\\/\\\/www.encontrajardins.com.br\\\/av-faria-lima\\\/#\\\/schema\\\/person\\\/79badd2a12b75d685ad41dac082e5111\"},\"inLanguage\":\"pt-BR\",\"potentialAction\":[{\"@type\":\"ReadAction\",\"target\":[\"https:\\\/\\\/www.encontrajardins.com.br\\\/av-faria-lima\\\/avenida-faria-lima-recebe-escultura-da-boneca-monica\\\/\"]}]},{\"@type\":\"ImageObject\",\"inLanguage\":\"pt-BR\",\"@id\":\"https:\\\/\\\/www.encontrajardins.com.br\\\/av-faria-lima\\\/avenida-faria-lima-recebe-escultura-da-boneca-monica\\\/#primaryimage\",\"url\":\"https:\\\/\\\/www.encontrajardins.com.br\\\/av-faria-lima\\\/wp-content\\\/uploads\\\/2013\\\/11\\\/monica.jpg\",\"contentUrl\":\"https:\\\/\\\/www.encontrajardins.com.br\\\/av-faria-lima\\\/wp-content\\\/uploads\\\/2013\\\/11\\\/monica.jpg\",\"width\":465,\"height\":467},{\"@type\":\"WebSite\",\"@id\":\"https:\\\/\\\/www.encontrajardins.com.br\\\/av-faria-lima\\\/#website\",\"url\":\"https:\\\/\\\/www.encontrajardins.com.br\\\/av-faria-lima\\\/\",\"name\":\"Guia Comercial Avenida Faria Lima\",\"description\":\"ENCONTRA AVENIDA FARIA LIMA - O guia comercial de neg\u00f3cios e empresas, cultura e divers\u00e3o na Avenida Faria Lima. Feito 100% para voc\u00ea morador!\",\"potentialAction\":[{\"@type\":\"SearchAction\",\"target\":{\"@type\":\"EntryPoint\",\"urlTemplate\":\"https:\\\/\\\/www.encontrajardins.com.br\\\/av-faria-lima\\\/?s={search_term_string}\"},\"query-input\":{\"@type\":\"PropertyValueSpecification\",\"valueRequired\":true,\"valueName\":\"search_term_string\"}}],\"inLanguage\":\"pt-BR\"},{\"@type\":\"Person\",\"@id\":\"https:\\\/\\\/www.encontrajardins.com.br\\\/av-faria-lima\\\/#\\\/schema\\\/person\\\/79badd2a12b75d685ad41dac082e5111\",\"name\":\"Encontra Avenida Faria Lima\",\"image\":{\"@type\":\"ImageObject\",\"inLanguage\":\"pt-BR\",\"@id\":\"https:\\\/\\\/www.encontrajardins.com.br\\\/av-faria-lima\\\/wp-content\\\/litespeed\\\/avatar\\\/e92a756db1fc224ef50d2f00ed0d047a.jpg?ver=1776988651\",\"url\":\"https:\\\/\\\/www.encontrajardins.com.br\\\/av-faria-lima\\\/wp-content\\\/litespeed\\\/avatar\\\/e92a756db1fc224ef50d2f00ed0d047a.jpg?ver=1776988651\",\"contentUrl\":\"https:\\\/\\\/www.encontrajardins.com.br\\\/av-faria-lima\\\/wp-content\\\/litespeed\\\/avatar\\\/e92a756db1fc224ef50d2f00ed0d047a.jpg?ver=1776988651\",\"caption\":\"Encontra Avenida Faria Lima\"},\"url\":\"https:\\\/\\\/www.encontrajardins.com.br\\\/av-faria-lima\\\/author\\\/av-faria-lima\\\/\"}]}<\/script>\n<!-- \/ Yoast SEO plugin. -->","yoast_head_json":{"title":"Avenida Faria Lima recebe escultura da boneca M\u00f4nica | Guia Comercial Avenida Faria Lima","robots":{"index":"index","follow":"follow","max-snippet":"max-snippet:-1","max-image-preview":"max-image-preview:large","max-video-preview":"max-video-preview:-1"},"canonical":"https:\/\/www.encontrajardins.com.br\/av-faria-lima\/avenida-faria-lima-recebe-escultura-da-boneca-monica\/","og_locale":"pt_BR","og_type":"article","og_title":"Avenida Faria Lima recebe escultura da boneca M\u00f4nica | Guia Comercial Avenida Faria Lima","og_description":"Quem nunca ouviu falar das aventuras de M\u00f4nica, Cebolinha e Casc\u00e3o? Pois bem esta turminha acaba de completar 50 anos de exist\u00eancia. C\u00e9lebre por golpear Cebolinha com o coelhinho Sans\u00e3o, a M\u00f4nica recebeu em S\u00e3o Paulo, diversas individualidades que podem ser observadas alastradas na capital paulista com modelagens de mais de 1,80 metros de altura. Para festejar os cinquenta anos da personagem, foi concebida a Monica Parade, mostra ao c\u00e9u aberto com 50 est\u00e1tuas da baixinha, fofinha e dentu\u00e7a mais famosa do Brasil, relatadas por 50 artes\u00e3os chamados por Mauricio de Souza, fundador da personagem. No Avenida Faria Lima a","og_url":"https:\/\/www.encontrajardins.com.br\/av-faria-lima\/avenida-faria-lima-recebe-escultura-da-boneca-monica\/","og_site_name":"Guia Comercial Avenida Faria Lima","article_published_time":"2013-11-19T13:07:25+00:00","article_modified_time":"2013-11-21T18:26:17+00:00","og_image":[{"width":465,"height":467,"url":"https:\/\/www.encontrajardins.com.br\/av-faria-lima\/wp-content\/uploads\/2013\/11\/monica.jpg","type":"image\/jpeg"}],"author":"Encontra Avenida Faria Lima","twitter_card":"summary_large_image","twitter_misc":{"Escrito por":"Encontra Avenida Faria Lima","Est. tempo de leitura":"1 minuto"},"schema":{"@context":"https:\/\/schema.org","@graph":[{"@type":"Article","@id":"https:\/\/www.encontrajardins.com.br\/av-faria-lima\/avenida-faria-lima-recebe-escultura-da-boneca-monica\/#article","isPartOf":{"@id":"https:\/\/www.encontrajardins.com.br\/av-faria-lima\/avenida-faria-lima-recebe-escultura-da-boneca-monica\/"},"author":{"name":"Encontra Avenida Faria Lima","@id":"https:\/\/www.encontrajardins.com.br\/av-faria-lima\/#\/schema\/person\/79badd2a12b75d685ad41dac082e5111"},"headline":"Avenida Faria Lima recebe escultura da boneca M\u00f4nica","datePublished":"2013-11-19T13:07:25+00:00","dateModified":"2013-11-21T18:26:17+00:00","mainEntityOfPage":{"@id":"https:\/\/www.encontrajardins.com.br\/av-faria-lima\/avenida-faria-lima-recebe-escultura-da-boneca-monica\/"},"wordCount":143,"commentCount":0,"image":{"@id":"https:\/\/www.encontrajardins.com.br\/av-faria-lima\/avenida-faria-lima-recebe-escultura-da-boneca-monica\/#primaryimage"},"thumbnailUrl":"https:\/\/www.encontrajardins.com.br\/av-faria-lima\/wp-content\/uploads\/2013\/11\/monica.jpg","articleSection":["Not\u00edcias Avenida Faria Lima"],"inLanguage":"pt-BR","potentialAction":[{"@type":"CommentAction","name":"Comment","target":["https:\/\/www.encontrajardins.com.br\/av-faria-lima\/avenida-faria-lima-recebe-escultura-da-boneca-monica\/#respond"]}]},{"@type":"WebPage","@id":"https:\/\/www.encontrajardins.com.br\/av-faria-lima\/avenida-faria-lima-recebe-escultura-da-boneca-monica\/","url":"https:\/\/www.encontrajardins.com.br\/av-faria-lima\/avenida-faria-lima-recebe-escultura-da-boneca-monica\/","name":"Avenida Faria Lima recebe escultura da boneca M\u00f4nica | Guia Comercial Avenida Faria Lima","isPartOf":{"@id":"https:\/\/www.encontrajardins.com.br\/av-faria-lima\/#website"},"primaryImageOfPage":{"@id":"https:\/\/www.encontrajardins.com.br\/av-faria-lima\/avenida-faria-lima-recebe-escultura-da-boneca-monica\/#primaryimage"},"image":{"@id":"https:\/\/www.encontrajardins.com.br\/av-faria-lima\/avenida-faria-lima-recebe-escultura-da-boneca-monica\/#primaryimage"},"thumbnailUrl":"https:\/\/www.encontrajardins.com.br\/av-faria-lima\/wp-content\/uploads\/2013\/11\/monica.jpg","datePublished":"2013-11-19T13:07:25+00:00","dateModified":"2013-11-21T18:26:17+00:00","author":{"@id":"https:\/\/www.encontrajardins.com.br\/av-faria-lima\/#\/schema\/person\/79badd2a12b75d685ad41dac082e5111"},"inLanguage":"pt-BR","potentialAction":[{"@type":"ReadAction","target":["https:\/\/www.encontrajardins.com.br\/av-faria-lima\/avenida-faria-lima-recebe-escultura-da-boneca-monica\/"]}]},{"@type":"ImageObject","inLanguage":"pt-BR","@id":"https:\/\/www.encontrajardins.com.br\/av-faria-lima\/avenida-faria-lima-recebe-escultura-da-boneca-monica\/#primaryimage","url":"https:\/\/www.encontrajardins.com.br\/av-faria-lima\/wp-content\/uploads\/2013\/11\/monica.jpg","contentUrl":"https:\/\/www.encontrajardins.com.br\/av-faria-lima\/wp-content\/uploads\/2013\/11\/monica.jpg","width":465,"height":467},{"@type":"WebSite","@id":"https:\/\/www.encontrajardins.com.br\/av-faria-lima\/#website","url":"https:\/\/www.encontrajardins.com.br\/av-faria-lima\/","name":"Guia Comercial Avenida Faria Lima","description":"ENCONTRA AVENIDA FARIA LIMA - O guia comercial de neg\u00f3cios e empresas, cultura e divers\u00e3o na Avenida Faria Lima. Feito 100% para voc\u00ea morador!","potentialAction":[{"@type":"SearchAction","target":{"@type":"EntryPoint","urlTemplate":"https:\/\/www.encontrajardins.com.br\/av-faria-lima\/?s={search_term_string}"},"query-input":{"@type":"PropertyValueSpecification","valueRequired":true,"valueName":"search_term_string"}}],"inLanguage":"pt-BR"},{"@type":"Person","@id":"https:\/\/www.encontrajardins.com.br\/av-faria-lima\/#\/schema\/person\/79badd2a12b75d685ad41dac082e5111","name":"Encontra Avenida Faria Lima","image":{"@type":"ImageObject","inLanguage":"pt-BR","@id":"https:\/\/www.encontrajardins.com.br\/av-faria-lima\/wp-content\/litespeed\/avatar\/e92a756db1fc224ef50d2f00ed0d047a.jpg?ver=1776988651","url":"https:\/\/www.encontrajardins.com.br\/av-faria-lima\/wp-content\/litespeed\/avatar\/e92a756db1fc224ef50d2f00ed0d047a.jpg?ver=1776988651","contentUrl":"https:\/\/www.encontrajardins.com.br\/av-faria-lima\/wp-content\/litespeed\/avatar\/e92a756db1fc224ef50d2f00ed0d047a.jpg?ver=1776988651","caption":"Encontra Avenida Faria Lima"},"url":"https:\/\/www.encontrajardins.com.br\/av-faria-lima\/author\/av-faria-lima\/"}]}},"_links":{"self":[{"href":"https:\/\/www.encontrajardins.com.br\/av-faria-lima\/wp-json\/wp\/v2\/posts\/3771","targetHints":{"allow":["GET"]}}],"collection":[{"href":"https:\/\/www.encontrajardins.com.br\/av-faria-lima\/wp-json\/wp\/v2\/posts"}],"about":[{"href":"https:\/\/www.encontrajardins.com.br\/av-faria-lima\/wp-json\/wp\/v2\/types\/post"}],"author":[{"embeddable":true,"href":"https:\/\/www.encontrajardins.com.br\/av-faria-lima\/wp-json\/wp\/v2\/users\/1"}],"replies":[{"embeddable":true,"href":"https:\/\/www.encontrajardins.com.br\/av-faria-lima\/wp-json\/wp\/v2\/comments?post=3771"}],"version-history":[{"count":0,"href":"https:\/\/www.encontrajardins.com.br\/av-faria-lima\/wp-json\/wp\/v2\/posts\/3771\/revisions"}],"wp:featuredmedia":[{"embeddable":true,"href":"https:\/\/www.encontrajardins.com.br\/av-faria-lima\/wp-json\/wp\/v2\/media\/3774"}],"wp:attachment":[{"href":"https:\/\/www.encontrajardins.com.br\/av-faria-lima\/wp-json\/wp\/v2\/media?parent=3771"}],"wp:term":[{"taxonomy":"category","embeddable":true,"href":"https:\/\/www.encontrajardins.com.br\/av-faria-lima\/wp-json\/wp\/v2\/categories?post=3771"},{"taxonomy":"post_tag","embeddable":true,"href":"https:\/\/www.encontrajardins.com.br\/av-faria-lima\/wp-json\/wp\/v2\/tags?post=3771"}],"curies":[{"name":"wp","href":"https:\/\/api.w.org\/{rel}","templated":true}]}}