{"id":4035,"date":"2025-12-27T06:02:00","date_gmt":"2025-12-27T09:02:00","guid":{"rendered":"https:\/\/www.encontrajardins.com.br\/av-faria-lima\/faria-lima-foi-incendiada-por-pressao-de-alexandre-de-moraes-sobre-galipolo\/"},"modified":"2025-12-27T06:02:00","modified_gmt":"2025-12-27T09:02:00","slug":"faria-lima-foi-incendiada-por-pressao-de-alexandre-de-moraes-sobre-galipolo","status":"publish","type":"post","link":"https:\/\/www.encontrajardins.com.br\/av-faria-lima\/faria-lima-foi-incendiada-por-pressao-de-alexandre-de-moraes-sobre-galipolo\/","title":{"rendered":"Faria Lima foi incendiada por press\u00e3o de Alexandre de Moraes sobre Gal\u00edpolo"},"content":{"rendered":"<h2>Contexto da Faria Lima<\/h2>\n<p>A Faria Lima \u00e9 uma das avenidas mais emblem\u00e1ticas de S\u00e3o Paulo, funcionando como um dos principais polos financeiros do Brasil. Conhecida pelo seu dinamismo econ\u00f4mico, abriga escrit\u00f3rios de grandes empresas, institui\u00e7\u00f5es financeiras e startups que impulsionam o crescimento da cidade. Nos \u00faltimos anos, essa \u00e1rea se tornou s\u00edmbolo de inova\u00e7\u00e3o, contribuindo significativamente para a economia nacional. A press\u00e3o sobre os atores desse cen\u00e1rio, incluindo os l\u00edderes dessas organiza\u00e7\u00f5es, pode ter impactos profundos nas decis\u00f5es econ\u00f4micas e nos rumos que o setor financeiro pode tomar.<\/p>\n<h2>Press\u00f5es no Banco Central<\/h2>\n<p>No centro das recentes controv\u00e9rsias envolvendo a Faria Lima, surgem relatos sobre press\u00f5es que o ministro do STF, Alexandre de Moraes, teria exercido sobre Gabriel Gal\u00edpolo, o presidente do Banco Central. A especula\u00e7\u00e3o sobre essa press\u00e3o cria um clima tenso e desconfort\u00e1vel entre os dirigentes financeiros e os pol\u00edticos que moldam as pol\u00edticas econ\u00f4micas do pa\u00eds. A necessidade de autonomia do Banco Central \u00e9 frequentemente mencionada como um fator crucial para a estabilidade econ\u00f4mica, e qualquer ind\u00edcio de interfer\u00eancia externa pode abalar a confian\u00e7a no sistema financeiro.<\/p>\n<h2>Rea\u00e7\u00e3o do Presidente Gal\u00edpolo<\/h2>\n<p>Gabriel Gal\u00edpolo, ao ser alvo das alega\u00e7\u00f5es, negou veementemente ter sido pressionado por Moraes. Ele enfatizou que suas conversas com o ministro se concentravam em quest\u00f5es pertinentes, como a Lei Magnitsky, que visa a responsabiliza\u00e7\u00e3o de indiv\u00edduos envolvidos em corrup\u00e7\u00e3o e em viola\u00e7\u00f5es dos direitos humanos. Essa postura sugere que Gal\u00edpolo procura manter uma dist\u00e2ncia segura dos rumores que circulam na m\u00eddia, reafirmando seu compromisso com a integridade da fun\u00e7\u00e3o que exerce. A reputa\u00e7\u00e3o do presidente do Banco Central \u00e9 vital, e sua habilidade em navegar por esses desafios \u00e9 fundamental para a manuten\u00e7\u00e3o da credibilidade do banco.<\/p>\n<p><img decoding=\"async\" src=\"https:\/\/www.encontrajardins.com.br\/av-faria-lima\/wp-content\/uploads\/2025\/12\/faria-lima-foi-incendiada-por-pressao-de-alexandre-de-moraes-sobre-galipolo.webp\" alt=\"press\u00e3o de Alexandre de Moraes\" loading=\"lazy\" \/><\/p>\n<h2>Implica\u00e7\u00f5es na Pol\u00edtica Financeira<\/h2>\n<p>A situa\u00e7\u00e3o atual tem implica\u00e7\u00f5es diretas na formula\u00e7\u00e3o de pol\u00edticas financeiras no Brasil. Caso as alega\u00e7\u00f5es de press\u00e3o se confirmem, podemos esperar um aumento das tens\u00f5es entre o governo e o Banco Central, o que poderia levar a uma reestrutura\u00e7\u00e3o das diretrizes econ\u00f4micas. A independ\u00eancia do Banco Central \u00e9 vista como uma \u00e2ncora para a pol\u00edtica monet\u00e1ria, e qualquer interven\u00e7\u00e3o pol\u00edtica poderia colocar em risco os esfor\u00e7os de controle da infla\u00e7\u00e3o e de estabilidade do real. As rea\u00e7\u00f5es do mercado financeiro a esse cen\u00e1rio poder\u00e3o influir na curva de juros e na confian\u00e7a dos investidores no Brasil.<\/p>\n<h2>Entendendo a Lei Magnitsky<\/h2>\n<p>A Lei Magnitsky, que serve como um instrumento para responsabilizar aqueles que cometem atos de corrup\u00e7\u00e3o e viola\u00e7\u00e3o dos direitos humanos, surge como um ponto central na discuss\u00e3o atual. O seu impacto econ\u00f4mico e pol\u00edtico \u00e9 significativo, pois os pa\u00edses que a adotam podem aplicar san\u00e7\u00f5es econ\u00f4micas e congelamento de ativos de indiv\u00edduos considerados culpados. Para o Brasil, a ado\u00e7\u00e3o de normas semelhantes pode tornar-se uma quest\u00e3o de suma import\u00e2ncia, especialmente em um contexto onde a transpar\u00eancia e a \u00e9tica nos neg\u00f3cios s\u00e3o cada vez mais demandadas pela sociedade.<\/p>\n<h2>Rumores e A\u00e7\u00f5es P\u00fablicas<\/h2>\n<p>Al\u00e9m das press\u00f5es diretas relatadas, os rumores sobre as inten\u00e7\u00f5es do ministro Alexandre de Moraes tamb\u00e9m levantam preocupa\u00e7\u00f5es sobre as a\u00e7\u00f5es p\u00fablicas em rela\u00e7\u00e3o ao setor financeiro. A forma como os rumores se espalharam, atingindo diferentes esferas do governo e do ambiente empresarial, ilustra a fragilidade da confian\u00e7a na lideran\u00e7a financeira do pa\u00eds. Os executivos da Faria Lima e da comunidade empresarial precisam ser vigilantes, pois essa situa\u00e7\u00e3o pode afetar n\u00e3o apenas suas opera\u00e7\u00f5es, mas tamb\u00e9m a estabilidade da economia em um n\u00edvel mais amplo.<\/p>\n<h2>Repercuss\u00f5es no Mercado Financeiro<\/h2>\n<p>As repercuss\u00f5es no mercado financeiro s\u00e3o palp\u00e1veis e imediatas. Os investidores reagem rapidamente a qualquer sinal de instabilidade. Rumores de press\u00e3o sobre o Banco Central j\u00e1 podem ter resultado em volatilidade nas a\u00e7\u00f5es das empresas localizadas na Faria Lima. A inseguran\u00e7a em rela\u00e7\u00e3o a decis\u00f5es que possam vir a ser tomadas com base em press\u00f5es pol\u00edticas pode desincentivar investimentos, prejudicando a atra\u00e7\u00e3o de capital para o setor. Portanto, a forma como essa situa\u00e7\u00e3o evolui ser\u00e1 fundamental para a recupera\u00e7\u00e3o da confian\u00e7a entre os investidores nacionais e internacionais.<\/p>\n<h2>Opini\u00e3o de Especialistas<\/h2>\n<p>Especialistas em economia e direito financeiro t\u00eam oferecido suas an\u00e1lises sobre a situa\u00e7\u00e3o. Muitos argumentam que a independ\u00eancia do Banco Central \u00e9 primordial para garantir a estabilidade econ\u00f4mica em tempos de incerteza. A possibilidade de interfer\u00eancia pol\u00edtica nas opera\u00e7\u00f5es do banco n\u00e3o s\u00f3 prejudica a percep\u00e7\u00e3o do mercado quanto \u00e0 sua integridade, mas tamb\u00e9m pode tornar o Brasil menos competitivo no cen\u00e1rio global. Sendo assim, a manuten\u00e7\u00e3o da autonomia das institui\u00e7\u00f5es financeiras \u00e9 vista como um pilar fundamental de um sistema democr\u00e1tico saud\u00e1vel.<\/p>\n<h2>An\u00e1lise das Consequ\u00eancias Pol\u00edticas<\/h2>\n<p>Pol\u00edticos da oposi\u00e7\u00e3o utilizam essa situa\u00e7\u00e3o para refor\u00e7ar acusa\u00e7\u00f5es de impropriedade e conflito de interesses, levantando quest\u00f5es sobre a \u00e9tica no exerc\u00edcio do poder. A press\u00e3o pol\u00edtica, quando percebida como excessiva, pode levar a um chamado por reformas nas estruturas de governan\u00e7a e fiscaliza\u00e7\u00e3o, promovendo um debate sobre a necessidade de maior transpar\u00eancia nos processos de decis\u00e3o financeira. As poss\u00edveis consequ\u00eancias pol\u00edticas incluem desde mudan\u00e7as nas lideran\u00e7as at\u00e9 uma poss\u00edvel reformula\u00e7\u00e3o nas leis que regem as rela\u00e7\u00f5es entre o Legislativo e o Banco Central.<\/p>\n<h2>Pr\u00f3ximos Passos na Faria Lima<\/h2>\n<p>Os pr\u00f3ximos passos na Faria Lima s\u00e3o cruciais. \u00c0 medida que a situa\u00e7\u00e3o evolui, a comunidade empresarial e os gestores financeiros precisar\u00e3o se adaptar a uma nova realidade. O foco em estrat\u00e9gias que fortalecem a resili\u00eancia organizacional, aliadas a um compromisso com a \u00e9tica e a transpar\u00eancia, ser\u00e1 fundamental. Reuni\u00f5es entre l\u00edderes empresariais e autoridades financeiras poder\u00e3o se intensificar, visando construir uma frente unida em defesa da autonomia do Banco Central e da estabilidade econ\u00f4mica brasileira. A colabora\u00e7\u00e3o entre os setores p\u00fablico e privado ser\u00e1 essencial para superar os desafios impostos por essa crise.<\/p>\n","protected":false},"excerpt":{"rendered":"<p>Faria Lima foi alvo de press\u00e3o de Alexandre de Moraes sobre Gal\u00edpolo.<\/p>\n","protected":false},"author":1,"featured_media":4034,"comment_status":"open","ping_status":"open","sticky":false,"template":"","format":"standard","meta":{"footnotes":""},"categories":[5],"tags":[],"class_list":["post-4035","post","type-post","status-publish","format-standard","has-post-thumbnail","hentry","category-noticias","has_thumb"],"yoast_head":"<!-- This site is optimized with the Yoast SEO plugin v27.4 - https:\/\/yoast.com\/product\/yoast-seo-wordpress\/ -->\n<title>Faria Lima foi incendiada por press\u00e3o de Alexandre de Moraes sobre Gal\u00edpolo | Guia Comercial Avenida Faria Lima<\/title>\n<meta name=\"robots\" content=\"index, follow, max-snippet:-1, max-image-preview:large, max-video-preview:-1\" \/>\n<link rel=\"canonical\" href=\"https:\/\/www.encontrajardins.com.br\/av-faria-lima\/faria-lima-foi-incendiada-por-pressao-de-alexandre-de-moraes-sobre-galipolo\/\" \/>\n<meta property=\"og:locale\" content=\"pt_BR\" \/>\n<meta property=\"og:type\" content=\"article\" \/>\n<meta property=\"og:title\" content=\"Faria Lima foi incendiada por press\u00e3o de Alexandre de Moraes sobre Gal\u00edpolo | Guia Comercial Avenida Faria Lima\" \/>\n<meta property=\"og:description\" content=\"Faria Lima foi alvo de press\u00e3o de Alexandre de Moraes sobre Gal\u00edpolo.\" \/>\n<meta property=\"og:url\" content=\"https:\/\/www.encontrajardins.com.br\/av-faria-lima\/faria-lima-foi-incendiada-por-pressao-de-alexandre-de-moraes-sobre-galipolo\/\" \/>\n<meta property=\"og:site_name\" content=\"Guia Comercial Avenida Faria Lima\" \/>\n<meta property=\"article:published_time\" content=\"2025-12-27T09:02:00+00:00\" \/>\n<meta property=\"og:image\" content=\"https:\/\/www.encontrajardins.com.br\/av-faria-lima\/wp-content\/uploads\/2025\/12\/faria-lima-foi-incendiada-por-pressao-de-alexandre-de-moraes-sobre-galipolo.webp\" \/>\n<meta name=\"author\" content=\"Encontra Avenida Faria Lima\" \/>\n<meta name=\"twitter:card\" content=\"summary_large_image\" \/>\n<meta name=\"twitter:label1\" content=\"Escrito por\" \/>\n\t<meta name=\"twitter:data1\" content=\"Encontra Avenida Faria Lima\" \/>\n\t<meta name=\"twitter:label2\" content=\"Est. tempo de leitura\" \/>\n\t<meta name=\"twitter:data2\" content=\"5 minutos\" \/>\n<script type=\"application\/ld+json\" class=\"yoast-schema-graph\">{\"@context\":\"https:\\\/\\\/schema.org\",\"@graph\":[{\"@type\":\"Article\",\"@id\":\"https:\\\/\\\/www.encontrajardins.com.br\\\/av-faria-lima\\\/faria-lima-foi-incendiada-por-pressao-de-alexandre-de-moraes-sobre-galipolo\\\/#article\",\"isPartOf\":{\"@id\":\"https:\\\/\\\/www.encontrajardins.com.br\\\/av-faria-lima\\\/faria-lima-foi-incendiada-por-pressao-de-alexandre-de-moraes-sobre-galipolo\\\/\"},\"author\":{\"name\":\"Encontra Avenida Faria Lima\",\"@id\":\"https:\\\/\\\/www.encontrajardins.com.br\\\/av-faria-lima\\\/#\\\/schema\\\/person\\\/79badd2a12b75d685ad41dac082e5111\"},\"headline\":\"Faria Lima foi incendiada por press\u00e3o de Alexandre de Moraes sobre Gal\u00edpolo\",\"datePublished\":\"2025-12-27T09:02:00+00:00\",\"mainEntityOfPage\":{\"@id\":\"https:\\\/\\\/www.encontrajardins.com.br\\\/av-faria-lima\\\/faria-lima-foi-incendiada-por-pressao-de-alexandre-de-moraes-sobre-galipolo\\\/\"},\"wordCount\":1101,\"commentCount\":0,\"image\":{\"@id\":\"https:\\\/\\\/www.encontrajardins.com.br\\\/av-faria-lima\\\/faria-lima-foi-incendiada-por-pressao-de-alexandre-de-moraes-sobre-galipolo\\\/#primaryimage\"},\"thumbnailUrl\":\"https:\\\/\\\/www.encontrajardins.com.br\\\/av-faria-lima\\\/wp-content\\\/uploads\\\/2025\\\/12\\\/faria-lima-foi-incendiada-por-pressao-de-alexandre-de-moraes-sobre-galipolo.webp\",\"articleSection\":[\"Not\u00edcias Avenida Faria Lima\"],\"inLanguage\":\"pt-BR\",\"potentialAction\":[{\"@type\":\"CommentAction\",\"name\":\"Comment\",\"target\":[\"https:\\\/\\\/www.encontrajardins.com.br\\\/av-faria-lima\\\/faria-lima-foi-incendiada-por-pressao-de-alexandre-de-moraes-sobre-galipolo\\\/#respond\"]}]},{\"@type\":\"WebPage\",\"@id\":\"https:\\\/\\\/www.encontrajardins.com.br\\\/av-faria-lima\\\/faria-lima-foi-incendiada-por-pressao-de-alexandre-de-moraes-sobre-galipolo\\\/\",\"url\":\"https:\\\/\\\/www.encontrajardins.com.br\\\/av-faria-lima\\\/faria-lima-foi-incendiada-por-pressao-de-alexandre-de-moraes-sobre-galipolo\\\/\",\"name\":\"Faria Lima foi incendiada por press\u00e3o de Alexandre de Moraes sobre Gal\u00edpolo | Guia Comercial Avenida Faria Lima\",\"isPartOf\":{\"@id\":\"https:\\\/\\\/www.encontrajardins.com.br\\\/av-faria-lima\\\/#website\"},\"primaryImageOfPage\":{\"@id\":\"https:\\\/\\\/www.encontrajardins.com.br\\\/av-faria-lima\\\/faria-lima-foi-incendiada-por-pressao-de-alexandre-de-moraes-sobre-galipolo\\\/#primaryimage\"},\"image\":{\"@id\":\"https:\\\/\\\/www.encontrajardins.com.br\\\/av-faria-lima\\\/faria-lima-foi-incendiada-por-pressao-de-alexandre-de-moraes-sobre-galipolo\\\/#primaryimage\"},\"thumbnailUrl\":\"https:\\\/\\\/www.encontrajardins.com.br\\\/av-faria-lima\\\/wp-content\\\/uploads\\\/2025\\\/12\\\/faria-lima-foi-incendiada-por-pressao-de-alexandre-de-moraes-sobre-galipolo.webp\",\"datePublished\":\"2025-12-27T09:02:00+00:00\",\"author\":{\"@id\":\"https:\\\/\\\/www.encontrajardins.com.br\\\/av-faria-lima\\\/#\\\/schema\\\/person\\\/79badd2a12b75d685ad41dac082e5111\"},\"inLanguage\":\"pt-BR\",\"potentialAction\":[{\"@type\":\"ReadAction\",\"target\":[\"https:\\\/\\\/www.encontrajardins.com.br\\\/av-faria-lima\\\/faria-lima-foi-incendiada-por-pressao-de-alexandre-de-moraes-sobre-galipolo\\\/\"]}]},{\"@type\":\"ImageObject\",\"inLanguage\":\"pt-BR\",\"@id\":\"https:\\\/\\\/www.encontrajardins.com.br\\\/av-faria-lima\\\/faria-lima-foi-incendiada-por-pressao-de-alexandre-de-moraes-sobre-galipolo\\\/#primaryimage\",\"url\":\"https:\\\/\\\/www.encontrajardins.com.br\\\/av-faria-lima\\\/wp-content\\\/uploads\\\/2025\\\/12\\\/faria-lima-foi-incendiada-por-pressao-de-alexandre-de-moraes-sobre-galipolo.webp\",\"contentUrl\":\"https:\\\/\\\/www.encontrajardins.com.br\\\/av-faria-lima\\\/wp-content\\\/uploads\\\/2025\\\/12\\\/faria-lima-foi-incendiada-por-pressao-de-alexandre-de-moraes-sobre-galipolo.webp\",\"width\":320,\"height\":280,\"caption\":\"press\u00e3o de Alexandre de Moraes\"},{\"@type\":\"WebSite\",\"@id\":\"https:\\\/\\\/www.encontrajardins.com.br\\\/av-faria-lima\\\/#website\",\"url\":\"https:\\\/\\\/www.encontrajardins.com.br\\\/av-faria-lima\\\/\",\"name\":\"Guia Comercial Avenida Faria Lima\",\"description\":\"ENCONTRA AVENIDA FARIA LIMA - O guia comercial de neg\u00f3cios e empresas, cultura e divers\u00e3o na Avenida Faria Lima. Feito 100% para voc\u00ea morador!\",\"potentialAction\":[{\"@type\":\"SearchAction\",\"target\":{\"@type\":\"EntryPoint\",\"urlTemplate\":\"https:\\\/\\\/www.encontrajardins.com.br\\\/av-faria-lima\\\/?s={search_term_string}\"},\"query-input\":{\"@type\":\"PropertyValueSpecification\",\"valueRequired\":true,\"valueName\":\"search_term_string\"}}],\"inLanguage\":\"pt-BR\"},{\"@type\":\"Person\",\"@id\":\"https:\\\/\\\/www.encontrajardins.com.br\\\/av-faria-lima\\\/#\\\/schema\\\/person\\\/79badd2a12b75d685ad41dac082e5111\",\"name\":\"Encontra Avenida Faria Lima\",\"image\":{\"@type\":\"ImageObject\",\"inLanguage\":\"pt-BR\",\"@id\":\"https:\\\/\\\/www.encontrajardins.com.br\\\/av-faria-lima\\\/wp-content\\\/litespeed\\\/avatar\\\/e92a756db1fc224ef50d2f00ed0d047a.jpg?ver=1776988651\",\"url\":\"https:\\\/\\\/www.encontrajardins.com.br\\\/av-faria-lima\\\/wp-content\\\/litespeed\\\/avatar\\\/e92a756db1fc224ef50d2f00ed0d047a.jpg?ver=1776988651\",\"contentUrl\":\"https:\\\/\\\/www.encontrajardins.com.br\\\/av-faria-lima\\\/wp-content\\\/litespeed\\\/avatar\\\/e92a756db1fc224ef50d2f00ed0d047a.jpg?ver=1776988651\",\"caption\":\"Encontra Avenida Faria Lima\"},\"url\":\"https:\\\/\\\/www.encontrajardins.com.br\\\/av-faria-lima\\\/author\\\/av-faria-lima\\\/\"}]}<\/script>\n<!-- \/ Yoast SEO plugin. -->","yoast_head_json":{"title":"Faria Lima foi incendiada por press\u00e3o de Alexandre de Moraes sobre Gal\u00edpolo | Guia Comercial Avenida Faria Lima","robots":{"index":"index","follow":"follow","max-snippet":"max-snippet:-1","max-image-preview":"max-image-preview:large","max-video-preview":"max-video-preview:-1"},"canonical":"https:\/\/www.encontrajardins.com.br\/av-faria-lima\/faria-lima-foi-incendiada-por-pressao-de-alexandre-de-moraes-sobre-galipolo\/","og_locale":"pt_BR","og_type":"article","og_title":"Faria Lima foi incendiada por press\u00e3o de Alexandre de Moraes sobre Gal\u00edpolo | Guia Comercial Avenida Faria Lima","og_description":"Faria Lima foi alvo de press\u00e3o de Alexandre de Moraes sobre Gal\u00edpolo.","og_url":"https:\/\/www.encontrajardins.com.br\/av-faria-lima\/faria-lima-foi-incendiada-por-pressao-de-alexandre-de-moraes-sobre-galipolo\/","og_site_name":"Guia Comercial Avenida Faria Lima","article_published_time":"2025-12-27T09:02:00+00:00","og_image":[{"url":"https:\/\/www.encontrajardins.com.br\/av-faria-lima\/wp-content\/uploads\/2025\/12\/faria-lima-foi-incendiada-por-pressao-de-alexandre-de-moraes-sobre-galipolo.webp","type":"","width":"","height":""}],"author":"Encontra Avenida Faria Lima","twitter_card":"summary_large_image","twitter_misc":{"Escrito por":"Encontra Avenida Faria Lima","Est. tempo de leitura":"5 minutos"},"schema":{"@context":"https:\/\/schema.org","@graph":[{"@type":"Article","@id":"https:\/\/www.encontrajardins.com.br\/av-faria-lima\/faria-lima-foi-incendiada-por-pressao-de-alexandre-de-moraes-sobre-galipolo\/#article","isPartOf":{"@id":"https:\/\/www.encontrajardins.com.br\/av-faria-lima\/faria-lima-foi-incendiada-por-pressao-de-alexandre-de-moraes-sobre-galipolo\/"},"author":{"name":"Encontra Avenida Faria Lima","@id":"https:\/\/www.encontrajardins.com.br\/av-faria-lima\/#\/schema\/person\/79badd2a12b75d685ad41dac082e5111"},"headline":"Faria Lima foi incendiada por press\u00e3o de Alexandre de Moraes sobre Gal\u00edpolo","datePublished":"2025-12-27T09:02:00+00:00","mainEntityOfPage":{"@id":"https:\/\/www.encontrajardins.com.br\/av-faria-lima\/faria-lima-foi-incendiada-por-pressao-de-alexandre-de-moraes-sobre-galipolo\/"},"wordCount":1101,"commentCount":0,"image":{"@id":"https:\/\/www.encontrajardins.com.br\/av-faria-lima\/faria-lima-foi-incendiada-por-pressao-de-alexandre-de-moraes-sobre-galipolo\/#primaryimage"},"thumbnailUrl":"https:\/\/www.encontrajardins.com.br\/av-faria-lima\/wp-content\/uploads\/2025\/12\/faria-lima-foi-incendiada-por-pressao-de-alexandre-de-moraes-sobre-galipolo.webp","articleSection":["Not\u00edcias Avenida Faria Lima"],"inLanguage":"pt-BR","potentialAction":[{"@type":"CommentAction","name":"Comment","target":["https:\/\/www.encontrajardins.com.br\/av-faria-lima\/faria-lima-foi-incendiada-por-pressao-de-alexandre-de-moraes-sobre-galipolo\/#respond"]}]},{"@type":"WebPage","@id":"https:\/\/www.encontrajardins.com.br\/av-faria-lima\/faria-lima-foi-incendiada-por-pressao-de-alexandre-de-moraes-sobre-galipolo\/","url":"https:\/\/www.encontrajardins.com.br\/av-faria-lima\/faria-lima-foi-incendiada-por-pressao-de-alexandre-de-moraes-sobre-galipolo\/","name":"Faria Lima foi incendiada por press\u00e3o de Alexandre de Moraes sobre Gal\u00edpolo | Guia Comercial Avenida Faria Lima","isPartOf":{"@id":"https:\/\/www.encontrajardins.com.br\/av-faria-lima\/#website"},"primaryImageOfPage":{"@id":"https:\/\/www.encontrajardins.com.br\/av-faria-lima\/faria-lima-foi-incendiada-por-pressao-de-alexandre-de-moraes-sobre-galipolo\/#primaryimage"},"image":{"@id":"https:\/\/www.encontrajardins.com.br\/av-faria-lima\/faria-lima-foi-incendiada-por-pressao-de-alexandre-de-moraes-sobre-galipolo\/#primaryimage"},"thumbnailUrl":"https:\/\/www.encontrajardins.com.br\/av-faria-lima\/wp-content\/uploads\/2025\/12\/faria-lima-foi-incendiada-por-pressao-de-alexandre-de-moraes-sobre-galipolo.webp","datePublished":"2025-12-27T09:02:00+00:00","author":{"@id":"https:\/\/www.encontrajardins.com.br\/av-faria-lima\/#\/schema\/person\/79badd2a12b75d685ad41dac082e5111"},"inLanguage":"pt-BR","potentialAction":[{"@type":"ReadAction","target":["https:\/\/www.encontrajardins.com.br\/av-faria-lima\/faria-lima-foi-incendiada-por-pressao-de-alexandre-de-moraes-sobre-galipolo\/"]}]},{"@type":"ImageObject","inLanguage":"pt-BR","@id":"https:\/\/www.encontrajardins.com.br\/av-faria-lima\/faria-lima-foi-incendiada-por-pressao-de-alexandre-de-moraes-sobre-galipolo\/#primaryimage","url":"https:\/\/www.encontrajardins.com.br\/av-faria-lima\/wp-content\/uploads\/2025\/12\/faria-lima-foi-incendiada-por-pressao-de-alexandre-de-moraes-sobre-galipolo.webp","contentUrl":"https:\/\/www.encontrajardins.com.br\/av-faria-lima\/wp-content\/uploads\/2025\/12\/faria-lima-foi-incendiada-por-pressao-de-alexandre-de-moraes-sobre-galipolo.webp","width":320,"height":280,"caption":"press\u00e3o de Alexandre de Moraes"},{"@type":"WebSite","@id":"https:\/\/www.encontrajardins.com.br\/av-faria-lima\/#website","url":"https:\/\/www.encontrajardins.com.br\/av-faria-lima\/","name":"Guia Comercial Avenida Faria Lima","description":"ENCONTRA AVENIDA FARIA LIMA - O guia comercial de neg\u00f3cios e empresas, cultura e divers\u00e3o na Avenida Faria Lima. Feito 100% para voc\u00ea morador!","potentialAction":[{"@type":"SearchAction","target":{"@type":"EntryPoint","urlTemplate":"https:\/\/www.encontrajardins.com.br\/av-faria-lima\/?s={search_term_string}"},"query-input":{"@type":"PropertyValueSpecification","valueRequired":true,"valueName":"search_term_string"}}],"inLanguage":"pt-BR"},{"@type":"Person","@id":"https:\/\/www.encontrajardins.com.br\/av-faria-lima\/#\/schema\/person\/79badd2a12b75d685ad41dac082e5111","name":"Encontra Avenida Faria Lima","image":{"@type":"ImageObject","inLanguage":"pt-BR","@id":"https:\/\/www.encontrajardins.com.br\/av-faria-lima\/wp-content\/litespeed\/avatar\/e92a756db1fc224ef50d2f00ed0d047a.jpg?ver=1776988651","url":"https:\/\/www.encontrajardins.com.br\/av-faria-lima\/wp-content\/litespeed\/avatar\/e92a756db1fc224ef50d2f00ed0d047a.jpg?ver=1776988651","contentUrl":"https:\/\/www.encontrajardins.com.br\/av-faria-lima\/wp-content\/litespeed\/avatar\/e92a756db1fc224ef50d2f00ed0d047a.jpg?ver=1776988651","caption":"Encontra Avenida Faria Lima"},"url":"https:\/\/www.encontrajardins.com.br\/av-faria-lima\/author\/av-faria-lima\/"}]}},"_links":{"self":[{"href":"https:\/\/www.encontrajardins.com.br\/av-faria-lima\/wp-json\/wp\/v2\/posts\/4035","targetHints":{"allow":["GET"]}}],"collection":[{"href":"https:\/\/www.encontrajardins.com.br\/av-faria-lima\/wp-json\/wp\/v2\/posts"}],"about":[{"href":"https:\/\/www.encontrajardins.com.br\/av-faria-lima\/wp-json\/wp\/v2\/types\/post"}],"author":[{"embeddable":true,"href":"https:\/\/www.encontrajardins.com.br\/av-faria-lima\/wp-json\/wp\/v2\/users\/1"}],"replies":[{"embeddable":true,"href":"https:\/\/www.encontrajardins.com.br\/av-faria-lima\/wp-json\/wp\/v2\/comments?post=4035"}],"version-history":[{"count":0,"href":"https:\/\/www.encontrajardins.com.br\/av-faria-lima\/wp-json\/wp\/v2\/posts\/4035\/revisions"}],"wp:featuredmedia":[{"embeddable":true,"href":"https:\/\/www.encontrajardins.com.br\/av-faria-lima\/wp-json\/wp\/v2\/media\/4034"}],"wp:attachment":[{"href":"https:\/\/www.encontrajardins.com.br\/av-faria-lima\/wp-json\/wp\/v2\/media?parent=4035"}],"wp:term":[{"taxonomy":"category","embeddable":true,"href":"https:\/\/www.encontrajardins.com.br\/av-faria-lima\/wp-json\/wp\/v2\/categories?post=4035"},{"taxonomy":"post_tag","embeddable":true,"href":"https:\/\/www.encontrajardins.com.br\/av-faria-lima\/wp-json\/wp\/v2\/tags?post=4035"}],"curies":[{"name":"wp","href":"https:\/\/api.w.org\/{rel}","templated":true}]}}