{"id":4055,"date":"2026-01-03T11:46:45","date_gmt":"2026-01-03T14:46:45","guid":{"rendered":"https:\/\/www.encontrajardins.com.br\/av-faria-lima\/ele-quase-quebrou-mas-se-reergueu-ao-construir-a-baleia-na-faria-lima\/"},"modified":"2026-01-03T11:46:45","modified_gmt":"2026-01-03T14:46:45","slug":"ele-quase-quebrou-mas-se-reergueu-ao-construir-a-baleia-na-faria-lima","status":"publish","type":"post","link":"https:\/\/www.encontrajardins.com.br\/av-faria-lima\/ele-quase-quebrou-mas-se-reergueu-ao-construir-a-baleia-na-faria-lima\/","title":{"rendered":"Ele quase quebrou, mas se reergueu ao construir a Baleia, na Faria Lima"},"content":{"rendered":"<h2>O Desafio de Construir um \u00cdcone<\/h2>\n<p>A constru\u00e7\u00e3o de um \u00edcone arquitet\u00f4nico como a Baleia, localizada na Faria Lima, n\u00e3o se resume apenas \u00e0 execu\u00e7\u00e3o f\u00edsica de obras, mas envolve uma s\u00e9rie de desafios que v\u00e3o desde a aquisi\u00e7\u00e3o de terrenos at\u00e9 a supera\u00e7\u00e3o de regulamenta\u00e7\u00f5es urban\u00edsticas. Rafael Birmann, o idealizador deste projeto, se deparou com um dos maiores desafios logo no in\u00edcio: conseguir o terreno ideal. Para isso, ele precisou adquirir 35 casas, um trabalho meticuloso iniciado no final dos anos 1990.<\/p>\n<p>Essa tarefa n\u00e3o foi simples. Rafael enfrentou negocia\u00e7\u00f5es complexas, muitas vezes lidando com propriet\u00e1rios que tinham expectativas de pre\u00e7o muito diferentes do que ele estava disposto a pagar. A varia\u00e7\u00e3o de valores evidenciou a dificuldade n\u00e3o apenas em termos de custo, mas tamb\u00e9m nas negocia\u00e7\u00f5es que exigiram criatividade e persuas\u00e3o. Algumas pessoas estavam mais interessadas em permutas do que em dinheiro, complicando ainda mais o processo. A aquisi\u00e7\u00e3o de cada casa foi uma hist\u00f3ria \u00e0 parte, com hist\u00f3rias de trocas por viagens \u00e0 Disney, caminh\u00f5es e at\u00e9 apartamentos, revelando a complexidade do mercado imobili\u00e1rio e as singularidades da negocia\u00e7\u00e3o.<\/p>\n<p>Ap\u00f3s a acumula\u00e7\u00e3o do terreno, neste caso um total de 14 mil metros quadrados, Rafael partiu para a fase de planejamento e constru\u00e7\u00e3o. No entanto, aqui, novos desafios emergiram. Os tr\u00e2mites burocr\u00e1ticos foram muitas vezes desmascarados por entraves legais e outros impedimentos, resultando em um hiato significativo nas obras. Essas dificuldades, embora frustrantes, eram parte do jogo, testando a resili\u00eancia e a determina\u00e7\u00e3o de Birmann na realiza\u00e7\u00e3o do seu sonho.<\/p>\n<p><img decoding=\"async\" src=\"https:\/\/www.encontrajardins.com.br\/av-faria-lima\/wp-content\/uploads\/2026\/01\/ele-quase-quebrou-mas-se-reergueu-ao-construir-a-baleia-na-faria-lima.webp\" alt=\"constru\u00e7\u00e3o da Baleia\" loading=\"lazy\" \/><\/p>\n<h2>A Luta de Rafael Birmann<\/h2>\n<p>Rafael Birmann n\u00e3o \u00e9 apenas um empreendedor; ele \u00e9 um exemplo de resili\u00eancia em um mercado que pode ser implac\u00e1vel. A trajet\u00f3ria do B32, tamb\u00e9m conhecido como Baleia, revela muito sobre sua jornada pessoal e profissional. Antes de alcan\u00e7ar seu maior \u00edcone, Birmann j\u00e1 havia enfrentado uma crise financeira devastadora no in\u00edcio dos anos 2000. Essa crise, que custou cerca de US$ 300 milh\u00f5es, foi resultado de um planejamento excessivo que n\u00e3o considerou a nova realidade econ\u00f4mica e de financiamento naquele tempo.<\/p>\n<p>Birmann havia se aventurado em diversas aquisi\u00e7\u00f5es de terrenos, acreditando que o crescimento vertiginoso da Faria Lima atrairia investimentos que n\u00e3o se concretizaram na medida do esperado. Essa experi\u00eancia n\u00e3o apenas o deixou em uma posi\u00e7\u00e3o vulner\u00e1vel, mas o for\u00e7ou a reconsiderar suas estrat\u00e9gias de neg\u00f3cios e a maneira como ele lidava com os riscos de suas decis\u00f5es. Sempre um ousado inovador, Birmann teve que redobrar seus esfor\u00e7os, aprendendo rapidamente a import\u00e2ncia de ter uma abordagem mais realista e um planejamento cuidadoso.<\/p>\n<p>Essa luta, no entanto, n\u00e3o foi em v\u00e3o. A experi\u00eancia acumulada ao longo dos anos lhe deu valiosos aprendizados sobre gest\u00e3o de projetos e como navegar por ambientes adversos. Cada erro cometido transformou-se em uma li\u00e7\u00e3o, e cada fracasso pavimentou o caminho para suas futuras conquistas. O que poderia ser facilmente considerado um desastre, para Rafael, foi apenas um passo a mais em sua jornada para se tornar um dos mais reconhecidos empreendedores do setor imobili\u00e1rio brasileiro.<\/p>\n<h2>Financiamento e Crises: Superando Obst\u00e1culos<\/h2>\n<p>A supera\u00e7\u00e3o de obst\u00e1culos no fornecimento de recursos financeiros foi um dos grandes desafios que Birmann teve que enfrentar ao longo do caminho para a constru\u00e7\u00e3o da Baleia. Durante a crise de 2008, por exemplo, o acesso ao cr\u00e9dito se tornou quase imposs\u00edvel, complicando ainda mais o cen\u00e1rio. No entanto, em 2005, um parceiro estrat\u00e9gico emergiu: Ricardo Baptista, que trouxe uma solu\u00e7\u00e3o inovadora de financiamento. Baptista, ao conseguir um financiamento de 100% da obra pelo Bradesco, efetivamente transformou a realidade do projeto em tempo de incerteza econ\u00f4mica.<\/p>\n<p>O que parecia ser um pesadelo tornou-se uma oportunidade quando Birmann e Baptista uniram for\u00e7as. Aqui a lealdade e a confian\u00e7a m\u00fatua foram fundamentais; ap\u00f3s anos de tentativas frustradas, a habilidade de Baptista em acessar o capital necess\u00e1rio deu a Birmann o impulso que precisava para continuar. Essa parceria exemplificou como a integra\u00e7\u00e3o de esfor\u00e7os em momentos de crise pode gerar solu\u00e7\u00f5es inovadoras e extremamente eficazes.<\/p>\n<p>Birmann aprendeu a import\u00e2ncia de diversificar suas fontes de financiamento e a buscar parcerias estrat\u00e9gicas que pudessem oferecer apoio em tempos dif\u00edceis. Ele tamb\u00e9m percebeu que, mesmo em um cen\u00e1rio complicado, a comunica\u00e7\u00e3o aberta e a transpar\u00eancia com investidores e parceiros eram cruciais para manter a confian\u00e7a e o interesse no projeto. Isso permitiu que o B32 superasse obst\u00e1culos financeiros que, \u00e0 primeira vista, pareciam intranspon\u00edveis.<\/p>\n<h2>Os 20 Anos de Espera e Perseveran\u00e7a<\/h2>\n<p>A persist\u00eancia foi um dos pilares fundamentais da hist\u00f3ria da Baleia. Ap\u00f3s o in\u00edcio da constru\u00e7\u00e3o em 1998 e a compra do terreno, as obras enfrentaram um longo hiato devido \u00e0 necessidade de obter licen\u00e7as da Prefeitura de S\u00e3o Paulo e resolver disputas judiciais que se arrastaram por anos. Por in\u00fameras vezes, o sonho parecia distante e quase irrealiz\u00e1vel. No entanto, Birmann nunca perdeu a vis\u00e3o de criar um espa\u00e7o marcante que se tornaria um novo s\u00edmbolo de S\u00e3o Paulo.<\/p>\n<p>Oito anos ap\u00f3s a aquisi\u00e7\u00e3o do terreno, em 2007, o fundador do B32 estava pronto para dar mais um passo na idealiza\u00e7\u00e3o de seu projeto monumental, por\u00e9m os CEPACs (Certificados de Potencial Adicional de Constru\u00e7\u00e3o) introduziram novas dificuldades financeiras que exigiram ainda mais investimentos. Quando as quest\u00f5es com a gest\u00e3o do Grupo Zogbi se intensificaram e eventualmente resultaram na sa\u00edda do grupo da parceria antes da entrada da Partage, o progresso continuou atrav\u00e9s das flutua\u00e7\u00f5es do mercado imobili\u00e1rio.<\/p>\n<p>Pacientes e determinados, Birmann e sua equipe permanecem otimistas. Cada desafio que surgia parecia fortalecer ainda mais a determina\u00e7\u00e3o dele em concretizar a Baleia. Mesmo quando a constru\u00e7\u00e3o estava parada, as visualiza\u00e7\u00f5es do projeto foram aprimoradas, e novas ideias surgiram, proporcionando uma vis\u00e3o mais clara e mais robusta do que estava por vir. Essa capacidade de reposicionar estrat\u00e9gias e planos, mesmo diante de um longo tempo de espera, foi um ponto crucial na eventual constru\u00e7\u00e3o do que se tornaria um dos edif\u00edcios mais ic\u00f4nicos da Faria Lima.<\/p>\n<h2>O Impacto da Baleia na Faria Lima<\/h2>\n<p>A inaugura\u00e7\u00e3o do B32 n\u00e3o apenas simbolizou a vit\u00f3ria de Rafael Birmann, mas tamb\u00e9m representou um marco significativo para a Faria Lima e todo o ecossistema empresarial de S\u00e3o Paulo. O impacto desta constru\u00e7\u00e3o vai al\u00e9m das impressionantes dimens\u00f5es do edif\u00edcio; envolvem uma transforma\u00e7\u00e3o regional que trouxe mudan\u00e7as positivas para a economia, oportunidades de emprego e revitaliza\u00e7\u00e3o do entorno. A Baleia, com arquitetura singular e espa\u00e7o cultural, tornou-se um novo ponto de refer\u00eancia e um destino atrativo n\u00e3o apenas para empresas, mas tamb\u00e9m para a comunidade.<\/p>\n<p>O edif\u00edcio do B32, com seu design marcante e funcionalidade, atraiu uma nova onda de inova\u00e7\u00f5es e startups para a regi\u00e3o, incentivando a constru\u00e7\u00e3o de um ambiente colaborativo de neg\u00f3cios. Repleta de espa\u00e7os necess\u00e1rios para sediar empresas de tecnologia, servi\u00e7os criativos e institui\u00e7\u00f5es culturais, a Baleia propiciou um ambiente prop\u00edcio \u00e0 inova\u00e7\u00e3o e \u00e0 colabora\u00e7\u00e3o. O aluguel de metro quadrado, que flutua na m\u00e9dia de R$ 350, atesta o valor que empresas est\u00e3o dispostas a pagar para garantir um espa\u00e7o nesse \u00edcone.<\/p>\n<p>Al\u00e9m disso, a presen\u00e7a de um teatro com capacidade para 500 pessoas e a pra\u00e7a p\u00fablica com a escultura met\u00e1lica de uma baleia, desenhada por um artista, tornaram a Baleia um ponto de encontros sociais e culturais na cidade. Essa conflu\u00eancia de atratividade para os neg\u00f3cios e para a vida social elevou a Faria Lima a um n\u00edvel ainda mais alto de prest\u00edgio no cen\u00e1rio paulistano. O impacto desta constru\u00e7\u00e3o n\u00e3o pode ser subestimado, pois ela elevou o status da \u00e1rea e refor\u00e7ou sua posi\u00e7\u00e3o como um dos centros financeiros mais importantes da cidade.<\/p>\n<h2>Como A Baleia Mudou o Mercado Imobili\u00e1rio<\/h2>\n<p>A Baleia n\u00e3o \u00e9 apenas uma constru\u00e7\u00e3o extraordin\u00e1ria; ela modificou o panorama do mercado imobili\u00e1rio paulistano. Sua arquitetura arrojada e proposta inovadora desafiou normas e padr\u00f5es que existiam h\u00e1 muito tempo. O conceito de integrar espa\u00e7os de trabalho com \u00e1reas culturais foi uma das inova\u00e7\u00f5es introduzidas, mostrando que espa\u00e7os comerciais podem, sim, ser capazes de cultivar experi\u00eancias de qualidade para os usu\u00e1rios.<\/p>\n<p>Al\u00e9m disso, a Baleia estabeleceu um novo modelo de investimentos no mercado imobili\u00e1rio, ao apresentar uma abordagem que foca em criar valor para a comunidade, ao inv\u00e9s de simplesmente maximizar lucros. Essa mudan\u00e7a de foco modificou a forma como muitos investidores e desenvolvedores enxergam seus projetos e a responsabilidade que possuem frente ao meio social e ambiental. Esta vis\u00e3o mais hol\u00edstica e socialmente respons\u00e1vel do desenvolvimento urbano est\u00e1 crescendo em popularidade e tem levado a um aumento no interesse em pr\u00e1ticas de constru\u00e7\u00e3o sustent\u00e1vel;<\/p>\n<p>sendo a Baleia um exemplo emblem\u00e1tico desse movimento, destacando-se por seu compromisso com a responsabilidade social e ambiental. Com uma pegada ecol\u00f3gica mais leve e um design criativo, terrenos que est\u00e3o sendo desenvolvidos hoje frequentemente servem como ponto de partida para implanta\u00e7\u00f5es de iniciativas sustent\u00e1veis .<\/p>\n<h2>Aprendizados de um Empreendedor<\/h2>\n<p>A trajet\u00f3ria de Rafael Birmann em torno da constru\u00e7\u00e3o da Baleia oferece n\u00e3o apenas inspiradoras li\u00e7\u00f5es sobre perseveran\u00e7a, mas tamb\u00e9m sobre a import\u00e2ncia das parcerias estrat\u00e9gicas e do aprendizado cont\u00ednuo. Um dos principais aprendizados de sua experi\u00eancia foi a relev\u00e2ncia de estar aberto para aprender com seus erros e experiencias passadas. Birmann transformou fracassos em oportunidades de aprendizado, permitindo que isso moldasse sua carreira e o levasse a um sucesso significativo.<\/p>\n<p>A constru\u00e7\u00e3o da Baleia tamb\u00e9m enfatiza a import\u00e2ncia de ter uma vis\u00e3o clara e um prop\u00f3sito. Atrav\u00e9s de sua determina\u00e7\u00e3o e vis\u00e3o a longo prazo, Birmann foi capaz de superar os obst\u00e1culos que se apresentaram e manter a equipe motivada \u2014 um elemento fundamental para o sucesso em qualquer projeto. Este esp\u00edrito de lideran\u00e7a e vis\u00e3o \u00e9 crucial para qualquer empreendedor que busca realizar um projeto de tal magnitude.<\/p>\n<p>Outro aprendizado valioso foi a habilidade de se adaptar. Esta caracter\u00edstica se tornou um tra\u00e7o distintivo em Birmann, que foi capaz de moldar seu planejado original e ajustar sua abordagem, conforme os desafios surgiam. Ele soube aproveitar as situa\u00e7\u00f5es dif\u00edceis para criar solu\u00e7\u00f5es inovadoras, transformando situa\u00e7\u00f5es complicadas em plataformas de crescimento e evolu\u00e7\u00e3o.<\/p>\n<h2>A Vis\u00e3o por tr\u00e1s do B32<\/h2>\n<p>A vis\u00e3o por tr\u00e1s do B32 vai muito al\u00e9m de simplesmente criar um espa\u00e7o de escrit\u00f3rios. Rafael Birmann criou um ambiente que promove a intera\u00e7\u00e3o e colabora\u00e7\u00e3o m\u00fatua, permitindo que diferentes profiss\u00f5es encontrem um espa\u00e7o para coexistir. Esta filosofia est\u00e1 centrada na cren\u00e7a de que a criatividade e a inova\u00e7\u00e3o prosperam em ambientes que incentivam a troca de ideias e a forma\u00e7\u00e3o de parcerias. Birmann e sua equipe se esfor\u00e7aram para projetar um edif\u00edcio que n\u00e3o s\u00f3 atendesse \u00e0s necessidades funcionais de empresas, mas tamb\u00e9m proporcionasse um espa\u00e7o para o desenvolvimento social e cultural da \u00e1rea.<\/p>\n<p>O design da Baleia foi pensado para ser um reflexo da modernidade e da inova\u00e7\u00e3o, com uma est\u00e9tica que chama aten\u00e7\u00e3o e que foi concebida para criar um forte impacto visual. Uma estrat\u00e9gia inteligente de marketing e branding transformou a identidade da Baleia em um s\u00edmbolo da modernidade e da vanguarda em S\u00e3o Paulo, atraindo tanto empresas quanto visitantes. A abordagem vision\u00e1ria de Birmann durante todo o processo de constru\u00e7\u00e3o \u00e9 um testemunho do que pode ser realizado quando um empreendedor tem um sonho claro e um compromisso s\u00e9rio com sua execu\u00e7\u00e3o.<\/p>\n<h2>O Papel do Investimento Estrangeiro<\/h2>\n<p>O investimento estrangeiro teve um papel significativo na transforma\u00e7\u00e3o da Baleia em um projeto de sucesso. Como parte do crescimento cont\u00ednuo do mercado imobili\u00e1rio em S\u00e3o Paulo, os investidores internacionais despertaram para as oportunidades oferecidas pela regi\u00e3o da Faria Lima. O interesse pelo B32 foi impulsionado pelo crescente potencial da \u00e1rea, que, ao longo dos anos, se mostrou como um lugar atrativo para novos empreendimentos e neg\u00f3cios.<\/p>\n<p>O investimento estrangeiro representa uma fonte valiosa de capital que ajudou Birmann a diversificar suas fontes de financiamento e desenvolver uma rede de parcerias globais. A entrada de dinheiro estrangeiro n\u00e3o apenas trouxe confian\u00e7a ao projeto, mas tamb\u00e9m garantiu que as pr\u00e1ticas e inova\u00e7\u00f5es que vinham de fora fossem adotadas e integradas ao projeto, proporcionando ao B32 uma abordagem ainda mais contempor\u00e2nea ao desenvolvimento imobili\u00e1rio.<\/p>\n<p>Os fundos estrangeiros n\u00e3o s\u00f3 facilitaram o financiamento da obra, mas tamb\u00e9m ampliaram a forma como o projeto foi concebido. Isso trouxe um olhar mais diversificado que incorporou diferentes influ\u00eancias culturais e comerciais, resultando em um espa\u00e7o mais adaptado \u00e0 nova era da colabora\u00e7\u00e3o e intera\u00e7\u00e3o no trabalho. Portanto, a atra\u00e7\u00e3o e reten\u00e7\u00e3o de investimento estrangeiro se mostraram essenciais para a realiza\u00e7\u00e3o do sonho de Birmann e sua equipe, transformando a Baleia em um s\u00edmbolo da prosperidade e inova\u00e7\u00e3o na Faria Lima.<\/p>\n<h2>Futuro e Novas Oportunidades na Faria Lima<\/h2>\n<p>O futuro da Faria Lima parece brilhante, especialmente com o sucesso da Baleia projetando novas oportunidades na regi\u00e3o. Com uma infraestrutura aprimorada, novos investimentos e um crescente interesse em projetos sustent\u00e1veis, a \u00e1rea est\u00e1 se tornando cada vez mais atraente para empresas e novos empreendedores. A vis\u00e3o de espa\u00e7o compartilhado de Birmann em sua concep\u00e7\u00e3o para a Baleia se tornar\u00e1 uma tend\u00eancia ainda maior com o crescimento do mercado, \u00e0 medida que cada vez mais organiza\u00e7\u00f5es buscam n\u00e3o apenas um espa\u00e7o f\u00edsico, mas um ambiente que fomente a criatividade e a colabora\u00e7\u00e3o.<\/p>\n<p>Al\u00e9m disso, o avan\u00e7o das tecnologias digitais e das mudan\u00e7as nas din\u00e2micas de trabalho, especialmente ap\u00f3s a pandemia, revela que o conceito de trabalho evoluir\u00e1, trazendo novas maneiras de conectar equipes e setores. A Baleia se posiciona como um elemento-chave nesse novo ecossistema, representando um espa\u00e7o que pode se adaptar e oferecer solu\u00e7\u00f5es inovadoras para organiza\u00e7\u00f5es que quebram barreiras tradicionais.<\/p>\n<p>O que agora se desenha claramente \u00e9 uma nova era para Faria Lima, onde o foco em desenvolvimento de comunidades empresariais colaborativas e o investimento em espa\u00e7os que promovem interatividade se tornam cada vez mais uma prioridade. O legado legado deixado pela Baleia deve continuar a inspirar novas gera\u00e7\u00f5es de empreendedores e inovadores, estabelecendo um padr\u00e3o de excel\u00eancia para o futuro da arquitetura e do urbanismo em S\u00e3o Paulo.<\/p>\n","protected":false},"excerpt":{"rendered":"<p>Rafael Birmann revela como superou desafios na constru\u00e7\u00e3o da Baleia.<\/p>\n","protected":false},"author":1,"featured_media":4054,"comment_status":"open","ping_status":"open","sticky":false,"template":"","format":"standard","meta":{"footnotes":""},"categories":[5],"tags":[],"class_list":["post-4055","post","type-post","status-publish","format-standard","has-post-thumbnail","hentry","category-noticias","has_thumb"],"yoast_head":"<!-- This site is optimized with the Yoast SEO plugin v27.4 - https:\/\/yoast.com\/product\/yoast-seo-wordpress\/ -->\n<title>Ele quase quebrou, mas se reergueu ao construir a Baleia, na Faria Lima | Guia Comercial Avenida Faria Lima<\/title>\n<meta name=\"robots\" content=\"index, follow, max-snippet:-1, max-image-preview:large, max-video-preview:-1\" \/>\n<link rel=\"canonical\" href=\"https:\/\/www.encontrajardins.com.br\/av-faria-lima\/ele-quase-quebrou-mas-se-reergueu-ao-construir-a-baleia-na-faria-lima\/\" \/>\n<meta property=\"og:locale\" content=\"pt_BR\" \/>\n<meta property=\"og:type\" content=\"article\" \/>\n<meta property=\"og:title\" content=\"Ele quase quebrou, mas se reergueu ao construir a Baleia, na Faria Lima | Guia Comercial Avenida Faria Lima\" \/>\n<meta property=\"og:description\" content=\"Rafael Birmann revela como superou desafios na constru\u00e7\u00e3o da Baleia.\" \/>\n<meta property=\"og:url\" content=\"https:\/\/www.encontrajardins.com.br\/av-faria-lima\/ele-quase-quebrou-mas-se-reergueu-ao-construir-a-baleia-na-faria-lima\/\" \/>\n<meta property=\"og:site_name\" content=\"Guia Comercial Avenida Faria Lima\" \/>\n<meta property=\"article:published_time\" content=\"2026-01-03T14:46:45+00:00\" \/>\n<meta property=\"og:image\" content=\"https:\/\/www.encontrajardins.com.br\/av-faria-lima\/wp-content\/uploads\/2026\/01\/ele-quase-quebrou-mas-se-reergueu-ao-construir-a-baleia-na-faria-lima.webp\" \/>\n<meta name=\"author\" content=\"Encontra Avenida Faria Lima\" \/>\n<meta name=\"twitter:card\" content=\"summary_large_image\" \/>\n<meta name=\"twitter:label1\" content=\"Escrito por\" \/>\n\t<meta name=\"twitter:data1\" content=\"Encontra Avenida Faria Lima\" \/>\n\t<meta name=\"twitter:label2\" content=\"Est. tempo de leitura\" \/>\n\t<meta name=\"twitter:data2\" content=\"13 minutos\" \/>\n<script type=\"application\/ld+json\" class=\"yoast-schema-graph\">{\"@context\":\"https:\\\/\\\/schema.org\",\"@graph\":[{\"@type\":\"Article\",\"@id\":\"https:\\\/\\\/www.encontrajardins.com.br\\\/av-faria-lima\\\/ele-quase-quebrou-mas-se-reergueu-ao-construir-a-baleia-na-faria-lima\\\/#article\",\"isPartOf\":{\"@id\":\"https:\\\/\\\/www.encontrajardins.com.br\\\/av-faria-lima\\\/ele-quase-quebrou-mas-se-reergueu-ao-construir-a-baleia-na-faria-lima\\\/\"},\"author\":{\"name\":\"Encontra Avenida Faria Lima\",\"@id\":\"https:\\\/\\\/www.encontrajardins.com.br\\\/av-faria-lima\\\/#\\\/schema\\\/person\\\/79badd2a12b75d685ad41dac082e5111\"},\"headline\":\"Ele quase quebrou, mas se reergueu ao construir a Baleia, na Faria Lima\",\"datePublished\":\"2026-01-03T14:46:45+00:00\",\"mainEntityOfPage\":{\"@id\":\"https:\\\/\\\/www.encontrajardins.com.br\\\/av-faria-lima\\\/ele-quase-quebrou-mas-se-reergueu-ao-construir-a-baleia-na-faria-lima\\\/\"},\"wordCount\":2566,\"commentCount\":0,\"image\":{\"@id\":\"https:\\\/\\\/www.encontrajardins.com.br\\\/av-faria-lima\\\/ele-quase-quebrou-mas-se-reergueu-ao-construir-a-baleia-na-faria-lima\\\/#primaryimage\"},\"thumbnailUrl\":\"https:\\\/\\\/www.encontrajardins.com.br\\\/av-faria-lima\\\/wp-content\\\/uploads\\\/2026\\\/01\\\/ele-quase-quebrou-mas-se-reergueu-ao-construir-a-baleia-na-faria-lima.webp\",\"articleSection\":[\"Not\u00edcias Avenida Faria Lima\"],\"inLanguage\":\"pt-BR\",\"potentialAction\":[{\"@type\":\"CommentAction\",\"name\":\"Comment\",\"target\":[\"https:\\\/\\\/www.encontrajardins.com.br\\\/av-faria-lima\\\/ele-quase-quebrou-mas-se-reergueu-ao-construir-a-baleia-na-faria-lima\\\/#respond\"]}]},{\"@type\":\"WebPage\",\"@id\":\"https:\\\/\\\/www.encontrajardins.com.br\\\/av-faria-lima\\\/ele-quase-quebrou-mas-se-reergueu-ao-construir-a-baleia-na-faria-lima\\\/\",\"url\":\"https:\\\/\\\/www.encontrajardins.com.br\\\/av-faria-lima\\\/ele-quase-quebrou-mas-se-reergueu-ao-construir-a-baleia-na-faria-lima\\\/\",\"name\":\"Ele quase quebrou, mas se reergueu ao construir a Baleia, na Faria Lima | Guia Comercial Avenida Faria Lima\",\"isPartOf\":{\"@id\":\"https:\\\/\\\/www.encontrajardins.com.br\\\/av-faria-lima\\\/#website\"},\"primaryImageOfPage\":{\"@id\":\"https:\\\/\\\/www.encontrajardins.com.br\\\/av-faria-lima\\\/ele-quase-quebrou-mas-se-reergueu-ao-construir-a-baleia-na-faria-lima\\\/#primaryimage\"},\"image\":{\"@id\":\"https:\\\/\\\/www.encontrajardins.com.br\\\/av-faria-lima\\\/ele-quase-quebrou-mas-se-reergueu-ao-construir-a-baleia-na-faria-lima\\\/#primaryimage\"},\"thumbnailUrl\":\"https:\\\/\\\/www.encontrajardins.com.br\\\/av-faria-lima\\\/wp-content\\\/uploads\\\/2026\\\/01\\\/ele-quase-quebrou-mas-se-reergueu-ao-construir-a-baleia-na-faria-lima.webp\",\"datePublished\":\"2026-01-03T14:46:45+00:00\",\"author\":{\"@id\":\"https:\\\/\\\/www.encontrajardins.com.br\\\/av-faria-lima\\\/#\\\/schema\\\/person\\\/79badd2a12b75d685ad41dac082e5111\"},\"inLanguage\":\"pt-BR\",\"potentialAction\":[{\"@type\":\"ReadAction\",\"target\":[\"https:\\\/\\\/www.encontrajardins.com.br\\\/av-faria-lima\\\/ele-quase-quebrou-mas-se-reergueu-ao-construir-a-baleia-na-faria-lima\\\/\"]}]},{\"@type\":\"ImageObject\",\"inLanguage\":\"pt-BR\",\"@id\":\"https:\\\/\\\/www.encontrajardins.com.br\\\/av-faria-lima\\\/ele-quase-quebrou-mas-se-reergueu-ao-construir-a-baleia-na-faria-lima\\\/#primaryimage\",\"url\":\"https:\\\/\\\/www.encontrajardins.com.br\\\/av-faria-lima\\\/wp-content\\\/uploads\\\/2026\\\/01\\\/ele-quase-quebrou-mas-se-reergueu-ao-construir-a-baleia-na-faria-lima.webp\",\"contentUrl\":\"https:\\\/\\\/www.encontrajardins.com.br\\\/av-faria-lima\\\/wp-content\\\/uploads\\\/2026\\\/01\\\/ele-quase-quebrou-mas-se-reergueu-ao-construir-a-baleia-na-faria-lima.webp\",\"width\":320,\"height\":280,\"caption\":\"constru\u00e7\u00e3o da Baleia\"},{\"@type\":\"WebSite\",\"@id\":\"https:\\\/\\\/www.encontrajardins.com.br\\\/av-faria-lima\\\/#website\",\"url\":\"https:\\\/\\\/www.encontrajardins.com.br\\\/av-faria-lima\\\/\",\"name\":\"Guia Comercial Avenida Faria Lima\",\"description\":\"ENCONTRA AVENIDA FARIA LIMA - O guia comercial de neg\u00f3cios e empresas, cultura e divers\u00e3o na Avenida Faria Lima. Feito 100% para voc\u00ea morador!\",\"potentialAction\":[{\"@type\":\"SearchAction\",\"target\":{\"@type\":\"EntryPoint\",\"urlTemplate\":\"https:\\\/\\\/www.encontrajardins.com.br\\\/av-faria-lima\\\/?s={search_term_string}\"},\"query-input\":{\"@type\":\"PropertyValueSpecification\",\"valueRequired\":true,\"valueName\":\"search_term_string\"}}],\"inLanguage\":\"pt-BR\"},{\"@type\":\"Person\",\"@id\":\"https:\\\/\\\/www.encontrajardins.com.br\\\/av-faria-lima\\\/#\\\/schema\\\/person\\\/79badd2a12b75d685ad41dac082e5111\",\"name\":\"Encontra Avenida Faria Lima\",\"image\":{\"@type\":\"ImageObject\",\"inLanguage\":\"pt-BR\",\"@id\":\"https:\\\/\\\/www.encontrajardins.com.br\\\/av-faria-lima\\\/wp-content\\\/litespeed\\\/avatar\\\/e92a756db1fc224ef50d2f00ed0d047a.jpg?ver=1776988651\",\"url\":\"https:\\\/\\\/www.encontrajardins.com.br\\\/av-faria-lima\\\/wp-content\\\/litespeed\\\/avatar\\\/e92a756db1fc224ef50d2f00ed0d047a.jpg?ver=1776988651\",\"contentUrl\":\"https:\\\/\\\/www.encontrajardins.com.br\\\/av-faria-lima\\\/wp-content\\\/litespeed\\\/avatar\\\/e92a756db1fc224ef50d2f00ed0d047a.jpg?ver=1776988651\",\"caption\":\"Encontra Avenida Faria Lima\"},\"url\":\"https:\\\/\\\/www.encontrajardins.com.br\\\/av-faria-lima\\\/author\\\/av-faria-lima\\\/\"}]}<\/script>\n<!-- \/ Yoast SEO plugin. -->","yoast_head_json":{"title":"Ele quase quebrou, mas se reergueu ao construir a Baleia, na Faria Lima | Guia Comercial Avenida Faria Lima","robots":{"index":"index","follow":"follow","max-snippet":"max-snippet:-1","max-image-preview":"max-image-preview:large","max-video-preview":"max-video-preview:-1"},"canonical":"https:\/\/www.encontrajardins.com.br\/av-faria-lima\/ele-quase-quebrou-mas-se-reergueu-ao-construir-a-baleia-na-faria-lima\/","og_locale":"pt_BR","og_type":"article","og_title":"Ele quase quebrou, mas se reergueu ao construir a Baleia, na Faria Lima | Guia Comercial Avenida Faria Lima","og_description":"Rafael Birmann revela como superou desafios na constru\u00e7\u00e3o da Baleia.","og_url":"https:\/\/www.encontrajardins.com.br\/av-faria-lima\/ele-quase-quebrou-mas-se-reergueu-ao-construir-a-baleia-na-faria-lima\/","og_site_name":"Guia Comercial Avenida Faria Lima","article_published_time":"2026-01-03T14:46:45+00:00","og_image":[{"url":"https:\/\/www.encontrajardins.com.br\/av-faria-lima\/wp-content\/uploads\/2026\/01\/ele-quase-quebrou-mas-se-reergueu-ao-construir-a-baleia-na-faria-lima.webp","type":"","width":"","height":""}],"author":"Encontra Avenida Faria Lima","twitter_card":"summary_large_image","twitter_misc":{"Escrito por":"Encontra Avenida Faria Lima","Est. tempo de leitura":"13 minutos"},"schema":{"@context":"https:\/\/schema.org","@graph":[{"@type":"Article","@id":"https:\/\/www.encontrajardins.com.br\/av-faria-lima\/ele-quase-quebrou-mas-se-reergueu-ao-construir-a-baleia-na-faria-lima\/#article","isPartOf":{"@id":"https:\/\/www.encontrajardins.com.br\/av-faria-lima\/ele-quase-quebrou-mas-se-reergueu-ao-construir-a-baleia-na-faria-lima\/"},"author":{"name":"Encontra Avenida Faria Lima","@id":"https:\/\/www.encontrajardins.com.br\/av-faria-lima\/#\/schema\/person\/79badd2a12b75d685ad41dac082e5111"},"headline":"Ele quase quebrou, mas se reergueu ao construir a Baleia, na Faria Lima","datePublished":"2026-01-03T14:46:45+00:00","mainEntityOfPage":{"@id":"https:\/\/www.encontrajardins.com.br\/av-faria-lima\/ele-quase-quebrou-mas-se-reergueu-ao-construir-a-baleia-na-faria-lima\/"},"wordCount":2566,"commentCount":0,"image":{"@id":"https:\/\/www.encontrajardins.com.br\/av-faria-lima\/ele-quase-quebrou-mas-se-reergueu-ao-construir-a-baleia-na-faria-lima\/#primaryimage"},"thumbnailUrl":"https:\/\/www.encontrajardins.com.br\/av-faria-lima\/wp-content\/uploads\/2026\/01\/ele-quase-quebrou-mas-se-reergueu-ao-construir-a-baleia-na-faria-lima.webp","articleSection":["Not\u00edcias Avenida Faria Lima"],"inLanguage":"pt-BR","potentialAction":[{"@type":"CommentAction","name":"Comment","target":["https:\/\/www.encontrajardins.com.br\/av-faria-lima\/ele-quase-quebrou-mas-se-reergueu-ao-construir-a-baleia-na-faria-lima\/#respond"]}]},{"@type":"WebPage","@id":"https:\/\/www.encontrajardins.com.br\/av-faria-lima\/ele-quase-quebrou-mas-se-reergueu-ao-construir-a-baleia-na-faria-lima\/","url":"https:\/\/www.encontrajardins.com.br\/av-faria-lima\/ele-quase-quebrou-mas-se-reergueu-ao-construir-a-baleia-na-faria-lima\/","name":"Ele quase quebrou, mas se reergueu ao construir a Baleia, na Faria Lima | Guia Comercial Avenida Faria Lima","isPartOf":{"@id":"https:\/\/www.encontrajardins.com.br\/av-faria-lima\/#website"},"primaryImageOfPage":{"@id":"https:\/\/www.encontrajardins.com.br\/av-faria-lima\/ele-quase-quebrou-mas-se-reergueu-ao-construir-a-baleia-na-faria-lima\/#primaryimage"},"image":{"@id":"https:\/\/www.encontrajardins.com.br\/av-faria-lima\/ele-quase-quebrou-mas-se-reergueu-ao-construir-a-baleia-na-faria-lima\/#primaryimage"},"thumbnailUrl":"https:\/\/www.encontrajardins.com.br\/av-faria-lima\/wp-content\/uploads\/2026\/01\/ele-quase-quebrou-mas-se-reergueu-ao-construir-a-baleia-na-faria-lima.webp","datePublished":"2026-01-03T14:46:45+00:00","author":{"@id":"https:\/\/www.encontrajardins.com.br\/av-faria-lima\/#\/schema\/person\/79badd2a12b75d685ad41dac082e5111"},"inLanguage":"pt-BR","potentialAction":[{"@type":"ReadAction","target":["https:\/\/www.encontrajardins.com.br\/av-faria-lima\/ele-quase-quebrou-mas-se-reergueu-ao-construir-a-baleia-na-faria-lima\/"]}]},{"@type":"ImageObject","inLanguage":"pt-BR","@id":"https:\/\/www.encontrajardins.com.br\/av-faria-lima\/ele-quase-quebrou-mas-se-reergueu-ao-construir-a-baleia-na-faria-lima\/#primaryimage","url":"https:\/\/www.encontrajardins.com.br\/av-faria-lima\/wp-content\/uploads\/2026\/01\/ele-quase-quebrou-mas-se-reergueu-ao-construir-a-baleia-na-faria-lima.webp","contentUrl":"https:\/\/www.encontrajardins.com.br\/av-faria-lima\/wp-content\/uploads\/2026\/01\/ele-quase-quebrou-mas-se-reergueu-ao-construir-a-baleia-na-faria-lima.webp","width":320,"height":280,"caption":"constru\u00e7\u00e3o da Baleia"},{"@type":"WebSite","@id":"https:\/\/www.encontrajardins.com.br\/av-faria-lima\/#website","url":"https:\/\/www.encontrajardins.com.br\/av-faria-lima\/","name":"Guia Comercial Avenida Faria Lima","description":"ENCONTRA AVENIDA FARIA LIMA - O guia comercial de neg\u00f3cios e empresas, cultura e divers\u00e3o na Avenida Faria Lima. Feito 100% para voc\u00ea morador!","potentialAction":[{"@type":"SearchAction","target":{"@type":"EntryPoint","urlTemplate":"https:\/\/www.encontrajardins.com.br\/av-faria-lima\/?s={search_term_string}"},"query-input":{"@type":"PropertyValueSpecification","valueRequired":true,"valueName":"search_term_string"}}],"inLanguage":"pt-BR"},{"@type":"Person","@id":"https:\/\/www.encontrajardins.com.br\/av-faria-lima\/#\/schema\/person\/79badd2a12b75d685ad41dac082e5111","name":"Encontra Avenida Faria Lima","image":{"@type":"ImageObject","inLanguage":"pt-BR","@id":"https:\/\/www.encontrajardins.com.br\/av-faria-lima\/wp-content\/litespeed\/avatar\/e92a756db1fc224ef50d2f00ed0d047a.jpg?ver=1776988651","url":"https:\/\/www.encontrajardins.com.br\/av-faria-lima\/wp-content\/litespeed\/avatar\/e92a756db1fc224ef50d2f00ed0d047a.jpg?ver=1776988651","contentUrl":"https:\/\/www.encontrajardins.com.br\/av-faria-lima\/wp-content\/litespeed\/avatar\/e92a756db1fc224ef50d2f00ed0d047a.jpg?ver=1776988651","caption":"Encontra Avenida Faria Lima"},"url":"https:\/\/www.encontrajardins.com.br\/av-faria-lima\/author\/av-faria-lima\/"}]}},"_links":{"self":[{"href":"https:\/\/www.encontrajardins.com.br\/av-faria-lima\/wp-json\/wp\/v2\/posts\/4055","targetHints":{"allow":["GET"]}}],"collection":[{"href":"https:\/\/www.encontrajardins.com.br\/av-faria-lima\/wp-json\/wp\/v2\/posts"}],"about":[{"href":"https:\/\/www.encontrajardins.com.br\/av-faria-lima\/wp-json\/wp\/v2\/types\/post"}],"author":[{"embeddable":true,"href":"https:\/\/www.encontrajardins.com.br\/av-faria-lima\/wp-json\/wp\/v2\/users\/1"}],"replies":[{"embeddable":true,"href":"https:\/\/www.encontrajardins.com.br\/av-faria-lima\/wp-json\/wp\/v2\/comments?post=4055"}],"version-history":[{"count":0,"href":"https:\/\/www.encontrajardins.com.br\/av-faria-lima\/wp-json\/wp\/v2\/posts\/4055\/revisions"}],"wp:featuredmedia":[{"embeddable":true,"href":"https:\/\/www.encontrajardins.com.br\/av-faria-lima\/wp-json\/wp\/v2\/media\/4054"}],"wp:attachment":[{"href":"https:\/\/www.encontrajardins.com.br\/av-faria-lima\/wp-json\/wp\/v2\/media?parent=4055"}],"wp:term":[{"taxonomy":"category","embeddable":true,"href":"https:\/\/www.encontrajardins.com.br\/av-faria-lima\/wp-json\/wp\/v2\/categories?post=4055"},{"taxonomy":"post_tag","embeddable":true,"href":"https:\/\/www.encontrajardins.com.br\/av-faria-lima\/wp-json\/wp\/v2\/tags?post=4055"}],"curies":[{"name":"wp","href":"https:\/\/api.w.org\/{rel}","templated":true}]}}