{"id":4075,"date":"2026-01-06T15:54:34","date_gmt":"2026-01-06T18:54:34","guid":{"rendered":"https:\/\/www.encontrajardins.com.br\/av-faria-lima\/aos-seis-meses-de-gestacao-soprano-carla-cottini-protagoniza-dois-intermezzos-comicos-na-estreia-da-companhia-brasileira-de-opera-de-camara-no-teatro-b32\/"},"modified":"2026-01-06T15:54:34","modified_gmt":"2026-01-06T18:54:34","slug":"aos-seis-meses-de-gestacao-soprano-carla-cottini-protagoniza-dois-intermezzos-comicos-na-estreia-da-companhia-brasileira-de-opera-de-camara-no-teatro-b32","status":"publish","type":"post","link":"https:\/\/www.encontrajardins.com.br\/av-faria-lima\/aos-seis-meses-de-gestacao-soprano-carla-cottini-protagoniza-dois-intermezzos-comicos-na-estreia-da-companhia-brasileira-de-opera-de-camara-no-teatro-b32\/","title":{"rendered":"Aos seis meses de gesta\u00e7\u00e3o, soprano Carla Cottini protagoniza dois intermezzos c\u00f4micos na estreia da Companhia Brasileira de \u00d3pera de C\u00e2mara no Teatro B32!"},"content":{"rendered":"<h2>O Impacto da Gravidez na Carreira de Carla Cottini<\/h2>\n<p>A gravidez \u00e9 um per\u00edodo transformador na vida de uma mulher, trazendo mudan\u00e7as f\u00edsicas e emocionais que podem impactar profundamente suas atividades di\u00e1rias, especialmente quando se trata de uma profiss\u00e3o t\u00e3o exigente como a de uma soprano. No caso de Carla Cottini, sua gest\u00e3o de carreira durante a gravidez \u00e9 not\u00e1vel e inspiradora. Ao contar com o apoio da Companhia Brasileira de \u00d3pera de C\u00e2mara, ela consegue equilibrar a maternidade e a arte de maneira harmoniosa.<\/p>\n<p>Durante sua gesta\u00e7\u00e3o, Carla n\u00e3o apenas continuou a se apresentar, como tamb\u00e9m assumiu pap\u00e9is desafiadores em produ\u00e7\u00f5es de \u00f3pera. Essa determina\u00e7\u00e3o demonstra sua paix\u00e3o pela m\u00fasica e a habilidade de superar obst\u00e1culos t\u00edpicos dessa fase da vida. A experi\u00eancia dela possibilita que futuras mam\u00e3es artistas vejam que \u00e9 poss\u00edvel seguir em frente com suas carreiras, mesmo enquanto lidam com as demandas da maternidade.<\/p>\n<p>Al\u00e9m disso, sua hist\u00f3ria pessoal reflete uma luta importante pela inclus\u00e3o no meio art\u00edstico. As m\u00e3es, especialmente em profiss\u00f5es voltadas ao espet\u00e1culo, frequentemente enfrentam pr\u00e9-julgamentos e a ideia de que a gravidez pode prejudicar sua performance. No entanto, Carla quebra esse estere\u00f3tipo ao mostrar que a maternidade pode coexistir com a carreira, franqueando caminhos novas possibilidades a outras artistas.<\/p>\n<p><img decoding=\"async\" src=\"https:\/\/www.encontrajardins.com.br\/av-faria-lima\/wp-content\/uploads\/2026\/01\/aos-seis-meses-de-gestacao-soprano-carla-cottini-protagoniza-dois-intermezzos-comicos-na-estreia-da-.webp\" alt=\"soprano gestante\" loading=\"lazy\" \/><\/p>\n<h2>A Proposta Art\u00edstica da Companhia Brasileira de \u00d3pera de C\u00e2mara<\/h2>\n<p>A Companhia Brasileira de \u00d3pera de C\u00e2mara tem como objetivo fundamental aproximar a \u00f3pera do grande p\u00fablico, desmistificando a ideia de que este g\u00eanero musical est\u00e1 reservado apenas para ambientes acad\u00eamicos ou elitistas. Com produ\u00e7\u00f5es reduzidas e um foco no ator, a companhia se prop\u00f5e a inovar a cena l\u00edrica no Brasil. O projeto de Carla Cottini, que conta com a apresenta\u00e7\u00e3o de duas obras c\u00f4micas do s\u00e9culo XVIII, reflete essa proposta de inclus\u00e3o e acessibilidade.<\/p>\n<p>Estar no cora\u00e7\u00e3o financeiro de S\u00e3o Paulo, no Teatro B32, \u00e9 uma estrat\u00e9gia crucial para atingir um p\u00fablico novo. Isso mostra que a \u00f3pera pode ser apreciada em um espa\u00e7o que n\u00e3o \u00e9 tradicionalmente associado a essa forma de arte. A companhia visa n\u00e3o apenas aprofundar a pr\u00e1tica musical, mas tamb\u00e9m cultivar uma nova audi\u00eancia que ser\u00e1 incentivada a apreciar a riqueza da \u00f3pera como forma de intera\u00e7\u00e3o art\u00edstica.<\/p>\n<p>Essa abordagem permite que as pe\u00e7as ganhem uma nova vida, contextualizadas dentro de cen\u00e1rios modernos e din\u00e2micos, expandindo o alcance da \u00f3pera. A intera\u00e7\u00e3o com o p\u00fablico, principalmente em espa\u00e7os menores, tamb\u00e9m facilita a experi\u00eancia, pois permite um di\u00e1logo mais pr\u00f3ximo entre o artista e o espectador, essencial para a aprecia\u00e7\u00e3o do g\u00eanero.<\/p>\n<h2>Destaques de La Serva Padrona e La Contadina<\/h2>\n<p>As \u00f3peras escolhidas para a estreia da Companhia Brasileira de \u00d3pera de C\u00e2mara \u2014 _La Serva Padrona_ de Giovanni Battista Pergolesi e _La Contadina_ de Johann Adolph Hasse \u2014 s\u00e3o exemplos perfeitos do que a \u00f3pera c\u00f4mica pode oferecer. Ambas as obras abordam temas que, embora nascidos no s\u00e9culo XVIII, permanecem relevantes, especialmente quando se trata das rela\u00e7\u00f5es de poder entre os g\u00eaneros.<\/p>\n<p>Em _La Serva Padrona_, a personagem Serpina, uma criada astuta, \u00e9 capaz de inverter as rela\u00e7\u00f5es de poder com seu patr\u00e3o, ridicularizando-o com suas artimanhas. \u00c9 uma obra que proporciona muita comicidade, mostrando que o humor \u00e9 uma ferramenta poderosa para discutir o papel das mulheres na sociedade. Esta pe\u00e7a, com seus di\u00e1logos r\u00e1pidos e situa\u00e7\u00f5es engra\u00e7adas, serve como um pr\u00e9vio aquecimento para a plateia, preparando o terreno para uma experi\u00eancia mais intensa.<\/p>\n<p>Por outro lado, _La Contadina_ traz a hist\u00f3ria de Scintilla, uma camponesa que tamb\u00e9m consegue dominar as circunst\u00e2ncias em que se encontra. Ambas as hist\u00f3rias dialogam entre si ao mostrar mulheres que, atrav\u00e9s da sagacidade e da ast\u00facia, conquistam respeitabilidade em um mundo dominado pelos homens. Nesse sentido, a programa\u00e7\u00e3o da Companhia n\u00e3o se limita a apresentar obras cl\u00e1ssicas; ela ressignifica essas hist\u00f3rias, trazendo uma nova interpreta\u00e7\u00e3o e relev\u00e2ncia para os dias atuais.<\/p>\n<h2>A Rela\u00e7\u00e3o entre Humor e Poder nas \u00d3peras<\/h2>\n<p>O humor desempenha um papel fundamental nas obras c\u00f4micas, especialmente em \u00f3peras como _La Serva Padrona_ e _La Contadina_. O uso do riso n\u00e3o \u00e9 apenas uma ferramenta para entreter, mas tamb\u00e9m para subverter situa\u00e7\u00f5es de opress\u00e3o e desigualdade. O humor permite que as personagens femininas se afirmem e que os desafios enfrentados por elas sejam discutidos de forma leve e acess\u00edvel.<\/p>\n<p>Nas duas obras, as protagonistas utilizam o humor como uma arma para lidar com as situa\u00e7\u00f5es de domina\u00e7\u00e3o masculina em suas vidas. Serpina e Scintilla mostram que a intelig\u00eancia e a ast\u00facia podem ser muito mais eficazes do que a for\u00e7a bruta. Isso traz uma mensagem empoderadora para as mulheres de todas as \u00e9pocas \u2014 a capacidade de contornar dificuldades atrav\u00e9s do racioc\u00ednio r\u00e1pido e do uso da ironia.<\/p>\n<p>Assim, as pe\u00e7as n\u00e3o apenas garantem risos, mas tamb\u00e9m convidam a plateia a refletir sobre a din\u00e2mica de poder e a posi\u00e7\u00e3o das mulheres na sociedade contempor\u00e2nea. Dessa forma, o humor se torna uma ferramenta poderosa para fomentar discuss\u00f5es sociais importantes em um espa\u00e7o como o da \u00f3pera, que historicamente tem sido visto como elitista e inacess\u00edvel.<\/p>\n<h2>A Import\u00e2ncia da Inclus\u00e3o na M\u00fasica Cl\u00e1ssica<\/h2>\n<p>O cen\u00e1rio da m\u00fasica cl\u00e1ssica e da \u00f3pera tem historicamente enfrentado desafios relacionados \u00e0 inclus\u00e3o. A presen\u00e7a de mulheres, especialmente em pap\u00e9is de destaque, muitas vezes foi limitada ou deixada de lado. A Companhia Brasileira de \u00d3pera de C\u00e2mara, ao optar por uma abordagem inclusiva, desafia esse status quo e traz novas vozes e perspectivas para a cena l\u00edrica.<\/p>\n<p>Iniciativas que buscam democratizar o acesso \u00e0 \u00f3pera e fomentar a participa\u00e7\u00e3o ativa de artistas femininas s\u00e3o essenciais para a evolu\u00e7\u00e3o do g\u00eanero. Quando uma soprano, como Carla Cottini, representa o papel de duas protagonistas femininas gr\u00e1vidas, ela n\u00e3o s\u00f3 exemplifica a capacidade da mulher de ser bem-sucedida em sua carreira, mas tamb\u00e9m valida as experi\u00eancias de muitas m\u00e3es que lutam para encontrar um equil\u00edbrio entre vida profissional e pessoal.<\/p>\n<p>Esse tipo de representa\u00e7\u00e3o \u00e9 crucial, pois acredita-se que a diversidade nas artes n\u00e3o apenas enriquece a experi\u00eancia art\u00edstica, mas tamb\u00e9m reflete a sociedade na sua totalidade. Ao abrir espa\u00e7o para narrativas que foram historicamente silenciadas, as companhias de \u00f3pera podem criar um di\u00e1logo mais amplo sobre quest\u00f5es contempor\u00e2neas, chegando a um p\u00fablico mais diversificado e engajado.<\/p>\n<h2>Preparativos para as Apresenta\u00e7\u00f5es no Teatro B32<\/h2>\n<p>Os bastidores de uma apresenta\u00e7\u00e3o de \u00f3pera s\u00e3o sempre recheados de trabalho \u00e1rduo e dedica\u00e7\u00e3o. No caso de Carla Cottini e da Companhia Brasileira de \u00d3pera de C\u00e2mara, o foco na montagem das obras c\u00f4micas do s\u00e9culo XVIII destaca o comprometimento com a qualidade art\u00edstica e a experi\u00eancia do p\u00fablico. Planejamentos cuidadosos e ensaios meticulosos foram feitos para garantir que cada detalhe seja perfeito durante as apresenta\u00e7\u00f5es.<\/p>\n<p>Isso envolve, por exemplo, a adapta\u00e7\u00e3o de cen\u00e1rios e trajes que enfatizam a intimidade das pe\u00e7as, aproveitando a configura\u00e7\u00e3o do Teatro B32. \u00c9 importante que o p\u00fablico se sinta atra\u00eddo n\u00e3o apenas pela m\u00fasica, mas tamb\u00e9m pela experi\u00eancia visual e dram\u00e1tica da \u00f3pera. Cada elemento deve trabalhar em conjunto com a performance vocal para criar um espet\u00e1culo unificado.<\/p>\n<p>Al\u00e9m disso, a colabora\u00e7\u00e3o entre os artistas \u00e9 essencial. O relacionamento entre Carla, a dire\u00e7\u00e3o musical de Giovanna Elias e a dire\u00e7\u00e3o c\u00eanica de Mauro Wrona permite um fluxo criativo e um ambiente colaborativo que eleva a produ\u00e7\u00e3o. Tal alinhamento garante que a vis\u00e3o art\u00edstica da companhia e dos int\u00e9rpretes esteja em total harmonia durante as apresenta\u00e7\u00f5es.<\/p>\n<h2>Desafios e Triunfos de Ser M\u00e3e e Artista<\/h2>\n<p>Ser m\u00e3e e artista \u00e9 uma jornada repleta de desafios, mas tamb\u00e9m de realiza\u00e7\u00f5es significativas. Carla Cottini, ao enfrentar essa realidade, torna-se um s\u00edmbolo de resili\u00eancia e supera\u00e7\u00e3o. O apoio da Companhia Brasileira de \u00d3pera de C\u00e2mara, que promove um ambiente respeitoso e acolhedor, demonstra que \u00e9 poss\u00edvel unir estas duas facetas da vida sem que uma exclua a outra.<\/p>\n<p>\u00c9 uma tarefa complicada, pois a gesta\u00e7\u00e3o e o cuidado de um filho exigem um n\u00edvel elevado de energia e compromisso. As exig\u00eancias na m\u00fasica cl\u00e1ssica e nas artes c\u00eanicas podem complementar esses desafios, mas, com apoio e compreens\u00e3o, \u00e9 vi\u00e1vel ter sucesso em ambas as \u00e1reas. Carla exemplifica como o amor \u00e0 arte e \u00e0 maternidade podem coexistir e se fortalecer mutuamente.<\/p>\n<p>Essa rela\u00e7\u00e3o entre ser artista e m\u00e3e n\u00e3o apenas influencia a maneira como ela se apresenta, mas tamb\u00e9m enriquece sua interpreta\u00e7\u00e3o das personagens que desempenha. Vivenciar a maternidade possibilita a ela uma conex\u00e3o mais profunda com os pap\u00e9is femininos, repletos de nuances e experi\u00eancias que podem ser transmitidas atrav\u00e9s do palco.<\/p>\n<h2>A Dire\u00e7\u00e3o C\u00eanica e Musical da Produ\u00e7\u00e3o<\/h2>\n<p>A dire\u00e7\u00e3o c\u00eanica de Mauro Wrona se destaca na implementa\u00e7\u00e3o de uma vis\u00e3o que respeita e eleva as sutilezas das personagens nas pe\u00e7as. J\u00e1 a dire\u00e7\u00e3o musical, sob a batuta da talentosa Giovanna Elias, se prop\u00f5e a exaltar os aspectos sonoros das \u00f3peras c\u00f4micas, permitindo que as vozes se destaquem e se inter-relacionem de forma harm\u00f4nica. Com as duas diretorias trabalhando em sinergia, o resultado final tende a ser uma experi\u00eancia auditiva e visual coesa.<\/p>\n<p>\u00c9 fundamental entender que na \u00f3pera, a m\u00fasica e a representa\u00e7\u00e3o c\u00eanica est\u00e3o intrinsecamente ligadas; uma n\u00e3o pode existir sem a outra de forma eficaz. Wrona e Elias, com suas bagagens art\u00edsticas, trazem compet\u00eancias complementares que enriquecem a produ\u00e7\u00e3o. Dessa forma, os espectadores s\u00e3o cuidadosamente guiados em uma jornada sensorial que vai al\u00e9m do que os olhos veem e ouvidos escutam.<\/p>\n<p>As obras, j\u00e1 conhecidas por seu conte\u00fado humor\u00edstico e interativo, tornam-se ainda mais impactantes sob a dire\u00e7\u00e3o atenta e cheia de sensibilidade que consegue abordar quest\u00f5es contempor\u00e2neas. Por meio desse di\u00e1logo entre as personagens e o p\u00fablico, as dire\u00e7\u00f5es criam um reflexo da modernidade, permitindo que as hist\u00f3rias ressoem por muitas vozes e experi\u00eancias.<\/p>\n<h2>Carla Cottini e seu Legado na \u00d3pera<\/h2>\n<p>Carla Cottini, com sua hist\u00f3ria de vida e carreira, est\u00e1 moldando um legado que \u00e9 significativo para o mundo da \u00f3pera brasileira. Ao quebrar barreiras e reverter a narrativa acerca das mulheres gr\u00e1vidas no ambiente art\u00edstico, sua trajet\u00f3ria inspira v\u00e1rias artistas que v\u00eam a seguir. N\u00e3o apenas por sua voz impressionante, mas por seu exemplo de for\u00e7a e determina\u00e7\u00e3o, ela representa uma nova gera\u00e7\u00e3o de cantoras que n\u00e3o se deixam limitar pelas expectativas sociais.<\/p>\n<p>O impacto que Carla causa transcende a realiza\u00e7\u00e3o de suas performances; \u00e9 um convite a outras mulheres a se desafiarem e a n\u00e3o desistirem de seus sonhos, independente de sua situa\u00e7\u00e3o pessoal. Em um campo como a \u00f3pera, onde a tradi\u00e7\u00e3o pode muitas vezes sufocar a inova\u00e7\u00e3o, seu trabalho e a forma como se apresenta reavivam a import\u00e2ncia da individualidade e da voz \u00fanica de cada artista.<\/p>\n<p>Ao se posicionar como uma artista que aborda temas e desafios contempor\u00e2neos na m\u00fasica cl\u00e1ssica, ela ajuda a redefinir o que significa ser uma soprano no Brasil hoje. As apresenta\u00e7\u00f5es e o projeto da Companhia Brasileira de \u00d3pera de C\u00e2mara tornam-se uma plataforma para construir um futuro mais inclusivo e diversificado, onde vozes femininas t\u00eam um espa\u00e7o significativo. <\/p>\n<h2>O Papel das Mulheres na \u00d3pera de C\u00e2mara<\/h2>\n<p>No mundo da \u00f3pera de c\u00e2mara, o papel das mulheres \u00e9 vital e, muitas vezes, negligenciado. A presen\u00e7a feminina, tanto no palco quanto nas partes criativas, \u00e9 essencial para trazer novas perspectivas e enriquecer o g\u00eanero. As hist\u00f3rias frequentemente abordadas na \u00f3pera de c\u00e2mara tratam de relacionamentos, vida familiar e as quest\u00f5es do cotidiano em que as mulheres se encontram, tornando a representatividade fundamental.<\/p>\n<p>A necessidade de dar voz a essas narrativas \u00e9 cr\u00edtica, pois h\u00e1 um legado longo e rico que pode ser explorado e ressignificado. Por meio de iniciativas como a Companhia Brasileira de \u00d3pera de C\u00e2mara, as mulheres tornam-se tanto protagonistas nas hist\u00f3rias quanto nas cria\u00e7\u00f5es das obras. Isso promove um ambiente de igual de oportunidades e desafios no espa\u00e7o art\u00edstico.<\/p>\n<p>Al\u00e9m disso, \u00e0 medida que mais mulheres se envolvem na cria\u00e7\u00e3o e execu\u00e7\u00e3o das \u00f3peras, \u00e9 poss\u00edvel enriquecer as discuss\u00f5es sobre g\u00eanero e poder presentes nas tramas. Com isso, a \u00f3pera de c\u00e2mara, frequentemente vista como algo elitista, pode se transformar em um espa\u00e7o atraente para um p\u00fablico mais amplo, atraindo novos interessados e celebrando a pr\u00f3pria diversidade da arte.<\/p>\n","protected":false},"excerpt":{"rendered":"<p>Carla Cottini, a soprano gestante, impressiona na estreia da Companhia Brasileira de \u00d3pera de C\u00e2mara.<\/p>\n","protected":false},"author":1,"featured_media":4074,"comment_status":"open","ping_status":"open","sticky":false,"template":"","format":"standard","meta":{"footnotes":""},"categories":[5],"tags":[],"class_list":["post-4075","post","type-post","status-publish","format-standard","has-post-thumbnail","hentry","category-noticias","has_thumb"],"yoast_head":"<!-- This site is optimized with the Yoast SEO plugin v27.4 - https:\/\/yoast.com\/product\/yoast-seo-wordpress\/ -->\n<title>Aos seis meses de gesta\u00e7\u00e3o, soprano Carla Cottini protagoniza dois intermezzos c\u00f4micos na estreia da Companhia Brasileira de \u00d3pera de C\u00e2mara no Teatro B32! | Guia Comercial Avenida Faria Lima<\/title>\n<meta name=\"robots\" content=\"index, follow, max-snippet:-1, max-image-preview:large, max-video-preview:-1\" \/>\n<link rel=\"canonical\" href=\"https:\/\/www.encontrajardins.com.br\/av-faria-lima\/aos-seis-meses-de-gestacao-soprano-carla-cottini-protagoniza-dois-intermezzos-comicos-na-estreia-da-companhia-brasileira-de-opera-de-camara-no-teatro-b32\/\" \/>\n<meta property=\"og:locale\" content=\"pt_BR\" \/>\n<meta property=\"og:type\" content=\"article\" \/>\n<meta property=\"og:title\" content=\"Aos seis meses de gesta\u00e7\u00e3o, soprano Carla Cottini protagoniza dois intermezzos c\u00f4micos na estreia da Companhia Brasileira de \u00d3pera de C\u00e2mara no Teatro B32! | Guia Comercial Avenida Faria Lima\" \/>\n<meta property=\"og:description\" content=\"Carla Cottini, a soprano gestante, impressiona na estreia da Companhia Brasileira de \u00d3pera de C\u00e2mara.\" \/>\n<meta property=\"og:url\" content=\"https:\/\/www.encontrajardins.com.br\/av-faria-lima\/aos-seis-meses-de-gestacao-soprano-carla-cottini-protagoniza-dois-intermezzos-comicos-na-estreia-da-companhia-brasileira-de-opera-de-camara-no-teatro-b32\/\" \/>\n<meta property=\"og:site_name\" content=\"Guia Comercial Avenida Faria Lima\" \/>\n<meta property=\"article:published_time\" content=\"2026-01-06T18:54:34+00:00\" \/>\n<meta property=\"og:image\" content=\"https:\/\/www.encontrajardins.com.br\/av-faria-lima\/wp-content\/uploads\/2026\/01\/aos-seis-meses-de-gestacao-soprano-carla-cottini-protagoniza-dois-intermezzos-comicos-na-estreia-da-.webp\" \/>\n<meta name=\"author\" content=\"Encontra Avenida Faria Lima\" \/>\n<meta name=\"twitter:card\" content=\"summary_large_image\" \/>\n<meta name=\"twitter:label1\" content=\"Escrito por\" \/>\n\t<meta name=\"twitter:data1\" content=\"Encontra Avenida Faria Lima\" \/>\n\t<meta name=\"twitter:label2\" content=\"Est. tempo de leitura\" \/>\n\t<meta name=\"twitter:data2\" content=\"11 minutos\" \/>\n<script type=\"application\/ld+json\" class=\"yoast-schema-graph\">{\"@context\":\"https:\\\/\\\/schema.org\",\"@graph\":[{\"@type\":\"Article\",\"@id\":\"https:\\\/\\\/www.encontrajardins.com.br\\\/av-faria-lima\\\/aos-seis-meses-de-gestacao-soprano-carla-cottini-protagoniza-dois-intermezzos-comicos-na-estreia-da-companhia-brasileira-de-opera-de-camara-no-teatro-b32\\\/#article\",\"isPartOf\":{\"@id\":\"https:\\\/\\\/www.encontrajardins.com.br\\\/av-faria-lima\\\/aos-seis-meses-de-gestacao-soprano-carla-cottini-protagoniza-dois-intermezzos-comicos-na-estreia-da-companhia-brasileira-de-opera-de-camara-no-teatro-b32\\\/\"},\"author\":{\"name\":\"Encontra Avenida Faria Lima\",\"@id\":\"https:\\\/\\\/www.encontrajardins.com.br\\\/av-faria-lima\\\/#\\\/schema\\\/person\\\/79badd2a12b75d685ad41dac082e5111\"},\"headline\":\"Aos seis meses de gesta\u00e7\u00e3o, soprano Carla Cottini protagoniza dois intermezzos c\u00f4micos na estreia da Companhia Brasileira de \u00d3pera de C\u00e2mara no Teatro B32!\",\"datePublished\":\"2026-01-06T18:54:34+00:00\",\"mainEntityOfPage\":{\"@id\":\"https:\\\/\\\/www.encontrajardins.com.br\\\/av-faria-lima\\\/aos-seis-meses-de-gestacao-soprano-carla-cottini-protagoniza-dois-intermezzos-comicos-na-estreia-da-companhia-brasileira-de-opera-de-camara-no-teatro-b32\\\/\"},\"wordCount\":2273,\"commentCount\":0,\"image\":{\"@id\":\"https:\\\/\\\/www.encontrajardins.com.br\\\/av-faria-lima\\\/aos-seis-meses-de-gestacao-soprano-carla-cottini-protagoniza-dois-intermezzos-comicos-na-estreia-da-companhia-brasileira-de-opera-de-camara-no-teatro-b32\\\/#primaryimage\"},\"thumbnailUrl\":\"https:\\\/\\\/www.encontrajardins.com.br\\\/av-faria-lima\\\/wp-content\\\/uploads\\\/2026\\\/01\\\/aos-seis-meses-de-gestacao-soprano-carla-cottini-protagoniza-dois-intermezzos-comicos-na-estreia-da-.webp\",\"articleSection\":[\"Not\u00edcias Avenida Faria Lima\"],\"inLanguage\":\"pt-BR\",\"potentialAction\":[{\"@type\":\"CommentAction\",\"name\":\"Comment\",\"target\":[\"https:\\\/\\\/www.encontrajardins.com.br\\\/av-faria-lima\\\/aos-seis-meses-de-gestacao-soprano-carla-cottini-protagoniza-dois-intermezzos-comicos-na-estreia-da-companhia-brasileira-de-opera-de-camara-no-teatro-b32\\\/#respond\"]}]},{\"@type\":\"WebPage\",\"@id\":\"https:\\\/\\\/www.encontrajardins.com.br\\\/av-faria-lima\\\/aos-seis-meses-de-gestacao-soprano-carla-cottini-protagoniza-dois-intermezzos-comicos-na-estreia-da-companhia-brasileira-de-opera-de-camara-no-teatro-b32\\\/\",\"url\":\"https:\\\/\\\/www.encontrajardins.com.br\\\/av-faria-lima\\\/aos-seis-meses-de-gestacao-soprano-carla-cottini-protagoniza-dois-intermezzos-comicos-na-estreia-da-companhia-brasileira-de-opera-de-camara-no-teatro-b32\\\/\",\"name\":\"Aos seis meses de gesta\u00e7\u00e3o, soprano Carla Cottini protagoniza dois intermezzos c\u00f4micos na estreia da Companhia Brasileira de \u00d3pera de C\u00e2mara no Teatro B32! | Guia Comercial Avenida Faria Lima\",\"isPartOf\":{\"@id\":\"https:\\\/\\\/www.encontrajardins.com.br\\\/av-faria-lima\\\/#website\"},\"primaryImageOfPage\":{\"@id\":\"https:\\\/\\\/www.encontrajardins.com.br\\\/av-faria-lima\\\/aos-seis-meses-de-gestacao-soprano-carla-cottini-protagoniza-dois-intermezzos-comicos-na-estreia-da-companhia-brasileira-de-opera-de-camara-no-teatro-b32\\\/#primaryimage\"},\"image\":{\"@id\":\"https:\\\/\\\/www.encontrajardins.com.br\\\/av-faria-lima\\\/aos-seis-meses-de-gestacao-soprano-carla-cottini-protagoniza-dois-intermezzos-comicos-na-estreia-da-companhia-brasileira-de-opera-de-camara-no-teatro-b32\\\/#primaryimage\"},\"thumbnailUrl\":\"https:\\\/\\\/www.encontrajardins.com.br\\\/av-faria-lima\\\/wp-content\\\/uploads\\\/2026\\\/01\\\/aos-seis-meses-de-gestacao-soprano-carla-cottini-protagoniza-dois-intermezzos-comicos-na-estreia-da-.webp\",\"datePublished\":\"2026-01-06T18:54:34+00:00\",\"author\":{\"@id\":\"https:\\\/\\\/www.encontrajardins.com.br\\\/av-faria-lima\\\/#\\\/schema\\\/person\\\/79badd2a12b75d685ad41dac082e5111\"},\"inLanguage\":\"pt-BR\",\"potentialAction\":[{\"@type\":\"ReadAction\",\"target\":[\"https:\\\/\\\/www.encontrajardins.com.br\\\/av-faria-lima\\\/aos-seis-meses-de-gestacao-soprano-carla-cottini-protagoniza-dois-intermezzos-comicos-na-estreia-da-companhia-brasileira-de-opera-de-camara-no-teatro-b32\\\/\"]}]},{\"@type\":\"ImageObject\",\"inLanguage\":\"pt-BR\",\"@id\":\"https:\\\/\\\/www.encontrajardins.com.br\\\/av-faria-lima\\\/aos-seis-meses-de-gestacao-soprano-carla-cottini-protagoniza-dois-intermezzos-comicos-na-estreia-da-companhia-brasileira-de-opera-de-camara-no-teatro-b32\\\/#primaryimage\",\"url\":\"https:\\\/\\\/www.encontrajardins.com.br\\\/av-faria-lima\\\/wp-content\\\/uploads\\\/2026\\\/01\\\/aos-seis-meses-de-gestacao-soprano-carla-cottini-protagoniza-dois-intermezzos-comicos-na-estreia-da-.webp\",\"contentUrl\":\"https:\\\/\\\/www.encontrajardins.com.br\\\/av-faria-lima\\\/wp-content\\\/uploads\\\/2026\\\/01\\\/aos-seis-meses-de-gestacao-soprano-carla-cottini-protagoniza-dois-intermezzos-comicos-na-estreia-da-.webp\",\"width\":320,\"height\":280,\"caption\":\"soprano gestante\"},{\"@type\":\"WebSite\",\"@id\":\"https:\\\/\\\/www.encontrajardins.com.br\\\/av-faria-lima\\\/#website\",\"url\":\"https:\\\/\\\/www.encontrajardins.com.br\\\/av-faria-lima\\\/\",\"name\":\"Guia Comercial Avenida Faria Lima\",\"description\":\"ENCONTRA AVENIDA FARIA LIMA - O guia comercial de neg\u00f3cios e empresas, cultura e divers\u00e3o na Avenida Faria Lima. Feito 100% para voc\u00ea morador!\",\"potentialAction\":[{\"@type\":\"SearchAction\",\"target\":{\"@type\":\"EntryPoint\",\"urlTemplate\":\"https:\\\/\\\/www.encontrajardins.com.br\\\/av-faria-lima\\\/?s={search_term_string}\"},\"query-input\":{\"@type\":\"PropertyValueSpecification\",\"valueRequired\":true,\"valueName\":\"search_term_string\"}}],\"inLanguage\":\"pt-BR\"},{\"@type\":\"Person\",\"@id\":\"https:\\\/\\\/www.encontrajardins.com.br\\\/av-faria-lima\\\/#\\\/schema\\\/person\\\/79badd2a12b75d685ad41dac082e5111\",\"name\":\"Encontra Avenida Faria Lima\",\"image\":{\"@type\":\"ImageObject\",\"inLanguage\":\"pt-BR\",\"@id\":\"https:\\\/\\\/www.encontrajardins.com.br\\\/av-faria-lima\\\/wp-content\\\/litespeed\\\/avatar\\\/e92a756db1fc224ef50d2f00ed0d047a.jpg?ver=1776988651\",\"url\":\"https:\\\/\\\/www.encontrajardins.com.br\\\/av-faria-lima\\\/wp-content\\\/litespeed\\\/avatar\\\/e92a756db1fc224ef50d2f00ed0d047a.jpg?ver=1776988651\",\"contentUrl\":\"https:\\\/\\\/www.encontrajardins.com.br\\\/av-faria-lima\\\/wp-content\\\/litespeed\\\/avatar\\\/e92a756db1fc224ef50d2f00ed0d047a.jpg?ver=1776988651\",\"caption\":\"Encontra Avenida Faria Lima\"},\"url\":\"https:\\\/\\\/www.encontrajardins.com.br\\\/av-faria-lima\\\/author\\\/av-faria-lima\\\/\"}]}<\/script>\n<!-- \/ Yoast SEO plugin. -->","yoast_head_json":{"title":"Aos seis meses de gesta\u00e7\u00e3o, soprano Carla Cottini protagoniza dois intermezzos c\u00f4micos na estreia da Companhia Brasileira de \u00d3pera de C\u00e2mara no Teatro B32! | Guia Comercial Avenida Faria Lima","robots":{"index":"index","follow":"follow","max-snippet":"max-snippet:-1","max-image-preview":"max-image-preview:large","max-video-preview":"max-video-preview:-1"},"canonical":"https:\/\/www.encontrajardins.com.br\/av-faria-lima\/aos-seis-meses-de-gestacao-soprano-carla-cottini-protagoniza-dois-intermezzos-comicos-na-estreia-da-companhia-brasileira-de-opera-de-camara-no-teatro-b32\/","og_locale":"pt_BR","og_type":"article","og_title":"Aos seis meses de gesta\u00e7\u00e3o, soprano Carla Cottini protagoniza dois intermezzos c\u00f4micos na estreia da Companhia Brasileira de \u00d3pera de C\u00e2mara no Teatro B32! | Guia Comercial Avenida Faria Lima","og_description":"Carla Cottini, a soprano gestante, impressiona na estreia da Companhia Brasileira de \u00d3pera de C\u00e2mara.","og_url":"https:\/\/www.encontrajardins.com.br\/av-faria-lima\/aos-seis-meses-de-gestacao-soprano-carla-cottini-protagoniza-dois-intermezzos-comicos-na-estreia-da-companhia-brasileira-de-opera-de-camara-no-teatro-b32\/","og_site_name":"Guia Comercial Avenida Faria Lima","article_published_time":"2026-01-06T18:54:34+00:00","og_image":[{"url":"https:\/\/www.encontrajardins.com.br\/av-faria-lima\/wp-content\/uploads\/2026\/01\/aos-seis-meses-de-gestacao-soprano-carla-cottini-protagoniza-dois-intermezzos-comicos-na-estreia-da-.webp","type":"","width":"","height":""}],"author":"Encontra Avenida Faria Lima","twitter_card":"summary_large_image","twitter_misc":{"Escrito por":"Encontra Avenida Faria Lima","Est. tempo de leitura":"11 minutos"},"schema":{"@context":"https:\/\/schema.org","@graph":[{"@type":"Article","@id":"https:\/\/www.encontrajardins.com.br\/av-faria-lima\/aos-seis-meses-de-gestacao-soprano-carla-cottini-protagoniza-dois-intermezzos-comicos-na-estreia-da-companhia-brasileira-de-opera-de-camara-no-teatro-b32\/#article","isPartOf":{"@id":"https:\/\/www.encontrajardins.com.br\/av-faria-lima\/aos-seis-meses-de-gestacao-soprano-carla-cottini-protagoniza-dois-intermezzos-comicos-na-estreia-da-companhia-brasileira-de-opera-de-camara-no-teatro-b32\/"},"author":{"name":"Encontra Avenida Faria Lima","@id":"https:\/\/www.encontrajardins.com.br\/av-faria-lima\/#\/schema\/person\/79badd2a12b75d685ad41dac082e5111"},"headline":"Aos seis meses de gesta\u00e7\u00e3o, soprano Carla Cottini protagoniza dois intermezzos c\u00f4micos na estreia da Companhia Brasileira de \u00d3pera de C\u00e2mara no Teatro B32!","datePublished":"2026-01-06T18:54:34+00:00","mainEntityOfPage":{"@id":"https:\/\/www.encontrajardins.com.br\/av-faria-lima\/aos-seis-meses-de-gestacao-soprano-carla-cottini-protagoniza-dois-intermezzos-comicos-na-estreia-da-companhia-brasileira-de-opera-de-camara-no-teatro-b32\/"},"wordCount":2273,"commentCount":0,"image":{"@id":"https:\/\/www.encontrajardins.com.br\/av-faria-lima\/aos-seis-meses-de-gestacao-soprano-carla-cottini-protagoniza-dois-intermezzos-comicos-na-estreia-da-companhia-brasileira-de-opera-de-camara-no-teatro-b32\/#primaryimage"},"thumbnailUrl":"https:\/\/www.encontrajardins.com.br\/av-faria-lima\/wp-content\/uploads\/2026\/01\/aos-seis-meses-de-gestacao-soprano-carla-cottini-protagoniza-dois-intermezzos-comicos-na-estreia-da-.webp","articleSection":["Not\u00edcias Avenida Faria Lima"],"inLanguage":"pt-BR","potentialAction":[{"@type":"CommentAction","name":"Comment","target":["https:\/\/www.encontrajardins.com.br\/av-faria-lima\/aos-seis-meses-de-gestacao-soprano-carla-cottini-protagoniza-dois-intermezzos-comicos-na-estreia-da-companhia-brasileira-de-opera-de-camara-no-teatro-b32\/#respond"]}]},{"@type":"WebPage","@id":"https:\/\/www.encontrajardins.com.br\/av-faria-lima\/aos-seis-meses-de-gestacao-soprano-carla-cottini-protagoniza-dois-intermezzos-comicos-na-estreia-da-companhia-brasileira-de-opera-de-camara-no-teatro-b32\/","url":"https:\/\/www.encontrajardins.com.br\/av-faria-lima\/aos-seis-meses-de-gestacao-soprano-carla-cottini-protagoniza-dois-intermezzos-comicos-na-estreia-da-companhia-brasileira-de-opera-de-camara-no-teatro-b32\/","name":"Aos seis meses de gesta\u00e7\u00e3o, soprano Carla Cottini protagoniza dois intermezzos c\u00f4micos na estreia da Companhia Brasileira de \u00d3pera de C\u00e2mara no Teatro B32! | Guia Comercial Avenida Faria Lima","isPartOf":{"@id":"https:\/\/www.encontrajardins.com.br\/av-faria-lima\/#website"},"primaryImageOfPage":{"@id":"https:\/\/www.encontrajardins.com.br\/av-faria-lima\/aos-seis-meses-de-gestacao-soprano-carla-cottini-protagoniza-dois-intermezzos-comicos-na-estreia-da-companhia-brasileira-de-opera-de-camara-no-teatro-b32\/#primaryimage"},"image":{"@id":"https:\/\/www.encontrajardins.com.br\/av-faria-lima\/aos-seis-meses-de-gestacao-soprano-carla-cottini-protagoniza-dois-intermezzos-comicos-na-estreia-da-companhia-brasileira-de-opera-de-camara-no-teatro-b32\/#primaryimage"},"thumbnailUrl":"https:\/\/www.encontrajardins.com.br\/av-faria-lima\/wp-content\/uploads\/2026\/01\/aos-seis-meses-de-gestacao-soprano-carla-cottini-protagoniza-dois-intermezzos-comicos-na-estreia-da-.webp","datePublished":"2026-01-06T18:54:34+00:00","author":{"@id":"https:\/\/www.encontrajardins.com.br\/av-faria-lima\/#\/schema\/person\/79badd2a12b75d685ad41dac082e5111"},"inLanguage":"pt-BR","potentialAction":[{"@type":"ReadAction","target":["https:\/\/www.encontrajardins.com.br\/av-faria-lima\/aos-seis-meses-de-gestacao-soprano-carla-cottini-protagoniza-dois-intermezzos-comicos-na-estreia-da-companhia-brasileira-de-opera-de-camara-no-teatro-b32\/"]}]},{"@type":"ImageObject","inLanguage":"pt-BR","@id":"https:\/\/www.encontrajardins.com.br\/av-faria-lima\/aos-seis-meses-de-gestacao-soprano-carla-cottini-protagoniza-dois-intermezzos-comicos-na-estreia-da-companhia-brasileira-de-opera-de-camara-no-teatro-b32\/#primaryimage","url":"https:\/\/www.encontrajardins.com.br\/av-faria-lima\/wp-content\/uploads\/2026\/01\/aos-seis-meses-de-gestacao-soprano-carla-cottini-protagoniza-dois-intermezzos-comicos-na-estreia-da-.webp","contentUrl":"https:\/\/www.encontrajardins.com.br\/av-faria-lima\/wp-content\/uploads\/2026\/01\/aos-seis-meses-de-gestacao-soprano-carla-cottini-protagoniza-dois-intermezzos-comicos-na-estreia-da-.webp","width":320,"height":280,"caption":"soprano gestante"},{"@type":"WebSite","@id":"https:\/\/www.encontrajardins.com.br\/av-faria-lima\/#website","url":"https:\/\/www.encontrajardins.com.br\/av-faria-lima\/","name":"Guia Comercial Avenida Faria Lima","description":"ENCONTRA AVENIDA FARIA LIMA - O guia comercial de neg\u00f3cios e empresas, cultura e divers\u00e3o na Avenida Faria Lima. Feito 100% para voc\u00ea morador!","potentialAction":[{"@type":"SearchAction","target":{"@type":"EntryPoint","urlTemplate":"https:\/\/www.encontrajardins.com.br\/av-faria-lima\/?s={search_term_string}"},"query-input":{"@type":"PropertyValueSpecification","valueRequired":true,"valueName":"search_term_string"}}],"inLanguage":"pt-BR"},{"@type":"Person","@id":"https:\/\/www.encontrajardins.com.br\/av-faria-lima\/#\/schema\/person\/79badd2a12b75d685ad41dac082e5111","name":"Encontra Avenida Faria Lima","image":{"@type":"ImageObject","inLanguage":"pt-BR","@id":"https:\/\/www.encontrajardins.com.br\/av-faria-lima\/wp-content\/litespeed\/avatar\/e92a756db1fc224ef50d2f00ed0d047a.jpg?ver=1776988651","url":"https:\/\/www.encontrajardins.com.br\/av-faria-lima\/wp-content\/litespeed\/avatar\/e92a756db1fc224ef50d2f00ed0d047a.jpg?ver=1776988651","contentUrl":"https:\/\/www.encontrajardins.com.br\/av-faria-lima\/wp-content\/litespeed\/avatar\/e92a756db1fc224ef50d2f00ed0d047a.jpg?ver=1776988651","caption":"Encontra Avenida Faria Lima"},"url":"https:\/\/www.encontrajardins.com.br\/av-faria-lima\/author\/av-faria-lima\/"}]}},"_links":{"self":[{"href":"https:\/\/www.encontrajardins.com.br\/av-faria-lima\/wp-json\/wp\/v2\/posts\/4075","targetHints":{"allow":["GET"]}}],"collection":[{"href":"https:\/\/www.encontrajardins.com.br\/av-faria-lima\/wp-json\/wp\/v2\/posts"}],"about":[{"href":"https:\/\/www.encontrajardins.com.br\/av-faria-lima\/wp-json\/wp\/v2\/types\/post"}],"author":[{"embeddable":true,"href":"https:\/\/www.encontrajardins.com.br\/av-faria-lima\/wp-json\/wp\/v2\/users\/1"}],"replies":[{"embeddable":true,"href":"https:\/\/www.encontrajardins.com.br\/av-faria-lima\/wp-json\/wp\/v2\/comments?post=4075"}],"version-history":[{"count":0,"href":"https:\/\/www.encontrajardins.com.br\/av-faria-lima\/wp-json\/wp\/v2\/posts\/4075\/revisions"}],"wp:featuredmedia":[{"embeddable":true,"href":"https:\/\/www.encontrajardins.com.br\/av-faria-lima\/wp-json\/wp\/v2\/media\/4074"}],"wp:attachment":[{"href":"https:\/\/www.encontrajardins.com.br\/av-faria-lima\/wp-json\/wp\/v2\/media?parent=4075"}],"wp:term":[{"taxonomy":"category","embeddable":true,"href":"https:\/\/www.encontrajardins.com.br\/av-faria-lima\/wp-json\/wp\/v2\/categories?post=4075"},{"taxonomy":"post_tag","embeddable":true,"href":"https:\/\/www.encontrajardins.com.br\/av-faria-lima\/wp-json\/wp\/v2\/tags?post=4075"}],"curies":[{"name":"wp","href":"https:\/\/api.w.org\/{rel}","templated":true}]}}