{"id":4166,"date":"2026-01-25T12:45:23","date_gmt":"2026-01-25T15:45:23","guid":{"rendered":"https:\/\/www.encontrajardins.com.br\/av-faria-lima\/mbl-faz-ato-contra-toffoli-moraes-e-vorcaro-em-frente-a-sede-do-master-na-faria-lima\/"},"modified":"2026-01-25T12:45:23","modified_gmt":"2026-01-25T15:45:23","slug":"mbl-faz-ato-contra-toffoli-moraes-e-vorcaro-em-frente-a-sede-do-master-na-faria-lima","status":"publish","type":"post","link":"https:\/\/www.encontrajardins.com.br\/av-faria-lima\/mbl-faz-ato-contra-toffoli-moraes-e-vorcaro-em-frente-a-sede-do-master-na-faria-lima\/","title":{"rendered":"MBL faz ato contra Toffoli, Moraes e Vorcaro em frente \u00e0 sede do Master na Faria Lima"},"content":{"rendered":"<h2>Contexto do Protesto do MBL<\/h2>\n<p>No final da tarde do dia 22, o Movimento Brasil Livre (MBL) organizou uma manifesta\u00e7\u00e3o em frente \u00e0 sede do Banco Master, localizado na Avenida Faria Lima, em S\u00e3o Paulo. O ato atraiu a aten\u00e7\u00e3o n\u00e3o apenas pela sua localiza\u00e7\u00e3o estrat\u00e9gica, mas tamb\u00e9m pela presen\u00e7a vis\u00edvel de tapumes ao redor do pr\u00e9dio, levantando quest\u00f5es sobre as atividades da institui\u00e7\u00e3o.<\/p>\n<h2>Motiva\u00e7\u00e3o por tr\u00e1s do ato<\/h2>\n<p>A raz\u00e3o principal por tr\u00e1s desse protesto foi a controv\u00e9rsia envolvendo o Banco Master e o seu relator no Supremo Tribunal Federal, o ministro Dias Toffoli. O MBL expressou sua insatisfa\u00e7\u00e3o com a forma como as investiga\u00e7\u00f5es em torno do banco estavam sendo conduzidas, considerando-a como uma amea\u00e7a \u00e0 transpar\u00eancia e aos princ\u00edpios de justi\u00e7a. Para o MBL, a atua\u00e7\u00e3o do ministro Toffoli seria inadequada e at\u00e9 mesmo comprometedora na situa\u00e7\u00e3o atual.<\/p>\n<h2>Os Principais Alvos da Manifesta\u00e7ao<\/h2>\n<p>Durante o ato, os manifestantes direcionaram suas cr\u00edticas n\u00e3o apenas a Toffoli, mas tamb\u00e9m a outros l\u00edderes proeminentes. Daniel Vorcaro, presidente do Banco Master, e o presidente da rep\u00fablica Luiz In\u00e1cio Lula da Silva foram alvos de palavras de ordem. Cartazes levados pelos manifestantes tamb\u00e9m faziam men\u00e7\u00e3o ao ministro Alexandre de Moraes, bem como ao nome de Otto Lobo, quem Lula indicou para liderar a Comiss\u00e3o de Valores Mobili\u00e1rios (CVM).<\/p>\n<p><img decoding=\"async\" src=\"https:\/\/www.encontrajardins.com.br\/av-faria-lima\/wp-content\/uploads\/2026\/01\/mbl-faz-ato-contra-toffoli-moraes-e-vorcaro-em-frente-a-sede-do-master-na-faria-lima.webp\" alt=\"Protesto MBL Faria Lima\" loading=\"lazy\" \/><\/p>\n<h2>Impacto do Banco Master na Pol\u00edtica Atual<\/h2>\n<p>A presen\u00e7a do Banco Master no cen\u00e1rio pol\u00edtico brasileiro se tornou um ponto de tens\u00e3o, especialmente em fun\u00e7\u00e3o das diversas investiga\u00e7\u00f5es sobre suas opera\u00e7\u00f5es. O envolvimento de figuras ligadas ao governo e institui\u00e7\u00f5es regulat\u00f3rias como o Tribunal de Contas da Uni\u00e3o (TCU) suscita preocupa\u00e7\u00f5es sobre a influ\u00eancia que esses atores possam ter sobre o mercado financeiro e, por consequ\u00eancia, sobre a economia do pa\u00eds.<\/p>\n<h2>Como a Popula\u00e7\u00e3o Reagiu ao Protesto<\/h2>\n<p>A resposta do p\u00fablico ao protesto foi mista. Enquanto alguns cidad\u00e3os se juntaram ao MBL em apoio \u00e0 manifesta\u00e7\u00e3o e sua mensagem, outros mostraram apatia ou at\u00e9 mesmo desaprova\u00e7\u00e3o. A polariza\u00e7\u00e3o em torno do tema reflete a complexidade e a divis\u00e3o de opini\u00f5es na sociedade brasileira sobre a atua\u00e7\u00e3o do governo, do Judici\u00e1rio e de institui\u00e7\u00f5es financeiras.<\/p>\n<h2>A Import\u00e2ncia do Espa\u00e7o P\u00fablico em Manifesta\u00e7\u00f5es<\/h2>\n<p>O uso do espa\u00e7o p\u00fablico para manifesta\u00e7\u00f5es \u00e9 um direito garantido pela constitui\u00e7\u00e3o brasileira. O ato do MBL na Avenida Faria Lima relembra a import\u00e2ncia desses espa\u00e7os como plataformas para a troca de ideias e express\u00f5es de descontentamento. Tais manifesta\u00e7\u00f5es s\u00e3o cruciais para que a voz da sociedade civil seja ouvida e tenham a capacidade de influenciar decis\u00f5es pol\u00edticas e sociais.<\/p>\n<h2>Repercuss\u00e3o na M\u00eddia e Redes Sociais<\/h2>\n<p>A m\u00eddia e as redes sociais desempenharam um papel fundamental na divulga\u00e7\u00e3o do protesto. Reportagens e postagens nas plataformas digitais amplificaram as mensagens da manifesta\u00e7\u00e3o, permitindo que um p\u00fablico mais amplo tomasse conhecimento das reivindica\u00e7\u00f5es do MBL. Isso gerou um debate acalorado em diversas esferas sociais, especialmente nas redes sociais, onde opini\u00f5es divergentes sobre o assunto foram compartilhadas e discutidas.<\/p>\n<h2>Movimento MBL: Hist\u00f3ria e Filosofia<\/h2>\n<p>O MBL, fundado em 2014, buscou inicialmente promover pautas liberais e de direita, conquistando notoriedade principalmente em a\u00e7\u00f5es contra a corrup\u00e7\u00e3o e a favor do impeachment de Dilma Rousseff. Desde ent\u00e3o, o movimento tem se posicionado em diversas quest\u00f5es relevantes, incluindo reformas econ\u00f4micas e sociais, defendendo a diminui\u00e7\u00e3o do Estado e a liberdade econ\u00f4mica. A filosofia do movimento atraiu um eleitorado que busca mudan\u00e7as significativas no cen\u00e1rio pol\u00edtico brasileiro.<\/p>\n<h2>O Papel da Justi\u00e7a em Conflitos Econ\u00f4micos<\/h2>\n<p>Os conflitos econ\u00f4micos no Brasil frequentemente geram litigiosidade, especialmente quando envolvem institui\u00e7\u00f5es financeiras e decis\u00f5es judiciais. A atua\u00e7\u00e3o do Judici\u00e1rio, incluindo a do STF, \u00e9 muitas vezes questionada por sua disposi\u00e7\u00e3o em intervir em quest\u00f5es econ\u00f4micas e regulat\u00f3rias. O caso do Banco Master \u00e9 um exemplo de como tais conflitos podem gerar descontentamento e rea\u00e7\u00f5es da sociedade.<\/p>\n<h2>Vis\u00f5es Opostas sobre o Ato do MBL<\/h2>\n<p>As opini\u00f5es sobre o protesto realizado pelo MBL s\u00e3o polarizadas. Enquanto apoiadores veem a manifesta\u00e7\u00e3o como uma defesa da justi\u00e7a e da transpar\u00eancia, opositores a enxergam como um desvio das quest\u00f5es mais relevantes do pa\u00eds. Essa divis\u00e3o reflete a complexidade do cen\u00e1rio pol\u00edtico brasileiro e a necessidade de uma discuss\u00e3o mais profunda sobre as pol\u00edticas p\u00fablicas e as responsabilidades das institui\u00e7\u00f5es.<\/p>\n","protected":false},"excerpt":{"rendered":"<p>O MBL promoveu um ato significativo em frente ao Banco Master na Faria Lima.<\/p>\n","protected":false},"author":1,"featured_media":4165,"comment_status":"open","ping_status":"open","sticky":false,"template":"","format":"standard","meta":{"footnotes":""},"categories":[5],"tags":[],"class_list":["post-4166","post","type-post","status-publish","format-standard","has-post-thumbnail","hentry","category-noticias","has_thumb"],"yoast_head":"<!-- This site is optimized with the Yoast SEO plugin v27.4 - https:\/\/yoast.com\/product\/yoast-seo-wordpress\/ -->\n<title>MBL faz ato contra Toffoli, Moraes e Vorcaro em frente \u00e0 sede do Master na Faria Lima | Guia Comercial Avenida Faria Lima<\/title>\n<meta name=\"robots\" content=\"index, follow, max-snippet:-1, max-image-preview:large, max-video-preview:-1\" \/>\n<link rel=\"canonical\" href=\"https:\/\/www.encontrajardins.com.br\/av-faria-lima\/mbl-faz-ato-contra-toffoli-moraes-e-vorcaro-em-frente-a-sede-do-master-na-faria-lima\/\" \/>\n<meta property=\"og:locale\" content=\"pt_BR\" \/>\n<meta property=\"og:type\" content=\"article\" \/>\n<meta property=\"og:title\" content=\"MBL faz ato contra Toffoli, Moraes e Vorcaro em frente \u00e0 sede do Master na Faria Lima | Guia Comercial Avenida Faria Lima\" \/>\n<meta property=\"og:description\" content=\"O MBL promoveu um ato significativo em frente ao Banco Master na Faria Lima.\" \/>\n<meta property=\"og:url\" content=\"https:\/\/www.encontrajardins.com.br\/av-faria-lima\/mbl-faz-ato-contra-toffoli-moraes-e-vorcaro-em-frente-a-sede-do-master-na-faria-lima\/\" \/>\n<meta property=\"og:site_name\" content=\"Guia Comercial Avenida Faria Lima\" \/>\n<meta property=\"article:published_time\" content=\"2026-01-25T15:45:23+00:00\" \/>\n<meta property=\"og:image\" content=\"https:\/\/www.encontrajardins.com.br\/av-faria-lima\/wp-content\/uploads\/2026\/01\/mbl-faz-ato-contra-toffoli-moraes-e-vorcaro-em-frente-a-sede-do-master-na-faria-lima.webp\" \/>\n<meta name=\"author\" content=\"Encontra Avenida Faria Lima\" \/>\n<meta name=\"twitter:card\" content=\"summary_large_image\" \/>\n<meta name=\"twitter:label1\" content=\"Escrito por\" \/>\n\t<meta name=\"twitter:data1\" content=\"Encontra Avenida Faria Lima\" \/>\n\t<meta name=\"twitter:label2\" content=\"Est. tempo de leitura\" \/>\n\t<meta name=\"twitter:data2\" content=\"4 minutos\" \/>\n<script type=\"application\/ld+json\" class=\"yoast-schema-graph\">{\"@context\":\"https:\\\/\\\/schema.org\",\"@graph\":[{\"@type\":\"Article\",\"@id\":\"https:\\\/\\\/www.encontrajardins.com.br\\\/av-faria-lima\\\/mbl-faz-ato-contra-toffoli-moraes-e-vorcaro-em-frente-a-sede-do-master-na-faria-lima\\\/#article\",\"isPartOf\":{\"@id\":\"https:\\\/\\\/www.encontrajardins.com.br\\\/av-faria-lima\\\/mbl-faz-ato-contra-toffoli-moraes-e-vorcaro-em-frente-a-sede-do-master-na-faria-lima\\\/\"},\"author\":{\"name\":\"Encontra Avenida Faria Lima\",\"@id\":\"https:\\\/\\\/www.encontrajardins.com.br\\\/av-faria-lima\\\/#\\\/schema\\\/person\\\/79badd2a12b75d685ad41dac082e5111\"},\"headline\":\"MBL faz ato contra Toffoli, Moraes e Vorcaro em frente \u00e0 sede do Master na Faria Lima\",\"datePublished\":\"2026-01-25T15:45:23+00:00\",\"mainEntityOfPage\":{\"@id\":\"https:\\\/\\\/www.encontrajardins.com.br\\\/av-faria-lima\\\/mbl-faz-ato-contra-toffoli-moraes-e-vorcaro-em-frente-a-sede-do-master-na-faria-lima\\\/\"},\"wordCount\":821,\"commentCount\":0,\"image\":{\"@id\":\"https:\\\/\\\/www.encontrajardins.com.br\\\/av-faria-lima\\\/mbl-faz-ato-contra-toffoli-moraes-e-vorcaro-em-frente-a-sede-do-master-na-faria-lima\\\/#primaryimage\"},\"thumbnailUrl\":\"https:\\\/\\\/www.encontrajardins.com.br\\\/av-faria-lima\\\/wp-content\\\/uploads\\\/2026\\\/01\\\/mbl-faz-ato-contra-toffoli-moraes-e-vorcaro-em-frente-a-sede-do-master-na-faria-lima.webp\",\"articleSection\":[\"Not\u00edcias Avenida Faria Lima\"],\"inLanguage\":\"pt-BR\",\"potentialAction\":[{\"@type\":\"CommentAction\",\"name\":\"Comment\",\"target\":[\"https:\\\/\\\/www.encontrajardins.com.br\\\/av-faria-lima\\\/mbl-faz-ato-contra-toffoli-moraes-e-vorcaro-em-frente-a-sede-do-master-na-faria-lima\\\/#respond\"]}]},{\"@type\":\"WebPage\",\"@id\":\"https:\\\/\\\/www.encontrajardins.com.br\\\/av-faria-lima\\\/mbl-faz-ato-contra-toffoli-moraes-e-vorcaro-em-frente-a-sede-do-master-na-faria-lima\\\/\",\"url\":\"https:\\\/\\\/www.encontrajardins.com.br\\\/av-faria-lima\\\/mbl-faz-ato-contra-toffoli-moraes-e-vorcaro-em-frente-a-sede-do-master-na-faria-lima\\\/\",\"name\":\"MBL faz ato contra Toffoli, Moraes e Vorcaro em frente \u00e0 sede do Master na Faria Lima | Guia Comercial Avenida Faria Lima\",\"isPartOf\":{\"@id\":\"https:\\\/\\\/www.encontrajardins.com.br\\\/av-faria-lima\\\/#website\"},\"primaryImageOfPage\":{\"@id\":\"https:\\\/\\\/www.encontrajardins.com.br\\\/av-faria-lima\\\/mbl-faz-ato-contra-toffoli-moraes-e-vorcaro-em-frente-a-sede-do-master-na-faria-lima\\\/#primaryimage\"},\"image\":{\"@id\":\"https:\\\/\\\/www.encontrajardins.com.br\\\/av-faria-lima\\\/mbl-faz-ato-contra-toffoli-moraes-e-vorcaro-em-frente-a-sede-do-master-na-faria-lima\\\/#primaryimage\"},\"thumbnailUrl\":\"https:\\\/\\\/www.encontrajardins.com.br\\\/av-faria-lima\\\/wp-content\\\/uploads\\\/2026\\\/01\\\/mbl-faz-ato-contra-toffoli-moraes-e-vorcaro-em-frente-a-sede-do-master-na-faria-lima.webp\",\"datePublished\":\"2026-01-25T15:45:23+00:00\",\"author\":{\"@id\":\"https:\\\/\\\/www.encontrajardins.com.br\\\/av-faria-lima\\\/#\\\/schema\\\/person\\\/79badd2a12b75d685ad41dac082e5111\"},\"inLanguage\":\"pt-BR\",\"potentialAction\":[{\"@type\":\"ReadAction\",\"target\":[\"https:\\\/\\\/www.encontrajardins.com.br\\\/av-faria-lima\\\/mbl-faz-ato-contra-toffoli-moraes-e-vorcaro-em-frente-a-sede-do-master-na-faria-lima\\\/\"]}]},{\"@type\":\"ImageObject\",\"inLanguage\":\"pt-BR\",\"@id\":\"https:\\\/\\\/www.encontrajardins.com.br\\\/av-faria-lima\\\/mbl-faz-ato-contra-toffoli-moraes-e-vorcaro-em-frente-a-sede-do-master-na-faria-lima\\\/#primaryimage\",\"url\":\"https:\\\/\\\/www.encontrajardins.com.br\\\/av-faria-lima\\\/wp-content\\\/uploads\\\/2026\\\/01\\\/mbl-faz-ato-contra-toffoli-moraes-e-vorcaro-em-frente-a-sede-do-master-na-faria-lima.webp\",\"contentUrl\":\"https:\\\/\\\/www.encontrajardins.com.br\\\/av-faria-lima\\\/wp-content\\\/uploads\\\/2026\\\/01\\\/mbl-faz-ato-contra-toffoli-moraes-e-vorcaro-em-frente-a-sede-do-master-na-faria-lima.webp\",\"width\":280,\"height\":280,\"caption\":\"Protesto MBL Faria Lima\"},{\"@type\":\"WebSite\",\"@id\":\"https:\\\/\\\/www.encontrajardins.com.br\\\/av-faria-lima\\\/#website\",\"url\":\"https:\\\/\\\/www.encontrajardins.com.br\\\/av-faria-lima\\\/\",\"name\":\"Guia Comercial Avenida Faria Lima\",\"description\":\"ENCONTRA AVENIDA FARIA LIMA - O guia comercial de neg\u00f3cios e empresas, cultura e divers\u00e3o na Avenida Faria Lima. Feito 100% para voc\u00ea morador!\",\"potentialAction\":[{\"@type\":\"SearchAction\",\"target\":{\"@type\":\"EntryPoint\",\"urlTemplate\":\"https:\\\/\\\/www.encontrajardins.com.br\\\/av-faria-lima\\\/?s={search_term_string}\"},\"query-input\":{\"@type\":\"PropertyValueSpecification\",\"valueRequired\":true,\"valueName\":\"search_term_string\"}}],\"inLanguage\":\"pt-BR\"},{\"@type\":\"Person\",\"@id\":\"https:\\\/\\\/www.encontrajardins.com.br\\\/av-faria-lima\\\/#\\\/schema\\\/person\\\/79badd2a12b75d685ad41dac082e5111\",\"name\":\"Encontra Avenida Faria Lima\",\"image\":{\"@type\":\"ImageObject\",\"inLanguage\":\"pt-BR\",\"@id\":\"https:\\\/\\\/www.encontrajardins.com.br\\\/av-faria-lima\\\/wp-content\\\/litespeed\\\/avatar\\\/e92a756db1fc224ef50d2f00ed0d047a.jpg?ver=1776988651\",\"url\":\"https:\\\/\\\/www.encontrajardins.com.br\\\/av-faria-lima\\\/wp-content\\\/litespeed\\\/avatar\\\/e92a756db1fc224ef50d2f00ed0d047a.jpg?ver=1776988651\",\"contentUrl\":\"https:\\\/\\\/www.encontrajardins.com.br\\\/av-faria-lima\\\/wp-content\\\/litespeed\\\/avatar\\\/e92a756db1fc224ef50d2f00ed0d047a.jpg?ver=1776988651\",\"caption\":\"Encontra Avenida Faria Lima\"},\"url\":\"https:\\\/\\\/www.encontrajardins.com.br\\\/av-faria-lima\\\/author\\\/av-faria-lima\\\/\"}]}<\/script>\n<!-- \/ Yoast SEO plugin. -->","yoast_head_json":{"title":"MBL faz ato contra Toffoli, Moraes e Vorcaro em frente \u00e0 sede do Master na Faria Lima | Guia Comercial Avenida Faria Lima","robots":{"index":"index","follow":"follow","max-snippet":"max-snippet:-1","max-image-preview":"max-image-preview:large","max-video-preview":"max-video-preview:-1"},"canonical":"https:\/\/www.encontrajardins.com.br\/av-faria-lima\/mbl-faz-ato-contra-toffoli-moraes-e-vorcaro-em-frente-a-sede-do-master-na-faria-lima\/","og_locale":"pt_BR","og_type":"article","og_title":"MBL faz ato contra Toffoli, Moraes e Vorcaro em frente \u00e0 sede do Master na Faria Lima | Guia Comercial Avenida Faria Lima","og_description":"O MBL promoveu um ato significativo em frente ao Banco Master na Faria Lima.","og_url":"https:\/\/www.encontrajardins.com.br\/av-faria-lima\/mbl-faz-ato-contra-toffoli-moraes-e-vorcaro-em-frente-a-sede-do-master-na-faria-lima\/","og_site_name":"Guia Comercial Avenida Faria Lima","article_published_time":"2026-01-25T15:45:23+00:00","og_image":[{"url":"https:\/\/www.encontrajardins.com.br\/av-faria-lima\/wp-content\/uploads\/2026\/01\/mbl-faz-ato-contra-toffoli-moraes-e-vorcaro-em-frente-a-sede-do-master-na-faria-lima.webp","type":"","width":"","height":""}],"author":"Encontra Avenida Faria Lima","twitter_card":"summary_large_image","twitter_misc":{"Escrito por":"Encontra Avenida Faria Lima","Est. tempo de leitura":"4 minutos"},"schema":{"@context":"https:\/\/schema.org","@graph":[{"@type":"Article","@id":"https:\/\/www.encontrajardins.com.br\/av-faria-lima\/mbl-faz-ato-contra-toffoli-moraes-e-vorcaro-em-frente-a-sede-do-master-na-faria-lima\/#article","isPartOf":{"@id":"https:\/\/www.encontrajardins.com.br\/av-faria-lima\/mbl-faz-ato-contra-toffoli-moraes-e-vorcaro-em-frente-a-sede-do-master-na-faria-lima\/"},"author":{"name":"Encontra Avenida Faria Lima","@id":"https:\/\/www.encontrajardins.com.br\/av-faria-lima\/#\/schema\/person\/79badd2a12b75d685ad41dac082e5111"},"headline":"MBL faz ato contra Toffoli, Moraes e Vorcaro em frente \u00e0 sede do Master na Faria Lima","datePublished":"2026-01-25T15:45:23+00:00","mainEntityOfPage":{"@id":"https:\/\/www.encontrajardins.com.br\/av-faria-lima\/mbl-faz-ato-contra-toffoli-moraes-e-vorcaro-em-frente-a-sede-do-master-na-faria-lima\/"},"wordCount":821,"commentCount":0,"image":{"@id":"https:\/\/www.encontrajardins.com.br\/av-faria-lima\/mbl-faz-ato-contra-toffoli-moraes-e-vorcaro-em-frente-a-sede-do-master-na-faria-lima\/#primaryimage"},"thumbnailUrl":"https:\/\/www.encontrajardins.com.br\/av-faria-lima\/wp-content\/uploads\/2026\/01\/mbl-faz-ato-contra-toffoli-moraes-e-vorcaro-em-frente-a-sede-do-master-na-faria-lima.webp","articleSection":["Not\u00edcias Avenida Faria Lima"],"inLanguage":"pt-BR","potentialAction":[{"@type":"CommentAction","name":"Comment","target":["https:\/\/www.encontrajardins.com.br\/av-faria-lima\/mbl-faz-ato-contra-toffoli-moraes-e-vorcaro-em-frente-a-sede-do-master-na-faria-lima\/#respond"]}]},{"@type":"WebPage","@id":"https:\/\/www.encontrajardins.com.br\/av-faria-lima\/mbl-faz-ato-contra-toffoli-moraes-e-vorcaro-em-frente-a-sede-do-master-na-faria-lima\/","url":"https:\/\/www.encontrajardins.com.br\/av-faria-lima\/mbl-faz-ato-contra-toffoli-moraes-e-vorcaro-em-frente-a-sede-do-master-na-faria-lima\/","name":"MBL faz ato contra Toffoli, Moraes e Vorcaro em frente \u00e0 sede do Master na Faria Lima | Guia Comercial Avenida Faria Lima","isPartOf":{"@id":"https:\/\/www.encontrajardins.com.br\/av-faria-lima\/#website"},"primaryImageOfPage":{"@id":"https:\/\/www.encontrajardins.com.br\/av-faria-lima\/mbl-faz-ato-contra-toffoli-moraes-e-vorcaro-em-frente-a-sede-do-master-na-faria-lima\/#primaryimage"},"image":{"@id":"https:\/\/www.encontrajardins.com.br\/av-faria-lima\/mbl-faz-ato-contra-toffoli-moraes-e-vorcaro-em-frente-a-sede-do-master-na-faria-lima\/#primaryimage"},"thumbnailUrl":"https:\/\/www.encontrajardins.com.br\/av-faria-lima\/wp-content\/uploads\/2026\/01\/mbl-faz-ato-contra-toffoli-moraes-e-vorcaro-em-frente-a-sede-do-master-na-faria-lima.webp","datePublished":"2026-01-25T15:45:23+00:00","author":{"@id":"https:\/\/www.encontrajardins.com.br\/av-faria-lima\/#\/schema\/person\/79badd2a12b75d685ad41dac082e5111"},"inLanguage":"pt-BR","potentialAction":[{"@type":"ReadAction","target":["https:\/\/www.encontrajardins.com.br\/av-faria-lima\/mbl-faz-ato-contra-toffoli-moraes-e-vorcaro-em-frente-a-sede-do-master-na-faria-lima\/"]}]},{"@type":"ImageObject","inLanguage":"pt-BR","@id":"https:\/\/www.encontrajardins.com.br\/av-faria-lima\/mbl-faz-ato-contra-toffoli-moraes-e-vorcaro-em-frente-a-sede-do-master-na-faria-lima\/#primaryimage","url":"https:\/\/www.encontrajardins.com.br\/av-faria-lima\/wp-content\/uploads\/2026\/01\/mbl-faz-ato-contra-toffoli-moraes-e-vorcaro-em-frente-a-sede-do-master-na-faria-lima.webp","contentUrl":"https:\/\/www.encontrajardins.com.br\/av-faria-lima\/wp-content\/uploads\/2026\/01\/mbl-faz-ato-contra-toffoli-moraes-e-vorcaro-em-frente-a-sede-do-master-na-faria-lima.webp","width":280,"height":280,"caption":"Protesto MBL Faria Lima"},{"@type":"WebSite","@id":"https:\/\/www.encontrajardins.com.br\/av-faria-lima\/#website","url":"https:\/\/www.encontrajardins.com.br\/av-faria-lima\/","name":"Guia Comercial Avenida Faria Lima","description":"ENCONTRA AVENIDA FARIA LIMA - O guia comercial de neg\u00f3cios e empresas, cultura e divers\u00e3o na Avenida Faria Lima. Feito 100% para voc\u00ea morador!","potentialAction":[{"@type":"SearchAction","target":{"@type":"EntryPoint","urlTemplate":"https:\/\/www.encontrajardins.com.br\/av-faria-lima\/?s={search_term_string}"},"query-input":{"@type":"PropertyValueSpecification","valueRequired":true,"valueName":"search_term_string"}}],"inLanguage":"pt-BR"},{"@type":"Person","@id":"https:\/\/www.encontrajardins.com.br\/av-faria-lima\/#\/schema\/person\/79badd2a12b75d685ad41dac082e5111","name":"Encontra Avenida Faria Lima","image":{"@type":"ImageObject","inLanguage":"pt-BR","@id":"https:\/\/www.encontrajardins.com.br\/av-faria-lima\/wp-content\/litespeed\/avatar\/e92a756db1fc224ef50d2f00ed0d047a.jpg?ver=1776988651","url":"https:\/\/www.encontrajardins.com.br\/av-faria-lima\/wp-content\/litespeed\/avatar\/e92a756db1fc224ef50d2f00ed0d047a.jpg?ver=1776988651","contentUrl":"https:\/\/www.encontrajardins.com.br\/av-faria-lima\/wp-content\/litespeed\/avatar\/e92a756db1fc224ef50d2f00ed0d047a.jpg?ver=1776988651","caption":"Encontra Avenida Faria Lima"},"url":"https:\/\/www.encontrajardins.com.br\/av-faria-lima\/author\/av-faria-lima\/"}]}},"_links":{"self":[{"href":"https:\/\/www.encontrajardins.com.br\/av-faria-lima\/wp-json\/wp\/v2\/posts\/4166","targetHints":{"allow":["GET"]}}],"collection":[{"href":"https:\/\/www.encontrajardins.com.br\/av-faria-lima\/wp-json\/wp\/v2\/posts"}],"about":[{"href":"https:\/\/www.encontrajardins.com.br\/av-faria-lima\/wp-json\/wp\/v2\/types\/post"}],"author":[{"embeddable":true,"href":"https:\/\/www.encontrajardins.com.br\/av-faria-lima\/wp-json\/wp\/v2\/users\/1"}],"replies":[{"embeddable":true,"href":"https:\/\/www.encontrajardins.com.br\/av-faria-lima\/wp-json\/wp\/v2\/comments?post=4166"}],"version-history":[{"count":0,"href":"https:\/\/www.encontrajardins.com.br\/av-faria-lima\/wp-json\/wp\/v2\/posts\/4166\/revisions"}],"wp:featuredmedia":[{"embeddable":true,"href":"https:\/\/www.encontrajardins.com.br\/av-faria-lima\/wp-json\/wp\/v2\/media\/4165"}],"wp:attachment":[{"href":"https:\/\/www.encontrajardins.com.br\/av-faria-lima\/wp-json\/wp\/v2\/media?parent=4166"}],"wp:term":[{"taxonomy":"category","embeddable":true,"href":"https:\/\/www.encontrajardins.com.br\/av-faria-lima\/wp-json\/wp\/v2\/categories?post=4166"},{"taxonomy":"post_tag","embeddable":true,"href":"https:\/\/www.encontrajardins.com.br\/av-faria-lima\/wp-json\/wp\/v2\/tags?post=4166"}],"curies":[{"name":"wp","href":"https:\/\/api.w.org\/{rel}","templated":true}]}}