{"id":4196,"date":"2026-01-31T12:44:32","date_gmt":"2026-01-31T15:44:32","guid":{"rendered":"https:\/\/www.encontrajardins.com.br\/av-faria-lima\/campanha-de-125-anos-de-leao-ocupa-lagoa-e-faria-lima-com-ativacoes-abertas-ao-publico\/"},"modified":"2026-01-31T12:44:32","modified_gmt":"2026-01-31T15:44:32","slug":"campanha-de-125-anos-de-leao-ocupa-lagoa-e-faria-lima-com-ativacoes-abertas-ao-publico","status":"publish","type":"post","link":"https:\/\/www.encontrajardins.com.br\/av-faria-lima\/campanha-de-125-anos-de-leao-ocupa-lagoa-e-faria-lima-com-ativacoes-abertas-ao-publico\/","title":{"rendered":"Campanha de 125 anos de Le\u00e3o ocupa Lagoa e Faria Lima com ativa\u00e7\u00f5es abertas ao p\u00fablico"},"content":{"rendered":"<h2>Ativa\u00e7\u00f5es Imersivas no Rio de Janeiro<\/h2>\n<p>Comemorando seus 125 anos de atua\u00e7\u00e3o no mercado, a renomada marca **Le\u00e3o** apresenta uma s\u00e9rie de ativa\u00e7\u00f5es conhecidas como **\u201cLe\u00e3o: sua pausa sabor praia h\u00e1 125 anos\u201d**. Esta iniciativa tem o objetivo de proporcionar experi\u00eancias imersivas em locais ic\u00f4nicos de grandes centros urbanos, focando na Lagoa Rodrigo de Freitas, no Rio de Janeiro. A proposta \u00e9 oferecer ao p\u00fablico a oportunidade de desacelerar, permitindo momentos de descontra\u00e7\u00e3o no meio da agita\u00e7\u00e3o urbana.<\/p>\n<h2>Experi\u00eancia de &#8216;De Boa na Lagoa&#8217;<\/h2>\n<p>A ativa\u00e7\u00e3o **\u201cDe Boa na Lagoa\u201d** ocorrer\u00e1 nos dias 31 de janeiro e 1\u00ba de fevereiro de 2026, na Lagoa Rodrigo de Freitas. Neste evento, os participantes poder\u00e3o desfrutar de ambientes interativos que foram criados especialmente para a ocasi\u00e3o. Entre as atra\u00e7\u00f5es, destaca-se uma cadeira de praia em tamanho gigante, perfeita para fotos que capturam o esp\u00edrito leve e relaxante que a experi\u00eancia promete oferecer, e um fot\u00f3grafo oficial que far\u00e1 cliques instant\u00e2neos, entregando as imagens com moldura personalizada.<\/p>\n<h2>Degusta\u00e7\u00e3o de Produtos Le\u00e3o<\/h2>\n<p>Durante a ativa\u00e7\u00e3o no Rio, os visitantes poder\u00e3o participar de diversas experi\u00eancias sensoriais. Isso inclui a degusta\u00e7\u00e3o de uma sele\u00e7\u00e3o de produtos **Le\u00e3o** que celebram a tradi\u00e7\u00e3o da marca em oferecer qualidade e sabor. Al\u00e9m disso, haver\u00e1 distribui\u00e7\u00e3o de brindes e a oportunidade de customizar itens como bucket hats, enriquecendo ainda mais a viv\u00eancia dos participantes.<\/p>\n<p><img decoding=\"async\" src=\"https:\/\/www.encontrajardins.com.br\/av-faria-lima\/wp-content\/uploads\/2026\/01\/campanha-de-125-anos-de-leao-ocupa-lagoa-e-faria-lima-com-ativacoes-abertas-ao-publico.webp\" alt=\"\" loading=\"lazy\" \/><\/p>\n<h2>Customiza\u00e7\u00e3o de Itens Exclusivos<\/h2>\n<p>Entre as atividades oferecidas, a customiza\u00e7\u00e3o de bucket hats permitir\u00e1 que os presentes expressem sua criatividade, tornando os acess\u00f3rios \u00fanicos e personalizados. Essa iniciativa refor\u00e7a o esp\u00edrito de inclus\u00e3o e participa\u00e7\u00e3o, conectando ainda mais o p\u00fablico \u00e0 marca e sua hist\u00f3ria.<\/p>\n<h2>Programa\u00e7\u00e3o Musical no Rio<\/h2>\n<p>Al\u00e9m da experi\u00eancia sensorial e das atividades de personaliza\u00e7\u00e3o, o evento contar\u00e1 com uma programa\u00e7\u00e3o musical vibrante. No final da tarde, apresenta\u00e7\u00f5es de artistas locais, como Tarc\u00edsio Cis\u00e3o com sua roda de samba, e Chacal do Sax prometem animar o clima descontra\u00eddo do evento, transformando a Lagoa em um cen\u00e1rio de celebra\u00e7\u00e3o.<\/p>\n<h2>Transforma\u00e7\u00e3o da Avenida Faria Lima<\/h2>\n<p>Em S\u00e3o Paulo, a campanha se manifesta na forma da ativa\u00e7\u00e3o **\u201cBeach Office\u201d**, que acontece nos dias 4 e 5 de fevereiro de 2026. Esta iniciativa transforma a Avenida Faria Lima, um dos principais eixos corporativos da cidade, em um ambiente de descontra\u00e7\u00e3o e relaxamento. O espa\u00e7o ser\u00e1 equipado com lounges, provendo sombra e conforto, e contar\u00e1 com pontos de recarga para dispositivos eletr\u00f4nicos, permitindo que os usu\u00e1rios aproveitem suas pausas da melhor maneira poss\u00edvel.<\/p>\n<h2>Atra\u00e7\u00f5es e Brindes em S\u00e3o Paulo<\/h2>\n<p>A ativa\u00e7\u00e3o em S\u00e3o Paulo incluir\u00e1 jogos de frescobol, degusta\u00e7\u00e3o de bebidas no **Quiosque Le\u00e3o**, al\u00e9m da distribui\u00e7\u00e3o de brindes e espa\u00e7os para customiza\u00e7\u00e3o. Estruturas cenogr\u00e1ficas estar\u00e3o \u00e0 disposi\u00e7\u00e3o do p\u00fablico, criando um ambiente alegre e festivo que favorece a intera\u00e7\u00e3o e o engajamento.<\/p>\n<h2>Conex\u00e3o com a Natureza e Bem-Estar<\/h2>\n<p>A experi\u00eancia proposta pela **Le\u00e3o** nestes eventos refor\u00e7a a import\u00e2ncia de se desconectar da rotina agitada e aproveitar momentos de qualidade. A proposta destaca a conex\u00e3o com a natureza como um caminho para o bem-estar, com atividades que incentivam o relaxamento e a paz de esp\u00edrito.<\/p>\n<h2>A Import\u00e2ncia da Pausa no Dia a Dia<\/h2>\n<p>Criar um tempo para pausas durante o dia \u00e9 essencial para o bem-estar mental e emocional. As ativa\u00e7\u00f5es de 125 anos da marca **Le\u00e3o** n\u00e3o apenas celebram a hist\u00f3ria da empresa, mas tamb\u00e9m enfatizam a necessidade de pequenas descontra\u00e7\u00f5es e momentos de leveza na vida cotidiana, mesmo em meio \u00e0 correria das grandes cidades.<\/p>\n<h2>Celebra\u00e7\u00e3o de uma Hist\u00f3ria de 125 Anos<\/h2>\n<p>Para Raquel Ribeiro, respons\u00e1vel pela \u00e1rea de marketing da Coca-Cola Brasil, **&#8221;Celebrar 125 anos \u00e9 comemorar uma rela\u00e7\u00e3o constru\u00edda com afeto ao longo do tempo. Essas ativa\u00e7\u00f5es convidam as pessoas a desacelerarem e encontrarem, mesmo em meio ao ritmo intenso das cidades, aquele estado de esp\u00edrito leve e solar que sempre fez parte da hist\u00f3ria de Le\u00e3o&#8221;**. Em suma, essa campanha n\u00e3o \u00e9 apenas uma celebra\u00e7\u00e3o; \u00e9 um convite \u00e0 viv\u00eancia de momentos significativos e marcantes, conectando passado e presente atrav\u00e9s da experi\u00eancia.<\/p>\n","protected":false},"excerpt":{"rendered":"<p>Le\u00e3o lan\u00e7a ativa\u00e7\u00e3o especial em Lagoa e Faria Lima para celebrar 125 anos.<\/p>\n","protected":false},"author":1,"featured_media":4195,"comment_status":"open","ping_status":"open","sticky":false,"template":"","format":"standard","meta":{"footnotes":""},"categories":[5],"tags":[],"class_list":["post-4196","post","type-post","status-publish","format-standard","has-post-thumbnail","hentry","category-noticias","has_thumb"],"yoast_head":"<!-- This site is optimized with the Yoast SEO plugin v27.4 - https:\/\/yoast.com\/product\/yoast-seo-wordpress\/ -->\n<title>Campanha de 125 anos de Le\u00e3o ocupa Lagoa e Faria Lima com ativa\u00e7\u00f5es abertas ao p\u00fablico | Guia Comercial Avenida Faria Lima<\/title>\n<meta name=\"robots\" content=\"index, follow, max-snippet:-1, max-image-preview:large, max-video-preview:-1\" \/>\n<link rel=\"canonical\" href=\"https:\/\/www.encontrajardins.com.br\/av-faria-lima\/campanha-de-125-anos-de-leao-ocupa-lagoa-e-faria-lima-com-ativacoes-abertas-ao-publico\/\" \/>\n<meta property=\"og:locale\" content=\"pt_BR\" \/>\n<meta property=\"og:type\" content=\"article\" \/>\n<meta property=\"og:title\" content=\"Campanha de 125 anos de Le\u00e3o ocupa Lagoa e Faria Lima com ativa\u00e7\u00f5es abertas ao p\u00fablico | Guia Comercial Avenida Faria Lima\" \/>\n<meta property=\"og:description\" content=\"Le\u00e3o lan\u00e7a ativa\u00e7\u00e3o especial em Lagoa e Faria Lima para celebrar 125 anos.\" \/>\n<meta property=\"og:url\" content=\"https:\/\/www.encontrajardins.com.br\/av-faria-lima\/campanha-de-125-anos-de-leao-ocupa-lagoa-e-faria-lima-com-ativacoes-abertas-ao-publico\/\" \/>\n<meta property=\"og:site_name\" content=\"Guia Comercial Avenida Faria Lima\" \/>\n<meta property=\"article:published_time\" content=\"2026-01-31T15:44:32+00:00\" \/>\n<meta property=\"og:image\" content=\"https:\/\/www.encontrajardins.com.br\/av-faria-lima\/wp-content\/uploads\/2026\/01\/campanha-de-125-anos-de-leao-ocupa-lagoa-e-faria-lima-com-ativacoes-abertas-ao-publico.webp\" \/>\n<meta name=\"author\" content=\"Encontra Avenida Faria Lima\" \/>\n<meta name=\"twitter:card\" content=\"summary_large_image\" \/>\n<meta name=\"twitter:label1\" content=\"Escrito por\" \/>\n\t<meta name=\"twitter:data1\" content=\"Encontra Avenida Faria Lima\" \/>\n\t<meta name=\"twitter:label2\" content=\"Est. tempo de leitura\" \/>\n\t<meta name=\"twitter:data2\" content=\"4 minutos\" \/>\n<script type=\"application\/ld+json\" class=\"yoast-schema-graph\">{\"@context\":\"https:\\\/\\\/schema.org\",\"@graph\":[{\"@type\":\"Article\",\"@id\":\"https:\\\/\\\/www.encontrajardins.com.br\\\/av-faria-lima\\\/campanha-de-125-anos-de-leao-ocupa-lagoa-e-faria-lima-com-ativacoes-abertas-ao-publico\\\/#article\",\"isPartOf\":{\"@id\":\"https:\\\/\\\/www.encontrajardins.com.br\\\/av-faria-lima\\\/campanha-de-125-anos-de-leao-ocupa-lagoa-e-faria-lima-com-ativacoes-abertas-ao-publico\\\/\"},\"author\":{\"name\":\"Encontra Avenida Faria Lima\",\"@id\":\"https:\\\/\\\/www.encontrajardins.com.br\\\/av-faria-lima\\\/#\\\/schema\\\/person\\\/79badd2a12b75d685ad41dac082e5111\"},\"headline\":\"Campanha de 125 anos de Le\u00e3o ocupa Lagoa e Faria Lima com ativa\u00e7\u00f5es abertas ao p\u00fablico\",\"datePublished\":\"2026-01-31T15:44:32+00:00\",\"mainEntityOfPage\":{\"@id\":\"https:\\\/\\\/www.encontrajardins.com.br\\\/av-faria-lima\\\/campanha-de-125-anos-de-leao-ocupa-lagoa-e-faria-lima-com-ativacoes-abertas-ao-publico\\\/\"},\"wordCount\":759,\"commentCount\":0,\"image\":{\"@id\":\"https:\\\/\\\/www.encontrajardins.com.br\\\/av-faria-lima\\\/campanha-de-125-anos-de-leao-ocupa-lagoa-e-faria-lima-com-ativacoes-abertas-ao-publico\\\/#primaryimage\"},\"thumbnailUrl\":\"https:\\\/\\\/www.encontrajardins.com.br\\\/av-faria-lima\\\/wp-content\\\/uploads\\\/2026\\\/01\\\/campanha-de-125-anos-de-leao-ocupa-lagoa-e-faria-lima-com-ativacoes-abertas-ao-publico.webp\",\"articleSection\":[\"Not\u00edcias Avenida Faria Lima\"],\"inLanguage\":\"pt-BR\",\"potentialAction\":[{\"@type\":\"CommentAction\",\"name\":\"Comment\",\"target\":[\"https:\\\/\\\/www.encontrajardins.com.br\\\/av-faria-lima\\\/campanha-de-125-anos-de-leao-ocupa-lagoa-e-faria-lima-com-ativacoes-abertas-ao-publico\\\/#respond\"]}]},{\"@type\":\"WebPage\",\"@id\":\"https:\\\/\\\/www.encontrajardins.com.br\\\/av-faria-lima\\\/campanha-de-125-anos-de-leao-ocupa-lagoa-e-faria-lima-com-ativacoes-abertas-ao-publico\\\/\",\"url\":\"https:\\\/\\\/www.encontrajardins.com.br\\\/av-faria-lima\\\/campanha-de-125-anos-de-leao-ocupa-lagoa-e-faria-lima-com-ativacoes-abertas-ao-publico\\\/\",\"name\":\"Campanha de 125 anos de Le\u00e3o ocupa Lagoa e Faria Lima com ativa\u00e7\u00f5es abertas ao p\u00fablico | Guia Comercial Avenida Faria Lima\",\"isPartOf\":{\"@id\":\"https:\\\/\\\/www.encontrajardins.com.br\\\/av-faria-lima\\\/#website\"},\"primaryImageOfPage\":{\"@id\":\"https:\\\/\\\/www.encontrajardins.com.br\\\/av-faria-lima\\\/campanha-de-125-anos-de-leao-ocupa-lagoa-e-faria-lima-com-ativacoes-abertas-ao-publico\\\/#primaryimage\"},\"image\":{\"@id\":\"https:\\\/\\\/www.encontrajardins.com.br\\\/av-faria-lima\\\/campanha-de-125-anos-de-leao-ocupa-lagoa-e-faria-lima-com-ativacoes-abertas-ao-publico\\\/#primaryimage\"},\"thumbnailUrl\":\"https:\\\/\\\/www.encontrajardins.com.br\\\/av-faria-lima\\\/wp-content\\\/uploads\\\/2026\\\/01\\\/campanha-de-125-anos-de-leao-ocupa-lagoa-e-faria-lima-com-ativacoes-abertas-ao-publico.webp\",\"datePublished\":\"2026-01-31T15:44:32+00:00\",\"author\":{\"@id\":\"https:\\\/\\\/www.encontrajardins.com.br\\\/av-faria-lima\\\/#\\\/schema\\\/person\\\/79badd2a12b75d685ad41dac082e5111\"},\"inLanguage\":\"pt-BR\",\"potentialAction\":[{\"@type\":\"ReadAction\",\"target\":[\"https:\\\/\\\/www.encontrajardins.com.br\\\/av-faria-lima\\\/campanha-de-125-anos-de-leao-ocupa-lagoa-e-faria-lima-com-ativacoes-abertas-ao-publico\\\/\"]}]},{\"@type\":\"ImageObject\",\"inLanguage\":\"pt-BR\",\"@id\":\"https:\\\/\\\/www.encontrajardins.com.br\\\/av-faria-lima\\\/campanha-de-125-anos-de-leao-ocupa-lagoa-e-faria-lima-com-ativacoes-abertas-ao-publico\\\/#primaryimage\",\"url\":\"https:\\\/\\\/www.encontrajardins.com.br\\\/av-faria-lima\\\/wp-content\\\/uploads\\\/2026\\\/01\\\/campanha-de-125-anos-de-leao-ocupa-lagoa-e-faria-lima-com-ativacoes-abertas-ao-publico.webp\",\"contentUrl\":\"https:\\\/\\\/www.encontrajardins.com.br\\\/av-faria-lima\\\/wp-content\\\/uploads\\\/2026\\\/01\\\/campanha-de-125-anos-de-leao-ocupa-lagoa-e-faria-lima-com-ativacoes-abertas-ao-publico.webp\",\"width\":280,\"height\":280},{\"@type\":\"WebSite\",\"@id\":\"https:\\\/\\\/www.encontrajardins.com.br\\\/av-faria-lima\\\/#website\",\"url\":\"https:\\\/\\\/www.encontrajardins.com.br\\\/av-faria-lima\\\/\",\"name\":\"Guia Comercial Avenida Faria Lima\",\"description\":\"ENCONTRA AVENIDA FARIA LIMA - O guia comercial de neg\u00f3cios e empresas, cultura e divers\u00e3o na Avenida Faria Lima. Feito 100% para voc\u00ea morador!\",\"potentialAction\":[{\"@type\":\"SearchAction\",\"target\":{\"@type\":\"EntryPoint\",\"urlTemplate\":\"https:\\\/\\\/www.encontrajardins.com.br\\\/av-faria-lima\\\/?s={search_term_string}\"},\"query-input\":{\"@type\":\"PropertyValueSpecification\",\"valueRequired\":true,\"valueName\":\"search_term_string\"}}],\"inLanguage\":\"pt-BR\"},{\"@type\":\"Person\",\"@id\":\"https:\\\/\\\/www.encontrajardins.com.br\\\/av-faria-lima\\\/#\\\/schema\\\/person\\\/79badd2a12b75d685ad41dac082e5111\",\"name\":\"Encontra Avenida Faria Lima\",\"image\":{\"@type\":\"ImageObject\",\"inLanguage\":\"pt-BR\",\"@id\":\"https:\\\/\\\/www.encontrajardins.com.br\\\/av-faria-lima\\\/wp-content\\\/litespeed\\\/avatar\\\/e92a756db1fc224ef50d2f00ed0d047a.jpg?ver=1776988651\",\"url\":\"https:\\\/\\\/www.encontrajardins.com.br\\\/av-faria-lima\\\/wp-content\\\/litespeed\\\/avatar\\\/e92a756db1fc224ef50d2f00ed0d047a.jpg?ver=1776988651\",\"contentUrl\":\"https:\\\/\\\/www.encontrajardins.com.br\\\/av-faria-lima\\\/wp-content\\\/litespeed\\\/avatar\\\/e92a756db1fc224ef50d2f00ed0d047a.jpg?ver=1776988651\",\"caption\":\"Encontra Avenida Faria Lima\"},\"url\":\"https:\\\/\\\/www.encontrajardins.com.br\\\/av-faria-lima\\\/author\\\/av-faria-lima\\\/\"}]}<\/script>\n<!-- \/ Yoast SEO plugin. -->","yoast_head_json":{"title":"Campanha de 125 anos de Le\u00e3o ocupa Lagoa e Faria Lima com ativa\u00e7\u00f5es abertas ao p\u00fablico | Guia Comercial Avenida Faria Lima","robots":{"index":"index","follow":"follow","max-snippet":"max-snippet:-1","max-image-preview":"max-image-preview:large","max-video-preview":"max-video-preview:-1"},"canonical":"https:\/\/www.encontrajardins.com.br\/av-faria-lima\/campanha-de-125-anos-de-leao-ocupa-lagoa-e-faria-lima-com-ativacoes-abertas-ao-publico\/","og_locale":"pt_BR","og_type":"article","og_title":"Campanha de 125 anos de Le\u00e3o ocupa Lagoa e Faria Lima com ativa\u00e7\u00f5es abertas ao p\u00fablico | Guia Comercial Avenida Faria Lima","og_description":"Le\u00e3o lan\u00e7a ativa\u00e7\u00e3o especial em Lagoa e Faria Lima para celebrar 125 anos.","og_url":"https:\/\/www.encontrajardins.com.br\/av-faria-lima\/campanha-de-125-anos-de-leao-ocupa-lagoa-e-faria-lima-com-ativacoes-abertas-ao-publico\/","og_site_name":"Guia Comercial Avenida Faria Lima","article_published_time":"2026-01-31T15:44:32+00:00","og_image":[{"url":"https:\/\/www.encontrajardins.com.br\/av-faria-lima\/wp-content\/uploads\/2026\/01\/campanha-de-125-anos-de-leao-ocupa-lagoa-e-faria-lima-com-ativacoes-abertas-ao-publico.webp","type":"","width":"","height":""}],"author":"Encontra Avenida Faria Lima","twitter_card":"summary_large_image","twitter_misc":{"Escrito por":"Encontra Avenida Faria Lima","Est. tempo de leitura":"4 minutos"},"schema":{"@context":"https:\/\/schema.org","@graph":[{"@type":"Article","@id":"https:\/\/www.encontrajardins.com.br\/av-faria-lima\/campanha-de-125-anos-de-leao-ocupa-lagoa-e-faria-lima-com-ativacoes-abertas-ao-publico\/#article","isPartOf":{"@id":"https:\/\/www.encontrajardins.com.br\/av-faria-lima\/campanha-de-125-anos-de-leao-ocupa-lagoa-e-faria-lima-com-ativacoes-abertas-ao-publico\/"},"author":{"name":"Encontra Avenida Faria Lima","@id":"https:\/\/www.encontrajardins.com.br\/av-faria-lima\/#\/schema\/person\/79badd2a12b75d685ad41dac082e5111"},"headline":"Campanha de 125 anos de Le\u00e3o ocupa Lagoa e Faria Lima com ativa\u00e7\u00f5es abertas ao p\u00fablico","datePublished":"2026-01-31T15:44:32+00:00","mainEntityOfPage":{"@id":"https:\/\/www.encontrajardins.com.br\/av-faria-lima\/campanha-de-125-anos-de-leao-ocupa-lagoa-e-faria-lima-com-ativacoes-abertas-ao-publico\/"},"wordCount":759,"commentCount":0,"image":{"@id":"https:\/\/www.encontrajardins.com.br\/av-faria-lima\/campanha-de-125-anos-de-leao-ocupa-lagoa-e-faria-lima-com-ativacoes-abertas-ao-publico\/#primaryimage"},"thumbnailUrl":"https:\/\/www.encontrajardins.com.br\/av-faria-lima\/wp-content\/uploads\/2026\/01\/campanha-de-125-anos-de-leao-ocupa-lagoa-e-faria-lima-com-ativacoes-abertas-ao-publico.webp","articleSection":["Not\u00edcias Avenida Faria Lima"],"inLanguage":"pt-BR","potentialAction":[{"@type":"CommentAction","name":"Comment","target":["https:\/\/www.encontrajardins.com.br\/av-faria-lima\/campanha-de-125-anos-de-leao-ocupa-lagoa-e-faria-lima-com-ativacoes-abertas-ao-publico\/#respond"]}]},{"@type":"WebPage","@id":"https:\/\/www.encontrajardins.com.br\/av-faria-lima\/campanha-de-125-anos-de-leao-ocupa-lagoa-e-faria-lima-com-ativacoes-abertas-ao-publico\/","url":"https:\/\/www.encontrajardins.com.br\/av-faria-lima\/campanha-de-125-anos-de-leao-ocupa-lagoa-e-faria-lima-com-ativacoes-abertas-ao-publico\/","name":"Campanha de 125 anos de Le\u00e3o ocupa Lagoa e Faria Lima com ativa\u00e7\u00f5es abertas ao p\u00fablico | Guia Comercial Avenida Faria Lima","isPartOf":{"@id":"https:\/\/www.encontrajardins.com.br\/av-faria-lima\/#website"},"primaryImageOfPage":{"@id":"https:\/\/www.encontrajardins.com.br\/av-faria-lima\/campanha-de-125-anos-de-leao-ocupa-lagoa-e-faria-lima-com-ativacoes-abertas-ao-publico\/#primaryimage"},"image":{"@id":"https:\/\/www.encontrajardins.com.br\/av-faria-lima\/campanha-de-125-anos-de-leao-ocupa-lagoa-e-faria-lima-com-ativacoes-abertas-ao-publico\/#primaryimage"},"thumbnailUrl":"https:\/\/www.encontrajardins.com.br\/av-faria-lima\/wp-content\/uploads\/2026\/01\/campanha-de-125-anos-de-leao-ocupa-lagoa-e-faria-lima-com-ativacoes-abertas-ao-publico.webp","datePublished":"2026-01-31T15:44:32+00:00","author":{"@id":"https:\/\/www.encontrajardins.com.br\/av-faria-lima\/#\/schema\/person\/79badd2a12b75d685ad41dac082e5111"},"inLanguage":"pt-BR","potentialAction":[{"@type":"ReadAction","target":["https:\/\/www.encontrajardins.com.br\/av-faria-lima\/campanha-de-125-anos-de-leao-ocupa-lagoa-e-faria-lima-com-ativacoes-abertas-ao-publico\/"]}]},{"@type":"ImageObject","inLanguage":"pt-BR","@id":"https:\/\/www.encontrajardins.com.br\/av-faria-lima\/campanha-de-125-anos-de-leao-ocupa-lagoa-e-faria-lima-com-ativacoes-abertas-ao-publico\/#primaryimage","url":"https:\/\/www.encontrajardins.com.br\/av-faria-lima\/wp-content\/uploads\/2026\/01\/campanha-de-125-anos-de-leao-ocupa-lagoa-e-faria-lima-com-ativacoes-abertas-ao-publico.webp","contentUrl":"https:\/\/www.encontrajardins.com.br\/av-faria-lima\/wp-content\/uploads\/2026\/01\/campanha-de-125-anos-de-leao-ocupa-lagoa-e-faria-lima-com-ativacoes-abertas-ao-publico.webp","width":280,"height":280},{"@type":"WebSite","@id":"https:\/\/www.encontrajardins.com.br\/av-faria-lima\/#website","url":"https:\/\/www.encontrajardins.com.br\/av-faria-lima\/","name":"Guia Comercial Avenida Faria Lima","description":"ENCONTRA AVENIDA FARIA LIMA - O guia comercial de neg\u00f3cios e empresas, cultura e divers\u00e3o na Avenida Faria Lima. Feito 100% para voc\u00ea morador!","potentialAction":[{"@type":"SearchAction","target":{"@type":"EntryPoint","urlTemplate":"https:\/\/www.encontrajardins.com.br\/av-faria-lima\/?s={search_term_string}"},"query-input":{"@type":"PropertyValueSpecification","valueRequired":true,"valueName":"search_term_string"}}],"inLanguage":"pt-BR"},{"@type":"Person","@id":"https:\/\/www.encontrajardins.com.br\/av-faria-lima\/#\/schema\/person\/79badd2a12b75d685ad41dac082e5111","name":"Encontra Avenida Faria Lima","image":{"@type":"ImageObject","inLanguage":"pt-BR","@id":"https:\/\/www.encontrajardins.com.br\/av-faria-lima\/wp-content\/litespeed\/avatar\/e92a756db1fc224ef50d2f00ed0d047a.jpg?ver=1776988651","url":"https:\/\/www.encontrajardins.com.br\/av-faria-lima\/wp-content\/litespeed\/avatar\/e92a756db1fc224ef50d2f00ed0d047a.jpg?ver=1776988651","contentUrl":"https:\/\/www.encontrajardins.com.br\/av-faria-lima\/wp-content\/litespeed\/avatar\/e92a756db1fc224ef50d2f00ed0d047a.jpg?ver=1776988651","caption":"Encontra Avenida Faria Lima"},"url":"https:\/\/www.encontrajardins.com.br\/av-faria-lima\/author\/av-faria-lima\/"}]}},"_links":{"self":[{"href":"https:\/\/www.encontrajardins.com.br\/av-faria-lima\/wp-json\/wp\/v2\/posts\/4196","targetHints":{"allow":["GET"]}}],"collection":[{"href":"https:\/\/www.encontrajardins.com.br\/av-faria-lima\/wp-json\/wp\/v2\/posts"}],"about":[{"href":"https:\/\/www.encontrajardins.com.br\/av-faria-lima\/wp-json\/wp\/v2\/types\/post"}],"author":[{"embeddable":true,"href":"https:\/\/www.encontrajardins.com.br\/av-faria-lima\/wp-json\/wp\/v2\/users\/1"}],"replies":[{"embeddable":true,"href":"https:\/\/www.encontrajardins.com.br\/av-faria-lima\/wp-json\/wp\/v2\/comments?post=4196"}],"version-history":[{"count":0,"href":"https:\/\/www.encontrajardins.com.br\/av-faria-lima\/wp-json\/wp\/v2\/posts\/4196\/revisions"}],"wp:featuredmedia":[{"embeddable":true,"href":"https:\/\/www.encontrajardins.com.br\/av-faria-lima\/wp-json\/wp\/v2\/media\/4195"}],"wp:attachment":[{"href":"https:\/\/www.encontrajardins.com.br\/av-faria-lima\/wp-json\/wp\/v2\/media?parent=4196"}],"wp:term":[{"taxonomy":"category","embeddable":true,"href":"https:\/\/www.encontrajardins.com.br\/av-faria-lima\/wp-json\/wp\/v2\/categories?post=4196"},{"taxonomy":"post_tag","embeddable":true,"href":"https:\/\/www.encontrajardins.com.br\/av-faria-lima\/wp-json\/wp\/v2\/tags?post=4196"}],"curies":[{"name":"wp","href":"https:\/\/api.w.org\/{rel}","templated":true}]}}