{"id":4212,"date":"2026-02-02T12:49:46","date_gmt":"2026-02-02T15:49:46","guid":{"rendered":"https:\/\/www.encontrajardins.com.br\/av-faria-lima\/ilhabela-interdita-trecho-da-avenida-faria-lima-para-obras-essenciais\/"},"modified":"2026-02-02T12:49:46","modified_gmt":"2026-02-02T15:49:46","slug":"ilhabela-interdita-trecho-da-avenida-faria-lima-para-obras-essenciais","status":"publish","type":"post","link":"https:\/\/www.encontrajardins.com.br\/av-faria-lima\/ilhabela-interdita-trecho-da-avenida-faria-lima-para-obras-essenciais\/","title":{"rendered":"Ilhabela interdita trecho da Avenida Faria Lima para obras essenciais"},"content":{"rendered":"<h2>Hor\u00e1rios de Interdi\u00e7\u00e3o<\/h2>\n<p>A interdi\u00e7\u00e3o parcial da Avenida Faria Lima em Ilhabela est\u00e1 programada para come\u00e7ar na ter\u00e7a-feira, dia 27 de janeiro, \u00e0s 22h, com previs\u00e3o de t\u00e9rmino na quarta-feira, dia 28, \u00e0s 6h. Esse per\u00edodo foi escolhido para que as atividades de saneamento impactem o menor n\u00famero poss\u00edvel de motoristas e moradores.<\/p>\n<h2>Impacto no Tr\u00e2nsito<\/h2>\n<p>A interdi\u00e7\u00e3o afetar\u00e1 um trecho espec\u00edfico da Avenida Faria Lima, entre os n\u00fameros 256 e 335, pr\u00f3ximo ao Col\u00e9gio ACEI. Durante o bloqueio, o tr\u00e1fego ser\u00e1 monitorado para garantir a seguran\u00e7a e a fluidez, embora a Prefeitura recomende que a popula\u00e7\u00e3o evite essa rota, se poss\u00edvel.<\/p>\n<h2>Motivos da Interdi\u00e7\u00e3o Noturna<\/h2>\n<p>A escolha por realizar as obras \u00e0 noite deve-se ao desejo de minimizar interrup\u00e7\u00f5es. Com menos ve\u00edculos nas ruas, a execu\u00e7\u00e3o se torna mais eficiente e segura tanto para os trabalhadores quanto para os usu\u00e1rios da via.<\/p>\n<p><img decoding=\"async\" src=\"https:\/\/www.encontrajardins.com.br\/av-faria-lima\/wp-content\/uploads\/2026\/02\/ilhabela-interdita-trecho-da-avenida-faria-lima-para-obras-essenciais.webp\" alt=\"interdi\u00e7\u00e3o Avenida Faria Lima\" loading=\"lazy\" \/><\/p>\n<h2>Desvios Recomendados na Regi\u00e3o Central<\/h2>\n<p>Os motoristas que costumam passar pela Avenida Faria Lima devem considerar rotas alternativas para evitar congestionamentos. Recomenda-se utilizar vias adjacentes, onde a circula\u00e7\u00e3o ainda estar\u00e1 liberada.<\/p>\n<h2>Rota Alternativa para Motoristas<\/h2>\n<p>Para quem precisa atravessar a regi\u00e3o central durante o per\u00edodo da interdi\u00e7\u00e3o, as seguintes rotas alternativas s\u00e3o sugeridas:<\/p>\n<ul>\n<li><strong>Rua da Praia:<\/strong> Ideal para quem se desloca para o sul da cidade.<\/li>\n<li><strong>Avenida Bras\u00edlia:<\/strong> Boa op\u00e7\u00e3o para quem vai em dire\u00e7\u00e3o ao norte.<\/li>\n<li><strong>Estrada do Arroz:<\/strong> Pode facilitar o tr\u00e1fego para quem tem destinos mais distantes.<\/li>\n<\/ul>\n<h2>Import\u00e2ncia das Obras de Saneamento<\/h2>\n<p>As obras de saneamento s\u00e3o essenciais para melhorar a infraestrutura da cidade. Esses servi\u00e7os visam garantir abastecimento de \u00e1gua e drenagem adequados, prevenindo alagamentos e melhorando a qualidade de vida dos cidad\u00e3os.<\/p>\n<h2>Como a Interdi\u00e7\u00e3o Afeta Moradores<\/h2>\n<p>Embora os moradores da regi\u00e3o onde ocorre a interdi\u00e7\u00e3o tenham acesso garantido, \u00e9 importante que fiquem atentos \u00e0s orienta\u00e7\u00f5es de tr\u00e2nsito. A administra\u00e7\u00e3o municipal assegura que servi\u00e7os de emerg\u00eancia tamb\u00e9m poder\u00e3o operar sem restri\u00e7\u00f5es.<\/p>\n<h2>Orienta\u00e7\u00f5es para Motoristas na Avenida Faria Lima<\/h2>\n<p>Os motoristas que se encontrarem nas proximidades do local da obra devem:<\/p>\n<ul>\n<li>Respeitar a sinaliza\u00e7\u00e3o tempor\u00e1ria instalada.\n<li>\n<li>Reduzir a velocidade ao passar pela \u00e1rea de interdi\u00e7\u00e3o.<\/li>\n<li>Manter dist\u00e2ncia do local de trabalho dos oper\u00e1rios.<\/li>\n<\/ul>\n<h2>Pontos Cr\u00edticos Durante a Interdi\u00e7\u00e3o<\/h2>\n<p>Os principais pontos que exigem aten\u00e7\u00e3o redobrada incluem:<\/p>\n<ul>\n<li>O cruzamento pr\u00f3ximo ao Col\u00e9gio ACEI, onde a sinaliza\u00e7\u00e3o ser\u00e1 refor\u00e7ada.<\/li>\n<li>A entrada e sa\u00edda da Avenida Faria Lima, onde o fluxo de ve\u00edculos pode se acumular.<\/li>\n<li>Rotas alternativas, que podem ter um aumento no volume de tr\u00e1fego.<\/li>\n<\/ul>\n<h2>A\u00e7\u00e3o da Prefeitura e Agentes de Tr\u00e2nsito<\/h2>\n<p>Agentes de tr\u00e2nsito estar\u00e3o estrategicamente posicionados para orientar os condutores e monitorar o fluxo de ve\u00edculos nas proximidades da obra. Sua presen\u00e7a \u00e9 fundamental para garantir que as diretrizes sejam seguidas e evitar acidentes.<\/p>\n<h2>Comunicado Oficial sobre a Interdi\u00e7\u00e3o<\/h2>\n<p>A Prefeitura de Ilhabela, atrav\u00e9s da Secretaria de Mobilidade e Seguran\u00e7a, publicou um comunicado oficial alertando a popula\u00e7\u00e3o sobre a interdi\u00e7\u00e3o e os motivos que a justificam. A inten\u00e7\u00e3o \u00e9 manter todos informados e minimizar desconfortos durante a realiza\u00e7\u00e3o das obras.<\/p>\n","protected":false},"excerpt":{"rendered":"<p>Interdi\u00e7\u00e3o na Avenida Faria Lima: entenda os detalhes e desvio.<\/p>\n","protected":false},"author":1,"featured_media":4211,"comment_status":"open","ping_status":"open","sticky":false,"template":"","format":"standard","meta":{"footnotes":""},"categories":[5],"tags":[],"class_list":["post-4212","post","type-post","status-publish","format-standard","has-post-thumbnail","hentry","category-noticias","has_thumb"],"yoast_head":"<!-- This site is optimized with the Yoast SEO plugin v27.4 - https:\/\/yoast.com\/product\/yoast-seo-wordpress\/ -->\n<title>Ilhabela interdita trecho da Avenida Faria Lima para obras essenciais | Guia Comercial Avenida Faria Lima<\/title>\n<meta name=\"robots\" content=\"index, follow, max-snippet:-1, max-image-preview:large, max-video-preview:-1\" \/>\n<link rel=\"canonical\" href=\"https:\/\/www.encontrajardins.com.br\/av-faria-lima\/ilhabela-interdita-trecho-da-avenida-faria-lima-para-obras-essenciais\/\" \/>\n<meta property=\"og:locale\" content=\"pt_BR\" \/>\n<meta property=\"og:type\" content=\"article\" \/>\n<meta property=\"og:title\" content=\"Ilhabela interdita trecho da Avenida Faria Lima para obras essenciais | Guia Comercial Avenida Faria Lima\" \/>\n<meta property=\"og:description\" content=\"Interdi\u00e7\u00e3o na Avenida Faria Lima: entenda os detalhes e desvio.\" \/>\n<meta property=\"og:url\" content=\"https:\/\/www.encontrajardins.com.br\/av-faria-lima\/ilhabela-interdita-trecho-da-avenida-faria-lima-para-obras-essenciais\/\" \/>\n<meta property=\"og:site_name\" content=\"Guia Comercial Avenida Faria Lima\" \/>\n<meta property=\"article:published_time\" content=\"2026-02-02T15:49:46+00:00\" \/>\n<meta property=\"og:image\" content=\"https:\/\/www.encontrajardins.com.br\/av-faria-lima\/wp-content\/uploads\/2026\/02\/ilhabela-interdita-trecho-da-avenida-faria-lima-para-obras-essenciais.webp\" \/>\n<meta name=\"author\" content=\"Encontra Avenida Faria Lima\" \/>\n<meta name=\"twitter:card\" content=\"summary_large_image\" \/>\n<meta name=\"twitter:label1\" content=\"Escrito por\" \/>\n\t<meta name=\"twitter:data1\" content=\"Encontra Avenida Faria Lima\" \/>\n\t<meta name=\"twitter:label2\" content=\"Est. tempo de leitura\" \/>\n\t<meta name=\"twitter:data2\" content=\"3 minutos\" \/>\n<script type=\"application\/ld+json\" class=\"yoast-schema-graph\">{\"@context\":\"https:\\\/\\\/schema.org\",\"@graph\":[{\"@type\":\"Article\",\"@id\":\"https:\\\/\\\/www.encontrajardins.com.br\\\/av-faria-lima\\\/ilhabela-interdita-trecho-da-avenida-faria-lima-para-obras-essenciais\\\/#article\",\"isPartOf\":{\"@id\":\"https:\\\/\\\/www.encontrajardins.com.br\\\/av-faria-lima\\\/ilhabela-interdita-trecho-da-avenida-faria-lima-para-obras-essenciais\\\/\"},\"author\":{\"name\":\"Encontra Avenida Faria Lima\",\"@id\":\"https:\\\/\\\/www.encontrajardins.com.br\\\/av-faria-lima\\\/#\\\/schema\\\/person\\\/79badd2a12b75d685ad41dac082e5111\"},\"headline\":\"Ilhabela interdita trecho da Avenida Faria Lima para obras essenciais\",\"datePublished\":\"2026-02-02T15:49:46+00:00\",\"mainEntityOfPage\":{\"@id\":\"https:\\\/\\\/www.encontrajardins.com.br\\\/av-faria-lima\\\/ilhabela-interdita-trecho-da-avenida-faria-lima-para-obras-essenciais\\\/\"},\"wordCount\":569,\"commentCount\":0,\"image\":{\"@id\":\"https:\\\/\\\/www.encontrajardins.com.br\\\/av-faria-lima\\\/ilhabela-interdita-trecho-da-avenida-faria-lima-para-obras-essenciais\\\/#primaryimage\"},\"thumbnailUrl\":\"https:\\\/\\\/www.encontrajardins.com.br\\\/av-faria-lima\\\/wp-content\\\/uploads\\\/2026\\\/02\\\/ilhabela-interdita-trecho-da-avenida-faria-lima-para-obras-essenciais.webp\",\"articleSection\":[\"Not\u00edcias Avenida Faria Lima\"],\"inLanguage\":\"pt-BR\",\"potentialAction\":[{\"@type\":\"CommentAction\",\"name\":\"Comment\",\"target\":[\"https:\\\/\\\/www.encontrajardins.com.br\\\/av-faria-lima\\\/ilhabela-interdita-trecho-da-avenida-faria-lima-para-obras-essenciais\\\/#respond\"]}]},{\"@type\":\"WebPage\",\"@id\":\"https:\\\/\\\/www.encontrajardins.com.br\\\/av-faria-lima\\\/ilhabela-interdita-trecho-da-avenida-faria-lima-para-obras-essenciais\\\/\",\"url\":\"https:\\\/\\\/www.encontrajardins.com.br\\\/av-faria-lima\\\/ilhabela-interdita-trecho-da-avenida-faria-lima-para-obras-essenciais\\\/\",\"name\":\"Ilhabela interdita trecho da Avenida Faria Lima para obras essenciais | Guia Comercial Avenida Faria Lima\",\"isPartOf\":{\"@id\":\"https:\\\/\\\/www.encontrajardins.com.br\\\/av-faria-lima\\\/#website\"},\"primaryImageOfPage\":{\"@id\":\"https:\\\/\\\/www.encontrajardins.com.br\\\/av-faria-lima\\\/ilhabela-interdita-trecho-da-avenida-faria-lima-para-obras-essenciais\\\/#primaryimage\"},\"image\":{\"@id\":\"https:\\\/\\\/www.encontrajardins.com.br\\\/av-faria-lima\\\/ilhabela-interdita-trecho-da-avenida-faria-lima-para-obras-essenciais\\\/#primaryimage\"},\"thumbnailUrl\":\"https:\\\/\\\/www.encontrajardins.com.br\\\/av-faria-lima\\\/wp-content\\\/uploads\\\/2026\\\/02\\\/ilhabela-interdita-trecho-da-avenida-faria-lima-para-obras-essenciais.webp\",\"datePublished\":\"2026-02-02T15:49:46+00:00\",\"author\":{\"@id\":\"https:\\\/\\\/www.encontrajardins.com.br\\\/av-faria-lima\\\/#\\\/schema\\\/person\\\/79badd2a12b75d685ad41dac082e5111\"},\"inLanguage\":\"pt-BR\",\"potentialAction\":[{\"@type\":\"ReadAction\",\"target\":[\"https:\\\/\\\/www.encontrajardins.com.br\\\/av-faria-lima\\\/ilhabela-interdita-trecho-da-avenida-faria-lima-para-obras-essenciais\\\/\"]}]},{\"@type\":\"ImageObject\",\"inLanguage\":\"pt-BR\",\"@id\":\"https:\\\/\\\/www.encontrajardins.com.br\\\/av-faria-lima\\\/ilhabela-interdita-trecho-da-avenida-faria-lima-para-obras-essenciais\\\/#primaryimage\",\"url\":\"https:\\\/\\\/www.encontrajardins.com.br\\\/av-faria-lima\\\/wp-content\\\/uploads\\\/2026\\\/02\\\/ilhabela-interdita-trecho-da-avenida-faria-lima-para-obras-essenciais.webp\",\"contentUrl\":\"https:\\\/\\\/www.encontrajardins.com.br\\\/av-faria-lima\\\/wp-content\\\/uploads\\\/2026\\\/02\\\/ilhabela-interdita-trecho-da-avenida-faria-lima-para-obras-essenciais.webp\",\"width\":280,\"height\":280,\"caption\":\"interdi\u00e7\u00e3o Avenida Faria Lima\"},{\"@type\":\"WebSite\",\"@id\":\"https:\\\/\\\/www.encontrajardins.com.br\\\/av-faria-lima\\\/#website\",\"url\":\"https:\\\/\\\/www.encontrajardins.com.br\\\/av-faria-lima\\\/\",\"name\":\"Guia Comercial Avenida Faria Lima\",\"description\":\"ENCONTRA AVENIDA FARIA LIMA - O guia comercial de neg\u00f3cios e empresas, cultura e divers\u00e3o na Avenida Faria Lima. Feito 100% para voc\u00ea morador!\",\"potentialAction\":[{\"@type\":\"SearchAction\",\"target\":{\"@type\":\"EntryPoint\",\"urlTemplate\":\"https:\\\/\\\/www.encontrajardins.com.br\\\/av-faria-lima\\\/?s={search_term_string}\"},\"query-input\":{\"@type\":\"PropertyValueSpecification\",\"valueRequired\":true,\"valueName\":\"search_term_string\"}}],\"inLanguage\":\"pt-BR\"},{\"@type\":\"Person\",\"@id\":\"https:\\\/\\\/www.encontrajardins.com.br\\\/av-faria-lima\\\/#\\\/schema\\\/person\\\/79badd2a12b75d685ad41dac082e5111\",\"name\":\"Encontra Avenida Faria Lima\",\"image\":{\"@type\":\"ImageObject\",\"inLanguage\":\"pt-BR\",\"@id\":\"https:\\\/\\\/www.encontrajardins.com.br\\\/av-faria-lima\\\/wp-content\\\/litespeed\\\/avatar\\\/e92a756db1fc224ef50d2f00ed0d047a.jpg?ver=1776988651\",\"url\":\"https:\\\/\\\/www.encontrajardins.com.br\\\/av-faria-lima\\\/wp-content\\\/litespeed\\\/avatar\\\/e92a756db1fc224ef50d2f00ed0d047a.jpg?ver=1776988651\",\"contentUrl\":\"https:\\\/\\\/www.encontrajardins.com.br\\\/av-faria-lima\\\/wp-content\\\/litespeed\\\/avatar\\\/e92a756db1fc224ef50d2f00ed0d047a.jpg?ver=1776988651\",\"caption\":\"Encontra Avenida Faria Lima\"},\"url\":\"https:\\\/\\\/www.encontrajardins.com.br\\\/av-faria-lima\\\/author\\\/av-faria-lima\\\/\"}]}<\/script>\n<!-- \/ Yoast SEO plugin. -->","yoast_head_json":{"title":"Ilhabela interdita trecho da Avenida Faria Lima para obras essenciais | Guia Comercial Avenida Faria Lima","robots":{"index":"index","follow":"follow","max-snippet":"max-snippet:-1","max-image-preview":"max-image-preview:large","max-video-preview":"max-video-preview:-1"},"canonical":"https:\/\/www.encontrajardins.com.br\/av-faria-lima\/ilhabela-interdita-trecho-da-avenida-faria-lima-para-obras-essenciais\/","og_locale":"pt_BR","og_type":"article","og_title":"Ilhabela interdita trecho da Avenida Faria Lima para obras essenciais | Guia Comercial Avenida Faria Lima","og_description":"Interdi\u00e7\u00e3o na Avenida Faria Lima: entenda os detalhes e desvio.","og_url":"https:\/\/www.encontrajardins.com.br\/av-faria-lima\/ilhabela-interdita-trecho-da-avenida-faria-lima-para-obras-essenciais\/","og_site_name":"Guia Comercial Avenida Faria Lima","article_published_time":"2026-02-02T15:49:46+00:00","og_image":[{"url":"https:\/\/www.encontrajardins.com.br\/av-faria-lima\/wp-content\/uploads\/2026\/02\/ilhabela-interdita-trecho-da-avenida-faria-lima-para-obras-essenciais.webp","type":"","width":"","height":""}],"author":"Encontra Avenida Faria Lima","twitter_card":"summary_large_image","twitter_misc":{"Escrito por":"Encontra Avenida Faria Lima","Est. tempo de leitura":"3 minutos"},"schema":{"@context":"https:\/\/schema.org","@graph":[{"@type":"Article","@id":"https:\/\/www.encontrajardins.com.br\/av-faria-lima\/ilhabela-interdita-trecho-da-avenida-faria-lima-para-obras-essenciais\/#article","isPartOf":{"@id":"https:\/\/www.encontrajardins.com.br\/av-faria-lima\/ilhabela-interdita-trecho-da-avenida-faria-lima-para-obras-essenciais\/"},"author":{"name":"Encontra Avenida Faria Lima","@id":"https:\/\/www.encontrajardins.com.br\/av-faria-lima\/#\/schema\/person\/79badd2a12b75d685ad41dac082e5111"},"headline":"Ilhabela interdita trecho da Avenida Faria Lima para obras essenciais","datePublished":"2026-02-02T15:49:46+00:00","mainEntityOfPage":{"@id":"https:\/\/www.encontrajardins.com.br\/av-faria-lima\/ilhabela-interdita-trecho-da-avenida-faria-lima-para-obras-essenciais\/"},"wordCount":569,"commentCount":0,"image":{"@id":"https:\/\/www.encontrajardins.com.br\/av-faria-lima\/ilhabela-interdita-trecho-da-avenida-faria-lima-para-obras-essenciais\/#primaryimage"},"thumbnailUrl":"https:\/\/www.encontrajardins.com.br\/av-faria-lima\/wp-content\/uploads\/2026\/02\/ilhabela-interdita-trecho-da-avenida-faria-lima-para-obras-essenciais.webp","articleSection":["Not\u00edcias Avenida Faria Lima"],"inLanguage":"pt-BR","potentialAction":[{"@type":"CommentAction","name":"Comment","target":["https:\/\/www.encontrajardins.com.br\/av-faria-lima\/ilhabela-interdita-trecho-da-avenida-faria-lima-para-obras-essenciais\/#respond"]}]},{"@type":"WebPage","@id":"https:\/\/www.encontrajardins.com.br\/av-faria-lima\/ilhabela-interdita-trecho-da-avenida-faria-lima-para-obras-essenciais\/","url":"https:\/\/www.encontrajardins.com.br\/av-faria-lima\/ilhabela-interdita-trecho-da-avenida-faria-lima-para-obras-essenciais\/","name":"Ilhabela interdita trecho da Avenida Faria Lima para obras essenciais | Guia Comercial Avenida Faria Lima","isPartOf":{"@id":"https:\/\/www.encontrajardins.com.br\/av-faria-lima\/#website"},"primaryImageOfPage":{"@id":"https:\/\/www.encontrajardins.com.br\/av-faria-lima\/ilhabela-interdita-trecho-da-avenida-faria-lima-para-obras-essenciais\/#primaryimage"},"image":{"@id":"https:\/\/www.encontrajardins.com.br\/av-faria-lima\/ilhabela-interdita-trecho-da-avenida-faria-lima-para-obras-essenciais\/#primaryimage"},"thumbnailUrl":"https:\/\/www.encontrajardins.com.br\/av-faria-lima\/wp-content\/uploads\/2026\/02\/ilhabela-interdita-trecho-da-avenida-faria-lima-para-obras-essenciais.webp","datePublished":"2026-02-02T15:49:46+00:00","author":{"@id":"https:\/\/www.encontrajardins.com.br\/av-faria-lima\/#\/schema\/person\/79badd2a12b75d685ad41dac082e5111"},"inLanguage":"pt-BR","potentialAction":[{"@type":"ReadAction","target":["https:\/\/www.encontrajardins.com.br\/av-faria-lima\/ilhabela-interdita-trecho-da-avenida-faria-lima-para-obras-essenciais\/"]}]},{"@type":"ImageObject","inLanguage":"pt-BR","@id":"https:\/\/www.encontrajardins.com.br\/av-faria-lima\/ilhabela-interdita-trecho-da-avenida-faria-lima-para-obras-essenciais\/#primaryimage","url":"https:\/\/www.encontrajardins.com.br\/av-faria-lima\/wp-content\/uploads\/2026\/02\/ilhabela-interdita-trecho-da-avenida-faria-lima-para-obras-essenciais.webp","contentUrl":"https:\/\/www.encontrajardins.com.br\/av-faria-lima\/wp-content\/uploads\/2026\/02\/ilhabela-interdita-trecho-da-avenida-faria-lima-para-obras-essenciais.webp","width":280,"height":280,"caption":"interdi\u00e7\u00e3o Avenida Faria Lima"},{"@type":"WebSite","@id":"https:\/\/www.encontrajardins.com.br\/av-faria-lima\/#website","url":"https:\/\/www.encontrajardins.com.br\/av-faria-lima\/","name":"Guia Comercial Avenida Faria Lima","description":"ENCONTRA AVENIDA FARIA LIMA - O guia comercial de neg\u00f3cios e empresas, cultura e divers\u00e3o na Avenida Faria Lima. Feito 100% para voc\u00ea morador!","potentialAction":[{"@type":"SearchAction","target":{"@type":"EntryPoint","urlTemplate":"https:\/\/www.encontrajardins.com.br\/av-faria-lima\/?s={search_term_string}"},"query-input":{"@type":"PropertyValueSpecification","valueRequired":true,"valueName":"search_term_string"}}],"inLanguage":"pt-BR"},{"@type":"Person","@id":"https:\/\/www.encontrajardins.com.br\/av-faria-lima\/#\/schema\/person\/79badd2a12b75d685ad41dac082e5111","name":"Encontra Avenida Faria Lima","image":{"@type":"ImageObject","inLanguage":"pt-BR","@id":"https:\/\/www.encontrajardins.com.br\/av-faria-lima\/wp-content\/litespeed\/avatar\/e92a756db1fc224ef50d2f00ed0d047a.jpg?ver=1776988651","url":"https:\/\/www.encontrajardins.com.br\/av-faria-lima\/wp-content\/litespeed\/avatar\/e92a756db1fc224ef50d2f00ed0d047a.jpg?ver=1776988651","contentUrl":"https:\/\/www.encontrajardins.com.br\/av-faria-lima\/wp-content\/litespeed\/avatar\/e92a756db1fc224ef50d2f00ed0d047a.jpg?ver=1776988651","caption":"Encontra Avenida Faria Lima"},"url":"https:\/\/www.encontrajardins.com.br\/av-faria-lima\/author\/av-faria-lima\/"}]}},"_links":{"self":[{"href":"https:\/\/www.encontrajardins.com.br\/av-faria-lima\/wp-json\/wp\/v2\/posts\/4212","targetHints":{"allow":["GET"]}}],"collection":[{"href":"https:\/\/www.encontrajardins.com.br\/av-faria-lima\/wp-json\/wp\/v2\/posts"}],"about":[{"href":"https:\/\/www.encontrajardins.com.br\/av-faria-lima\/wp-json\/wp\/v2\/types\/post"}],"author":[{"embeddable":true,"href":"https:\/\/www.encontrajardins.com.br\/av-faria-lima\/wp-json\/wp\/v2\/users\/1"}],"replies":[{"embeddable":true,"href":"https:\/\/www.encontrajardins.com.br\/av-faria-lima\/wp-json\/wp\/v2\/comments?post=4212"}],"version-history":[{"count":0,"href":"https:\/\/www.encontrajardins.com.br\/av-faria-lima\/wp-json\/wp\/v2\/posts\/4212\/revisions"}],"wp:featuredmedia":[{"embeddable":true,"href":"https:\/\/www.encontrajardins.com.br\/av-faria-lima\/wp-json\/wp\/v2\/media\/4211"}],"wp:attachment":[{"href":"https:\/\/www.encontrajardins.com.br\/av-faria-lima\/wp-json\/wp\/v2\/media?parent=4212"}],"wp:term":[{"taxonomy":"category","embeddable":true,"href":"https:\/\/www.encontrajardins.com.br\/av-faria-lima\/wp-json\/wp\/v2\/categories?post=4212"},{"taxonomy":"post_tag","embeddable":true,"href":"https:\/\/www.encontrajardins.com.br\/av-faria-lima\/wp-json\/wp\/v2\/tags?post=4212"}],"curies":[{"name":"wp","href":"https:\/\/api.w.org\/{rel}","templated":true}]}}