{"id":4235,"date":"2026-02-08T12:46:26","date_gmt":"2026-02-08T15:46:26","guid":{"rendered":"https:\/\/www.encontrajardins.com.br\/av-faria-lima\/pre\/"},"modified":"2026-02-08T12:46:26","modified_gmt":"2026-02-08T15:46:26","slug":"pre","status":"publish","type":"post","link":"https:\/\/www.encontrajardins.com.br\/av-faria-lima\/pre\/","title":{"rendered":"Pr\u00e9"},"content":{"rendered":"<h2>A Grande Estreia de Ivete Sangalo<\/h2>\n<p>No \u00faltimo s\u00e1bado, dia 7 de fevereiro de 2026, o pr\u00e9-carnaval de S\u00e3o Paulo teve um ponto alto com a estreia da renomada cantora Ivete Sangalo nas ruas da cidade. O evento, que ocorre todo ano, marcou uma nova fase na folia paulistana, atraindo uma multid\u00e3o ansiosa para ver a artista famosa. O megabloco intitulado &#8220;Quem Pede, Pede&#8221; ocorreu em frente ao ic\u00f4nico Parque Ibirapuera, onde a atmosfera de celebra\u00e7\u00e3o foi ineg\u00e1vel. Mesmo com o clima chuvoso, os foli\u00f5es mostraram que a energia e a anima\u00e7\u00e3o n\u00e3o podem ser abafadas.<\/p>\n<h2>O Bloco do Abrava e Seu Tema Inusitado<\/h2>\n<p>Outro destaque do dia foi o &#8220;Bloco do Abrava&#8221;, liderado pelo cantor Thiago Abravanel. Desfilando pela Avenida Faria Lima, o bloco adotou o tema &#8220;Feira Livre&#8221; para essa edi\u00e7\u00e3o. Essa escolha n\u00e3o apenas trouxe um toque de autenticidade \u00e0 festa, mas tamb\u00e9m conectou os foli\u00f5es com a cultura local. As marchinhas tradicionais, combinadas com sucessos atuais e a participa\u00e7\u00e3o de artistas como Wanessa Camargo, garantiram uma experi\u00eancia musical diversificada e prazerosa.<\/p>\n<h2>Foli\u00f5es e a Festa Mesmo com Chuva<\/h2>\n<p>Apesar da chuva que caiu sobre a cidade, a celebra\u00e7\u00e3o continuou em grande estilo. Nos 107 blocos que se espalharam por S\u00e3o Paulo, milhares de foli\u00f5es se misturaram, criando um clima festivo e irreverente. O cuidado com a seguran\u00e7a e a organiza\u00e7\u00e3o permitiram que todos desfrutassem da festa de maneira tranquila. As imagens a\u00e9reas capturaram a grandeza da multid\u00e3o dan\u00e7ando e se divertindo, mostrando que o carnaval de rua de S\u00e3o Paulo se solidifica como um espa\u00e7o de inclus\u00e3o e alegria.<\/p>\n<p><img decoding=\"async\" src=\"https:\/\/www.encontrajardins.com.br\/av-faria-lima\/wp-content\/uploads\/2026\/02\/pre.webp\" alt=\"Carnaval de rua em S\u00e3o Paulo\" loading=\"lazy\" \/><\/p>\n<h2>Desfiles que Marcam a Abertura do Carnaval<\/h2>\n<p>Os desfiles deste dia de pr\u00e9-carnaval foram n\u00e3o apenas uma apresenta\u00e7\u00e3o de talento musical, mas tamb\u00e9m uma verdadeira mostra da cultura e tradi\u00e7\u00e3o brasileiras. Com a participa\u00e7\u00e3o de diferentes grupos, cada bloco trouxe sua pr\u00f3pria identidade e estilo, enriquecendo a experi\u00eancia para todos os envolvidos. Essa diversidade foi um dos aspectos que mais encantou o p\u00fablico, que se entregou \u00e0 festa de corpo e alma.<\/p>\n<h2>Multid\u00f5es e Seguran\u00e7a: Como Organizar o Fluxo<\/h2>\n<p>Um dos desafios enfrentados durante o evento foi garantir a seguran\u00e7a e a organiza\u00e7\u00e3o do fluxo de pessoas. Em v\u00e1rias ocasi\u00f5es, Ivete Sangalo teve que pausar suas performances para ajudar a orientar o p\u00fablico, especialmente em locais onde o movimento se tornava intenso. A colabora\u00e7\u00e3o entre os organizadores e o p\u00fablico foi essencial para manter a divers\u00e3o em um ambiente seguro.<\/p>\n<h2>A Cultural das Marchinhas no Carnaval 2026<\/h2>\n<p>As marchinhas ressoaram em todo o carnaval, relembrando tradi\u00e7\u00f5es de anos passados e mantendo viva a ess\u00eancia do evento. P\u00e9rolas da m\u00fasica brasileira foram interpretadas por novos talentos e cl\u00e1ssicos, intercalando nostalgia e inova\u00e7\u00e3o. Isso n\u00e3o s\u00f3 divertiu os foli\u00f5es, mas tamb\u00e9m refletiu a rica heran\u00e7a cultural que permeia a festa.<\/p>\n<h2>Pedidos de Casamento no Meio da Folia<\/h2>\n<p>Um momento rom\u00e2ntico que roubou a cena durante o desfile foi o pedido de casamento que aconteceu dentro do bloco &#8220;Amor Barato&#8221;, na Barra Funda. O enlace emocional entre os participantes foi acompanhado de palmas e gritos de apoio da multid\u00e3o. Esse gesto n\u00e3o s\u00f3 simbolizou o amor, mas tamb\u00e9m a uni\u00e3o que o carnaval promove entre todas as pessoas.<\/p>\n<h2>O Impacto do Pr\u00e9-Carnaval na Cidade<\/h2>\n<p>O pr\u00e9-carnaval de S\u00e3o Paulo n\u00e3o se resume apenas \u00e0 m\u00fasica e \u00e0 dan\u00e7a. Ele tem um impacto positivo significativo na economia local e na movimenta\u00e7\u00e3o cultural da cidade. Muitos comerciantes se preparam para o evento, intensificando vendas de bebidas, comidas e produtos relacionados \u00e0 festividade. O fluxo de turistas e visitantes fortalece o com\u00e9rcio e a autoestima da cidade, ressaltando a import\u00e2ncia desse evento na agenda paulista.<\/p>\n<h2>As Expectativas para os Pr\u00f3ximos Dias de Carnaval<\/h2>\n<p>Com o sucesso da abertura do carnaval, as expectativas para os pr\u00f3ximos dias s\u00e3o altas. Foli\u00f5es aguardam ansiosamente novas atra\u00e7\u00f5es e blocos que prometem ainda mais divers\u00e3o. A programa\u00e7\u00e3o est\u00e1 repleta de eventos que v\u00e3o proporcionar experi\u00eancias memor\u00e1veis para todos os gostos.<\/p>\n<h2>Dicas para Aproveitar o Carnaval em S\u00e3o Paulo<\/h2>\n<p>Para quem deseja aproveitar o carnaval de rua da melhor maneira poss\u00edvel, algumas dicas s\u00e3o fundamentais:<\/p>\n<ul>\n<li><strong>Fique atento ao clima:<\/strong> A previs\u00e3o do tempo pode ajudar na escolha da roupa e na prepara\u00e7\u00e3o para mudan\u00e7as clim\u00e1ticas.<\/li>\n<li><strong>Hidrate-se:<\/strong> A \u00e1gua \u00e9 essencial, especialmente quando se vai pular em blocos por horas.<\/li>\n<li><strong>Chegue cedo:<\/strong> Para garantir um bom lugar, \u00e9 aconselh\u00e1vel chegar cedo aos locais dos eventos.<\/li>\n<li><strong>Use roupas leves:<\/strong> O conforto \u00e9 importante para que voc\u00ea possa aproveitar todos os momentos sem desconforto.<\/li>\n<li><strong>Cuidado com os pertences:<\/strong> Leve apenas o necess\u00e1rio e mantenha seus objetos de valor pr\u00f3ximos a voc\u00ea.<\/li>\n<\/ul>\n<p>O carnaval de rua de S\u00e3o Paulo continua se reafirmando como um dos maiores e mais vibrantes do mundo, criando mem\u00f3rias e unindo pessoas em uma festa de amor e alegria. N\u00e3o perca a chance de vivenciar essa experi\u00eancia incr\u00edvel!<\/p>\n","protected":false},"excerpt":{"rendered":"<p>Carnaval de rua em S\u00e3o Paulo promete agito com blocos de Ivete Sangalo e Thiago Abravanel.<\/p>\n","protected":false},"author":1,"featured_media":4234,"comment_status":"open","ping_status":"open","sticky":false,"template":"","format":"standard","meta":{"footnotes":""},"categories":[5],"tags":[],"class_list":["post-4235","post","type-post","status-publish","format-standard","has-post-thumbnail","hentry","category-noticias","has_thumb"],"yoast_head":"<!-- This site is optimized with the Yoast SEO plugin v27.4 - https:\/\/yoast.com\/product\/yoast-seo-wordpress\/ -->\n<title>Pr\u00e9 | Guia Comercial Avenida Faria Lima<\/title>\n<meta name=\"robots\" content=\"index, follow, max-snippet:-1, max-image-preview:large, max-video-preview:-1\" \/>\n<link rel=\"canonical\" href=\"https:\/\/www.encontrajardins.com.br\/av-faria-lima\/pre\/\" \/>\n<meta property=\"og:locale\" content=\"pt_BR\" \/>\n<meta property=\"og:type\" content=\"article\" \/>\n<meta property=\"og:title\" content=\"Pr\u00e9 | Guia Comercial Avenida Faria Lima\" \/>\n<meta property=\"og:description\" content=\"Carnaval de rua em S\u00e3o Paulo promete agito com blocos de Ivete Sangalo e Thiago Abravanel.\" \/>\n<meta property=\"og:url\" content=\"https:\/\/www.encontrajardins.com.br\/av-faria-lima\/pre\/\" \/>\n<meta property=\"og:site_name\" content=\"Guia Comercial Avenida Faria Lima\" \/>\n<meta property=\"article:published_time\" content=\"2026-02-08T15:46:26+00:00\" \/>\n<meta property=\"og:image\" content=\"https:\/\/www.encontrajardins.com.br\/av-faria-lima\/wp-content\/uploads\/2026\/02\/pre.webp\" \/>\n<meta name=\"author\" content=\"Encontra Avenida Faria Lima\" \/>\n<meta name=\"twitter:card\" content=\"summary_large_image\" \/>\n<meta name=\"twitter:label1\" content=\"Escrito por\" \/>\n\t<meta name=\"twitter:data1\" content=\"Encontra Avenida Faria Lima\" \/>\n\t<meta name=\"twitter:label2\" content=\"Est. tempo de leitura\" \/>\n\t<meta name=\"twitter:data2\" content=\"4 minutos\" \/>\n<script type=\"application\/ld+json\" class=\"yoast-schema-graph\">{\"@context\":\"https:\\\/\\\/schema.org\",\"@graph\":[{\"@type\":\"Article\",\"@id\":\"https:\\\/\\\/www.encontrajardins.com.br\\\/av-faria-lima\\\/pre\\\/#article\",\"isPartOf\":{\"@id\":\"https:\\\/\\\/www.encontrajardins.com.br\\\/av-faria-lima\\\/pre\\\/\"},\"author\":{\"name\":\"Encontra Avenida Faria Lima\",\"@id\":\"https:\\\/\\\/www.encontrajardins.com.br\\\/av-faria-lima\\\/#\\\/schema\\\/person\\\/79badd2a12b75d685ad41dac082e5111\"},\"headline\":\"Pr\u00e9\",\"datePublished\":\"2026-02-08T15:46:26+00:00\",\"mainEntityOfPage\":{\"@id\":\"https:\\\/\\\/www.encontrajardins.com.br\\\/av-faria-lima\\\/pre\\\/\"},\"wordCount\":884,\"commentCount\":0,\"image\":{\"@id\":\"https:\\\/\\\/www.encontrajardins.com.br\\\/av-faria-lima\\\/pre\\\/#primaryimage\"},\"thumbnailUrl\":\"https:\\\/\\\/www.encontrajardins.com.br\\\/av-faria-lima\\\/wp-content\\\/uploads\\\/2026\\\/02\\\/pre.webp\",\"articleSection\":[\"Not\u00edcias Avenida Faria Lima\"],\"inLanguage\":\"pt-BR\",\"potentialAction\":[{\"@type\":\"CommentAction\",\"name\":\"Comment\",\"target\":[\"https:\\\/\\\/www.encontrajardins.com.br\\\/av-faria-lima\\\/pre\\\/#respond\"]}]},{\"@type\":\"WebPage\",\"@id\":\"https:\\\/\\\/www.encontrajardins.com.br\\\/av-faria-lima\\\/pre\\\/\",\"url\":\"https:\\\/\\\/www.encontrajardins.com.br\\\/av-faria-lima\\\/pre\\\/\",\"name\":\"Pr\u00e9 | Guia Comercial Avenida Faria Lima\",\"isPartOf\":{\"@id\":\"https:\\\/\\\/www.encontrajardins.com.br\\\/av-faria-lima\\\/#website\"},\"primaryImageOfPage\":{\"@id\":\"https:\\\/\\\/www.encontrajardins.com.br\\\/av-faria-lima\\\/pre\\\/#primaryimage\"},\"image\":{\"@id\":\"https:\\\/\\\/www.encontrajardins.com.br\\\/av-faria-lima\\\/pre\\\/#primaryimage\"},\"thumbnailUrl\":\"https:\\\/\\\/www.encontrajardins.com.br\\\/av-faria-lima\\\/wp-content\\\/uploads\\\/2026\\\/02\\\/pre.webp\",\"datePublished\":\"2026-02-08T15:46:26+00:00\",\"author\":{\"@id\":\"https:\\\/\\\/www.encontrajardins.com.br\\\/av-faria-lima\\\/#\\\/schema\\\/person\\\/79badd2a12b75d685ad41dac082e5111\"},\"inLanguage\":\"pt-BR\",\"potentialAction\":[{\"@type\":\"ReadAction\",\"target\":[\"https:\\\/\\\/www.encontrajardins.com.br\\\/av-faria-lima\\\/pre\\\/\"]}]},{\"@type\":\"ImageObject\",\"inLanguage\":\"pt-BR\",\"@id\":\"https:\\\/\\\/www.encontrajardins.com.br\\\/av-faria-lima\\\/pre\\\/#primaryimage\",\"url\":\"https:\\\/\\\/www.encontrajardins.com.br\\\/av-faria-lima\\\/wp-content\\\/uploads\\\/2026\\\/02\\\/pre.webp\",\"contentUrl\":\"https:\\\/\\\/www.encontrajardins.com.br\\\/av-faria-lima\\\/wp-content\\\/uploads\\\/2026\\\/02\\\/pre.webp\",\"width\":280,\"height\":280,\"caption\":\"Carnaval de rua em S\u00e3o Paulo\"},{\"@type\":\"WebSite\",\"@id\":\"https:\\\/\\\/www.encontrajardins.com.br\\\/av-faria-lima\\\/#website\",\"url\":\"https:\\\/\\\/www.encontrajardins.com.br\\\/av-faria-lima\\\/\",\"name\":\"Guia Comercial Avenida Faria Lima\",\"description\":\"ENCONTRA AVENIDA FARIA LIMA - O guia comercial de neg\u00f3cios e empresas, cultura e divers\u00e3o na Avenida Faria Lima. Feito 100% para voc\u00ea morador!\",\"potentialAction\":[{\"@type\":\"SearchAction\",\"target\":{\"@type\":\"EntryPoint\",\"urlTemplate\":\"https:\\\/\\\/www.encontrajardins.com.br\\\/av-faria-lima\\\/?s={search_term_string}\"},\"query-input\":{\"@type\":\"PropertyValueSpecification\",\"valueRequired\":true,\"valueName\":\"search_term_string\"}}],\"inLanguage\":\"pt-BR\"},{\"@type\":\"Person\",\"@id\":\"https:\\\/\\\/www.encontrajardins.com.br\\\/av-faria-lima\\\/#\\\/schema\\\/person\\\/79badd2a12b75d685ad41dac082e5111\",\"name\":\"Encontra Avenida Faria Lima\",\"image\":{\"@type\":\"ImageObject\",\"inLanguage\":\"pt-BR\",\"@id\":\"https:\\\/\\\/www.encontrajardins.com.br\\\/av-faria-lima\\\/wp-content\\\/litespeed\\\/avatar\\\/e92a756db1fc224ef50d2f00ed0d047a.jpg?ver=1776988651\",\"url\":\"https:\\\/\\\/www.encontrajardins.com.br\\\/av-faria-lima\\\/wp-content\\\/litespeed\\\/avatar\\\/e92a756db1fc224ef50d2f00ed0d047a.jpg?ver=1776988651\",\"contentUrl\":\"https:\\\/\\\/www.encontrajardins.com.br\\\/av-faria-lima\\\/wp-content\\\/litespeed\\\/avatar\\\/e92a756db1fc224ef50d2f00ed0d047a.jpg?ver=1776988651\",\"caption\":\"Encontra Avenida Faria Lima\"},\"url\":\"https:\\\/\\\/www.encontrajardins.com.br\\\/av-faria-lima\\\/author\\\/av-faria-lima\\\/\"}]}<\/script>\n<!-- \/ Yoast SEO plugin. -->","yoast_head_json":{"title":"Pr\u00e9 | Guia Comercial Avenida Faria Lima","robots":{"index":"index","follow":"follow","max-snippet":"max-snippet:-1","max-image-preview":"max-image-preview:large","max-video-preview":"max-video-preview:-1"},"canonical":"https:\/\/www.encontrajardins.com.br\/av-faria-lima\/pre\/","og_locale":"pt_BR","og_type":"article","og_title":"Pr\u00e9 | Guia Comercial Avenida Faria Lima","og_description":"Carnaval de rua em S\u00e3o Paulo promete agito com blocos de Ivete Sangalo e Thiago Abravanel.","og_url":"https:\/\/www.encontrajardins.com.br\/av-faria-lima\/pre\/","og_site_name":"Guia Comercial Avenida Faria Lima","article_published_time":"2026-02-08T15:46:26+00:00","og_image":[{"url":"https:\/\/www.encontrajardins.com.br\/av-faria-lima\/wp-content\/uploads\/2026\/02\/pre.webp","type":"","width":"","height":""}],"author":"Encontra Avenida Faria Lima","twitter_card":"summary_large_image","twitter_misc":{"Escrito por":"Encontra Avenida Faria Lima","Est. tempo de leitura":"4 minutos"},"schema":{"@context":"https:\/\/schema.org","@graph":[{"@type":"Article","@id":"https:\/\/www.encontrajardins.com.br\/av-faria-lima\/pre\/#article","isPartOf":{"@id":"https:\/\/www.encontrajardins.com.br\/av-faria-lima\/pre\/"},"author":{"name":"Encontra Avenida Faria Lima","@id":"https:\/\/www.encontrajardins.com.br\/av-faria-lima\/#\/schema\/person\/79badd2a12b75d685ad41dac082e5111"},"headline":"Pr\u00e9","datePublished":"2026-02-08T15:46:26+00:00","mainEntityOfPage":{"@id":"https:\/\/www.encontrajardins.com.br\/av-faria-lima\/pre\/"},"wordCount":884,"commentCount":0,"image":{"@id":"https:\/\/www.encontrajardins.com.br\/av-faria-lima\/pre\/#primaryimage"},"thumbnailUrl":"https:\/\/www.encontrajardins.com.br\/av-faria-lima\/wp-content\/uploads\/2026\/02\/pre.webp","articleSection":["Not\u00edcias Avenida Faria Lima"],"inLanguage":"pt-BR","potentialAction":[{"@type":"CommentAction","name":"Comment","target":["https:\/\/www.encontrajardins.com.br\/av-faria-lima\/pre\/#respond"]}]},{"@type":"WebPage","@id":"https:\/\/www.encontrajardins.com.br\/av-faria-lima\/pre\/","url":"https:\/\/www.encontrajardins.com.br\/av-faria-lima\/pre\/","name":"Pr\u00e9 | Guia Comercial Avenida Faria Lima","isPartOf":{"@id":"https:\/\/www.encontrajardins.com.br\/av-faria-lima\/#website"},"primaryImageOfPage":{"@id":"https:\/\/www.encontrajardins.com.br\/av-faria-lima\/pre\/#primaryimage"},"image":{"@id":"https:\/\/www.encontrajardins.com.br\/av-faria-lima\/pre\/#primaryimage"},"thumbnailUrl":"https:\/\/www.encontrajardins.com.br\/av-faria-lima\/wp-content\/uploads\/2026\/02\/pre.webp","datePublished":"2026-02-08T15:46:26+00:00","author":{"@id":"https:\/\/www.encontrajardins.com.br\/av-faria-lima\/#\/schema\/person\/79badd2a12b75d685ad41dac082e5111"},"inLanguage":"pt-BR","potentialAction":[{"@type":"ReadAction","target":["https:\/\/www.encontrajardins.com.br\/av-faria-lima\/pre\/"]}]},{"@type":"ImageObject","inLanguage":"pt-BR","@id":"https:\/\/www.encontrajardins.com.br\/av-faria-lima\/pre\/#primaryimage","url":"https:\/\/www.encontrajardins.com.br\/av-faria-lima\/wp-content\/uploads\/2026\/02\/pre.webp","contentUrl":"https:\/\/www.encontrajardins.com.br\/av-faria-lima\/wp-content\/uploads\/2026\/02\/pre.webp","width":280,"height":280,"caption":"Carnaval de rua em S\u00e3o Paulo"},{"@type":"WebSite","@id":"https:\/\/www.encontrajardins.com.br\/av-faria-lima\/#website","url":"https:\/\/www.encontrajardins.com.br\/av-faria-lima\/","name":"Guia Comercial Avenida Faria Lima","description":"ENCONTRA AVENIDA FARIA LIMA - O guia comercial de neg\u00f3cios e empresas, cultura e divers\u00e3o na Avenida Faria Lima. Feito 100% para voc\u00ea morador!","potentialAction":[{"@type":"SearchAction","target":{"@type":"EntryPoint","urlTemplate":"https:\/\/www.encontrajardins.com.br\/av-faria-lima\/?s={search_term_string}"},"query-input":{"@type":"PropertyValueSpecification","valueRequired":true,"valueName":"search_term_string"}}],"inLanguage":"pt-BR"},{"@type":"Person","@id":"https:\/\/www.encontrajardins.com.br\/av-faria-lima\/#\/schema\/person\/79badd2a12b75d685ad41dac082e5111","name":"Encontra Avenida Faria Lima","image":{"@type":"ImageObject","inLanguage":"pt-BR","@id":"https:\/\/www.encontrajardins.com.br\/av-faria-lima\/wp-content\/litespeed\/avatar\/e92a756db1fc224ef50d2f00ed0d047a.jpg?ver=1776988651","url":"https:\/\/www.encontrajardins.com.br\/av-faria-lima\/wp-content\/litespeed\/avatar\/e92a756db1fc224ef50d2f00ed0d047a.jpg?ver=1776988651","contentUrl":"https:\/\/www.encontrajardins.com.br\/av-faria-lima\/wp-content\/litespeed\/avatar\/e92a756db1fc224ef50d2f00ed0d047a.jpg?ver=1776988651","caption":"Encontra Avenida Faria Lima"},"url":"https:\/\/www.encontrajardins.com.br\/av-faria-lima\/author\/av-faria-lima\/"}]}},"_links":{"self":[{"href":"https:\/\/www.encontrajardins.com.br\/av-faria-lima\/wp-json\/wp\/v2\/posts\/4235","targetHints":{"allow":["GET"]}}],"collection":[{"href":"https:\/\/www.encontrajardins.com.br\/av-faria-lima\/wp-json\/wp\/v2\/posts"}],"about":[{"href":"https:\/\/www.encontrajardins.com.br\/av-faria-lima\/wp-json\/wp\/v2\/types\/post"}],"author":[{"embeddable":true,"href":"https:\/\/www.encontrajardins.com.br\/av-faria-lima\/wp-json\/wp\/v2\/users\/1"}],"replies":[{"embeddable":true,"href":"https:\/\/www.encontrajardins.com.br\/av-faria-lima\/wp-json\/wp\/v2\/comments?post=4235"}],"version-history":[{"count":0,"href":"https:\/\/www.encontrajardins.com.br\/av-faria-lima\/wp-json\/wp\/v2\/posts\/4235\/revisions"}],"wp:featuredmedia":[{"embeddable":true,"href":"https:\/\/www.encontrajardins.com.br\/av-faria-lima\/wp-json\/wp\/v2\/media\/4234"}],"wp:attachment":[{"href":"https:\/\/www.encontrajardins.com.br\/av-faria-lima\/wp-json\/wp\/v2\/media?parent=4235"}],"wp:term":[{"taxonomy":"category","embeddable":true,"href":"https:\/\/www.encontrajardins.com.br\/av-faria-lima\/wp-json\/wp\/v2\/categories?post=4235"},{"taxonomy":"post_tag","embeddable":true,"href":"https:\/\/www.encontrajardins.com.br\/av-faria-lima\/wp-json\/wp\/v2\/tags?post=4235"}],"curies":[{"name":"wp","href":"https:\/\/api.w.org\/{rel}","templated":true}]}}