{"id":4249,"date":"2026-02-11T12:44:22","date_gmt":"2026-02-11T15:44:22","guid":{"rendered":"https:\/\/www.encontrajardins.com.br\/av-faria-lima\/mb-investe-em-ia-e-se-muda-para-predio-proprio-na-faria-lima\/"},"modified":"2026-02-11T12:44:22","modified_gmt":"2026-02-11T15:44:22","slug":"mb-investe-em-ia-e-se-muda-para-predio-proprio-na-faria-lima","status":"publish","type":"post","link":"https:\/\/www.encontrajardins.com.br\/av-faria-lima\/mb-investe-em-ia-e-se-muda-para-predio-proprio-na-faria-lima\/","title":{"rendered":"MB investe em IA e se muda para pr\u00e9dio pr\u00f3prio na Faria Lima"},"content":{"rendered":"<h2>Transforma\u00e7\u00e3o Digital da MB<\/h2>\n<p>A <strong>Mercado Bitcoin (MB)<\/strong>, um dos principais players no mercado de criptomoedas do Brasil, est\u00e1 em um processo significativo de transforma\u00e7\u00e3o digital. A empresa decidiu adotar tecnologias de <strong>intelig\u00eancia artificial (IA)<\/strong> para aprimorar sua opera\u00e7\u00e3o e se adaptar a um ambiente de neg\u00f3cios em constante evolu\u00e7\u00e3o. O movimento vai al\u00e9m de uma simples ado\u00e7\u00e3o de novas ferramentas; busca otimizar processos e aumentar a efici\u00eancia operacional em \u00e1reas-chave da empresa.<\/p>\n<h2>A Nova Sede na Faria Lima<\/h2>\n<p>Recentemente, a MB anunciou sua mudan\u00e7a para um pr\u00e9dio pr\u00f3prio localizado na <strong>Avenida Faria Lima<\/strong>, em S\u00e3o Paulo. Com quatro andares e uma \u00e1rea de 1.200 m\u00b2, este novo espa\u00e7o representa n\u00e3o s\u00f3 uma nova fase para a empresa, mas tamb\u00e9m um ambiente que est\u00e1 em linha com a inova\u00e7\u00e3o e a modernidade que a marca representa. O espa\u00e7o moderno permitir\u00e1 a MB expandir suas opera\u00e7\u00f5es e oferecer recursos adequados para suas equipes.<\/p>\n<h2>O Papel da Intelig\u00eancia Artificial<\/h2>\n<p>A implementa\u00e7\u00e3o de <strong>agentes de intelig\u00eancia artificial<\/strong> foi um dos pontos centrais na estrat\u00e9gia da MB. A empresa informou ter economizado cerca de 5.200 horas mensais em tarefas operacionais, resultado direto do uso de solu\u00e7\u00f5es automatizadas. A IA est\u00e1 sendo empregada em diversas \u00e1reas, sendo que as mais beneficiadas s\u00e3o aquelas que lidam com alto volume de opera\u00e7\u00f5es e tarefas repetitivas.<\/p>\n<p><img decoding=\"async\" src=\"https:\/\/www.encontrajardins.com.br\/av-faria-lima\/wp-content\/uploads\/2026\/02\/mb-investe-em-ia-e-se-muda-para-predio-proprio-na-faria-lima.webp\" alt=\"intelig\u00eancia artificial\" loading=\"lazy\" \/><\/p>\n<h2>Economia de Horas com Automa\u00e7\u00e3o<\/h2>\n<p>O impacto da automa\u00e7\u00e3o vai al\u00e9m da economia de tempo. A an\u00e1lise interna da MB mostra que a automa\u00e7\u00e3o n\u00e3o resultou em demiss\u00f5es. Em vez disso, houve uma reestrutura\u00e7\u00e3o capaz de proporcionar um ambiente onde os colaboradores podem se concentrar em tarefas que exigem mais esfor\u00e7o cognitivo. A estimativa \u00e9 que a efici\u00eancia resultante da automatiza\u00e7\u00e3o gere uma economia anual em torno de R$ 5 milh\u00f5es.<\/p>\n<h2>Foco em Processos Cr\u00edticos<\/h2>\n<p>O uso de IA \u00e9 particularmente cr\u00edtico nas \u00e1reas com maior demanda de opera\u00e7\u00e3o, como atendimento ao cliente e opera\u00e7\u00f5es financeiras. O foco em processos que apresentam alta recorr\u00eancia assegura que a MB n\u00e3o s\u00f3 mantenha a qualidade no servi\u00e7o prestado, mas tamb\u00e9m aumente a produtividade geral. Essa abordagem permite que a empresa n\u00e3o se aprofunde apenas em estudos de caso, mas tamb\u00e9m implemente solu\u00e7\u00f5es que beneficiem opera\u00e7\u00f5es realistas.<\/p>\n<h2>Impacto no Atendimento ao Cliente<\/h2>\n<p>As solu\u00e7\u00f5es de IA impactam diretamente o atendimento ao cliente, aprimorando a experi\u00eancia dos usu\u00e1rios. A automa\u00e7\u00e3o permite que a equipe de atendimento se concentre em quest\u00f5es mais complexas, enquanto as tarefas rotineiras, como responder perguntas frequentes, s\u00e3o geridas por bots inteligentes. Essa melhoria na qualidade do atendimento pode resultar em maior satisfa\u00e7\u00e3o do cliente e reten\u00e7\u00e3o de usu\u00e1rios, fatores essenciais no competitivo mercado de criptomoedas.<\/p>\n<h2>Investimentos em Capacita\u00e7\u00e3o<\/h2>\n<p>A MB n\u00e3o est\u00e1 apenas investindo em tecnologia, mas tamb\u00e9m na capacita\u00e7\u00e3o de seus colaboradores. A nova sede contar\u00e1 com um programa de est\u00e1gio focado em intelig\u00eancia artificial, em colabora\u00e7\u00e3o com a <strong>Universidade da Calif\u00f3rnia<\/strong>. Com a abertura de 10 vagas, o programa visa atrair talentos que ajudar\u00e3o a fomentar a cultura da inova\u00e7\u00e3o dentro da empresa e fornecer\u00e1 uma nova gera\u00e7\u00e3o de profissionais qualificados para enfrentar os desafios do futuro digital.<\/p>\n<h2>Vis\u00e3o de Futuro da Empresa<\/h2>\n<p>A MB visualiza a tecnologia como uma aliada na sua jornada de crescimento. A empresa acredita que, ao empregar tecnologias avan\u00e7adas, poder\u00e1 n\u00e3o apenas impulsionar seus resultados financeiros, mas tamb\u00e9m aprimorar a experi\u00eancia de seus clientes. A inten\u00e7\u00e3o \u00e9 criar um modelo de neg\u00f3cios que empregue a intelig\u00eancia artificial como um aliado estrat\u00e9gico, que complemente o valor do capital humano.<\/p>\n<h2>Colabora\u00e7\u00e3o com Universidades<\/h2>\n<p>A parceria com institui\u00e7\u00f5es acad\u00eamicas, como a Universidade da Calif\u00f3rnia, \u00e9 fundamental para a MB. Isso n\u00e3o s\u00f3 ajuda na forma\u00e7\u00e3o de profissionais qualificados, mas tamb\u00e9m possibilita que a empresa fique \u00e0 frente das \u00faltimas inova\u00e7\u00f5es tecnol\u00f3gicas. A colabora\u00e7\u00e3o entre academia e ind\u00fastria traz benef\u00edcio m\u00fatuo, gerando pesquisas e desenvolvimentos que podem ser aplicados na pr\u00e1tica, fechando assim a lacuna entre teoria e pr\u00e1tica.<\/p>\n<h2>A Tecnologia como Aliada Estrat\u00e9gica<\/h2>\n<p>O uso de tecnologias emergentes, como intelig\u00eancia artificial, est\u00e1 se tornando uma norma nas opera\u00e7\u00f5es da MB. A empresa adota uma perspectiva de que a tecnologia deve amplificar a capacidade humana e n\u00e3o substituir. Com isso, a MB se posiciona para enfrentar os desafios do mercado financeiro digital com um olhar apurado, refor\u00e7ando sua relev\u00e2ncia e compromisso em liderar o setor de criptomoedas no Brasil.<\/p>\n","protected":false},"excerpt":{"rendered":"<p>MB apresenta seus novos investimentos em IA e mudan\u00e7a para sede pr\u00f3pria na Faria Lima.<\/p>\n","protected":false},"author":1,"featured_media":4248,"comment_status":"open","ping_status":"open","sticky":false,"template":"","format":"standard","meta":{"footnotes":""},"categories":[5],"tags":[],"class_list":["post-4249","post","type-post","status-publish","format-standard","has-post-thumbnail","hentry","category-noticias","has_thumb"],"yoast_head":"<!-- This site is optimized with the Yoast SEO plugin v27.4 - https:\/\/yoast.com\/product\/yoast-seo-wordpress\/ -->\n<title>MB investe em IA e se muda para pr\u00e9dio pr\u00f3prio na Faria Lima | Guia Comercial Avenida Faria Lima<\/title>\n<meta name=\"robots\" content=\"index, follow, max-snippet:-1, max-image-preview:large, max-video-preview:-1\" \/>\n<link rel=\"canonical\" href=\"https:\/\/www.encontrajardins.com.br\/av-faria-lima\/mb-investe-em-ia-e-se-muda-para-predio-proprio-na-faria-lima\/\" \/>\n<meta property=\"og:locale\" content=\"pt_BR\" \/>\n<meta property=\"og:type\" content=\"article\" \/>\n<meta property=\"og:title\" content=\"MB investe em IA e se muda para pr\u00e9dio pr\u00f3prio na Faria Lima | Guia Comercial Avenida Faria Lima\" \/>\n<meta property=\"og:description\" content=\"MB apresenta seus novos investimentos em IA e mudan\u00e7a para sede pr\u00f3pria na Faria Lima.\" \/>\n<meta property=\"og:url\" content=\"https:\/\/www.encontrajardins.com.br\/av-faria-lima\/mb-investe-em-ia-e-se-muda-para-predio-proprio-na-faria-lima\/\" \/>\n<meta property=\"og:site_name\" content=\"Guia Comercial Avenida Faria Lima\" \/>\n<meta property=\"article:published_time\" content=\"2026-02-11T15:44:22+00:00\" \/>\n<meta property=\"og:image\" content=\"https:\/\/www.encontrajardins.com.br\/av-faria-lima\/wp-content\/uploads\/2026\/02\/mb-investe-em-ia-e-se-muda-para-predio-proprio-na-faria-lima.webp\" \/>\n<meta name=\"author\" content=\"Encontra Avenida Faria Lima\" \/>\n<meta name=\"twitter:card\" content=\"summary_large_image\" \/>\n<meta name=\"twitter:label1\" content=\"Escrito por\" \/>\n\t<meta name=\"twitter:data1\" content=\"Encontra Avenida Faria Lima\" \/>\n\t<meta name=\"twitter:label2\" content=\"Est. tempo de leitura\" \/>\n\t<meta name=\"twitter:data2\" content=\"4 minutos\" \/>\n<script type=\"application\/ld+json\" class=\"yoast-schema-graph\">{\"@context\":\"https:\\\/\\\/schema.org\",\"@graph\":[{\"@type\":\"Article\",\"@id\":\"https:\\\/\\\/www.encontrajardins.com.br\\\/av-faria-lima\\\/mb-investe-em-ia-e-se-muda-para-predio-proprio-na-faria-lima\\\/#article\",\"isPartOf\":{\"@id\":\"https:\\\/\\\/www.encontrajardins.com.br\\\/av-faria-lima\\\/mb-investe-em-ia-e-se-muda-para-predio-proprio-na-faria-lima\\\/\"},\"author\":{\"name\":\"Encontra Avenida Faria Lima\",\"@id\":\"https:\\\/\\\/www.encontrajardins.com.br\\\/av-faria-lima\\\/#\\\/schema\\\/person\\\/79badd2a12b75d685ad41dac082e5111\"},\"headline\":\"MB investe em IA e se muda para pr\u00e9dio pr\u00f3prio na Faria Lima\",\"datePublished\":\"2026-02-11T15:44:22+00:00\",\"mainEntityOfPage\":{\"@id\":\"https:\\\/\\\/www.encontrajardins.com.br\\\/av-faria-lima\\\/mb-investe-em-ia-e-se-muda-para-predio-proprio-na-faria-lima\\\/\"},\"wordCount\":816,\"commentCount\":0,\"image\":{\"@id\":\"https:\\\/\\\/www.encontrajardins.com.br\\\/av-faria-lima\\\/mb-investe-em-ia-e-se-muda-para-predio-proprio-na-faria-lima\\\/#primaryimage\"},\"thumbnailUrl\":\"https:\\\/\\\/www.encontrajardins.com.br\\\/av-faria-lima\\\/wp-content\\\/uploads\\\/2026\\\/02\\\/mb-investe-em-ia-e-se-muda-para-predio-proprio-na-faria-lima.webp\",\"articleSection\":[\"Not\u00edcias Avenida Faria Lima\"],\"inLanguage\":\"pt-BR\",\"potentialAction\":[{\"@type\":\"CommentAction\",\"name\":\"Comment\",\"target\":[\"https:\\\/\\\/www.encontrajardins.com.br\\\/av-faria-lima\\\/mb-investe-em-ia-e-se-muda-para-predio-proprio-na-faria-lima\\\/#respond\"]}]},{\"@type\":\"WebPage\",\"@id\":\"https:\\\/\\\/www.encontrajardins.com.br\\\/av-faria-lima\\\/mb-investe-em-ia-e-se-muda-para-predio-proprio-na-faria-lima\\\/\",\"url\":\"https:\\\/\\\/www.encontrajardins.com.br\\\/av-faria-lima\\\/mb-investe-em-ia-e-se-muda-para-predio-proprio-na-faria-lima\\\/\",\"name\":\"MB investe em IA e se muda para pr\u00e9dio pr\u00f3prio na Faria Lima | Guia Comercial Avenida Faria Lima\",\"isPartOf\":{\"@id\":\"https:\\\/\\\/www.encontrajardins.com.br\\\/av-faria-lima\\\/#website\"},\"primaryImageOfPage\":{\"@id\":\"https:\\\/\\\/www.encontrajardins.com.br\\\/av-faria-lima\\\/mb-investe-em-ia-e-se-muda-para-predio-proprio-na-faria-lima\\\/#primaryimage\"},\"image\":{\"@id\":\"https:\\\/\\\/www.encontrajardins.com.br\\\/av-faria-lima\\\/mb-investe-em-ia-e-se-muda-para-predio-proprio-na-faria-lima\\\/#primaryimage\"},\"thumbnailUrl\":\"https:\\\/\\\/www.encontrajardins.com.br\\\/av-faria-lima\\\/wp-content\\\/uploads\\\/2026\\\/02\\\/mb-investe-em-ia-e-se-muda-para-predio-proprio-na-faria-lima.webp\",\"datePublished\":\"2026-02-11T15:44:22+00:00\",\"author\":{\"@id\":\"https:\\\/\\\/www.encontrajardins.com.br\\\/av-faria-lima\\\/#\\\/schema\\\/person\\\/79badd2a12b75d685ad41dac082e5111\"},\"inLanguage\":\"pt-BR\",\"potentialAction\":[{\"@type\":\"ReadAction\",\"target\":[\"https:\\\/\\\/www.encontrajardins.com.br\\\/av-faria-lima\\\/mb-investe-em-ia-e-se-muda-para-predio-proprio-na-faria-lima\\\/\"]}]},{\"@type\":\"ImageObject\",\"inLanguage\":\"pt-BR\",\"@id\":\"https:\\\/\\\/www.encontrajardins.com.br\\\/av-faria-lima\\\/mb-investe-em-ia-e-se-muda-para-predio-proprio-na-faria-lima\\\/#primaryimage\",\"url\":\"https:\\\/\\\/www.encontrajardins.com.br\\\/av-faria-lima\\\/wp-content\\\/uploads\\\/2026\\\/02\\\/mb-investe-em-ia-e-se-muda-para-predio-proprio-na-faria-lima.webp\",\"contentUrl\":\"https:\\\/\\\/www.encontrajardins.com.br\\\/av-faria-lima\\\/wp-content\\\/uploads\\\/2026\\\/02\\\/mb-investe-em-ia-e-se-muda-para-predio-proprio-na-faria-lima.webp\",\"width\":280,\"height\":280,\"caption\":\"intelig\u00eancia artificial\"},{\"@type\":\"WebSite\",\"@id\":\"https:\\\/\\\/www.encontrajardins.com.br\\\/av-faria-lima\\\/#website\",\"url\":\"https:\\\/\\\/www.encontrajardins.com.br\\\/av-faria-lima\\\/\",\"name\":\"Guia Comercial Avenida Faria Lima\",\"description\":\"ENCONTRA AVENIDA FARIA LIMA - O guia comercial de neg\u00f3cios e empresas, cultura e divers\u00e3o na Avenida Faria Lima. Feito 100% para voc\u00ea morador!\",\"potentialAction\":[{\"@type\":\"SearchAction\",\"target\":{\"@type\":\"EntryPoint\",\"urlTemplate\":\"https:\\\/\\\/www.encontrajardins.com.br\\\/av-faria-lima\\\/?s={search_term_string}\"},\"query-input\":{\"@type\":\"PropertyValueSpecification\",\"valueRequired\":true,\"valueName\":\"search_term_string\"}}],\"inLanguage\":\"pt-BR\"},{\"@type\":\"Person\",\"@id\":\"https:\\\/\\\/www.encontrajardins.com.br\\\/av-faria-lima\\\/#\\\/schema\\\/person\\\/79badd2a12b75d685ad41dac082e5111\",\"name\":\"Encontra Avenida Faria Lima\",\"image\":{\"@type\":\"ImageObject\",\"inLanguage\":\"pt-BR\",\"@id\":\"https:\\\/\\\/www.encontrajardins.com.br\\\/av-faria-lima\\\/wp-content\\\/litespeed\\\/avatar\\\/e92a756db1fc224ef50d2f00ed0d047a.jpg?ver=1776988651\",\"url\":\"https:\\\/\\\/www.encontrajardins.com.br\\\/av-faria-lima\\\/wp-content\\\/litespeed\\\/avatar\\\/e92a756db1fc224ef50d2f00ed0d047a.jpg?ver=1776988651\",\"contentUrl\":\"https:\\\/\\\/www.encontrajardins.com.br\\\/av-faria-lima\\\/wp-content\\\/litespeed\\\/avatar\\\/e92a756db1fc224ef50d2f00ed0d047a.jpg?ver=1776988651\",\"caption\":\"Encontra Avenida Faria Lima\"},\"url\":\"https:\\\/\\\/www.encontrajardins.com.br\\\/av-faria-lima\\\/author\\\/av-faria-lima\\\/\"}]}<\/script>\n<!-- \/ Yoast SEO plugin. -->","yoast_head_json":{"title":"MB investe em IA e se muda para pr\u00e9dio pr\u00f3prio na Faria Lima | Guia Comercial Avenida Faria Lima","robots":{"index":"index","follow":"follow","max-snippet":"max-snippet:-1","max-image-preview":"max-image-preview:large","max-video-preview":"max-video-preview:-1"},"canonical":"https:\/\/www.encontrajardins.com.br\/av-faria-lima\/mb-investe-em-ia-e-se-muda-para-predio-proprio-na-faria-lima\/","og_locale":"pt_BR","og_type":"article","og_title":"MB investe em IA e se muda para pr\u00e9dio pr\u00f3prio na Faria Lima | Guia Comercial Avenida Faria Lima","og_description":"MB apresenta seus novos investimentos em IA e mudan\u00e7a para sede pr\u00f3pria na Faria Lima.","og_url":"https:\/\/www.encontrajardins.com.br\/av-faria-lima\/mb-investe-em-ia-e-se-muda-para-predio-proprio-na-faria-lima\/","og_site_name":"Guia Comercial Avenida Faria Lima","article_published_time":"2026-02-11T15:44:22+00:00","og_image":[{"url":"https:\/\/www.encontrajardins.com.br\/av-faria-lima\/wp-content\/uploads\/2026\/02\/mb-investe-em-ia-e-se-muda-para-predio-proprio-na-faria-lima.webp","type":"","width":"","height":""}],"author":"Encontra Avenida Faria Lima","twitter_card":"summary_large_image","twitter_misc":{"Escrito por":"Encontra Avenida Faria Lima","Est. tempo de leitura":"4 minutos"},"schema":{"@context":"https:\/\/schema.org","@graph":[{"@type":"Article","@id":"https:\/\/www.encontrajardins.com.br\/av-faria-lima\/mb-investe-em-ia-e-se-muda-para-predio-proprio-na-faria-lima\/#article","isPartOf":{"@id":"https:\/\/www.encontrajardins.com.br\/av-faria-lima\/mb-investe-em-ia-e-se-muda-para-predio-proprio-na-faria-lima\/"},"author":{"name":"Encontra Avenida Faria Lima","@id":"https:\/\/www.encontrajardins.com.br\/av-faria-lima\/#\/schema\/person\/79badd2a12b75d685ad41dac082e5111"},"headline":"MB investe em IA e se muda para pr\u00e9dio pr\u00f3prio na Faria Lima","datePublished":"2026-02-11T15:44:22+00:00","mainEntityOfPage":{"@id":"https:\/\/www.encontrajardins.com.br\/av-faria-lima\/mb-investe-em-ia-e-se-muda-para-predio-proprio-na-faria-lima\/"},"wordCount":816,"commentCount":0,"image":{"@id":"https:\/\/www.encontrajardins.com.br\/av-faria-lima\/mb-investe-em-ia-e-se-muda-para-predio-proprio-na-faria-lima\/#primaryimage"},"thumbnailUrl":"https:\/\/www.encontrajardins.com.br\/av-faria-lima\/wp-content\/uploads\/2026\/02\/mb-investe-em-ia-e-se-muda-para-predio-proprio-na-faria-lima.webp","articleSection":["Not\u00edcias Avenida Faria Lima"],"inLanguage":"pt-BR","potentialAction":[{"@type":"CommentAction","name":"Comment","target":["https:\/\/www.encontrajardins.com.br\/av-faria-lima\/mb-investe-em-ia-e-se-muda-para-predio-proprio-na-faria-lima\/#respond"]}]},{"@type":"WebPage","@id":"https:\/\/www.encontrajardins.com.br\/av-faria-lima\/mb-investe-em-ia-e-se-muda-para-predio-proprio-na-faria-lima\/","url":"https:\/\/www.encontrajardins.com.br\/av-faria-lima\/mb-investe-em-ia-e-se-muda-para-predio-proprio-na-faria-lima\/","name":"MB investe em IA e se muda para pr\u00e9dio pr\u00f3prio na Faria Lima | Guia Comercial Avenida Faria Lima","isPartOf":{"@id":"https:\/\/www.encontrajardins.com.br\/av-faria-lima\/#website"},"primaryImageOfPage":{"@id":"https:\/\/www.encontrajardins.com.br\/av-faria-lima\/mb-investe-em-ia-e-se-muda-para-predio-proprio-na-faria-lima\/#primaryimage"},"image":{"@id":"https:\/\/www.encontrajardins.com.br\/av-faria-lima\/mb-investe-em-ia-e-se-muda-para-predio-proprio-na-faria-lima\/#primaryimage"},"thumbnailUrl":"https:\/\/www.encontrajardins.com.br\/av-faria-lima\/wp-content\/uploads\/2026\/02\/mb-investe-em-ia-e-se-muda-para-predio-proprio-na-faria-lima.webp","datePublished":"2026-02-11T15:44:22+00:00","author":{"@id":"https:\/\/www.encontrajardins.com.br\/av-faria-lima\/#\/schema\/person\/79badd2a12b75d685ad41dac082e5111"},"inLanguage":"pt-BR","potentialAction":[{"@type":"ReadAction","target":["https:\/\/www.encontrajardins.com.br\/av-faria-lima\/mb-investe-em-ia-e-se-muda-para-predio-proprio-na-faria-lima\/"]}]},{"@type":"ImageObject","inLanguage":"pt-BR","@id":"https:\/\/www.encontrajardins.com.br\/av-faria-lima\/mb-investe-em-ia-e-se-muda-para-predio-proprio-na-faria-lima\/#primaryimage","url":"https:\/\/www.encontrajardins.com.br\/av-faria-lima\/wp-content\/uploads\/2026\/02\/mb-investe-em-ia-e-se-muda-para-predio-proprio-na-faria-lima.webp","contentUrl":"https:\/\/www.encontrajardins.com.br\/av-faria-lima\/wp-content\/uploads\/2026\/02\/mb-investe-em-ia-e-se-muda-para-predio-proprio-na-faria-lima.webp","width":280,"height":280,"caption":"intelig\u00eancia artificial"},{"@type":"WebSite","@id":"https:\/\/www.encontrajardins.com.br\/av-faria-lima\/#website","url":"https:\/\/www.encontrajardins.com.br\/av-faria-lima\/","name":"Guia Comercial Avenida Faria Lima","description":"ENCONTRA AVENIDA FARIA LIMA - O guia comercial de neg\u00f3cios e empresas, cultura e divers\u00e3o na Avenida Faria Lima. Feito 100% para voc\u00ea morador!","potentialAction":[{"@type":"SearchAction","target":{"@type":"EntryPoint","urlTemplate":"https:\/\/www.encontrajardins.com.br\/av-faria-lima\/?s={search_term_string}"},"query-input":{"@type":"PropertyValueSpecification","valueRequired":true,"valueName":"search_term_string"}}],"inLanguage":"pt-BR"},{"@type":"Person","@id":"https:\/\/www.encontrajardins.com.br\/av-faria-lima\/#\/schema\/person\/79badd2a12b75d685ad41dac082e5111","name":"Encontra Avenida Faria Lima","image":{"@type":"ImageObject","inLanguage":"pt-BR","@id":"https:\/\/www.encontrajardins.com.br\/av-faria-lima\/wp-content\/litespeed\/avatar\/e92a756db1fc224ef50d2f00ed0d047a.jpg?ver=1776988651","url":"https:\/\/www.encontrajardins.com.br\/av-faria-lima\/wp-content\/litespeed\/avatar\/e92a756db1fc224ef50d2f00ed0d047a.jpg?ver=1776988651","contentUrl":"https:\/\/www.encontrajardins.com.br\/av-faria-lima\/wp-content\/litespeed\/avatar\/e92a756db1fc224ef50d2f00ed0d047a.jpg?ver=1776988651","caption":"Encontra Avenida Faria Lima"},"url":"https:\/\/www.encontrajardins.com.br\/av-faria-lima\/author\/av-faria-lima\/"}]}},"_links":{"self":[{"href":"https:\/\/www.encontrajardins.com.br\/av-faria-lima\/wp-json\/wp\/v2\/posts\/4249","targetHints":{"allow":["GET"]}}],"collection":[{"href":"https:\/\/www.encontrajardins.com.br\/av-faria-lima\/wp-json\/wp\/v2\/posts"}],"about":[{"href":"https:\/\/www.encontrajardins.com.br\/av-faria-lima\/wp-json\/wp\/v2\/types\/post"}],"author":[{"embeddable":true,"href":"https:\/\/www.encontrajardins.com.br\/av-faria-lima\/wp-json\/wp\/v2\/users\/1"}],"replies":[{"embeddable":true,"href":"https:\/\/www.encontrajardins.com.br\/av-faria-lima\/wp-json\/wp\/v2\/comments?post=4249"}],"version-history":[{"count":0,"href":"https:\/\/www.encontrajardins.com.br\/av-faria-lima\/wp-json\/wp\/v2\/posts\/4249\/revisions"}],"wp:featuredmedia":[{"embeddable":true,"href":"https:\/\/www.encontrajardins.com.br\/av-faria-lima\/wp-json\/wp\/v2\/media\/4248"}],"wp:attachment":[{"href":"https:\/\/www.encontrajardins.com.br\/av-faria-lima\/wp-json\/wp\/v2\/media?parent=4249"}],"wp:term":[{"taxonomy":"category","embeddable":true,"href":"https:\/\/www.encontrajardins.com.br\/av-faria-lima\/wp-json\/wp\/v2\/categories?post=4249"},{"taxonomy":"post_tag","embeddable":true,"href":"https:\/\/www.encontrajardins.com.br\/av-faria-lima\/wp-json\/wp\/v2\/tags?post=4249"}],"curies":[{"name":"wp","href":"https:\/\/api.w.org\/{rel}","templated":true}]}}