{"id":4255,"date":"2026-02-12T12:45:11","date_gmt":"2026-02-12T15:45:11","guid":{"rendered":"https:\/\/www.encontrajardins.com.br\/av-faria-lima\/12-blocos-de-carnaval-em-sao-paulo-com-musicas-de-rock\/"},"modified":"2026-02-12T12:45:11","modified_gmt":"2026-02-12T15:45:11","slug":"12-blocos-de-carnaval-em-sao-paulo-com-musicas-de-rock","status":"publish","type":"post","link":"https:\/\/www.encontrajardins.com.br\/av-faria-lima\/12-blocos-de-carnaval-em-sao-paulo-com-musicas-de-rock\/","title":{"rendered":"12 blocos de Carnaval em S\u00e3o Paulo com m\u00fasicas de rock"},"content":{"rendered":"<h2>Rita Seixas Raul Lee<\/h2>\n<p>O bloco &#8220;Rita Seixas Raul Lee&#8221; promete agitar o Carnaval em S\u00e3o Paulo com uma homenagem ao ic\u00f4nico Raul Seixas. Este evento, que acontecer\u00e1 no dia 14 de fevereiro, \u00e0s 12h, ter\u00e1 como ponto de encontro a Rua Jo\u00e3o Pedro Lecor, localizada no bairro Vila Prudente. Os foli\u00f5es poder\u00e3o esperar um repert\u00f3rio recheado de sucessos que marcam a trajet\u00f3ria desse grande artista, al\u00e9m de um ambiente vibrante e animado.<\/p>\n<h2>Bloco 77 \u2013 Os Originais do Punk<\/h2>\n<p>Para os amantes do punk rock, o &#8220;Bloco 77 \u2013 Os Originais do Punk&#8221; ser\u00e1 uma parada obrigat\u00f3ria. Previsto para o dia 14 de fevereiro, \u00e0s 13h, o bloco se concentrar\u00e1 na Rua Barra Funda, 1.071, na regi\u00e3o da Barra Funda. Este evento \u00e9 ideal para quem deseja reviver os grandes cl\u00e1ssicos do punk e curtir um clima de descontra\u00e7\u00e3o e liberdade.<\/p>\n<h2>Bloco Emo<\/h2>\n<p>Os f\u00e3s da cena emo poder\u00e3o se unir no &#8220;Bloco Emo&#8221;, que acontecer\u00e1 tamb\u00e9m no dia 14 de fevereiro, \u00e0s 13h, na Avenida Paulo VI, pr\u00f3xima ao metr\u00f4 Sumar\u00e9, em Perdizes. O evento promete trazer um mix de hits dos anos 2000, repletos de emo\u00e7\u00e3o e nostalgia, para aqueles que viveram os tempos \u00e1ureos do g\u00eanero.<\/p>\n<p><img decoding=\"async\" src=\"https:\/\/www.encontrajardins.com.br\/av-faria-lima\/wp-content\/uploads\/2026\/02\/12-blocos-de-carnaval-em-sao-paulo-com-musicas-de-rock.webp\" alt=\"blocos de Carnaval em S\u00e3o Paulo com m\u00fasicas de rock\" loading=\"lazy\" \/><\/p>\n<h2>O Bloco Sabbath 1<\/h2>\n<p>Os admiradores do heavy metal encontrar\u00e3o seu espa\u00e7o no &#8220;Bloco Sabbath&#8221;. Marcado para o dia 14 de fevereiro, \u00e0s 14h, o bloco se concentrar\u00e1 na Rua Ministro Gast\u00e3o Mesquita, 120, esquina com a Rua Caet\u00e9s, em Perdizes. Espera-se que os f\u00e3s do Black Sabbath e do heavy metal aproveitem uma tarde repleta de riffs marcantes e energia intensa.<\/p>\n<h2>Samba Rock e Serpentina<\/h2>\n<p>Para um toque mais tropical, o bloco &#8220;Samba Rock e Serpentina&#8221; acontecer\u00e1 no dia 15 de fevereiro, \u00e0s 10h30, na Rua Camaragibe, 131, na Barra Funda. Este evento misturar\u00e1 os ritmos do samba e do rock, prometendo um Carnaval inovador e cheio de anima\u00e7\u00e3o.<\/p>\n<h2>Bloco Ritaleena<\/h2>\n<p>O &#8220;Bloco Ritaleena&#8221; ser\u00e1 um espet\u00e1culo \u00e0 parte, reunindo diferentes estilos em um \u00fanico evento. O encontro ocorrer\u00e1 no dia 15 de fevereiro, \u00e0s 12h, na Avenida Engenheiro Eus\u00e9bio Estevaux, esquina com a Rua Maria Clara Martins, em Santo Amaro. Diversas influ\u00eancias prometem fazer dessa uma festa memor\u00e1vel.<\/p>\n<h2>Bloco Let\u2019s Block<\/h2>\n<p>Com in\u00edcio \u00e0s 13h no dia 15 de fevereiro, o &#8220;Bloco Let\u2019s Block&#8221; se concentrar\u00e1 na Rua Faustolo, 816, em \u00c1gua Branca. Este bloco trar\u00e1 uma nova abordagem ao rock, atraindo tanto jovens quanto aqueles que cresceram ouvindo as melhores bandas.<\/p>\n<h2>Bloco 89 com Supla, Egypcio e convidados<\/h2>\n<p>No mesmo dia, o &#8220;Bloco 89&#8221; ser\u00e1 um ponto de encontro para os f\u00e3s de rock com a presen\u00e7a de artistas como Supla e Egypcio. A concentra\u00e7\u00e3o ser\u00e1 na Avenida Brigadeiro Faria Lima, 4.100, na Vila Ol\u00edmpia, a partir das 13h. Os convidados certamente aumentar\u00e3o a energia da festa, trazendo seus sucessos e um p\u00fablico vibrante.<\/p>\n<h2>Chora e Rebola<\/h2>\n<p>Outra op\u00e7\u00e3o \u00e9 o &#8220;Chora e Rebola&#8221;, que tamb\u00e9m acontece no dia 15 de fevereiro, \u00e0s 13h, na Rua Rui Barbosa, 453, no Bixiga. Esta proposta traz uma fus\u00e3o entre rock e outros g\u00eaneros, oferecendo um espa\u00e7o para que todos possam se divertir.<\/p>\n<h2>O Bloco Sabbath 2<\/h2>\n<p>Para aqueles que n\u00e3o puderem participar da primeira edi\u00e7\u00e3o, o &#8220;O Bloco Sabbath&#8221; ter\u00e1 uma nova chance no dia 16 de fevereiro, \u00e0s 14h, na mesma localiza\u00e7\u00e3o da primeira concentra\u00e7\u00e3o. Essa repeti\u00e7\u00e3o ser\u00e1 uma excelente oportunidade para quem ama o heavy metal e quer garantir sua dose de divers\u00e3o.<\/p>\n<h2>Di Ferrero: Se Fui Triste N\u00e3o Me Lembro<\/h2>\n<p>O talentoso Di Ferrero tamb\u00e9m estar\u00e1 presente na folia, ao lado de seus f\u00e3s no bloco &#8220;Se Fui Triste N\u00e3o Me Lembro&#8221;, que se concentrar\u00e1 na Avenida Faria Lima, 4.100, no Itaim Bibi, no dia 17 de fevereiro, \u00e0s 13h. A expectativa \u00e9 que o artista cante seus sucessos e interaja com o p\u00fablico, proporcionando momentos inesquec\u00edveis.<\/p>\n<h2>Bloco Mister Rock<\/h2>\n<p>Encerrando essa lista, o &#8220;Bloco Mister Rock&#8221; vai agitar a Penha no dia 17 de fevereiro, a partir das 14h, na Rua Coruripe. Este evento \u00e9 voltado para os roqueiros que buscam uma forma de celebrar o Carnaval com a energia das guitarras e batidas marcantes. A diversidade musical e a intera\u00e7\u00e3o entre os participantes far\u00e3o do bloco um verdadeiro espet\u00e1culo.<\/p>\n","protected":false},"excerpt":{"rendered":"<p>Carnaval em S\u00e3o Paulo: conhe\u00e7a 12 blocos de rock imperd\u00edveis!<\/p>\n","protected":false},"author":1,"featured_media":4254,"comment_status":"open","ping_status":"open","sticky":false,"template":"","format":"standard","meta":{"footnotes":""},"categories":[5],"tags":[],"class_list":["post-4255","post","type-post","status-publish","format-standard","has-post-thumbnail","hentry","category-noticias","has_thumb"],"yoast_head":"<!-- This site is optimized with the Yoast SEO plugin v27.4 - https:\/\/yoast.com\/product\/yoast-seo-wordpress\/ -->\n<title>12 blocos de Carnaval em S\u00e3o Paulo com m\u00fasicas de rock | Guia Comercial Avenida Faria Lima<\/title>\n<meta name=\"robots\" content=\"index, follow, max-snippet:-1, max-image-preview:large, max-video-preview:-1\" \/>\n<link rel=\"canonical\" href=\"https:\/\/www.encontrajardins.com.br\/av-faria-lima\/12-blocos-de-carnaval-em-sao-paulo-com-musicas-de-rock\/\" \/>\n<meta property=\"og:locale\" content=\"pt_BR\" \/>\n<meta property=\"og:type\" content=\"article\" \/>\n<meta property=\"og:title\" content=\"12 blocos de Carnaval em S\u00e3o Paulo com m\u00fasicas de rock | Guia Comercial Avenida Faria Lima\" \/>\n<meta property=\"og:description\" content=\"Carnaval em S\u00e3o Paulo: conhe\u00e7a 12 blocos de rock imperd\u00edveis!\" \/>\n<meta property=\"og:url\" content=\"https:\/\/www.encontrajardins.com.br\/av-faria-lima\/12-blocos-de-carnaval-em-sao-paulo-com-musicas-de-rock\/\" \/>\n<meta property=\"og:site_name\" content=\"Guia Comercial Avenida Faria Lima\" \/>\n<meta property=\"article:published_time\" content=\"2026-02-12T15:45:11+00:00\" \/>\n<meta property=\"og:image\" content=\"https:\/\/www.encontrajardins.com.br\/av-faria-lima\/wp-content\/uploads\/2026\/02\/12-blocos-de-carnaval-em-sao-paulo-com-musicas-de-rock.webp\" \/>\n<meta name=\"author\" content=\"Encontra Avenida Faria Lima\" \/>\n<meta name=\"twitter:card\" content=\"summary_large_image\" \/>\n<meta name=\"twitter:label1\" content=\"Escrito por\" \/>\n\t<meta name=\"twitter:data1\" content=\"Encontra Avenida Faria Lima\" \/>\n\t<meta name=\"twitter:label2\" content=\"Est. tempo de leitura\" \/>\n\t<meta name=\"twitter:data2\" content=\"4 minutos\" \/>\n<script type=\"application\/ld+json\" class=\"yoast-schema-graph\">{\"@context\":\"https:\\\/\\\/schema.org\",\"@graph\":[{\"@type\":\"Article\",\"@id\":\"https:\\\/\\\/www.encontrajardins.com.br\\\/av-faria-lima\\\/12-blocos-de-carnaval-em-sao-paulo-com-musicas-de-rock\\\/#article\",\"isPartOf\":{\"@id\":\"https:\\\/\\\/www.encontrajardins.com.br\\\/av-faria-lima\\\/12-blocos-de-carnaval-em-sao-paulo-com-musicas-de-rock\\\/\"},\"author\":{\"name\":\"Encontra Avenida Faria Lima\",\"@id\":\"https:\\\/\\\/www.encontrajardins.com.br\\\/av-faria-lima\\\/#\\\/schema\\\/person\\\/79badd2a12b75d685ad41dac082e5111\"},\"headline\":\"12 blocos de Carnaval em S\u00e3o Paulo com m\u00fasicas de rock\",\"datePublished\":\"2026-02-12T15:45:11+00:00\",\"mainEntityOfPage\":{\"@id\":\"https:\\\/\\\/www.encontrajardins.com.br\\\/av-faria-lima\\\/12-blocos-de-carnaval-em-sao-paulo-com-musicas-de-rock\\\/\"},\"wordCount\":732,\"commentCount\":0,\"image\":{\"@id\":\"https:\\\/\\\/www.encontrajardins.com.br\\\/av-faria-lima\\\/12-blocos-de-carnaval-em-sao-paulo-com-musicas-de-rock\\\/#primaryimage\"},\"thumbnailUrl\":\"https:\\\/\\\/www.encontrajardins.com.br\\\/av-faria-lima\\\/wp-content\\\/uploads\\\/2026\\\/02\\\/12-blocos-de-carnaval-em-sao-paulo-com-musicas-de-rock.webp\",\"articleSection\":[\"Not\u00edcias Avenida Faria Lima\"],\"inLanguage\":\"pt-BR\",\"potentialAction\":[{\"@type\":\"CommentAction\",\"name\":\"Comment\",\"target\":[\"https:\\\/\\\/www.encontrajardins.com.br\\\/av-faria-lima\\\/12-blocos-de-carnaval-em-sao-paulo-com-musicas-de-rock\\\/#respond\"]}]},{\"@type\":\"WebPage\",\"@id\":\"https:\\\/\\\/www.encontrajardins.com.br\\\/av-faria-lima\\\/12-blocos-de-carnaval-em-sao-paulo-com-musicas-de-rock\\\/\",\"url\":\"https:\\\/\\\/www.encontrajardins.com.br\\\/av-faria-lima\\\/12-blocos-de-carnaval-em-sao-paulo-com-musicas-de-rock\\\/\",\"name\":\"12 blocos de Carnaval em S\u00e3o Paulo com m\u00fasicas de rock | Guia Comercial Avenida Faria Lima\",\"isPartOf\":{\"@id\":\"https:\\\/\\\/www.encontrajardins.com.br\\\/av-faria-lima\\\/#website\"},\"primaryImageOfPage\":{\"@id\":\"https:\\\/\\\/www.encontrajardins.com.br\\\/av-faria-lima\\\/12-blocos-de-carnaval-em-sao-paulo-com-musicas-de-rock\\\/#primaryimage\"},\"image\":{\"@id\":\"https:\\\/\\\/www.encontrajardins.com.br\\\/av-faria-lima\\\/12-blocos-de-carnaval-em-sao-paulo-com-musicas-de-rock\\\/#primaryimage\"},\"thumbnailUrl\":\"https:\\\/\\\/www.encontrajardins.com.br\\\/av-faria-lima\\\/wp-content\\\/uploads\\\/2026\\\/02\\\/12-blocos-de-carnaval-em-sao-paulo-com-musicas-de-rock.webp\",\"datePublished\":\"2026-02-12T15:45:11+00:00\",\"author\":{\"@id\":\"https:\\\/\\\/www.encontrajardins.com.br\\\/av-faria-lima\\\/#\\\/schema\\\/person\\\/79badd2a12b75d685ad41dac082e5111\"},\"inLanguage\":\"pt-BR\",\"potentialAction\":[{\"@type\":\"ReadAction\",\"target\":[\"https:\\\/\\\/www.encontrajardins.com.br\\\/av-faria-lima\\\/12-blocos-de-carnaval-em-sao-paulo-com-musicas-de-rock\\\/\"]}]},{\"@type\":\"ImageObject\",\"inLanguage\":\"pt-BR\",\"@id\":\"https:\\\/\\\/www.encontrajardins.com.br\\\/av-faria-lima\\\/12-blocos-de-carnaval-em-sao-paulo-com-musicas-de-rock\\\/#primaryimage\",\"url\":\"https:\\\/\\\/www.encontrajardins.com.br\\\/av-faria-lima\\\/wp-content\\\/uploads\\\/2026\\\/02\\\/12-blocos-de-carnaval-em-sao-paulo-com-musicas-de-rock.webp\",\"contentUrl\":\"https:\\\/\\\/www.encontrajardins.com.br\\\/av-faria-lima\\\/wp-content\\\/uploads\\\/2026\\\/02\\\/12-blocos-de-carnaval-em-sao-paulo-com-musicas-de-rock.webp\",\"width\":280,\"height\":280,\"caption\":\"blocos de Carnaval em S\u00e3o Paulo com m\u00fasicas de rock\"},{\"@type\":\"WebSite\",\"@id\":\"https:\\\/\\\/www.encontrajardins.com.br\\\/av-faria-lima\\\/#website\",\"url\":\"https:\\\/\\\/www.encontrajardins.com.br\\\/av-faria-lima\\\/\",\"name\":\"Guia Comercial Avenida Faria Lima\",\"description\":\"ENCONTRA AVENIDA FARIA LIMA - O guia comercial de neg\u00f3cios e empresas, cultura e divers\u00e3o na Avenida Faria Lima. Feito 100% para voc\u00ea morador!\",\"potentialAction\":[{\"@type\":\"SearchAction\",\"target\":{\"@type\":\"EntryPoint\",\"urlTemplate\":\"https:\\\/\\\/www.encontrajardins.com.br\\\/av-faria-lima\\\/?s={search_term_string}\"},\"query-input\":{\"@type\":\"PropertyValueSpecification\",\"valueRequired\":true,\"valueName\":\"search_term_string\"}}],\"inLanguage\":\"pt-BR\"},{\"@type\":\"Person\",\"@id\":\"https:\\\/\\\/www.encontrajardins.com.br\\\/av-faria-lima\\\/#\\\/schema\\\/person\\\/79badd2a12b75d685ad41dac082e5111\",\"name\":\"Encontra Avenida Faria Lima\",\"image\":{\"@type\":\"ImageObject\",\"inLanguage\":\"pt-BR\",\"@id\":\"https:\\\/\\\/www.encontrajardins.com.br\\\/av-faria-lima\\\/wp-content\\\/litespeed\\\/avatar\\\/e92a756db1fc224ef50d2f00ed0d047a.jpg?ver=1776988651\",\"url\":\"https:\\\/\\\/www.encontrajardins.com.br\\\/av-faria-lima\\\/wp-content\\\/litespeed\\\/avatar\\\/e92a756db1fc224ef50d2f00ed0d047a.jpg?ver=1776988651\",\"contentUrl\":\"https:\\\/\\\/www.encontrajardins.com.br\\\/av-faria-lima\\\/wp-content\\\/litespeed\\\/avatar\\\/e92a756db1fc224ef50d2f00ed0d047a.jpg?ver=1776988651\",\"caption\":\"Encontra Avenida Faria Lima\"},\"url\":\"https:\\\/\\\/www.encontrajardins.com.br\\\/av-faria-lima\\\/author\\\/av-faria-lima\\\/\"}]}<\/script>\n<!-- \/ Yoast SEO plugin. -->","yoast_head_json":{"title":"12 blocos de Carnaval em S\u00e3o Paulo com m\u00fasicas de rock | Guia Comercial Avenida Faria Lima","robots":{"index":"index","follow":"follow","max-snippet":"max-snippet:-1","max-image-preview":"max-image-preview:large","max-video-preview":"max-video-preview:-1"},"canonical":"https:\/\/www.encontrajardins.com.br\/av-faria-lima\/12-blocos-de-carnaval-em-sao-paulo-com-musicas-de-rock\/","og_locale":"pt_BR","og_type":"article","og_title":"12 blocos de Carnaval em S\u00e3o Paulo com m\u00fasicas de rock | Guia Comercial Avenida Faria Lima","og_description":"Carnaval em S\u00e3o Paulo: conhe\u00e7a 12 blocos de rock imperd\u00edveis!","og_url":"https:\/\/www.encontrajardins.com.br\/av-faria-lima\/12-blocos-de-carnaval-em-sao-paulo-com-musicas-de-rock\/","og_site_name":"Guia Comercial Avenida Faria Lima","article_published_time":"2026-02-12T15:45:11+00:00","og_image":[{"url":"https:\/\/www.encontrajardins.com.br\/av-faria-lima\/wp-content\/uploads\/2026\/02\/12-blocos-de-carnaval-em-sao-paulo-com-musicas-de-rock.webp","type":"","width":"","height":""}],"author":"Encontra Avenida Faria Lima","twitter_card":"summary_large_image","twitter_misc":{"Escrito por":"Encontra Avenida Faria Lima","Est. tempo de leitura":"4 minutos"},"schema":{"@context":"https:\/\/schema.org","@graph":[{"@type":"Article","@id":"https:\/\/www.encontrajardins.com.br\/av-faria-lima\/12-blocos-de-carnaval-em-sao-paulo-com-musicas-de-rock\/#article","isPartOf":{"@id":"https:\/\/www.encontrajardins.com.br\/av-faria-lima\/12-blocos-de-carnaval-em-sao-paulo-com-musicas-de-rock\/"},"author":{"name":"Encontra Avenida Faria Lima","@id":"https:\/\/www.encontrajardins.com.br\/av-faria-lima\/#\/schema\/person\/79badd2a12b75d685ad41dac082e5111"},"headline":"12 blocos de Carnaval em S\u00e3o Paulo com m\u00fasicas de rock","datePublished":"2026-02-12T15:45:11+00:00","mainEntityOfPage":{"@id":"https:\/\/www.encontrajardins.com.br\/av-faria-lima\/12-blocos-de-carnaval-em-sao-paulo-com-musicas-de-rock\/"},"wordCount":732,"commentCount":0,"image":{"@id":"https:\/\/www.encontrajardins.com.br\/av-faria-lima\/12-blocos-de-carnaval-em-sao-paulo-com-musicas-de-rock\/#primaryimage"},"thumbnailUrl":"https:\/\/www.encontrajardins.com.br\/av-faria-lima\/wp-content\/uploads\/2026\/02\/12-blocos-de-carnaval-em-sao-paulo-com-musicas-de-rock.webp","articleSection":["Not\u00edcias Avenida Faria Lima"],"inLanguage":"pt-BR","potentialAction":[{"@type":"CommentAction","name":"Comment","target":["https:\/\/www.encontrajardins.com.br\/av-faria-lima\/12-blocos-de-carnaval-em-sao-paulo-com-musicas-de-rock\/#respond"]}]},{"@type":"WebPage","@id":"https:\/\/www.encontrajardins.com.br\/av-faria-lima\/12-blocos-de-carnaval-em-sao-paulo-com-musicas-de-rock\/","url":"https:\/\/www.encontrajardins.com.br\/av-faria-lima\/12-blocos-de-carnaval-em-sao-paulo-com-musicas-de-rock\/","name":"12 blocos de Carnaval em S\u00e3o Paulo com m\u00fasicas de rock | Guia Comercial Avenida Faria Lima","isPartOf":{"@id":"https:\/\/www.encontrajardins.com.br\/av-faria-lima\/#website"},"primaryImageOfPage":{"@id":"https:\/\/www.encontrajardins.com.br\/av-faria-lima\/12-blocos-de-carnaval-em-sao-paulo-com-musicas-de-rock\/#primaryimage"},"image":{"@id":"https:\/\/www.encontrajardins.com.br\/av-faria-lima\/12-blocos-de-carnaval-em-sao-paulo-com-musicas-de-rock\/#primaryimage"},"thumbnailUrl":"https:\/\/www.encontrajardins.com.br\/av-faria-lima\/wp-content\/uploads\/2026\/02\/12-blocos-de-carnaval-em-sao-paulo-com-musicas-de-rock.webp","datePublished":"2026-02-12T15:45:11+00:00","author":{"@id":"https:\/\/www.encontrajardins.com.br\/av-faria-lima\/#\/schema\/person\/79badd2a12b75d685ad41dac082e5111"},"inLanguage":"pt-BR","potentialAction":[{"@type":"ReadAction","target":["https:\/\/www.encontrajardins.com.br\/av-faria-lima\/12-blocos-de-carnaval-em-sao-paulo-com-musicas-de-rock\/"]}]},{"@type":"ImageObject","inLanguage":"pt-BR","@id":"https:\/\/www.encontrajardins.com.br\/av-faria-lima\/12-blocos-de-carnaval-em-sao-paulo-com-musicas-de-rock\/#primaryimage","url":"https:\/\/www.encontrajardins.com.br\/av-faria-lima\/wp-content\/uploads\/2026\/02\/12-blocos-de-carnaval-em-sao-paulo-com-musicas-de-rock.webp","contentUrl":"https:\/\/www.encontrajardins.com.br\/av-faria-lima\/wp-content\/uploads\/2026\/02\/12-blocos-de-carnaval-em-sao-paulo-com-musicas-de-rock.webp","width":280,"height":280,"caption":"blocos de Carnaval em S\u00e3o Paulo com m\u00fasicas de rock"},{"@type":"WebSite","@id":"https:\/\/www.encontrajardins.com.br\/av-faria-lima\/#website","url":"https:\/\/www.encontrajardins.com.br\/av-faria-lima\/","name":"Guia Comercial Avenida Faria Lima","description":"ENCONTRA AVENIDA FARIA LIMA - O guia comercial de neg\u00f3cios e empresas, cultura e divers\u00e3o na Avenida Faria Lima. Feito 100% para voc\u00ea morador!","potentialAction":[{"@type":"SearchAction","target":{"@type":"EntryPoint","urlTemplate":"https:\/\/www.encontrajardins.com.br\/av-faria-lima\/?s={search_term_string}"},"query-input":{"@type":"PropertyValueSpecification","valueRequired":true,"valueName":"search_term_string"}}],"inLanguage":"pt-BR"},{"@type":"Person","@id":"https:\/\/www.encontrajardins.com.br\/av-faria-lima\/#\/schema\/person\/79badd2a12b75d685ad41dac082e5111","name":"Encontra Avenida Faria Lima","image":{"@type":"ImageObject","inLanguage":"pt-BR","@id":"https:\/\/www.encontrajardins.com.br\/av-faria-lima\/wp-content\/litespeed\/avatar\/e92a756db1fc224ef50d2f00ed0d047a.jpg?ver=1776988651","url":"https:\/\/www.encontrajardins.com.br\/av-faria-lima\/wp-content\/litespeed\/avatar\/e92a756db1fc224ef50d2f00ed0d047a.jpg?ver=1776988651","contentUrl":"https:\/\/www.encontrajardins.com.br\/av-faria-lima\/wp-content\/litespeed\/avatar\/e92a756db1fc224ef50d2f00ed0d047a.jpg?ver=1776988651","caption":"Encontra Avenida Faria Lima"},"url":"https:\/\/www.encontrajardins.com.br\/av-faria-lima\/author\/av-faria-lima\/"}]}},"_links":{"self":[{"href":"https:\/\/www.encontrajardins.com.br\/av-faria-lima\/wp-json\/wp\/v2\/posts\/4255","targetHints":{"allow":["GET"]}}],"collection":[{"href":"https:\/\/www.encontrajardins.com.br\/av-faria-lima\/wp-json\/wp\/v2\/posts"}],"about":[{"href":"https:\/\/www.encontrajardins.com.br\/av-faria-lima\/wp-json\/wp\/v2\/types\/post"}],"author":[{"embeddable":true,"href":"https:\/\/www.encontrajardins.com.br\/av-faria-lima\/wp-json\/wp\/v2\/users\/1"}],"replies":[{"embeddable":true,"href":"https:\/\/www.encontrajardins.com.br\/av-faria-lima\/wp-json\/wp\/v2\/comments?post=4255"}],"version-history":[{"count":0,"href":"https:\/\/www.encontrajardins.com.br\/av-faria-lima\/wp-json\/wp\/v2\/posts\/4255\/revisions"}],"wp:featuredmedia":[{"embeddable":true,"href":"https:\/\/www.encontrajardins.com.br\/av-faria-lima\/wp-json\/wp\/v2\/media\/4254"}],"wp:attachment":[{"href":"https:\/\/www.encontrajardins.com.br\/av-faria-lima\/wp-json\/wp\/v2\/media?parent=4255"}],"wp:term":[{"taxonomy":"category","embeddable":true,"href":"https:\/\/www.encontrajardins.com.br\/av-faria-lima\/wp-json\/wp\/v2\/categories?post=4255"},{"taxonomy":"post_tag","embeddable":true,"href":"https:\/\/www.encontrajardins.com.br\/av-faria-lima\/wp-json\/wp\/v2\/tags?post=4255"}],"curies":[{"name":"wp","href":"https:\/\/api.w.org\/{rel}","templated":true}]}}