{"id":4261,"date":"2026-02-13T12:47:34","date_gmt":"2026-02-13T15:47:34","guid":{"rendered":"https:\/\/www.encontrajardins.com.br\/av-faria-lima\/di-ferrero-comanda-festa-do-rock-na-faria-lima-abc-do-abc\/"},"modified":"2026-02-13T12:47:34","modified_gmt":"2026-02-13T15:47:34","slug":"di-ferrero-comanda-festa-do-rock-na-faria-lima-abc-do-abc","status":"publish","type":"post","link":"https:\/\/www.encontrajardins.com.br\/av-faria-lima\/di-ferrero-comanda-festa-do-rock-na-faria-lima-abc-do-abc\/","title":{"rendered":"Di Ferrero comanda festa do rock na Faria Lima ABC do ABC"},"content":{"rendered":"<h2>Di Ferrero e a Festa do Rock na Faria Lima<\/h2>\n<p>Em plena Avenida Faria Lima, uma celebra\u00e7\u00e3o de rock promete agitar os foli\u00f5es durante o Carnaval. Este ano, <strong>Di Ferrero<\/strong> retorna como anfitri\u00e3o do bloco <strong>&#8220;Se Fui Triste, N\u00e3o Me Lembro&#8221;<\/strong>, patrocinado pela Shopee. A festa acontecer\u00e1 na ter\u00e7a de Carnaval, dia 17, com a concentra\u00e7\u00e3o programada para as 13h.<\/p>\n<h2>Atra\u00e7\u00f5es Imperd\u00edveis na Festa<\/h2>\n<p>Os participantes podem esperar uma mistura ecl\u00e9tica e nost\u00e1lgica que abrange desde cl\u00e1ssicos do rock brasileiro at\u00e9 grandes sucessos internacionais. Di Ferrero preparou uma linha musical vibrante para garantir que todos se divirtam: <\/p>\n<ul>\n<li><strong>Brasilidades:<\/strong> Interpretando hits de artistas como Charlie Brown Jr., Alceu Valen\u00e7a, e IZA.<\/li>\n<li><strong>Internacionais:<\/strong> M\u00fasicas de Harry Styles, Bon Jovi, e Britney Spears.<\/li>\n<li><strong>Carreira Solo e NX Zero:<\/strong> Sucessos como <em>&#8220;Um Brinde&#8221;<\/em> e <em>&#8220;Cedo ou Tarde&#8221;<\/em>.<\/li>\n<\/ul>\n<h2>Sobre o Bloco Se Fui Triste, N\u00e3o Me Lembro<\/h2>\n<p>O bloco &#8220;Se Fui Triste, N\u00e3o Me Lembro&#8221; surgiu da inten\u00e7\u00e3o de Di Ferrero de reunir a energia vibrante do rock com a diversidade do Carnaval paulista. Esta \u00e9 a segunda edi\u00e7\u00e3o do evento, que promete oferecer um clima amig\u00e1vel e acolhedor, como um reencontro entre amigos.<\/p>\n<p><img decoding=\"async\" src=\"https:\/\/www.encontrajardins.com.br\/av-faria-lima\/wp-content\/uploads\/2026\/02\/di-ferrero-comanda-festa-do-rock-na-faria-lima-abc-do-abc.webp\" alt=\"Di Ferrero\" loading=\"lazy\" \/><\/p>\n<h2>Expectativas para o Carnaval 2026<\/h2>\n<p>Com o sucesso da edi\u00e7\u00e3o anterior, as expectativas para este Carnaval s\u00e3o elevadas. A presen\u00e7a de artistas renomados e atra\u00e7\u00f5es surpresas promete tornar a festividade ainda mais interessante e cheia de emo\u00e7\u00e3o.<\/p>\n<h2>Di Ferrero e Suas Conex\u00f5es Musicais<\/h2>\n<p>Di Ferrero, conhecido por sua influ\u00eancia no cen\u00e1rio musical e como vocalista do NX Zero, tem uma carreira marcada por colabora\u00e7\u00f5es significativas. Com sua habilidade de mesclar g\u00eaneros e atrair diferentes p\u00fablicos, ele continua a ser uma figura central na m\u00fasica brasileira.<\/p>\n<h2>O Legado de Di Ferrero na M\u00fasica<\/h2>\n<p>A trajet\u00f3ria de Di Ferrero na m\u00fasica n\u00e3o se limita apenas a seus sucessos. Ele tamb\u00e9m \u00e9 conhecido por seu envolvimento em causas sociais e por promover a cena musical no Brasil, inspirando nova gera\u00e7\u00f5es de artistas.<\/p>\n<h2>Hist\u00f3ria do Rock no Carnaval<\/h2>\n<p>O rock, embora inicialmente associado a uma cena underground, conquistou espa\u00e7o no Carnaval, apreciado por foli\u00f5es que procuram uma alternativa \u00e0s tradicionais marchinhas. A inclus\u00e3o do rock em blocos de Carnaval reflete a evolu\u00e7\u00e3o cultural do evento, permitindo a mistura de estilos e a promo\u00e7\u00e3o da diversidade musical.<\/p>\n<h2>A Evolu\u00e7\u00e3o dos Blocos de Rua em SP<\/h2>\n<p>Os blocos de rua em S\u00e3o Paulo t\u00eam evolu\u00eddo significativamente ao longo dos anos. O aumento no n\u00famero de eventos, junto com a variedade de estilos musicais, gera uma atmosfera vibrante que atrai cada vez mais pessoas. A fus\u00e3o de g\u00eaneros tradicionais com o rock representa uma inova\u00e7\u00e3o que diversifica as atra\u00e7\u00f5es do Carnaval.<\/p>\n<h2>Como Participar da Celebra\u00e7\u00e3o<\/h2>\n<p>Para aqueles que desejam participar da festa de Di Ferrero, \u00e9 recomend\u00e1vel chegar cedo para garantir um bom lugar na concentra\u00e7\u00e3o. A intera\u00e7\u00e3o com outros foli\u00f5es e a energia do evento contribuir\u00e3o para uma experi\u00eancia memor\u00e1vel.<\/p>\n<h2>Dicas para Aproveitar ao M\u00e1ximo o Evento<\/h2>\n<p>Para garantir que sua experi\u00eancia seja positiva, considere as seguintes dicas:<\/p>\n<ul>\n<li><strong>Hidrate-se:<\/strong> Beba bastante \u00e1gua durante o evento para manter-se energizado.<\/li>\n<li><strong>Use Roupas Confort\u00e1veis:<\/strong> Opte por roupas leves e confort\u00e1veis para aproveitar a festa sem desconforto.<\/li>\n<li><strong>Chegue Cedo:<\/strong> Acesse o local com anteced\u00eancia para evitar aglomera\u00e7\u00f5es.<\/li>\n<\/ul>\n<h2>Sustentabilidade e Carnaval: O Que Saber!<\/h2>\n<p>Nos dias atuais, preocupar-se com a sustentabilidade \u00e9 essencial. Participantes s\u00e3o encorajados a levar seus pr\u00f3prios copos reutiliz\u00e1veis e evitar o uso de pl\u00e1sticos descart\u00e1veis, contribuindo para um Carnaval mais respons\u00e1vel e ecol\u00f3gico.<\/p>\n<p>Com tudo pronto para uma festa de rock inesquec\u00edvel, a expectativa para o Carnaval de 2026 na Faria Lima \u00e9 alta. \u00c9 uma oportunidade imperd\u00edvel para aqueles que apreciam boa m\u00fasica e um ambiente de celebra\u00e7\u00e3o, promovendo a uni\u00e3o atrav\u00e9s do rock durante uma das \u00e9pocas mais animadas do ano.<\/p>\n","protected":false},"excerpt":{"rendered":"<p>N\u00e3o perca a festa do rock comandada por Di Ferrero na Faria Lima!<\/p>\n","protected":false},"author":1,"featured_media":4260,"comment_status":"open","ping_status":"open","sticky":false,"template":"","format":"standard","meta":{"footnotes":""},"categories":[5],"tags":[],"class_list":["post-4261","post","type-post","status-publish","format-standard","has-post-thumbnail","hentry","category-noticias","has_thumb"],"yoast_head":"<!-- This site is optimized with the Yoast SEO plugin v27.4 - https:\/\/yoast.com\/product\/yoast-seo-wordpress\/ -->\n<title>Di Ferrero comanda festa do rock na Faria Lima ABC do ABC | Guia Comercial Avenida Faria Lima<\/title>\n<meta name=\"robots\" content=\"index, follow, max-snippet:-1, max-image-preview:large, max-video-preview:-1\" \/>\n<link rel=\"canonical\" href=\"https:\/\/www.encontrajardins.com.br\/av-faria-lima\/di-ferrero-comanda-festa-do-rock-na-faria-lima-abc-do-abc\/\" \/>\n<meta property=\"og:locale\" content=\"pt_BR\" \/>\n<meta property=\"og:type\" content=\"article\" \/>\n<meta property=\"og:title\" content=\"Di Ferrero comanda festa do rock na Faria Lima ABC do ABC | Guia Comercial Avenida Faria Lima\" \/>\n<meta property=\"og:description\" content=\"N\u00e3o perca a festa do rock comandada por Di Ferrero na Faria Lima!\" \/>\n<meta property=\"og:url\" content=\"https:\/\/www.encontrajardins.com.br\/av-faria-lima\/di-ferrero-comanda-festa-do-rock-na-faria-lima-abc-do-abc\/\" \/>\n<meta property=\"og:site_name\" content=\"Guia Comercial Avenida Faria Lima\" \/>\n<meta property=\"article:published_time\" content=\"2026-02-13T15:47:34+00:00\" \/>\n<meta property=\"og:image\" content=\"https:\/\/www.encontrajardins.com.br\/av-faria-lima\/wp-content\/uploads\/2026\/02\/di-ferrero-comanda-festa-do-rock-na-faria-lima-abc-do-abc.webp\" \/>\n<meta name=\"author\" content=\"Encontra Avenida Faria Lima\" \/>\n<meta name=\"twitter:card\" content=\"summary_large_image\" \/>\n<meta name=\"twitter:label1\" content=\"Escrito por\" \/>\n\t<meta name=\"twitter:data1\" content=\"Encontra Avenida Faria Lima\" \/>\n\t<meta name=\"twitter:label2\" content=\"Est. tempo de leitura\" \/>\n\t<meta name=\"twitter:data2\" content=\"3 minutos\" \/>\n<script type=\"application\/ld+json\" class=\"yoast-schema-graph\">{\"@context\":\"https:\\\/\\\/schema.org\",\"@graph\":[{\"@type\":\"Article\",\"@id\":\"https:\\\/\\\/www.encontrajardins.com.br\\\/av-faria-lima\\\/di-ferrero-comanda-festa-do-rock-na-faria-lima-abc-do-abc\\\/#article\",\"isPartOf\":{\"@id\":\"https:\\\/\\\/www.encontrajardins.com.br\\\/av-faria-lima\\\/di-ferrero-comanda-festa-do-rock-na-faria-lima-abc-do-abc\\\/\"},\"author\":{\"name\":\"Encontra Avenida Faria Lima\",\"@id\":\"https:\\\/\\\/www.encontrajardins.com.br\\\/av-faria-lima\\\/#\\\/schema\\\/person\\\/79badd2a12b75d685ad41dac082e5111\"},\"headline\":\"Di Ferrero comanda festa do rock na Faria Lima ABC do ABC\",\"datePublished\":\"2026-02-13T15:47:34+00:00\",\"mainEntityOfPage\":{\"@id\":\"https:\\\/\\\/www.encontrajardins.com.br\\\/av-faria-lima\\\/di-ferrero-comanda-festa-do-rock-na-faria-lima-abc-do-abc\\\/\"},\"wordCount\":696,\"commentCount\":0,\"image\":{\"@id\":\"https:\\\/\\\/www.encontrajardins.com.br\\\/av-faria-lima\\\/di-ferrero-comanda-festa-do-rock-na-faria-lima-abc-do-abc\\\/#primaryimage\"},\"thumbnailUrl\":\"https:\\\/\\\/www.encontrajardins.com.br\\\/av-faria-lima\\\/wp-content\\\/uploads\\\/2026\\\/02\\\/di-ferrero-comanda-festa-do-rock-na-faria-lima-abc-do-abc.webp\",\"articleSection\":[\"Not\u00edcias Avenida Faria Lima\"],\"inLanguage\":\"pt-BR\",\"potentialAction\":[{\"@type\":\"CommentAction\",\"name\":\"Comment\",\"target\":[\"https:\\\/\\\/www.encontrajardins.com.br\\\/av-faria-lima\\\/di-ferrero-comanda-festa-do-rock-na-faria-lima-abc-do-abc\\\/#respond\"]}]},{\"@type\":\"WebPage\",\"@id\":\"https:\\\/\\\/www.encontrajardins.com.br\\\/av-faria-lima\\\/di-ferrero-comanda-festa-do-rock-na-faria-lima-abc-do-abc\\\/\",\"url\":\"https:\\\/\\\/www.encontrajardins.com.br\\\/av-faria-lima\\\/di-ferrero-comanda-festa-do-rock-na-faria-lima-abc-do-abc\\\/\",\"name\":\"Di Ferrero comanda festa do rock na Faria Lima ABC do ABC | Guia Comercial Avenida Faria Lima\",\"isPartOf\":{\"@id\":\"https:\\\/\\\/www.encontrajardins.com.br\\\/av-faria-lima\\\/#website\"},\"primaryImageOfPage\":{\"@id\":\"https:\\\/\\\/www.encontrajardins.com.br\\\/av-faria-lima\\\/di-ferrero-comanda-festa-do-rock-na-faria-lima-abc-do-abc\\\/#primaryimage\"},\"image\":{\"@id\":\"https:\\\/\\\/www.encontrajardins.com.br\\\/av-faria-lima\\\/di-ferrero-comanda-festa-do-rock-na-faria-lima-abc-do-abc\\\/#primaryimage\"},\"thumbnailUrl\":\"https:\\\/\\\/www.encontrajardins.com.br\\\/av-faria-lima\\\/wp-content\\\/uploads\\\/2026\\\/02\\\/di-ferrero-comanda-festa-do-rock-na-faria-lima-abc-do-abc.webp\",\"datePublished\":\"2026-02-13T15:47:34+00:00\",\"author\":{\"@id\":\"https:\\\/\\\/www.encontrajardins.com.br\\\/av-faria-lima\\\/#\\\/schema\\\/person\\\/79badd2a12b75d685ad41dac082e5111\"},\"inLanguage\":\"pt-BR\",\"potentialAction\":[{\"@type\":\"ReadAction\",\"target\":[\"https:\\\/\\\/www.encontrajardins.com.br\\\/av-faria-lima\\\/di-ferrero-comanda-festa-do-rock-na-faria-lima-abc-do-abc\\\/\"]}]},{\"@type\":\"ImageObject\",\"inLanguage\":\"pt-BR\",\"@id\":\"https:\\\/\\\/www.encontrajardins.com.br\\\/av-faria-lima\\\/di-ferrero-comanda-festa-do-rock-na-faria-lima-abc-do-abc\\\/#primaryimage\",\"url\":\"https:\\\/\\\/www.encontrajardins.com.br\\\/av-faria-lima\\\/wp-content\\\/uploads\\\/2026\\\/02\\\/di-ferrero-comanda-festa-do-rock-na-faria-lima-abc-do-abc.webp\",\"contentUrl\":\"https:\\\/\\\/www.encontrajardins.com.br\\\/av-faria-lima\\\/wp-content\\\/uploads\\\/2026\\\/02\\\/di-ferrero-comanda-festa-do-rock-na-faria-lima-abc-do-abc.webp\",\"width\":280,\"height\":280,\"caption\":\"Di Ferrero\"},{\"@type\":\"WebSite\",\"@id\":\"https:\\\/\\\/www.encontrajardins.com.br\\\/av-faria-lima\\\/#website\",\"url\":\"https:\\\/\\\/www.encontrajardins.com.br\\\/av-faria-lima\\\/\",\"name\":\"Guia Comercial Avenida Faria Lima\",\"description\":\"ENCONTRA AVENIDA FARIA LIMA - O guia comercial de neg\u00f3cios e empresas, cultura e divers\u00e3o na Avenida Faria Lima. Feito 100% para voc\u00ea morador!\",\"potentialAction\":[{\"@type\":\"SearchAction\",\"target\":{\"@type\":\"EntryPoint\",\"urlTemplate\":\"https:\\\/\\\/www.encontrajardins.com.br\\\/av-faria-lima\\\/?s={search_term_string}\"},\"query-input\":{\"@type\":\"PropertyValueSpecification\",\"valueRequired\":true,\"valueName\":\"search_term_string\"}}],\"inLanguage\":\"pt-BR\"},{\"@type\":\"Person\",\"@id\":\"https:\\\/\\\/www.encontrajardins.com.br\\\/av-faria-lima\\\/#\\\/schema\\\/person\\\/79badd2a12b75d685ad41dac082e5111\",\"name\":\"Encontra Avenida Faria Lima\",\"image\":{\"@type\":\"ImageObject\",\"inLanguage\":\"pt-BR\",\"@id\":\"https:\\\/\\\/www.encontrajardins.com.br\\\/av-faria-lima\\\/wp-content\\\/litespeed\\\/avatar\\\/e92a756db1fc224ef50d2f00ed0d047a.jpg?ver=1776988651\",\"url\":\"https:\\\/\\\/www.encontrajardins.com.br\\\/av-faria-lima\\\/wp-content\\\/litespeed\\\/avatar\\\/e92a756db1fc224ef50d2f00ed0d047a.jpg?ver=1776988651\",\"contentUrl\":\"https:\\\/\\\/www.encontrajardins.com.br\\\/av-faria-lima\\\/wp-content\\\/litespeed\\\/avatar\\\/e92a756db1fc224ef50d2f00ed0d047a.jpg?ver=1776988651\",\"caption\":\"Encontra Avenida Faria Lima\"},\"url\":\"https:\\\/\\\/www.encontrajardins.com.br\\\/av-faria-lima\\\/author\\\/av-faria-lima\\\/\"}]}<\/script>\n<!-- \/ Yoast SEO plugin. -->","yoast_head_json":{"title":"Di Ferrero comanda festa do rock na Faria Lima ABC do ABC | Guia Comercial Avenida Faria Lima","robots":{"index":"index","follow":"follow","max-snippet":"max-snippet:-1","max-image-preview":"max-image-preview:large","max-video-preview":"max-video-preview:-1"},"canonical":"https:\/\/www.encontrajardins.com.br\/av-faria-lima\/di-ferrero-comanda-festa-do-rock-na-faria-lima-abc-do-abc\/","og_locale":"pt_BR","og_type":"article","og_title":"Di Ferrero comanda festa do rock na Faria Lima ABC do ABC | Guia Comercial Avenida Faria Lima","og_description":"N\u00e3o perca a festa do rock comandada por Di Ferrero na Faria Lima!","og_url":"https:\/\/www.encontrajardins.com.br\/av-faria-lima\/di-ferrero-comanda-festa-do-rock-na-faria-lima-abc-do-abc\/","og_site_name":"Guia Comercial Avenida Faria Lima","article_published_time":"2026-02-13T15:47:34+00:00","og_image":[{"url":"https:\/\/www.encontrajardins.com.br\/av-faria-lima\/wp-content\/uploads\/2026\/02\/di-ferrero-comanda-festa-do-rock-na-faria-lima-abc-do-abc.webp","type":"","width":"","height":""}],"author":"Encontra Avenida Faria Lima","twitter_card":"summary_large_image","twitter_misc":{"Escrito por":"Encontra Avenida Faria Lima","Est. tempo de leitura":"3 minutos"},"schema":{"@context":"https:\/\/schema.org","@graph":[{"@type":"Article","@id":"https:\/\/www.encontrajardins.com.br\/av-faria-lima\/di-ferrero-comanda-festa-do-rock-na-faria-lima-abc-do-abc\/#article","isPartOf":{"@id":"https:\/\/www.encontrajardins.com.br\/av-faria-lima\/di-ferrero-comanda-festa-do-rock-na-faria-lima-abc-do-abc\/"},"author":{"name":"Encontra Avenida Faria Lima","@id":"https:\/\/www.encontrajardins.com.br\/av-faria-lima\/#\/schema\/person\/79badd2a12b75d685ad41dac082e5111"},"headline":"Di Ferrero comanda festa do rock na Faria Lima ABC do ABC","datePublished":"2026-02-13T15:47:34+00:00","mainEntityOfPage":{"@id":"https:\/\/www.encontrajardins.com.br\/av-faria-lima\/di-ferrero-comanda-festa-do-rock-na-faria-lima-abc-do-abc\/"},"wordCount":696,"commentCount":0,"image":{"@id":"https:\/\/www.encontrajardins.com.br\/av-faria-lima\/di-ferrero-comanda-festa-do-rock-na-faria-lima-abc-do-abc\/#primaryimage"},"thumbnailUrl":"https:\/\/www.encontrajardins.com.br\/av-faria-lima\/wp-content\/uploads\/2026\/02\/di-ferrero-comanda-festa-do-rock-na-faria-lima-abc-do-abc.webp","articleSection":["Not\u00edcias Avenida Faria Lima"],"inLanguage":"pt-BR","potentialAction":[{"@type":"CommentAction","name":"Comment","target":["https:\/\/www.encontrajardins.com.br\/av-faria-lima\/di-ferrero-comanda-festa-do-rock-na-faria-lima-abc-do-abc\/#respond"]}]},{"@type":"WebPage","@id":"https:\/\/www.encontrajardins.com.br\/av-faria-lima\/di-ferrero-comanda-festa-do-rock-na-faria-lima-abc-do-abc\/","url":"https:\/\/www.encontrajardins.com.br\/av-faria-lima\/di-ferrero-comanda-festa-do-rock-na-faria-lima-abc-do-abc\/","name":"Di Ferrero comanda festa do rock na Faria Lima ABC do ABC | Guia Comercial Avenida Faria Lima","isPartOf":{"@id":"https:\/\/www.encontrajardins.com.br\/av-faria-lima\/#website"},"primaryImageOfPage":{"@id":"https:\/\/www.encontrajardins.com.br\/av-faria-lima\/di-ferrero-comanda-festa-do-rock-na-faria-lima-abc-do-abc\/#primaryimage"},"image":{"@id":"https:\/\/www.encontrajardins.com.br\/av-faria-lima\/di-ferrero-comanda-festa-do-rock-na-faria-lima-abc-do-abc\/#primaryimage"},"thumbnailUrl":"https:\/\/www.encontrajardins.com.br\/av-faria-lima\/wp-content\/uploads\/2026\/02\/di-ferrero-comanda-festa-do-rock-na-faria-lima-abc-do-abc.webp","datePublished":"2026-02-13T15:47:34+00:00","author":{"@id":"https:\/\/www.encontrajardins.com.br\/av-faria-lima\/#\/schema\/person\/79badd2a12b75d685ad41dac082e5111"},"inLanguage":"pt-BR","potentialAction":[{"@type":"ReadAction","target":["https:\/\/www.encontrajardins.com.br\/av-faria-lima\/di-ferrero-comanda-festa-do-rock-na-faria-lima-abc-do-abc\/"]}]},{"@type":"ImageObject","inLanguage":"pt-BR","@id":"https:\/\/www.encontrajardins.com.br\/av-faria-lima\/di-ferrero-comanda-festa-do-rock-na-faria-lima-abc-do-abc\/#primaryimage","url":"https:\/\/www.encontrajardins.com.br\/av-faria-lima\/wp-content\/uploads\/2026\/02\/di-ferrero-comanda-festa-do-rock-na-faria-lima-abc-do-abc.webp","contentUrl":"https:\/\/www.encontrajardins.com.br\/av-faria-lima\/wp-content\/uploads\/2026\/02\/di-ferrero-comanda-festa-do-rock-na-faria-lima-abc-do-abc.webp","width":280,"height":280,"caption":"Di Ferrero"},{"@type":"WebSite","@id":"https:\/\/www.encontrajardins.com.br\/av-faria-lima\/#website","url":"https:\/\/www.encontrajardins.com.br\/av-faria-lima\/","name":"Guia Comercial Avenida Faria Lima","description":"ENCONTRA AVENIDA FARIA LIMA - O guia comercial de neg\u00f3cios e empresas, cultura e divers\u00e3o na Avenida Faria Lima. Feito 100% para voc\u00ea morador!","potentialAction":[{"@type":"SearchAction","target":{"@type":"EntryPoint","urlTemplate":"https:\/\/www.encontrajardins.com.br\/av-faria-lima\/?s={search_term_string}"},"query-input":{"@type":"PropertyValueSpecification","valueRequired":true,"valueName":"search_term_string"}}],"inLanguage":"pt-BR"},{"@type":"Person","@id":"https:\/\/www.encontrajardins.com.br\/av-faria-lima\/#\/schema\/person\/79badd2a12b75d685ad41dac082e5111","name":"Encontra Avenida Faria Lima","image":{"@type":"ImageObject","inLanguage":"pt-BR","@id":"https:\/\/www.encontrajardins.com.br\/av-faria-lima\/wp-content\/litespeed\/avatar\/e92a756db1fc224ef50d2f00ed0d047a.jpg?ver=1776988651","url":"https:\/\/www.encontrajardins.com.br\/av-faria-lima\/wp-content\/litespeed\/avatar\/e92a756db1fc224ef50d2f00ed0d047a.jpg?ver=1776988651","contentUrl":"https:\/\/www.encontrajardins.com.br\/av-faria-lima\/wp-content\/litespeed\/avatar\/e92a756db1fc224ef50d2f00ed0d047a.jpg?ver=1776988651","caption":"Encontra Avenida Faria Lima"},"url":"https:\/\/www.encontrajardins.com.br\/av-faria-lima\/author\/av-faria-lima\/"}]}},"_links":{"self":[{"href":"https:\/\/www.encontrajardins.com.br\/av-faria-lima\/wp-json\/wp\/v2\/posts\/4261","targetHints":{"allow":["GET"]}}],"collection":[{"href":"https:\/\/www.encontrajardins.com.br\/av-faria-lima\/wp-json\/wp\/v2\/posts"}],"about":[{"href":"https:\/\/www.encontrajardins.com.br\/av-faria-lima\/wp-json\/wp\/v2\/types\/post"}],"author":[{"embeddable":true,"href":"https:\/\/www.encontrajardins.com.br\/av-faria-lima\/wp-json\/wp\/v2\/users\/1"}],"replies":[{"embeddable":true,"href":"https:\/\/www.encontrajardins.com.br\/av-faria-lima\/wp-json\/wp\/v2\/comments?post=4261"}],"version-history":[{"count":0,"href":"https:\/\/www.encontrajardins.com.br\/av-faria-lima\/wp-json\/wp\/v2\/posts\/4261\/revisions"}],"wp:featuredmedia":[{"embeddable":true,"href":"https:\/\/www.encontrajardins.com.br\/av-faria-lima\/wp-json\/wp\/v2\/media\/4260"}],"wp:attachment":[{"href":"https:\/\/www.encontrajardins.com.br\/av-faria-lima\/wp-json\/wp\/v2\/media?parent=4261"}],"wp:term":[{"taxonomy":"category","embeddable":true,"href":"https:\/\/www.encontrajardins.com.br\/av-faria-lima\/wp-json\/wp\/v2\/categories?post=4261"},{"taxonomy":"post_tag","embeddable":true,"href":"https:\/\/www.encontrajardins.com.br\/av-faria-lima\/wp-json\/wp\/v2\/tags?post=4261"}],"curies":[{"name":"wp","href":"https:\/\/api.w.org\/{rel}","templated":true}]}}