{"id":4265,"date":"2026-02-14T12:46:34","date_gmt":"2026-02-14T15:46:34","guid":{"rendered":"https:\/\/www.encontrajardins.com.br\/av-faria-lima\/bloco-da-89-volta-a-avenida-faria-lima-neste-domingo-15-em-sao-paulo\/"},"modified":"2026-02-14T12:46:34","modified_gmt":"2026-02-14T15:46:34","slug":"bloco-da-89-volta-a-avenida-faria-lima-neste-domingo-15-em-sao-paulo","status":"publish","type":"post","link":"https:\/\/www.encontrajardins.com.br\/av-faria-lima\/bloco-da-89-volta-a-avenida-faria-lima-neste-domingo-15-em-sao-paulo\/","title":{"rendered":"Bloco da 89 volta \u00e0 Avenida Faria Lima neste domingo (15) em S\u00e3o Paulo"},"content":{"rendered":"<h2>O Retorno do Bloco da 89<\/h2>\n<p>O <strong>Bloco da 89<\/strong> est\u00e1 prestes a fazer seu retorno triunfante \u00e0 <strong>Avenida Faria Lima<\/strong> neste domingo (15). Conhecido por sua energia contagiante e por celebrar o rock nacional de maneira vibrante, esta edi\u00e7\u00e3o promete ser ainda mais memor\u00e1vel em compara\u00e7\u00e3o \u00e0 sua estr\u00e9ia. Com uma abordagem que combina a ess\u00eancia do carnaval e a paix\u00e3o pela m\u00fasica, o evento \u00e9 esperado por muitos, especialmente os f\u00e3s da <strong>89 FM A R\u00e1dio Rock<\/strong>.<\/p>\n<h2>Data e Local do Evento<\/h2>\n<p>A concentra\u00e7\u00e3o do <strong>Bloco da 89<\/strong> est\u00e1 programada para \u00e0s 13h, no trecho da Avenida Faria Lima situado entre os n\u00fameros 4150 e 4500. A localiza\u00e7\u00e3o, famosa por seu ambiente corporativo durante a semana, se transforma em um verdadeiro palco dedicado ao rock, onde os f\u00e3s poder\u00e3o celebrar juntos.<\/p>\n<h2>Atra\u00e7\u00f5es Imperd\u00edveis<\/h2>\n<p>Esta edi\u00e7\u00e3o do bloco contar\u00e1 com nomes renomados da cena musical, incluindo:<\/p>\n<p><img decoding=\"async\" src=\"https:\/\/www.encontrajardins.com.br\/av-faria-lima\/wp-content\/uploads\/2026\/02\/bloco-da-89-volta-a-avenida-faria-lima-neste-domingo-15-em-sao-paulo.webp\" alt=\"Bloco da 89\" loading=\"lazy\" \/><\/p>\n<ul>\n<li><strong>Badau\u00ed<\/strong> &#8211; Vocalista da banda CPM 22, traz seu carisma e experi\u00eancia ao evento.<\/li>\n<li><strong>Supla<\/strong> &#8211; \u00cdcone do rock brasileiro, conhecido por seu estilo \u00fanico e performances energ\u00e9ticas.<\/li>\n<li><strong>Egypcio<\/strong> &#8211; Ex-vocalista do Tihuana, que atualmente brilha em carreira solo.<\/li>\n<li><strong>Luana Camarah<\/strong> &#8211; Uma das novas vozes do rock brasileiro, que vem ganhando destaque recentemente.<\/li>\n<\/ul>\n<p>Al\u00e9m dessas atra\u00e7\u00f5es, haver\u00e1 uma homenagem especial aos <strong>Mamonas Assassinas<\/strong>, banda que deixou um legado inesquec\u00edvel na m\u00fasica brasileira e continua a ser um s\u00edmbolo de irrever\u00eancia e humor.<\/p>\n<h2>Homenagem aos Mamonas Assassinas<\/h2>\n<p>A escolha de homenagear os <strong>Mamonas Assassinas<\/strong> \u00e9 uma forma de reconhecer a influ\u00eancia duradoura que a banda teve na cultura musical do pa\u00eds. Com suas letras humor\u00edsticas e melodias memor\u00e1veis, os Mamonas continuam a ser adorados por novas gera\u00e7\u00f5es. Esta homenagem \u00e9 um tributo ao legado que deixaram, lembrando a todos da import\u00e2ncia de celebrar a m\u00fasica com alegria e irrever\u00eancia.<\/p>\n<h2>Expectativas para o Evento<\/h2>\n<p>A expectativa para o evento \u00e9 alta. A organiza\u00e7\u00e3o do <strong>Bloco da 89<\/strong> espera atrair um p\u00fablico consider\u00e1vel, fazendo com que a Faria Lima se encha de f\u00e3s de rock vestidos com camisetas pretas e prontos para aproveitar um dia repleto de m\u00fasica e divers\u00e3o. Com a experi\u00eancia da \u00faltima edi\u00e7\u00e3o, onde a festa foi um sucesso, a equipe se prepara para oferecer uma jornada ainda mais emocionante e divertida desta vez.<\/p>\n<h2>Concentra\u00e7\u00e3o e Hor\u00e1rio<\/h2>\n<p>Os port\u00f5es abrem \u00e0s 13h, mas \u00e9 aconselh\u00e1vel que o p\u00fablico chegue com uma certa anteced\u00eancia para garantir um bom lugar. A atmosfera festiva j\u00e1 come\u00e7a a se formar antes mesmo do in\u00edcio oficial do bloco, trazendo uma sensa\u00e7\u00e3o de comunidade e alegria entre os participantes.<\/p>\n<h2>Dicas para Participar<\/h2>\n<p>Para quem vai participar do <strong>Bloco da 89<\/strong>, aqui est\u00e3o algumas dicas:<\/p>\n<ul>\n<li><strong>Chegue cedo:<\/strong> Assim, voc\u00ea evita aglomera\u00e7\u00f5es e pode aproveitar melhor o local.<\/li>\n<li><strong>Use roupas confort\u00e1veis:<\/strong> O evento envolve muita dan\u00e7a e movimento, ent\u00e3o escolha um traje que permita liberdade de movimento.<\/li>\n<li><strong>Leve \u00e1gua:<\/strong> Manter-se hidratado \u00e9 fundamental, especialmente em dias quentes de ver\u00e3o.<\/li>\n<li><strong>Verifique as atualiza\u00e7\u00f5es:<\/strong> Fique atento \u00e0s redes sociais da <strong>89 FM<\/strong> para informa\u00e7\u00f5es em tempo real sobre o bloco.<\/li>\n<\/ul>\n<h2>O Ambiente da Faria Lima<\/h2>\n<p>A <strong>Avenida Faria Lima<\/strong> \u00e9 tradicionalmente vista como um centro financeiro, mas durante o <strong>Bloco da 89<\/strong>, esse cen\u00e1rio se transforma. Os edif\u00edcios da regi\u00e3o, conhecidos por seu design moderno, tornam-se um pano de fundo incr\u00edvel para a celebra\u00e7\u00e3o do rock. A interse\u00e7\u00e3o da cultura corporativa com a festa do carnaval cria um contraste visual e sonoro \u00fanico, onde as guitarras se misturam ao ritmo festivo, proporcionando uma experi\u00eancia inesquec\u00edvel para todos os presentes.<\/p>\n<h2>A Hist\u00f3ria do Bloco da 89<\/h2>\n<p>O <strong>Bloco da 89<\/strong> foi idealizado com o intuito de unir os amantes do rock em um ambiente festivo. Desde sua origem, o bloco visa resgatar e promover a personalidade vibrante do rock nacional, estabelecendo-se como um evento que combina m\u00fasica de qualidade e celebra\u00e7\u00e3o. Cada edi\u00e7\u00e3o tem sido marcada por grandes atra\u00e7\u00f5es e uma produ\u00e7\u00e3o que valoriza a experi\u00eancia do p\u00fablico, tornando-se um marco no calend\u00e1rio de eventos musicais da cidade de S\u00e3o Paulo.<\/p>\n<h2>Como a 89 FM Impacta a M\u00fasica<\/h2>\n<p>A <strong>89 FM<\/strong> tem um papel fundamental na cena musical brasileira. Desde sua funda\u00e7\u00e3o, a emissora se destacou por tocar rock nacional e internacional, promovendo artistas e bandas que moldaram o g\u00eanero no Brasil. Com o <strong>Bloco da 89<\/strong>, a r\u00e1dio n\u00e3o apenas celebra a m\u00fasica, mas tamb\u00e9m a cultura do rock, incentivando novos talentos e mantendo viva a chama desse estilo musical.<\/p>\n","protected":false},"excerpt":{"rendered":"<p>Bloco da 89 retorna \u00e0 Avenida Faria Lima com grandes atra\u00e7\u00f5es e homenagens.<\/p>\n","protected":false},"author":1,"featured_media":4264,"comment_status":"open","ping_status":"open","sticky":false,"template":"","format":"standard","meta":{"footnotes":""},"categories":[5],"tags":[],"class_list":["post-4265","post","type-post","status-publish","format-standard","has-post-thumbnail","hentry","category-noticias","has_thumb"],"yoast_head":"<!-- This site is optimized with the Yoast SEO plugin v27.4 - https:\/\/yoast.com\/product\/yoast-seo-wordpress\/ -->\n<title>Bloco da 89 volta \u00e0 Avenida Faria Lima neste domingo (15) em S\u00e3o Paulo | Guia Comercial Avenida Faria Lima<\/title>\n<meta name=\"robots\" content=\"index, follow, max-snippet:-1, max-image-preview:large, max-video-preview:-1\" \/>\n<link rel=\"canonical\" href=\"https:\/\/www.encontrajardins.com.br\/av-faria-lima\/bloco-da-89-volta-a-avenida-faria-lima-neste-domingo-15-em-sao-paulo\/\" \/>\n<meta property=\"og:locale\" content=\"pt_BR\" \/>\n<meta property=\"og:type\" content=\"article\" \/>\n<meta property=\"og:title\" content=\"Bloco da 89 volta \u00e0 Avenida Faria Lima neste domingo (15) em S\u00e3o Paulo | Guia Comercial Avenida Faria Lima\" \/>\n<meta property=\"og:description\" content=\"Bloco da 89 retorna \u00e0 Avenida Faria Lima com grandes atra\u00e7\u00f5es e homenagens.\" \/>\n<meta property=\"og:url\" content=\"https:\/\/www.encontrajardins.com.br\/av-faria-lima\/bloco-da-89-volta-a-avenida-faria-lima-neste-domingo-15-em-sao-paulo\/\" \/>\n<meta property=\"og:site_name\" content=\"Guia Comercial Avenida Faria Lima\" \/>\n<meta property=\"article:published_time\" content=\"2026-02-14T15:46:34+00:00\" \/>\n<meta property=\"og:image\" content=\"https:\/\/www.encontrajardins.com.br\/av-faria-lima\/wp-content\/uploads\/2026\/02\/bloco-da-89-volta-a-avenida-faria-lima-neste-domingo-15-em-sao-paulo.webp\" \/>\n<meta name=\"author\" content=\"Encontra Avenida Faria Lima\" \/>\n<meta name=\"twitter:card\" content=\"summary_large_image\" \/>\n<meta name=\"twitter:label1\" content=\"Escrito por\" \/>\n\t<meta name=\"twitter:data1\" content=\"Encontra Avenida Faria Lima\" \/>\n\t<meta name=\"twitter:label2\" content=\"Est. tempo de leitura\" \/>\n\t<meta name=\"twitter:data2\" content=\"4 minutos\" \/>\n<script type=\"application\/ld+json\" class=\"yoast-schema-graph\">{\"@context\":\"https:\\\/\\\/schema.org\",\"@graph\":[{\"@type\":\"Article\",\"@id\":\"https:\\\/\\\/www.encontrajardins.com.br\\\/av-faria-lima\\\/bloco-da-89-volta-a-avenida-faria-lima-neste-domingo-15-em-sao-paulo\\\/#article\",\"isPartOf\":{\"@id\":\"https:\\\/\\\/www.encontrajardins.com.br\\\/av-faria-lima\\\/bloco-da-89-volta-a-avenida-faria-lima-neste-domingo-15-em-sao-paulo\\\/\"},\"author\":{\"name\":\"Encontra Avenida Faria Lima\",\"@id\":\"https:\\\/\\\/www.encontrajardins.com.br\\\/av-faria-lima\\\/#\\\/schema\\\/person\\\/79badd2a12b75d685ad41dac082e5111\"},\"headline\":\"Bloco da 89 volta \u00e0 Avenida Faria Lima neste domingo (15) em S\u00e3o Paulo\",\"datePublished\":\"2026-02-14T15:46:34+00:00\",\"mainEntityOfPage\":{\"@id\":\"https:\\\/\\\/www.encontrajardins.com.br\\\/av-faria-lima\\\/bloco-da-89-volta-a-avenida-faria-lima-neste-domingo-15-em-sao-paulo\\\/\"},\"wordCount\":797,\"commentCount\":0,\"image\":{\"@id\":\"https:\\\/\\\/www.encontrajardins.com.br\\\/av-faria-lima\\\/bloco-da-89-volta-a-avenida-faria-lima-neste-domingo-15-em-sao-paulo\\\/#primaryimage\"},\"thumbnailUrl\":\"https:\\\/\\\/www.encontrajardins.com.br\\\/av-faria-lima\\\/wp-content\\\/uploads\\\/2026\\\/02\\\/bloco-da-89-volta-a-avenida-faria-lima-neste-domingo-15-em-sao-paulo.webp\",\"articleSection\":[\"Not\u00edcias Avenida Faria Lima\"],\"inLanguage\":\"pt-BR\",\"potentialAction\":[{\"@type\":\"CommentAction\",\"name\":\"Comment\",\"target\":[\"https:\\\/\\\/www.encontrajardins.com.br\\\/av-faria-lima\\\/bloco-da-89-volta-a-avenida-faria-lima-neste-domingo-15-em-sao-paulo\\\/#respond\"]}]},{\"@type\":\"WebPage\",\"@id\":\"https:\\\/\\\/www.encontrajardins.com.br\\\/av-faria-lima\\\/bloco-da-89-volta-a-avenida-faria-lima-neste-domingo-15-em-sao-paulo\\\/\",\"url\":\"https:\\\/\\\/www.encontrajardins.com.br\\\/av-faria-lima\\\/bloco-da-89-volta-a-avenida-faria-lima-neste-domingo-15-em-sao-paulo\\\/\",\"name\":\"Bloco da 89 volta \u00e0 Avenida Faria Lima neste domingo (15) em S\u00e3o Paulo | Guia Comercial Avenida Faria Lima\",\"isPartOf\":{\"@id\":\"https:\\\/\\\/www.encontrajardins.com.br\\\/av-faria-lima\\\/#website\"},\"primaryImageOfPage\":{\"@id\":\"https:\\\/\\\/www.encontrajardins.com.br\\\/av-faria-lima\\\/bloco-da-89-volta-a-avenida-faria-lima-neste-domingo-15-em-sao-paulo\\\/#primaryimage\"},\"image\":{\"@id\":\"https:\\\/\\\/www.encontrajardins.com.br\\\/av-faria-lima\\\/bloco-da-89-volta-a-avenida-faria-lima-neste-domingo-15-em-sao-paulo\\\/#primaryimage\"},\"thumbnailUrl\":\"https:\\\/\\\/www.encontrajardins.com.br\\\/av-faria-lima\\\/wp-content\\\/uploads\\\/2026\\\/02\\\/bloco-da-89-volta-a-avenida-faria-lima-neste-domingo-15-em-sao-paulo.webp\",\"datePublished\":\"2026-02-14T15:46:34+00:00\",\"author\":{\"@id\":\"https:\\\/\\\/www.encontrajardins.com.br\\\/av-faria-lima\\\/#\\\/schema\\\/person\\\/79badd2a12b75d685ad41dac082e5111\"},\"inLanguage\":\"pt-BR\",\"potentialAction\":[{\"@type\":\"ReadAction\",\"target\":[\"https:\\\/\\\/www.encontrajardins.com.br\\\/av-faria-lima\\\/bloco-da-89-volta-a-avenida-faria-lima-neste-domingo-15-em-sao-paulo\\\/\"]}]},{\"@type\":\"ImageObject\",\"inLanguage\":\"pt-BR\",\"@id\":\"https:\\\/\\\/www.encontrajardins.com.br\\\/av-faria-lima\\\/bloco-da-89-volta-a-avenida-faria-lima-neste-domingo-15-em-sao-paulo\\\/#primaryimage\",\"url\":\"https:\\\/\\\/www.encontrajardins.com.br\\\/av-faria-lima\\\/wp-content\\\/uploads\\\/2026\\\/02\\\/bloco-da-89-volta-a-avenida-faria-lima-neste-domingo-15-em-sao-paulo.webp\",\"contentUrl\":\"https:\\\/\\\/www.encontrajardins.com.br\\\/av-faria-lima\\\/wp-content\\\/uploads\\\/2026\\\/02\\\/bloco-da-89-volta-a-avenida-faria-lima-neste-domingo-15-em-sao-paulo.webp\",\"width\":280,\"height\":280,\"caption\":\"Bloco da 89\"},{\"@type\":\"WebSite\",\"@id\":\"https:\\\/\\\/www.encontrajardins.com.br\\\/av-faria-lima\\\/#website\",\"url\":\"https:\\\/\\\/www.encontrajardins.com.br\\\/av-faria-lima\\\/\",\"name\":\"Guia Comercial Avenida Faria Lima\",\"description\":\"ENCONTRA AVENIDA FARIA LIMA - O guia comercial de neg\u00f3cios e empresas, cultura e divers\u00e3o na Avenida Faria Lima. Feito 100% para voc\u00ea morador!\",\"potentialAction\":[{\"@type\":\"SearchAction\",\"target\":{\"@type\":\"EntryPoint\",\"urlTemplate\":\"https:\\\/\\\/www.encontrajardins.com.br\\\/av-faria-lima\\\/?s={search_term_string}\"},\"query-input\":{\"@type\":\"PropertyValueSpecification\",\"valueRequired\":true,\"valueName\":\"search_term_string\"}}],\"inLanguage\":\"pt-BR\"},{\"@type\":\"Person\",\"@id\":\"https:\\\/\\\/www.encontrajardins.com.br\\\/av-faria-lima\\\/#\\\/schema\\\/person\\\/79badd2a12b75d685ad41dac082e5111\",\"name\":\"Encontra Avenida Faria Lima\",\"image\":{\"@type\":\"ImageObject\",\"inLanguage\":\"pt-BR\",\"@id\":\"https:\\\/\\\/www.encontrajardins.com.br\\\/av-faria-lima\\\/wp-content\\\/litespeed\\\/avatar\\\/e92a756db1fc224ef50d2f00ed0d047a.jpg?ver=1776988651\",\"url\":\"https:\\\/\\\/www.encontrajardins.com.br\\\/av-faria-lima\\\/wp-content\\\/litespeed\\\/avatar\\\/e92a756db1fc224ef50d2f00ed0d047a.jpg?ver=1776988651\",\"contentUrl\":\"https:\\\/\\\/www.encontrajardins.com.br\\\/av-faria-lima\\\/wp-content\\\/litespeed\\\/avatar\\\/e92a756db1fc224ef50d2f00ed0d047a.jpg?ver=1776988651\",\"caption\":\"Encontra Avenida Faria Lima\"},\"url\":\"https:\\\/\\\/www.encontrajardins.com.br\\\/av-faria-lima\\\/author\\\/av-faria-lima\\\/\"}]}<\/script>\n<!-- \/ Yoast SEO plugin. -->","yoast_head_json":{"title":"Bloco da 89 volta \u00e0 Avenida Faria Lima neste domingo (15) em S\u00e3o Paulo | Guia Comercial Avenida Faria Lima","robots":{"index":"index","follow":"follow","max-snippet":"max-snippet:-1","max-image-preview":"max-image-preview:large","max-video-preview":"max-video-preview:-1"},"canonical":"https:\/\/www.encontrajardins.com.br\/av-faria-lima\/bloco-da-89-volta-a-avenida-faria-lima-neste-domingo-15-em-sao-paulo\/","og_locale":"pt_BR","og_type":"article","og_title":"Bloco da 89 volta \u00e0 Avenida Faria Lima neste domingo (15) em S\u00e3o Paulo | Guia Comercial Avenida Faria Lima","og_description":"Bloco da 89 retorna \u00e0 Avenida Faria Lima com grandes atra\u00e7\u00f5es e homenagens.","og_url":"https:\/\/www.encontrajardins.com.br\/av-faria-lima\/bloco-da-89-volta-a-avenida-faria-lima-neste-domingo-15-em-sao-paulo\/","og_site_name":"Guia Comercial Avenida Faria Lima","article_published_time":"2026-02-14T15:46:34+00:00","og_image":[{"url":"https:\/\/www.encontrajardins.com.br\/av-faria-lima\/wp-content\/uploads\/2026\/02\/bloco-da-89-volta-a-avenida-faria-lima-neste-domingo-15-em-sao-paulo.webp","type":"","width":"","height":""}],"author":"Encontra Avenida Faria Lima","twitter_card":"summary_large_image","twitter_misc":{"Escrito por":"Encontra Avenida Faria Lima","Est. tempo de leitura":"4 minutos"},"schema":{"@context":"https:\/\/schema.org","@graph":[{"@type":"Article","@id":"https:\/\/www.encontrajardins.com.br\/av-faria-lima\/bloco-da-89-volta-a-avenida-faria-lima-neste-domingo-15-em-sao-paulo\/#article","isPartOf":{"@id":"https:\/\/www.encontrajardins.com.br\/av-faria-lima\/bloco-da-89-volta-a-avenida-faria-lima-neste-domingo-15-em-sao-paulo\/"},"author":{"name":"Encontra Avenida Faria Lima","@id":"https:\/\/www.encontrajardins.com.br\/av-faria-lima\/#\/schema\/person\/79badd2a12b75d685ad41dac082e5111"},"headline":"Bloco da 89 volta \u00e0 Avenida Faria Lima neste domingo (15) em S\u00e3o Paulo","datePublished":"2026-02-14T15:46:34+00:00","mainEntityOfPage":{"@id":"https:\/\/www.encontrajardins.com.br\/av-faria-lima\/bloco-da-89-volta-a-avenida-faria-lima-neste-domingo-15-em-sao-paulo\/"},"wordCount":797,"commentCount":0,"image":{"@id":"https:\/\/www.encontrajardins.com.br\/av-faria-lima\/bloco-da-89-volta-a-avenida-faria-lima-neste-domingo-15-em-sao-paulo\/#primaryimage"},"thumbnailUrl":"https:\/\/www.encontrajardins.com.br\/av-faria-lima\/wp-content\/uploads\/2026\/02\/bloco-da-89-volta-a-avenida-faria-lima-neste-domingo-15-em-sao-paulo.webp","articleSection":["Not\u00edcias Avenida Faria Lima"],"inLanguage":"pt-BR","potentialAction":[{"@type":"CommentAction","name":"Comment","target":["https:\/\/www.encontrajardins.com.br\/av-faria-lima\/bloco-da-89-volta-a-avenida-faria-lima-neste-domingo-15-em-sao-paulo\/#respond"]}]},{"@type":"WebPage","@id":"https:\/\/www.encontrajardins.com.br\/av-faria-lima\/bloco-da-89-volta-a-avenida-faria-lima-neste-domingo-15-em-sao-paulo\/","url":"https:\/\/www.encontrajardins.com.br\/av-faria-lima\/bloco-da-89-volta-a-avenida-faria-lima-neste-domingo-15-em-sao-paulo\/","name":"Bloco da 89 volta \u00e0 Avenida Faria Lima neste domingo (15) em S\u00e3o Paulo | Guia Comercial Avenida Faria Lima","isPartOf":{"@id":"https:\/\/www.encontrajardins.com.br\/av-faria-lima\/#website"},"primaryImageOfPage":{"@id":"https:\/\/www.encontrajardins.com.br\/av-faria-lima\/bloco-da-89-volta-a-avenida-faria-lima-neste-domingo-15-em-sao-paulo\/#primaryimage"},"image":{"@id":"https:\/\/www.encontrajardins.com.br\/av-faria-lima\/bloco-da-89-volta-a-avenida-faria-lima-neste-domingo-15-em-sao-paulo\/#primaryimage"},"thumbnailUrl":"https:\/\/www.encontrajardins.com.br\/av-faria-lima\/wp-content\/uploads\/2026\/02\/bloco-da-89-volta-a-avenida-faria-lima-neste-domingo-15-em-sao-paulo.webp","datePublished":"2026-02-14T15:46:34+00:00","author":{"@id":"https:\/\/www.encontrajardins.com.br\/av-faria-lima\/#\/schema\/person\/79badd2a12b75d685ad41dac082e5111"},"inLanguage":"pt-BR","potentialAction":[{"@type":"ReadAction","target":["https:\/\/www.encontrajardins.com.br\/av-faria-lima\/bloco-da-89-volta-a-avenida-faria-lima-neste-domingo-15-em-sao-paulo\/"]}]},{"@type":"ImageObject","inLanguage":"pt-BR","@id":"https:\/\/www.encontrajardins.com.br\/av-faria-lima\/bloco-da-89-volta-a-avenida-faria-lima-neste-domingo-15-em-sao-paulo\/#primaryimage","url":"https:\/\/www.encontrajardins.com.br\/av-faria-lima\/wp-content\/uploads\/2026\/02\/bloco-da-89-volta-a-avenida-faria-lima-neste-domingo-15-em-sao-paulo.webp","contentUrl":"https:\/\/www.encontrajardins.com.br\/av-faria-lima\/wp-content\/uploads\/2026\/02\/bloco-da-89-volta-a-avenida-faria-lima-neste-domingo-15-em-sao-paulo.webp","width":280,"height":280,"caption":"Bloco da 89"},{"@type":"WebSite","@id":"https:\/\/www.encontrajardins.com.br\/av-faria-lima\/#website","url":"https:\/\/www.encontrajardins.com.br\/av-faria-lima\/","name":"Guia Comercial Avenida Faria Lima","description":"ENCONTRA AVENIDA FARIA LIMA - O guia comercial de neg\u00f3cios e empresas, cultura e divers\u00e3o na Avenida Faria Lima. Feito 100% para voc\u00ea morador!","potentialAction":[{"@type":"SearchAction","target":{"@type":"EntryPoint","urlTemplate":"https:\/\/www.encontrajardins.com.br\/av-faria-lima\/?s={search_term_string}"},"query-input":{"@type":"PropertyValueSpecification","valueRequired":true,"valueName":"search_term_string"}}],"inLanguage":"pt-BR"},{"@type":"Person","@id":"https:\/\/www.encontrajardins.com.br\/av-faria-lima\/#\/schema\/person\/79badd2a12b75d685ad41dac082e5111","name":"Encontra Avenida Faria Lima","image":{"@type":"ImageObject","inLanguage":"pt-BR","@id":"https:\/\/www.encontrajardins.com.br\/av-faria-lima\/wp-content\/litespeed\/avatar\/e92a756db1fc224ef50d2f00ed0d047a.jpg?ver=1776988651","url":"https:\/\/www.encontrajardins.com.br\/av-faria-lima\/wp-content\/litespeed\/avatar\/e92a756db1fc224ef50d2f00ed0d047a.jpg?ver=1776988651","contentUrl":"https:\/\/www.encontrajardins.com.br\/av-faria-lima\/wp-content\/litespeed\/avatar\/e92a756db1fc224ef50d2f00ed0d047a.jpg?ver=1776988651","caption":"Encontra Avenida Faria Lima"},"url":"https:\/\/www.encontrajardins.com.br\/av-faria-lima\/author\/av-faria-lima\/"}]}},"_links":{"self":[{"href":"https:\/\/www.encontrajardins.com.br\/av-faria-lima\/wp-json\/wp\/v2\/posts\/4265","targetHints":{"allow":["GET"]}}],"collection":[{"href":"https:\/\/www.encontrajardins.com.br\/av-faria-lima\/wp-json\/wp\/v2\/posts"}],"about":[{"href":"https:\/\/www.encontrajardins.com.br\/av-faria-lima\/wp-json\/wp\/v2\/types\/post"}],"author":[{"embeddable":true,"href":"https:\/\/www.encontrajardins.com.br\/av-faria-lima\/wp-json\/wp\/v2\/users\/1"}],"replies":[{"embeddable":true,"href":"https:\/\/www.encontrajardins.com.br\/av-faria-lima\/wp-json\/wp\/v2\/comments?post=4265"}],"version-history":[{"count":0,"href":"https:\/\/www.encontrajardins.com.br\/av-faria-lima\/wp-json\/wp\/v2\/posts\/4265\/revisions"}],"wp:featuredmedia":[{"embeddable":true,"href":"https:\/\/www.encontrajardins.com.br\/av-faria-lima\/wp-json\/wp\/v2\/media\/4264"}],"wp:attachment":[{"href":"https:\/\/www.encontrajardins.com.br\/av-faria-lima\/wp-json\/wp\/v2\/media?parent=4265"}],"wp:term":[{"taxonomy":"category","embeddable":true,"href":"https:\/\/www.encontrajardins.com.br\/av-faria-lima\/wp-json\/wp\/v2\/categories?post=4265"},{"taxonomy":"post_tag","embeddable":true,"href":"https:\/\/www.encontrajardins.com.br\/av-faria-lima\/wp-json\/wp\/v2\/tags?post=4265"}],"curies":[{"name":"wp","href":"https:\/\/api.w.org\/{rel}","templated":true}]}}