{"id":4289,"date":"2026-02-19T12:34:03","date_gmt":"2026-02-19T15:34:03","guid":{"rendered":"https:\/\/www.encontrajardins.com.br\/av-faria-lima\/galo-da-madrugada-di-ferrero-e-bastardo-estao-entre-os-blocos-que-desfilam-em-sp-nesta-terca\/"},"modified":"2026-02-19T12:34:03","modified_gmt":"2026-02-19T15:34:03","slug":"galo-da-madrugada-di-ferrero-e-bastardo-estao-entre-os-blocos-que-desfilam-em-sp-nesta-terca","status":"publish","type":"post","link":"https:\/\/www.encontrajardins.com.br\/av-faria-lima\/galo-da-madrugada-di-ferrero-e-bastardo-estao-entre-os-blocos-que-desfilam-em-sp-nesta-terca\/","title":{"rendered":"Galo da Madrugada, Di Ferrero e Bastardo est\u00e3o entre os blocos que desfilam em SP nesta ter\u00e7a"},"content":{"rendered":"<h2>Hist\u00f3ria do Galo da Madrugada<\/h2>\n<p>O Galo da Madrugada \u00e9 um dos blocos mais emblem\u00e1ticos do carnaval de rua. Originado no Recife, ele conquistou os cora\u00e7\u00f5es dos foli\u00f5es e, ao longo dos anos, se expandiu para outras cidades, incluindo S\u00e3o Paulo. Este bloco \u00e9 conhecido por suas grandes concentra\u00e7\u00f5es e uma programa\u00e7\u00e3o vibrante, al\u00e9m de seu famoso desfile no centro da cidade.<\/p>\n<p>Desde a sua cria\u00e7\u00e3o, o Galo da Madrugada passou a representar a ess\u00eancia do carnaval, reunindo pessoas de todas as idades e diferentes classes sociais. Ele simboliza a uni\u00e3o e a alegria que permeiam a festa. Com suas batidas marcantes e a presen\u00e7a de grandes artistas, o bloco tem o poder de transformar as ruas em um verdadeiro mar de cores e ritmos.<\/p>\n<h2>Os Destaques do Bloco Di Ferrero<\/h2>\n<p>Di Ferrero, conhecido por sua carreira como vocalista da banda NX Zero, traz um toque especial ao carnaval com seu bloco. Intitulado &#8220;Se Fui Triste N\u00e3o Me Lembro&#8221;, a apresenta\u00e7\u00e3o do cantor tem se tornado uma atra\u00e7\u00e3o \u00e0 parte devido \u00e0 energia e empolga\u00e7\u00e3o que ele proporciona. A participa\u00e7\u00e3o de Di Ferrero \u00e9 sempre marcada por sua intera\u00e7\u00e3o calorosa com os f\u00e3s e uma sele\u00e7\u00e3o de m\u00fasicas que refletem tanto seu estilo rock quanto hits que s\u00e3o amados pelos frequentadores do carnaval.<\/p>\n<p><img decoding=\"async\" src=\"https:\/\/www.encontrajardins.com.br\/av-faria-lima\/wp-content\/uploads\/2026\/02\/galo-da-madrugada-di-ferrero-e-bastardo-estao-entre-os-blocos-que-desfilam-em-sp-nesta-terca.webp\" alt=\"Carnaval em SP\" loading=\"lazy\" \/><\/p>\n<p>A concentra\u00e7\u00e3o do bloco geralmente acontece em um local estrat\u00e9gico, onde os foli\u00f5es podem se reunir e se preparar para a festa. Com um repert\u00f3rio que mistura romance e anima\u00e7\u00e3o, o desfile de Di Ferrero se destaca entre os diversos blocos que fazem parte da programa\u00e7\u00e3o.<\/p>\n<h2>O Que Esperar do Bastardo<\/h2>\n<p>Bastardo \u00e9 um dos blocos que tamb\u00e9m promete agitar as ruas durante o carnaval. Localizado em Pinheiros, o bloco \u00e9 famoso por sua bateria potente e um p\u00fablico super animado. A proposta do Bastardo \u00e9 celebrar a diversidade e trazer um pouco de cr\u00edtica social \u00e0s suas apresenta\u00e7\u00f5es, fazendo com que os participantes reflitam sobre temas atuais, sempre regados a muito samba.<\/p>\n<p>As cores vibrantes e os figurinos extravagantes fazem do Bastardo uma experi\u00eancia visual incr\u00edvel. Al\u00e9m disso, a energia intensa dos integrantes e dos foli\u00f5es proporciona um verdadeiro espet\u00e1culo nas ruas, fazendo com que todos queiram participar da folia.<\/p>\n<h2>Programa\u00e7\u00e3o Completa dos Blocos<\/h2>\n<p>O carnaval de rua em S\u00e3o Paulo oferece uma programa\u00e7\u00e3o vasta e diversificada. Aqui est\u00e3o alguns dos blocos que estar\u00e3o se apresentando nesta ter\u00e7a-feira:<\/p>\n<ul>\n<li><strong>Galo da Madrugada:<\/strong> Concentra\u00e7\u00e3o \u00e0s 9h na Avenida Pedro \u00c1lvares Cabral.<\/li>\n<li><strong>Bloco Solteiro N\u00e3o Trai &#8211; Gustavo Mioto:<\/strong> Concentra\u00e7\u00e3o \u00e0s 11h na Avenida Pedro \u00c1lvares Cabral.<\/li>\n<li><strong>Bloco da Latinha Mix:<\/strong> Concentra\u00e7\u00e3o \u00e0s 13h na Avenida Pedro \u00c1lvares Cabral.<\/li>\n<li><strong>Bloco Te Amo Sem Culpa &#8211; Carol Biazin:<\/strong> Concentra\u00e7\u00e3o \u00e0s 11h na Avenida Brigadeiro Faria Lima.<\/li>\n<li><strong>Se Fui Triste N\u00e3o Me Lembro &#8211; Di Ferrero:<\/strong> Concentra\u00e7\u00e3o \u00e0s 13h na Avenida Brigadeiro Faria Lima.<\/li>\n<li><strong>Bloco Pagu:<\/strong> Concentra\u00e7\u00e3o \u00e0s 11h na esquina das Avenidas Ipiranga e S\u00e3o Jo\u00e3o.<\/li>\n<li><strong>Bloco do Felino:<\/strong> Concentra\u00e7\u00e3o \u00e0s 12h na Rua Rui Barbosa.<\/li>\n<li><strong>Acad\u00eamicos do Cerca Frango:<\/strong> Concentra\u00e7\u00e3o \u00e0s 9h na Pra\u00e7a Jesu\u00edno Bandeira.<\/li>\n<li><strong>Bahianidade:<\/strong> Concentra\u00e7\u00e3o \u00e0s 11h na Rua Rui Barbosa.<\/li>\n<li><strong>Esta\u00e7\u00e3o Folia:<\/strong> Concentra\u00e7\u00e3o \u00e0s 11h na Rua dos Patriotas.<\/li>\n<li><strong>Bloco Bastardo:<\/strong> Concentra\u00e7\u00e3o \u00e0s 13h na Rua Jo\u00e3o Moura.<\/li>\n<li><strong>S\u00fabete!<\/strong> Concentra\u00e7\u00e3o \u00e0s 13h na Rua Fortaleza.<\/li>\n<li><strong>Agora Vai:<\/strong> Concentra\u00e7\u00e3o \u00e0s 14h na Alameda Bar\u00e3o de Limeira.<\/li>\n<li><strong>Bloco da Salete Campari:<\/strong> Concentra\u00e7\u00e3o \u00e0s 13h na Rua Augusta.<\/li>\n<\/ul>\n<h2>A Import\u00e2ncia dos Blocos de Rua<\/h2>\n<p>Os blocos de rua desempenham um papel fundamental na cultura do carnaval paulista. Eles proporcionam um espa\u00e7o de express\u00e3o art\u00edstica e social, onde as pessoas podem se libertar das normas sociais e se unir em celebra\u00e7\u00e3o. Para muitos, participar de um bloco de rua \u00e9 uma maneira de celebrar a alegria, a m\u00fasica e a diversidade cultural.<\/p>\n<p>Al\u00e9m disso, esses blocos ajudam a movimentar a economia local, atraindo turistas e gerando empregos nas comunidades onde acontecem. A participa\u00e7\u00e3o massiva nos bloquinhos tamb\u00e9m destaca a necessidade de uma organiza\u00e7\u00e3o adequada para garantir a seguran\u00e7a e a felicidade de todos os presentes.<\/p>\n<h2>Como Participar do Carnaval em SP<\/h2>\n<p>Participar do carnaval de rua em S\u00e3o Paulo \u00e9 uma experi\u00eancia acess\u00edvel para todos. Confira algumas dicas para aproveitar ao m\u00e1ximo:<\/p>\n<ul>\n<li><strong>Escolha seus blocos:<\/strong> Pesquise quais blocos mais atraem o seu interesse para que voc\u00ea possa se organizar.<\/li>\n<li><strong>Chegue cedo:<\/strong> Tente chegar antes da concentra\u00e7\u00e3o para garantir um bom lugar e aproveitar o clima festivo.<\/li>\n<li><strong>Use roupas leves:<\/strong> O calor pode ser intenso, ent\u00e3o escolha trajes confort\u00e1veis e adequados.<\/li>\n<li><strong>Mantenha-se hidratado:<\/strong> Beba bastante \u00e1gua, especialmente se voc\u00ea vai pular e dan\u00e7ar por horas.<\/li>\n<li><strong>Cuidado com seus pertences:<\/strong> Leve o m\u00ednimo necess\u00e1rio e use cangas ou pochetes para guard\u00e1-los.<\/li>\n<li><strong>Respeite as regras:<\/strong> As regras impostas pelos organizadores devem ser respeitadas para garantir a seguran\u00e7a de todos.<\/li>\n<\/ul>\n<h2>Bairros que Est\u00e3o em Alta no Carnaval<\/h2>\n<p>Alguns bairros paulistanos se tornaram bastante populares durante o carnaval, sendo conhecidos por sua intensa programa\u00e7\u00e3o de blocos e festas. Entre eles:<\/p>\n<ul>\n<li><strong>Centro:<\/strong> A \u00e1rea central possui uma variedade de blocos tradicionais e novos, atraindo grande p\u00fablico.<\/li>\n<li><strong>Pinheiros:<\/strong> Este bairro \u00e9 famoso por seus blocos animados e pela diversidade de p\u00fablico.<\/li>\n<li><strong>Vila Madalena:<\/strong> Conhecida por sua vida noturna, a Vila Madalena tamb\u00e9m se destaca durante o carnaval.<\/li>\n<li><strong>Ibirapuera:<\/strong> Nas proximidades do parque do Ibirapuera, muitos blocos se concentram para criar uma atmosfera festiva.<\/li>\n<\/ul>\n<h2>M\u00fasicas Mais Tocadas Durante a Folia<\/h2>\n<p>A trilha sonora do carnaval \u00e9 um elemento indispens\u00e1vel para a anima\u00e7\u00e3o. Entre as m\u00fasicas mais tocadas durante essa \u00e9poca est\u00e3o:<\/p>\n<ul>\n<li><strong>&#8220;O Caderno&#8221; &#8211; Toquinho<\/strong><\/li>\n<li><strong>&#8220;Vem Me Ver&#8221; &#8211; Anita<\/strong><\/li>\n<li><strong>&#8220;Samba do Arnesto&#8221; &#8211; Adoniran Barbosa<\/strong><\/li>\n<li><strong>&#8220;Requebra&#8221; &#8211; Grupo Revela\u00e7\u00e3o<\/strong><\/li>\n<li><strong>&#8220;A Lenda&#8221; &#8211; Roupa Nova<\/strong><\/li>\n<\/ul>\n<h2>Dicas para um Carnaval Seguro<\/h2>\n<p>Seguir algumas dicas pode ajudar a garantir que sua experi\u00eancia seja n\u00e3o apenas divertida, mas tamb\u00e9m segura:<\/p>\n<ul>\n<li><strong>Locais de Encontro:<\/strong> Defina um ponto de encontro caso voc\u00ea e seus amigos se separem.<\/li>\n<li><strong>Transporte:<\/strong> Utilize aplicativos de transporte para se deslocar de maneira segura.<\/li>\n<li><strong>Evite muito contato:<\/strong> Embora a folia seja animada, respeite o espa\u00e7o pessoal dos outros.<\/li>\n<li><strong>Identifica\u00e7\u00e3o:<\/strong> Carregue uma c\u00f3pia da sua identifica\u00e7\u00e3o e informe amigos sobre onde estar\u00e1.<\/li>\n<\/ul>\n<h2>Cultura e Tradi\u00e7\u00f5es do Carnaval Paulistano<\/h2>\n<p>O carnaval em S\u00e3o Paulo \u00e9 um reflexo da rica diversidade cultural do Brasil. As tradi\u00e7\u00f5es locais incluem o uso de fantasias criativas, muito brilho e a mistura de diferentes ritmos musicais, que v\u00e3o do samba ao ax\u00e9, passando por funk e rock. Cada bloco conta com a contribui\u00e7\u00e3o cultural de seus participantes, que expressam sua identidade e seus gostos atrav\u00e9s da m\u00fasica e da dan\u00e7a.<\/p>\n<p>Al\u00e9m disso, a festa tamb\u00e9m \u00e9 uma oportunidade para debater quest\u00f5es sociais e unir as comunidades de maneira reconfortante e alegre, fazendo do carnaval uma data de celebra\u00e7\u00e3o da inclus\u00e3o e da diversidade. Com suas ra\u00edzes profundas e seu constante crescimento, o carnaval paulista se consolida como uma das maiores festas populares do mundo.<\/p>\n","protected":false},"excerpt":{"rendered":"<p>Carnaval em SP \u00e9 imperd\u00edvel, conhe\u00e7a os blocos mais famosos!<\/p>\n","protected":false},"author":1,"featured_media":4288,"comment_status":"open","ping_status":"open","sticky":false,"template":"","format":"standard","meta":{"footnotes":""},"categories":[5],"tags":[],"class_list":["post-4289","post","type-post","status-publish","format-standard","has-post-thumbnail","hentry","category-noticias","has_thumb"],"yoast_head":"<!-- This site is optimized with the Yoast SEO plugin v27.4 - https:\/\/yoast.com\/product\/yoast-seo-wordpress\/ -->\n<title>Galo da Madrugada, Di Ferrero e Bastardo est\u00e3o entre os blocos que desfilam em SP nesta ter\u00e7a | Guia Comercial Avenida Faria Lima<\/title>\n<meta name=\"robots\" content=\"index, follow, max-snippet:-1, max-image-preview:large, max-video-preview:-1\" \/>\n<link rel=\"canonical\" href=\"https:\/\/www.encontrajardins.com.br\/av-faria-lima\/galo-da-madrugada-di-ferrero-e-bastardo-estao-entre-os-blocos-que-desfilam-em-sp-nesta-terca\/\" \/>\n<meta property=\"og:locale\" content=\"pt_BR\" \/>\n<meta property=\"og:type\" content=\"article\" \/>\n<meta property=\"og:title\" content=\"Galo da Madrugada, Di Ferrero e Bastardo est\u00e3o entre os blocos que desfilam em SP nesta ter\u00e7a | Guia Comercial Avenida Faria Lima\" \/>\n<meta property=\"og:description\" content=\"Carnaval em SP \u00e9 imperd\u00edvel, conhe\u00e7a os blocos mais famosos!\" \/>\n<meta property=\"og:url\" content=\"https:\/\/www.encontrajardins.com.br\/av-faria-lima\/galo-da-madrugada-di-ferrero-e-bastardo-estao-entre-os-blocos-que-desfilam-em-sp-nesta-terca\/\" \/>\n<meta property=\"og:site_name\" content=\"Guia Comercial Avenida Faria Lima\" \/>\n<meta property=\"article:published_time\" content=\"2026-02-19T15:34:03+00:00\" \/>\n<meta property=\"og:image\" content=\"https:\/\/www.encontrajardins.com.br\/av-faria-lima\/wp-content\/uploads\/2026\/02\/galo-da-madrugada-di-ferrero-e-bastardo-estao-entre-os-blocos-que-desfilam-em-sp-nesta-terca.webp\" \/>\n<meta name=\"author\" content=\"Encontra Avenida Faria Lima\" \/>\n<meta name=\"twitter:card\" content=\"summary_large_image\" \/>\n<meta name=\"twitter:label1\" content=\"Escrito por\" \/>\n\t<meta name=\"twitter:data1\" content=\"Encontra Avenida Faria Lima\" \/>\n\t<meta name=\"twitter:label2\" content=\"Est. tempo de leitura\" \/>\n\t<meta name=\"twitter:data2\" content=\"6 minutos\" \/>\n<script type=\"application\/ld+json\" class=\"yoast-schema-graph\">{\"@context\":\"https:\\\/\\\/schema.org\",\"@graph\":[{\"@type\":\"Article\",\"@id\":\"https:\\\/\\\/www.encontrajardins.com.br\\\/av-faria-lima\\\/galo-da-madrugada-di-ferrero-e-bastardo-estao-entre-os-blocos-que-desfilam-em-sp-nesta-terca\\\/#article\",\"isPartOf\":{\"@id\":\"https:\\\/\\\/www.encontrajardins.com.br\\\/av-faria-lima\\\/galo-da-madrugada-di-ferrero-e-bastardo-estao-entre-os-blocos-que-desfilam-em-sp-nesta-terca\\\/\"},\"author\":{\"name\":\"Encontra Avenida Faria Lima\",\"@id\":\"https:\\\/\\\/www.encontrajardins.com.br\\\/av-faria-lima\\\/#\\\/schema\\\/person\\\/79badd2a12b75d685ad41dac082e5111\"},\"headline\":\"Galo da Madrugada, Di Ferrero e Bastardo est\u00e3o entre os blocos que desfilam em SP nesta ter\u00e7a\",\"datePublished\":\"2026-02-19T15:34:03+00:00\",\"mainEntityOfPage\":{\"@id\":\"https:\\\/\\\/www.encontrajardins.com.br\\\/av-faria-lima\\\/galo-da-madrugada-di-ferrero-e-bastardo-estao-entre-os-blocos-que-desfilam-em-sp-nesta-terca\\\/\"},\"wordCount\":1247,\"commentCount\":0,\"image\":{\"@id\":\"https:\\\/\\\/www.encontrajardins.com.br\\\/av-faria-lima\\\/galo-da-madrugada-di-ferrero-e-bastardo-estao-entre-os-blocos-que-desfilam-em-sp-nesta-terca\\\/#primaryimage\"},\"thumbnailUrl\":\"https:\\\/\\\/www.encontrajardins.com.br\\\/av-faria-lima\\\/wp-content\\\/uploads\\\/2026\\\/02\\\/galo-da-madrugada-di-ferrero-e-bastardo-estao-entre-os-blocos-que-desfilam-em-sp-nesta-terca.webp\",\"articleSection\":[\"Not\u00edcias Avenida Faria Lima\"],\"inLanguage\":\"pt-BR\",\"potentialAction\":[{\"@type\":\"CommentAction\",\"name\":\"Comment\",\"target\":[\"https:\\\/\\\/www.encontrajardins.com.br\\\/av-faria-lima\\\/galo-da-madrugada-di-ferrero-e-bastardo-estao-entre-os-blocos-que-desfilam-em-sp-nesta-terca\\\/#respond\"]}]},{\"@type\":\"WebPage\",\"@id\":\"https:\\\/\\\/www.encontrajardins.com.br\\\/av-faria-lima\\\/galo-da-madrugada-di-ferrero-e-bastardo-estao-entre-os-blocos-que-desfilam-em-sp-nesta-terca\\\/\",\"url\":\"https:\\\/\\\/www.encontrajardins.com.br\\\/av-faria-lima\\\/galo-da-madrugada-di-ferrero-e-bastardo-estao-entre-os-blocos-que-desfilam-em-sp-nesta-terca\\\/\",\"name\":\"Galo da Madrugada, Di Ferrero e Bastardo est\u00e3o entre os blocos que desfilam em SP nesta ter\u00e7a | Guia Comercial Avenida Faria Lima\",\"isPartOf\":{\"@id\":\"https:\\\/\\\/www.encontrajardins.com.br\\\/av-faria-lima\\\/#website\"},\"primaryImageOfPage\":{\"@id\":\"https:\\\/\\\/www.encontrajardins.com.br\\\/av-faria-lima\\\/galo-da-madrugada-di-ferrero-e-bastardo-estao-entre-os-blocos-que-desfilam-em-sp-nesta-terca\\\/#primaryimage\"},\"image\":{\"@id\":\"https:\\\/\\\/www.encontrajardins.com.br\\\/av-faria-lima\\\/galo-da-madrugada-di-ferrero-e-bastardo-estao-entre-os-blocos-que-desfilam-em-sp-nesta-terca\\\/#primaryimage\"},\"thumbnailUrl\":\"https:\\\/\\\/www.encontrajardins.com.br\\\/av-faria-lima\\\/wp-content\\\/uploads\\\/2026\\\/02\\\/galo-da-madrugada-di-ferrero-e-bastardo-estao-entre-os-blocos-que-desfilam-em-sp-nesta-terca.webp\",\"datePublished\":\"2026-02-19T15:34:03+00:00\",\"author\":{\"@id\":\"https:\\\/\\\/www.encontrajardins.com.br\\\/av-faria-lima\\\/#\\\/schema\\\/person\\\/79badd2a12b75d685ad41dac082e5111\"},\"inLanguage\":\"pt-BR\",\"potentialAction\":[{\"@type\":\"ReadAction\",\"target\":[\"https:\\\/\\\/www.encontrajardins.com.br\\\/av-faria-lima\\\/galo-da-madrugada-di-ferrero-e-bastardo-estao-entre-os-blocos-que-desfilam-em-sp-nesta-terca\\\/\"]}]},{\"@type\":\"ImageObject\",\"inLanguage\":\"pt-BR\",\"@id\":\"https:\\\/\\\/www.encontrajardins.com.br\\\/av-faria-lima\\\/galo-da-madrugada-di-ferrero-e-bastardo-estao-entre-os-blocos-que-desfilam-em-sp-nesta-terca\\\/#primaryimage\",\"url\":\"https:\\\/\\\/www.encontrajardins.com.br\\\/av-faria-lima\\\/wp-content\\\/uploads\\\/2026\\\/02\\\/galo-da-madrugada-di-ferrero-e-bastardo-estao-entre-os-blocos-que-desfilam-em-sp-nesta-terca.webp\",\"contentUrl\":\"https:\\\/\\\/www.encontrajardins.com.br\\\/av-faria-lima\\\/wp-content\\\/uploads\\\/2026\\\/02\\\/galo-da-madrugada-di-ferrero-e-bastardo-estao-entre-os-blocos-que-desfilam-em-sp-nesta-terca.webp\",\"width\":280,\"height\":280,\"caption\":\"Carnaval em SP\"},{\"@type\":\"WebSite\",\"@id\":\"https:\\\/\\\/www.encontrajardins.com.br\\\/av-faria-lima\\\/#website\",\"url\":\"https:\\\/\\\/www.encontrajardins.com.br\\\/av-faria-lima\\\/\",\"name\":\"Guia Comercial Avenida Faria Lima\",\"description\":\"ENCONTRA AVENIDA FARIA LIMA - O guia comercial de neg\u00f3cios e empresas, cultura e divers\u00e3o na Avenida Faria Lima. Feito 100% para voc\u00ea morador!\",\"potentialAction\":[{\"@type\":\"SearchAction\",\"target\":{\"@type\":\"EntryPoint\",\"urlTemplate\":\"https:\\\/\\\/www.encontrajardins.com.br\\\/av-faria-lima\\\/?s={search_term_string}\"},\"query-input\":{\"@type\":\"PropertyValueSpecification\",\"valueRequired\":true,\"valueName\":\"search_term_string\"}}],\"inLanguage\":\"pt-BR\"},{\"@type\":\"Person\",\"@id\":\"https:\\\/\\\/www.encontrajardins.com.br\\\/av-faria-lima\\\/#\\\/schema\\\/person\\\/79badd2a12b75d685ad41dac082e5111\",\"name\":\"Encontra Avenida Faria Lima\",\"image\":{\"@type\":\"ImageObject\",\"inLanguage\":\"pt-BR\",\"@id\":\"https:\\\/\\\/www.encontrajardins.com.br\\\/av-faria-lima\\\/wp-content\\\/litespeed\\\/avatar\\\/e92a756db1fc224ef50d2f00ed0d047a.jpg?ver=1776988651\",\"url\":\"https:\\\/\\\/www.encontrajardins.com.br\\\/av-faria-lima\\\/wp-content\\\/litespeed\\\/avatar\\\/e92a756db1fc224ef50d2f00ed0d047a.jpg?ver=1776988651\",\"contentUrl\":\"https:\\\/\\\/www.encontrajardins.com.br\\\/av-faria-lima\\\/wp-content\\\/litespeed\\\/avatar\\\/e92a756db1fc224ef50d2f00ed0d047a.jpg?ver=1776988651\",\"caption\":\"Encontra Avenida Faria Lima\"},\"url\":\"https:\\\/\\\/www.encontrajardins.com.br\\\/av-faria-lima\\\/author\\\/av-faria-lima\\\/\"}]}<\/script>\n<!-- \/ Yoast SEO plugin. -->","yoast_head_json":{"title":"Galo da Madrugada, Di Ferrero e Bastardo est\u00e3o entre os blocos que desfilam em SP nesta ter\u00e7a | Guia Comercial Avenida Faria Lima","robots":{"index":"index","follow":"follow","max-snippet":"max-snippet:-1","max-image-preview":"max-image-preview:large","max-video-preview":"max-video-preview:-1"},"canonical":"https:\/\/www.encontrajardins.com.br\/av-faria-lima\/galo-da-madrugada-di-ferrero-e-bastardo-estao-entre-os-blocos-que-desfilam-em-sp-nesta-terca\/","og_locale":"pt_BR","og_type":"article","og_title":"Galo da Madrugada, Di Ferrero e Bastardo est\u00e3o entre os blocos que desfilam em SP nesta ter\u00e7a | Guia Comercial Avenida Faria Lima","og_description":"Carnaval em SP \u00e9 imperd\u00edvel, conhe\u00e7a os blocos mais famosos!","og_url":"https:\/\/www.encontrajardins.com.br\/av-faria-lima\/galo-da-madrugada-di-ferrero-e-bastardo-estao-entre-os-blocos-que-desfilam-em-sp-nesta-terca\/","og_site_name":"Guia Comercial Avenida Faria Lima","article_published_time":"2026-02-19T15:34:03+00:00","og_image":[{"url":"https:\/\/www.encontrajardins.com.br\/av-faria-lima\/wp-content\/uploads\/2026\/02\/galo-da-madrugada-di-ferrero-e-bastardo-estao-entre-os-blocos-que-desfilam-em-sp-nesta-terca.webp","type":"","width":"","height":""}],"author":"Encontra Avenida Faria Lima","twitter_card":"summary_large_image","twitter_misc":{"Escrito por":"Encontra Avenida Faria Lima","Est. tempo de leitura":"6 minutos"},"schema":{"@context":"https:\/\/schema.org","@graph":[{"@type":"Article","@id":"https:\/\/www.encontrajardins.com.br\/av-faria-lima\/galo-da-madrugada-di-ferrero-e-bastardo-estao-entre-os-blocos-que-desfilam-em-sp-nesta-terca\/#article","isPartOf":{"@id":"https:\/\/www.encontrajardins.com.br\/av-faria-lima\/galo-da-madrugada-di-ferrero-e-bastardo-estao-entre-os-blocos-que-desfilam-em-sp-nesta-terca\/"},"author":{"name":"Encontra Avenida Faria Lima","@id":"https:\/\/www.encontrajardins.com.br\/av-faria-lima\/#\/schema\/person\/79badd2a12b75d685ad41dac082e5111"},"headline":"Galo da Madrugada, Di Ferrero e Bastardo est\u00e3o entre os blocos que desfilam em SP nesta ter\u00e7a","datePublished":"2026-02-19T15:34:03+00:00","mainEntityOfPage":{"@id":"https:\/\/www.encontrajardins.com.br\/av-faria-lima\/galo-da-madrugada-di-ferrero-e-bastardo-estao-entre-os-blocos-que-desfilam-em-sp-nesta-terca\/"},"wordCount":1247,"commentCount":0,"image":{"@id":"https:\/\/www.encontrajardins.com.br\/av-faria-lima\/galo-da-madrugada-di-ferrero-e-bastardo-estao-entre-os-blocos-que-desfilam-em-sp-nesta-terca\/#primaryimage"},"thumbnailUrl":"https:\/\/www.encontrajardins.com.br\/av-faria-lima\/wp-content\/uploads\/2026\/02\/galo-da-madrugada-di-ferrero-e-bastardo-estao-entre-os-blocos-que-desfilam-em-sp-nesta-terca.webp","articleSection":["Not\u00edcias Avenida Faria Lima"],"inLanguage":"pt-BR","potentialAction":[{"@type":"CommentAction","name":"Comment","target":["https:\/\/www.encontrajardins.com.br\/av-faria-lima\/galo-da-madrugada-di-ferrero-e-bastardo-estao-entre-os-blocos-que-desfilam-em-sp-nesta-terca\/#respond"]}]},{"@type":"WebPage","@id":"https:\/\/www.encontrajardins.com.br\/av-faria-lima\/galo-da-madrugada-di-ferrero-e-bastardo-estao-entre-os-blocos-que-desfilam-em-sp-nesta-terca\/","url":"https:\/\/www.encontrajardins.com.br\/av-faria-lima\/galo-da-madrugada-di-ferrero-e-bastardo-estao-entre-os-blocos-que-desfilam-em-sp-nesta-terca\/","name":"Galo da Madrugada, Di Ferrero e Bastardo est\u00e3o entre os blocos que desfilam em SP nesta ter\u00e7a | Guia Comercial Avenida Faria Lima","isPartOf":{"@id":"https:\/\/www.encontrajardins.com.br\/av-faria-lima\/#website"},"primaryImageOfPage":{"@id":"https:\/\/www.encontrajardins.com.br\/av-faria-lima\/galo-da-madrugada-di-ferrero-e-bastardo-estao-entre-os-blocos-que-desfilam-em-sp-nesta-terca\/#primaryimage"},"image":{"@id":"https:\/\/www.encontrajardins.com.br\/av-faria-lima\/galo-da-madrugada-di-ferrero-e-bastardo-estao-entre-os-blocos-que-desfilam-em-sp-nesta-terca\/#primaryimage"},"thumbnailUrl":"https:\/\/www.encontrajardins.com.br\/av-faria-lima\/wp-content\/uploads\/2026\/02\/galo-da-madrugada-di-ferrero-e-bastardo-estao-entre-os-blocos-que-desfilam-em-sp-nesta-terca.webp","datePublished":"2026-02-19T15:34:03+00:00","author":{"@id":"https:\/\/www.encontrajardins.com.br\/av-faria-lima\/#\/schema\/person\/79badd2a12b75d685ad41dac082e5111"},"inLanguage":"pt-BR","potentialAction":[{"@type":"ReadAction","target":["https:\/\/www.encontrajardins.com.br\/av-faria-lima\/galo-da-madrugada-di-ferrero-e-bastardo-estao-entre-os-blocos-que-desfilam-em-sp-nesta-terca\/"]}]},{"@type":"ImageObject","inLanguage":"pt-BR","@id":"https:\/\/www.encontrajardins.com.br\/av-faria-lima\/galo-da-madrugada-di-ferrero-e-bastardo-estao-entre-os-blocos-que-desfilam-em-sp-nesta-terca\/#primaryimage","url":"https:\/\/www.encontrajardins.com.br\/av-faria-lima\/wp-content\/uploads\/2026\/02\/galo-da-madrugada-di-ferrero-e-bastardo-estao-entre-os-blocos-que-desfilam-em-sp-nesta-terca.webp","contentUrl":"https:\/\/www.encontrajardins.com.br\/av-faria-lima\/wp-content\/uploads\/2026\/02\/galo-da-madrugada-di-ferrero-e-bastardo-estao-entre-os-blocos-que-desfilam-em-sp-nesta-terca.webp","width":280,"height":280,"caption":"Carnaval em SP"},{"@type":"WebSite","@id":"https:\/\/www.encontrajardins.com.br\/av-faria-lima\/#website","url":"https:\/\/www.encontrajardins.com.br\/av-faria-lima\/","name":"Guia Comercial Avenida Faria Lima","description":"ENCONTRA AVENIDA FARIA LIMA - O guia comercial de neg\u00f3cios e empresas, cultura e divers\u00e3o na Avenida Faria Lima. Feito 100% para voc\u00ea morador!","potentialAction":[{"@type":"SearchAction","target":{"@type":"EntryPoint","urlTemplate":"https:\/\/www.encontrajardins.com.br\/av-faria-lima\/?s={search_term_string}"},"query-input":{"@type":"PropertyValueSpecification","valueRequired":true,"valueName":"search_term_string"}}],"inLanguage":"pt-BR"},{"@type":"Person","@id":"https:\/\/www.encontrajardins.com.br\/av-faria-lima\/#\/schema\/person\/79badd2a12b75d685ad41dac082e5111","name":"Encontra Avenida Faria Lima","image":{"@type":"ImageObject","inLanguage":"pt-BR","@id":"https:\/\/www.encontrajardins.com.br\/av-faria-lima\/wp-content\/litespeed\/avatar\/e92a756db1fc224ef50d2f00ed0d047a.jpg?ver=1776988651","url":"https:\/\/www.encontrajardins.com.br\/av-faria-lima\/wp-content\/litespeed\/avatar\/e92a756db1fc224ef50d2f00ed0d047a.jpg?ver=1776988651","contentUrl":"https:\/\/www.encontrajardins.com.br\/av-faria-lima\/wp-content\/litespeed\/avatar\/e92a756db1fc224ef50d2f00ed0d047a.jpg?ver=1776988651","caption":"Encontra Avenida Faria Lima"},"url":"https:\/\/www.encontrajardins.com.br\/av-faria-lima\/author\/av-faria-lima\/"}]}},"_links":{"self":[{"href":"https:\/\/www.encontrajardins.com.br\/av-faria-lima\/wp-json\/wp\/v2\/posts\/4289","targetHints":{"allow":["GET"]}}],"collection":[{"href":"https:\/\/www.encontrajardins.com.br\/av-faria-lima\/wp-json\/wp\/v2\/posts"}],"about":[{"href":"https:\/\/www.encontrajardins.com.br\/av-faria-lima\/wp-json\/wp\/v2\/types\/post"}],"author":[{"embeddable":true,"href":"https:\/\/www.encontrajardins.com.br\/av-faria-lima\/wp-json\/wp\/v2\/users\/1"}],"replies":[{"embeddable":true,"href":"https:\/\/www.encontrajardins.com.br\/av-faria-lima\/wp-json\/wp\/v2\/comments?post=4289"}],"version-history":[{"count":0,"href":"https:\/\/www.encontrajardins.com.br\/av-faria-lima\/wp-json\/wp\/v2\/posts\/4289\/revisions"}],"wp:featuredmedia":[{"embeddable":true,"href":"https:\/\/www.encontrajardins.com.br\/av-faria-lima\/wp-json\/wp\/v2\/media\/4288"}],"wp:attachment":[{"href":"https:\/\/www.encontrajardins.com.br\/av-faria-lima\/wp-json\/wp\/v2\/media?parent=4289"}],"wp:term":[{"taxonomy":"category","embeddable":true,"href":"https:\/\/www.encontrajardins.com.br\/av-faria-lima\/wp-json\/wp\/v2\/categories?post=4289"},{"taxonomy":"post_tag","embeddable":true,"href":"https:\/\/www.encontrajardins.com.br\/av-faria-lima\/wp-json\/wp\/v2\/tags?post=4289"}],"curies":[{"name":"wp","href":"https:\/\/api.w.org\/{rel}","templated":true}]}}