{"id":4339,"date":"2026-03-02T12:35:24","date_gmt":"2026-03-02T15:35:24","guid":{"rendered":"https:\/\/www.encontrajardins.com.br\/av-faria-lima\/rede-accor-aposta-no-brasil-com-dois-novos-hoteis-de-alto-padrao-ate-2029\/"},"modified":"2026-03-02T12:35:24","modified_gmt":"2026-03-02T15:35:24","slug":"rede-accor-aposta-no-brasil-com-dois-novos-hoteis-de-alto-padrao-ate-2029","status":"publish","type":"post","link":"https:\/\/www.encontrajardins.com.br\/av-faria-lima\/rede-accor-aposta-no-brasil-com-dois-novos-hoteis-de-alto-padrao-ate-2029\/","title":{"rendered":"Rede Accor aposta no Brasil com dois novos hot\u00e9is de alto padr\u00e3o at\u00e9 2029"},"content":{"rendered":"<h2>Expans\u00e3o da Accor no Brasil<\/h2>\n<p>A Accor est\u00e1 se preparando para expandir sua presen\u00e7a no Brasil, com a abertura de dois novos hot\u00e9is de luxo at\u00e9 2029. As marcas escolhidas para esta expans\u00e3o s\u00e3o <strong>Sofitel<\/strong>, que ser\u00e1 instalada no <a href=\"https:\/\/guia.melhoresdestinos.com.br\/rio-de-janeiro-4-c.html\">Rio de Janeiro<\/a>, e <strong>Faena<\/strong>, que estar\u00e1 localizada em <a href=\"https:\/\/guia.melhoresdestinos.com.br\/sao-paulo-sp.html\">S\u00e3o Paulo<\/a>. Conhecida principalmente por suas op\u00e7\u00f5es de hospedagem mais acess\u00edveis, como o <a href=\"https:\/\/www.melhoresdestinos.com.br\/ibis-hoteis.html\">Ibis<\/a>, a rede francesa est\u00e1 diversificando suas ofertas e investindo no segmento de luxo.<\/p>\n<h2>Novo Sofitel Ipanema: O Luxo Carioca<\/h2>\n<p>O <strong>Sofitel Ipanema<\/strong> tem previs\u00e3o de inaugura\u00e7\u00e3o para o final de 2026. O hotel ser\u00e1 situado no local onde funcionava o antigo Caesar Park, em uma posi\u00e7\u00e3o privilegiada no famoso bairro de Ipanema. Este empreendimento busca n\u00e3o apenas oferecer uma experi\u00eancia de hospedagem, mas tamb\u00e9m incorporar o estilo e charme do Rio de Janeiro.<\/p>\n<p>Originalmente constru\u00eddo em 1978, o edif\u00edcio passou por um fechamento em 2019 e, desde 2023, est\u00e1 sendo sujeito a uma grande reforma. Essa renova\u00e7\u00e3o, que est\u00e1 sendo realizada pela renomada equipe do escrit\u00f3rio Anastassiadis, moderniza ainda mais o local, mantendo sua ess\u00eancia.<\/p>\n<p><img decoding=\"async\" src=\"https:\/\/www.encontrajardins.com.br\/av-faria-lima\/wp-content\/uploads\/2026\/03\/rede-accor-aposta-no-brasil-com-dois-novos-hoteis-de-alto-padrao-ate-2029.webp\" alt=\"Rede Accor\" loading=\"lazy\" \/><\/p>\n<p>A reforma inclui a revitaliza\u00e7\u00e3o da fachada, a amplia\u00e7\u00e3o das su\u00edtes, e a moderniza\u00e7\u00e3o das \u00e1reas comuns e do rooftop, que promete oferecer vistas espetaculares do <a href=\"https:\/\/guia.melhoresdestinos.com.br\/pedra-do-arpoador-4-6405-l.html\">Arpoador<\/a>, <a href=\"https:\/\/www.melhoresdestinos.com.br\/cristo-redentor-rio-de-janeiro.html\">Cristo Redentor<\/a>, Leblon e Morro Dois Irm\u00e3os.<\/p>\n<p>No 21\u00ba andar, o restaurante <strong>Lasai<\/strong>, com suas duas estrelas Michelin e reconhecido na lista dos 50 melhores do mundo, ir\u00e1 operar sob a chefia do renomado Rafa Costa e Silva. Sua cozinha combina t\u00e9cnicas contempor\u00e2neas a ingredientes locais, prometendo uma experi\u00eancia gastron\u00f4mica \u00fanica.<\/p>\n<p>Ainda n\u00e3o foram revelados os valores das di\u00e1rias, mas considerando o padr\u00e3o e a localiza\u00e7\u00e3o, \u00e9 esperado que fiquem na faixa de R$ 4 mil, variando conforme a temporada.<\/p>\n<h2>Faena Chega ao Brasil em 2029<\/h2>\n<p>A marca <strong>Faena<\/strong> ser\u00e1 a pr\u00f3xima adi\u00e7\u00e3o ao portf\u00f3lio da Accor no Brasil, com inaugura\u00e7\u00e3o prevista para 2029 em <strong>Pinheiros<\/strong>, pr\u00f3ximo \u00e0 famosa Avenida Faria Lima, em S\u00e3o Paulo. Este hotel representar\u00e1 uma fus\u00e3o de experi\u00eancias de hospedagem, arte e design, seguindo a mesma linha de seus empreendimentos em cidades como <a href=\"https:\/\/guia.melhoresdestinos.com.br\/buenos-aires-argentina.html\">Buenos Aires<\/a> e <a href=\"https:\/\/guia.melhoresdestinos.com.br\/miami-71-c.html\">Miami<\/a>.<\/p>\n<p>Projetado para ocupar cerca de 20 mil metros quadrados, o Faena incluir\u00e1 um hotel, um centro cultural e 120 apartamentos residenciais, um conceito que vem se popularizando em grandes centros urbanos.<\/p>\n<p>Em cidades onde j\u00e1 est\u00e1 presente, as di\u00e1rias do Faena podem variar de R$ 3.500, atingindo at\u00e9 R$ 65.000, dependendo do tipo de acomoda\u00e7\u00e3o.<\/p>\n<h2>A Expans\u00e3o do Segmento de Luxo no Brasil<\/h2>\n<p>Os passos dados pela Accor refletem uma tend\u00eancia crescente na hotelaria brasileira. Nos anos recentes, o pa\u00eds viu a entrada de v\u00e1rias marcas internacionais de alta gama, uma resposta \u00e0 demanda crescente por op\u00e7\u00f5es de hospedagem luxuosas e ao aprimoramento do mercado tur\u00edstico.<\/p>\n<p>Um exemplo desse crescimento \u00e9 o <strong>Rosewood<\/strong>, que abriu suas portas em 2022 em S\u00e3o Paulo, destacando-se ao oferecer uma das <a href=\"https:\/\/www.melhoresdestinos.com.br\/melhor-suite-do-mundo-sp.html\">su\u00edtes mais caras do Brasil<\/a>. O ano de 2026 tamb\u00e9m trar\u00e1 novidades, com a inaugura\u00e7\u00e3o de hot\u00e9is da rede Anantara na Bahia e no Cear\u00e1, levando a experi\u00eancia de luxo para as praias do Nordeste.<\/p>\n<h2>O Impacto das Novas Inaugura\u00e7\u00f5es no Turismo<\/h2>\n<p>Com estas novas aberturas, o potencial de crescimento no setor de turismo se torna ainda mais evidente. O aumento na capacidade de recebimento de turistas de alto poder aquisitivo promete n\u00e3o apenas movimentar a economia, mas tamb\u00e9m elevar o padr\u00e3o de servi\u00e7os oferecidos nas mais diversas \u00e1reas do turismo, desde a hospitalidade at\u00e9 a gastronomia.<\/p>\n<p>Assim, a chegada de redes como a Accor n\u00e3o se limita apenas \u00e0 constru\u00e7\u00e3o de hot\u00e9is, mas tamb\u00e9m \u00e0 inova\u00e7\u00e3o e \u00e0 cria\u00e7\u00e3o de novas experi\u00eancias que atraem visitantes internacionais e valorizam o turismo local.<\/p>\n<h2>Sofitel Ipanema: Estilo Franc\u00eas \u00e0 Beira-Mar<\/h2>\n<p>O <strong>Sofitel Ipanema<\/strong> promete ser uma refer\u00eancia na uni\u00e3o do estilo franc\u00eas com o exuberante esp\u00edrito carioca. Localizado em uma das \u00e1reas mais ic\u00f4nicas do Rio de Janeiro, o hotel n\u00e3o apenas oferecer\u00e1 hospedagem de qualidade, mas tamb\u00e9m um espa\u00e7o de viv\u00eancia cultural para h\u00f3spedes e visitantes.<\/p>\n<p>Al\u00e9m da infraestrutura atualizada, o hotel ter\u00e1 servi\u00e7os personalizados que garantem uma experi\u00eancia \u00fanica, seja para quem viaja a neg\u00f3cios ou desfruta de f\u00e9rias. O desafio ser\u00e1 se destacar em um mercado j\u00e1 competitivo, onde excelentes op\u00e7\u00f5es de hospedagem j\u00e1 est\u00e3o dispon\u00edveis.<\/p>\n<h2>O Que Esperar do Hotel Faena em S\u00e3o Paulo<\/h2>\n<p>O <strong>Faena<\/strong> em S\u00e3o Paulo dever\u00e1 seguir a tradi\u00e7\u00e3o das outras unidades em termos de design audacioso e oferta cultural rica. Espera-se que o projeto n\u00e3o apenas defina padr\u00f5es de luxo, mas tamb\u00e9m seja um hub criativo que abrace as artes e a comunidade local.<\/p>\n<p>O espa\u00e7o integrado deve oferecer v\u00e1rias amenidades e op\u00e7\u00f5es de divers\u00e3o, incluindo um centro cultural, que promete ser um espa\u00e7o de intera\u00e7\u00e3o e express\u00e3o art\u00edstica, agregando valor \u00e0 experi\u00eancia do h\u00f3spede.<\/p>\n<h2>A Revolu\u00e7\u00e3o da Hotelaria de Alto Padr\u00e3o<\/h2>\n<p>A vinda de novas marcas de luxo no Brasil \u00e9 apenas o in\u00edcio de um movimento mais amplo. A crescente demanda por experi\u00eancias exclusivas e personalizadas est\u00e1 promovendo a inova\u00e7\u00e3o na hospitalidade, desde melhorias na infraestrutura at\u00e9 servi\u00e7os que priorizam o bem-estar dos clientes.<\/p>\n<p>As redes est\u00e3o sendo desafiadas a se reinventar, proporcionando ambientes que n\u00e3o apenas acomodem, mas tamb\u00e9m encantem seus h\u00f3spedes. Isso inclui desde a decora\u00e7\u00e3o e design dos espa\u00e7os at\u00e9 a oferta de experi\u00eancias \u00fanicas que v\u00e3o al\u00e9m do convencional.<\/p>\n<h2>Tend\u00eancias em Hospedagem de Luxo no Brasil<\/h2>\n<p>Entre as principais tend\u00eancias que marcam o segmento de hospedagem de luxo, destacam-se:<\/p>\n<ul>\n<li><strong>Experi\u00eancias Personalizadas:<\/strong> Os h\u00f3spedes est\u00e3o cada vez mais em busca de experi\u00eancias que atendam suas prefer\u00eancias pessoais.<\/li>\n<li><strong>Sustentabilidade:<\/strong> A preocupa\u00e7\u00e3o ambiental tem sido um foco forte, com hot\u00e9is investindo em pr\u00e1ticas sustent\u00e1veis.<\/li>\n<li><strong>Integra\u00e7\u00e3o Cultural:<\/strong> Hot\u00e9is que incorporam a cultura local nas experi\u00eancias oferecidas, criando um v\u00ednculo entre o h\u00f3spede e o destino.<\/li>\n<\/ul>\n<h2>Experi\u00eancias \u00danicas em Hot\u00e9is de Luxo<\/h2>\n<p>Os hot\u00e9is de alto padr\u00e3o est\u00e3o se destacando ao oferecer experi\u00eancias que v\u00e3o muito al\u00e9m do simples ato de se hospedar. Isso pode incluir desde jantares exclusivos a aulas de culin\u00e1ria com chefs renomados, at\u00e9 passeios privativos por atra\u00e7\u00f5es tur\u00edsticas, enriquecendo a visita dos h\u00f3spedes.<\/p>\n<h2>O Futuro da Hotelaria de Luxo no Brasil<\/h2>\n<p>\u00c0 medida que mais marcas de luxo estabelecem suas opera\u00e7\u00f5es no Brasil, o futuro da hotelaria parece promissor. Espera-se que o setor continue a se expandir, levando em conta a demanda crescente por experi\u00eancias de alta qualidade e servi\u00e7os personalizados.<\/p>\n<p>O desafio para as novas marcas ser\u00e1 entender e se adaptar \u00e0s expectativas do consumidor local, enquanto mant\u00e9m sua identidade e padr\u00f5es internacionais.<\/p>\n<p>Assim, a Accor, ao abrir suas novas unidades, n\u00e3o apenas refor\u00e7a seu compromisso com o mercado brasileiro, mas tamb\u00e9m enriquece a oferta gastron\u00f4mica e cultural, prometendo um leque diversificado de op\u00e7\u00f5es que atraem tanto o turista nacional quanto o internacional.<\/p>\n","protected":false},"excerpt":{"rendered":"<p>Rede Accor traz Sofitel e Faena ao Brasil, elevando o padr\u00e3o de hospedagem.<\/p>\n","protected":false},"author":1,"featured_media":4338,"comment_status":"open","ping_status":"open","sticky":false,"template":"","format":"standard","meta":{"footnotes":""},"categories":[5],"tags":[],"class_list":["post-4339","post","type-post","status-publish","format-standard","has-post-thumbnail","hentry","category-noticias","has_thumb"],"yoast_head":"<!-- This site is optimized with the Yoast SEO plugin v27.4 - https:\/\/yoast.com\/product\/yoast-seo-wordpress\/ -->\n<title>Rede Accor aposta no Brasil com dois novos hot\u00e9is de alto padr\u00e3o at\u00e9 2029 | Guia Comercial Avenida Faria Lima<\/title>\n<meta name=\"robots\" content=\"index, follow, max-snippet:-1, max-image-preview:large, max-video-preview:-1\" \/>\n<link rel=\"canonical\" href=\"https:\/\/www.encontrajardins.com.br\/av-faria-lima\/rede-accor-aposta-no-brasil-com-dois-novos-hoteis-de-alto-padrao-ate-2029\/\" \/>\n<meta property=\"og:locale\" content=\"pt_BR\" \/>\n<meta property=\"og:type\" content=\"article\" \/>\n<meta property=\"og:title\" content=\"Rede Accor aposta no Brasil com dois novos hot\u00e9is de alto padr\u00e3o at\u00e9 2029 | Guia Comercial Avenida Faria Lima\" \/>\n<meta property=\"og:description\" content=\"Rede Accor traz Sofitel e Faena ao Brasil, elevando o padr\u00e3o de hospedagem.\" \/>\n<meta property=\"og:url\" content=\"https:\/\/www.encontrajardins.com.br\/av-faria-lima\/rede-accor-aposta-no-brasil-com-dois-novos-hoteis-de-alto-padrao-ate-2029\/\" \/>\n<meta property=\"og:site_name\" content=\"Guia Comercial Avenida Faria Lima\" \/>\n<meta property=\"article:published_time\" content=\"2026-03-02T15:35:24+00:00\" \/>\n<meta property=\"og:image\" content=\"https:\/\/www.encontrajardins.com.br\/av-faria-lima\/wp-content\/uploads\/2026\/03\/rede-accor-aposta-no-brasil-com-dois-novos-hoteis-de-alto-padrao-ate-2029.webp\" \/>\n<meta name=\"author\" content=\"Encontra Avenida Faria Lima\" \/>\n<meta name=\"twitter:card\" content=\"summary_large_image\" \/>\n<meta name=\"twitter:label1\" content=\"Escrito por\" \/>\n\t<meta name=\"twitter:data1\" content=\"Encontra Avenida Faria Lima\" \/>\n\t<meta name=\"twitter:label2\" content=\"Est. tempo de leitura\" \/>\n\t<meta name=\"twitter:data2\" content=\"6 minutos\" \/>\n<script type=\"application\/ld+json\" class=\"yoast-schema-graph\">{\"@context\":\"https:\\\/\\\/schema.org\",\"@graph\":[{\"@type\":\"Article\",\"@id\":\"https:\\\/\\\/www.encontrajardins.com.br\\\/av-faria-lima\\\/rede-accor-aposta-no-brasil-com-dois-novos-hoteis-de-alto-padrao-ate-2029\\\/#article\",\"isPartOf\":{\"@id\":\"https:\\\/\\\/www.encontrajardins.com.br\\\/av-faria-lima\\\/rede-accor-aposta-no-brasil-com-dois-novos-hoteis-de-alto-padrao-ate-2029\\\/\"},\"author\":{\"name\":\"Encontra Avenida Faria Lima\",\"@id\":\"https:\\\/\\\/www.encontrajardins.com.br\\\/av-faria-lima\\\/#\\\/schema\\\/person\\\/79badd2a12b75d685ad41dac082e5111\"},\"headline\":\"Rede Accor aposta no Brasil com dois novos hot\u00e9is de alto padr\u00e3o at\u00e9 2029\",\"datePublished\":\"2026-03-02T15:35:24+00:00\",\"mainEntityOfPage\":{\"@id\":\"https:\\\/\\\/www.encontrajardins.com.br\\\/av-faria-lima\\\/rede-accor-aposta-no-brasil-com-dois-novos-hoteis-de-alto-padrao-ate-2029\\\/\"},\"wordCount\":1250,\"commentCount\":0,\"image\":{\"@id\":\"https:\\\/\\\/www.encontrajardins.com.br\\\/av-faria-lima\\\/rede-accor-aposta-no-brasil-com-dois-novos-hoteis-de-alto-padrao-ate-2029\\\/#primaryimage\"},\"thumbnailUrl\":\"https:\\\/\\\/www.encontrajardins.com.br\\\/av-faria-lima\\\/wp-content\\\/uploads\\\/2026\\\/03\\\/rede-accor-aposta-no-brasil-com-dois-novos-hoteis-de-alto-padrao-ate-2029.webp\",\"articleSection\":[\"Not\u00edcias Avenida Faria Lima\"],\"inLanguage\":\"pt-BR\",\"potentialAction\":[{\"@type\":\"CommentAction\",\"name\":\"Comment\",\"target\":[\"https:\\\/\\\/www.encontrajardins.com.br\\\/av-faria-lima\\\/rede-accor-aposta-no-brasil-com-dois-novos-hoteis-de-alto-padrao-ate-2029\\\/#respond\"]}]},{\"@type\":\"WebPage\",\"@id\":\"https:\\\/\\\/www.encontrajardins.com.br\\\/av-faria-lima\\\/rede-accor-aposta-no-brasil-com-dois-novos-hoteis-de-alto-padrao-ate-2029\\\/\",\"url\":\"https:\\\/\\\/www.encontrajardins.com.br\\\/av-faria-lima\\\/rede-accor-aposta-no-brasil-com-dois-novos-hoteis-de-alto-padrao-ate-2029\\\/\",\"name\":\"Rede Accor aposta no Brasil com dois novos hot\u00e9is de alto padr\u00e3o at\u00e9 2029 | Guia Comercial Avenida Faria Lima\",\"isPartOf\":{\"@id\":\"https:\\\/\\\/www.encontrajardins.com.br\\\/av-faria-lima\\\/#website\"},\"primaryImageOfPage\":{\"@id\":\"https:\\\/\\\/www.encontrajardins.com.br\\\/av-faria-lima\\\/rede-accor-aposta-no-brasil-com-dois-novos-hoteis-de-alto-padrao-ate-2029\\\/#primaryimage\"},\"image\":{\"@id\":\"https:\\\/\\\/www.encontrajardins.com.br\\\/av-faria-lima\\\/rede-accor-aposta-no-brasil-com-dois-novos-hoteis-de-alto-padrao-ate-2029\\\/#primaryimage\"},\"thumbnailUrl\":\"https:\\\/\\\/www.encontrajardins.com.br\\\/av-faria-lima\\\/wp-content\\\/uploads\\\/2026\\\/03\\\/rede-accor-aposta-no-brasil-com-dois-novos-hoteis-de-alto-padrao-ate-2029.webp\",\"datePublished\":\"2026-03-02T15:35:24+00:00\",\"author\":{\"@id\":\"https:\\\/\\\/www.encontrajardins.com.br\\\/av-faria-lima\\\/#\\\/schema\\\/person\\\/79badd2a12b75d685ad41dac082e5111\"},\"inLanguage\":\"pt-BR\",\"potentialAction\":[{\"@type\":\"ReadAction\",\"target\":[\"https:\\\/\\\/www.encontrajardins.com.br\\\/av-faria-lima\\\/rede-accor-aposta-no-brasil-com-dois-novos-hoteis-de-alto-padrao-ate-2029\\\/\"]}]},{\"@type\":\"ImageObject\",\"inLanguage\":\"pt-BR\",\"@id\":\"https:\\\/\\\/www.encontrajardins.com.br\\\/av-faria-lima\\\/rede-accor-aposta-no-brasil-com-dois-novos-hoteis-de-alto-padrao-ate-2029\\\/#primaryimage\",\"url\":\"https:\\\/\\\/www.encontrajardins.com.br\\\/av-faria-lima\\\/wp-content\\\/uploads\\\/2026\\\/03\\\/rede-accor-aposta-no-brasil-com-dois-novos-hoteis-de-alto-padrao-ate-2029.webp\",\"contentUrl\":\"https:\\\/\\\/www.encontrajardins.com.br\\\/av-faria-lima\\\/wp-content\\\/uploads\\\/2026\\\/03\\\/rede-accor-aposta-no-brasil-com-dois-novos-hoteis-de-alto-padrao-ate-2029.webp\",\"width\":280,\"height\":280,\"caption\":\"Rede Accor\"},{\"@type\":\"WebSite\",\"@id\":\"https:\\\/\\\/www.encontrajardins.com.br\\\/av-faria-lima\\\/#website\",\"url\":\"https:\\\/\\\/www.encontrajardins.com.br\\\/av-faria-lima\\\/\",\"name\":\"Guia Comercial Avenida Faria Lima\",\"description\":\"ENCONTRA AVENIDA FARIA LIMA - O guia comercial de neg\u00f3cios e empresas, cultura e divers\u00e3o na Avenida Faria Lima. Feito 100% para voc\u00ea morador!\",\"potentialAction\":[{\"@type\":\"SearchAction\",\"target\":{\"@type\":\"EntryPoint\",\"urlTemplate\":\"https:\\\/\\\/www.encontrajardins.com.br\\\/av-faria-lima\\\/?s={search_term_string}\"},\"query-input\":{\"@type\":\"PropertyValueSpecification\",\"valueRequired\":true,\"valueName\":\"search_term_string\"}}],\"inLanguage\":\"pt-BR\"},{\"@type\":\"Person\",\"@id\":\"https:\\\/\\\/www.encontrajardins.com.br\\\/av-faria-lima\\\/#\\\/schema\\\/person\\\/79badd2a12b75d685ad41dac082e5111\",\"name\":\"Encontra Avenida Faria Lima\",\"image\":{\"@type\":\"ImageObject\",\"inLanguage\":\"pt-BR\",\"@id\":\"https:\\\/\\\/www.encontrajardins.com.br\\\/av-faria-lima\\\/wp-content\\\/litespeed\\\/avatar\\\/e92a756db1fc224ef50d2f00ed0d047a.jpg?ver=1776988651\",\"url\":\"https:\\\/\\\/www.encontrajardins.com.br\\\/av-faria-lima\\\/wp-content\\\/litespeed\\\/avatar\\\/e92a756db1fc224ef50d2f00ed0d047a.jpg?ver=1776988651\",\"contentUrl\":\"https:\\\/\\\/www.encontrajardins.com.br\\\/av-faria-lima\\\/wp-content\\\/litespeed\\\/avatar\\\/e92a756db1fc224ef50d2f00ed0d047a.jpg?ver=1776988651\",\"caption\":\"Encontra Avenida Faria Lima\"},\"url\":\"https:\\\/\\\/www.encontrajardins.com.br\\\/av-faria-lima\\\/author\\\/av-faria-lima\\\/\"}]}<\/script>\n<!-- \/ Yoast SEO plugin. -->","yoast_head_json":{"title":"Rede Accor aposta no Brasil com dois novos hot\u00e9is de alto padr\u00e3o at\u00e9 2029 | Guia Comercial Avenida Faria Lima","robots":{"index":"index","follow":"follow","max-snippet":"max-snippet:-1","max-image-preview":"max-image-preview:large","max-video-preview":"max-video-preview:-1"},"canonical":"https:\/\/www.encontrajardins.com.br\/av-faria-lima\/rede-accor-aposta-no-brasil-com-dois-novos-hoteis-de-alto-padrao-ate-2029\/","og_locale":"pt_BR","og_type":"article","og_title":"Rede Accor aposta no Brasil com dois novos hot\u00e9is de alto padr\u00e3o at\u00e9 2029 | Guia Comercial Avenida Faria Lima","og_description":"Rede Accor traz Sofitel e Faena ao Brasil, elevando o padr\u00e3o de hospedagem.","og_url":"https:\/\/www.encontrajardins.com.br\/av-faria-lima\/rede-accor-aposta-no-brasil-com-dois-novos-hoteis-de-alto-padrao-ate-2029\/","og_site_name":"Guia Comercial Avenida Faria Lima","article_published_time":"2026-03-02T15:35:24+00:00","og_image":[{"url":"https:\/\/www.encontrajardins.com.br\/av-faria-lima\/wp-content\/uploads\/2026\/03\/rede-accor-aposta-no-brasil-com-dois-novos-hoteis-de-alto-padrao-ate-2029.webp","type":"","width":"","height":""}],"author":"Encontra Avenida Faria Lima","twitter_card":"summary_large_image","twitter_misc":{"Escrito por":"Encontra Avenida Faria Lima","Est. tempo de leitura":"6 minutos"},"schema":{"@context":"https:\/\/schema.org","@graph":[{"@type":"Article","@id":"https:\/\/www.encontrajardins.com.br\/av-faria-lima\/rede-accor-aposta-no-brasil-com-dois-novos-hoteis-de-alto-padrao-ate-2029\/#article","isPartOf":{"@id":"https:\/\/www.encontrajardins.com.br\/av-faria-lima\/rede-accor-aposta-no-brasil-com-dois-novos-hoteis-de-alto-padrao-ate-2029\/"},"author":{"name":"Encontra Avenida Faria Lima","@id":"https:\/\/www.encontrajardins.com.br\/av-faria-lima\/#\/schema\/person\/79badd2a12b75d685ad41dac082e5111"},"headline":"Rede Accor aposta no Brasil com dois novos hot\u00e9is de alto padr\u00e3o at\u00e9 2029","datePublished":"2026-03-02T15:35:24+00:00","mainEntityOfPage":{"@id":"https:\/\/www.encontrajardins.com.br\/av-faria-lima\/rede-accor-aposta-no-brasil-com-dois-novos-hoteis-de-alto-padrao-ate-2029\/"},"wordCount":1250,"commentCount":0,"image":{"@id":"https:\/\/www.encontrajardins.com.br\/av-faria-lima\/rede-accor-aposta-no-brasil-com-dois-novos-hoteis-de-alto-padrao-ate-2029\/#primaryimage"},"thumbnailUrl":"https:\/\/www.encontrajardins.com.br\/av-faria-lima\/wp-content\/uploads\/2026\/03\/rede-accor-aposta-no-brasil-com-dois-novos-hoteis-de-alto-padrao-ate-2029.webp","articleSection":["Not\u00edcias Avenida Faria Lima"],"inLanguage":"pt-BR","potentialAction":[{"@type":"CommentAction","name":"Comment","target":["https:\/\/www.encontrajardins.com.br\/av-faria-lima\/rede-accor-aposta-no-brasil-com-dois-novos-hoteis-de-alto-padrao-ate-2029\/#respond"]}]},{"@type":"WebPage","@id":"https:\/\/www.encontrajardins.com.br\/av-faria-lima\/rede-accor-aposta-no-brasil-com-dois-novos-hoteis-de-alto-padrao-ate-2029\/","url":"https:\/\/www.encontrajardins.com.br\/av-faria-lima\/rede-accor-aposta-no-brasil-com-dois-novos-hoteis-de-alto-padrao-ate-2029\/","name":"Rede Accor aposta no Brasil com dois novos hot\u00e9is de alto padr\u00e3o at\u00e9 2029 | Guia Comercial Avenida Faria Lima","isPartOf":{"@id":"https:\/\/www.encontrajardins.com.br\/av-faria-lima\/#website"},"primaryImageOfPage":{"@id":"https:\/\/www.encontrajardins.com.br\/av-faria-lima\/rede-accor-aposta-no-brasil-com-dois-novos-hoteis-de-alto-padrao-ate-2029\/#primaryimage"},"image":{"@id":"https:\/\/www.encontrajardins.com.br\/av-faria-lima\/rede-accor-aposta-no-brasil-com-dois-novos-hoteis-de-alto-padrao-ate-2029\/#primaryimage"},"thumbnailUrl":"https:\/\/www.encontrajardins.com.br\/av-faria-lima\/wp-content\/uploads\/2026\/03\/rede-accor-aposta-no-brasil-com-dois-novos-hoteis-de-alto-padrao-ate-2029.webp","datePublished":"2026-03-02T15:35:24+00:00","author":{"@id":"https:\/\/www.encontrajardins.com.br\/av-faria-lima\/#\/schema\/person\/79badd2a12b75d685ad41dac082e5111"},"inLanguage":"pt-BR","potentialAction":[{"@type":"ReadAction","target":["https:\/\/www.encontrajardins.com.br\/av-faria-lima\/rede-accor-aposta-no-brasil-com-dois-novos-hoteis-de-alto-padrao-ate-2029\/"]}]},{"@type":"ImageObject","inLanguage":"pt-BR","@id":"https:\/\/www.encontrajardins.com.br\/av-faria-lima\/rede-accor-aposta-no-brasil-com-dois-novos-hoteis-de-alto-padrao-ate-2029\/#primaryimage","url":"https:\/\/www.encontrajardins.com.br\/av-faria-lima\/wp-content\/uploads\/2026\/03\/rede-accor-aposta-no-brasil-com-dois-novos-hoteis-de-alto-padrao-ate-2029.webp","contentUrl":"https:\/\/www.encontrajardins.com.br\/av-faria-lima\/wp-content\/uploads\/2026\/03\/rede-accor-aposta-no-brasil-com-dois-novos-hoteis-de-alto-padrao-ate-2029.webp","width":280,"height":280,"caption":"Rede Accor"},{"@type":"WebSite","@id":"https:\/\/www.encontrajardins.com.br\/av-faria-lima\/#website","url":"https:\/\/www.encontrajardins.com.br\/av-faria-lima\/","name":"Guia Comercial Avenida Faria Lima","description":"ENCONTRA AVENIDA FARIA LIMA - O guia comercial de neg\u00f3cios e empresas, cultura e divers\u00e3o na Avenida Faria Lima. Feito 100% para voc\u00ea morador!","potentialAction":[{"@type":"SearchAction","target":{"@type":"EntryPoint","urlTemplate":"https:\/\/www.encontrajardins.com.br\/av-faria-lima\/?s={search_term_string}"},"query-input":{"@type":"PropertyValueSpecification","valueRequired":true,"valueName":"search_term_string"}}],"inLanguage":"pt-BR"},{"@type":"Person","@id":"https:\/\/www.encontrajardins.com.br\/av-faria-lima\/#\/schema\/person\/79badd2a12b75d685ad41dac082e5111","name":"Encontra Avenida Faria Lima","image":{"@type":"ImageObject","inLanguage":"pt-BR","@id":"https:\/\/www.encontrajardins.com.br\/av-faria-lima\/wp-content\/litespeed\/avatar\/e92a756db1fc224ef50d2f00ed0d047a.jpg?ver=1776988651","url":"https:\/\/www.encontrajardins.com.br\/av-faria-lima\/wp-content\/litespeed\/avatar\/e92a756db1fc224ef50d2f00ed0d047a.jpg?ver=1776988651","contentUrl":"https:\/\/www.encontrajardins.com.br\/av-faria-lima\/wp-content\/litespeed\/avatar\/e92a756db1fc224ef50d2f00ed0d047a.jpg?ver=1776988651","caption":"Encontra Avenida Faria Lima"},"url":"https:\/\/www.encontrajardins.com.br\/av-faria-lima\/author\/av-faria-lima\/"}]}},"_links":{"self":[{"href":"https:\/\/www.encontrajardins.com.br\/av-faria-lima\/wp-json\/wp\/v2\/posts\/4339","targetHints":{"allow":["GET"]}}],"collection":[{"href":"https:\/\/www.encontrajardins.com.br\/av-faria-lima\/wp-json\/wp\/v2\/posts"}],"about":[{"href":"https:\/\/www.encontrajardins.com.br\/av-faria-lima\/wp-json\/wp\/v2\/types\/post"}],"author":[{"embeddable":true,"href":"https:\/\/www.encontrajardins.com.br\/av-faria-lima\/wp-json\/wp\/v2\/users\/1"}],"replies":[{"embeddable":true,"href":"https:\/\/www.encontrajardins.com.br\/av-faria-lima\/wp-json\/wp\/v2\/comments?post=4339"}],"version-history":[{"count":0,"href":"https:\/\/www.encontrajardins.com.br\/av-faria-lima\/wp-json\/wp\/v2\/posts\/4339\/revisions"}],"wp:featuredmedia":[{"embeddable":true,"href":"https:\/\/www.encontrajardins.com.br\/av-faria-lima\/wp-json\/wp\/v2\/media\/4338"}],"wp:attachment":[{"href":"https:\/\/www.encontrajardins.com.br\/av-faria-lima\/wp-json\/wp\/v2\/media?parent=4339"}],"wp:term":[{"taxonomy":"category","embeddable":true,"href":"https:\/\/www.encontrajardins.com.br\/av-faria-lima\/wp-json\/wp\/v2\/categories?post=4339"},{"taxonomy":"post_tag","embeddable":true,"href":"https:\/\/www.encontrajardins.com.br\/av-faria-lima\/wp-json\/wp\/v2\/tags?post=4339"}],"curies":[{"name":"wp","href":"https:\/\/api.w.org\/{rel}","templated":true}]}}