{"id":4357,"date":"2026-03-06T12:34:50","date_gmt":"2026-03-06T15:34:50","guid":{"rendered":"https:\/\/www.encontrajardins.com.br\/av-faria-lima\/folclorica-casa-em-formato-de-bola-na-faria-lima-agora-aberta-ao-publico-nunca-foi-levada-a-serio-diz-arquiteto\/"},"modified":"2026-03-06T12:34:50","modified_gmt":"2026-03-06T15:34:50","slug":"folclorica-casa-em-formato-de-bola-na-faria-lima-agora-aberta-ao-publico-nunca-foi-levada-a-serio-diz-arquiteto","status":"publish","type":"post","link":"https:\/\/www.encontrajardins.com.br\/av-faria-lima\/folclorica-casa-em-formato-de-bola-na-faria-lima-agora-aberta-ao-publico-nunca-foi-levada-a-serio-diz-arquiteto\/","title":{"rendered":"\u2018Folcl\u00f3rica\u2019 casa em formato de bola na Faria Lima, agora aberta ao p\u00fablico, nunca foi levada a s\u00e9rio, diz arquiteto"},"content":{"rendered":"<h2>Hist\u00f3ria da Casa Bola<\/h2>\n<p>A Casa Bola, projetada pelo arquiteto <strong>Eduardo Longo<\/strong>, \u00e9 um \u00edcone arquitet\u00f4nico que remete \u00e0 d\u00e9cada de 80. Localizada em S\u00e3o Paulo, essa estrutura esf\u00e9rica e met\u00e1lica de 8 metros de di\u00e2metro rapidamente despertou a curiosidade de artistas e arquitetos da \u00e9poca. O artista <strong>Luiz Zerbini<\/strong>, durante uma de suas caminhadas, teve a oportunidade de conhecer a casa e, acompanhado do amigo <strong>Leonilson<\/strong>, decidiu tocar a campainha para explorar o que havia por tr\u00e1s daquela apar\u00eancia t\u00e3o singular.<\/p>\n<p>Naquele dia, os artistas foram recebidos pelo pr\u00f3prio Eduardo Longo, que os conduziu por um tour inusitado em sua resid\u00eancia. Cada espa\u00e7o da casa apresentava uma forma arredondada, refletindo a vis\u00e3o inovadora de Longo. No entanto, o verdadeiro reconhecimento da relev\u00e2ncia do arquiteto e de sua obra n\u00e3o aconteceu imediatamente; a maioria s\u00f3 percebeu a import\u00e2ncia da Casa Bola anos depois, considerando seu design completamente \u00e0 frente de seu tempo.<\/p>\n<h2>Eduardo Longo: O Arquiteto Vision\u00e1rio<\/h2>\n<p>Eduardo Longo \u00e9 frequentemente descrito como um arquiteto sem mestres ou disc\u00edpulos, e esse fator o torna uma figura \u00fanica na arquitetura brasileira. Segundo <strong>Fernando Serapi\u00e3o<\/strong>, cr\u00edtico de arquitetura, a abordagem de Longo \u00e9 essencialmente experimental e disruptiva. Sua ideia de criar habita\u00e7\u00f5es modulares, utilizando esferas como unidades construtivas, se destaca em seu portf\u00f3lio, embora essa ambi\u00e7\u00e3o nunca tenha sido concretizada.<\/p>\n<p><img decoding=\"async\" src=\"https:\/\/www.encontrajardins.com.br\/av-faria-lima\/wp-content\/uploads\/2026\/03\/folclorica-casa-em-formato-de-bola-na-faria-lima-agora-aberta-ao-publico-nunca-foi-levada-a-serio-di.webp\" alt=\"Casa Bola\" loading=\"lazy\" \/><\/p>\n<p>Longo \u00e9 reconhecido como um ponto de refer\u00eancia na evolu\u00e7\u00e3o da arquitetura contempor\u00e2nea e no movimento de arte, especialmente na mostra Aberto, que celebra a intersec\u00e7\u00e3o entre arquitetura e artes visuais. Essa mostra j\u00e1 contou com obras de arquitetos renomados, como <strong>Oscar Niemeyer<\/strong> e <strong>Vilanova Artigas<\/strong>. Sua abordagem n\u00e3o convencional desafia as normas do design e convida o p\u00fablico a uma reflex\u00e3o profunda sobre a est\u00e9tica e a funcionalidade dos espa\u00e7os.<\/p>\n<h2>Abertura ao P\u00fablico: O Que Esperar<\/h2>\n<p>A Casa Bola foi recentemente aberta ao p\u00fablico como parte da mostra de arte Aberto, inaugurada em 7 de mar\u00e7o de 2026. Esta edi\u00e7\u00e3o da mostra \u00e9 especialmente significativa, pois marca a primeira vez que uma exposi\u00e7\u00e3o t\u00e3o importante se concentra em um arquiteto vivo. O evento busca integrar a narrativa da Casa Bola no discurso contempor\u00e2neo da arte, criando um espa\u00e7o onde as formas esf\u00e9ricas da estrutura se refletem na arte exposta.<\/p>\n<p>Os visitantes podem esperar uma experi\u00eancia \u00fanica ao explorar a casa, que foi adaptada para acolher um maior n\u00famero de obras, aumentando sua capacidade de exibi\u00e7\u00e3o consideravelmente. Diferente de edi\u00e7\u00f5es anteriores que ocupavam espa\u00e7os maiores, a curadoria de agora visa maximizar o impacto dentro das limita\u00e7\u00f5es de 100 metros quadrados.<\/p>\n<h2>Impacto Cultural da Casa Bola<\/h2>\n<p>A Casa Bola n\u00e3o \u00e9 apenas uma estrutura apropriada para exposi\u00e7\u00e3o, mas um componente essencial do di\u00e1logo cultural que envolve a arte e a arquitetura. Este espa\u00e7o, que antes era visto com certo ceticismo, agora representa uma conversa vibrante entre artistas contempor\u00e2neos e uma obra que redefiniu a percep\u00e7\u00e3o est\u00e9tica em S\u00e3o Paulo.<\/p>\n<p>Um dos objetivos da mostra \u00e9 mudar a maneira como a arquitetura moderna \u00e9 percebida, especialmente a arquitetura n\u00e3o convencional. Eduardo Longo expressou o desejo de que a exposi\u00e7\u00e3o modifique a imagem da Casa Bola, que muitas vezes \u00e9 vista como folcl\u00f3rica e n\u00e3o levada a s\u00e9rio no meio art\u00edstico.<\/p>\n<h2>Arquitetura e Artes Visuais em Di\u00e1logo<\/h2>\n<p>A intera\u00e7\u00e3o entre a arquitetura da Casa Bola e as obras expostas na mostra Aberto ilustra a inten\u00e7\u00e3o de criar um espa\u00e7o de reflex\u00e3o onde a funcionalidade e a arte se entrela\u00e7am. Longo tem se esfor\u00e7ado para garantir que a arquitetura n\u00e3o apenas abrace a arte, mas que tamb\u00e9m potencialize a experi\u00eancia dos visitantes, permitindo que eles percebam o ambiente como parte integrante das obras.<\/p>\n<p>A curadoria escolhida, que inclui nomes como <strong>Claudia Moreira Salles<\/strong> e <strong>Kiki Mazzucchelli<\/strong>, reflete uma vis\u00e3o de coes\u00e3o entre as formas e ideias, estabelecendo um di\u00e1logo entre o inusitado da arquitetura de Longo e a diversidade do trabalho art\u00edstico contempor\u00e2neo.<\/p>\n<h2>O Design Inovador da Estrutura Esf\u00e9rica<\/h2>\n<p>O formato esf\u00e9rico da Casa Bola fornece uma experi\u00eancia arquitet\u00f4nica \u00fanica. A estrutura integra elementos como escadas estreitas, janelas que seguem as curvaturas e at\u00e9 uma sa\u00edda inusitada via escorregador, criando um espa\u00e7o l\u00fadico e ao mesmo tempo contemplativo. Os visitantes s\u00e3o convidados a passar por um percurso que desafia n\u00e3o apenas a percep\u00e7\u00e3o visual, mas tamb\u00e9m a corporeidade ao navegar pelos diferentes n\u00edveis da casa.<\/p>\n<p>Outro aspecto interessante da constru\u00e7\u00e3o \u00e9 a escolha de materiais e a disposi\u00e7\u00e3o dos ambientes, que s\u00e3o pensados para maximizar a luminosidade e criar uma atmosfera acolhedora. A proposta de Longo busca surpreender e interagir de maneira \u00fanica com as emo\u00e7\u00f5es do p\u00fablico.<\/p>\n<h2>Experi\u00eancias de Visita\u00e7\u00e3o na Casa Bola<\/h2>\n<p>A experi\u00eancia de visitar a Casa Bola \u00e9 enriquecida pela curadoria que optou por n\u00e3o expor obras de arte permanentes dentro da casa. O foco se volta, assim, para o esp\u00edrito inventivo e criativo de Eduardo Longo, manifestado em cada detalhe da estrutura, desde as lumin\u00e1rias com formas humanas at\u00e9 a instala\u00e7\u00e3o curiosa do vaso de plantas, que possui um guarda-chuva para controlar a incid\u00eancia do sol.<\/p>\n<p>Este enfoque inusitado torna a visita ao espa\u00e7o n\u00e3o apenas uma jornada atrav\u00e9s da arte, mas tamb\u00e9m um passeio pela mente criativa do arquiteto. Os visitantes s\u00e3o encorajados a absorver n\u00e3o apenas as obras em exibi\u00e7\u00e3o, mas tamb\u00e9m as nuances do projeto arquitet\u00f4nico que acolhe essa arte.<\/p>\n<h2>A Mostra de Arte Aberto: O Que Est\u00e1 em Exibi\u00e7\u00e3o<\/h2>\n<p>Na mostra Aberto, a Casa Bola abriga cerca de 60 trabalhos que discutem a rela\u00e7\u00e3o entre a arquitetura e as artes visuais. As obras refletem uma diversidade de estilos, com destaque para a arte pop e obras de artistas como <strong>Rubens Gerchman<\/strong> e <strong>Claudio Tozzi<\/strong>, que adicionam um novo car\u00e1ter \u00e0 exposi\u00e7\u00e3o.<\/p>\n<p>Essa edi\u00e7\u00e3o da Aberto busca ser inclusiva e, por isso, a curadoria optou por uma ampla sele\u00e7\u00e3o de artistas, incluindo <strong>Adriano Costa<\/strong>, <strong>Vivian Caccuri<\/strong>, <strong>Luiz Zerbini<\/strong>, e o coletivo <strong>Opavivar\u00e1!<\/strong>. Essa diversidade de vozes e vis\u00f5es enriquece a discuss\u00e3o em torno da Casa, permitindo que os visitantes experimentem uma variedade de abordagens e interpreta\u00e7\u00f5es sobre a arquitetura e a arte.<\/p>\n<h2>Papel da Casa Bola na Hist\u00f3ria da Arquitetura<\/h2>\n<p>A Casa Bola ocupa um espa\u00e7o significativo na narrativa da arquitetura moderna no Brasil, representando um desvio das tradi\u00e7\u00f5es convencionais e introduzindo novas vis\u00f5es est\u00e9ticas. Atrav\u00e9s do trabalho de Eduardo Longo, o edif\u00edcio n\u00e3o apenas desafia as normas existentes, mas tamb\u00e9m inspira novas abordagens e di\u00e1logos, tanto na arquitetura quanto nas artes visuais.<\/p>\n<p>O impacto da Casa Bola e de Longo na arquitetura contempor\u00e2nea \u00e9 palp\u00e1vel, servindo de refer\u00eancia para novas gera\u00e7\u00f5es de arquitetos e artistas. A reabertura ao p\u00fablico e a sua inclus\u00e3o em uma mostra de arte s\u00e3o passos importantes para solidificar sua posi\u00e7\u00e3o como um \u00edcone cultural.<\/p>\n<h2>Reflex\u00f5es sobre a Aceita\u00e7\u00e3o da Arquitetura Moderna<\/h2>\n<p>Longo expressou seu desejo de que a Casa Bola seja vista sob uma nova luz, como um projeto s\u00e9rio e inovador, n\u00e3o apenas como uma curiosidade. Sua luta para ser reconhecido mais amplamente \u00e9 emblem\u00e1tica do desafio que muitos arquitetos n\u00e3o convencionais enfrentam na busca por aceita\u00e7\u00e3o dentro da comunidade art\u00edstica.<\/p>\n<p>Por meio da mostra Aberto, Longo espera que o p\u00fablico possa apreciar sua vis\u00e3o e a riqueza de experi\u00eancias que a Casa proporciona. Ele deseja que, no futuro, seu trabalho seja considerado um legado. Enquanto isso, a Casa Bola permanece um espa\u00e7o de experimenta\u00e7\u00e3o e um convite \u00e0 reflex\u00e3o sobre a pr\u00f3pria ess\u00eancia da arquitetura e da arte.<\/p>\n","protected":false},"excerpt":{"rendered":"<p>Casa Bola na Faria Lima: um marco arquitet\u00f4nico inovador agora aberto ao p\u00fablico!<\/p>\n","protected":false},"author":1,"featured_media":4356,"comment_status":"open","ping_status":"open","sticky":false,"template":"","format":"standard","meta":{"footnotes":""},"categories":[5],"tags":[],"class_list":["post-4357","post","type-post","status-publish","format-standard","has-post-thumbnail","hentry","category-noticias","has_thumb"],"yoast_head":"<!-- This site is optimized with the Yoast SEO plugin v27.4 - https:\/\/yoast.com\/product\/yoast-seo-wordpress\/ -->\n<title>\u2018Folcl\u00f3rica\u2019 casa em formato de bola na Faria Lima, agora aberta ao p\u00fablico, nunca foi levada a s\u00e9rio, diz arquiteto | Guia Comercial Avenida Faria Lima<\/title>\n<meta name=\"robots\" content=\"index, follow, max-snippet:-1, max-image-preview:large, max-video-preview:-1\" \/>\n<link rel=\"canonical\" href=\"https:\/\/www.encontrajardins.com.br\/av-faria-lima\/folclorica-casa-em-formato-de-bola-na-faria-lima-agora-aberta-ao-publico-nunca-foi-levada-a-serio-diz-arquiteto\/\" \/>\n<meta property=\"og:locale\" content=\"pt_BR\" \/>\n<meta property=\"og:type\" content=\"article\" \/>\n<meta property=\"og:title\" content=\"\u2018Folcl\u00f3rica\u2019 casa em formato de bola na Faria Lima, agora aberta ao p\u00fablico, nunca foi levada a s\u00e9rio, diz arquiteto | Guia Comercial Avenida Faria Lima\" \/>\n<meta property=\"og:description\" content=\"Casa Bola na Faria Lima: um marco arquitet\u00f4nico inovador agora aberto ao p\u00fablico!\" \/>\n<meta property=\"og:url\" content=\"https:\/\/www.encontrajardins.com.br\/av-faria-lima\/folclorica-casa-em-formato-de-bola-na-faria-lima-agora-aberta-ao-publico-nunca-foi-levada-a-serio-diz-arquiteto\/\" \/>\n<meta property=\"og:site_name\" content=\"Guia Comercial Avenida Faria Lima\" \/>\n<meta property=\"article:published_time\" content=\"2026-03-06T15:34:50+00:00\" \/>\n<meta property=\"og:image\" content=\"https:\/\/www.encontrajardins.com.br\/av-faria-lima\/wp-content\/uploads\/2026\/03\/folclorica-casa-em-formato-de-bola-na-faria-lima-agora-aberta-ao-publico-nunca-foi-levada-a-serio-di.webp\" \/>\n<meta name=\"author\" content=\"Encontra Avenida Faria Lima\" \/>\n<meta name=\"twitter:card\" content=\"summary_large_image\" \/>\n<meta name=\"twitter:label1\" content=\"Escrito por\" \/>\n\t<meta name=\"twitter:data1\" content=\"Encontra Avenida Faria Lima\" \/>\n\t<meta name=\"twitter:label2\" content=\"Est. tempo de leitura\" \/>\n\t<meta name=\"twitter:data2\" content=\"7 minutos\" \/>\n<script type=\"application\/ld+json\" class=\"yoast-schema-graph\">{\"@context\":\"https:\\\/\\\/schema.org\",\"@graph\":[{\"@type\":\"Article\",\"@id\":\"https:\\\/\\\/www.encontrajardins.com.br\\\/av-faria-lima\\\/folclorica-casa-em-formato-de-bola-na-faria-lima-agora-aberta-ao-publico-nunca-foi-levada-a-serio-diz-arquiteto\\\/#article\",\"isPartOf\":{\"@id\":\"https:\\\/\\\/www.encontrajardins.com.br\\\/av-faria-lima\\\/folclorica-casa-em-formato-de-bola-na-faria-lima-agora-aberta-ao-publico-nunca-foi-levada-a-serio-diz-arquiteto\\\/\"},\"author\":{\"name\":\"Encontra Avenida Faria Lima\",\"@id\":\"https:\\\/\\\/www.encontrajardins.com.br\\\/av-faria-lima\\\/#\\\/schema\\\/person\\\/79badd2a12b75d685ad41dac082e5111\"},\"headline\":\"\u2018Folcl\u00f3rica\u2019 casa em formato de bola na Faria Lima, agora aberta ao p\u00fablico, nunca foi levada a s\u00e9rio, diz arquiteto\",\"datePublished\":\"2026-03-06T15:34:50+00:00\",\"mainEntityOfPage\":{\"@id\":\"https:\\\/\\\/www.encontrajardins.com.br\\\/av-faria-lima\\\/folclorica-casa-em-formato-de-bola-na-faria-lima-agora-aberta-ao-publico-nunca-foi-levada-a-serio-diz-arquiteto\\\/\"},\"wordCount\":1372,\"commentCount\":0,\"image\":{\"@id\":\"https:\\\/\\\/www.encontrajardins.com.br\\\/av-faria-lima\\\/folclorica-casa-em-formato-de-bola-na-faria-lima-agora-aberta-ao-publico-nunca-foi-levada-a-serio-diz-arquiteto\\\/#primaryimage\"},\"thumbnailUrl\":\"https:\\\/\\\/www.encontrajardins.com.br\\\/av-faria-lima\\\/wp-content\\\/uploads\\\/2026\\\/03\\\/folclorica-casa-em-formato-de-bola-na-faria-lima-agora-aberta-ao-publico-nunca-foi-levada-a-serio-di.webp\",\"articleSection\":[\"Not\u00edcias Avenida Faria Lima\"],\"inLanguage\":\"pt-BR\",\"potentialAction\":[{\"@type\":\"CommentAction\",\"name\":\"Comment\",\"target\":[\"https:\\\/\\\/www.encontrajardins.com.br\\\/av-faria-lima\\\/folclorica-casa-em-formato-de-bola-na-faria-lima-agora-aberta-ao-publico-nunca-foi-levada-a-serio-diz-arquiteto\\\/#respond\"]}]},{\"@type\":\"WebPage\",\"@id\":\"https:\\\/\\\/www.encontrajardins.com.br\\\/av-faria-lima\\\/folclorica-casa-em-formato-de-bola-na-faria-lima-agora-aberta-ao-publico-nunca-foi-levada-a-serio-diz-arquiteto\\\/\",\"url\":\"https:\\\/\\\/www.encontrajardins.com.br\\\/av-faria-lima\\\/folclorica-casa-em-formato-de-bola-na-faria-lima-agora-aberta-ao-publico-nunca-foi-levada-a-serio-diz-arquiteto\\\/\",\"name\":\"\u2018Folcl\u00f3rica\u2019 casa em formato de bola na Faria Lima, agora aberta ao p\u00fablico, nunca foi levada a s\u00e9rio, diz arquiteto | Guia Comercial Avenida Faria Lima\",\"isPartOf\":{\"@id\":\"https:\\\/\\\/www.encontrajardins.com.br\\\/av-faria-lima\\\/#website\"},\"primaryImageOfPage\":{\"@id\":\"https:\\\/\\\/www.encontrajardins.com.br\\\/av-faria-lima\\\/folclorica-casa-em-formato-de-bola-na-faria-lima-agora-aberta-ao-publico-nunca-foi-levada-a-serio-diz-arquiteto\\\/#primaryimage\"},\"image\":{\"@id\":\"https:\\\/\\\/www.encontrajardins.com.br\\\/av-faria-lima\\\/folclorica-casa-em-formato-de-bola-na-faria-lima-agora-aberta-ao-publico-nunca-foi-levada-a-serio-diz-arquiteto\\\/#primaryimage\"},\"thumbnailUrl\":\"https:\\\/\\\/www.encontrajardins.com.br\\\/av-faria-lima\\\/wp-content\\\/uploads\\\/2026\\\/03\\\/folclorica-casa-em-formato-de-bola-na-faria-lima-agora-aberta-ao-publico-nunca-foi-levada-a-serio-di.webp\",\"datePublished\":\"2026-03-06T15:34:50+00:00\",\"author\":{\"@id\":\"https:\\\/\\\/www.encontrajardins.com.br\\\/av-faria-lima\\\/#\\\/schema\\\/person\\\/79badd2a12b75d685ad41dac082e5111\"},\"inLanguage\":\"pt-BR\",\"potentialAction\":[{\"@type\":\"ReadAction\",\"target\":[\"https:\\\/\\\/www.encontrajardins.com.br\\\/av-faria-lima\\\/folclorica-casa-em-formato-de-bola-na-faria-lima-agora-aberta-ao-publico-nunca-foi-levada-a-serio-diz-arquiteto\\\/\"]}]},{\"@type\":\"ImageObject\",\"inLanguage\":\"pt-BR\",\"@id\":\"https:\\\/\\\/www.encontrajardins.com.br\\\/av-faria-lima\\\/folclorica-casa-em-formato-de-bola-na-faria-lima-agora-aberta-ao-publico-nunca-foi-levada-a-serio-diz-arquiteto\\\/#primaryimage\",\"url\":\"https:\\\/\\\/www.encontrajardins.com.br\\\/av-faria-lima\\\/wp-content\\\/uploads\\\/2026\\\/03\\\/folclorica-casa-em-formato-de-bola-na-faria-lima-agora-aberta-ao-publico-nunca-foi-levada-a-serio-di.webp\",\"contentUrl\":\"https:\\\/\\\/www.encontrajardins.com.br\\\/av-faria-lima\\\/wp-content\\\/uploads\\\/2026\\\/03\\\/folclorica-casa-em-formato-de-bola-na-faria-lima-agora-aberta-ao-publico-nunca-foi-levada-a-serio-di.webp\",\"width\":280,\"height\":280,\"caption\":\"Casa Bola\"},{\"@type\":\"WebSite\",\"@id\":\"https:\\\/\\\/www.encontrajardins.com.br\\\/av-faria-lima\\\/#website\",\"url\":\"https:\\\/\\\/www.encontrajardins.com.br\\\/av-faria-lima\\\/\",\"name\":\"Guia Comercial Avenida Faria Lima\",\"description\":\"ENCONTRA AVENIDA FARIA LIMA - O guia comercial de neg\u00f3cios e empresas, cultura e divers\u00e3o na Avenida Faria Lima. Feito 100% para voc\u00ea morador!\",\"potentialAction\":[{\"@type\":\"SearchAction\",\"target\":{\"@type\":\"EntryPoint\",\"urlTemplate\":\"https:\\\/\\\/www.encontrajardins.com.br\\\/av-faria-lima\\\/?s={search_term_string}\"},\"query-input\":{\"@type\":\"PropertyValueSpecification\",\"valueRequired\":true,\"valueName\":\"search_term_string\"}}],\"inLanguage\":\"pt-BR\"},{\"@type\":\"Person\",\"@id\":\"https:\\\/\\\/www.encontrajardins.com.br\\\/av-faria-lima\\\/#\\\/schema\\\/person\\\/79badd2a12b75d685ad41dac082e5111\",\"name\":\"Encontra Avenida Faria Lima\",\"image\":{\"@type\":\"ImageObject\",\"inLanguage\":\"pt-BR\",\"@id\":\"https:\\\/\\\/www.encontrajardins.com.br\\\/av-faria-lima\\\/wp-content\\\/litespeed\\\/avatar\\\/e92a756db1fc224ef50d2f00ed0d047a.jpg?ver=1776988651\",\"url\":\"https:\\\/\\\/www.encontrajardins.com.br\\\/av-faria-lima\\\/wp-content\\\/litespeed\\\/avatar\\\/e92a756db1fc224ef50d2f00ed0d047a.jpg?ver=1776988651\",\"contentUrl\":\"https:\\\/\\\/www.encontrajardins.com.br\\\/av-faria-lima\\\/wp-content\\\/litespeed\\\/avatar\\\/e92a756db1fc224ef50d2f00ed0d047a.jpg?ver=1776988651\",\"caption\":\"Encontra Avenida Faria Lima\"},\"url\":\"https:\\\/\\\/www.encontrajardins.com.br\\\/av-faria-lima\\\/author\\\/av-faria-lima\\\/\"}]}<\/script>\n<!-- \/ Yoast SEO plugin. -->","yoast_head_json":{"title":"\u2018Folcl\u00f3rica\u2019 casa em formato de bola na Faria Lima, agora aberta ao p\u00fablico, nunca foi levada a s\u00e9rio, diz arquiteto | Guia Comercial Avenida Faria Lima","robots":{"index":"index","follow":"follow","max-snippet":"max-snippet:-1","max-image-preview":"max-image-preview:large","max-video-preview":"max-video-preview:-1"},"canonical":"https:\/\/www.encontrajardins.com.br\/av-faria-lima\/folclorica-casa-em-formato-de-bola-na-faria-lima-agora-aberta-ao-publico-nunca-foi-levada-a-serio-diz-arquiteto\/","og_locale":"pt_BR","og_type":"article","og_title":"\u2018Folcl\u00f3rica\u2019 casa em formato de bola na Faria Lima, agora aberta ao p\u00fablico, nunca foi levada a s\u00e9rio, diz arquiteto | Guia Comercial Avenida Faria Lima","og_description":"Casa Bola na Faria Lima: um marco arquitet\u00f4nico inovador agora aberto ao p\u00fablico!","og_url":"https:\/\/www.encontrajardins.com.br\/av-faria-lima\/folclorica-casa-em-formato-de-bola-na-faria-lima-agora-aberta-ao-publico-nunca-foi-levada-a-serio-diz-arquiteto\/","og_site_name":"Guia Comercial Avenida Faria Lima","article_published_time":"2026-03-06T15:34:50+00:00","og_image":[{"url":"https:\/\/www.encontrajardins.com.br\/av-faria-lima\/wp-content\/uploads\/2026\/03\/folclorica-casa-em-formato-de-bola-na-faria-lima-agora-aberta-ao-publico-nunca-foi-levada-a-serio-di.webp","type":"","width":"","height":""}],"author":"Encontra Avenida Faria Lima","twitter_card":"summary_large_image","twitter_misc":{"Escrito por":"Encontra Avenida Faria Lima","Est. tempo de leitura":"7 minutos"},"schema":{"@context":"https:\/\/schema.org","@graph":[{"@type":"Article","@id":"https:\/\/www.encontrajardins.com.br\/av-faria-lima\/folclorica-casa-em-formato-de-bola-na-faria-lima-agora-aberta-ao-publico-nunca-foi-levada-a-serio-diz-arquiteto\/#article","isPartOf":{"@id":"https:\/\/www.encontrajardins.com.br\/av-faria-lima\/folclorica-casa-em-formato-de-bola-na-faria-lima-agora-aberta-ao-publico-nunca-foi-levada-a-serio-diz-arquiteto\/"},"author":{"name":"Encontra Avenida Faria Lima","@id":"https:\/\/www.encontrajardins.com.br\/av-faria-lima\/#\/schema\/person\/79badd2a12b75d685ad41dac082e5111"},"headline":"\u2018Folcl\u00f3rica\u2019 casa em formato de bola na Faria Lima, agora aberta ao p\u00fablico, nunca foi levada a s\u00e9rio, diz arquiteto","datePublished":"2026-03-06T15:34:50+00:00","mainEntityOfPage":{"@id":"https:\/\/www.encontrajardins.com.br\/av-faria-lima\/folclorica-casa-em-formato-de-bola-na-faria-lima-agora-aberta-ao-publico-nunca-foi-levada-a-serio-diz-arquiteto\/"},"wordCount":1372,"commentCount":0,"image":{"@id":"https:\/\/www.encontrajardins.com.br\/av-faria-lima\/folclorica-casa-em-formato-de-bola-na-faria-lima-agora-aberta-ao-publico-nunca-foi-levada-a-serio-diz-arquiteto\/#primaryimage"},"thumbnailUrl":"https:\/\/www.encontrajardins.com.br\/av-faria-lima\/wp-content\/uploads\/2026\/03\/folclorica-casa-em-formato-de-bola-na-faria-lima-agora-aberta-ao-publico-nunca-foi-levada-a-serio-di.webp","articleSection":["Not\u00edcias Avenida Faria Lima"],"inLanguage":"pt-BR","potentialAction":[{"@type":"CommentAction","name":"Comment","target":["https:\/\/www.encontrajardins.com.br\/av-faria-lima\/folclorica-casa-em-formato-de-bola-na-faria-lima-agora-aberta-ao-publico-nunca-foi-levada-a-serio-diz-arquiteto\/#respond"]}]},{"@type":"WebPage","@id":"https:\/\/www.encontrajardins.com.br\/av-faria-lima\/folclorica-casa-em-formato-de-bola-na-faria-lima-agora-aberta-ao-publico-nunca-foi-levada-a-serio-diz-arquiteto\/","url":"https:\/\/www.encontrajardins.com.br\/av-faria-lima\/folclorica-casa-em-formato-de-bola-na-faria-lima-agora-aberta-ao-publico-nunca-foi-levada-a-serio-diz-arquiteto\/","name":"\u2018Folcl\u00f3rica\u2019 casa em formato de bola na Faria Lima, agora aberta ao p\u00fablico, nunca foi levada a s\u00e9rio, diz arquiteto | Guia Comercial Avenida Faria Lima","isPartOf":{"@id":"https:\/\/www.encontrajardins.com.br\/av-faria-lima\/#website"},"primaryImageOfPage":{"@id":"https:\/\/www.encontrajardins.com.br\/av-faria-lima\/folclorica-casa-em-formato-de-bola-na-faria-lima-agora-aberta-ao-publico-nunca-foi-levada-a-serio-diz-arquiteto\/#primaryimage"},"image":{"@id":"https:\/\/www.encontrajardins.com.br\/av-faria-lima\/folclorica-casa-em-formato-de-bola-na-faria-lima-agora-aberta-ao-publico-nunca-foi-levada-a-serio-diz-arquiteto\/#primaryimage"},"thumbnailUrl":"https:\/\/www.encontrajardins.com.br\/av-faria-lima\/wp-content\/uploads\/2026\/03\/folclorica-casa-em-formato-de-bola-na-faria-lima-agora-aberta-ao-publico-nunca-foi-levada-a-serio-di.webp","datePublished":"2026-03-06T15:34:50+00:00","author":{"@id":"https:\/\/www.encontrajardins.com.br\/av-faria-lima\/#\/schema\/person\/79badd2a12b75d685ad41dac082e5111"},"inLanguage":"pt-BR","potentialAction":[{"@type":"ReadAction","target":["https:\/\/www.encontrajardins.com.br\/av-faria-lima\/folclorica-casa-em-formato-de-bola-na-faria-lima-agora-aberta-ao-publico-nunca-foi-levada-a-serio-diz-arquiteto\/"]}]},{"@type":"ImageObject","inLanguage":"pt-BR","@id":"https:\/\/www.encontrajardins.com.br\/av-faria-lima\/folclorica-casa-em-formato-de-bola-na-faria-lima-agora-aberta-ao-publico-nunca-foi-levada-a-serio-diz-arquiteto\/#primaryimage","url":"https:\/\/www.encontrajardins.com.br\/av-faria-lima\/wp-content\/uploads\/2026\/03\/folclorica-casa-em-formato-de-bola-na-faria-lima-agora-aberta-ao-publico-nunca-foi-levada-a-serio-di.webp","contentUrl":"https:\/\/www.encontrajardins.com.br\/av-faria-lima\/wp-content\/uploads\/2026\/03\/folclorica-casa-em-formato-de-bola-na-faria-lima-agora-aberta-ao-publico-nunca-foi-levada-a-serio-di.webp","width":280,"height":280,"caption":"Casa Bola"},{"@type":"WebSite","@id":"https:\/\/www.encontrajardins.com.br\/av-faria-lima\/#website","url":"https:\/\/www.encontrajardins.com.br\/av-faria-lima\/","name":"Guia Comercial Avenida Faria Lima","description":"ENCONTRA AVENIDA FARIA LIMA - O guia comercial de neg\u00f3cios e empresas, cultura e divers\u00e3o na Avenida Faria Lima. Feito 100% para voc\u00ea morador!","potentialAction":[{"@type":"SearchAction","target":{"@type":"EntryPoint","urlTemplate":"https:\/\/www.encontrajardins.com.br\/av-faria-lima\/?s={search_term_string}"},"query-input":{"@type":"PropertyValueSpecification","valueRequired":true,"valueName":"search_term_string"}}],"inLanguage":"pt-BR"},{"@type":"Person","@id":"https:\/\/www.encontrajardins.com.br\/av-faria-lima\/#\/schema\/person\/79badd2a12b75d685ad41dac082e5111","name":"Encontra Avenida Faria Lima","image":{"@type":"ImageObject","inLanguage":"pt-BR","@id":"https:\/\/www.encontrajardins.com.br\/av-faria-lima\/wp-content\/litespeed\/avatar\/e92a756db1fc224ef50d2f00ed0d047a.jpg?ver=1776988651","url":"https:\/\/www.encontrajardins.com.br\/av-faria-lima\/wp-content\/litespeed\/avatar\/e92a756db1fc224ef50d2f00ed0d047a.jpg?ver=1776988651","contentUrl":"https:\/\/www.encontrajardins.com.br\/av-faria-lima\/wp-content\/litespeed\/avatar\/e92a756db1fc224ef50d2f00ed0d047a.jpg?ver=1776988651","caption":"Encontra Avenida Faria Lima"},"url":"https:\/\/www.encontrajardins.com.br\/av-faria-lima\/author\/av-faria-lima\/"}]}},"_links":{"self":[{"href":"https:\/\/www.encontrajardins.com.br\/av-faria-lima\/wp-json\/wp\/v2\/posts\/4357","targetHints":{"allow":["GET"]}}],"collection":[{"href":"https:\/\/www.encontrajardins.com.br\/av-faria-lima\/wp-json\/wp\/v2\/posts"}],"about":[{"href":"https:\/\/www.encontrajardins.com.br\/av-faria-lima\/wp-json\/wp\/v2\/types\/post"}],"author":[{"embeddable":true,"href":"https:\/\/www.encontrajardins.com.br\/av-faria-lima\/wp-json\/wp\/v2\/users\/1"}],"replies":[{"embeddable":true,"href":"https:\/\/www.encontrajardins.com.br\/av-faria-lima\/wp-json\/wp\/v2\/comments?post=4357"}],"version-history":[{"count":0,"href":"https:\/\/www.encontrajardins.com.br\/av-faria-lima\/wp-json\/wp\/v2\/posts\/4357\/revisions"}],"wp:featuredmedia":[{"embeddable":true,"href":"https:\/\/www.encontrajardins.com.br\/av-faria-lima\/wp-json\/wp\/v2\/media\/4356"}],"wp:attachment":[{"href":"https:\/\/www.encontrajardins.com.br\/av-faria-lima\/wp-json\/wp\/v2\/media?parent=4357"}],"wp:term":[{"taxonomy":"category","embeddable":true,"href":"https:\/\/www.encontrajardins.com.br\/av-faria-lima\/wp-json\/wp\/v2\/categories?post=4357"},{"taxonomy":"post_tag","embeddable":true,"href":"https:\/\/www.encontrajardins.com.br\/av-faria-lima\/wp-json\/wp\/v2\/tags?post=4357"}],"curies":[{"name":"wp","href":"https:\/\/api.w.org\/{rel}","templated":true}]}}