{"id":4426,"date":"2026-03-28T12:28:31","date_gmt":"2026-03-28T15:28:31","guid":{"rendered":"https:\/\/www.encontrajardins.com.br\/av-faria-lima\/faria-lima-se-prepara-para-o-sobe-e-desce-do-mercado-nas-eleicoes\/"},"modified":"2026-03-28T12:28:31","modified_gmt":"2026-03-28T15:28:31","slug":"faria-lima-se-prepara-para-o-sobe-e-desce-do-mercado-nas-eleicoes","status":"publish","type":"post","link":"https:\/\/www.encontrajardins.com.br\/av-faria-lima\/faria-lima-se-prepara-para-o-sobe-e-desce-do-mercado-nas-eleicoes\/","title":{"rendered":"Faria Lima se prepara para o \u2018sobe e desce\u2019 do mercado nas elei\u00e7\u00f5es"},"content":{"rendered":"<h2>Cen\u00e1rio Pol\u00edtico e o Mercado Financeiro<\/h2>\n<p>Atualmente, enquanto as sondagens eleitorais continuam a mostrar uma vantagem consider\u00e1vel de Luiz In\u00e1cio Lula da Silva sobre Jair Bolsonaro, os principais investidores do Brasil se encontram em estado de prepara\u00e7\u00e3o, ajustando suas carteiras para melhor enfrentar a volatilidade mercadol\u00f3gica e a possibilidade de novos gastos por parte do governo atual, que busca se manter relevante na competi\u00e7\u00e3o pela reelei\u00e7\u00e3o.<\/p>\n<p>Na Avenida Faria Lima, centro financeiro pulsante de S\u00e3o Paulo, o sentimento predominante \u00e9 de que as elei\u00e7\u00f5es de outubro poder\u00e3o ser bastante disputadas. Assim, bancos e corretoras est\u00e3o revisando minuciosamente suas alternativas de investimento para se adaptarem ao cen\u00e1rio que se desenha.<\/p>\n<h2>Impactos das Elei\u00e7\u00f5es nos Investimentos<\/h2>\n<p>O mercado tem reagido de forma cautelosa, com muitos especialistas prevendo uma proximidade nos resultados das elei\u00e7\u00f5es entre os candidatos. O fundo Verde, sob a gest\u00e3o de Luis Stuhlberger, observa que a diferen\u00e7a de votos entre os dois principais concorrentes deve diminuir nos pr\u00f3ximos meses, um padr\u00e3o frequentemente observado em contextos de reelei\u00e7\u00e3o, o que apresentar\u00e1 novos desafios e oportunidades para os investidores.<\/p>\n<p><img decoding=\"async\" src=\"https:\/\/www.encontrajardins.com.br\/av-faria-lima\/wp-content\/uploads\/2026\/03\/faria-lima-se-prepara-para-o-sobe-e-desce-do-mercado-nas-eleicoes.webp\" alt=\"Faria Lima\" loading=\"lazy\" \/><\/p>\n<p>O documento mais recente da gestora destaca que manter a posi\u00e7\u00e3o na Bolsa brasileira continua como a estrat\u00e9gia principal, especialmente ap\u00f3s um desempenho positivo em julho. O foco do mercado, at\u00e9 agora, tem se voltado para os processos eleitorais e como esses podem impactar a economia local.<\/p>\n<h2>Volatilidade e as Expectativas dos Gestores<\/h2>\n<p>A gestora Rio Bravo, liderada por Gustavo Franco, recorda que, apesar da folga nas pesquisas em favor de Lula, n\u00e3o h\u00e1 consenso em considerar a elei\u00e7\u00e3o decidida. O sentimento de incerteza persiste, especialmente em rela\u00e7\u00e3o \u00e0 possibilidade de rea\u00e7\u00f5es pol\u00edticas imprevistas. Franco enfatiza a diminui\u00e7\u00e3o de riscos pol\u00edticos considerando a narrativa do presidente em rela\u00e7\u00e3o \u00e0 legitimidade do processo eleitoral.<\/p>\n<p>As institui\u00e7\u00f5es financeiras revisitam suas estrat\u00e9gias, com a Capit\u00e2nia alertando sobre a import\u00e2ncia de focar em ativos que ofere\u00e7am um menor risco de liquidez, dado o cen\u00e1rio eleitoral. Al\u00e9m disso, a gestora refor\u00e7a a necessidade de se manter alerta a oportunidades de desinvestimento em um ambiente de crescente incerteza econ\u00f4mica.<\/p>\n<h2>Medidas Populistas e Suas Consequ\u00eancias<\/h2>\n<p>Devido ao aumento de iniciativas consideradas populistas, o Verde decidiu encerrar suas posi\u00e7\u00f5es vendidas em d\u00f3lar, indicando uma mudan\u00e7a de estrat\u00e9gia em rela\u00e7\u00e3o \u00e0 valoriza\u00e7\u00e3o do real. Os gestores avaliam que a preocupa\u00e7\u00e3o com a sa\u00fade fiscal do governo se intensificou, o que torna o cen\u00e1rio mais inst\u00e1vel para os investimentos.<\/p>\n<p>A press\u00e3o inflacion\u00e1ria tamb\u00e9m \u00e9 um ponto de discuss\u00e3o entre as gestoras, que consideram se o Banco Central conseguir\u00e1 manter as expectativas sob controle, especialmente diante de um panorama repleto de incertezas pol\u00edticas, que podem exigir aumento nos gastos governamentais.<\/p>\n<h2>Como os Fundos de Investimento Est\u00e3o se Preparando<\/h2>\n<p>Gestoras como Daycoval e Sharp afirmam que est\u00e3o priorizando ativos com f\u00e1cil negocia\u00e7\u00e3o, o que permitir\u00e1 uma adequada gest\u00e3o do risco retorno no atual clima de incerteza. A prefer\u00eancia \u00e9 por ativos que apresentem liquidez, facilitando eventuais mudan\u00e7as de posi\u00e7\u00e3o no mercado.<\/p>\n<p>Enquanto isso, a AZ Quest se concentra em a\u00e7\u00f5es que possuem uma performance relativamente est\u00e1vel, identificando o setor banc\u00e1rio e o el\u00e9trico como segmentos defensivos atraentes, al\u00e9m de petr\u00f3leo, petroqu\u00edmico e varejo, que poder\u00e3o oferecer melhores retornos em meio \u00e0 volatilidade.<\/p>\n<h2>A Estrat\u00e9gia do Verde e o Mercado de A\u00e7\u00f5es<\/h2>\n<p>O fundo Verde tem revisado sua abordagem de investimento, com a expectativa de que a din\u00e2mica das elei\u00e7\u00f5es requerer\u00e1 um acompanhamento cauteloso das flutua\u00e7\u00f5es do mercado. A ideia \u00e9 ajustar as aloca\u00e7\u00f5es de acordo com as movimenta\u00e7\u00f5es eleitorais e econ\u00f4micas, focando sempre nas melhores pr\u00e1ticas de gest\u00e3o de ativos.<\/p>\n<p>Refor\u00e7ando a import\u00e2ncia de se manter atento \u00e0s pesquisas eleitorais, a gestora prop\u00f5e um monitoramento cont\u00ednuo dos resultados, a fim de adaptar as estrat\u00e9gias de investimento \u00e0s rea\u00e7\u00f5es do mercado e \u00e0s mudan\u00e7as nas condi\u00e7\u00f5es pol\u00edticas.<\/p>\n<h2>Desafios de Liquidez em Anos Eleitorais<\/h2>\n<p>O cen\u00e1rio eleitoral traz \u00e0 tona desafios inerentes \u00e0 liquidez dos ativos. A Capit\u00e2nia destaca a necessidade de investimentos que garantam maior facilidade na hora de vender, evidenciando a consci\u00eancia sobre as oscila\u00e7\u00f5es que podem ocorrer durante per\u00edodos eleitorais, quando a incerteza predominante pode causar preju\u00edzos a estrat\u00e9gias de liquidez.<\/p>\n<p>Essa preocupa\u00e7\u00e3o \u00e9 compartilhada por outras gestoras no mercado, que continuam priorizando a seguran\u00e7a e a acessibilidade de seus ativos para um gerenciamento mais tranquilo e adapt\u00e1vel \u00e0s necessidades do momento.<\/p>\n<h2>Perspectivas para o D\u00f3lar e o Real<\/h2>\n<p>O fortalecimento ou a fraqueza do real em rela\u00e7\u00e3o ao d\u00f3lar \u00e9 uma quest\u00e3o em aberto, especialmente com as mudan\u00e7as de governo e as implica\u00e7\u00f5es que isso traz para a economia nacional. Com corre\u00e7\u00f5es a respeito das expectativas fiscais, as gestoras est\u00e3o revisitando suas apostas em rela\u00e7\u00e3o ao c\u00e2mbio.<\/p>\n<p>As expectativas futuras para o real s\u00e3o incertas, e as flutua\u00e7\u00f5es do d\u00f3lar dependem amplamente das decis\u00f5es pol\u00edticas e da estabilidade econ\u00f4mica que vir\u00e1 no quadro geral p\u00f3s-eleitoral.<\/p>\n<h2>A Influ\u00eancia das Pesquisas de Inten\u00e7\u00e3o de Voto<\/h2>\n<p>As sondagens fazem parte do cen\u00e1rio macroecon\u00f4mico e desempenham um papel fundamental nas decis\u00f5es de investimento. Com a polariza\u00e7\u00e3o das elei\u00e7\u00f5es, as pesquisas mostram uma tend\u00eancia que pode ser desestabilizadora para os mercados. Aquele que conseguir comunicar melhor suas propostas e prometer maior estabilidade \u00e9 quem poder\u00e1 ganhar a confian\u00e7a do mercado.<\/p>\n<p>Os gestores est\u00e3o atentos a cada novo dado das pesquisas, entendendo que isso pode influenciar diretamente o comportamento do investidor, que busca a m\u00ednima incerteza neste contexto de elei\u00e7\u00f5es t\u00e3o disputadas.<\/p>\n<h2>Tend\u00eancias de Investimento em Tempos de Incerteza<\/h2>\n<p>Com as incertezas pol\u00edticas e econ\u00f4micas, as tend\u00eancias de investimento est\u00e3o se moldando de forma a garantir maior seguran\u00e7a. As gestoras est\u00e3o priorizando setores conhecidos por sua estabilidade, como os de energia e servi\u00e7os p\u00fablicos, que normalmente apresentam menos volatilidade do que outros setores em tempos de crise.<\/p>\n<p>Procurar a\u00e7\u00f5es defensivas que podem sustentar melhor a press\u00e3o do mercado \u00e9 uma estrat\u00e9gia que se destaca neste contexto. O foco na manuten\u00e7\u00e3o do patrim\u00f4nio e na prote\u00e7\u00e3o dos investimentos se torna essencial, especialmente em um momento de transi\u00e7\u00f5es pol\u00edticas significativas.<\/p>\n","protected":false},"excerpt":{"rendered":"<p>Faria Lima se prepara para as oscila\u00e7\u00f5es do mercado durante as elei\u00e7\u00f5es.<\/p>\n","protected":false},"author":1,"featured_media":4425,"comment_status":"open","ping_status":"open","sticky":false,"template":"","format":"standard","meta":{"footnotes":""},"categories":[5],"tags":[],"class_list":["post-4426","post","type-post","status-publish","format-standard","has-post-thumbnail","hentry","category-noticias","has_thumb"],"yoast_head":"<!-- This site is optimized with the Yoast SEO plugin v27.4 - https:\/\/yoast.com\/product\/yoast-seo-wordpress\/ -->\n<title>Faria Lima se prepara para o \u2018sobe e desce\u2019 do mercado nas elei\u00e7\u00f5es | Guia Comercial Avenida Faria Lima<\/title>\n<meta name=\"robots\" content=\"index, follow, max-snippet:-1, max-image-preview:large, max-video-preview:-1\" \/>\n<link rel=\"canonical\" href=\"https:\/\/www.encontrajardins.com.br\/av-faria-lima\/faria-lima-se-prepara-para-o-sobe-e-desce-do-mercado-nas-eleicoes\/\" \/>\n<meta property=\"og:locale\" content=\"pt_BR\" \/>\n<meta property=\"og:type\" content=\"article\" \/>\n<meta property=\"og:title\" content=\"Faria Lima se prepara para o \u2018sobe e desce\u2019 do mercado nas elei\u00e7\u00f5es | Guia Comercial Avenida Faria Lima\" \/>\n<meta property=\"og:description\" content=\"Faria Lima se prepara para as oscila\u00e7\u00f5es do mercado durante as elei\u00e7\u00f5es.\" \/>\n<meta property=\"og:url\" content=\"https:\/\/www.encontrajardins.com.br\/av-faria-lima\/faria-lima-se-prepara-para-o-sobe-e-desce-do-mercado-nas-eleicoes\/\" \/>\n<meta property=\"og:site_name\" content=\"Guia Comercial Avenida Faria Lima\" \/>\n<meta property=\"article:published_time\" content=\"2026-03-28T15:28:31+00:00\" \/>\n<meta property=\"og:image\" content=\"https:\/\/www.encontrajardins.com.br\/av-faria-lima\/wp-content\/uploads\/2026\/03\/faria-lima-se-prepara-para-o-sobe-e-desce-do-mercado-nas-eleicoes.webp\" \/>\n<meta name=\"author\" content=\"Encontra Avenida Faria Lima\" \/>\n<meta name=\"twitter:card\" content=\"summary_large_image\" \/>\n<meta name=\"twitter:label1\" content=\"Escrito por\" \/>\n\t<meta name=\"twitter:data1\" content=\"Encontra Avenida Faria Lima\" \/>\n\t<meta name=\"twitter:label2\" content=\"Est. tempo de leitura\" \/>\n\t<meta name=\"twitter:data2\" content=\"6 minutos\" \/>\n<script type=\"application\/ld+json\" class=\"yoast-schema-graph\">{\"@context\":\"https:\\\/\\\/schema.org\",\"@graph\":[{\"@type\":\"Article\",\"@id\":\"https:\\\/\\\/www.encontrajardins.com.br\\\/av-faria-lima\\\/faria-lima-se-prepara-para-o-sobe-e-desce-do-mercado-nas-eleicoes\\\/#article\",\"isPartOf\":{\"@id\":\"https:\\\/\\\/www.encontrajardins.com.br\\\/av-faria-lima\\\/faria-lima-se-prepara-para-o-sobe-e-desce-do-mercado-nas-eleicoes\\\/\"},\"author\":{\"name\":\"Encontra Avenida Faria Lima\",\"@id\":\"https:\\\/\\\/www.encontrajardins.com.br\\\/av-faria-lima\\\/#\\\/schema\\\/person\\\/79badd2a12b75d685ad41dac082e5111\"},\"headline\":\"Faria Lima se prepara para o \u2018sobe e desce\u2019 do mercado nas elei\u00e7\u00f5es\",\"datePublished\":\"2026-03-28T15:28:31+00:00\",\"mainEntityOfPage\":{\"@id\":\"https:\\\/\\\/www.encontrajardins.com.br\\\/av-faria-lima\\\/faria-lima-se-prepara-para-o-sobe-e-desce-do-mercado-nas-eleicoes\\\/\"},\"wordCount\":1127,\"commentCount\":0,\"image\":{\"@id\":\"https:\\\/\\\/www.encontrajardins.com.br\\\/av-faria-lima\\\/faria-lima-se-prepara-para-o-sobe-e-desce-do-mercado-nas-eleicoes\\\/#primaryimage\"},\"thumbnailUrl\":\"https:\\\/\\\/www.encontrajardins.com.br\\\/av-faria-lima\\\/wp-content\\\/uploads\\\/2026\\\/03\\\/faria-lima-se-prepara-para-o-sobe-e-desce-do-mercado-nas-eleicoes.webp\",\"articleSection\":[\"Not\u00edcias Avenida Faria Lima\"],\"inLanguage\":\"pt-BR\",\"potentialAction\":[{\"@type\":\"CommentAction\",\"name\":\"Comment\",\"target\":[\"https:\\\/\\\/www.encontrajardins.com.br\\\/av-faria-lima\\\/faria-lima-se-prepara-para-o-sobe-e-desce-do-mercado-nas-eleicoes\\\/#respond\"]}]},{\"@type\":\"WebPage\",\"@id\":\"https:\\\/\\\/www.encontrajardins.com.br\\\/av-faria-lima\\\/faria-lima-se-prepara-para-o-sobe-e-desce-do-mercado-nas-eleicoes\\\/\",\"url\":\"https:\\\/\\\/www.encontrajardins.com.br\\\/av-faria-lima\\\/faria-lima-se-prepara-para-o-sobe-e-desce-do-mercado-nas-eleicoes\\\/\",\"name\":\"Faria Lima se prepara para o \u2018sobe e desce\u2019 do mercado nas elei\u00e7\u00f5es | Guia Comercial Avenida Faria Lima\",\"isPartOf\":{\"@id\":\"https:\\\/\\\/www.encontrajardins.com.br\\\/av-faria-lima\\\/#website\"},\"primaryImageOfPage\":{\"@id\":\"https:\\\/\\\/www.encontrajardins.com.br\\\/av-faria-lima\\\/faria-lima-se-prepara-para-o-sobe-e-desce-do-mercado-nas-eleicoes\\\/#primaryimage\"},\"image\":{\"@id\":\"https:\\\/\\\/www.encontrajardins.com.br\\\/av-faria-lima\\\/faria-lima-se-prepara-para-o-sobe-e-desce-do-mercado-nas-eleicoes\\\/#primaryimage\"},\"thumbnailUrl\":\"https:\\\/\\\/www.encontrajardins.com.br\\\/av-faria-lima\\\/wp-content\\\/uploads\\\/2026\\\/03\\\/faria-lima-se-prepara-para-o-sobe-e-desce-do-mercado-nas-eleicoes.webp\",\"datePublished\":\"2026-03-28T15:28:31+00:00\",\"author\":{\"@id\":\"https:\\\/\\\/www.encontrajardins.com.br\\\/av-faria-lima\\\/#\\\/schema\\\/person\\\/79badd2a12b75d685ad41dac082e5111\"},\"inLanguage\":\"pt-BR\",\"potentialAction\":[{\"@type\":\"ReadAction\",\"target\":[\"https:\\\/\\\/www.encontrajardins.com.br\\\/av-faria-lima\\\/faria-lima-se-prepara-para-o-sobe-e-desce-do-mercado-nas-eleicoes\\\/\"]}]},{\"@type\":\"ImageObject\",\"inLanguage\":\"pt-BR\",\"@id\":\"https:\\\/\\\/www.encontrajardins.com.br\\\/av-faria-lima\\\/faria-lima-se-prepara-para-o-sobe-e-desce-do-mercado-nas-eleicoes\\\/#primaryimage\",\"url\":\"https:\\\/\\\/www.encontrajardins.com.br\\\/av-faria-lima\\\/wp-content\\\/uploads\\\/2026\\\/03\\\/faria-lima-se-prepara-para-o-sobe-e-desce-do-mercado-nas-eleicoes.webp\",\"contentUrl\":\"https:\\\/\\\/www.encontrajardins.com.br\\\/av-faria-lima\\\/wp-content\\\/uploads\\\/2026\\\/03\\\/faria-lima-se-prepara-para-o-sobe-e-desce-do-mercado-nas-eleicoes.webp\",\"width\":280,\"height\":280,\"caption\":\"Faria Lima\"},{\"@type\":\"WebSite\",\"@id\":\"https:\\\/\\\/www.encontrajardins.com.br\\\/av-faria-lima\\\/#website\",\"url\":\"https:\\\/\\\/www.encontrajardins.com.br\\\/av-faria-lima\\\/\",\"name\":\"Guia Comercial Avenida Faria Lima\",\"description\":\"ENCONTRA AVENIDA FARIA LIMA - O guia comercial de neg\u00f3cios e empresas, cultura e divers\u00e3o na Avenida Faria Lima. Feito 100% para voc\u00ea morador!\",\"potentialAction\":[{\"@type\":\"SearchAction\",\"target\":{\"@type\":\"EntryPoint\",\"urlTemplate\":\"https:\\\/\\\/www.encontrajardins.com.br\\\/av-faria-lima\\\/?s={search_term_string}\"},\"query-input\":{\"@type\":\"PropertyValueSpecification\",\"valueRequired\":true,\"valueName\":\"search_term_string\"}}],\"inLanguage\":\"pt-BR\"},{\"@type\":\"Person\",\"@id\":\"https:\\\/\\\/www.encontrajardins.com.br\\\/av-faria-lima\\\/#\\\/schema\\\/person\\\/79badd2a12b75d685ad41dac082e5111\",\"name\":\"Encontra Avenida Faria Lima\",\"image\":{\"@type\":\"ImageObject\",\"inLanguage\":\"pt-BR\",\"@id\":\"https:\\\/\\\/www.encontrajardins.com.br\\\/av-faria-lima\\\/wp-content\\\/litespeed\\\/avatar\\\/e92a756db1fc224ef50d2f00ed0d047a.jpg?ver=1776988651\",\"url\":\"https:\\\/\\\/www.encontrajardins.com.br\\\/av-faria-lima\\\/wp-content\\\/litespeed\\\/avatar\\\/e92a756db1fc224ef50d2f00ed0d047a.jpg?ver=1776988651\",\"contentUrl\":\"https:\\\/\\\/www.encontrajardins.com.br\\\/av-faria-lima\\\/wp-content\\\/litespeed\\\/avatar\\\/e92a756db1fc224ef50d2f00ed0d047a.jpg?ver=1776988651\",\"caption\":\"Encontra Avenida Faria Lima\"},\"url\":\"https:\\\/\\\/www.encontrajardins.com.br\\\/av-faria-lima\\\/author\\\/av-faria-lima\\\/\"}]}<\/script>\n<!-- \/ Yoast SEO plugin. -->","yoast_head_json":{"title":"Faria Lima se prepara para o \u2018sobe e desce\u2019 do mercado nas elei\u00e7\u00f5es | Guia Comercial Avenida Faria Lima","robots":{"index":"index","follow":"follow","max-snippet":"max-snippet:-1","max-image-preview":"max-image-preview:large","max-video-preview":"max-video-preview:-1"},"canonical":"https:\/\/www.encontrajardins.com.br\/av-faria-lima\/faria-lima-se-prepara-para-o-sobe-e-desce-do-mercado-nas-eleicoes\/","og_locale":"pt_BR","og_type":"article","og_title":"Faria Lima se prepara para o \u2018sobe e desce\u2019 do mercado nas elei\u00e7\u00f5es | Guia Comercial Avenida Faria Lima","og_description":"Faria Lima se prepara para as oscila\u00e7\u00f5es do mercado durante as elei\u00e7\u00f5es.","og_url":"https:\/\/www.encontrajardins.com.br\/av-faria-lima\/faria-lima-se-prepara-para-o-sobe-e-desce-do-mercado-nas-eleicoes\/","og_site_name":"Guia Comercial Avenida Faria Lima","article_published_time":"2026-03-28T15:28:31+00:00","og_image":[{"url":"https:\/\/www.encontrajardins.com.br\/av-faria-lima\/wp-content\/uploads\/2026\/03\/faria-lima-se-prepara-para-o-sobe-e-desce-do-mercado-nas-eleicoes.webp","type":"","width":"","height":""}],"author":"Encontra Avenida Faria Lima","twitter_card":"summary_large_image","twitter_misc":{"Escrito por":"Encontra Avenida Faria Lima","Est. tempo de leitura":"6 minutos"},"schema":{"@context":"https:\/\/schema.org","@graph":[{"@type":"Article","@id":"https:\/\/www.encontrajardins.com.br\/av-faria-lima\/faria-lima-se-prepara-para-o-sobe-e-desce-do-mercado-nas-eleicoes\/#article","isPartOf":{"@id":"https:\/\/www.encontrajardins.com.br\/av-faria-lima\/faria-lima-se-prepara-para-o-sobe-e-desce-do-mercado-nas-eleicoes\/"},"author":{"name":"Encontra Avenida Faria Lima","@id":"https:\/\/www.encontrajardins.com.br\/av-faria-lima\/#\/schema\/person\/79badd2a12b75d685ad41dac082e5111"},"headline":"Faria Lima se prepara para o \u2018sobe e desce\u2019 do mercado nas elei\u00e7\u00f5es","datePublished":"2026-03-28T15:28:31+00:00","mainEntityOfPage":{"@id":"https:\/\/www.encontrajardins.com.br\/av-faria-lima\/faria-lima-se-prepara-para-o-sobe-e-desce-do-mercado-nas-eleicoes\/"},"wordCount":1127,"commentCount":0,"image":{"@id":"https:\/\/www.encontrajardins.com.br\/av-faria-lima\/faria-lima-se-prepara-para-o-sobe-e-desce-do-mercado-nas-eleicoes\/#primaryimage"},"thumbnailUrl":"https:\/\/www.encontrajardins.com.br\/av-faria-lima\/wp-content\/uploads\/2026\/03\/faria-lima-se-prepara-para-o-sobe-e-desce-do-mercado-nas-eleicoes.webp","articleSection":["Not\u00edcias Avenida Faria Lima"],"inLanguage":"pt-BR","potentialAction":[{"@type":"CommentAction","name":"Comment","target":["https:\/\/www.encontrajardins.com.br\/av-faria-lima\/faria-lima-se-prepara-para-o-sobe-e-desce-do-mercado-nas-eleicoes\/#respond"]}]},{"@type":"WebPage","@id":"https:\/\/www.encontrajardins.com.br\/av-faria-lima\/faria-lima-se-prepara-para-o-sobe-e-desce-do-mercado-nas-eleicoes\/","url":"https:\/\/www.encontrajardins.com.br\/av-faria-lima\/faria-lima-se-prepara-para-o-sobe-e-desce-do-mercado-nas-eleicoes\/","name":"Faria Lima se prepara para o \u2018sobe e desce\u2019 do mercado nas elei\u00e7\u00f5es | Guia Comercial Avenida Faria Lima","isPartOf":{"@id":"https:\/\/www.encontrajardins.com.br\/av-faria-lima\/#website"},"primaryImageOfPage":{"@id":"https:\/\/www.encontrajardins.com.br\/av-faria-lima\/faria-lima-se-prepara-para-o-sobe-e-desce-do-mercado-nas-eleicoes\/#primaryimage"},"image":{"@id":"https:\/\/www.encontrajardins.com.br\/av-faria-lima\/faria-lima-se-prepara-para-o-sobe-e-desce-do-mercado-nas-eleicoes\/#primaryimage"},"thumbnailUrl":"https:\/\/www.encontrajardins.com.br\/av-faria-lima\/wp-content\/uploads\/2026\/03\/faria-lima-se-prepara-para-o-sobe-e-desce-do-mercado-nas-eleicoes.webp","datePublished":"2026-03-28T15:28:31+00:00","author":{"@id":"https:\/\/www.encontrajardins.com.br\/av-faria-lima\/#\/schema\/person\/79badd2a12b75d685ad41dac082e5111"},"inLanguage":"pt-BR","potentialAction":[{"@type":"ReadAction","target":["https:\/\/www.encontrajardins.com.br\/av-faria-lima\/faria-lima-se-prepara-para-o-sobe-e-desce-do-mercado-nas-eleicoes\/"]}]},{"@type":"ImageObject","inLanguage":"pt-BR","@id":"https:\/\/www.encontrajardins.com.br\/av-faria-lima\/faria-lima-se-prepara-para-o-sobe-e-desce-do-mercado-nas-eleicoes\/#primaryimage","url":"https:\/\/www.encontrajardins.com.br\/av-faria-lima\/wp-content\/uploads\/2026\/03\/faria-lima-se-prepara-para-o-sobe-e-desce-do-mercado-nas-eleicoes.webp","contentUrl":"https:\/\/www.encontrajardins.com.br\/av-faria-lima\/wp-content\/uploads\/2026\/03\/faria-lima-se-prepara-para-o-sobe-e-desce-do-mercado-nas-eleicoes.webp","width":280,"height":280,"caption":"Faria Lima"},{"@type":"WebSite","@id":"https:\/\/www.encontrajardins.com.br\/av-faria-lima\/#website","url":"https:\/\/www.encontrajardins.com.br\/av-faria-lima\/","name":"Guia Comercial Avenida Faria Lima","description":"ENCONTRA AVENIDA FARIA LIMA - O guia comercial de neg\u00f3cios e empresas, cultura e divers\u00e3o na Avenida Faria Lima. Feito 100% para voc\u00ea morador!","potentialAction":[{"@type":"SearchAction","target":{"@type":"EntryPoint","urlTemplate":"https:\/\/www.encontrajardins.com.br\/av-faria-lima\/?s={search_term_string}"},"query-input":{"@type":"PropertyValueSpecification","valueRequired":true,"valueName":"search_term_string"}}],"inLanguage":"pt-BR"},{"@type":"Person","@id":"https:\/\/www.encontrajardins.com.br\/av-faria-lima\/#\/schema\/person\/79badd2a12b75d685ad41dac082e5111","name":"Encontra Avenida Faria Lima","image":{"@type":"ImageObject","inLanguage":"pt-BR","@id":"https:\/\/www.encontrajardins.com.br\/av-faria-lima\/wp-content\/litespeed\/avatar\/e92a756db1fc224ef50d2f00ed0d047a.jpg?ver=1776988651","url":"https:\/\/www.encontrajardins.com.br\/av-faria-lima\/wp-content\/litespeed\/avatar\/e92a756db1fc224ef50d2f00ed0d047a.jpg?ver=1776988651","contentUrl":"https:\/\/www.encontrajardins.com.br\/av-faria-lima\/wp-content\/litespeed\/avatar\/e92a756db1fc224ef50d2f00ed0d047a.jpg?ver=1776988651","caption":"Encontra Avenida Faria Lima"},"url":"https:\/\/www.encontrajardins.com.br\/av-faria-lima\/author\/av-faria-lima\/"}]}},"_links":{"self":[{"href":"https:\/\/www.encontrajardins.com.br\/av-faria-lima\/wp-json\/wp\/v2\/posts\/4426","targetHints":{"allow":["GET"]}}],"collection":[{"href":"https:\/\/www.encontrajardins.com.br\/av-faria-lima\/wp-json\/wp\/v2\/posts"}],"about":[{"href":"https:\/\/www.encontrajardins.com.br\/av-faria-lima\/wp-json\/wp\/v2\/types\/post"}],"author":[{"embeddable":true,"href":"https:\/\/www.encontrajardins.com.br\/av-faria-lima\/wp-json\/wp\/v2\/users\/1"}],"replies":[{"embeddable":true,"href":"https:\/\/www.encontrajardins.com.br\/av-faria-lima\/wp-json\/wp\/v2\/comments?post=4426"}],"version-history":[{"count":0,"href":"https:\/\/www.encontrajardins.com.br\/av-faria-lima\/wp-json\/wp\/v2\/posts\/4426\/revisions"}],"wp:featuredmedia":[{"embeddable":true,"href":"https:\/\/www.encontrajardins.com.br\/av-faria-lima\/wp-json\/wp\/v2\/media\/4425"}],"wp:attachment":[{"href":"https:\/\/www.encontrajardins.com.br\/av-faria-lima\/wp-json\/wp\/v2\/media?parent=4426"}],"wp:term":[{"taxonomy":"category","embeddable":true,"href":"https:\/\/www.encontrajardins.com.br\/av-faria-lima\/wp-json\/wp\/v2\/categories?post=4426"},{"taxonomy":"post_tag","embeddable":true,"href":"https:\/\/www.encontrajardins.com.br\/av-faria-lima\/wp-json\/wp\/v2\/tags?post=4426"}],"curies":[{"name":"wp","href":"https:\/\/api.w.org\/{rel}","templated":true}]}}