{"id":4438,"date":"2026-03-31T12:26:51","date_gmt":"2026-03-31T15:26:51","guid":{"rendered":"https:\/\/www.encontrajardins.com.br\/av-faria-lima\/tres-avenidas-concentram-os-negocios-em-sao-paulo\/"},"modified":"2026-03-31T12:26:51","modified_gmt":"2026-03-31T15:26:51","slug":"tres-avenidas-concentram-os-negocios-em-sao-paulo","status":"publish","type":"post","link":"https:\/\/www.encontrajardins.com.br\/av-faria-lima\/tres-avenidas-concentram-os-negocios-em-sao-paulo\/","title":{"rendered":"Tr\u00eas avenidas concentram os neg\u00f3cios em S\u00e3o Paulo"},"content":{"rendered":"<h2>Avenida Paulista: O \u00cdcone Financeiro de S\u00e3o Paulo<\/h2>\n<p>A Avenida Paulista \u00e9 frequentemente considerada o cora\u00e7\u00e3o financeiro de S\u00e3o Paulo. Desde a sua funda\u00e7\u00e3o em 1891, essa via se espelhou nas grandes avenidas da Europa, com um projeto que visava n\u00e3o apenas a beleza est\u00e9tica, mas tamb\u00e9m a funcionalidade. A partir da d\u00e9cada de 1950, a Avenida Paulista come\u00e7ou a atrair a sede de diversos bancos e empresas multinacionais, solidificando-se como um polo de neg\u00f3cios.<\/p>\n<p>Um dos marcos dessa avenida \u00e9 o pr\u00e9dio que abriga a Federa\u00e7\u00e3o das Ind\u00fastrias do Estado de S\u00e3o Paulo (Fiesp). Inaugurado em 1979, este edif\u00edcio \u00e9 um centro de opera\u00e7\u00f5es e abriga tamb\u00e9m o Centro das Ind\u00fastrias do Estado de S\u00e3o Paulo (Ciesp), o Servi\u00e7o Social da Ind\u00fastria (Sesi-SP) e o Servi\u00e7o Nacional de Aprendizagem (Senai-SP). A Avenida Paulista corta bairros nobres como Jardins, Cerqueira C\u00e9sar e Bela Vista, contribuindo para sua reputa\u00e7\u00e3o de uma das \u00e1reas mais movimentadas da cidade.<\/p>\n<p>Com mais de cinco d\u00e9cadas de hist\u00f3ria, o Conjunto Nacional se destaca como um espa\u00e7o cultural importante, reunindo lojas, restaurantes, cinemas e livrarias despontando como um verdadeiro centro comercial no estilo tradicional. Sua proximidade com a Avenida Paulista faz dele um ponto de atra\u00e7\u00e3o constante para os paulistanos e turistas.<\/p>\n<p><img decoding=\"async\" src=\"https:\/\/www.encontrajardins.com.br\/av-faria-lima\/wp-content\/uploads\/2026\/03\/tres-avenidas-concentram-os-negocios-em-sao-paulo.webp\" alt=\"tr\u00eas avenidas concentram os neg\u00f3cios em S\u00e3o Paulo\" loading=\"lazy\" \/><\/p>\n<h2>Faria Lima: O Novo Polo Comercial da Cidade<\/h2>\n<p>A Avenida Brigadeiro Faria Lima surgiu como um novo centro comercial em S\u00e3o Paulo nas d\u00e9cadas de 1960 e 1970, especialmente com a inaugura\u00e7\u00e3o do primeiro shopping center do Brasil na regi\u00e3o. Desde ent\u00e3o, essa avenida se tornou um espa\u00e7o de relevo, atraindo uma concentra\u00e7\u00e3o de empresas e escrit\u00f3rios modernos que refletem a din\u00e2mica da economia contempor\u00e2nea.<\/p>\n<p>Iniciando no bairro de Pinheiros e estendendo-se at\u00e9 o Itaim Bibi, a Faria Lima apresenta uma diversidade de pr\u00e9dios comerciais e profissionais, sendo um local prop\u00edcio para neg\u00f3cios. Ela cruza com importantes vias como as avenidas Rebou\u00e7as e Cidade Jardim, o que contribui para um tr\u00e1fego intenso, especialmente em hor\u00e1rios de pico. O fluxo constante de pessoas e ve\u00edculos faz dessa avenida um espa\u00e7o vital para o com\u00e9rcio e servi\u00e7os na cidade.<\/p>\n<h2>Engenheiro Lu\u00eds Carlos Berrini: Um Centro em Ascens\u00e3o<\/h2>\n<p>A Avenida Engenheiro Lu\u00eds Carlos Berrini foi projetada no final da d\u00e9cada de 1970 como uma alternativa comercial, buscando proporcionar um ambiente menos custoso em compara\u00e7\u00e3o \u00e0 Avenida Paulista. Desde ent\u00e3o, a Berrini evoluiu e se firmou como um importante centro para neg\u00f3cios, concentrando diversas empresas e oferecendo uma gama de servi\u00e7os variados.<\/p>\n<p>Localizada perto da ic\u00f4nica Ponte Octavio Frias de Oliveira e da Marginal Pinheiros, a Berrini se destaca n\u00e3o apenas pela infraestrutura, mas tamb\u00e9m pela acessibilidade, facilitando o fluxo de pessoas e transporte. O crescimento de shoppings e restaurantes ao longo dessa avenida torna evidente sua transforma\u00e7\u00e3o em um local atrativo para neg\u00f3cios e lazer.<\/p>\n<h2>Cultura e Servi\u00e7os ao Redor da Paulista<\/h2>\n<p>A Avenida Paulista, al\u00e9m de ser um polo de neg\u00f3cios, \u00e9 tamb\u00e9m um espa\u00e7o repleto de cultura e entretenimento. As op\u00e7\u00f5es variadas de cinemas, teatros, galerias de arte e livrarias tornam a regi\u00e3o um centro cultural vibrante. Eventos frequentes, como feiras de arte e festivais gastron\u00f4micos, atraem tanto os moradores quanto os turistas, contribuindo para uma atmosfera diversificada e rica.<\/p>\n<p>Al\u00e9m disso, a presen\u00e7a de importantes institui\u00e7\u00f5es culturais, como o Museu de Arte de S\u00e3o Paulo (MASP), solidifica ainda mais a import\u00e2ncia da Avenida Paulista na cena cultural da cidade. O MASP, por exemplo, \u00e9 reconhecido por seu acervo de arte ocidental e por ser um marco arquitet\u00f4nico que ressoa a import\u00e2ncia da cultura na urbe.<\/p>\n<h2>Infraestrutura e Acessibilidade nas Avenidas<\/h2>\n<p>As avenidas Paulista, Faria Lima e Engenheiro Lu\u00eds Carlos Berrini possuem uma infraestrutura que contemplam a acessibilidade, com acesso facilitado pelo transporte p\u00fablico e op\u00e7\u00f5es de bicicletas. Transporte coletivo, como metr\u00f4s e \u00f4nibus, conecta esses importantes eixos comerciais a outras partes da cidade, promovendo um deslocamento mais eficiente para todos os usu\u00e1rios.<\/p>\n<p>O planejamento urbano cont\u00ednuo \u00e9 evidente em melhorias de mobilidade na regi\u00e3o, incluindo cal\u00e7adas mais largas e faixas exclusivas para bicicletas, mostrando um compromisso com a sustentabilidade e a qualidade de vida dos cidad\u00e3os. Isso n\u00e3o s\u00f3 beneficia os trabalhadores locais, mas tamb\u00e9m os visitantes que exploram as oportunidades comerciais na \u00e1rea.<\/p>\n<h2>Hist\u00f3rias de Sucesso nas Avenidas Paulistanas<\/h2>\n<p>As avenidas de S\u00e3o Paulo s\u00e3o palco de diversas hist\u00f3rias de sucesso de empresas, que nasceram e se desenvolveram nesses endere\u00e7os estrat\u00e9gicos. Muitas startups e empresas consolidadas escolheram esse ambiente para florescer, atraindo investidores e profissionais de v\u00e1rias \u00e1reas. A sinergia entre as empresas e as oportunidades de networking contribui para uma atmosfera prop\u00edcia ao empreendedorismo.<\/p>\n<p>A intera\u00e7\u00e3o entre diferentes setores, desde tecnologia at\u00e9 servi\u00e7os de sa\u00fade e finan\u00e7as, facilita conex\u00f5es e colabora\u00e7\u00f5es que impulsionam o crescimento econ\u00f4mico da cidade. Isso \u00e9 evidenciado por eventos de neg\u00f3cios, como confer\u00eancias e feiras, que s\u00e3o organizados nessas avenidas, criando um ciclo cont\u00ednuo de inova\u00e7\u00e3o e desenvolvimento comercial.<\/p>\n<h2>O Papel das Multinacionais nas Principais Avenidas<\/h2>\n<p>As grandes multinacionais t\u00eam um papel significativo nas avenidas Paulista, Faria Lima e Engenheiro Lu\u00eds Carlos Berrini. Sua presen\u00e7a n\u00e3o apenas eleva o perfil econ\u00f4mico da cidade, mas tamb\u00e9m contribui para o crescimento do mercado de trabalho local. Essas empresas trazem consigo um fluxo constante de investimento, que se traduz em tecnologia, aprendizado e desenvolvimento profissional.<\/p>\n<p>O ambiente rico em talentos e a diversidade cultural atraem corpora\u00e7\u00f5es internacionais que buscam estabelecer opera\u00e7\u00f5es no Brasil. O resultado \u00e9 um ecossistema empresarial robusto que se alimenta da presen\u00e7a dessas grandes marcas, fortalecendo o mercado e beneficiando a economia local.<\/p>\n<h2>Eventos Comerciais que Movimentam as Avenidas<\/h2>\n<p>A realiza\u00e7\u00e3o de eventos comerciais nessas avenidas gera um impulso significativo para a economia local. Feiras, conven\u00e7\u00f5es e lan\u00e7amentos de produtos s\u00e3o frequentemente realizados, atraindo n\u00e3o apenas visitantes, mas tamb\u00e9m m\u00eddias e influenciadores, o que resulta em uma vitrine para as empresas se destacarem.<\/p>\n<p>A interatividade e a troca de ideias que ocorrem nesses eventos promovem uma cultura de inova\u00e7\u00e3o, essencial para o desenvolvimento de neg\u00f3cios. As avenidas se tornam o ponto de encontro ideal para compartilhar experi\u00eancias e buscar parcerias comerciais valiosas.<\/p>\n<h2>Impacto da Tecnologia nas Avenidas Comerciais<\/h2>\n<p>O avan\u00e7o da tecnologia tem impactado significativamente as din\u00e2micas comerciais nas avenidas de S\u00e3o Paulo. Com a digitaliza\u00e7\u00e3o dos neg\u00f3cios, as empresas t\u00eam adaptado suas estrat\u00e9gias para incluir e-commerce, marketing digital e solu\u00e7\u00f5es de tecnologia avan\u00e7ada.<\/p>\n<p>Os recentes investimentos em infraestrutura tecnol\u00f3gica t\u00eam proporcionado um ambiente favor\u00e1vel para startups e empresas de tecnologia emergentes, facilitando um crescimento saud\u00e1vel no setor. O resultado \u00e9 um dinamismo que reflete a moderniza\u00e7\u00e3o do com\u00e9rcio no contexto das avenidas mais conhecidas da cidade.<\/p>\n<h2>Perspectivas Futuras para as Avenidas de Neg\u00f3cios<\/h2>\n<p>O futuro das avenidas Paulista, Faria Lima e Engenheiro Lu\u00eds Carlos Berrini \u00e9 promissor. Com um panorama de investimento cont\u00ednuo e um ambiente de neg\u00f3cios cada vez mais fluido, espera-se que essas \u00e1reas continuem a se expandir e a evoluir. Iniciativas voltadas para inova\u00e7\u00e3o, sustentabilidade e acessibilidade prometem criar um espa\u00e7o mais atrativo e eficiente.<\/p>\n<p>O crescente interesse de novas empresas e a busca por solu\u00e7\u00f5es inovadoras continuar\u00e3o a moldar o cen\u00e1rio comercial nessas avenidas. Reter talentos, promover diversidade e cultivar uma cultura de colabora\u00e7\u00e3o ser\u00e1 essencial para garantir que essas \u00e1reas permane\u00e7am na vanguarda do desenvolvimento econ\u00f4mico e social de S\u00e3o Paulo.<\/p>\n","protected":false},"excerpt":{"rendered":"<p>Tr\u00eas avenidas em S\u00e3o Paulo se destacam como o epicentro dos neg\u00f3cios da metr\u00f3pole.<\/p>\n","protected":false},"author":1,"featured_media":4437,"comment_status":"open","ping_status":"open","sticky":false,"template":"","format":"standard","meta":{"footnotes":""},"categories":[5],"tags":[],"class_list":["post-4438","post","type-post","status-publish","format-standard","has-post-thumbnail","hentry","category-noticias","has_thumb"],"yoast_head":"<!-- This site is optimized with the Yoast SEO plugin v27.4 - https:\/\/yoast.com\/product\/yoast-seo-wordpress\/ -->\n<title>Tr\u00eas avenidas concentram os neg\u00f3cios em S\u00e3o Paulo | Guia Comercial Avenida Faria Lima<\/title>\n<meta name=\"robots\" content=\"index, follow, max-snippet:-1, max-image-preview:large, max-video-preview:-1\" \/>\n<link rel=\"canonical\" href=\"https:\/\/www.encontrajardins.com.br\/av-faria-lima\/tres-avenidas-concentram-os-negocios-em-sao-paulo\/\" \/>\n<meta property=\"og:locale\" content=\"pt_BR\" \/>\n<meta property=\"og:type\" content=\"article\" \/>\n<meta property=\"og:title\" content=\"Tr\u00eas avenidas concentram os neg\u00f3cios em S\u00e3o Paulo | Guia Comercial Avenida Faria Lima\" \/>\n<meta property=\"og:description\" content=\"Tr\u00eas avenidas em S\u00e3o Paulo se destacam como o epicentro dos neg\u00f3cios da metr\u00f3pole.\" \/>\n<meta property=\"og:url\" content=\"https:\/\/www.encontrajardins.com.br\/av-faria-lima\/tres-avenidas-concentram-os-negocios-em-sao-paulo\/\" \/>\n<meta property=\"og:site_name\" content=\"Guia Comercial Avenida Faria Lima\" \/>\n<meta property=\"article:published_time\" content=\"2026-03-31T15:26:51+00:00\" \/>\n<meta property=\"og:image\" content=\"https:\/\/www.encontrajardins.com.br\/av-faria-lima\/wp-content\/uploads\/2026\/03\/tres-avenidas-concentram-os-negocios-em-sao-paulo.webp\" \/>\n<meta name=\"author\" content=\"Encontra Avenida Faria Lima\" \/>\n<meta name=\"twitter:card\" content=\"summary_large_image\" \/>\n<meta name=\"twitter:label1\" content=\"Escrito por\" \/>\n\t<meta name=\"twitter:data1\" content=\"Encontra Avenida Faria Lima\" \/>\n\t<meta name=\"twitter:label2\" content=\"Est. tempo de leitura\" \/>\n\t<meta name=\"twitter:data2\" content=\"7 minutos\" \/>\n<script type=\"application\/ld+json\" class=\"yoast-schema-graph\">{\"@context\":\"https:\\\/\\\/schema.org\",\"@graph\":[{\"@type\":\"Article\",\"@id\":\"https:\\\/\\\/www.encontrajardins.com.br\\\/av-faria-lima\\\/tres-avenidas-concentram-os-negocios-em-sao-paulo\\\/#article\",\"isPartOf\":{\"@id\":\"https:\\\/\\\/www.encontrajardins.com.br\\\/av-faria-lima\\\/tres-avenidas-concentram-os-negocios-em-sao-paulo\\\/\"},\"author\":{\"name\":\"Encontra Avenida Faria Lima\",\"@id\":\"https:\\\/\\\/www.encontrajardins.com.br\\\/av-faria-lima\\\/#\\\/schema\\\/person\\\/79badd2a12b75d685ad41dac082e5111\"},\"headline\":\"Tr\u00eas avenidas concentram os neg\u00f3cios em S\u00e3o Paulo\",\"datePublished\":\"2026-03-31T15:26:51+00:00\",\"mainEntityOfPage\":{\"@id\":\"https:\\\/\\\/www.encontrajardins.com.br\\\/av-faria-lima\\\/tres-avenidas-concentram-os-negocios-em-sao-paulo\\\/\"},\"wordCount\":1337,\"commentCount\":0,\"image\":{\"@id\":\"https:\\\/\\\/www.encontrajardins.com.br\\\/av-faria-lima\\\/tres-avenidas-concentram-os-negocios-em-sao-paulo\\\/#primaryimage\"},\"thumbnailUrl\":\"https:\\\/\\\/www.encontrajardins.com.br\\\/av-faria-lima\\\/wp-content\\\/uploads\\\/2026\\\/03\\\/tres-avenidas-concentram-os-negocios-em-sao-paulo.webp\",\"articleSection\":[\"Not\u00edcias Avenida Faria Lima\"],\"inLanguage\":\"pt-BR\",\"potentialAction\":[{\"@type\":\"CommentAction\",\"name\":\"Comment\",\"target\":[\"https:\\\/\\\/www.encontrajardins.com.br\\\/av-faria-lima\\\/tres-avenidas-concentram-os-negocios-em-sao-paulo\\\/#respond\"]}]},{\"@type\":\"WebPage\",\"@id\":\"https:\\\/\\\/www.encontrajardins.com.br\\\/av-faria-lima\\\/tres-avenidas-concentram-os-negocios-em-sao-paulo\\\/\",\"url\":\"https:\\\/\\\/www.encontrajardins.com.br\\\/av-faria-lima\\\/tres-avenidas-concentram-os-negocios-em-sao-paulo\\\/\",\"name\":\"Tr\u00eas avenidas concentram os neg\u00f3cios em S\u00e3o Paulo | Guia Comercial Avenida Faria Lima\",\"isPartOf\":{\"@id\":\"https:\\\/\\\/www.encontrajardins.com.br\\\/av-faria-lima\\\/#website\"},\"primaryImageOfPage\":{\"@id\":\"https:\\\/\\\/www.encontrajardins.com.br\\\/av-faria-lima\\\/tres-avenidas-concentram-os-negocios-em-sao-paulo\\\/#primaryimage\"},\"image\":{\"@id\":\"https:\\\/\\\/www.encontrajardins.com.br\\\/av-faria-lima\\\/tres-avenidas-concentram-os-negocios-em-sao-paulo\\\/#primaryimage\"},\"thumbnailUrl\":\"https:\\\/\\\/www.encontrajardins.com.br\\\/av-faria-lima\\\/wp-content\\\/uploads\\\/2026\\\/03\\\/tres-avenidas-concentram-os-negocios-em-sao-paulo.webp\",\"datePublished\":\"2026-03-31T15:26:51+00:00\",\"author\":{\"@id\":\"https:\\\/\\\/www.encontrajardins.com.br\\\/av-faria-lima\\\/#\\\/schema\\\/person\\\/79badd2a12b75d685ad41dac082e5111\"},\"inLanguage\":\"pt-BR\",\"potentialAction\":[{\"@type\":\"ReadAction\",\"target\":[\"https:\\\/\\\/www.encontrajardins.com.br\\\/av-faria-lima\\\/tres-avenidas-concentram-os-negocios-em-sao-paulo\\\/\"]}]},{\"@type\":\"ImageObject\",\"inLanguage\":\"pt-BR\",\"@id\":\"https:\\\/\\\/www.encontrajardins.com.br\\\/av-faria-lima\\\/tres-avenidas-concentram-os-negocios-em-sao-paulo\\\/#primaryimage\",\"url\":\"https:\\\/\\\/www.encontrajardins.com.br\\\/av-faria-lima\\\/wp-content\\\/uploads\\\/2026\\\/03\\\/tres-avenidas-concentram-os-negocios-em-sao-paulo.webp\",\"contentUrl\":\"https:\\\/\\\/www.encontrajardins.com.br\\\/av-faria-lima\\\/wp-content\\\/uploads\\\/2026\\\/03\\\/tres-avenidas-concentram-os-negocios-em-sao-paulo.webp\",\"width\":280,\"height\":280,\"caption\":\"tr\u00eas avenidas concentram os neg\u00f3cios em S\u00e3o Paulo\"},{\"@type\":\"WebSite\",\"@id\":\"https:\\\/\\\/www.encontrajardins.com.br\\\/av-faria-lima\\\/#website\",\"url\":\"https:\\\/\\\/www.encontrajardins.com.br\\\/av-faria-lima\\\/\",\"name\":\"Guia Comercial Avenida Faria Lima\",\"description\":\"ENCONTRA AVENIDA FARIA LIMA - O guia comercial de neg\u00f3cios e empresas, cultura e divers\u00e3o na Avenida Faria Lima. Feito 100% para voc\u00ea morador!\",\"potentialAction\":[{\"@type\":\"SearchAction\",\"target\":{\"@type\":\"EntryPoint\",\"urlTemplate\":\"https:\\\/\\\/www.encontrajardins.com.br\\\/av-faria-lima\\\/?s={search_term_string}\"},\"query-input\":{\"@type\":\"PropertyValueSpecification\",\"valueRequired\":true,\"valueName\":\"search_term_string\"}}],\"inLanguage\":\"pt-BR\"},{\"@type\":\"Person\",\"@id\":\"https:\\\/\\\/www.encontrajardins.com.br\\\/av-faria-lima\\\/#\\\/schema\\\/person\\\/79badd2a12b75d685ad41dac082e5111\",\"name\":\"Encontra Avenida Faria Lima\",\"image\":{\"@type\":\"ImageObject\",\"inLanguage\":\"pt-BR\",\"@id\":\"https:\\\/\\\/www.encontrajardins.com.br\\\/av-faria-lima\\\/wp-content\\\/litespeed\\\/avatar\\\/e92a756db1fc224ef50d2f00ed0d047a.jpg?ver=1776988651\",\"url\":\"https:\\\/\\\/www.encontrajardins.com.br\\\/av-faria-lima\\\/wp-content\\\/litespeed\\\/avatar\\\/e92a756db1fc224ef50d2f00ed0d047a.jpg?ver=1776988651\",\"contentUrl\":\"https:\\\/\\\/www.encontrajardins.com.br\\\/av-faria-lima\\\/wp-content\\\/litespeed\\\/avatar\\\/e92a756db1fc224ef50d2f00ed0d047a.jpg?ver=1776988651\",\"caption\":\"Encontra Avenida Faria Lima\"},\"url\":\"https:\\\/\\\/www.encontrajardins.com.br\\\/av-faria-lima\\\/author\\\/av-faria-lima\\\/\"}]}<\/script>\n<!-- \/ Yoast SEO plugin. -->","yoast_head_json":{"title":"Tr\u00eas avenidas concentram os neg\u00f3cios em S\u00e3o Paulo | Guia Comercial Avenida Faria Lima","robots":{"index":"index","follow":"follow","max-snippet":"max-snippet:-1","max-image-preview":"max-image-preview:large","max-video-preview":"max-video-preview:-1"},"canonical":"https:\/\/www.encontrajardins.com.br\/av-faria-lima\/tres-avenidas-concentram-os-negocios-em-sao-paulo\/","og_locale":"pt_BR","og_type":"article","og_title":"Tr\u00eas avenidas concentram os neg\u00f3cios em S\u00e3o Paulo | Guia Comercial Avenida Faria Lima","og_description":"Tr\u00eas avenidas em S\u00e3o Paulo se destacam como o epicentro dos neg\u00f3cios da metr\u00f3pole.","og_url":"https:\/\/www.encontrajardins.com.br\/av-faria-lima\/tres-avenidas-concentram-os-negocios-em-sao-paulo\/","og_site_name":"Guia Comercial Avenida Faria Lima","article_published_time":"2026-03-31T15:26:51+00:00","og_image":[{"url":"https:\/\/www.encontrajardins.com.br\/av-faria-lima\/wp-content\/uploads\/2026\/03\/tres-avenidas-concentram-os-negocios-em-sao-paulo.webp","type":"","width":"","height":""}],"author":"Encontra Avenida Faria Lima","twitter_card":"summary_large_image","twitter_misc":{"Escrito por":"Encontra Avenida Faria Lima","Est. tempo de leitura":"7 minutos"},"schema":{"@context":"https:\/\/schema.org","@graph":[{"@type":"Article","@id":"https:\/\/www.encontrajardins.com.br\/av-faria-lima\/tres-avenidas-concentram-os-negocios-em-sao-paulo\/#article","isPartOf":{"@id":"https:\/\/www.encontrajardins.com.br\/av-faria-lima\/tres-avenidas-concentram-os-negocios-em-sao-paulo\/"},"author":{"name":"Encontra Avenida Faria Lima","@id":"https:\/\/www.encontrajardins.com.br\/av-faria-lima\/#\/schema\/person\/79badd2a12b75d685ad41dac082e5111"},"headline":"Tr\u00eas avenidas concentram os neg\u00f3cios em S\u00e3o Paulo","datePublished":"2026-03-31T15:26:51+00:00","mainEntityOfPage":{"@id":"https:\/\/www.encontrajardins.com.br\/av-faria-lima\/tres-avenidas-concentram-os-negocios-em-sao-paulo\/"},"wordCount":1337,"commentCount":0,"image":{"@id":"https:\/\/www.encontrajardins.com.br\/av-faria-lima\/tres-avenidas-concentram-os-negocios-em-sao-paulo\/#primaryimage"},"thumbnailUrl":"https:\/\/www.encontrajardins.com.br\/av-faria-lima\/wp-content\/uploads\/2026\/03\/tres-avenidas-concentram-os-negocios-em-sao-paulo.webp","articleSection":["Not\u00edcias Avenida Faria Lima"],"inLanguage":"pt-BR","potentialAction":[{"@type":"CommentAction","name":"Comment","target":["https:\/\/www.encontrajardins.com.br\/av-faria-lima\/tres-avenidas-concentram-os-negocios-em-sao-paulo\/#respond"]}]},{"@type":"WebPage","@id":"https:\/\/www.encontrajardins.com.br\/av-faria-lima\/tres-avenidas-concentram-os-negocios-em-sao-paulo\/","url":"https:\/\/www.encontrajardins.com.br\/av-faria-lima\/tres-avenidas-concentram-os-negocios-em-sao-paulo\/","name":"Tr\u00eas avenidas concentram os neg\u00f3cios em S\u00e3o Paulo | Guia Comercial Avenida Faria Lima","isPartOf":{"@id":"https:\/\/www.encontrajardins.com.br\/av-faria-lima\/#website"},"primaryImageOfPage":{"@id":"https:\/\/www.encontrajardins.com.br\/av-faria-lima\/tres-avenidas-concentram-os-negocios-em-sao-paulo\/#primaryimage"},"image":{"@id":"https:\/\/www.encontrajardins.com.br\/av-faria-lima\/tres-avenidas-concentram-os-negocios-em-sao-paulo\/#primaryimage"},"thumbnailUrl":"https:\/\/www.encontrajardins.com.br\/av-faria-lima\/wp-content\/uploads\/2026\/03\/tres-avenidas-concentram-os-negocios-em-sao-paulo.webp","datePublished":"2026-03-31T15:26:51+00:00","author":{"@id":"https:\/\/www.encontrajardins.com.br\/av-faria-lima\/#\/schema\/person\/79badd2a12b75d685ad41dac082e5111"},"inLanguage":"pt-BR","potentialAction":[{"@type":"ReadAction","target":["https:\/\/www.encontrajardins.com.br\/av-faria-lima\/tres-avenidas-concentram-os-negocios-em-sao-paulo\/"]}]},{"@type":"ImageObject","inLanguage":"pt-BR","@id":"https:\/\/www.encontrajardins.com.br\/av-faria-lima\/tres-avenidas-concentram-os-negocios-em-sao-paulo\/#primaryimage","url":"https:\/\/www.encontrajardins.com.br\/av-faria-lima\/wp-content\/uploads\/2026\/03\/tres-avenidas-concentram-os-negocios-em-sao-paulo.webp","contentUrl":"https:\/\/www.encontrajardins.com.br\/av-faria-lima\/wp-content\/uploads\/2026\/03\/tres-avenidas-concentram-os-negocios-em-sao-paulo.webp","width":280,"height":280,"caption":"tr\u00eas avenidas concentram os neg\u00f3cios em S\u00e3o Paulo"},{"@type":"WebSite","@id":"https:\/\/www.encontrajardins.com.br\/av-faria-lima\/#website","url":"https:\/\/www.encontrajardins.com.br\/av-faria-lima\/","name":"Guia Comercial Avenida Faria Lima","description":"ENCONTRA AVENIDA FARIA LIMA - O guia comercial de neg\u00f3cios e empresas, cultura e divers\u00e3o na Avenida Faria Lima. Feito 100% para voc\u00ea morador!","potentialAction":[{"@type":"SearchAction","target":{"@type":"EntryPoint","urlTemplate":"https:\/\/www.encontrajardins.com.br\/av-faria-lima\/?s={search_term_string}"},"query-input":{"@type":"PropertyValueSpecification","valueRequired":true,"valueName":"search_term_string"}}],"inLanguage":"pt-BR"},{"@type":"Person","@id":"https:\/\/www.encontrajardins.com.br\/av-faria-lima\/#\/schema\/person\/79badd2a12b75d685ad41dac082e5111","name":"Encontra Avenida Faria Lima","image":{"@type":"ImageObject","inLanguage":"pt-BR","@id":"https:\/\/www.encontrajardins.com.br\/av-faria-lima\/wp-content\/litespeed\/avatar\/e92a756db1fc224ef50d2f00ed0d047a.jpg?ver=1776988651","url":"https:\/\/www.encontrajardins.com.br\/av-faria-lima\/wp-content\/litespeed\/avatar\/e92a756db1fc224ef50d2f00ed0d047a.jpg?ver=1776988651","contentUrl":"https:\/\/www.encontrajardins.com.br\/av-faria-lima\/wp-content\/litespeed\/avatar\/e92a756db1fc224ef50d2f00ed0d047a.jpg?ver=1776988651","caption":"Encontra Avenida Faria Lima"},"url":"https:\/\/www.encontrajardins.com.br\/av-faria-lima\/author\/av-faria-lima\/"}]}},"_links":{"self":[{"href":"https:\/\/www.encontrajardins.com.br\/av-faria-lima\/wp-json\/wp\/v2\/posts\/4438","targetHints":{"allow":["GET"]}}],"collection":[{"href":"https:\/\/www.encontrajardins.com.br\/av-faria-lima\/wp-json\/wp\/v2\/posts"}],"about":[{"href":"https:\/\/www.encontrajardins.com.br\/av-faria-lima\/wp-json\/wp\/v2\/types\/post"}],"author":[{"embeddable":true,"href":"https:\/\/www.encontrajardins.com.br\/av-faria-lima\/wp-json\/wp\/v2\/users\/1"}],"replies":[{"embeddable":true,"href":"https:\/\/www.encontrajardins.com.br\/av-faria-lima\/wp-json\/wp\/v2\/comments?post=4438"}],"version-history":[{"count":0,"href":"https:\/\/www.encontrajardins.com.br\/av-faria-lima\/wp-json\/wp\/v2\/posts\/4438\/revisions"}],"wp:featuredmedia":[{"embeddable":true,"href":"https:\/\/www.encontrajardins.com.br\/av-faria-lima\/wp-json\/wp\/v2\/media\/4437"}],"wp:attachment":[{"href":"https:\/\/www.encontrajardins.com.br\/av-faria-lima\/wp-json\/wp\/v2\/media?parent=4438"}],"wp:term":[{"taxonomy":"category","embeddable":true,"href":"https:\/\/www.encontrajardins.com.br\/av-faria-lima\/wp-json\/wp\/v2\/categories?post=4438"},{"taxonomy":"post_tag","embeddable":true,"href":"https:\/\/www.encontrajardins.com.br\/av-faria-lima\/wp-json\/wp\/v2\/tags?post=4438"}],"curies":[{"name":"wp","href":"https:\/\/api.w.org\/{rel}","templated":true}]}}