{"id":4444,"date":"2026-04-01T12:28:55","date_gmt":"2026-04-01T15:28:55","guid":{"rendered":"https:\/\/www.encontrajardins.com.br\/av-faria-lima\/aberto-rua\/"},"modified":"2026-04-01T12:28:55","modified_gmt":"2026-04-01T15:28:55","slug":"aberto-rua","status":"publish","type":"post","link":"https:\/\/www.encontrajardins.com.br\/av-faria-lima\/aberto-rua\/","title":{"rendered":"ABERTO Rua"},"content":{"rendered":"<h2>O que \u00e9 a ABERTO Rua?<\/h2>\n<p>A ABERTO Rua \u00e9 uma iniciativa inovadora da plataforma <strong>ABERTO<\/strong> que transforma a Avenida Faria Lima em um espa\u00e7o de arte contempor\u00e2nea, apresentando uma variedade de obras de artistas renomados. O foco desse projeto \u00e9 democratizar o acesso \u00e0 arte, permitindo que o p\u00fablico interaja com esculturas e instala\u00e7\u00f5es ao ar livre. Com uma proposta que visa criar um di\u00e1logo entre a arte, o espa\u00e7o urbano e os transeuntes, a ABERTO Rua n\u00e3o s\u00f3 enriquece o cen\u00e1rio art\u00edstico da cidade, mas tamb\u00e9m redefine a maneira como a arte \u00e9 experienciada.<\/p>\n<h2>Localiza\u00e7\u00e3o da Exposi\u00e7\u00e3o<\/h2>\n<p>A exposi\u00e7\u00e3o ABERTO Rua est\u00e1 situada na Avenida Faria Lima, uma das arteriais mais ic\u00f4nicas de S\u00e3o Paulo, e se estender\u00e1 at\u00e9 o dia 31 de maio de 2026. O percurso art\u00edstico abrange desde a Alameda Gabriel Monteiro da Silva at\u00e9 a Rua Adolfo Tabacow, criando um ambiente onde a arte se mistura com o cotidiano, permitindo que as pessoas enxerguem sua cidade sob uma nova perspectiva.<\/p>\n<h2>Artistas em Destaque<\/h2>\n<p>O evento re\u00fane obras incr\u00edveis de diversos artistas, incluindo:<\/p>\n<p><img decoding=\"async\" src=\"https:\/\/www.encontrajardins.com.br\/av-faria-lima\/wp-content\/uploads\/2026\/04\/aberto-rua.webp\" alt=\"Marketplace de Arte Contempor\u00e2nea\" loading=\"lazy\" \/><\/p>\n<ul>\n<li>Afonso Tostes<\/li>\n<li>Amilcar de Castro<\/li>\n<li>Daniel Jorge<\/li>\n<li>Eduardo Longo<\/li>\n<li>Jarbas Lopes<\/li>\n<li>Jos\u00e9 D\u2019Avila<\/li>\n<li>Laura Lima<\/li>\n<li>Laura Vinci<\/li>\n<li>Liuba Wolf<\/li>\n<li>Marcos Chaves<\/li>\n<li>Marina Hachem<\/li>\n<li>Paulo Nimer Pjota<\/li>\n<li>Raul Mour\u00e3o<\/li>\n<li>Regina Silveira<\/li>\n<li>Rizza<\/li>\n<li>Rose Afef\u00e9<\/li>\n<li>T\u00falio Pinto<\/li>\n<\/ul>\n<p>Esses artistas criam uma experi\u00eancia visual rica que promove a intera\u00e7\u00e3o entre a arte e a vida urbana.<\/p>\n<h2>Experi\u00eancia Visual \u00danica ao Ar Livre<\/h2>\n<p>A ABERTO Rua proporciona uma experi\u00eancia imersiva e acess\u00edvel. As obras est\u00e3o distribu\u00eddas ao longo da avenida, permitindo que os visitantes observem e interajam com a arte em um ambiente que transcende as paredes de qualquer galeria tradicional. Essa configura\u00e7\u00e3o ao ar livre reflete sobre como a arte pode influenciar e ser influenciada pelo espa\u00e7o p\u00fablico e pelos indiv\u00edduos que o habitam.<\/p>\n<h2>Intera\u00e7\u00f5es Urbanas e Arte<\/h2>\n<p>As interven\u00e7\u00f5es art\u00edsticas na ABERTO Rua desafiam a percep\u00e7\u00e3o cotidiana e incentivam os pedestres a se envolverem com o ambiente. Por exemplo, a obra de Paulo Nimer Pjota, apresentada na pra\u00e7a Luis Carlos Paran\u00e1, \u00e9 uma pintura de grandes dimens\u00f5es que transforma o olhar do p\u00fablico sobre o espa\u00e7o. Marcos Chaves, por sua vez, utiliza ironia em suas obras, criando cr\u00edticas visuais ao cotidiano urbano.<\/p>\n<h2>Import\u00e2ncia da Democracia Cultural<\/h2>\n<p>O projeto tem um forte enfoque na <strong>democracia cultural<\/strong>, garantindo que a arte n\u00e3o esteja restrita a locais elitizados, mas sim acess\u00edvel a todos. Esse acesso livre \u00e0 arte contempor\u00e2nea representa uma oportunidade para que cada pessoa possa experienciar e se relacionar com diferentes manifesta\u00e7\u00f5es art\u00edsticas, promovendo uma cultura inclusiva e diversificada.<\/p>\n<h2>Apoio e Parcerias na Exposi\u00e7\u00e3o<\/h2>\n<p>A ABERTO Rua conta com a valiosa colabora\u00e7\u00e3o da <strong>Farah Service<\/strong>, uma empresa dedicada \u00e0 gest\u00e3o de espa\u00e7os urbanos. Este apoio foi fundamental para facilitar a ocupa\u00e7\u00e3o do espa\u00e7o p\u00fablico, permitindo que a arte transborde para as ruas e se conecte ao cotidiano das pessoas.<\/p>\n<h2>Hist\u00f3ria e Evolu\u00e7\u00e3o da Plataforma ABERTO<\/h2>\n<p>Desde sua cria\u00e7\u00e3o, a ABERTO tem se destacado por transformar espa\u00e7os arquitet\u00f4nicos e modernistas ic\u00f4nicos em galerias tempor\u00e1rias de arte e design. Iniciativas anteriores inclu\u00edram exposi\u00e7\u00f5es em casas projetadas por grandes nomes da arquitetura, como Oscar Niemeyer. Ao longo do tempo, a plataforma inovou sua abordagem de curadoria ao expandir suas exposi\u00e7\u00f5es para o espa\u00e7o p\u00fablico, tornando-se um modelo de acessibilidade e inclus\u00e3o cultural.<\/p>\n<h2>Expectativas para o Futuro da Arte Urbana<\/h2>\n<p>O futuro da arte urbana parece promissor, com iniciativas como a ABERTO Rua abrindo caminho para que mais projetos assim sejam realizados. Espera-se que haja um aumento na participa\u00e7\u00e3o do p\u00fablico nas atividades culturais, gerando um ciclo positivo de intera\u00e7\u00e3o e aprecia\u00e7\u00e3o art\u00edstica.<\/p>\n<h2>Como Visitar a ABERTO Rua<\/h2>\n<p>A visita\u00e7\u00e3o \u00e0 ABERTO Rua \u00e9 gratuita e est\u00e1 aberta ao p\u00fablico em geral. N\u00e3o \u00e9 necess\u00e1rio agendamento pr\u00e9vio, permitindo que todos possam explorar as obras explorando a Avenida Faria Lima em um ambiente din\u00e2mico e acess\u00edvel. Para mais informa\u00e7\u00f5es sobre os artistas e obras expostas, recomenda-se acompanhar as atualiza\u00e7\u00f5es da plataforma ABERTO em suas redes sociais e site oficial.<\/p>\n","protected":false},"excerpt":{"rendered":"<p>Aberto Rua \u00e9 o novo espa\u00e7o de arte contempor\u00e2nea que voc\u00ea precisa conhecer.<\/p>\n","protected":false},"author":1,"featured_media":4443,"comment_status":"open","ping_status":"open","sticky":false,"template":"","format":"standard","meta":{"footnotes":""},"categories":[5],"tags":[],"class_list":["post-4444","post","type-post","status-publish","format-standard","has-post-thumbnail","hentry","category-noticias","has_thumb"],"yoast_head":"<!-- This site is optimized with the Yoast SEO plugin v27.4 - https:\/\/yoast.com\/product\/yoast-seo-wordpress\/ -->\n<title>ABERTO Rua | Guia Comercial Avenida Faria Lima<\/title>\n<meta name=\"robots\" content=\"index, follow, max-snippet:-1, max-image-preview:large, max-video-preview:-1\" \/>\n<link rel=\"canonical\" href=\"https:\/\/www.encontrajardins.com.br\/av-faria-lima\/aberto-rua\/\" \/>\n<meta property=\"og:locale\" content=\"pt_BR\" \/>\n<meta property=\"og:type\" content=\"article\" \/>\n<meta property=\"og:title\" content=\"ABERTO Rua | Guia Comercial Avenida Faria Lima\" \/>\n<meta property=\"og:description\" content=\"Aberto Rua \u00e9 o novo espa\u00e7o de arte contempor\u00e2nea que voc\u00ea precisa conhecer.\" \/>\n<meta property=\"og:url\" content=\"https:\/\/www.encontrajardins.com.br\/av-faria-lima\/aberto-rua\/\" \/>\n<meta property=\"og:site_name\" content=\"Guia Comercial Avenida Faria Lima\" \/>\n<meta property=\"article:published_time\" content=\"2026-04-01T15:28:55+00:00\" \/>\n<meta property=\"og:image\" content=\"https:\/\/www.encontrajardins.com.br\/av-faria-lima\/wp-content\/uploads\/2026\/04\/aberto-rua.webp\" \/>\n<meta name=\"author\" content=\"Encontra Avenida Faria Lima\" \/>\n<meta name=\"twitter:card\" content=\"summary_large_image\" \/>\n<meta name=\"twitter:label1\" content=\"Escrito por\" \/>\n\t<meta name=\"twitter:data1\" content=\"Encontra Avenida Faria Lima\" \/>\n\t<meta name=\"twitter:label2\" content=\"Est. tempo de leitura\" \/>\n\t<meta name=\"twitter:data2\" content=\"4 minutos\" \/>\n<script type=\"application\/ld+json\" class=\"yoast-schema-graph\">{\"@context\":\"https:\\\/\\\/schema.org\",\"@graph\":[{\"@type\":\"Article\",\"@id\":\"https:\\\/\\\/www.encontrajardins.com.br\\\/av-faria-lima\\\/aberto-rua\\\/#article\",\"isPartOf\":{\"@id\":\"https:\\\/\\\/www.encontrajardins.com.br\\\/av-faria-lima\\\/aberto-rua\\\/\"},\"author\":{\"name\":\"Encontra Avenida Faria Lima\",\"@id\":\"https:\\\/\\\/www.encontrajardins.com.br\\\/av-faria-lima\\\/#\\\/schema\\\/person\\\/79badd2a12b75d685ad41dac082e5111\"},\"headline\":\"ABERTO Rua\",\"datePublished\":\"2026-04-01T15:28:55+00:00\",\"mainEntityOfPage\":{\"@id\":\"https:\\\/\\\/www.encontrajardins.com.br\\\/av-faria-lima\\\/aberto-rua\\\/\"},\"wordCount\":729,\"commentCount\":0,\"image\":{\"@id\":\"https:\\\/\\\/www.encontrajardins.com.br\\\/av-faria-lima\\\/aberto-rua\\\/#primaryimage\"},\"thumbnailUrl\":\"https:\\\/\\\/www.encontrajardins.com.br\\\/av-faria-lima\\\/wp-content\\\/uploads\\\/2026\\\/04\\\/aberto-rua.webp\",\"articleSection\":[\"Not\u00edcias Avenida Faria Lima\"],\"inLanguage\":\"pt-BR\",\"potentialAction\":[{\"@type\":\"CommentAction\",\"name\":\"Comment\",\"target\":[\"https:\\\/\\\/www.encontrajardins.com.br\\\/av-faria-lima\\\/aberto-rua\\\/#respond\"]}]},{\"@type\":\"WebPage\",\"@id\":\"https:\\\/\\\/www.encontrajardins.com.br\\\/av-faria-lima\\\/aberto-rua\\\/\",\"url\":\"https:\\\/\\\/www.encontrajardins.com.br\\\/av-faria-lima\\\/aberto-rua\\\/\",\"name\":\"ABERTO Rua | Guia Comercial Avenida Faria Lima\",\"isPartOf\":{\"@id\":\"https:\\\/\\\/www.encontrajardins.com.br\\\/av-faria-lima\\\/#website\"},\"primaryImageOfPage\":{\"@id\":\"https:\\\/\\\/www.encontrajardins.com.br\\\/av-faria-lima\\\/aberto-rua\\\/#primaryimage\"},\"image\":{\"@id\":\"https:\\\/\\\/www.encontrajardins.com.br\\\/av-faria-lima\\\/aberto-rua\\\/#primaryimage\"},\"thumbnailUrl\":\"https:\\\/\\\/www.encontrajardins.com.br\\\/av-faria-lima\\\/wp-content\\\/uploads\\\/2026\\\/04\\\/aberto-rua.webp\",\"datePublished\":\"2026-04-01T15:28:55+00:00\",\"author\":{\"@id\":\"https:\\\/\\\/www.encontrajardins.com.br\\\/av-faria-lima\\\/#\\\/schema\\\/person\\\/79badd2a12b75d685ad41dac082e5111\"},\"inLanguage\":\"pt-BR\",\"potentialAction\":[{\"@type\":\"ReadAction\",\"target\":[\"https:\\\/\\\/www.encontrajardins.com.br\\\/av-faria-lima\\\/aberto-rua\\\/\"]}]},{\"@type\":\"ImageObject\",\"inLanguage\":\"pt-BR\",\"@id\":\"https:\\\/\\\/www.encontrajardins.com.br\\\/av-faria-lima\\\/aberto-rua\\\/#primaryimage\",\"url\":\"https:\\\/\\\/www.encontrajardins.com.br\\\/av-faria-lima\\\/wp-content\\\/uploads\\\/2026\\\/04\\\/aberto-rua.webp\",\"contentUrl\":\"https:\\\/\\\/www.encontrajardins.com.br\\\/av-faria-lima\\\/wp-content\\\/uploads\\\/2026\\\/04\\\/aberto-rua.webp\",\"width\":280,\"height\":280,\"caption\":\"Marketplace de Arte Contempor\u00e2nea\"},{\"@type\":\"WebSite\",\"@id\":\"https:\\\/\\\/www.encontrajardins.com.br\\\/av-faria-lima\\\/#website\",\"url\":\"https:\\\/\\\/www.encontrajardins.com.br\\\/av-faria-lima\\\/\",\"name\":\"Guia Comercial Avenida Faria Lima\",\"description\":\"ENCONTRA AVENIDA FARIA LIMA - O guia comercial de neg\u00f3cios e empresas, cultura e divers\u00e3o na Avenida Faria Lima. Feito 100% para voc\u00ea morador!\",\"potentialAction\":[{\"@type\":\"SearchAction\",\"target\":{\"@type\":\"EntryPoint\",\"urlTemplate\":\"https:\\\/\\\/www.encontrajardins.com.br\\\/av-faria-lima\\\/?s={search_term_string}\"},\"query-input\":{\"@type\":\"PropertyValueSpecification\",\"valueRequired\":true,\"valueName\":\"search_term_string\"}}],\"inLanguage\":\"pt-BR\"},{\"@type\":\"Person\",\"@id\":\"https:\\\/\\\/www.encontrajardins.com.br\\\/av-faria-lima\\\/#\\\/schema\\\/person\\\/79badd2a12b75d685ad41dac082e5111\",\"name\":\"Encontra Avenida Faria Lima\",\"image\":{\"@type\":\"ImageObject\",\"inLanguage\":\"pt-BR\",\"@id\":\"https:\\\/\\\/www.encontrajardins.com.br\\\/av-faria-lima\\\/wp-content\\\/litespeed\\\/avatar\\\/e92a756db1fc224ef50d2f00ed0d047a.jpg?ver=1776988651\",\"url\":\"https:\\\/\\\/www.encontrajardins.com.br\\\/av-faria-lima\\\/wp-content\\\/litespeed\\\/avatar\\\/e92a756db1fc224ef50d2f00ed0d047a.jpg?ver=1776988651\",\"contentUrl\":\"https:\\\/\\\/www.encontrajardins.com.br\\\/av-faria-lima\\\/wp-content\\\/litespeed\\\/avatar\\\/e92a756db1fc224ef50d2f00ed0d047a.jpg?ver=1776988651\",\"caption\":\"Encontra Avenida Faria Lima\"},\"url\":\"https:\\\/\\\/www.encontrajardins.com.br\\\/av-faria-lima\\\/author\\\/av-faria-lima\\\/\"}]}<\/script>\n<!-- \/ Yoast SEO plugin. -->","yoast_head_json":{"title":"ABERTO Rua | Guia Comercial Avenida Faria Lima","robots":{"index":"index","follow":"follow","max-snippet":"max-snippet:-1","max-image-preview":"max-image-preview:large","max-video-preview":"max-video-preview:-1"},"canonical":"https:\/\/www.encontrajardins.com.br\/av-faria-lima\/aberto-rua\/","og_locale":"pt_BR","og_type":"article","og_title":"ABERTO Rua | Guia Comercial Avenida Faria Lima","og_description":"Aberto Rua \u00e9 o novo espa\u00e7o de arte contempor\u00e2nea que voc\u00ea precisa conhecer.","og_url":"https:\/\/www.encontrajardins.com.br\/av-faria-lima\/aberto-rua\/","og_site_name":"Guia Comercial Avenida Faria Lima","article_published_time":"2026-04-01T15:28:55+00:00","og_image":[{"url":"https:\/\/www.encontrajardins.com.br\/av-faria-lima\/wp-content\/uploads\/2026\/04\/aberto-rua.webp","type":"","width":"","height":""}],"author":"Encontra Avenida Faria Lima","twitter_card":"summary_large_image","twitter_misc":{"Escrito por":"Encontra Avenida Faria Lima","Est. tempo de leitura":"4 minutos"},"schema":{"@context":"https:\/\/schema.org","@graph":[{"@type":"Article","@id":"https:\/\/www.encontrajardins.com.br\/av-faria-lima\/aberto-rua\/#article","isPartOf":{"@id":"https:\/\/www.encontrajardins.com.br\/av-faria-lima\/aberto-rua\/"},"author":{"name":"Encontra Avenida Faria Lima","@id":"https:\/\/www.encontrajardins.com.br\/av-faria-lima\/#\/schema\/person\/79badd2a12b75d685ad41dac082e5111"},"headline":"ABERTO Rua","datePublished":"2026-04-01T15:28:55+00:00","mainEntityOfPage":{"@id":"https:\/\/www.encontrajardins.com.br\/av-faria-lima\/aberto-rua\/"},"wordCount":729,"commentCount":0,"image":{"@id":"https:\/\/www.encontrajardins.com.br\/av-faria-lima\/aberto-rua\/#primaryimage"},"thumbnailUrl":"https:\/\/www.encontrajardins.com.br\/av-faria-lima\/wp-content\/uploads\/2026\/04\/aberto-rua.webp","articleSection":["Not\u00edcias Avenida Faria Lima"],"inLanguage":"pt-BR","potentialAction":[{"@type":"CommentAction","name":"Comment","target":["https:\/\/www.encontrajardins.com.br\/av-faria-lima\/aberto-rua\/#respond"]}]},{"@type":"WebPage","@id":"https:\/\/www.encontrajardins.com.br\/av-faria-lima\/aberto-rua\/","url":"https:\/\/www.encontrajardins.com.br\/av-faria-lima\/aberto-rua\/","name":"ABERTO Rua | Guia Comercial Avenida Faria Lima","isPartOf":{"@id":"https:\/\/www.encontrajardins.com.br\/av-faria-lima\/#website"},"primaryImageOfPage":{"@id":"https:\/\/www.encontrajardins.com.br\/av-faria-lima\/aberto-rua\/#primaryimage"},"image":{"@id":"https:\/\/www.encontrajardins.com.br\/av-faria-lima\/aberto-rua\/#primaryimage"},"thumbnailUrl":"https:\/\/www.encontrajardins.com.br\/av-faria-lima\/wp-content\/uploads\/2026\/04\/aberto-rua.webp","datePublished":"2026-04-01T15:28:55+00:00","author":{"@id":"https:\/\/www.encontrajardins.com.br\/av-faria-lima\/#\/schema\/person\/79badd2a12b75d685ad41dac082e5111"},"inLanguage":"pt-BR","potentialAction":[{"@type":"ReadAction","target":["https:\/\/www.encontrajardins.com.br\/av-faria-lima\/aberto-rua\/"]}]},{"@type":"ImageObject","inLanguage":"pt-BR","@id":"https:\/\/www.encontrajardins.com.br\/av-faria-lima\/aberto-rua\/#primaryimage","url":"https:\/\/www.encontrajardins.com.br\/av-faria-lima\/wp-content\/uploads\/2026\/04\/aberto-rua.webp","contentUrl":"https:\/\/www.encontrajardins.com.br\/av-faria-lima\/wp-content\/uploads\/2026\/04\/aberto-rua.webp","width":280,"height":280,"caption":"Marketplace de Arte Contempor\u00e2nea"},{"@type":"WebSite","@id":"https:\/\/www.encontrajardins.com.br\/av-faria-lima\/#website","url":"https:\/\/www.encontrajardins.com.br\/av-faria-lima\/","name":"Guia Comercial Avenida Faria Lima","description":"ENCONTRA AVENIDA FARIA LIMA - O guia comercial de neg\u00f3cios e empresas, cultura e divers\u00e3o na Avenida Faria Lima. Feito 100% para voc\u00ea morador!","potentialAction":[{"@type":"SearchAction","target":{"@type":"EntryPoint","urlTemplate":"https:\/\/www.encontrajardins.com.br\/av-faria-lima\/?s={search_term_string}"},"query-input":{"@type":"PropertyValueSpecification","valueRequired":true,"valueName":"search_term_string"}}],"inLanguage":"pt-BR"},{"@type":"Person","@id":"https:\/\/www.encontrajardins.com.br\/av-faria-lima\/#\/schema\/person\/79badd2a12b75d685ad41dac082e5111","name":"Encontra Avenida Faria Lima","image":{"@type":"ImageObject","inLanguage":"pt-BR","@id":"https:\/\/www.encontrajardins.com.br\/av-faria-lima\/wp-content\/litespeed\/avatar\/e92a756db1fc224ef50d2f00ed0d047a.jpg?ver=1776988651","url":"https:\/\/www.encontrajardins.com.br\/av-faria-lima\/wp-content\/litespeed\/avatar\/e92a756db1fc224ef50d2f00ed0d047a.jpg?ver=1776988651","contentUrl":"https:\/\/www.encontrajardins.com.br\/av-faria-lima\/wp-content\/litespeed\/avatar\/e92a756db1fc224ef50d2f00ed0d047a.jpg?ver=1776988651","caption":"Encontra Avenida Faria Lima"},"url":"https:\/\/www.encontrajardins.com.br\/av-faria-lima\/author\/av-faria-lima\/"}]}},"_links":{"self":[{"href":"https:\/\/www.encontrajardins.com.br\/av-faria-lima\/wp-json\/wp\/v2\/posts\/4444","targetHints":{"allow":["GET"]}}],"collection":[{"href":"https:\/\/www.encontrajardins.com.br\/av-faria-lima\/wp-json\/wp\/v2\/posts"}],"about":[{"href":"https:\/\/www.encontrajardins.com.br\/av-faria-lima\/wp-json\/wp\/v2\/types\/post"}],"author":[{"embeddable":true,"href":"https:\/\/www.encontrajardins.com.br\/av-faria-lima\/wp-json\/wp\/v2\/users\/1"}],"replies":[{"embeddable":true,"href":"https:\/\/www.encontrajardins.com.br\/av-faria-lima\/wp-json\/wp\/v2\/comments?post=4444"}],"version-history":[{"count":0,"href":"https:\/\/www.encontrajardins.com.br\/av-faria-lima\/wp-json\/wp\/v2\/posts\/4444\/revisions"}],"wp:featuredmedia":[{"embeddable":true,"href":"https:\/\/www.encontrajardins.com.br\/av-faria-lima\/wp-json\/wp\/v2\/media\/4443"}],"wp:attachment":[{"href":"https:\/\/www.encontrajardins.com.br\/av-faria-lima\/wp-json\/wp\/v2\/media?parent=4444"}],"wp:term":[{"taxonomy":"category","embeddable":true,"href":"https:\/\/www.encontrajardins.com.br\/av-faria-lima\/wp-json\/wp\/v2\/categories?post=4444"},{"taxonomy":"post_tag","embeddable":true,"href":"https:\/\/www.encontrajardins.com.br\/av-faria-lima\/wp-json\/wp\/v2\/tags?post=4444"}],"curies":[{"name":"wp","href":"https:\/\/api.w.org\/{rel}","templated":true}]}}