{"id":4452,"date":"2026-04-03T12:22:49","date_gmt":"2026-04-03T15:22:49","guid":{"rendered":"https:\/\/www.encontrajardins.com.br\/av-faria-lima\/lula-critica-faria-lima-ao-defender-investimentos-do-pe\/"},"modified":"2026-04-03T12:22:49","modified_gmt":"2026-04-03T15:22:49","slug":"lula-critica-faria-lima-ao-defender-investimentos-do-pe","status":"publish","type":"post","link":"https:\/\/www.encontrajardins.com.br\/av-faria-lima\/lula-critica-faria-lima-ao-defender-investimentos-do-pe\/","title":{"rendered":"Lula critica Faria Lima ao defender investimentos do P\u00e9"},"content":{"rendered":"<h2>O que \u00e9 o Programa P\u00e9-de-Meia?<\/h2>\n<p>O Programa P\u00e9-de-Meia \u00e9 uma iniciativa criada com o objetivo de proporcionar apoio financeiro e educacional a estudantes de baixa renda, com idades entre 14 e 24 anos. A proposta central \u00e9 reduzir a evas\u00e3o escolar no ensino m\u00e9dio, ao mesmo tempo em que busca combater a desigualdade social evidente entre os jovens brasileiros. Este programa funciona como uma esp\u00e9cie de poupan\u00e7a, incentivando os alunos a permanecerem na escola e a investirem em seu futuro acad\u00eamico.<\/p>\n<h2>A rea\u00e7\u00e3o da elite financeira de S\u00e3o Paulo<\/h2>\n<p>Em um discurso recente, o presidente Luiz In\u00e1cio Lula da Silva destacou que os investidores na regi\u00e3o de Faria Lima, em S\u00e3o Paulo, est\u00e3o insatisfeitos com sua administra\u00e7\u00e3o. O descontentamento, segundo Lula, surge do fato de que R$ 18 bilh\u00f5es est\u00e3o sendo direcionados para o Programa P\u00e9-de-Meia, em vez de ser aplicado em institui\u00e7\u00f5es financeiras que poderiam aumentar ainda mais a riqueza dos banqueiros. A cr\u00edtica reflete a tens\u00e3o entre os interesses da elite financeira e as estrat\u00e9gias de inclus\u00e3o social promovidas pelo governo.<\/p>\n<h2>Como os investimentos em educa\u00e7\u00e3o impactam a sociedade<\/h2>\n<p>Investimentos em educa\u00e7\u00e3o s\u00e3o fundamentais para o desenvolvimento de uma sociedade mais justa e igualit\u00e1ria. O Programa P\u00e9-de-Meia, ao focar em estudantes de baixa renda, visa n\u00e3o apenas aumentar a taxa de conclus\u00e3o do ensino m\u00e9dio, mas tamb\u00e9m oferecer uma oportunidade para que esses jovens acessem um futuro melhor. A educa\u00e7\u00e3o de qualidade \u00e9 um dos pilares para reduzir a pobreza e promover o crescimento econ\u00f4mico sustent\u00e1vel, criando assim uma m\u00e3o de obra mais qualificada.<\/p>\n<p><img decoding=\"async\" src=\"https:\/\/www.encontrajardins.com.br\/av-faria-lima\/wp-content\/uploads\/2026\/04\/lula-critica-faria-lima-ao-defender-investimentos-do-pe.webp\" alt=\"Lula investe no P\u00e9-de-Meia\" loading=\"lazy\" \/><\/p>\n<h2>Lula e a cr\u00edtica \u00e0s desigualdades sociais<\/h2>\n<p>Lula, em suas falas, reiterou a import\u00e2ncia de enfrentar as desigualdades sociais que persistem no Brasil. Ele argumenta que parte do atraso do pa\u00eds em diversas \u00e1reas, especialmente na educa\u00e7\u00e3o, \u00e9 atribu\u00edda a uma elite que historicamente se preocupou mais em enviar seus filhos para estudar em institui\u00e7\u00f5es no exterior do que em investir na educa\u00e7\u00e3o de todos. Essa vis\u00e3o cr\u00edtica \u00e9 uma tentativa de mobilizar a sociedade para valorizar a educa\u00e7\u00e3o como um bem comum que deve ser acess\u00edvel a todos, independentemente da renda.<\/p>\n<h2>A import\u00e2ncia da inclus\u00e3o financeira na educa\u00e7\u00e3o<\/h2>\n<p>O conceito de inclus\u00e3o financeira dentro do escopo educativo \u00e9 vital. Programas como o P\u00e9-de-Meia n\u00e3o apenas oferecem assist\u00eancia financeira, mas tamb\u00e9m conscientizam os jovens sobre a import\u00e2ncia da gest\u00e3o de recursos financeiros. A inclus\u00e3o financeira permite que jovens de fam\u00edlias de baixa renda aprendam a poupar e a administrar seu dinheiro, habilidades essenciais para a vida adulta e para se tornarem cidad\u00e3os produtivos na sociedade.<\/p>\n<h2>Investimentos do governo versus interesses dos banqueiros<\/h2>\n<p>O investimento do governo no Programa P\u00e9-de-Meia demonstra um compromisso com a educa\u00e7\u00e3o e a inclus\u00e3o social, ao passo que os interesses financeiros dos banqueiros tendem a focar em lucros imediatos. Essa discrep\u00e2ncia entre o foco em investimento social e o lucro financeiro imediato acirra o debate sobre a dire\u00e7\u00e3o das pol\u00edticas p\u00fablicas e os valores que elas promovem. A defesa de Lula pela educa\u00e7\u00e3o gratuita e acess\u00edvel contrasta com os objetivos de maximiza\u00e7\u00e3o de ganhos que predominam no setor banc\u00e1rio.<\/p>\n<h2>Impactos do programa sobre a evas\u00e3o escolar<\/h2>\n<p>Com a implementa\u00e7\u00e3o do P\u00e9-de-Meia, espera-se uma redu\u00e7\u00e3o significativa da evas\u00e3o escolar, uma vez que os jovens s\u00e3o incentivados a permanecer na escola para garantir o benef\u00edcio financeiro. A possibilidade de receber uma ajuda econ\u00f4mica no per\u00edodo escolar pode ser um motivador decisivo para muitos estudantes que enfrentam dificuldades financeiras e, portanto, proporciona uma oportunidade de romper com o ciclo da pobreza.<\/p>\n<h2>A ret\u00f3rica de Lula em prol dos pobres<\/h2>\n<p>Lula tem se posicionado como um defensor dos pobres, utilizando ret\u00f3ricas que ressaltam a import\u00e2ncia da inclus\u00e3o social e a necessidade de reverter desigualdades hist\u00f3ricas. Em um momento de inaugura\u00e7\u00e3o, ele enfatizou que colocar dinheiro nas m\u00e3os de quem mais precisa \u00e9 uma estrat\u00e9gia eficaz para estimular a economia. Ao promover o P\u00e9-de-Meia, o presidente defende que, ao fortalecer a educa\u00e7\u00e3o e reduzir as desigualdades, o Brasil poder\u00e1 avan\u00e7ar significativamente em v\u00e1rios aspectos sociais e econ\u00f4micos.<\/p>\n<h2>Desafios enfrentados na execu\u00e7\u00e3o do P\u00e9-de-Meia<\/h2>\n<p>Apesar das boas inten\u00e7\u00f5es, a execu\u00e7\u00e3o do Programa P\u00e9-de-Meia enfrenta v\u00e1rios desafios. A garantia de recursos, a log\u00edstica de distribui\u00e7\u00e3o das ajudas e a gest\u00e3o do programa s\u00e3o algumas das barreiras que precisam ser superadas. Al\u00e9m disso, a resist\u00eancia por parte de grupos financeiros que n\u00e3o veem valor nos investimentos educacionais pode complicar ainda mais a implementa\u00e7\u00e3o de pol\u00edticas eficazes. Portanto, \u00e9 essencial que o governo mantenha um di\u00e1logo constante com a sociedade sobre as melhores formas de investir na educa\u00e7\u00e3o dos jovens brasileiros.<\/p>\n<h2>Perspectivas futuras para a educa\u00e7\u00e3o no Brasil<\/h2>\n<p>O olhar para o futuro da educa\u00e7\u00e3o no Brasil, especialmente atrav\u00e9s do Programa P\u00e9-de-Meia, \u00e9 de esperan\u00e7a e transforma\u00e7\u00e3o. A continuidade de investimentos diretos em educa\u00e7\u00e3o, aliada a pol\u00edticas p\u00fablicas que garantam a inclus\u00e3o social, podem gerar mudan\u00e7as significativas nos pr\u00f3ximos anos. Essa abordagem pode criar oportunidades iguais para jovens de diferentes classes sociais, contribuindo para um Brasil mais justo e educado.<\/p>\n","protected":false},"excerpt":{"rendered":"<p>Lula critica a elite da Faria Lima ao defender o programa P\u00e9-de-Meia.<\/p>\n","protected":false},"author":1,"featured_media":4451,"comment_status":"open","ping_status":"open","sticky":false,"template":"","format":"standard","meta":{"footnotes":""},"categories":[5],"tags":[],"class_list":["post-4452","post","type-post","status-publish","format-standard","has-post-thumbnail","hentry","category-noticias","has_thumb"],"yoast_head":"<!-- This site is optimized with the Yoast SEO plugin v27.4 - https:\/\/yoast.com\/product\/yoast-seo-wordpress\/ -->\n<title>Lula critica Faria Lima ao defender investimentos do P\u00e9 | Guia Comercial Avenida Faria Lima<\/title>\n<meta name=\"robots\" content=\"index, follow, max-snippet:-1, max-image-preview:large, max-video-preview:-1\" \/>\n<link rel=\"canonical\" href=\"https:\/\/www.encontrajardins.com.br\/av-faria-lima\/lula-critica-faria-lima-ao-defender-investimentos-do-pe\/\" \/>\n<meta property=\"og:locale\" content=\"pt_BR\" \/>\n<meta property=\"og:type\" content=\"article\" \/>\n<meta property=\"og:title\" content=\"Lula critica Faria Lima ao defender investimentos do P\u00e9 | Guia Comercial Avenida Faria Lima\" \/>\n<meta property=\"og:description\" content=\"Lula critica a elite da Faria Lima ao defender o programa P\u00e9-de-Meia.\" \/>\n<meta property=\"og:url\" content=\"https:\/\/www.encontrajardins.com.br\/av-faria-lima\/lula-critica-faria-lima-ao-defender-investimentos-do-pe\/\" \/>\n<meta property=\"og:site_name\" content=\"Guia Comercial Avenida Faria Lima\" \/>\n<meta property=\"article:published_time\" content=\"2026-04-03T15:22:49+00:00\" \/>\n<meta property=\"og:image\" content=\"https:\/\/www.encontrajardins.com.br\/av-faria-lima\/wp-content\/uploads\/2026\/04\/lula-critica-faria-lima-ao-defender-investimentos-do-pe.webp\" \/>\n<meta name=\"author\" content=\"Encontra Avenida Faria Lima\" \/>\n<meta name=\"twitter:card\" content=\"summary_large_image\" \/>\n<meta name=\"twitter:label1\" content=\"Escrito por\" \/>\n\t<meta name=\"twitter:data1\" content=\"Encontra Avenida Faria Lima\" \/>\n\t<meta name=\"twitter:label2\" content=\"Est. tempo de leitura\" \/>\n\t<meta name=\"twitter:data2\" content=\"5 minutos\" \/>\n<script type=\"application\/ld+json\" class=\"yoast-schema-graph\">{\"@context\":\"https:\\\/\\\/schema.org\",\"@graph\":[{\"@type\":\"Article\",\"@id\":\"https:\\\/\\\/www.encontrajardins.com.br\\\/av-faria-lima\\\/lula-critica-faria-lima-ao-defender-investimentos-do-pe\\\/#article\",\"isPartOf\":{\"@id\":\"https:\\\/\\\/www.encontrajardins.com.br\\\/av-faria-lima\\\/lula-critica-faria-lima-ao-defender-investimentos-do-pe\\\/\"},\"author\":{\"name\":\"Encontra Avenida Faria Lima\",\"@id\":\"https:\\\/\\\/www.encontrajardins.com.br\\\/av-faria-lima\\\/#\\\/schema\\\/person\\\/79badd2a12b75d685ad41dac082e5111\"},\"headline\":\"Lula critica Faria Lima ao defender investimentos do P\u00e9\",\"datePublished\":\"2026-04-03T15:22:49+00:00\",\"mainEntityOfPage\":{\"@id\":\"https:\\\/\\\/www.encontrajardins.com.br\\\/av-faria-lima\\\/lula-critica-faria-lima-ao-defender-investimentos-do-pe\\\/\"},\"wordCount\":939,\"commentCount\":0,\"image\":{\"@id\":\"https:\\\/\\\/www.encontrajardins.com.br\\\/av-faria-lima\\\/lula-critica-faria-lima-ao-defender-investimentos-do-pe\\\/#primaryimage\"},\"thumbnailUrl\":\"https:\\\/\\\/www.encontrajardins.com.br\\\/av-faria-lima\\\/wp-content\\\/uploads\\\/2026\\\/04\\\/lula-critica-faria-lima-ao-defender-investimentos-do-pe.webp\",\"articleSection\":[\"Not\u00edcias Avenida Faria Lima\"],\"inLanguage\":\"pt-BR\",\"potentialAction\":[{\"@type\":\"CommentAction\",\"name\":\"Comment\",\"target\":[\"https:\\\/\\\/www.encontrajardins.com.br\\\/av-faria-lima\\\/lula-critica-faria-lima-ao-defender-investimentos-do-pe\\\/#respond\"]}]},{\"@type\":\"WebPage\",\"@id\":\"https:\\\/\\\/www.encontrajardins.com.br\\\/av-faria-lima\\\/lula-critica-faria-lima-ao-defender-investimentos-do-pe\\\/\",\"url\":\"https:\\\/\\\/www.encontrajardins.com.br\\\/av-faria-lima\\\/lula-critica-faria-lima-ao-defender-investimentos-do-pe\\\/\",\"name\":\"Lula critica Faria Lima ao defender investimentos do P\u00e9 | Guia Comercial Avenida Faria Lima\",\"isPartOf\":{\"@id\":\"https:\\\/\\\/www.encontrajardins.com.br\\\/av-faria-lima\\\/#website\"},\"primaryImageOfPage\":{\"@id\":\"https:\\\/\\\/www.encontrajardins.com.br\\\/av-faria-lima\\\/lula-critica-faria-lima-ao-defender-investimentos-do-pe\\\/#primaryimage\"},\"image\":{\"@id\":\"https:\\\/\\\/www.encontrajardins.com.br\\\/av-faria-lima\\\/lula-critica-faria-lima-ao-defender-investimentos-do-pe\\\/#primaryimage\"},\"thumbnailUrl\":\"https:\\\/\\\/www.encontrajardins.com.br\\\/av-faria-lima\\\/wp-content\\\/uploads\\\/2026\\\/04\\\/lula-critica-faria-lima-ao-defender-investimentos-do-pe.webp\",\"datePublished\":\"2026-04-03T15:22:49+00:00\",\"author\":{\"@id\":\"https:\\\/\\\/www.encontrajardins.com.br\\\/av-faria-lima\\\/#\\\/schema\\\/person\\\/79badd2a12b75d685ad41dac082e5111\"},\"inLanguage\":\"pt-BR\",\"potentialAction\":[{\"@type\":\"ReadAction\",\"target\":[\"https:\\\/\\\/www.encontrajardins.com.br\\\/av-faria-lima\\\/lula-critica-faria-lima-ao-defender-investimentos-do-pe\\\/\"]}]},{\"@type\":\"ImageObject\",\"inLanguage\":\"pt-BR\",\"@id\":\"https:\\\/\\\/www.encontrajardins.com.br\\\/av-faria-lima\\\/lula-critica-faria-lima-ao-defender-investimentos-do-pe\\\/#primaryimage\",\"url\":\"https:\\\/\\\/www.encontrajardins.com.br\\\/av-faria-lima\\\/wp-content\\\/uploads\\\/2026\\\/04\\\/lula-critica-faria-lima-ao-defender-investimentos-do-pe.webp\",\"contentUrl\":\"https:\\\/\\\/www.encontrajardins.com.br\\\/av-faria-lima\\\/wp-content\\\/uploads\\\/2026\\\/04\\\/lula-critica-faria-lima-ao-defender-investimentos-do-pe.webp\",\"width\":280,\"height\":280,\"caption\":\"Lula investe no P\u00e9-de-Meia\"},{\"@type\":\"WebSite\",\"@id\":\"https:\\\/\\\/www.encontrajardins.com.br\\\/av-faria-lima\\\/#website\",\"url\":\"https:\\\/\\\/www.encontrajardins.com.br\\\/av-faria-lima\\\/\",\"name\":\"Guia Comercial Avenida Faria Lima\",\"description\":\"ENCONTRA AVENIDA FARIA LIMA - O guia comercial de neg\u00f3cios e empresas, cultura e divers\u00e3o na Avenida Faria Lima. Feito 100% para voc\u00ea morador!\",\"potentialAction\":[{\"@type\":\"SearchAction\",\"target\":{\"@type\":\"EntryPoint\",\"urlTemplate\":\"https:\\\/\\\/www.encontrajardins.com.br\\\/av-faria-lima\\\/?s={search_term_string}\"},\"query-input\":{\"@type\":\"PropertyValueSpecification\",\"valueRequired\":true,\"valueName\":\"search_term_string\"}}],\"inLanguage\":\"pt-BR\"},{\"@type\":\"Person\",\"@id\":\"https:\\\/\\\/www.encontrajardins.com.br\\\/av-faria-lima\\\/#\\\/schema\\\/person\\\/79badd2a12b75d685ad41dac082e5111\",\"name\":\"Encontra Avenida Faria Lima\",\"image\":{\"@type\":\"ImageObject\",\"inLanguage\":\"pt-BR\",\"@id\":\"https:\\\/\\\/www.encontrajardins.com.br\\\/av-faria-lima\\\/wp-content\\\/litespeed\\\/avatar\\\/e92a756db1fc224ef50d2f00ed0d047a.jpg?ver=1776988651\",\"url\":\"https:\\\/\\\/www.encontrajardins.com.br\\\/av-faria-lima\\\/wp-content\\\/litespeed\\\/avatar\\\/e92a756db1fc224ef50d2f00ed0d047a.jpg?ver=1776988651\",\"contentUrl\":\"https:\\\/\\\/www.encontrajardins.com.br\\\/av-faria-lima\\\/wp-content\\\/litespeed\\\/avatar\\\/e92a756db1fc224ef50d2f00ed0d047a.jpg?ver=1776988651\",\"caption\":\"Encontra Avenida Faria Lima\"},\"url\":\"https:\\\/\\\/www.encontrajardins.com.br\\\/av-faria-lima\\\/author\\\/av-faria-lima\\\/\"}]}<\/script>\n<!-- \/ Yoast SEO plugin. -->","yoast_head_json":{"title":"Lula critica Faria Lima ao defender investimentos do P\u00e9 | Guia Comercial Avenida Faria Lima","robots":{"index":"index","follow":"follow","max-snippet":"max-snippet:-1","max-image-preview":"max-image-preview:large","max-video-preview":"max-video-preview:-1"},"canonical":"https:\/\/www.encontrajardins.com.br\/av-faria-lima\/lula-critica-faria-lima-ao-defender-investimentos-do-pe\/","og_locale":"pt_BR","og_type":"article","og_title":"Lula critica Faria Lima ao defender investimentos do P\u00e9 | Guia Comercial Avenida Faria Lima","og_description":"Lula critica a elite da Faria Lima ao defender o programa P\u00e9-de-Meia.","og_url":"https:\/\/www.encontrajardins.com.br\/av-faria-lima\/lula-critica-faria-lima-ao-defender-investimentos-do-pe\/","og_site_name":"Guia Comercial Avenida Faria Lima","article_published_time":"2026-04-03T15:22:49+00:00","og_image":[{"url":"https:\/\/www.encontrajardins.com.br\/av-faria-lima\/wp-content\/uploads\/2026\/04\/lula-critica-faria-lima-ao-defender-investimentos-do-pe.webp","type":"","width":"","height":""}],"author":"Encontra Avenida Faria Lima","twitter_card":"summary_large_image","twitter_misc":{"Escrito por":"Encontra Avenida Faria Lima","Est. tempo de leitura":"5 minutos"},"schema":{"@context":"https:\/\/schema.org","@graph":[{"@type":"Article","@id":"https:\/\/www.encontrajardins.com.br\/av-faria-lima\/lula-critica-faria-lima-ao-defender-investimentos-do-pe\/#article","isPartOf":{"@id":"https:\/\/www.encontrajardins.com.br\/av-faria-lima\/lula-critica-faria-lima-ao-defender-investimentos-do-pe\/"},"author":{"name":"Encontra Avenida Faria Lima","@id":"https:\/\/www.encontrajardins.com.br\/av-faria-lima\/#\/schema\/person\/79badd2a12b75d685ad41dac082e5111"},"headline":"Lula critica Faria Lima ao defender investimentos do P\u00e9","datePublished":"2026-04-03T15:22:49+00:00","mainEntityOfPage":{"@id":"https:\/\/www.encontrajardins.com.br\/av-faria-lima\/lula-critica-faria-lima-ao-defender-investimentos-do-pe\/"},"wordCount":939,"commentCount":0,"image":{"@id":"https:\/\/www.encontrajardins.com.br\/av-faria-lima\/lula-critica-faria-lima-ao-defender-investimentos-do-pe\/#primaryimage"},"thumbnailUrl":"https:\/\/www.encontrajardins.com.br\/av-faria-lima\/wp-content\/uploads\/2026\/04\/lula-critica-faria-lima-ao-defender-investimentos-do-pe.webp","articleSection":["Not\u00edcias Avenida Faria Lima"],"inLanguage":"pt-BR","potentialAction":[{"@type":"CommentAction","name":"Comment","target":["https:\/\/www.encontrajardins.com.br\/av-faria-lima\/lula-critica-faria-lima-ao-defender-investimentos-do-pe\/#respond"]}]},{"@type":"WebPage","@id":"https:\/\/www.encontrajardins.com.br\/av-faria-lima\/lula-critica-faria-lima-ao-defender-investimentos-do-pe\/","url":"https:\/\/www.encontrajardins.com.br\/av-faria-lima\/lula-critica-faria-lima-ao-defender-investimentos-do-pe\/","name":"Lula critica Faria Lima ao defender investimentos do P\u00e9 | Guia Comercial Avenida Faria Lima","isPartOf":{"@id":"https:\/\/www.encontrajardins.com.br\/av-faria-lima\/#website"},"primaryImageOfPage":{"@id":"https:\/\/www.encontrajardins.com.br\/av-faria-lima\/lula-critica-faria-lima-ao-defender-investimentos-do-pe\/#primaryimage"},"image":{"@id":"https:\/\/www.encontrajardins.com.br\/av-faria-lima\/lula-critica-faria-lima-ao-defender-investimentos-do-pe\/#primaryimage"},"thumbnailUrl":"https:\/\/www.encontrajardins.com.br\/av-faria-lima\/wp-content\/uploads\/2026\/04\/lula-critica-faria-lima-ao-defender-investimentos-do-pe.webp","datePublished":"2026-04-03T15:22:49+00:00","author":{"@id":"https:\/\/www.encontrajardins.com.br\/av-faria-lima\/#\/schema\/person\/79badd2a12b75d685ad41dac082e5111"},"inLanguage":"pt-BR","potentialAction":[{"@type":"ReadAction","target":["https:\/\/www.encontrajardins.com.br\/av-faria-lima\/lula-critica-faria-lima-ao-defender-investimentos-do-pe\/"]}]},{"@type":"ImageObject","inLanguage":"pt-BR","@id":"https:\/\/www.encontrajardins.com.br\/av-faria-lima\/lula-critica-faria-lima-ao-defender-investimentos-do-pe\/#primaryimage","url":"https:\/\/www.encontrajardins.com.br\/av-faria-lima\/wp-content\/uploads\/2026\/04\/lula-critica-faria-lima-ao-defender-investimentos-do-pe.webp","contentUrl":"https:\/\/www.encontrajardins.com.br\/av-faria-lima\/wp-content\/uploads\/2026\/04\/lula-critica-faria-lima-ao-defender-investimentos-do-pe.webp","width":280,"height":280,"caption":"Lula investe no P\u00e9-de-Meia"},{"@type":"WebSite","@id":"https:\/\/www.encontrajardins.com.br\/av-faria-lima\/#website","url":"https:\/\/www.encontrajardins.com.br\/av-faria-lima\/","name":"Guia Comercial Avenida Faria Lima","description":"ENCONTRA AVENIDA FARIA LIMA - O guia comercial de neg\u00f3cios e empresas, cultura e divers\u00e3o na Avenida Faria Lima. Feito 100% para voc\u00ea morador!","potentialAction":[{"@type":"SearchAction","target":{"@type":"EntryPoint","urlTemplate":"https:\/\/www.encontrajardins.com.br\/av-faria-lima\/?s={search_term_string}"},"query-input":{"@type":"PropertyValueSpecification","valueRequired":true,"valueName":"search_term_string"}}],"inLanguage":"pt-BR"},{"@type":"Person","@id":"https:\/\/www.encontrajardins.com.br\/av-faria-lima\/#\/schema\/person\/79badd2a12b75d685ad41dac082e5111","name":"Encontra Avenida Faria Lima","image":{"@type":"ImageObject","inLanguage":"pt-BR","@id":"https:\/\/www.encontrajardins.com.br\/av-faria-lima\/wp-content\/litespeed\/avatar\/e92a756db1fc224ef50d2f00ed0d047a.jpg?ver=1776988651","url":"https:\/\/www.encontrajardins.com.br\/av-faria-lima\/wp-content\/litespeed\/avatar\/e92a756db1fc224ef50d2f00ed0d047a.jpg?ver=1776988651","contentUrl":"https:\/\/www.encontrajardins.com.br\/av-faria-lima\/wp-content\/litespeed\/avatar\/e92a756db1fc224ef50d2f00ed0d047a.jpg?ver=1776988651","caption":"Encontra Avenida Faria Lima"},"url":"https:\/\/www.encontrajardins.com.br\/av-faria-lima\/author\/av-faria-lima\/"}]}},"_links":{"self":[{"href":"https:\/\/www.encontrajardins.com.br\/av-faria-lima\/wp-json\/wp\/v2\/posts\/4452","targetHints":{"allow":["GET"]}}],"collection":[{"href":"https:\/\/www.encontrajardins.com.br\/av-faria-lima\/wp-json\/wp\/v2\/posts"}],"about":[{"href":"https:\/\/www.encontrajardins.com.br\/av-faria-lima\/wp-json\/wp\/v2\/types\/post"}],"author":[{"embeddable":true,"href":"https:\/\/www.encontrajardins.com.br\/av-faria-lima\/wp-json\/wp\/v2\/users\/1"}],"replies":[{"embeddable":true,"href":"https:\/\/www.encontrajardins.com.br\/av-faria-lima\/wp-json\/wp\/v2\/comments?post=4452"}],"version-history":[{"count":0,"href":"https:\/\/www.encontrajardins.com.br\/av-faria-lima\/wp-json\/wp\/v2\/posts\/4452\/revisions"}],"wp:featuredmedia":[{"embeddable":true,"href":"https:\/\/www.encontrajardins.com.br\/av-faria-lima\/wp-json\/wp\/v2\/media\/4451"}],"wp:attachment":[{"href":"https:\/\/www.encontrajardins.com.br\/av-faria-lima\/wp-json\/wp\/v2\/media?parent=4452"}],"wp:term":[{"taxonomy":"category","embeddable":true,"href":"https:\/\/www.encontrajardins.com.br\/av-faria-lima\/wp-json\/wp\/v2\/categories?post=4452"},{"taxonomy":"post_tag","embeddable":true,"href":"https:\/\/www.encontrajardins.com.br\/av-faria-lima\/wp-json\/wp\/v2\/tags?post=4452"}],"curies":[{"name":"wp","href":"https:\/\/api.w.org\/{rel}","templated":true}]}}