{"id":4454,"date":"2026-04-03T12:23:57","date_gmt":"2026-04-03T15:23:57","guid":{"rendered":"https:\/\/www.encontrajardins.com.br\/av-faria-lima\/buraco-na-faria-lima-precisa-de-conserto\/"},"modified":"2026-04-03T12:23:57","modified_gmt":"2026-04-03T15:23:57","slug":"buraco-na-faria-lima-precisa-de-conserto","status":"publish","type":"post","link":"https:\/\/www.encontrajardins.com.br\/av-faria-lima\/buraco-na-faria-lima-precisa-de-conserto\/","title":{"rendered":"Buraco na Faria Lima precisa de conserto"},"content":{"rendered":"<h2>O Problema do Buraco na Avenida Faria Lima<\/h2>\n<p>Recentemente, uma situa\u00e7\u00e3o preocupante foi relatada por um residente da regi\u00e3o acerca de um buraco na <strong>Avenida Faria Lima<\/strong>, especificamente nas proximidades do n\u00famero <strong>2.720<\/strong>, uma \u00e1rea notoriamente movimentada e significativa na cidade de Guarulhos. A reclama\u00e7\u00e3o destaca a urg\u00eancia de reparos, pois a presen\u00e7a deste defeito na via n\u00e3o apenas compromete a seguran\u00e7a dos motoristas e pedestres, mas tamb\u00e9m pode causar danos a ve\u00edculos, aumentando os riscos de acidentes.<\/p>\n<h2>Localiza\u00e7\u00e3o Precisa do Buraco<\/h2>\n<p>A localiza\u00e7\u00e3o exata do buraco, na Avenida Faria Lima, \u00e9 um ponto crucial para as interven\u00e7\u00f5es a serem realizadas pela prefeitura. Esta avenida \u00e9 um dos principais corredores urbanos da cidade, conectando diversas \u00e1reas e servindo como rota de acesso para muitas pessoas. Com o tr\u00e1fego intenso de ve\u00edculos e a proximidade de com\u00e9rcios locais, a necessidade de reparo imediato \u00e9 evidente. Identificar a geolocaliza\u00e7\u00e3o precisa n\u00e3o s\u00f3 ajuda na programa\u00e7\u00e3o de manuten\u00e7\u00e3o, mas tamb\u00e9m na comunica\u00e7\u00e3o entre os cidad\u00e3os e o governo local.<\/p>\n<h2>A Import\u00e2ncia da Repara\u00e7\u00e3o R\u00e1pida<\/h2>\n<p>A repara\u00e7\u00e3o r\u00e1pida de buracos pode evitar consequ\u00eancias muito mais graves. Os buracos nas ruas n\u00e3o s\u00f3 causam desconforto aos motoristas, mas tamb\u00e9m podem gerar:<\/p>\n<p><img decoding=\"async\" src=\"https:\/\/www.encontrajardins.com.br\/av-faria-lima\/wp-content\/uploads\/2026\/04\/buraco-na-faria-lima-precisa-de-conserto.webp\" alt=\"buraco na faria lima\" loading=\"lazy\" \/><\/p>\n<ul>\n<li><strong>Acidentes de Tr\u00e2nsito:<\/strong> Ve\u00edculos podem perder o controle, especialmente em alta velocidade.<\/li>\n<li><strong>Dano aos Ve\u00edculos:<\/strong> Pneus e suspens\u00f5es s\u00e3o os mais afetados, levando a uma diminui\u00e7\u00e3o na seguran\u00e7a dos carros.<\/li>\n<li><strong>Perguntas e Reclama\u00e7\u00f5es da Comunidade:<\/strong> Problemas cont\u00ednuos geram insatisfa\u00e7\u00e3o entre os cidad\u00e3os, levando \u00e0 necessidade de respostas adequadas do poder p\u00fablico.<\/li>\n<\/ul>\n<h2>Reclama\u00e7\u00f5es da Comunidade Local<\/h2>\n<p>A insatisfa\u00e7\u00e3o dos moradores e motoristas que utilizam a Avenida Faria Lima tem se manifestado de diversas maneiras. Em redes sociais e f\u00f3runs locais, muitos t\u00eam expressado sua preocupa\u00e7\u00e3o com a situa\u00e7\u00e3o. A falta de manuten\u00e7\u00e3o frequentemente resulta em um aumento nas queixas, refletindo a demanda por uma infraestrutura urbana mais eficiente. Al\u00e9m disso, a press\u00e3o da comunidade para que as autoridades locais tomem medidas reparadoras \u00e9 um fator motivador para que a\u00e7\u00f5es sejam efetivamente iniciadas.<\/p>\n<h2>Resposta da Prefeitura sobre o Buraco<\/h2>\n<p>Diante das reclama\u00e7\u00f5es e do alerta feito pela popula\u00e7\u00e3o, a Prefeitura de Guarulhos anunciou que ir\u00e1 realizar uma vistoria no local em quest\u00e3o. O intuito \u00e9 determinar a extens\u00e3o do problema e a necessidade de reparo. Assim que a an\u00e1lise for conclu\u00edda, ser\u00e1 programada a execu\u00e7\u00e3o do servi\u00e7o, caso a responsabilidade pela manuten\u00e7\u00e3o recaia sobre a municipalidade. Essa resposta \u00e9 crucial, pois demonstra um compromisso com a seguran\u00e7a da popula\u00e7\u00e3o e com a qualidade das vias p\u00fablicas.<\/p>\n<h2>Impacto do Buraco no Tr\u00e2nsito<\/h2>\n<p>A presen\u00e7a desse buraco tamb\u00e9m tem um impacto significativo no fluxo do tr\u00e2nsito. Motoristas s\u00e3o for\u00e7ados a desvi\u00e1-lo, o que pode levar a congestionamentos tempor\u00e1rios, especialmente em hor\u00e1rios de pico. O n\u00e3o reparo em buracos pode criar um efeito domin\u00f3 nas vias adjacentes, levando a um aumento nas filas e no tempo de deslocamento da popula\u00e7\u00e3o.<\/p>\n<h2>Como Reportar Problemas na Cidade<\/h2>\n<p>Cidad\u00e3os que se deparam com problemas semelhantes em suas comunidades devem ser encorajados a relatar esses incidentes \u00e0s autoridades competentes. Atrav\u00e9s do canal Voc\u00ea Rep\u00f3rter do Click Guarulhos, por exemplo, \u00e9 poss\u00edvel encaminhar reclama\u00e7\u00f5es e sugest\u00f5es no WhatsApp (11) 98849-7425. \u00c9 fundamental incluir fotos e descri\u00e7\u00f5es detalhadas do problema, facilitando a resposta das esferas governamentais respons\u00e1veis.<\/p>\n<h2>Hist\u00f3rias de Outros Buracos em Guarulhos<\/h2>\n<p>Infelizmente, a cidade de Guarulhos tem enfrentado diversos problemas de infraestrutura ao longo dos anos. Buracos em ruas e avenidas t\u00eam gerado preocupa\u00e7\u00f5es semelhantes. Assim como na Avenida Faria Lima, in\u00fameras hist\u00f3rias de cidad\u00e3os que enfrentaram situa\u00e7\u00f5es similares t\u00eam sido relatadas, destacando a import\u00e2ncia do monitoramento e manuten\u00e7\u00e3o cont\u00ednua das vias urbanas.<\/p>\n<h2>A Mobiliza\u00e7\u00e3o da Comunidade<\/h2>\n<p>A mobiliza\u00e7\u00e3o da comunidade \u00e9 uma ferramenta poderosa para reivindicar melhorias nos servi\u00e7os p\u00fablicos. Provas coletivas em rela\u00e7\u00e3o a problemas estruturais, como buracos nas ruas, geram um impacto mais consider\u00e1vel nas decis\u00f5es tomadas pelos \u00f3rg\u00e3os p\u00fablicos, aumentando a visibilidade das demandas locais e promovendo a\u00e7\u00f5es efetivas.<\/p>\n<h2>Poss\u00edveis Solu\u00e7\u00f5es para Problemas de Infraestrutura<\/h2>\n<p>Em busca de solu\u00e7\u00f5es, \u00e9 importante considerar estrat\u00e9gias que v\u00e3o al\u00e9m do reparo pontual. Al\u00e9m de consertar buracos, a administra\u00e7\u00e3o p\u00fablica deve avaliar:<\/p>\n<ul>\n<li><strong>Manuten\u00e7\u00e3o Proativa:<\/strong> Implementar um cronograma regular de inspe\u00e7\u00f5es para identificar e consertar problemas antes que se tornem s\u00e9rios.<\/li>\n<li><strong>Uso de Tecnologia:<\/strong> Ferramentas como aplicativos que permitem que os cidad\u00e3os relatem problemas diretamente para os servi\u00e7os p\u00fablicos.<\/li>\n<li><strong>Compromisso com a Qualidade:<\/strong> Garantir que os materiais e os m\u00e9todos usados para os reparos garantam durabilidade e resist\u00eancia, diminuindo a frequ\u00eancia de manuten\u00e7\u00e3o necess\u00e1ria.<\/li>\n<\/ul>\n","protected":false},"excerpt":{"rendered":"<p>Buraco na Faria Lima requer aten\u00e7\u00e3o imediata das autoridades locais.<\/p>\n","protected":false},"author":1,"featured_media":4453,"comment_status":"open","ping_status":"open","sticky":false,"template":"","format":"standard","meta":{"footnotes":""},"categories":[5],"tags":[],"class_list":["post-4454","post","type-post","status-publish","format-standard","has-post-thumbnail","hentry","category-noticias","has_thumb"],"yoast_head":"<!-- This site is optimized with the Yoast SEO plugin v27.4 - https:\/\/yoast.com\/product\/yoast-seo-wordpress\/ -->\n<title>Buraco na Faria Lima precisa de conserto | Guia Comercial Avenida Faria Lima<\/title>\n<meta name=\"robots\" content=\"index, follow, max-snippet:-1, max-image-preview:large, max-video-preview:-1\" \/>\n<link rel=\"canonical\" href=\"https:\/\/www.encontrajardins.com.br\/av-faria-lima\/buraco-na-faria-lima-precisa-de-conserto\/\" \/>\n<meta property=\"og:locale\" content=\"pt_BR\" \/>\n<meta property=\"og:type\" content=\"article\" \/>\n<meta property=\"og:title\" content=\"Buraco na Faria Lima precisa de conserto | Guia Comercial Avenida Faria Lima\" \/>\n<meta property=\"og:description\" content=\"Buraco na Faria Lima requer aten\u00e7\u00e3o imediata das autoridades locais.\" \/>\n<meta property=\"og:url\" content=\"https:\/\/www.encontrajardins.com.br\/av-faria-lima\/buraco-na-faria-lima-precisa-de-conserto\/\" \/>\n<meta property=\"og:site_name\" content=\"Guia Comercial Avenida Faria Lima\" \/>\n<meta property=\"article:published_time\" content=\"2026-04-03T15:23:57+00:00\" \/>\n<meta property=\"og:image\" content=\"https:\/\/www.encontrajardins.com.br\/av-faria-lima\/wp-content\/uploads\/2026\/04\/buraco-na-faria-lima-precisa-de-conserto.webp\" \/>\n<meta name=\"author\" content=\"Encontra Avenida Faria Lima\" \/>\n<meta name=\"twitter:card\" content=\"summary_large_image\" \/>\n<meta name=\"twitter:label1\" content=\"Escrito por\" \/>\n\t<meta name=\"twitter:data1\" content=\"Encontra Avenida Faria Lima\" \/>\n\t<meta name=\"twitter:label2\" content=\"Est. tempo de leitura\" \/>\n\t<meta name=\"twitter:data2\" content=\"4 minutos\" \/>\n<script type=\"application\/ld+json\" class=\"yoast-schema-graph\">{\"@context\":\"https:\\\/\\\/schema.org\",\"@graph\":[{\"@type\":\"Article\",\"@id\":\"https:\\\/\\\/www.encontrajardins.com.br\\\/av-faria-lima\\\/buraco-na-faria-lima-precisa-de-conserto\\\/#article\",\"isPartOf\":{\"@id\":\"https:\\\/\\\/www.encontrajardins.com.br\\\/av-faria-lima\\\/buraco-na-faria-lima-precisa-de-conserto\\\/\"},\"author\":{\"name\":\"Encontra Avenida Faria Lima\",\"@id\":\"https:\\\/\\\/www.encontrajardins.com.br\\\/av-faria-lima\\\/#\\\/schema\\\/person\\\/79badd2a12b75d685ad41dac082e5111\"},\"headline\":\"Buraco na Faria Lima precisa de conserto\",\"datePublished\":\"2026-04-03T15:23:57+00:00\",\"mainEntityOfPage\":{\"@id\":\"https:\\\/\\\/www.encontrajardins.com.br\\\/av-faria-lima\\\/buraco-na-faria-lima-precisa-de-conserto\\\/\"},\"wordCount\":849,\"commentCount\":0,\"image\":{\"@id\":\"https:\\\/\\\/www.encontrajardins.com.br\\\/av-faria-lima\\\/buraco-na-faria-lima-precisa-de-conserto\\\/#primaryimage\"},\"thumbnailUrl\":\"https:\\\/\\\/www.encontrajardins.com.br\\\/av-faria-lima\\\/wp-content\\\/uploads\\\/2026\\\/04\\\/buraco-na-faria-lima-precisa-de-conserto.webp\",\"articleSection\":[\"Not\u00edcias Avenida Faria Lima\"],\"inLanguage\":\"pt-BR\",\"potentialAction\":[{\"@type\":\"CommentAction\",\"name\":\"Comment\",\"target\":[\"https:\\\/\\\/www.encontrajardins.com.br\\\/av-faria-lima\\\/buraco-na-faria-lima-precisa-de-conserto\\\/#respond\"]}]},{\"@type\":\"WebPage\",\"@id\":\"https:\\\/\\\/www.encontrajardins.com.br\\\/av-faria-lima\\\/buraco-na-faria-lima-precisa-de-conserto\\\/\",\"url\":\"https:\\\/\\\/www.encontrajardins.com.br\\\/av-faria-lima\\\/buraco-na-faria-lima-precisa-de-conserto\\\/\",\"name\":\"Buraco na Faria Lima precisa de conserto | Guia Comercial Avenida Faria Lima\",\"isPartOf\":{\"@id\":\"https:\\\/\\\/www.encontrajardins.com.br\\\/av-faria-lima\\\/#website\"},\"primaryImageOfPage\":{\"@id\":\"https:\\\/\\\/www.encontrajardins.com.br\\\/av-faria-lima\\\/buraco-na-faria-lima-precisa-de-conserto\\\/#primaryimage\"},\"image\":{\"@id\":\"https:\\\/\\\/www.encontrajardins.com.br\\\/av-faria-lima\\\/buraco-na-faria-lima-precisa-de-conserto\\\/#primaryimage\"},\"thumbnailUrl\":\"https:\\\/\\\/www.encontrajardins.com.br\\\/av-faria-lima\\\/wp-content\\\/uploads\\\/2026\\\/04\\\/buraco-na-faria-lima-precisa-de-conserto.webp\",\"datePublished\":\"2026-04-03T15:23:57+00:00\",\"author\":{\"@id\":\"https:\\\/\\\/www.encontrajardins.com.br\\\/av-faria-lima\\\/#\\\/schema\\\/person\\\/79badd2a12b75d685ad41dac082e5111\"},\"inLanguage\":\"pt-BR\",\"potentialAction\":[{\"@type\":\"ReadAction\",\"target\":[\"https:\\\/\\\/www.encontrajardins.com.br\\\/av-faria-lima\\\/buraco-na-faria-lima-precisa-de-conserto\\\/\"]}]},{\"@type\":\"ImageObject\",\"inLanguage\":\"pt-BR\",\"@id\":\"https:\\\/\\\/www.encontrajardins.com.br\\\/av-faria-lima\\\/buraco-na-faria-lima-precisa-de-conserto\\\/#primaryimage\",\"url\":\"https:\\\/\\\/www.encontrajardins.com.br\\\/av-faria-lima\\\/wp-content\\\/uploads\\\/2026\\\/04\\\/buraco-na-faria-lima-precisa-de-conserto.webp\",\"contentUrl\":\"https:\\\/\\\/www.encontrajardins.com.br\\\/av-faria-lima\\\/wp-content\\\/uploads\\\/2026\\\/04\\\/buraco-na-faria-lima-precisa-de-conserto.webp\",\"width\":280,\"height\":280,\"caption\":\"buraco na faria lima\"},{\"@type\":\"WebSite\",\"@id\":\"https:\\\/\\\/www.encontrajardins.com.br\\\/av-faria-lima\\\/#website\",\"url\":\"https:\\\/\\\/www.encontrajardins.com.br\\\/av-faria-lima\\\/\",\"name\":\"Guia Comercial Avenida Faria Lima\",\"description\":\"ENCONTRA AVENIDA FARIA LIMA - O guia comercial de neg\u00f3cios e empresas, cultura e divers\u00e3o na Avenida Faria Lima. Feito 100% para voc\u00ea morador!\",\"potentialAction\":[{\"@type\":\"SearchAction\",\"target\":{\"@type\":\"EntryPoint\",\"urlTemplate\":\"https:\\\/\\\/www.encontrajardins.com.br\\\/av-faria-lima\\\/?s={search_term_string}\"},\"query-input\":{\"@type\":\"PropertyValueSpecification\",\"valueRequired\":true,\"valueName\":\"search_term_string\"}}],\"inLanguage\":\"pt-BR\"},{\"@type\":\"Person\",\"@id\":\"https:\\\/\\\/www.encontrajardins.com.br\\\/av-faria-lima\\\/#\\\/schema\\\/person\\\/79badd2a12b75d685ad41dac082e5111\",\"name\":\"Encontra Avenida Faria Lima\",\"image\":{\"@type\":\"ImageObject\",\"inLanguage\":\"pt-BR\",\"@id\":\"https:\\\/\\\/www.encontrajardins.com.br\\\/av-faria-lima\\\/wp-content\\\/litespeed\\\/avatar\\\/e92a756db1fc224ef50d2f00ed0d047a.jpg?ver=1776988651\",\"url\":\"https:\\\/\\\/www.encontrajardins.com.br\\\/av-faria-lima\\\/wp-content\\\/litespeed\\\/avatar\\\/e92a756db1fc224ef50d2f00ed0d047a.jpg?ver=1776988651\",\"contentUrl\":\"https:\\\/\\\/www.encontrajardins.com.br\\\/av-faria-lima\\\/wp-content\\\/litespeed\\\/avatar\\\/e92a756db1fc224ef50d2f00ed0d047a.jpg?ver=1776988651\",\"caption\":\"Encontra Avenida Faria Lima\"},\"url\":\"https:\\\/\\\/www.encontrajardins.com.br\\\/av-faria-lima\\\/author\\\/av-faria-lima\\\/\"}]}<\/script>\n<!-- \/ Yoast SEO plugin. -->","yoast_head_json":{"title":"Buraco na Faria Lima precisa de conserto | Guia Comercial Avenida Faria Lima","robots":{"index":"index","follow":"follow","max-snippet":"max-snippet:-1","max-image-preview":"max-image-preview:large","max-video-preview":"max-video-preview:-1"},"canonical":"https:\/\/www.encontrajardins.com.br\/av-faria-lima\/buraco-na-faria-lima-precisa-de-conserto\/","og_locale":"pt_BR","og_type":"article","og_title":"Buraco na Faria Lima precisa de conserto | Guia Comercial Avenida Faria Lima","og_description":"Buraco na Faria Lima requer aten\u00e7\u00e3o imediata das autoridades locais.","og_url":"https:\/\/www.encontrajardins.com.br\/av-faria-lima\/buraco-na-faria-lima-precisa-de-conserto\/","og_site_name":"Guia Comercial Avenida Faria Lima","article_published_time":"2026-04-03T15:23:57+00:00","og_image":[{"url":"https:\/\/www.encontrajardins.com.br\/av-faria-lima\/wp-content\/uploads\/2026\/04\/buraco-na-faria-lima-precisa-de-conserto.webp","type":"","width":"","height":""}],"author":"Encontra Avenida Faria Lima","twitter_card":"summary_large_image","twitter_misc":{"Escrito por":"Encontra Avenida Faria Lima","Est. tempo de leitura":"4 minutos"},"schema":{"@context":"https:\/\/schema.org","@graph":[{"@type":"Article","@id":"https:\/\/www.encontrajardins.com.br\/av-faria-lima\/buraco-na-faria-lima-precisa-de-conserto\/#article","isPartOf":{"@id":"https:\/\/www.encontrajardins.com.br\/av-faria-lima\/buraco-na-faria-lima-precisa-de-conserto\/"},"author":{"name":"Encontra Avenida Faria Lima","@id":"https:\/\/www.encontrajardins.com.br\/av-faria-lima\/#\/schema\/person\/79badd2a12b75d685ad41dac082e5111"},"headline":"Buraco na Faria Lima precisa de conserto","datePublished":"2026-04-03T15:23:57+00:00","mainEntityOfPage":{"@id":"https:\/\/www.encontrajardins.com.br\/av-faria-lima\/buraco-na-faria-lima-precisa-de-conserto\/"},"wordCount":849,"commentCount":0,"image":{"@id":"https:\/\/www.encontrajardins.com.br\/av-faria-lima\/buraco-na-faria-lima-precisa-de-conserto\/#primaryimage"},"thumbnailUrl":"https:\/\/www.encontrajardins.com.br\/av-faria-lima\/wp-content\/uploads\/2026\/04\/buraco-na-faria-lima-precisa-de-conserto.webp","articleSection":["Not\u00edcias Avenida Faria Lima"],"inLanguage":"pt-BR","potentialAction":[{"@type":"CommentAction","name":"Comment","target":["https:\/\/www.encontrajardins.com.br\/av-faria-lima\/buraco-na-faria-lima-precisa-de-conserto\/#respond"]}]},{"@type":"WebPage","@id":"https:\/\/www.encontrajardins.com.br\/av-faria-lima\/buraco-na-faria-lima-precisa-de-conserto\/","url":"https:\/\/www.encontrajardins.com.br\/av-faria-lima\/buraco-na-faria-lima-precisa-de-conserto\/","name":"Buraco na Faria Lima precisa de conserto | Guia Comercial Avenida Faria Lima","isPartOf":{"@id":"https:\/\/www.encontrajardins.com.br\/av-faria-lima\/#website"},"primaryImageOfPage":{"@id":"https:\/\/www.encontrajardins.com.br\/av-faria-lima\/buraco-na-faria-lima-precisa-de-conserto\/#primaryimage"},"image":{"@id":"https:\/\/www.encontrajardins.com.br\/av-faria-lima\/buraco-na-faria-lima-precisa-de-conserto\/#primaryimage"},"thumbnailUrl":"https:\/\/www.encontrajardins.com.br\/av-faria-lima\/wp-content\/uploads\/2026\/04\/buraco-na-faria-lima-precisa-de-conserto.webp","datePublished":"2026-04-03T15:23:57+00:00","author":{"@id":"https:\/\/www.encontrajardins.com.br\/av-faria-lima\/#\/schema\/person\/79badd2a12b75d685ad41dac082e5111"},"inLanguage":"pt-BR","potentialAction":[{"@type":"ReadAction","target":["https:\/\/www.encontrajardins.com.br\/av-faria-lima\/buraco-na-faria-lima-precisa-de-conserto\/"]}]},{"@type":"ImageObject","inLanguage":"pt-BR","@id":"https:\/\/www.encontrajardins.com.br\/av-faria-lima\/buraco-na-faria-lima-precisa-de-conserto\/#primaryimage","url":"https:\/\/www.encontrajardins.com.br\/av-faria-lima\/wp-content\/uploads\/2026\/04\/buraco-na-faria-lima-precisa-de-conserto.webp","contentUrl":"https:\/\/www.encontrajardins.com.br\/av-faria-lima\/wp-content\/uploads\/2026\/04\/buraco-na-faria-lima-precisa-de-conserto.webp","width":280,"height":280,"caption":"buraco na faria lima"},{"@type":"WebSite","@id":"https:\/\/www.encontrajardins.com.br\/av-faria-lima\/#website","url":"https:\/\/www.encontrajardins.com.br\/av-faria-lima\/","name":"Guia Comercial Avenida Faria Lima","description":"ENCONTRA AVENIDA FARIA LIMA - O guia comercial de neg\u00f3cios e empresas, cultura e divers\u00e3o na Avenida Faria Lima. Feito 100% para voc\u00ea morador!","potentialAction":[{"@type":"SearchAction","target":{"@type":"EntryPoint","urlTemplate":"https:\/\/www.encontrajardins.com.br\/av-faria-lima\/?s={search_term_string}"},"query-input":{"@type":"PropertyValueSpecification","valueRequired":true,"valueName":"search_term_string"}}],"inLanguage":"pt-BR"},{"@type":"Person","@id":"https:\/\/www.encontrajardins.com.br\/av-faria-lima\/#\/schema\/person\/79badd2a12b75d685ad41dac082e5111","name":"Encontra Avenida Faria Lima","image":{"@type":"ImageObject","inLanguage":"pt-BR","@id":"https:\/\/www.encontrajardins.com.br\/av-faria-lima\/wp-content\/litespeed\/avatar\/e92a756db1fc224ef50d2f00ed0d047a.jpg?ver=1776988651","url":"https:\/\/www.encontrajardins.com.br\/av-faria-lima\/wp-content\/litespeed\/avatar\/e92a756db1fc224ef50d2f00ed0d047a.jpg?ver=1776988651","contentUrl":"https:\/\/www.encontrajardins.com.br\/av-faria-lima\/wp-content\/litespeed\/avatar\/e92a756db1fc224ef50d2f00ed0d047a.jpg?ver=1776988651","caption":"Encontra Avenida Faria Lima"},"url":"https:\/\/www.encontrajardins.com.br\/av-faria-lima\/author\/av-faria-lima\/"}]}},"_links":{"self":[{"href":"https:\/\/www.encontrajardins.com.br\/av-faria-lima\/wp-json\/wp\/v2\/posts\/4454","targetHints":{"allow":["GET"]}}],"collection":[{"href":"https:\/\/www.encontrajardins.com.br\/av-faria-lima\/wp-json\/wp\/v2\/posts"}],"about":[{"href":"https:\/\/www.encontrajardins.com.br\/av-faria-lima\/wp-json\/wp\/v2\/types\/post"}],"author":[{"embeddable":true,"href":"https:\/\/www.encontrajardins.com.br\/av-faria-lima\/wp-json\/wp\/v2\/users\/1"}],"replies":[{"embeddable":true,"href":"https:\/\/www.encontrajardins.com.br\/av-faria-lima\/wp-json\/wp\/v2\/comments?post=4454"}],"version-history":[{"count":0,"href":"https:\/\/www.encontrajardins.com.br\/av-faria-lima\/wp-json\/wp\/v2\/posts\/4454\/revisions"}],"wp:featuredmedia":[{"embeddable":true,"href":"https:\/\/www.encontrajardins.com.br\/av-faria-lima\/wp-json\/wp\/v2\/media\/4453"}],"wp:attachment":[{"href":"https:\/\/www.encontrajardins.com.br\/av-faria-lima\/wp-json\/wp\/v2\/media?parent=4454"}],"wp:term":[{"taxonomy":"category","embeddable":true,"href":"https:\/\/www.encontrajardins.com.br\/av-faria-lima\/wp-json\/wp\/v2\/categories?post=4454"},{"taxonomy":"post_tag","embeddable":true,"href":"https:\/\/www.encontrajardins.com.br\/av-faria-lima\/wp-json\/wp\/v2\/tags?post=4454"}],"curies":[{"name":"wp","href":"https:\/\/api.w.org\/{rel}","templated":true}]}}