{"id":4460,"date":"2026-04-04T12:29:42","date_gmt":"2026-04-04T15:29:42","guid":{"rendered":"https:\/\/www.encontrajardins.com.br\/av-faria-lima\/lula-faria-lima-deve-estar-irritada-com-pobre-na-escola\/"},"modified":"2026-04-04T12:29:42","modified_gmt":"2026-04-04T15:29:42","slug":"lula-faria-lima-deve-estar-irritada-com-pobre-na-escola","status":"publish","type":"post","link":"https:\/\/www.encontrajardins.com.br\/av-faria-lima\/lula-faria-lima-deve-estar-irritada-com-pobre-na-escola\/","title":{"rendered":"Lula: \u2018Faria Lima deve estar irritada com pobre na escola\u2019"},"content":{"rendered":"<h2>A Cr\u00edtica de Lula ao Mercado Financeiro<\/h2>\n<p>O presidente Luiz In\u00e1cio Lula da Silva (PT) expressou suas cr\u00edticas ao mercado financeiro em um evento em Fortaleza, no Cear\u00e1, onde defendeu vigorosamente os investimentos do governo em educa\u00e7\u00e3o e programas sociais. Ele afirmou que esses esfor\u00e7os podem contradizer os interesses da elite econ\u00f4mica do pa\u00eds, sugerindo que h\u00e1 uma resist\u00eancia a tais iniciativas por parte de setores financeiros que, segundo ele, podem estar incomodados com os investimentos voltados para a popula\u00e7\u00e3o mais vulner\u00e1vel.<\/p>\n<h2>O Programa P\u00e9-de-Meia e Seus Impactos<\/h2>\n<p>Durante sua fala, Lula destacou o programa P\u00e9-de-Meia, que j\u00e1 recebeu investimentos significativos, somando R$ 18,6 bilh\u00f5es. Este programa foi concebido para garantir a perman\u00eancia de alunos no ensino m\u00e9dio, almejando n\u00e3o apenas a continuidade dos estudos, mas tamb\u00e9m a forma\u00e7\u00e3o de uma base educacional s\u00f3lida para os cidad\u00e3os do pa\u00eds. O presidente argumentou que a educa\u00e7\u00e3o deve ser vista como uma prioridade, considerando-a uma ferramenta essencial para a promo\u00e7\u00e3o de um desenvolvimento social mais equitativo.<\/p>\n<h2>A Educa\u00e7\u00e3o como Prioridade Nacional<\/h2>\n<p>A defesa da educa\u00e7\u00e3o como uma prioridade nacional foi um dos pontos centrais da manifesta\u00e7\u00e3o de Lula. Segundo o presidente, os investimentos em educa\u00e7\u00e3o n\u00e3o s\u00e3o apenas despesas, mas sim um investimento vital para o futuro do Brasil. Ele afirmou que a amplia\u00e7\u00e3o do acesso \u00e0 educa\u00e7\u00e3o \u00e9 crucial para reduzir as desigualdades hist\u00f3ricas enfrentadas pela popula\u00e7\u00e3o, assegurando que todos os jovens tenham oportunidades iguais de competir por melhores oportunidades no mercado de trabalho.<\/p>\n<p><img decoding=\"async\" src=\"https:\/\/www.encontrajardins.com.br\/av-faria-lima\/wp-content\/uploads\/2026\/04\/lula-faria-lima-deve-estar-irritada-com-pobre-na-escola.webp\" alt=\"educa\u00e7\u00e3o\" loading=\"lazy\" \/><\/p>\n<h2>Investimentos em Educa\u00e7\u00e3o e Inclus\u00e3o Social<\/h2>\n<p>Os investimentos destinados \u00e0 educa\u00e7\u00e3o, segundo Lula, s\u00e3o uma forma de combater as desigualdades sociais. Durante seu discurso, ele frisou a import\u00e2ncia de assegurar que tanto os filhos de trabalhadores quanto os filhos de empregadas tenham acesso a educa\u00e7\u00e3o de qualidade. Isso, de acordo com ele, \u00e9 uma forma de abrir portas e promover uma verdadeira justi\u00e7a social, permitindo que todos tenham a chance de conquistar um futuro melhor.<\/p>\n<h2>Lula e a Desigualdade no Ensino<\/h2>\n<p>O presidente tamb\u00e9m abordou as desigualdades no sistema educacional, destacando que \u00e9 necess\u00e1rio garantir que estudantes de diferentes origens tenham as mesmas oportunidades. Ele enfatizou que concordar em investir na educa\u00e7\u00e3o \u00e9 um passo fundamental para o Brasil, pois ajuda a criar uma sociedade onde todos possam competir em igualdade de condi\u00e7\u00f5es. A luta pela educa\u00e7\u00e3o, portanto, se torna uma luta pela justi\u00e7a social, refletindo seu compromisso em promover a igualdade no acesso ao conhecimento.<\/p>\n<h2>A Resposta da Elite Econ\u00f4mica<\/h2>\n<p>A resposta da elite econ\u00f4mica a esses investimentos em educa\u00e7\u00e3o foi abordada de maneira cr\u00edtica por Lula, que se referiu ironicamente \u00e0 Faria Lima, uma \u00e1rea conhecida por concentrar institui\u00e7\u00f5es financeiras em S\u00e3o Paulo. Ele questionou a l\u00f3gica de investimento da elite, afirmando que os recursos poderiam ser utilizados para beneficiar crian\u00e7as de trabalhadores, ao inv\u00e9s de permanecerem nas institui\u00e7\u00f5es financeiras rendendo juros. Essa provoca\u00e7\u00e3o ilustra a tens\u00e3o entre as pol\u00edticas sociais do governo e as expectativas do mercado financeiro.<\/p>\n<h2>Por que a Educa\u00e7\u00e3o \u00e9 um Investimento?<\/h2>\n<p>Segundo Lula, considerar os gastos em educa\u00e7\u00e3o como investimento \u00e9 fundamental para o desenvolvimento do Brasil. Ele acredita que uma popula\u00e7\u00e3o mais educada n\u00e3o apenas melhora a qualidade da for\u00e7a de trabalho, mas tamb\u00e9m promove uma maior coes\u00e3o social, reduzindo a criminalidade e melhorando a qualidade de vida geral. Dessa forma, o investimento em educa\u00e7\u00e3o \u00e9 diretamente proporcional ao crescimento econ\u00f4mico e \u00e0 estabilidade social do pa\u00eds.<\/p>\n<h2>Eventos em Fortaleza: Contexto e Rea\u00e7\u00f5es<\/h2>\n<p>O evento realizado em Fortaleza al\u00e9m de ser um espa\u00e7o para os discursos de apoio a Lula e seu governo, tamb\u00e9m foi palco de manifesta\u00e7\u00f5es de opositores. O governador do Cear\u00e1, Elmano de Freitas (PT), interveio em resposta \u00e0s interrup\u00e7\u00f5es provocadas por membros de oposi\u00e7\u00e3o, defendendo as pol\u00edticas de governo do ex-presidente. O clima pol\u00edtico foi tenso, mas tamb\u00e9m focado na celebra\u00e7\u00e3o dos avan\u00e7os na educa\u00e7\u00e3o promovidos pelo governo federal.<\/p>\n<h2>O Papel do Governo na Educa\u00e7\u00e3o<\/h2>\n<p>O governo, conforme afirmado por Lula, deve assumir um papel ativo na promo\u00e7\u00e3o da educa\u00e7\u00e3o e no combate \u00e0s desigualdades. Isso se traduz em pol\u00edticas p\u00fablicas que garantam n\u00e3o apenas acesso, mas tamb\u00e9m a qualidade do ensino e a inclus\u00e3o social. O programa P\u00e9-de-Meia, por exemplo, \u00e9 um reflexo desse compromisso e uma estrat\u00e9gia para assegurar que jovens de classes menos favorecidas possam concluir seus estudos e competir no mercado de trabalho com mais igualdade.<\/p>\n<h2>A Voz dos Opositores e o Debate P\u00fablico<\/h2>\n<p>Durante o evento, as manifesta\u00e7\u00f5es de opositores foram uma constante, ilustrando a polariza\u00e7\u00e3o pol\u00edtica e o debate acalorado que caracteriza o cen\u00e1rio atual. Elmano de Freitas tamb\u00e9m fez quest\u00e3o de criticar a gest\u00e3o anterior, fazendo refer\u00eancia a Jair Bolsonaro, e destacando a import\u00e2ncia dos investimentos no Cear\u00e1 em infraestrutura e educa\u00e7\u00e3o que n\u00e3o foram realizados durante aqueles anos. O clima foi de reafirma\u00e7\u00e3o dos compromissos pol\u00edticos para o futuro e da import\u00e2ncia da educa\u00e7\u00e3o como uma bandeira em meio ao debate p\u00fablico.<\/p>\n","protected":false},"excerpt":{"rendered":"<p>Lula critica a elite financeira e destaca a import\u00e2ncia da educa\u00e7\u00e3o.<\/p>\n","protected":false},"author":1,"featured_media":4459,"comment_status":"open","ping_status":"open","sticky":false,"template":"","format":"standard","meta":{"footnotes":""},"categories":[5],"tags":[],"class_list":["post-4460","post","type-post","status-publish","format-standard","has-post-thumbnail","hentry","category-noticias","has_thumb"],"yoast_head":"<!-- This site is optimized with the Yoast SEO plugin v27.4 - https:\/\/yoast.com\/product\/yoast-seo-wordpress\/ -->\n<title>Lula: \u2018Faria Lima deve estar irritada com pobre na escola\u2019 | Guia Comercial Avenida Faria Lima<\/title>\n<meta name=\"robots\" content=\"index, follow, max-snippet:-1, max-image-preview:large, max-video-preview:-1\" \/>\n<link rel=\"canonical\" href=\"https:\/\/www.encontrajardins.com.br\/av-faria-lima\/lula-faria-lima-deve-estar-irritada-com-pobre-na-escola\/\" \/>\n<meta property=\"og:locale\" content=\"pt_BR\" \/>\n<meta property=\"og:type\" content=\"article\" \/>\n<meta property=\"og:title\" content=\"Lula: \u2018Faria Lima deve estar irritada com pobre na escola\u2019 | Guia Comercial Avenida Faria Lima\" \/>\n<meta property=\"og:description\" content=\"Lula critica a elite financeira e destaca a import\u00e2ncia da educa\u00e7\u00e3o.\" \/>\n<meta property=\"og:url\" content=\"https:\/\/www.encontrajardins.com.br\/av-faria-lima\/lula-faria-lima-deve-estar-irritada-com-pobre-na-escola\/\" \/>\n<meta property=\"og:site_name\" content=\"Guia Comercial Avenida Faria Lima\" \/>\n<meta property=\"article:published_time\" content=\"2026-04-04T15:29:42+00:00\" \/>\n<meta property=\"og:image\" content=\"https:\/\/www.encontrajardins.com.br\/av-faria-lima\/wp-content\/uploads\/2026\/04\/lula-faria-lima-deve-estar-irritada-com-pobre-na-escola.webp\" \/>\n<meta name=\"author\" content=\"Encontra Avenida Faria Lima\" \/>\n<meta name=\"twitter:card\" content=\"summary_large_image\" \/>\n<meta name=\"twitter:label1\" content=\"Escrito por\" \/>\n\t<meta name=\"twitter:data1\" content=\"Encontra Avenida Faria Lima\" \/>\n\t<meta name=\"twitter:label2\" content=\"Est. tempo de leitura\" \/>\n\t<meta name=\"twitter:data2\" content=\"4 minutos\" \/>\n<script type=\"application\/ld+json\" class=\"yoast-schema-graph\">{\"@context\":\"https:\\\/\\\/schema.org\",\"@graph\":[{\"@type\":\"Article\",\"@id\":\"https:\\\/\\\/www.encontrajardins.com.br\\\/av-faria-lima\\\/lula-faria-lima-deve-estar-irritada-com-pobre-na-escola\\\/#article\",\"isPartOf\":{\"@id\":\"https:\\\/\\\/www.encontrajardins.com.br\\\/av-faria-lima\\\/lula-faria-lima-deve-estar-irritada-com-pobre-na-escola\\\/\"},\"author\":{\"name\":\"Encontra Avenida Faria Lima\",\"@id\":\"https:\\\/\\\/www.encontrajardins.com.br\\\/av-faria-lima\\\/#\\\/schema\\\/person\\\/79badd2a12b75d685ad41dac082e5111\"},\"headline\":\"Lula: \u2018Faria Lima deve estar irritada com pobre na escola\u2019\",\"datePublished\":\"2026-04-04T15:29:42+00:00\",\"mainEntityOfPage\":{\"@id\":\"https:\\\/\\\/www.encontrajardins.com.br\\\/av-faria-lima\\\/lula-faria-lima-deve-estar-irritada-com-pobre-na-escola\\\/\"},\"wordCount\":911,\"commentCount\":0,\"image\":{\"@id\":\"https:\\\/\\\/www.encontrajardins.com.br\\\/av-faria-lima\\\/lula-faria-lima-deve-estar-irritada-com-pobre-na-escola\\\/#primaryimage\"},\"thumbnailUrl\":\"https:\\\/\\\/www.encontrajardins.com.br\\\/av-faria-lima\\\/wp-content\\\/uploads\\\/2026\\\/04\\\/lula-faria-lima-deve-estar-irritada-com-pobre-na-escola.webp\",\"articleSection\":[\"Not\u00edcias Avenida Faria Lima\"],\"inLanguage\":\"pt-BR\",\"potentialAction\":[{\"@type\":\"CommentAction\",\"name\":\"Comment\",\"target\":[\"https:\\\/\\\/www.encontrajardins.com.br\\\/av-faria-lima\\\/lula-faria-lima-deve-estar-irritada-com-pobre-na-escola\\\/#respond\"]}]},{\"@type\":\"WebPage\",\"@id\":\"https:\\\/\\\/www.encontrajardins.com.br\\\/av-faria-lima\\\/lula-faria-lima-deve-estar-irritada-com-pobre-na-escola\\\/\",\"url\":\"https:\\\/\\\/www.encontrajardins.com.br\\\/av-faria-lima\\\/lula-faria-lima-deve-estar-irritada-com-pobre-na-escola\\\/\",\"name\":\"Lula: \u2018Faria Lima deve estar irritada com pobre na escola\u2019 | Guia Comercial Avenida Faria Lima\",\"isPartOf\":{\"@id\":\"https:\\\/\\\/www.encontrajardins.com.br\\\/av-faria-lima\\\/#website\"},\"primaryImageOfPage\":{\"@id\":\"https:\\\/\\\/www.encontrajardins.com.br\\\/av-faria-lima\\\/lula-faria-lima-deve-estar-irritada-com-pobre-na-escola\\\/#primaryimage\"},\"image\":{\"@id\":\"https:\\\/\\\/www.encontrajardins.com.br\\\/av-faria-lima\\\/lula-faria-lima-deve-estar-irritada-com-pobre-na-escola\\\/#primaryimage\"},\"thumbnailUrl\":\"https:\\\/\\\/www.encontrajardins.com.br\\\/av-faria-lima\\\/wp-content\\\/uploads\\\/2026\\\/04\\\/lula-faria-lima-deve-estar-irritada-com-pobre-na-escola.webp\",\"datePublished\":\"2026-04-04T15:29:42+00:00\",\"author\":{\"@id\":\"https:\\\/\\\/www.encontrajardins.com.br\\\/av-faria-lima\\\/#\\\/schema\\\/person\\\/79badd2a12b75d685ad41dac082e5111\"},\"inLanguage\":\"pt-BR\",\"potentialAction\":[{\"@type\":\"ReadAction\",\"target\":[\"https:\\\/\\\/www.encontrajardins.com.br\\\/av-faria-lima\\\/lula-faria-lima-deve-estar-irritada-com-pobre-na-escola\\\/\"]}]},{\"@type\":\"ImageObject\",\"inLanguage\":\"pt-BR\",\"@id\":\"https:\\\/\\\/www.encontrajardins.com.br\\\/av-faria-lima\\\/lula-faria-lima-deve-estar-irritada-com-pobre-na-escola\\\/#primaryimage\",\"url\":\"https:\\\/\\\/www.encontrajardins.com.br\\\/av-faria-lima\\\/wp-content\\\/uploads\\\/2026\\\/04\\\/lula-faria-lima-deve-estar-irritada-com-pobre-na-escola.webp\",\"contentUrl\":\"https:\\\/\\\/www.encontrajardins.com.br\\\/av-faria-lima\\\/wp-content\\\/uploads\\\/2026\\\/04\\\/lula-faria-lima-deve-estar-irritada-com-pobre-na-escola.webp\",\"width\":280,\"height\":280,\"caption\":\"educa\u00e7\u00e3o\"},{\"@type\":\"WebSite\",\"@id\":\"https:\\\/\\\/www.encontrajardins.com.br\\\/av-faria-lima\\\/#website\",\"url\":\"https:\\\/\\\/www.encontrajardins.com.br\\\/av-faria-lima\\\/\",\"name\":\"Guia Comercial Avenida Faria Lima\",\"description\":\"ENCONTRA AVENIDA FARIA LIMA - O guia comercial de neg\u00f3cios e empresas, cultura e divers\u00e3o na Avenida Faria Lima. Feito 100% para voc\u00ea morador!\",\"potentialAction\":[{\"@type\":\"SearchAction\",\"target\":{\"@type\":\"EntryPoint\",\"urlTemplate\":\"https:\\\/\\\/www.encontrajardins.com.br\\\/av-faria-lima\\\/?s={search_term_string}\"},\"query-input\":{\"@type\":\"PropertyValueSpecification\",\"valueRequired\":true,\"valueName\":\"search_term_string\"}}],\"inLanguage\":\"pt-BR\"},{\"@type\":\"Person\",\"@id\":\"https:\\\/\\\/www.encontrajardins.com.br\\\/av-faria-lima\\\/#\\\/schema\\\/person\\\/79badd2a12b75d685ad41dac082e5111\",\"name\":\"Encontra Avenida Faria Lima\",\"image\":{\"@type\":\"ImageObject\",\"inLanguage\":\"pt-BR\",\"@id\":\"https:\\\/\\\/www.encontrajardins.com.br\\\/av-faria-lima\\\/wp-content\\\/litespeed\\\/avatar\\\/e92a756db1fc224ef50d2f00ed0d047a.jpg?ver=1776988651\",\"url\":\"https:\\\/\\\/www.encontrajardins.com.br\\\/av-faria-lima\\\/wp-content\\\/litespeed\\\/avatar\\\/e92a756db1fc224ef50d2f00ed0d047a.jpg?ver=1776988651\",\"contentUrl\":\"https:\\\/\\\/www.encontrajardins.com.br\\\/av-faria-lima\\\/wp-content\\\/litespeed\\\/avatar\\\/e92a756db1fc224ef50d2f00ed0d047a.jpg?ver=1776988651\",\"caption\":\"Encontra Avenida Faria Lima\"},\"url\":\"https:\\\/\\\/www.encontrajardins.com.br\\\/av-faria-lima\\\/author\\\/av-faria-lima\\\/\"}]}<\/script>\n<!-- \/ Yoast SEO plugin. -->","yoast_head_json":{"title":"Lula: \u2018Faria Lima deve estar irritada com pobre na escola\u2019 | Guia Comercial Avenida Faria Lima","robots":{"index":"index","follow":"follow","max-snippet":"max-snippet:-1","max-image-preview":"max-image-preview:large","max-video-preview":"max-video-preview:-1"},"canonical":"https:\/\/www.encontrajardins.com.br\/av-faria-lima\/lula-faria-lima-deve-estar-irritada-com-pobre-na-escola\/","og_locale":"pt_BR","og_type":"article","og_title":"Lula: \u2018Faria Lima deve estar irritada com pobre na escola\u2019 | Guia Comercial Avenida Faria Lima","og_description":"Lula critica a elite financeira e destaca a import\u00e2ncia da educa\u00e7\u00e3o.","og_url":"https:\/\/www.encontrajardins.com.br\/av-faria-lima\/lula-faria-lima-deve-estar-irritada-com-pobre-na-escola\/","og_site_name":"Guia Comercial Avenida Faria Lima","article_published_time":"2026-04-04T15:29:42+00:00","og_image":[{"url":"https:\/\/www.encontrajardins.com.br\/av-faria-lima\/wp-content\/uploads\/2026\/04\/lula-faria-lima-deve-estar-irritada-com-pobre-na-escola.webp","type":"","width":"","height":""}],"author":"Encontra Avenida Faria Lima","twitter_card":"summary_large_image","twitter_misc":{"Escrito por":"Encontra Avenida Faria Lima","Est. tempo de leitura":"4 minutos"},"schema":{"@context":"https:\/\/schema.org","@graph":[{"@type":"Article","@id":"https:\/\/www.encontrajardins.com.br\/av-faria-lima\/lula-faria-lima-deve-estar-irritada-com-pobre-na-escola\/#article","isPartOf":{"@id":"https:\/\/www.encontrajardins.com.br\/av-faria-lima\/lula-faria-lima-deve-estar-irritada-com-pobre-na-escola\/"},"author":{"name":"Encontra Avenida Faria Lima","@id":"https:\/\/www.encontrajardins.com.br\/av-faria-lima\/#\/schema\/person\/79badd2a12b75d685ad41dac082e5111"},"headline":"Lula: \u2018Faria Lima deve estar irritada com pobre na escola\u2019","datePublished":"2026-04-04T15:29:42+00:00","mainEntityOfPage":{"@id":"https:\/\/www.encontrajardins.com.br\/av-faria-lima\/lula-faria-lima-deve-estar-irritada-com-pobre-na-escola\/"},"wordCount":911,"commentCount":0,"image":{"@id":"https:\/\/www.encontrajardins.com.br\/av-faria-lima\/lula-faria-lima-deve-estar-irritada-com-pobre-na-escola\/#primaryimage"},"thumbnailUrl":"https:\/\/www.encontrajardins.com.br\/av-faria-lima\/wp-content\/uploads\/2026\/04\/lula-faria-lima-deve-estar-irritada-com-pobre-na-escola.webp","articleSection":["Not\u00edcias Avenida Faria Lima"],"inLanguage":"pt-BR","potentialAction":[{"@type":"CommentAction","name":"Comment","target":["https:\/\/www.encontrajardins.com.br\/av-faria-lima\/lula-faria-lima-deve-estar-irritada-com-pobre-na-escola\/#respond"]}]},{"@type":"WebPage","@id":"https:\/\/www.encontrajardins.com.br\/av-faria-lima\/lula-faria-lima-deve-estar-irritada-com-pobre-na-escola\/","url":"https:\/\/www.encontrajardins.com.br\/av-faria-lima\/lula-faria-lima-deve-estar-irritada-com-pobre-na-escola\/","name":"Lula: \u2018Faria Lima deve estar irritada com pobre na escola\u2019 | Guia Comercial Avenida Faria Lima","isPartOf":{"@id":"https:\/\/www.encontrajardins.com.br\/av-faria-lima\/#website"},"primaryImageOfPage":{"@id":"https:\/\/www.encontrajardins.com.br\/av-faria-lima\/lula-faria-lima-deve-estar-irritada-com-pobre-na-escola\/#primaryimage"},"image":{"@id":"https:\/\/www.encontrajardins.com.br\/av-faria-lima\/lula-faria-lima-deve-estar-irritada-com-pobre-na-escola\/#primaryimage"},"thumbnailUrl":"https:\/\/www.encontrajardins.com.br\/av-faria-lima\/wp-content\/uploads\/2026\/04\/lula-faria-lima-deve-estar-irritada-com-pobre-na-escola.webp","datePublished":"2026-04-04T15:29:42+00:00","author":{"@id":"https:\/\/www.encontrajardins.com.br\/av-faria-lima\/#\/schema\/person\/79badd2a12b75d685ad41dac082e5111"},"inLanguage":"pt-BR","potentialAction":[{"@type":"ReadAction","target":["https:\/\/www.encontrajardins.com.br\/av-faria-lima\/lula-faria-lima-deve-estar-irritada-com-pobre-na-escola\/"]}]},{"@type":"ImageObject","inLanguage":"pt-BR","@id":"https:\/\/www.encontrajardins.com.br\/av-faria-lima\/lula-faria-lima-deve-estar-irritada-com-pobre-na-escola\/#primaryimage","url":"https:\/\/www.encontrajardins.com.br\/av-faria-lima\/wp-content\/uploads\/2026\/04\/lula-faria-lima-deve-estar-irritada-com-pobre-na-escola.webp","contentUrl":"https:\/\/www.encontrajardins.com.br\/av-faria-lima\/wp-content\/uploads\/2026\/04\/lula-faria-lima-deve-estar-irritada-com-pobre-na-escola.webp","width":280,"height":280,"caption":"educa\u00e7\u00e3o"},{"@type":"WebSite","@id":"https:\/\/www.encontrajardins.com.br\/av-faria-lima\/#website","url":"https:\/\/www.encontrajardins.com.br\/av-faria-lima\/","name":"Guia Comercial Avenida Faria Lima","description":"ENCONTRA AVENIDA FARIA LIMA - O guia comercial de neg\u00f3cios e empresas, cultura e divers\u00e3o na Avenida Faria Lima. Feito 100% para voc\u00ea morador!","potentialAction":[{"@type":"SearchAction","target":{"@type":"EntryPoint","urlTemplate":"https:\/\/www.encontrajardins.com.br\/av-faria-lima\/?s={search_term_string}"},"query-input":{"@type":"PropertyValueSpecification","valueRequired":true,"valueName":"search_term_string"}}],"inLanguage":"pt-BR"},{"@type":"Person","@id":"https:\/\/www.encontrajardins.com.br\/av-faria-lima\/#\/schema\/person\/79badd2a12b75d685ad41dac082e5111","name":"Encontra Avenida Faria Lima","image":{"@type":"ImageObject","inLanguage":"pt-BR","@id":"https:\/\/www.encontrajardins.com.br\/av-faria-lima\/wp-content\/litespeed\/avatar\/e92a756db1fc224ef50d2f00ed0d047a.jpg?ver=1776988651","url":"https:\/\/www.encontrajardins.com.br\/av-faria-lima\/wp-content\/litespeed\/avatar\/e92a756db1fc224ef50d2f00ed0d047a.jpg?ver=1776988651","contentUrl":"https:\/\/www.encontrajardins.com.br\/av-faria-lima\/wp-content\/litespeed\/avatar\/e92a756db1fc224ef50d2f00ed0d047a.jpg?ver=1776988651","caption":"Encontra Avenida Faria Lima"},"url":"https:\/\/www.encontrajardins.com.br\/av-faria-lima\/author\/av-faria-lima\/"}]}},"_links":{"self":[{"href":"https:\/\/www.encontrajardins.com.br\/av-faria-lima\/wp-json\/wp\/v2\/posts\/4460","targetHints":{"allow":["GET"]}}],"collection":[{"href":"https:\/\/www.encontrajardins.com.br\/av-faria-lima\/wp-json\/wp\/v2\/posts"}],"about":[{"href":"https:\/\/www.encontrajardins.com.br\/av-faria-lima\/wp-json\/wp\/v2\/types\/post"}],"author":[{"embeddable":true,"href":"https:\/\/www.encontrajardins.com.br\/av-faria-lima\/wp-json\/wp\/v2\/users\/1"}],"replies":[{"embeddable":true,"href":"https:\/\/www.encontrajardins.com.br\/av-faria-lima\/wp-json\/wp\/v2\/comments?post=4460"}],"version-history":[{"count":0,"href":"https:\/\/www.encontrajardins.com.br\/av-faria-lima\/wp-json\/wp\/v2\/posts\/4460\/revisions"}],"wp:featuredmedia":[{"embeddable":true,"href":"https:\/\/www.encontrajardins.com.br\/av-faria-lima\/wp-json\/wp\/v2\/media\/4459"}],"wp:attachment":[{"href":"https:\/\/www.encontrajardins.com.br\/av-faria-lima\/wp-json\/wp\/v2\/media?parent=4460"}],"wp:term":[{"taxonomy":"category","embeddable":true,"href":"https:\/\/www.encontrajardins.com.br\/av-faria-lima\/wp-json\/wp\/v2\/categories?post=4460"},{"taxonomy":"post_tag","embeddable":true,"href":"https:\/\/www.encontrajardins.com.br\/av-faria-lima\/wp-json\/wp\/v2\/tags?post=4460"}],"curies":[{"name":"wp","href":"https:\/\/api.w.org\/{rel}","templated":true}]}}