{"id":4462,"date":"2026-04-05T12:32:58","date_gmt":"2026-04-05T15:32:58","guid":{"rendered":"https:\/\/www.encontrajardins.com.br\/av-faria-lima\/faria-lima-deve-estar-p-lula-critica-investidores-ao-defender-investimento-em-educacao\/"},"modified":"2026-04-05T12:32:58","modified_gmt":"2026-04-05T15:32:58","slug":"faria-lima-deve-estar-p-lula-critica-investidores-ao-defender-investimento-em-educacao","status":"publish","type":"post","link":"https:\/\/www.encontrajardins.com.br\/av-faria-lima\/faria-lima-deve-estar-p-lula-critica-investidores-ao-defender-investimento-em-educacao\/","title":{"rendered":"\u2018Faria Lima deve estar p***\u2019: Lula critica investidores ao defender investimento em educa\u00e7\u00e3o"},"content":{"rendered":"<h2>Cr\u00edtica de Lula aos investidores da Faria Lima<\/h2>\n<p>Durante uma recente agenda em Fortaleza, o presidente Luiz In\u00e1cio Lula da Silva fez duras cr\u00edticas aos investidores da <strong>Faria Lima<\/strong> em S\u00e3o Paulo, em defesa dos investimentos p\u00fablicos na educa\u00e7\u00e3o. Lula destacou os R$ 18,6 bilh\u00f5es direcionados para o programa <strong>P\u00e9-de-Meia<\/strong>, um valor que, segundo ele, pode n\u00e3o agradar aos banqueiros, que prefeririam ver esses recursos aplicados em rendimentos financeiros.<\/p>\n<p>E mencionou: &#8220;A Faria Lima deve estar muito aborrecida comigo. Eles devem pensar: &#8216;Por que esse Lula investe R$ 18 bilh\u00f5es para apoiar crian\u00e7as de fam\u00edlias de baixa renda? Esses recursos poderiam estar gerando lucros no banco para n\u00f3s'&#8221;. Essa declara\u00e7\u00e3o reflete um ponto central de sua pol\u00edtica: priorizar as necessidades da popula\u00e7\u00e3o em detrimento dos interesses do setor financeiro.<\/p>\n<h2>O que \u00e9 o programa P\u00e9-de-Meia?<\/h2>\n<p>Criado em 2024, o programa <strong>P\u00e9-de-Meia<\/strong> teve como objetivo principal incentivar a perman\u00eancia dos jovens no <strong>ensino m\u00e9dio<\/strong> por meio de um aux\u00edlio financeiro. Voltado para estudantes de baixa renda inscritos no <strong>Cad\u00danico<\/strong>, o programa oferece incentivos para que os jovens se mantenham nas escolas. Segundo o presidente, o plano j\u00e1 demonstrou impactos significativos na educa\u00e7\u00e3o ao longo dos seus dois anos de implementa\u00e7\u00e3o.<\/p>\n<p><img decoding=\"async\" src=\"https:\/\/www.encontrajardins.com.br\/av-faria-lima\/wp-content\/uploads\/2026\/04\/faria-lima-deve-estar-p-lula-critica-investidores-ao-defender-investimento-em-educacao.webp\" alt=\"investimento em educa\u00e7\u00e3o\" loading=\"lazy\" \/><\/p>\n<h2>Import\u00e2ncia dos investimentos em educa\u00e7\u00e3o<\/h2>\n<p>Investimentos em educa\u00e7\u00e3o s\u00e3o essenciais para o desenvolvimento a longo prazo de um pa\u00eds. A educa\u00e7\u00e3o de qualidade n\u00e3o apenas melhora as perspectivas individuais dos alunos, mas tamb\u00e9m contribui para um crescimento econ\u00f4mico mais robusto. Os recursos aplicados na educa\u00e7\u00e3o resultam em cidad\u00e3os mais bem preparados, capazes de enfrentar os desafios do mercado de trabalho e da sociedade.<\/p>\n<p>A fala de Lula enfatiza que a escolha de priorizar a educa\u00e7\u00e3o \u00e9 fundamental em um contexto no qual o pa\u00eds ainda enfrenta desigualdades significativas. Ao investir em programas que apoiam a educa\u00e7\u00e3o de jovens em situa\u00e7\u00f5es vulner\u00e1veis, o governo est\u00e1 preparando as bases para uma sociedade mais justa e igualit\u00e1ria.<\/p>\n<h2>Como os jovens s\u00e3o beneficiados<\/h2>\n<p>O programa P\u00e9-de-Meia oferece benef\u00edcios diretos aos alunos. Os participantes recebem um aux\u00edlio mensal de R$ 200, que \u00e9 condicionado \u00e0 frequ\u00eancia escolar, al\u00e9m de um b\u00f4nus de R$ 1.000 por ano se forem aprovados em suas disciplinas. Os estudantes tamb\u00e9m t\u00eam a oportunidade de ganhar um b\u00f4nus adicional pela realiza\u00e7\u00e3o do ENEM ao final do ensino m\u00e9dio.<\/p>\n<p>Esse apoio financeiro \u00e9 crucial para fam\u00edlias de baixa renda, permitindo que os jovens tenham maiores condi\u00e7\u00f5es de continuar seus estudos e n\u00e3o abandonem a escola. Isso n\u00e3o s\u00f3 ajuda a garantir a perman\u00eancia no sistema educacional, mas tamb\u00e9m fornece uma perspectiva de futuro mais promissora.<\/p>\n<h2>A realidade dos alunos de baixa renda<\/h2>\n<p>Os dados sobre os benefici\u00e1rios do programa revelam que 51,5% s\u00e3o meninas e 72,9% se identificam como jovens negros (pretos e pardos), o que demonstra a relev\u00e2ncia do programa na inclus\u00e3o social. Al\u00e9m disso, mais de 56 mil estudantes ind\u00edgenas foram cadastrados, sublinhando a necessidade de um olhar atento \u00e0s diversas realidades sociais presentes no Brasil.<\/p>\n<p>A precariedade enfrentada por muitos alunos de baixa renda \u00e9 um dos fatores que levam ao abandono escolar. O P\u00e9-de-Meia \u00e9 uma resposta a essa realidade, buscando reduzir a evas\u00e3o escolar e garantir que todos os jovens tenham a oportunidade de uma educa\u00e7\u00e3o de qualidade, independentemente de sua origem econ\u00f4mica.<\/p>\n<h2>Impactos do programa no ensino m\u00e9dio<\/h2>\n<p>Desde sua implementa\u00e7\u00e3o, o programa P\u00e9-de-Meia conseguiu reduzir significativamente o n\u00famero de alunos fora do ensino m\u00e9dio, quase pela metade. O impacto desse programa no cen\u00e1rio educacional brasileiro \u00e9 um indicativo do sucesso de pol\u00edticas p\u00fablicas voltadas para a inclus\u00e3o e perman\u00eancia escolar.<\/p>\n<p>Os dados apresentados durante o evento em Fortaleza foram um testemunho do avan\u00e7o que o programa representa em termos de pol\u00edtica educacional, refor\u00e7ando a ideia de que, com o apoio certo, \u00e9 poss\u00edvel transformar vidas e proporcionar melhores futuras perspectivas aos estudantes.<\/p>\n<h2>Perspectivas futuras para a educa\u00e7\u00e3o no Brasil<\/h2>\n<p>O aumento dos investimentos em educa\u00e7\u00e3o \u00e9 vital para que o Brasil possa trilhar um caminho mais inclusivo e solid\u00e1rio. O governo demonstrou, atrav\u00e9s do P\u00e9-de-Meia e outras iniciativas, que a educa\u00e7\u00e3o \u00e9 uma prioridade e deve ser tratada como tal.<\/p>\n<p>Com planos para expandir o programa e fortalecer outros projetos semelhantes, as perspectivas s\u00e3o de um futuro mais pr\u00f3spero, em que a educa\u00e7\u00e3o de qualidade ser\u00e1 uma realidade para um n\u00famero maior de jovens em toda a na\u00e7\u00e3o.<\/p>\n<h2>Desafios enfrentados pelo governo<\/h2>\n<p>Apesar dos avan\u00e7os, o governo ainda enfrenta diversos desafios para garantir que esses investimentos sejam sustent\u00e1veis no longo prazo. A resist\u00eancia do setor financeiro e as press\u00f5es para priorizar o lucro em detrimento do bem-estar social s\u00e3o obst\u00e1culos que precisam ser superados.<\/p>\n<p>\u00c9 essencial que o governo continue a defender a educa\u00e7\u00e3o como uma prioridade, enfrentando as criticadas e os questionamentos sobre a destina\u00e7\u00e3o de recursos. A luta pela educa\u00e7\u00e3o \u00e9 uma batalha que deve ser compartilhada por toda a sociedade.<\/p>\n<h2>A resposta do mercado financeiro<\/h2>\n<p>A rea\u00e7\u00e3o do mercado financeiro \u00e0s iniciativas de Lula n\u00e3o \u00e9 un\u00e2nime. Enquanto alguns investidoras e economistas veem os investimentos em educa\u00e7\u00e3o como essenciais para um crescimento e desenvolvimento mais sustent\u00e1veis no futuro, outros argumentam que tais gastos devem ser balanceados com a necessidade de gerar lucros a curto prazo.<\/p>\n<p>As cr\u00edticas cont\u00ednuas de investidores \u00e0 aloca\u00e7\u00e3o de recursos na educa\u00e7\u00e3o revelam a tens\u00e3o entre as prioridades governamentais focadas em inclus\u00e3o social e as demandas do mercado financeiro que favorecem resultados financeiros imediatos.<\/p>\n<h2>A necessidade de priorizar a educa\u00e7\u00e3o<\/h2>\n<p>Priorizar a educa\u00e7\u00e3o n\u00e3o \u00e9 apenas uma quest\u00e3o de justi\u00e7a social, mas tamb\u00e9m uma estrat\u00e9gia eficaz ao impulsionar o desenvolvimento econ\u00f4mico. A longo prazo, uma sociedade mais educada resulta em um mercado de trabalho mais qualificado, com maior capacidade de inova\u00e7\u00e3o e produtividade.<\/p>\n<p>O apelo de Lula em defesa do investimento educacional foi claro: \u00e9 vital que a educa\u00e7\u00e3o seja vista como um pilar fundamental do crescimento e progresso nacional. O futuro do Brasil depende do sucesso das gera\u00e7\u00f5es que est\u00e3o sendo moldadas neste momento. Portanto, \u00e9 imprescind\u00edvel que o governo, em conjunto com a sociedade civil, continue a investir na forma\u00e7\u00e3o educacional dos jovens, garantindo que todos tenham acesso a uma educa\u00e7\u00e3o de qualidade.<\/p>\n","protected":false},"excerpt":{"rendered":"<p>Lula confronta investidores ao falar sobre educa\u00e7\u00e3o e investimento em crian\u00e7as.<\/p>\n","protected":false},"author":1,"featured_media":4461,"comment_status":"open","ping_status":"open","sticky":false,"template":"","format":"standard","meta":{"footnotes":""},"categories":[5],"tags":[],"class_list":["post-4462","post","type-post","status-publish","format-standard","has-post-thumbnail","hentry","category-noticias","has_thumb"],"yoast_head":"<!-- This site is optimized with the Yoast SEO plugin v27.4 - https:\/\/yoast.com\/product\/yoast-seo-wordpress\/ -->\n<title>\u2018Faria Lima deve estar p***\u2019: Lula critica investidores ao defender investimento em educa\u00e7\u00e3o | Guia Comercial Avenida Faria Lima<\/title>\n<meta name=\"robots\" content=\"index, follow, max-snippet:-1, max-image-preview:large, max-video-preview:-1\" \/>\n<link rel=\"canonical\" href=\"https:\/\/www.encontrajardins.com.br\/av-faria-lima\/faria-lima-deve-estar-p-lula-critica-investidores-ao-defender-investimento-em-educacao\/\" \/>\n<meta property=\"og:locale\" content=\"pt_BR\" \/>\n<meta property=\"og:type\" content=\"article\" \/>\n<meta property=\"og:title\" content=\"\u2018Faria Lima deve estar p***\u2019: Lula critica investidores ao defender investimento em educa\u00e7\u00e3o | Guia Comercial Avenida Faria Lima\" \/>\n<meta property=\"og:description\" content=\"Lula confronta investidores ao falar sobre educa\u00e7\u00e3o e investimento em crian\u00e7as.\" \/>\n<meta property=\"og:url\" content=\"https:\/\/www.encontrajardins.com.br\/av-faria-lima\/faria-lima-deve-estar-p-lula-critica-investidores-ao-defender-investimento-em-educacao\/\" \/>\n<meta property=\"og:site_name\" content=\"Guia Comercial Avenida Faria Lima\" \/>\n<meta property=\"article:published_time\" content=\"2026-04-05T15:32:58+00:00\" \/>\n<meta property=\"og:image\" content=\"https:\/\/www.encontrajardins.com.br\/av-faria-lima\/wp-content\/uploads\/2026\/04\/faria-lima-deve-estar-p-lula-critica-investidores-ao-defender-investimento-em-educacao.webp\" \/>\n<meta name=\"author\" content=\"Encontra Avenida Faria Lima\" \/>\n<meta name=\"twitter:card\" content=\"summary_large_image\" \/>\n<meta name=\"twitter:label1\" content=\"Escrito por\" \/>\n\t<meta name=\"twitter:data1\" content=\"Encontra Avenida Faria Lima\" \/>\n\t<meta name=\"twitter:label2\" content=\"Est. tempo de leitura\" \/>\n\t<meta name=\"twitter:data2\" content=\"6 minutos\" \/>\n<script type=\"application\/ld+json\" class=\"yoast-schema-graph\">{\"@context\":\"https:\\\/\\\/schema.org\",\"@graph\":[{\"@type\":\"Article\",\"@id\":\"https:\\\/\\\/www.encontrajardins.com.br\\\/av-faria-lima\\\/faria-lima-deve-estar-p-lula-critica-investidores-ao-defender-investimento-em-educacao\\\/#article\",\"isPartOf\":{\"@id\":\"https:\\\/\\\/www.encontrajardins.com.br\\\/av-faria-lima\\\/faria-lima-deve-estar-p-lula-critica-investidores-ao-defender-investimento-em-educacao\\\/\"},\"author\":{\"name\":\"Encontra Avenida Faria Lima\",\"@id\":\"https:\\\/\\\/www.encontrajardins.com.br\\\/av-faria-lima\\\/#\\\/schema\\\/person\\\/79badd2a12b75d685ad41dac082e5111\"},\"headline\":\"\u2018Faria Lima deve estar p***\u2019: Lula critica investidores ao defender investimento em educa\u00e7\u00e3o\",\"datePublished\":\"2026-04-05T15:32:58+00:00\",\"mainEntityOfPage\":{\"@id\":\"https:\\\/\\\/www.encontrajardins.com.br\\\/av-faria-lima\\\/faria-lima-deve-estar-p-lula-critica-investidores-ao-defender-investimento-em-educacao\\\/\"},\"wordCount\":1123,\"commentCount\":0,\"image\":{\"@id\":\"https:\\\/\\\/www.encontrajardins.com.br\\\/av-faria-lima\\\/faria-lima-deve-estar-p-lula-critica-investidores-ao-defender-investimento-em-educacao\\\/#primaryimage\"},\"thumbnailUrl\":\"https:\\\/\\\/www.encontrajardins.com.br\\\/av-faria-lima\\\/wp-content\\\/uploads\\\/2026\\\/04\\\/faria-lima-deve-estar-p-lula-critica-investidores-ao-defender-investimento-em-educacao.webp\",\"articleSection\":[\"Not\u00edcias Avenida Faria Lima\"],\"inLanguage\":\"pt-BR\",\"potentialAction\":[{\"@type\":\"CommentAction\",\"name\":\"Comment\",\"target\":[\"https:\\\/\\\/www.encontrajardins.com.br\\\/av-faria-lima\\\/faria-lima-deve-estar-p-lula-critica-investidores-ao-defender-investimento-em-educacao\\\/#respond\"]}]},{\"@type\":\"WebPage\",\"@id\":\"https:\\\/\\\/www.encontrajardins.com.br\\\/av-faria-lima\\\/faria-lima-deve-estar-p-lula-critica-investidores-ao-defender-investimento-em-educacao\\\/\",\"url\":\"https:\\\/\\\/www.encontrajardins.com.br\\\/av-faria-lima\\\/faria-lima-deve-estar-p-lula-critica-investidores-ao-defender-investimento-em-educacao\\\/\",\"name\":\"\u2018Faria Lima deve estar p***\u2019: Lula critica investidores ao defender investimento em educa\u00e7\u00e3o | Guia Comercial Avenida Faria Lima\",\"isPartOf\":{\"@id\":\"https:\\\/\\\/www.encontrajardins.com.br\\\/av-faria-lima\\\/#website\"},\"primaryImageOfPage\":{\"@id\":\"https:\\\/\\\/www.encontrajardins.com.br\\\/av-faria-lima\\\/faria-lima-deve-estar-p-lula-critica-investidores-ao-defender-investimento-em-educacao\\\/#primaryimage\"},\"image\":{\"@id\":\"https:\\\/\\\/www.encontrajardins.com.br\\\/av-faria-lima\\\/faria-lima-deve-estar-p-lula-critica-investidores-ao-defender-investimento-em-educacao\\\/#primaryimage\"},\"thumbnailUrl\":\"https:\\\/\\\/www.encontrajardins.com.br\\\/av-faria-lima\\\/wp-content\\\/uploads\\\/2026\\\/04\\\/faria-lima-deve-estar-p-lula-critica-investidores-ao-defender-investimento-em-educacao.webp\",\"datePublished\":\"2026-04-05T15:32:58+00:00\",\"author\":{\"@id\":\"https:\\\/\\\/www.encontrajardins.com.br\\\/av-faria-lima\\\/#\\\/schema\\\/person\\\/79badd2a12b75d685ad41dac082e5111\"},\"inLanguage\":\"pt-BR\",\"potentialAction\":[{\"@type\":\"ReadAction\",\"target\":[\"https:\\\/\\\/www.encontrajardins.com.br\\\/av-faria-lima\\\/faria-lima-deve-estar-p-lula-critica-investidores-ao-defender-investimento-em-educacao\\\/\"]}]},{\"@type\":\"ImageObject\",\"inLanguage\":\"pt-BR\",\"@id\":\"https:\\\/\\\/www.encontrajardins.com.br\\\/av-faria-lima\\\/faria-lima-deve-estar-p-lula-critica-investidores-ao-defender-investimento-em-educacao\\\/#primaryimage\",\"url\":\"https:\\\/\\\/www.encontrajardins.com.br\\\/av-faria-lima\\\/wp-content\\\/uploads\\\/2026\\\/04\\\/faria-lima-deve-estar-p-lula-critica-investidores-ao-defender-investimento-em-educacao.webp\",\"contentUrl\":\"https:\\\/\\\/www.encontrajardins.com.br\\\/av-faria-lima\\\/wp-content\\\/uploads\\\/2026\\\/04\\\/faria-lima-deve-estar-p-lula-critica-investidores-ao-defender-investimento-em-educacao.webp\",\"width\":280,\"height\":280,\"caption\":\"investimento em educa\u00e7\u00e3o\"},{\"@type\":\"WebSite\",\"@id\":\"https:\\\/\\\/www.encontrajardins.com.br\\\/av-faria-lima\\\/#website\",\"url\":\"https:\\\/\\\/www.encontrajardins.com.br\\\/av-faria-lima\\\/\",\"name\":\"Guia Comercial Avenida Faria Lima\",\"description\":\"ENCONTRA AVENIDA FARIA LIMA - O guia comercial de neg\u00f3cios e empresas, cultura e divers\u00e3o na Avenida Faria Lima. Feito 100% para voc\u00ea morador!\",\"potentialAction\":[{\"@type\":\"SearchAction\",\"target\":{\"@type\":\"EntryPoint\",\"urlTemplate\":\"https:\\\/\\\/www.encontrajardins.com.br\\\/av-faria-lima\\\/?s={search_term_string}\"},\"query-input\":{\"@type\":\"PropertyValueSpecification\",\"valueRequired\":true,\"valueName\":\"search_term_string\"}}],\"inLanguage\":\"pt-BR\"},{\"@type\":\"Person\",\"@id\":\"https:\\\/\\\/www.encontrajardins.com.br\\\/av-faria-lima\\\/#\\\/schema\\\/person\\\/79badd2a12b75d685ad41dac082e5111\",\"name\":\"Encontra Avenida Faria Lima\",\"image\":{\"@type\":\"ImageObject\",\"inLanguage\":\"pt-BR\",\"@id\":\"https:\\\/\\\/www.encontrajardins.com.br\\\/av-faria-lima\\\/wp-content\\\/litespeed\\\/avatar\\\/e92a756db1fc224ef50d2f00ed0d047a.jpg?ver=1776988651\",\"url\":\"https:\\\/\\\/www.encontrajardins.com.br\\\/av-faria-lima\\\/wp-content\\\/litespeed\\\/avatar\\\/e92a756db1fc224ef50d2f00ed0d047a.jpg?ver=1776988651\",\"contentUrl\":\"https:\\\/\\\/www.encontrajardins.com.br\\\/av-faria-lima\\\/wp-content\\\/litespeed\\\/avatar\\\/e92a756db1fc224ef50d2f00ed0d047a.jpg?ver=1776988651\",\"caption\":\"Encontra Avenida Faria Lima\"},\"url\":\"https:\\\/\\\/www.encontrajardins.com.br\\\/av-faria-lima\\\/author\\\/av-faria-lima\\\/\"}]}<\/script>\n<!-- \/ Yoast SEO plugin. -->","yoast_head_json":{"title":"\u2018Faria Lima deve estar p***\u2019: Lula critica investidores ao defender investimento em educa\u00e7\u00e3o | Guia Comercial Avenida Faria Lima","robots":{"index":"index","follow":"follow","max-snippet":"max-snippet:-1","max-image-preview":"max-image-preview:large","max-video-preview":"max-video-preview:-1"},"canonical":"https:\/\/www.encontrajardins.com.br\/av-faria-lima\/faria-lima-deve-estar-p-lula-critica-investidores-ao-defender-investimento-em-educacao\/","og_locale":"pt_BR","og_type":"article","og_title":"\u2018Faria Lima deve estar p***\u2019: Lula critica investidores ao defender investimento em educa\u00e7\u00e3o | Guia Comercial Avenida Faria Lima","og_description":"Lula confronta investidores ao falar sobre educa\u00e7\u00e3o e investimento em crian\u00e7as.","og_url":"https:\/\/www.encontrajardins.com.br\/av-faria-lima\/faria-lima-deve-estar-p-lula-critica-investidores-ao-defender-investimento-em-educacao\/","og_site_name":"Guia Comercial Avenida Faria Lima","article_published_time":"2026-04-05T15:32:58+00:00","og_image":[{"url":"https:\/\/www.encontrajardins.com.br\/av-faria-lima\/wp-content\/uploads\/2026\/04\/faria-lima-deve-estar-p-lula-critica-investidores-ao-defender-investimento-em-educacao.webp","type":"","width":"","height":""}],"author":"Encontra Avenida Faria Lima","twitter_card":"summary_large_image","twitter_misc":{"Escrito por":"Encontra Avenida Faria Lima","Est. tempo de leitura":"6 minutos"},"schema":{"@context":"https:\/\/schema.org","@graph":[{"@type":"Article","@id":"https:\/\/www.encontrajardins.com.br\/av-faria-lima\/faria-lima-deve-estar-p-lula-critica-investidores-ao-defender-investimento-em-educacao\/#article","isPartOf":{"@id":"https:\/\/www.encontrajardins.com.br\/av-faria-lima\/faria-lima-deve-estar-p-lula-critica-investidores-ao-defender-investimento-em-educacao\/"},"author":{"name":"Encontra Avenida Faria Lima","@id":"https:\/\/www.encontrajardins.com.br\/av-faria-lima\/#\/schema\/person\/79badd2a12b75d685ad41dac082e5111"},"headline":"\u2018Faria Lima deve estar p***\u2019: Lula critica investidores ao defender investimento em educa\u00e7\u00e3o","datePublished":"2026-04-05T15:32:58+00:00","mainEntityOfPage":{"@id":"https:\/\/www.encontrajardins.com.br\/av-faria-lima\/faria-lima-deve-estar-p-lula-critica-investidores-ao-defender-investimento-em-educacao\/"},"wordCount":1123,"commentCount":0,"image":{"@id":"https:\/\/www.encontrajardins.com.br\/av-faria-lima\/faria-lima-deve-estar-p-lula-critica-investidores-ao-defender-investimento-em-educacao\/#primaryimage"},"thumbnailUrl":"https:\/\/www.encontrajardins.com.br\/av-faria-lima\/wp-content\/uploads\/2026\/04\/faria-lima-deve-estar-p-lula-critica-investidores-ao-defender-investimento-em-educacao.webp","articleSection":["Not\u00edcias Avenida Faria Lima"],"inLanguage":"pt-BR","potentialAction":[{"@type":"CommentAction","name":"Comment","target":["https:\/\/www.encontrajardins.com.br\/av-faria-lima\/faria-lima-deve-estar-p-lula-critica-investidores-ao-defender-investimento-em-educacao\/#respond"]}]},{"@type":"WebPage","@id":"https:\/\/www.encontrajardins.com.br\/av-faria-lima\/faria-lima-deve-estar-p-lula-critica-investidores-ao-defender-investimento-em-educacao\/","url":"https:\/\/www.encontrajardins.com.br\/av-faria-lima\/faria-lima-deve-estar-p-lula-critica-investidores-ao-defender-investimento-em-educacao\/","name":"\u2018Faria Lima deve estar p***\u2019: Lula critica investidores ao defender investimento em educa\u00e7\u00e3o | Guia Comercial Avenida Faria Lima","isPartOf":{"@id":"https:\/\/www.encontrajardins.com.br\/av-faria-lima\/#website"},"primaryImageOfPage":{"@id":"https:\/\/www.encontrajardins.com.br\/av-faria-lima\/faria-lima-deve-estar-p-lula-critica-investidores-ao-defender-investimento-em-educacao\/#primaryimage"},"image":{"@id":"https:\/\/www.encontrajardins.com.br\/av-faria-lima\/faria-lima-deve-estar-p-lula-critica-investidores-ao-defender-investimento-em-educacao\/#primaryimage"},"thumbnailUrl":"https:\/\/www.encontrajardins.com.br\/av-faria-lima\/wp-content\/uploads\/2026\/04\/faria-lima-deve-estar-p-lula-critica-investidores-ao-defender-investimento-em-educacao.webp","datePublished":"2026-04-05T15:32:58+00:00","author":{"@id":"https:\/\/www.encontrajardins.com.br\/av-faria-lima\/#\/schema\/person\/79badd2a12b75d685ad41dac082e5111"},"inLanguage":"pt-BR","potentialAction":[{"@type":"ReadAction","target":["https:\/\/www.encontrajardins.com.br\/av-faria-lima\/faria-lima-deve-estar-p-lula-critica-investidores-ao-defender-investimento-em-educacao\/"]}]},{"@type":"ImageObject","inLanguage":"pt-BR","@id":"https:\/\/www.encontrajardins.com.br\/av-faria-lima\/faria-lima-deve-estar-p-lula-critica-investidores-ao-defender-investimento-em-educacao\/#primaryimage","url":"https:\/\/www.encontrajardins.com.br\/av-faria-lima\/wp-content\/uploads\/2026\/04\/faria-lima-deve-estar-p-lula-critica-investidores-ao-defender-investimento-em-educacao.webp","contentUrl":"https:\/\/www.encontrajardins.com.br\/av-faria-lima\/wp-content\/uploads\/2026\/04\/faria-lima-deve-estar-p-lula-critica-investidores-ao-defender-investimento-em-educacao.webp","width":280,"height":280,"caption":"investimento em educa\u00e7\u00e3o"},{"@type":"WebSite","@id":"https:\/\/www.encontrajardins.com.br\/av-faria-lima\/#website","url":"https:\/\/www.encontrajardins.com.br\/av-faria-lima\/","name":"Guia Comercial Avenida Faria Lima","description":"ENCONTRA AVENIDA FARIA LIMA - O guia comercial de neg\u00f3cios e empresas, cultura e divers\u00e3o na Avenida Faria Lima. Feito 100% para voc\u00ea morador!","potentialAction":[{"@type":"SearchAction","target":{"@type":"EntryPoint","urlTemplate":"https:\/\/www.encontrajardins.com.br\/av-faria-lima\/?s={search_term_string}"},"query-input":{"@type":"PropertyValueSpecification","valueRequired":true,"valueName":"search_term_string"}}],"inLanguage":"pt-BR"},{"@type":"Person","@id":"https:\/\/www.encontrajardins.com.br\/av-faria-lima\/#\/schema\/person\/79badd2a12b75d685ad41dac082e5111","name":"Encontra Avenida Faria Lima","image":{"@type":"ImageObject","inLanguage":"pt-BR","@id":"https:\/\/www.encontrajardins.com.br\/av-faria-lima\/wp-content\/litespeed\/avatar\/e92a756db1fc224ef50d2f00ed0d047a.jpg?ver=1776988651","url":"https:\/\/www.encontrajardins.com.br\/av-faria-lima\/wp-content\/litespeed\/avatar\/e92a756db1fc224ef50d2f00ed0d047a.jpg?ver=1776988651","contentUrl":"https:\/\/www.encontrajardins.com.br\/av-faria-lima\/wp-content\/litespeed\/avatar\/e92a756db1fc224ef50d2f00ed0d047a.jpg?ver=1776988651","caption":"Encontra Avenida Faria Lima"},"url":"https:\/\/www.encontrajardins.com.br\/av-faria-lima\/author\/av-faria-lima\/"}]}},"_links":{"self":[{"href":"https:\/\/www.encontrajardins.com.br\/av-faria-lima\/wp-json\/wp\/v2\/posts\/4462","targetHints":{"allow":["GET"]}}],"collection":[{"href":"https:\/\/www.encontrajardins.com.br\/av-faria-lima\/wp-json\/wp\/v2\/posts"}],"about":[{"href":"https:\/\/www.encontrajardins.com.br\/av-faria-lima\/wp-json\/wp\/v2\/types\/post"}],"author":[{"embeddable":true,"href":"https:\/\/www.encontrajardins.com.br\/av-faria-lima\/wp-json\/wp\/v2\/users\/1"}],"replies":[{"embeddable":true,"href":"https:\/\/www.encontrajardins.com.br\/av-faria-lima\/wp-json\/wp\/v2\/comments?post=4462"}],"version-history":[{"count":0,"href":"https:\/\/www.encontrajardins.com.br\/av-faria-lima\/wp-json\/wp\/v2\/posts\/4462\/revisions"}],"wp:featuredmedia":[{"embeddable":true,"href":"https:\/\/www.encontrajardins.com.br\/av-faria-lima\/wp-json\/wp\/v2\/media\/4461"}],"wp:attachment":[{"href":"https:\/\/www.encontrajardins.com.br\/av-faria-lima\/wp-json\/wp\/v2\/media?parent=4462"}],"wp:term":[{"taxonomy":"category","embeddable":true,"href":"https:\/\/www.encontrajardins.com.br\/av-faria-lima\/wp-json\/wp\/v2\/categories?post=4462"},{"taxonomy":"post_tag","embeddable":true,"href":"https:\/\/www.encontrajardins.com.br\/av-faria-lima\/wp-json\/wp\/v2\/tags?post=4462"}],"curies":[{"name":"wp","href":"https:\/\/api.w.org\/{rel}","templated":true}]}}