{"id":4486,"date":"2026-04-09T12:27:52","date_gmt":"2026-04-09T15:27:52","guid":{"rendered":"https:\/\/www.encontrajardins.com.br\/av-faria-lima\/um-video-de-14-segundos-mostra-policiais-militares-agredindo-um-homem-ja-rendido-durante-uma-abordagem-na-madrugada-da-segunda\/"},"modified":"2026-04-09T12:27:52","modified_gmt":"2026-04-09T15:27:52","slug":"um-video-de-14-segundos-mostra-policiais-militares-agredindo-um-homem-ja-rendido-durante-uma-abordagem-na-madrugada-da-segunda","status":"publish","type":"post","link":"https:\/\/www.encontrajardins.com.br\/av-faria-lima\/um-video-de-14-segundos-mostra-policiais-militares-agredindo-um-homem-ja-rendido-durante-uma-abordagem-na-madrugada-da-segunda\/","title":{"rendered":"Um v\u00eddeo de 14 segundos mostra policiais militares agredindo um homem j\u00e1 rendido durante uma abordagem na madrugada da segunda"},"content":{"rendered":"<h2>O Poder das Redes Sociais na Divulga\u00e7\u00e3o de Informa\u00e7\u00f5es<\/h2>\n<p>As redes sociais t\u00eam um papel fundamental na dissemina\u00e7\u00e3o de informa\u00e7\u00f5es ao redor do mundo. Elas possibilitam que not\u00edcias, eventos e opini\u00f5es sejam compartilhados instantaneamente, alcan\u00e7ando um vasto p\u00fablico. Com bilh\u00f5es de pessoas ativas em plataformas como Facebook, Twitter e Instagram, a velocidade de propaga\u00e7\u00e3o do conte\u00fado \u00e9 impressionante. Isso se traduz em uma maior visibilidade para quest\u00f5es sociais e pol\u00edticas que, de outra forma, poderiam passar despercebidas. Al\u00e9m disso, o engajamento gerado por postagens permite que vozes antes ignoradas consigam alcan\u00e7ar reconhecimento e apoio.<\/p>\n<h2>Viol\u00eancia Policial: Um Debate Necess\u00e1rio<\/h2>\n<p>A viol\u00eancia policial \u00e9 uma quest\u00e3o de grande relev\u00e2ncia nas discuss\u00f5es contempor\u00e2neas. Casos de abusos de autoridade por parte de agentes do estado, infelizmente, s\u00e3o frequentemente relatados e documentados. As redes sociais t\u00eam sido cruciais para trazer essas narrativas \u00e0 tona, permitindo que v\u00edtimas e testemunhas compartilhem suas experi\u00eancias. Essa visibilidade promove debates saborosos sobre os limites da for\u00e7a e a responsabilidade dos policiais. Cada v\u00eddeo ou relato que se torna viral contribui para que a sociedade reexamine suas opini\u00f5es e rea\u00e7\u00f5es sobre a atua\u00e7\u00e3o das for\u00e7as de seguran\u00e7a.<\/p>\n<h2>Como os V\u00eddeos Viralizam no Instagram<\/h2>\n<p>O Instagram, enquanto plataforma visual, apresenta um ambiente prop\u00edcio para que v\u00eddeos se tornem virais. O algoritmo prioriza conte\u00fado que recebe intera\u00e7\u00f5es significativas rapidamente, como curtidas e coment\u00e1rios. Isso gera um efeito cascata, onde o v\u00eddeo \u00e9 mostrado para mais usu\u00e1rios, potencialmente aumentando seu alcance. Al\u00e9m disso, o uso de hashtags estrat\u00e9gicas e colabora\u00e7\u00f5es com influenciadores pode catapultar o conte\u00fado para novos p\u00fablicos. Os v\u00eddeos que capturam a aten\u00e7\u00e3o, seja por seu conte\u00fado emocional ou informativo, t\u00eam mais chances de circula\u00e7\u00e3o ampla.<\/p>\n<p><img decoding=\"async\" src=\"https:\/\/www.encontrajardins.com.br\/av-faria-lima\/wp-content\/uploads\/2026\/04\/um-video-de-14-segundos-mostra-policiais-militares-agredindo-um-homem-ja-rendido-durante-uma-abordag.webp\" alt=\"Instagram\" loading=\"lazy\" \/><\/p>\n<h2>A Responsabilidade do Instagram na Modera\u00e7\u00e3o de Conte\u00fado<\/h2>\n<p>A modera\u00e7\u00e3o de conte\u00fado \u00e9 uma responsabilidade cr\u00edtica para plataformas como o Instagram. Com a quantidade crescente de conte\u00fado postado diariamente, o desafio \u00e9 monumental. O Instagram implementa diretrizes comunit\u00e1rias que visam proibir a promo\u00e7\u00e3o de viol\u00eancia e discurso de \u00f3dio, mas a aplica\u00e7\u00e3o dessas regras pode ser inconsistente. A presen\u00e7a de algoritmos que identificam conte\u00fados inapropriados \u00e9 essencial, mas tamb\u00e9m requer uma supervis\u00e3o humana para lidar com nuances que a tecnologia pode n\u00e3o captar. Assim, o debate sobre a efic\u00e1cia da modera\u00e7\u00e3o continua em foco, especialmente em casos de v\u00eddeos viralizando que exibem viol\u00eancia.<\/p>\n<h2>Rea\u00e7\u00f5es da Sociedade a V\u00eddeos de Viol\u00eancia<\/h2>\n<p>Quando v\u00eddeos de viol\u00eancia s\u00e3o compartilhados nas redes sociais, a rea\u00e7\u00e3o do p\u00fablico pode variar amplamente. Muitas pessoas expressam indigna\u00e7\u00e3o e pedem justi\u00e7a, enquanto outras podem se sentir desensibilizadas ou at\u00e9 mesmo ap\u00e1ticas diante da trag\u00e9dia. Esse espectro de rea\u00e7\u00f5es reflete a complexidade das emo\u00e7\u00f5es humanas e a forma como a exposi\u00e7\u00e3o constante a cenas de viol\u00eancia pode afetar a percep\u00e7\u00e3o p\u00fablica. Al\u00e9m disso, as discuss\u00f5es resultantes dessas rea\u00e7\u00f5es frequentemente geram movimentos sociais e press\u00e3o p\u00fablica por mudan\u00e7as.<\/p>\n<h2>A Influ\u00eancia dos Relatos de Testemunhas<\/h2>\n<p>Os testemunhos de indiv\u00edduos que presenciam eventos violentos t\u00eam um impacto significativo nas narrativas que se formam em torno desses incidentes. A primeira pessoa que relata um evento pode moldar a forma como a situa\u00e7\u00e3o \u00e9 percebida pelo p\u00fablico. Esses relatos, quando publicados nas redes sociais, conseguem fornecer perspectivas \u00fanicas e humanizadas, que, muitas vezes, s\u00e3o mais impactantes do que relat\u00f3rios noticiosos tradicionais. A credibilidade e o contexto oferecidos por testemunhas jogam uma luz nova em eventos que, de outro modo, poderiam ser descritos de maneira mais fria e objetiva.<\/p>\n<h2>A \u00c9tica da Compartilha\u00e7\u00e3o de Cenas de Viol\u00eancia<\/h2>\n<p>A \u00e9tica envolvendo a compartilhamento de imagens de viol\u00eancia levanta quest\u00f5es importantes sobre respeito \u00e0 dignidade humana e a sensibilidade em rela\u00e7\u00e3o a v\u00edtimas. Enquanto alguns argumentam que a exposi\u00e7\u00e3o \u00e9 necess\u00e1ria para gerar conscientiza\u00e7\u00e3o e fomentar discuss\u00f5es, outros questionam se o ato de compartilhar conte\u00fados gr\u00e1ficos n\u00e3o perpetua o trauma ou desumaniza os indiv\u00edduos retratados. A linha entre informar e explorar \u00e9 t\u00eanue, e \u00e9 essencial que o p\u00fablico e as plataformas considerem as consequ\u00eancias de sua divulga\u00e7\u00e3o.<\/p>\n<h2>O Papel das Autoridades em Respostas a Incidentes<\/h2>\n<p>A resposta das autoridades a incidentes de viol\u00eancia, especialmente quando filmados e divulgados, \u00e9 de vital import\u00e2ncia. As respostas devem ser \u00e1geis e respons\u00e1veis, considerando n\u00e3o apenas a repercuss\u00e3o imediata, mas tamb\u00e9m o impacto a longo prazo nas comunidades afetadas. O envolvimento das autoridades na comunica\u00e7\u00e3o com a m\u00eddia e o p\u00fablico pode determinar como esses eventos s\u00e3o dialogados na sociedade. Al\u00e9m disso, uma resposta proativa pode ajudar a mitigar a desconfian\u00e7a p\u00fablica nas institui\u00e7\u00f5es de seguran\u00e7a.<\/p>\n<h2>Como as Imagens Impactam a Opini\u00e3o P\u00fablica<\/h2>\n<p>Imagens e v\u00eddeos t\u00eam a capacidade de invocar emo\u00e7\u00f5es e moldar opini\u00f5es de formas que as palavras, muitas vezes, n\u00e3o conseguem. A brutalidade capturada em v\u00eddeo pode gerar indigna\u00e7\u00e3o instant\u00e2nea, levando a a\u00e7\u00f5es coletivas, como protestos e manifesta\u00e7\u00f5es. Al\u00e9m disso, a forma como as imagens s\u00e3o apresentadas e contextualizadas pode alterar percep\u00e7\u00f5es. Imagens que humanizam as v\u00edtimas podem incentivar a empatia, enquanto aquelas que apresentam a viol\u00eancia de forma crua podem alterar a narrativa, contribuindo para a desinforma\u00e7\u00e3o ou polariza\u00e7\u00e3o.<\/p>\n<h2>O Futuro da Modera\u00e7\u00e3o de Conte\u00fado nas Redes Sociais<\/h2>\n<p>O futuro da modera\u00e7\u00e3o de conte\u00fado nas redes sociais \u00e9 um tema em constante evolu\u00e7\u00e3o. \u00c0 medida que as tecnologias avan\u00e7am, espera-se que novas ferramentas de intelig\u00eancia artificial ajudem na identifica\u00e7\u00e3o e controle de conte\u00fados prejudiciais. No entanto, quest\u00f5es sobre vi\u00e9s e erro humano ainda persistem. Melhorar a transpar\u00eancia e a responsabilidade das plataformas tamb\u00e9m ser\u00e1 crucial, especialmente na maneira como lidam com conte\u00fado sens\u00edvel. O di\u00e1logo cont\u00ednuo entre desenvolvedores, usu\u00e1rios e especialistas em \u00e9tica ser\u00e1 necess\u00e1rio para moldar um ambiente online que seja seguro, informativo e respeitou a dignidade humana.<\/p>\n","protected":false},"excerpt":{"rendered":"<p>Instagram exp\u00f5e v\u00eddeos impactantes de viol\u00eancia policial que geram debates sociais.<\/p>\n","protected":false},"author":1,"featured_media":4485,"comment_status":"open","ping_status":"open","sticky":false,"template":"","format":"standard","meta":{"footnotes":""},"categories":[5],"tags":[],"class_list":["post-4486","post","type-post","status-publish","format-standard","has-post-thumbnail","hentry","category-noticias","has_thumb"],"yoast_head":"<!-- This site is optimized with the Yoast SEO plugin v27.4 - https:\/\/yoast.com\/product\/yoast-seo-wordpress\/ -->\n<title>Um v\u00eddeo de 14 segundos mostra policiais militares agredindo um homem j\u00e1 rendido durante uma abordagem na madrugada da segunda | Guia Comercial Avenida Faria Lima<\/title>\n<meta name=\"robots\" content=\"index, follow, max-snippet:-1, max-image-preview:large, max-video-preview:-1\" \/>\n<link rel=\"canonical\" href=\"https:\/\/www.encontrajardins.com.br\/av-faria-lima\/um-video-de-14-segundos-mostra-policiais-militares-agredindo-um-homem-ja-rendido-durante-uma-abordagem-na-madrugada-da-segunda\/\" \/>\n<meta property=\"og:locale\" content=\"pt_BR\" \/>\n<meta property=\"og:type\" content=\"article\" \/>\n<meta property=\"og:title\" content=\"Um v\u00eddeo de 14 segundos mostra policiais militares agredindo um homem j\u00e1 rendido durante uma abordagem na madrugada da segunda | Guia Comercial Avenida Faria Lima\" \/>\n<meta property=\"og:description\" content=\"Instagram exp\u00f5e v\u00eddeos impactantes de viol\u00eancia policial que geram debates sociais.\" \/>\n<meta property=\"og:url\" content=\"https:\/\/www.encontrajardins.com.br\/av-faria-lima\/um-video-de-14-segundos-mostra-policiais-militares-agredindo-um-homem-ja-rendido-durante-uma-abordagem-na-madrugada-da-segunda\/\" \/>\n<meta property=\"og:site_name\" content=\"Guia Comercial Avenida Faria Lima\" \/>\n<meta property=\"article:published_time\" content=\"2026-04-09T15:27:52+00:00\" \/>\n<meta property=\"og:image\" content=\"https:\/\/www.encontrajardins.com.br\/av-faria-lima\/wp-content\/uploads\/2026\/04\/um-video-de-14-segundos-mostra-policiais-militares-agredindo-um-homem-ja-rendido-durante-uma-abordag.webp\" \/>\n<meta name=\"author\" content=\"Encontra Avenida Faria Lima\" \/>\n<meta name=\"twitter:card\" content=\"summary_large_image\" \/>\n<meta name=\"twitter:label1\" content=\"Escrito por\" \/>\n\t<meta name=\"twitter:data1\" content=\"Encontra Avenida Faria Lima\" \/>\n\t<meta name=\"twitter:label2\" content=\"Est. tempo de leitura\" \/>\n\t<meta name=\"twitter:data2\" content=\"5 minutos\" \/>\n<script type=\"application\/ld+json\" class=\"yoast-schema-graph\">{\"@context\":\"https:\\\/\\\/schema.org\",\"@graph\":[{\"@type\":\"Article\",\"@id\":\"https:\\\/\\\/www.encontrajardins.com.br\\\/av-faria-lima\\\/um-video-de-14-segundos-mostra-policiais-militares-agredindo-um-homem-ja-rendido-durante-uma-abordagem-na-madrugada-da-segunda\\\/#article\",\"isPartOf\":{\"@id\":\"https:\\\/\\\/www.encontrajardins.com.br\\\/av-faria-lima\\\/um-video-de-14-segundos-mostra-policiais-militares-agredindo-um-homem-ja-rendido-durante-uma-abordagem-na-madrugada-da-segunda\\\/\"},\"author\":{\"name\":\"Encontra Avenida Faria Lima\",\"@id\":\"https:\\\/\\\/www.encontrajardins.com.br\\\/av-faria-lima\\\/#\\\/schema\\\/person\\\/79badd2a12b75d685ad41dac082e5111\"},\"headline\":\"Um v\u00eddeo de 14 segundos mostra policiais militares agredindo um homem j\u00e1 rendido durante uma abordagem na madrugada da segunda\",\"datePublished\":\"2026-04-09T15:27:52+00:00\",\"mainEntityOfPage\":{\"@id\":\"https:\\\/\\\/www.encontrajardins.com.br\\\/av-faria-lima\\\/um-video-de-14-segundos-mostra-policiais-militares-agredindo-um-homem-ja-rendido-durante-uma-abordagem-na-madrugada-da-segunda\\\/\"},\"wordCount\":1097,\"commentCount\":0,\"image\":{\"@id\":\"https:\\\/\\\/www.encontrajardins.com.br\\\/av-faria-lima\\\/um-video-de-14-segundos-mostra-policiais-militares-agredindo-um-homem-ja-rendido-durante-uma-abordagem-na-madrugada-da-segunda\\\/#primaryimage\"},\"thumbnailUrl\":\"https:\\\/\\\/www.encontrajardins.com.br\\\/av-faria-lima\\\/wp-content\\\/uploads\\\/2026\\\/04\\\/um-video-de-14-segundos-mostra-policiais-militares-agredindo-um-homem-ja-rendido-durante-uma-abordag.webp\",\"articleSection\":[\"Not\u00edcias Avenida Faria Lima\"],\"inLanguage\":\"pt-BR\",\"potentialAction\":[{\"@type\":\"CommentAction\",\"name\":\"Comment\",\"target\":[\"https:\\\/\\\/www.encontrajardins.com.br\\\/av-faria-lima\\\/um-video-de-14-segundos-mostra-policiais-militares-agredindo-um-homem-ja-rendido-durante-uma-abordagem-na-madrugada-da-segunda\\\/#respond\"]}]},{\"@type\":\"WebPage\",\"@id\":\"https:\\\/\\\/www.encontrajardins.com.br\\\/av-faria-lima\\\/um-video-de-14-segundos-mostra-policiais-militares-agredindo-um-homem-ja-rendido-durante-uma-abordagem-na-madrugada-da-segunda\\\/\",\"url\":\"https:\\\/\\\/www.encontrajardins.com.br\\\/av-faria-lima\\\/um-video-de-14-segundos-mostra-policiais-militares-agredindo-um-homem-ja-rendido-durante-uma-abordagem-na-madrugada-da-segunda\\\/\",\"name\":\"Um v\u00eddeo de 14 segundos mostra policiais militares agredindo um homem j\u00e1 rendido durante uma abordagem na madrugada da segunda | Guia Comercial Avenida Faria Lima\",\"isPartOf\":{\"@id\":\"https:\\\/\\\/www.encontrajardins.com.br\\\/av-faria-lima\\\/#website\"},\"primaryImageOfPage\":{\"@id\":\"https:\\\/\\\/www.encontrajardins.com.br\\\/av-faria-lima\\\/um-video-de-14-segundos-mostra-policiais-militares-agredindo-um-homem-ja-rendido-durante-uma-abordagem-na-madrugada-da-segunda\\\/#primaryimage\"},\"image\":{\"@id\":\"https:\\\/\\\/www.encontrajardins.com.br\\\/av-faria-lima\\\/um-video-de-14-segundos-mostra-policiais-militares-agredindo-um-homem-ja-rendido-durante-uma-abordagem-na-madrugada-da-segunda\\\/#primaryimage\"},\"thumbnailUrl\":\"https:\\\/\\\/www.encontrajardins.com.br\\\/av-faria-lima\\\/wp-content\\\/uploads\\\/2026\\\/04\\\/um-video-de-14-segundos-mostra-policiais-militares-agredindo-um-homem-ja-rendido-durante-uma-abordag.webp\",\"datePublished\":\"2026-04-09T15:27:52+00:00\",\"author\":{\"@id\":\"https:\\\/\\\/www.encontrajardins.com.br\\\/av-faria-lima\\\/#\\\/schema\\\/person\\\/79badd2a12b75d685ad41dac082e5111\"},\"inLanguage\":\"pt-BR\",\"potentialAction\":[{\"@type\":\"ReadAction\",\"target\":[\"https:\\\/\\\/www.encontrajardins.com.br\\\/av-faria-lima\\\/um-video-de-14-segundos-mostra-policiais-militares-agredindo-um-homem-ja-rendido-durante-uma-abordagem-na-madrugada-da-segunda\\\/\"]}]},{\"@type\":\"ImageObject\",\"inLanguage\":\"pt-BR\",\"@id\":\"https:\\\/\\\/www.encontrajardins.com.br\\\/av-faria-lima\\\/um-video-de-14-segundos-mostra-policiais-militares-agredindo-um-homem-ja-rendido-durante-uma-abordagem-na-madrugada-da-segunda\\\/#primaryimage\",\"url\":\"https:\\\/\\\/www.encontrajardins.com.br\\\/av-faria-lima\\\/wp-content\\\/uploads\\\/2026\\\/04\\\/um-video-de-14-segundos-mostra-policiais-militares-agredindo-um-homem-ja-rendido-durante-uma-abordag.webp\",\"contentUrl\":\"https:\\\/\\\/www.encontrajardins.com.br\\\/av-faria-lima\\\/wp-content\\\/uploads\\\/2026\\\/04\\\/um-video-de-14-segundos-mostra-policiais-militares-agredindo-um-homem-ja-rendido-durante-uma-abordag.webp\",\"width\":280,\"height\":280,\"caption\":\"Instagram\"},{\"@type\":\"WebSite\",\"@id\":\"https:\\\/\\\/www.encontrajardins.com.br\\\/av-faria-lima\\\/#website\",\"url\":\"https:\\\/\\\/www.encontrajardins.com.br\\\/av-faria-lima\\\/\",\"name\":\"Guia Comercial Avenida Faria Lima\",\"description\":\"ENCONTRA AVENIDA FARIA LIMA - O guia comercial de neg\u00f3cios e empresas, cultura e divers\u00e3o na Avenida Faria Lima. Feito 100% para voc\u00ea morador!\",\"potentialAction\":[{\"@type\":\"SearchAction\",\"target\":{\"@type\":\"EntryPoint\",\"urlTemplate\":\"https:\\\/\\\/www.encontrajardins.com.br\\\/av-faria-lima\\\/?s={search_term_string}\"},\"query-input\":{\"@type\":\"PropertyValueSpecification\",\"valueRequired\":true,\"valueName\":\"search_term_string\"}}],\"inLanguage\":\"pt-BR\"},{\"@type\":\"Person\",\"@id\":\"https:\\\/\\\/www.encontrajardins.com.br\\\/av-faria-lima\\\/#\\\/schema\\\/person\\\/79badd2a12b75d685ad41dac082e5111\",\"name\":\"Encontra Avenida Faria Lima\",\"image\":{\"@type\":\"ImageObject\",\"inLanguage\":\"pt-BR\",\"@id\":\"https:\\\/\\\/www.encontrajardins.com.br\\\/av-faria-lima\\\/wp-content\\\/litespeed\\\/avatar\\\/e92a756db1fc224ef50d2f00ed0d047a.jpg?ver=1776988651\",\"url\":\"https:\\\/\\\/www.encontrajardins.com.br\\\/av-faria-lima\\\/wp-content\\\/litespeed\\\/avatar\\\/e92a756db1fc224ef50d2f00ed0d047a.jpg?ver=1776988651\",\"contentUrl\":\"https:\\\/\\\/www.encontrajardins.com.br\\\/av-faria-lima\\\/wp-content\\\/litespeed\\\/avatar\\\/e92a756db1fc224ef50d2f00ed0d047a.jpg?ver=1776988651\",\"caption\":\"Encontra Avenida Faria Lima\"},\"url\":\"https:\\\/\\\/www.encontrajardins.com.br\\\/av-faria-lima\\\/author\\\/av-faria-lima\\\/\"}]}<\/script>\n<!-- \/ Yoast SEO plugin. -->","yoast_head_json":{"title":"Um v\u00eddeo de 14 segundos mostra policiais militares agredindo um homem j\u00e1 rendido durante uma abordagem na madrugada da segunda | Guia Comercial Avenida Faria Lima","robots":{"index":"index","follow":"follow","max-snippet":"max-snippet:-1","max-image-preview":"max-image-preview:large","max-video-preview":"max-video-preview:-1"},"canonical":"https:\/\/www.encontrajardins.com.br\/av-faria-lima\/um-video-de-14-segundos-mostra-policiais-militares-agredindo-um-homem-ja-rendido-durante-uma-abordagem-na-madrugada-da-segunda\/","og_locale":"pt_BR","og_type":"article","og_title":"Um v\u00eddeo de 14 segundos mostra policiais militares agredindo um homem j\u00e1 rendido durante uma abordagem na madrugada da segunda | Guia Comercial Avenida Faria Lima","og_description":"Instagram exp\u00f5e v\u00eddeos impactantes de viol\u00eancia policial que geram debates sociais.","og_url":"https:\/\/www.encontrajardins.com.br\/av-faria-lima\/um-video-de-14-segundos-mostra-policiais-militares-agredindo-um-homem-ja-rendido-durante-uma-abordagem-na-madrugada-da-segunda\/","og_site_name":"Guia Comercial Avenida Faria Lima","article_published_time":"2026-04-09T15:27:52+00:00","og_image":[{"url":"https:\/\/www.encontrajardins.com.br\/av-faria-lima\/wp-content\/uploads\/2026\/04\/um-video-de-14-segundos-mostra-policiais-militares-agredindo-um-homem-ja-rendido-durante-uma-abordag.webp","type":"","width":"","height":""}],"author":"Encontra Avenida Faria Lima","twitter_card":"summary_large_image","twitter_misc":{"Escrito por":"Encontra Avenida Faria Lima","Est. tempo de leitura":"5 minutos"},"schema":{"@context":"https:\/\/schema.org","@graph":[{"@type":"Article","@id":"https:\/\/www.encontrajardins.com.br\/av-faria-lima\/um-video-de-14-segundos-mostra-policiais-militares-agredindo-um-homem-ja-rendido-durante-uma-abordagem-na-madrugada-da-segunda\/#article","isPartOf":{"@id":"https:\/\/www.encontrajardins.com.br\/av-faria-lima\/um-video-de-14-segundos-mostra-policiais-militares-agredindo-um-homem-ja-rendido-durante-uma-abordagem-na-madrugada-da-segunda\/"},"author":{"name":"Encontra Avenida Faria Lima","@id":"https:\/\/www.encontrajardins.com.br\/av-faria-lima\/#\/schema\/person\/79badd2a12b75d685ad41dac082e5111"},"headline":"Um v\u00eddeo de 14 segundos mostra policiais militares agredindo um homem j\u00e1 rendido durante uma abordagem na madrugada da segunda","datePublished":"2026-04-09T15:27:52+00:00","mainEntityOfPage":{"@id":"https:\/\/www.encontrajardins.com.br\/av-faria-lima\/um-video-de-14-segundos-mostra-policiais-militares-agredindo-um-homem-ja-rendido-durante-uma-abordagem-na-madrugada-da-segunda\/"},"wordCount":1097,"commentCount":0,"image":{"@id":"https:\/\/www.encontrajardins.com.br\/av-faria-lima\/um-video-de-14-segundos-mostra-policiais-militares-agredindo-um-homem-ja-rendido-durante-uma-abordagem-na-madrugada-da-segunda\/#primaryimage"},"thumbnailUrl":"https:\/\/www.encontrajardins.com.br\/av-faria-lima\/wp-content\/uploads\/2026\/04\/um-video-de-14-segundos-mostra-policiais-militares-agredindo-um-homem-ja-rendido-durante-uma-abordag.webp","articleSection":["Not\u00edcias Avenida Faria Lima"],"inLanguage":"pt-BR","potentialAction":[{"@type":"CommentAction","name":"Comment","target":["https:\/\/www.encontrajardins.com.br\/av-faria-lima\/um-video-de-14-segundos-mostra-policiais-militares-agredindo-um-homem-ja-rendido-durante-uma-abordagem-na-madrugada-da-segunda\/#respond"]}]},{"@type":"WebPage","@id":"https:\/\/www.encontrajardins.com.br\/av-faria-lima\/um-video-de-14-segundos-mostra-policiais-militares-agredindo-um-homem-ja-rendido-durante-uma-abordagem-na-madrugada-da-segunda\/","url":"https:\/\/www.encontrajardins.com.br\/av-faria-lima\/um-video-de-14-segundos-mostra-policiais-militares-agredindo-um-homem-ja-rendido-durante-uma-abordagem-na-madrugada-da-segunda\/","name":"Um v\u00eddeo de 14 segundos mostra policiais militares agredindo um homem j\u00e1 rendido durante uma abordagem na madrugada da segunda | Guia Comercial Avenida Faria Lima","isPartOf":{"@id":"https:\/\/www.encontrajardins.com.br\/av-faria-lima\/#website"},"primaryImageOfPage":{"@id":"https:\/\/www.encontrajardins.com.br\/av-faria-lima\/um-video-de-14-segundos-mostra-policiais-militares-agredindo-um-homem-ja-rendido-durante-uma-abordagem-na-madrugada-da-segunda\/#primaryimage"},"image":{"@id":"https:\/\/www.encontrajardins.com.br\/av-faria-lima\/um-video-de-14-segundos-mostra-policiais-militares-agredindo-um-homem-ja-rendido-durante-uma-abordagem-na-madrugada-da-segunda\/#primaryimage"},"thumbnailUrl":"https:\/\/www.encontrajardins.com.br\/av-faria-lima\/wp-content\/uploads\/2026\/04\/um-video-de-14-segundos-mostra-policiais-militares-agredindo-um-homem-ja-rendido-durante-uma-abordag.webp","datePublished":"2026-04-09T15:27:52+00:00","author":{"@id":"https:\/\/www.encontrajardins.com.br\/av-faria-lima\/#\/schema\/person\/79badd2a12b75d685ad41dac082e5111"},"inLanguage":"pt-BR","potentialAction":[{"@type":"ReadAction","target":["https:\/\/www.encontrajardins.com.br\/av-faria-lima\/um-video-de-14-segundos-mostra-policiais-militares-agredindo-um-homem-ja-rendido-durante-uma-abordagem-na-madrugada-da-segunda\/"]}]},{"@type":"ImageObject","inLanguage":"pt-BR","@id":"https:\/\/www.encontrajardins.com.br\/av-faria-lima\/um-video-de-14-segundos-mostra-policiais-militares-agredindo-um-homem-ja-rendido-durante-uma-abordagem-na-madrugada-da-segunda\/#primaryimage","url":"https:\/\/www.encontrajardins.com.br\/av-faria-lima\/wp-content\/uploads\/2026\/04\/um-video-de-14-segundos-mostra-policiais-militares-agredindo-um-homem-ja-rendido-durante-uma-abordag.webp","contentUrl":"https:\/\/www.encontrajardins.com.br\/av-faria-lima\/wp-content\/uploads\/2026\/04\/um-video-de-14-segundos-mostra-policiais-militares-agredindo-um-homem-ja-rendido-durante-uma-abordag.webp","width":280,"height":280,"caption":"Instagram"},{"@type":"WebSite","@id":"https:\/\/www.encontrajardins.com.br\/av-faria-lima\/#website","url":"https:\/\/www.encontrajardins.com.br\/av-faria-lima\/","name":"Guia Comercial Avenida Faria Lima","description":"ENCONTRA AVENIDA FARIA LIMA - O guia comercial de neg\u00f3cios e empresas, cultura e divers\u00e3o na Avenida Faria Lima. Feito 100% para voc\u00ea morador!","potentialAction":[{"@type":"SearchAction","target":{"@type":"EntryPoint","urlTemplate":"https:\/\/www.encontrajardins.com.br\/av-faria-lima\/?s={search_term_string}"},"query-input":{"@type":"PropertyValueSpecification","valueRequired":true,"valueName":"search_term_string"}}],"inLanguage":"pt-BR"},{"@type":"Person","@id":"https:\/\/www.encontrajardins.com.br\/av-faria-lima\/#\/schema\/person\/79badd2a12b75d685ad41dac082e5111","name":"Encontra Avenida Faria Lima","image":{"@type":"ImageObject","inLanguage":"pt-BR","@id":"https:\/\/www.encontrajardins.com.br\/av-faria-lima\/wp-content\/litespeed\/avatar\/e92a756db1fc224ef50d2f00ed0d047a.jpg?ver=1776988651","url":"https:\/\/www.encontrajardins.com.br\/av-faria-lima\/wp-content\/litespeed\/avatar\/e92a756db1fc224ef50d2f00ed0d047a.jpg?ver=1776988651","contentUrl":"https:\/\/www.encontrajardins.com.br\/av-faria-lima\/wp-content\/litespeed\/avatar\/e92a756db1fc224ef50d2f00ed0d047a.jpg?ver=1776988651","caption":"Encontra Avenida Faria Lima"},"url":"https:\/\/www.encontrajardins.com.br\/av-faria-lima\/author\/av-faria-lima\/"}]}},"_links":{"self":[{"href":"https:\/\/www.encontrajardins.com.br\/av-faria-lima\/wp-json\/wp\/v2\/posts\/4486","targetHints":{"allow":["GET"]}}],"collection":[{"href":"https:\/\/www.encontrajardins.com.br\/av-faria-lima\/wp-json\/wp\/v2\/posts"}],"about":[{"href":"https:\/\/www.encontrajardins.com.br\/av-faria-lima\/wp-json\/wp\/v2\/types\/post"}],"author":[{"embeddable":true,"href":"https:\/\/www.encontrajardins.com.br\/av-faria-lima\/wp-json\/wp\/v2\/users\/1"}],"replies":[{"embeddable":true,"href":"https:\/\/www.encontrajardins.com.br\/av-faria-lima\/wp-json\/wp\/v2\/comments?post=4486"}],"version-history":[{"count":0,"href":"https:\/\/www.encontrajardins.com.br\/av-faria-lima\/wp-json\/wp\/v2\/posts\/4486\/revisions"}],"wp:featuredmedia":[{"embeddable":true,"href":"https:\/\/www.encontrajardins.com.br\/av-faria-lima\/wp-json\/wp\/v2\/media\/4485"}],"wp:attachment":[{"href":"https:\/\/www.encontrajardins.com.br\/av-faria-lima\/wp-json\/wp\/v2\/media?parent=4486"}],"wp:term":[{"taxonomy":"category","embeddable":true,"href":"https:\/\/www.encontrajardins.com.br\/av-faria-lima\/wp-json\/wp\/v2\/categories?post=4486"},{"taxonomy":"post_tag","embeddable":true,"href":"https:\/\/www.encontrajardins.com.br\/av-faria-lima\/wp-json\/wp\/v2\/tags?post=4486"}],"curies":[{"name":"wp","href":"https:\/\/api.w.org\/{rel}","templated":true}]}}