{"id":4490,"date":"2026-04-10T12:32:56","date_gmt":"2026-04-10T15:32:56","guid":{"rendered":"https:\/\/www.encontrajardins.com.br\/av-faria-lima\/a-nova-25-de-marco\/"},"modified":"2026-04-10T12:32:56","modified_gmt":"2026-04-10T15:32:56","slug":"a-nova-25-de-marco","status":"publish","type":"post","link":"https:\/\/www.encontrajardins.com.br\/av-faria-lima\/a-nova-25-de-marco\/","title":{"rendered":"A nova 25 de Mar\u00e7o"},"content":{"rendered":"<h2>Mudan\u00e7as no Cen\u00e1rio Comercial<\/h2>\n<p>A transforma\u00e7\u00e3o do varejo na Avenida Paulista \u00e9 resultado de uma s\u00e9rie de fatores que alteraram o panorama comercial da regi\u00e3o. Tradicionalmente conhecida como um epicentro de marcas de alto padr\u00e3o, a avenida agora est\u00e1 se moldando para acolher um p\u00fablico mais diverso, refletindo as novas din\u00e2micas econ\u00f4micas e sociais da cidade de S\u00e3o Paulo.<\/p>\n<h2>A Avenida Paulista ao Longo da Hist\u00f3ria<\/h2>\n<p>A Avenida Paulista, desde sua cria\u00e7\u00e3o, passou por diversas metamorfoses. Iniciou como um bairro residencial, rapidamente evoluindo para um importante centro financeiro e cultural. Com o tempo, sua ic\u00f4nica paisagem urbana foi marcada por arranha-c\u00e9us, lojas de prest\u00edgio e institui\u00e7\u00f5es de classe alta. No entanto, a ascens\u00e3o do com\u00e9rcio informal e a populariza\u00e7\u00e3o do varejo acess\u00edvel come\u00e7aram a redefinir seu car\u00e1ter, desafiando a hegemonia das marcas tradicionais.<\/p>\n<h2>O Papel das Lojas Populares<\/h2>\n<p>O surgimento de lojas populares como Lojas Mel e Torra tem mudado a face da Avenida Paulista. Estas redes de varejo, focadas em atender um p\u00fablico com menor poder aquisitivo, t\u00eam atra\u00eddo uma nova clientela que antes n\u00e3o se aventurava a frequentar o local. O crescimento delas n\u00e3o \u00e9 apenas uma resposta \u00e0 demanda por pre\u00e7os mais acess\u00edveis, mas tamb\u00e9m uma estrat\u00e9gia eficaz de mercado que visa conquistar um espa\u00e7o em um dos endere\u00e7os mais ic\u00f4nicos do Brasil.<\/p>\n<p><img decoding=\"async\" src=\"https:\/\/www.encontrajardins.com.br\/av-faria-lima\/wp-content\/uploads\/2026\/04\/a-nova-25-de-marco.webp\" alt=\"nova 25 de Mar\u00e7o\" loading=\"lazy\" \/><\/p>\n<h2>O Impacto da Galeria Magalu<\/h2>\n<p>A abertura da Galeria Magalu, com suas v\u00e1rias marcas sob um mesmo teto, simboliza essa nova fase da Paulista. Inaugurada em 2025, a galeria n\u00e3o apenas trouxe novos produtos e op\u00e7\u00f5es para os clientes, mas tamb\u00e9m revitalizou a \u00e1rea que antes abrigava a Livraria Cultura, criando um hub comercial que mistura moda, eletr\u00f4nicos e cosm\u00e9ticos, despertando o interesse de diversos consumidores.<\/p>\n<h2>Transforma\u00e7\u00e3o da Experi\u00eancia de Compra<\/h2>\n<p>Com a chegada de marcas voltadas para o p\u00fablico de classe m\u00e9dia e baixa, a experi\u00eancia de compra na Paulista se torna mais acess\u00edvel e diversificada. As lojas populares t\u00eam investido em design de loja e experi\u00eancia do cliente, buscando n\u00e3o s\u00f3 atender \u00e0 demanda por pre\u00e7os baixos, mas tamb\u00e9m proporcionar um ambiente agrad\u00e1vel de compras, equiparando-se, em alguns aspectos, \u00e0s grandes redes de marca.<\/p>\n<h2>O P\u00fablico que Frequenta a Paulista<\/h2>\n<p>O perfil dos consumidores que circulam pela Avenida Paulista \u00e9 cada vez mais diversificado. De trabalhadores de escrit\u00f3rio a estudantes e turistas, a avenida se tornou um ponto de encontro de diferentes classes sociais. Essa heterogeneidade \u00e9 um fator que potencia o com\u00e9rcio popular, pois ele pode atender a uma ampla gama de prefer\u00eancias e necessidades.<\/p>\n<h2>Efeito da Seguran\u00e7a no Com\u00e9rcio<\/h2>\n<p>A seguran\u00e7a na Avenida Paulista teve um impacto crucial na revitaliza\u00e7\u00e3o do com\u00e9rcio. A implementa\u00e7\u00e3o da Opera\u00e7\u00e3o Paulista Mais Segura, que incluiu aumento no efetivo policial e tecnologias de monitoramento, apresentou resultados positivos na redu\u00e7\u00e3o da criminalidade. Esse ambiente mais seguro tornou-se um atrativo tanto para consumidores quanto para novos empres\u00e1rios.<\/p>\n<h2>M\u00e9tricas Sobre o Fluxo de Clientes<\/h2>\n<p>Com aproximadamente 1,5 milh\u00e3o de pessoas circulando pela Avenida Paulista todos os dias, de acordo com estudos da Associa\u00e7\u00e3o Paulista Viva, o fluxo intenso representa uma oportunidade inestim\u00e1vel para o varejo. As lojas que compreendem essa din\u00e2mica t\u00eam mais chances de prosperar ao adaptar suas ofertas \u00e0s necessidades de um p\u00fablico que busca praticidade, seguran\u00e7a e poder de compra.<\/p>\n<h2>A Evolu\u00e7\u00e3o do Varejo Popular<\/h2>\n<p>A ascens\u00e3o do varejo popular na Paulista ilustra uma evolu\u00e7\u00e3o significativa na forma como as marcas operam. As empresas est\u00e3o se adaptando \u00e0s realidades econ\u00f4micas atuais, desenvolvendo estrat\u00e9gias que priorizam a efici\u00eancia operacional e a compreens\u00e3o do consumidor. O resultado \u00e9 um ecossistema mais robusto e competitivo que dita novas regras no com\u00e9rcio.<\/p>\n<h2>Desafios e Oportunidades Futuras<\/h2>\n<p>Mesmo com o recente sucesso do varejo popular, desafios permanecem. O futuro do com\u00e9rcio na Avenida Paulista depender\u00e1 de fatores econ\u00f4micos, concorr\u00eancia de marcas internacionais e a capacidade das redes de varejo de oferecer um balan\u00e7o entre qualidade, pre\u00e7o e experi\u00eancia de compra. \u00c0 medida que a economia melhora e as marcas de maior ticket tentam retomar seu espa\u00e7o, o varejo popular ter\u00e1 que se reinventar continuamente para manter sua posi\u00e7\u00e3o de destaque.<\/p>\n","protected":false},"excerpt":{"rendered":"<p>A nova 25 de Mar\u00e7o revela mudan\u00e7as no varejo da Avenida Paulista.<\/p>\n","protected":false},"author":1,"featured_media":4489,"comment_status":"open","ping_status":"open","sticky":false,"template":"","format":"standard","meta":{"footnotes":""},"categories":[5],"tags":[],"class_list":["post-4490","post","type-post","status-publish","format-standard","has-post-thumbnail","hentry","category-noticias","has_thumb"],"yoast_head":"<!-- This site is optimized with the Yoast SEO plugin v27.4 - https:\/\/yoast.com\/product\/yoast-seo-wordpress\/ -->\n<title>A nova 25 de Mar\u00e7o | Guia Comercial Avenida Faria Lima<\/title>\n<meta name=\"robots\" content=\"index, follow, max-snippet:-1, max-image-preview:large, max-video-preview:-1\" \/>\n<link rel=\"canonical\" href=\"https:\/\/www.encontrajardins.com.br\/av-faria-lima\/a-nova-25-de-marco\/\" \/>\n<meta property=\"og:locale\" content=\"pt_BR\" \/>\n<meta property=\"og:type\" content=\"article\" \/>\n<meta property=\"og:title\" content=\"A nova 25 de Mar\u00e7o | Guia Comercial Avenida Faria Lima\" \/>\n<meta property=\"og:description\" content=\"A nova 25 de Mar\u00e7o revela mudan\u00e7as no varejo da Avenida Paulista.\" \/>\n<meta property=\"og:url\" content=\"https:\/\/www.encontrajardins.com.br\/av-faria-lima\/a-nova-25-de-marco\/\" \/>\n<meta property=\"og:site_name\" content=\"Guia Comercial Avenida Faria Lima\" \/>\n<meta property=\"article:published_time\" content=\"2026-04-10T15:32:56+00:00\" \/>\n<meta property=\"og:image\" content=\"https:\/\/www.encontrajardins.com.br\/av-faria-lima\/wp-content\/uploads\/2026\/04\/a-nova-25-de-marco.webp\" \/>\n<meta name=\"author\" content=\"Encontra Avenida Faria Lima\" \/>\n<meta name=\"twitter:card\" content=\"summary_large_image\" \/>\n<meta name=\"twitter:label1\" content=\"Escrito por\" \/>\n\t<meta name=\"twitter:data1\" content=\"Encontra Avenida Faria Lima\" \/>\n\t<meta name=\"twitter:label2\" content=\"Est. tempo de leitura\" \/>\n\t<meta name=\"twitter:data2\" content=\"4 minutos\" \/>\n<script type=\"application\/ld+json\" class=\"yoast-schema-graph\">{\"@context\":\"https:\\\/\\\/schema.org\",\"@graph\":[{\"@type\":\"Article\",\"@id\":\"https:\\\/\\\/www.encontrajardins.com.br\\\/av-faria-lima\\\/a-nova-25-de-marco\\\/#article\",\"isPartOf\":{\"@id\":\"https:\\\/\\\/www.encontrajardins.com.br\\\/av-faria-lima\\\/a-nova-25-de-marco\\\/\"},\"author\":{\"name\":\"Encontra Avenida Faria Lima\",\"@id\":\"https:\\\/\\\/www.encontrajardins.com.br\\\/av-faria-lima\\\/#\\\/schema\\\/person\\\/79badd2a12b75d685ad41dac082e5111\"},\"headline\":\"A nova 25 de Mar\u00e7o\",\"datePublished\":\"2026-04-10T15:32:56+00:00\",\"mainEntityOfPage\":{\"@id\":\"https:\\\/\\\/www.encontrajardins.com.br\\\/av-faria-lima\\\/a-nova-25-de-marco\\\/\"},\"wordCount\":755,\"commentCount\":0,\"image\":{\"@id\":\"https:\\\/\\\/www.encontrajardins.com.br\\\/av-faria-lima\\\/a-nova-25-de-marco\\\/#primaryimage\"},\"thumbnailUrl\":\"https:\\\/\\\/www.encontrajardins.com.br\\\/av-faria-lima\\\/wp-content\\\/uploads\\\/2026\\\/04\\\/a-nova-25-de-marco.webp\",\"articleSection\":[\"Not\u00edcias Avenida Faria Lima\"],\"inLanguage\":\"pt-BR\",\"potentialAction\":[{\"@type\":\"CommentAction\",\"name\":\"Comment\",\"target\":[\"https:\\\/\\\/www.encontrajardins.com.br\\\/av-faria-lima\\\/a-nova-25-de-marco\\\/#respond\"]}]},{\"@type\":\"WebPage\",\"@id\":\"https:\\\/\\\/www.encontrajardins.com.br\\\/av-faria-lima\\\/a-nova-25-de-marco\\\/\",\"url\":\"https:\\\/\\\/www.encontrajardins.com.br\\\/av-faria-lima\\\/a-nova-25-de-marco\\\/\",\"name\":\"A nova 25 de Mar\u00e7o | Guia Comercial Avenida Faria Lima\",\"isPartOf\":{\"@id\":\"https:\\\/\\\/www.encontrajardins.com.br\\\/av-faria-lima\\\/#website\"},\"primaryImageOfPage\":{\"@id\":\"https:\\\/\\\/www.encontrajardins.com.br\\\/av-faria-lima\\\/a-nova-25-de-marco\\\/#primaryimage\"},\"image\":{\"@id\":\"https:\\\/\\\/www.encontrajardins.com.br\\\/av-faria-lima\\\/a-nova-25-de-marco\\\/#primaryimage\"},\"thumbnailUrl\":\"https:\\\/\\\/www.encontrajardins.com.br\\\/av-faria-lima\\\/wp-content\\\/uploads\\\/2026\\\/04\\\/a-nova-25-de-marco.webp\",\"datePublished\":\"2026-04-10T15:32:56+00:00\",\"author\":{\"@id\":\"https:\\\/\\\/www.encontrajardins.com.br\\\/av-faria-lima\\\/#\\\/schema\\\/person\\\/79badd2a12b75d685ad41dac082e5111\"},\"inLanguage\":\"pt-BR\",\"potentialAction\":[{\"@type\":\"ReadAction\",\"target\":[\"https:\\\/\\\/www.encontrajardins.com.br\\\/av-faria-lima\\\/a-nova-25-de-marco\\\/\"]}]},{\"@type\":\"ImageObject\",\"inLanguage\":\"pt-BR\",\"@id\":\"https:\\\/\\\/www.encontrajardins.com.br\\\/av-faria-lima\\\/a-nova-25-de-marco\\\/#primaryimage\",\"url\":\"https:\\\/\\\/www.encontrajardins.com.br\\\/av-faria-lima\\\/wp-content\\\/uploads\\\/2026\\\/04\\\/a-nova-25-de-marco.webp\",\"contentUrl\":\"https:\\\/\\\/www.encontrajardins.com.br\\\/av-faria-lima\\\/wp-content\\\/uploads\\\/2026\\\/04\\\/a-nova-25-de-marco.webp\",\"width\":280,\"height\":280,\"caption\":\"nova 25 de Mar\u00e7o\"},{\"@type\":\"WebSite\",\"@id\":\"https:\\\/\\\/www.encontrajardins.com.br\\\/av-faria-lima\\\/#website\",\"url\":\"https:\\\/\\\/www.encontrajardins.com.br\\\/av-faria-lima\\\/\",\"name\":\"Guia Comercial Avenida Faria Lima\",\"description\":\"ENCONTRA AVENIDA FARIA LIMA - O guia comercial de neg\u00f3cios e empresas, cultura e divers\u00e3o na Avenida Faria Lima. Feito 100% para voc\u00ea morador!\",\"potentialAction\":[{\"@type\":\"SearchAction\",\"target\":{\"@type\":\"EntryPoint\",\"urlTemplate\":\"https:\\\/\\\/www.encontrajardins.com.br\\\/av-faria-lima\\\/?s={search_term_string}\"},\"query-input\":{\"@type\":\"PropertyValueSpecification\",\"valueRequired\":true,\"valueName\":\"search_term_string\"}}],\"inLanguage\":\"pt-BR\"},{\"@type\":\"Person\",\"@id\":\"https:\\\/\\\/www.encontrajardins.com.br\\\/av-faria-lima\\\/#\\\/schema\\\/person\\\/79badd2a12b75d685ad41dac082e5111\",\"name\":\"Encontra Avenida Faria Lima\",\"image\":{\"@type\":\"ImageObject\",\"inLanguage\":\"pt-BR\",\"@id\":\"https:\\\/\\\/www.encontrajardins.com.br\\\/av-faria-lima\\\/wp-content\\\/litespeed\\\/avatar\\\/e92a756db1fc224ef50d2f00ed0d047a.jpg?ver=1776988651\",\"url\":\"https:\\\/\\\/www.encontrajardins.com.br\\\/av-faria-lima\\\/wp-content\\\/litespeed\\\/avatar\\\/e92a756db1fc224ef50d2f00ed0d047a.jpg?ver=1776988651\",\"contentUrl\":\"https:\\\/\\\/www.encontrajardins.com.br\\\/av-faria-lima\\\/wp-content\\\/litespeed\\\/avatar\\\/e92a756db1fc224ef50d2f00ed0d047a.jpg?ver=1776988651\",\"caption\":\"Encontra Avenida Faria Lima\"},\"url\":\"https:\\\/\\\/www.encontrajardins.com.br\\\/av-faria-lima\\\/author\\\/av-faria-lima\\\/\"}]}<\/script>\n<!-- \/ Yoast SEO plugin. -->","yoast_head_json":{"title":"A nova 25 de Mar\u00e7o | Guia Comercial Avenida Faria Lima","robots":{"index":"index","follow":"follow","max-snippet":"max-snippet:-1","max-image-preview":"max-image-preview:large","max-video-preview":"max-video-preview:-1"},"canonical":"https:\/\/www.encontrajardins.com.br\/av-faria-lima\/a-nova-25-de-marco\/","og_locale":"pt_BR","og_type":"article","og_title":"A nova 25 de Mar\u00e7o | Guia Comercial Avenida Faria Lima","og_description":"A nova 25 de Mar\u00e7o revela mudan\u00e7as no varejo da Avenida Paulista.","og_url":"https:\/\/www.encontrajardins.com.br\/av-faria-lima\/a-nova-25-de-marco\/","og_site_name":"Guia Comercial Avenida Faria Lima","article_published_time":"2026-04-10T15:32:56+00:00","og_image":[{"url":"https:\/\/www.encontrajardins.com.br\/av-faria-lima\/wp-content\/uploads\/2026\/04\/a-nova-25-de-marco.webp","type":"","width":"","height":""}],"author":"Encontra Avenida Faria Lima","twitter_card":"summary_large_image","twitter_misc":{"Escrito por":"Encontra Avenida Faria Lima","Est. tempo de leitura":"4 minutos"},"schema":{"@context":"https:\/\/schema.org","@graph":[{"@type":"Article","@id":"https:\/\/www.encontrajardins.com.br\/av-faria-lima\/a-nova-25-de-marco\/#article","isPartOf":{"@id":"https:\/\/www.encontrajardins.com.br\/av-faria-lima\/a-nova-25-de-marco\/"},"author":{"name":"Encontra Avenida Faria Lima","@id":"https:\/\/www.encontrajardins.com.br\/av-faria-lima\/#\/schema\/person\/79badd2a12b75d685ad41dac082e5111"},"headline":"A nova 25 de Mar\u00e7o","datePublished":"2026-04-10T15:32:56+00:00","mainEntityOfPage":{"@id":"https:\/\/www.encontrajardins.com.br\/av-faria-lima\/a-nova-25-de-marco\/"},"wordCount":755,"commentCount":0,"image":{"@id":"https:\/\/www.encontrajardins.com.br\/av-faria-lima\/a-nova-25-de-marco\/#primaryimage"},"thumbnailUrl":"https:\/\/www.encontrajardins.com.br\/av-faria-lima\/wp-content\/uploads\/2026\/04\/a-nova-25-de-marco.webp","articleSection":["Not\u00edcias Avenida Faria Lima"],"inLanguage":"pt-BR","potentialAction":[{"@type":"CommentAction","name":"Comment","target":["https:\/\/www.encontrajardins.com.br\/av-faria-lima\/a-nova-25-de-marco\/#respond"]}]},{"@type":"WebPage","@id":"https:\/\/www.encontrajardins.com.br\/av-faria-lima\/a-nova-25-de-marco\/","url":"https:\/\/www.encontrajardins.com.br\/av-faria-lima\/a-nova-25-de-marco\/","name":"A nova 25 de Mar\u00e7o | Guia Comercial Avenida Faria Lima","isPartOf":{"@id":"https:\/\/www.encontrajardins.com.br\/av-faria-lima\/#website"},"primaryImageOfPage":{"@id":"https:\/\/www.encontrajardins.com.br\/av-faria-lima\/a-nova-25-de-marco\/#primaryimage"},"image":{"@id":"https:\/\/www.encontrajardins.com.br\/av-faria-lima\/a-nova-25-de-marco\/#primaryimage"},"thumbnailUrl":"https:\/\/www.encontrajardins.com.br\/av-faria-lima\/wp-content\/uploads\/2026\/04\/a-nova-25-de-marco.webp","datePublished":"2026-04-10T15:32:56+00:00","author":{"@id":"https:\/\/www.encontrajardins.com.br\/av-faria-lima\/#\/schema\/person\/79badd2a12b75d685ad41dac082e5111"},"inLanguage":"pt-BR","potentialAction":[{"@type":"ReadAction","target":["https:\/\/www.encontrajardins.com.br\/av-faria-lima\/a-nova-25-de-marco\/"]}]},{"@type":"ImageObject","inLanguage":"pt-BR","@id":"https:\/\/www.encontrajardins.com.br\/av-faria-lima\/a-nova-25-de-marco\/#primaryimage","url":"https:\/\/www.encontrajardins.com.br\/av-faria-lima\/wp-content\/uploads\/2026\/04\/a-nova-25-de-marco.webp","contentUrl":"https:\/\/www.encontrajardins.com.br\/av-faria-lima\/wp-content\/uploads\/2026\/04\/a-nova-25-de-marco.webp","width":280,"height":280,"caption":"nova 25 de Mar\u00e7o"},{"@type":"WebSite","@id":"https:\/\/www.encontrajardins.com.br\/av-faria-lima\/#website","url":"https:\/\/www.encontrajardins.com.br\/av-faria-lima\/","name":"Guia Comercial Avenida Faria Lima","description":"ENCONTRA AVENIDA FARIA LIMA - O guia comercial de neg\u00f3cios e empresas, cultura e divers\u00e3o na Avenida Faria Lima. Feito 100% para voc\u00ea morador!","potentialAction":[{"@type":"SearchAction","target":{"@type":"EntryPoint","urlTemplate":"https:\/\/www.encontrajardins.com.br\/av-faria-lima\/?s={search_term_string}"},"query-input":{"@type":"PropertyValueSpecification","valueRequired":true,"valueName":"search_term_string"}}],"inLanguage":"pt-BR"},{"@type":"Person","@id":"https:\/\/www.encontrajardins.com.br\/av-faria-lima\/#\/schema\/person\/79badd2a12b75d685ad41dac082e5111","name":"Encontra Avenida Faria Lima","image":{"@type":"ImageObject","inLanguage":"pt-BR","@id":"https:\/\/www.encontrajardins.com.br\/av-faria-lima\/wp-content\/litespeed\/avatar\/e92a756db1fc224ef50d2f00ed0d047a.jpg?ver=1776988651","url":"https:\/\/www.encontrajardins.com.br\/av-faria-lima\/wp-content\/litespeed\/avatar\/e92a756db1fc224ef50d2f00ed0d047a.jpg?ver=1776988651","contentUrl":"https:\/\/www.encontrajardins.com.br\/av-faria-lima\/wp-content\/litespeed\/avatar\/e92a756db1fc224ef50d2f00ed0d047a.jpg?ver=1776988651","caption":"Encontra Avenida Faria Lima"},"url":"https:\/\/www.encontrajardins.com.br\/av-faria-lima\/author\/av-faria-lima\/"}]}},"_links":{"self":[{"href":"https:\/\/www.encontrajardins.com.br\/av-faria-lima\/wp-json\/wp\/v2\/posts\/4490","targetHints":{"allow":["GET"]}}],"collection":[{"href":"https:\/\/www.encontrajardins.com.br\/av-faria-lima\/wp-json\/wp\/v2\/posts"}],"about":[{"href":"https:\/\/www.encontrajardins.com.br\/av-faria-lima\/wp-json\/wp\/v2\/types\/post"}],"author":[{"embeddable":true,"href":"https:\/\/www.encontrajardins.com.br\/av-faria-lima\/wp-json\/wp\/v2\/users\/1"}],"replies":[{"embeddable":true,"href":"https:\/\/www.encontrajardins.com.br\/av-faria-lima\/wp-json\/wp\/v2\/comments?post=4490"}],"version-history":[{"count":0,"href":"https:\/\/www.encontrajardins.com.br\/av-faria-lima\/wp-json\/wp\/v2\/posts\/4490\/revisions"}],"wp:featuredmedia":[{"embeddable":true,"href":"https:\/\/www.encontrajardins.com.br\/av-faria-lima\/wp-json\/wp\/v2\/media\/4489"}],"wp:attachment":[{"href":"https:\/\/www.encontrajardins.com.br\/av-faria-lima\/wp-json\/wp\/v2\/media?parent=4490"}],"wp:term":[{"taxonomy":"category","embeddable":true,"href":"https:\/\/www.encontrajardins.com.br\/av-faria-lima\/wp-json\/wp\/v2\/categories?post=4490"},{"taxonomy":"post_tag","embeddable":true,"href":"https:\/\/www.encontrajardins.com.br\/av-faria-lima\/wp-json\/wp\/v2\/tags?post=4490"}],"curies":[{"name":"wp","href":"https:\/\/api.w.org\/{rel}","templated":true}]}}