{"id":4515,"date":"2026-04-16T12:26:13","date_gmt":"2026-04-16T15:26:13","guid":{"rendered":"https:\/\/www.encontrajardins.com.br\/av-faria-lima\/resgates-em-fundos-de-credito-privado-aceleram-nos-primeiros-dias-de-abril\/"},"modified":"2026-04-16T12:26:13","modified_gmt":"2026-04-16T15:26:13","slug":"resgates-em-fundos-de-credito-privado-aceleram-nos-primeiros-dias-de-abril","status":"publish","type":"post","link":"https:\/\/www.encontrajardins.com.br\/av-faria-lima\/resgates-em-fundos-de-credito-privado-aceleram-nos-primeiros-dias-de-abril\/","title":{"rendered":"Resgates em fundos de cr\u00e9dito privado aceleram nos primeiros dias de abril"},"content":{"rendered":"<h2>O cen\u00e1rio atual dos fundos de cr\u00e9dito privado<\/h2>\n<p>No in\u00edcio de abril, observou-se uma acelera\u00e7\u00e3o nos resgates de fundos de cr\u00e9dito privado, caracterizando um cen\u00e1rio complicado para esses investimentos. Dados da <strong>Associa\u00e7\u00e3o Brasileira das Entidades dos Mercados Financeiro e de Capitais (Anbima)<\/strong> revelam que, at\u00e9 o dia 8 de abril, houve um resgate l\u00edquido de R$ 4,6 bilh\u00f5es. Essa retirada significativa ocorreu em um contexto onde os fundos de renda fixa, que possuem a flexibilidade de investir em pap\u00e9is corporativos de diversos prazos, enfrentaram um decl\u00ednio no patrim\u00f4nio, caindo de R$ 725,2 bilh\u00f5es para R$ 721,8 bilh\u00f5es.<\/p>\n<p>Entretanto, vale destacar que o n\u00famero apresentado pode n\u00e3o refletir a totalidade da situa\u00e7\u00e3o, j\u00e1 que os fundos de cr\u00e9dito privado frequentemente t\u00eam janelas de resgate de 30, 60 ou at\u00e9 90 dias, ou seja, resgates efetuados em mar\u00e7o podem ser contabilizados apenas nos dados seguintes, como em abril ou maio. Isso indica que o movimento das sa\u00eddas pode ter come\u00e7ado anteriormente e ainda ser\u00e1 observado nos pr\u00f3ximos relat\u00f3rios.<\/p>\n<h2>Impactos dos resgates no mercado financeiro<\/h2>\n<p>A press\u00e3o sobre os fundos de cr\u00e9dito n\u00e3o \u00e9 um fen\u00f4meno novo e remonta a eventos que come\u00e7aram a se intensificar no final de 2024. Desde que problemas relacionados a grandes emissores, como <strong>Braskem<\/strong> e <strong>CSN<\/strong>, foram divulgados, os spreads corporativos come\u00e7aram a se expandir, e a atratividade dos pap\u00e9is sofreu uma significativa deteriora\u00e7\u00e3o. Desse modo, a din\u00e2mica do mercado foi impactada, fazendo com que os gestores se preparassem para poss\u00edveis resgates dos investidores.<\/p>\n<p><img decoding=\"async\" src=\"https:\/\/www.encontrajardins.com.br\/av-faria-lima\/wp-content\/uploads\/2026\/04\/resgates-em-fundos-de-credito-privado-aceleram-nos-primeiros-dias-de-abril.webp\" alt=\"resgates em fundos de cr\u00e9dito privado\" loading=\"lazy\" \/><\/p>\n<p>A incapacidade de os fundos atingirem um desempenho superior em rela\u00e7\u00e3o ao CDI nos \u00faltimos meses, aliada \u00e0 expectativa de um aumento de taxas de juros, assinala um per\u00edodo de cautela entre os participantes do mercado. Enquanto alguns gestores ainda acreditam em oportunidades, outros est\u00e3o reavaliando suas estrat\u00e9gias e procurando alternativas mais seguras.<\/p>\n<h2>Gestores divididos: Oportunidade ou Cautela?<\/h2>\n<p>As opini\u00f5es entre gestores de asset management contradizem-se a respeito do cen\u00e1rio atual dos fundos de cr\u00e9dito privado. Por um lado, gestoras como a <strong>Sparta<\/strong> enxergam a abertura dos spreads como uma oportunidade de entrada em novos ativos, afirmando que a situa\u00e7\u00e3o atual apresenta pontos de entrada mais atrativos. Em contrapartida, a <strong>ARX<\/strong> ressalta que, apesar das oportunidades de aloca\u00e7\u00e3o potenciais, \u00e9 essencial manter um olhar cauteloso em rela\u00e7\u00e3o ao cen\u00e1rio econ\u00f4mico global.<\/p>\n<p>A <strong>SulAm\u00e9rica Investimentos<\/strong> destaca a atratividade dos pap\u00e9is incentivados, como deb\u00eantures de infraestrutura, que s\u00e3o isentas de imposto de renda, como uma estrat\u00e9gia v\u00e1lida, mesmo em tempos de volatilidade. Por sua vez, a <strong>Inter Asset<\/strong> adota uma abordagem mais seletiva, enfatizando a import\u00e2ncia de avaliar cada ativo no contexto do seu setor, uma pr\u00e1tica que se mostra mais dif\u00edcil em compara\u00e7\u00e3o com o mercado americano, onde choques setoriais podem impactar todos os pap\u00e9is de um segmento simultaneamente.<\/p>\n<h2>An\u00e1lise da performance em mar\u00e7o e abril<\/h2>\n<p>Durante mar\u00e7o, os fundos de cr\u00e9dito privado inicialmente apresentaram uma capta\u00e7\u00e3o l\u00edquida positiva, mas a situa\u00e7\u00e3o mudou drasticamente na terceira semana do m\u00eas, especialmente ap\u00f3s acontecimentos relacionados \u00e0 <strong>Ra\u00edzen<\/strong> e ao <strong>GPA<\/strong>, que entraram com pedidos de recupera\u00e7\u00e3o judicial. Esses eventos motivaram um grande movimento de sa\u00edda de capitais, culminando no dia 27 de mar\u00e7o, que se destacou como o pior dia na s\u00e9rie de capta\u00e7\u00e3o dos fundos. Em abril, a continuidade desse movimento se tornou vis\u00edvel, com quatro dos sete primeiros dias \u00fateis apresentando resultados negativos.<\/p>\n<p>Os fundos de cr\u00e9dito, em compara\u00e7\u00e3o, entregaram apenas uma fra\u00e7\u00e3o do CDI em mar\u00e7o, um desempenho que n\u00e3o ocorria desde dezembro de 2024. Essa baixa performance em termos de rentabilidade tem levado investidores a reconsiderar suas aloca\u00e7\u00f5es em ativos de renda fixa.<\/p>\n<h2>Fundos de cr\u00e9dito privado: o que esperar?<\/h2>\n<p>No cen\u00e1rio atual, \u00e9 dif\u00edcil prever com precis\u00e3o a evolu\u00e7\u00e3o futura dos fundos de cr\u00e9dito privado. A gest\u00e3o ativa se faz necess\u00e1ria, considerando as mudan\u00e7as no cen\u00e1rio econ\u00f4mico e as rea\u00e7\u00f5es do mercado a eventos externos. Enquanto alguns gestores encontram vitrines de oportunidades em momentos de incerteza, outros preferem se manter em uma estrat\u00e9gia mais defensiva, priorizando a seguran\u00e7a dos investimentos.<\/p>\n<h2>O papel das emiss\u00f5es no movimento do mercado<\/h2>\n<p>A din\u00e2mica das emiss\u00f5es no mercado prim\u00e1rio desempenha um papel crucial na press\u00e3o sobre os fundos de cr\u00e9dito. As altas taxas de emiss\u00e3o, combinadas com o aumento do volume de pap\u00e9is dispon\u00edveis no mercado, levaram institui\u00e7\u00f5es financeiras a disponibilizar esses ativos a taxas mais atrativas no mercado secund\u00e1rio. Esse fen\u00f4meno, por sua vez, tem pressionado os pre\u00e7os dos t\u00edtulos existentes, impactando diretamente o rendimento dos investidores.<\/p>\n<p>A combina\u00e7\u00e3o do aumento da oferta com um fluxo de sa\u00eddas nos fundos gerou uma dupla press\u00e3o, diminuindo as cotas de cr\u00e9dito privado ao mesmo tempo que exigiu a venda for\u00e7ada de ativos para liquidar solicita\u00e7\u00f5es de resgates. Essa situa\u00e7\u00e3o resultou em uma avalia\u00e7\u00e3o mais baixa dos pap\u00e9is, complicando ainda mais a situa\u00e7\u00e3o para os gestores.<\/p>\n<h2>Estrat\u00e9gias para investidores em tempos de crise<\/h2>\n<p>Frente ao estresse verificado no mercado de cr\u00e9dito, \u00e9 crucial que os investidores adoptem uma estrat\u00e9gia bem planejada. Para aqueles que n\u00e3o participaram do movimento de fuga e est\u00e3o considerando entrar, alguns gestores afirmam que agora pode ser um bom momento para investir, j\u00e1 que o mercado atingiu novos pre\u00e7os que podem ser mais justos frente \u00e0 realidade das empresas. Por outro lado, para investidores j\u00e1 alocados, a recomenda\u00e7\u00e3o \u00e9 de reavaliar a posi\u00e7\u00e3o e considerar um portf\u00f3lio diversificado, incluindo maior exposi\u00e7\u00e3o a t\u00edtulos soberanos e a produtos alternativos, como fundos imobili\u00e1rios e a\u00e7\u00f5es.<\/p>\n<h2>A import\u00e2ncia da an\u00e1lise de risco<\/h2>\n<p>O contexto recente mostrou que a an\u00e1lise de risco \u00e9 mais crucial do que nunca. O elevado prazo de resgates em muitos fundos de cr\u00e9dito leva \u00e0 incerteza sobre quando as solicita\u00e7\u00f5es de resgate se materializar\u00e3o de maneira efetiva nos dados. A falta de sinais de ruptura sist\u00eamica \u00e9 um al\u00edvio, mas a volatilidade atual exige um monitoramento cont\u00ednuo por parte dos investidores e gestores, visto que a din\u00e2mica do mercado pode mudar rapidamente.<\/p>\n<h2>Tend\u00eancias futuras no setor de cr\u00e9dito privado<\/h2>\n<p>Por fim, as tend\u00eancias futuras no setor de cr\u00e9dito privado ainda s\u00e3o incertas. As gestoras concordam que, por enquanto, n\u00e3o h\u00e1 riscos alarmantes de fal\u00eancia ou situa\u00e7\u00f5es extremas. Essa condi\u00e7\u00e3o de estabilidade fornece um espa\u00e7o para que o mercado se ajuste \u00e0 nova realidade e para que os gestores refinem suas t\u00e1ticas e estrat\u00e9gias de aloca\u00e7\u00e3o conforme necess\u00e1rio.<\/p>\n","protected":false},"excerpt":{"rendered":"<p>Resgates em fundos de cr\u00e9dito privado aumentam rapidamente; descubra as raz\u00f5es e o impacto.<\/p>\n","protected":false},"author":1,"featured_media":4514,"comment_status":"open","ping_status":"open","sticky":false,"template":"","format":"standard","meta":{"footnotes":""},"categories":[5],"tags":[],"class_list":["post-4515","post","type-post","status-publish","format-standard","has-post-thumbnail","hentry","category-noticias","has_thumb"],"yoast_head":"<!-- This site is optimized with the Yoast SEO plugin v27.4 - https:\/\/yoast.com\/product\/yoast-seo-wordpress\/ -->\n<title>Resgates em fundos de cr\u00e9dito privado aceleram nos primeiros dias de abril | Guia Comercial Avenida Faria Lima<\/title>\n<meta name=\"robots\" content=\"index, follow, max-snippet:-1, max-image-preview:large, max-video-preview:-1\" \/>\n<link rel=\"canonical\" href=\"https:\/\/www.encontrajardins.com.br\/av-faria-lima\/resgates-em-fundos-de-credito-privado-aceleram-nos-primeiros-dias-de-abril\/\" \/>\n<meta property=\"og:locale\" content=\"pt_BR\" \/>\n<meta property=\"og:type\" content=\"article\" \/>\n<meta property=\"og:title\" content=\"Resgates em fundos de cr\u00e9dito privado aceleram nos primeiros dias de abril | Guia Comercial Avenida Faria Lima\" \/>\n<meta property=\"og:description\" content=\"Resgates em fundos de cr\u00e9dito privado aumentam rapidamente; descubra as raz\u00f5es e o impacto.\" \/>\n<meta property=\"og:url\" content=\"https:\/\/www.encontrajardins.com.br\/av-faria-lima\/resgates-em-fundos-de-credito-privado-aceleram-nos-primeiros-dias-de-abril\/\" \/>\n<meta property=\"og:site_name\" content=\"Guia Comercial Avenida Faria Lima\" \/>\n<meta property=\"article:published_time\" content=\"2026-04-16T15:26:13+00:00\" \/>\n<meta property=\"og:image\" content=\"https:\/\/www.encontrajardins.com.br\/av-faria-lima\/wp-content\/uploads\/2026\/04\/resgates-em-fundos-de-credito-privado-aceleram-nos-primeiros-dias-de-abril.webp\" \/>\n<meta name=\"author\" content=\"Encontra Avenida Faria Lima\" \/>\n<meta name=\"twitter:card\" content=\"summary_large_image\" \/>\n<meta name=\"twitter:label1\" content=\"Escrito por\" \/>\n\t<meta name=\"twitter:data1\" content=\"Encontra Avenida Faria Lima\" \/>\n\t<meta name=\"twitter:label2\" content=\"Est. tempo de leitura\" \/>\n\t<meta name=\"twitter:data2\" content=\"6 minutos\" \/>\n<script type=\"application\/ld+json\" class=\"yoast-schema-graph\">{\"@context\":\"https:\\\/\\\/schema.org\",\"@graph\":[{\"@type\":\"Article\",\"@id\":\"https:\\\/\\\/www.encontrajardins.com.br\\\/av-faria-lima\\\/resgates-em-fundos-de-credito-privado-aceleram-nos-primeiros-dias-de-abril\\\/#article\",\"isPartOf\":{\"@id\":\"https:\\\/\\\/www.encontrajardins.com.br\\\/av-faria-lima\\\/resgates-em-fundos-de-credito-privado-aceleram-nos-primeiros-dias-de-abril\\\/\"},\"author\":{\"name\":\"Encontra Avenida Faria Lima\",\"@id\":\"https:\\\/\\\/www.encontrajardins.com.br\\\/av-faria-lima\\\/#\\\/schema\\\/person\\\/79badd2a12b75d685ad41dac082e5111\"},\"headline\":\"Resgates em fundos de cr\u00e9dito privado aceleram nos primeiros dias de abril\",\"datePublished\":\"2026-04-16T15:26:13+00:00\",\"mainEntityOfPage\":{\"@id\":\"https:\\\/\\\/www.encontrajardins.com.br\\\/av-faria-lima\\\/resgates-em-fundos-de-credito-privado-aceleram-nos-primeiros-dias-de-abril\\\/\"},\"wordCount\":1179,\"commentCount\":0,\"image\":{\"@id\":\"https:\\\/\\\/www.encontrajardins.com.br\\\/av-faria-lima\\\/resgates-em-fundos-de-credito-privado-aceleram-nos-primeiros-dias-de-abril\\\/#primaryimage\"},\"thumbnailUrl\":\"https:\\\/\\\/www.encontrajardins.com.br\\\/av-faria-lima\\\/wp-content\\\/uploads\\\/2026\\\/04\\\/resgates-em-fundos-de-credito-privado-aceleram-nos-primeiros-dias-de-abril.webp\",\"articleSection\":[\"Not\u00edcias Avenida Faria Lima\"],\"inLanguage\":\"pt-BR\",\"potentialAction\":[{\"@type\":\"CommentAction\",\"name\":\"Comment\",\"target\":[\"https:\\\/\\\/www.encontrajardins.com.br\\\/av-faria-lima\\\/resgates-em-fundos-de-credito-privado-aceleram-nos-primeiros-dias-de-abril\\\/#respond\"]}]},{\"@type\":\"WebPage\",\"@id\":\"https:\\\/\\\/www.encontrajardins.com.br\\\/av-faria-lima\\\/resgates-em-fundos-de-credito-privado-aceleram-nos-primeiros-dias-de-abril\\\/\",\"url\":\"https:\\\/\\\/www.encontrajardins.com.br\\\/av-faria-lima\\\/resgates-em-fundos-de-credito-privado-aceleram-nos-primeiros-dias-de-abril\\\/\",\"name\":\"Resgates em fundos de cr\u00e9dito privado aceleram nos primeiros dias de abril | Guia Comercial Avenida Faria Lima\",\"isPartOf\":{\"@id\":\"https:\\\/\\\/www.encontrajardins.com.br\\\/av-faria-lima\\\/#website\"},\"primaryImageOfPage\":{\"@id\":\"https:\\\/\\\/www.encontrajardins.com.br\\\/av-faria-lima\\\/resgates-em-fundos-de-credito-privado-aceleram-nos-primeiros-dias-de-abril\\\/#primaryimage\"},\"image\":{\"@id\":\"https:\\\/\\\/www.encontrajardins.com.br\\\/av-faria-lima\\\/resgates-em-fundos-de-credito-privado-aceleram-nos-primeiros-dias-de-abril\\\/#primaryimage\"},\"thumbnailUrl\":\"https:\\\/\\\/www.encontrajardins.com.br\\\/av-faria-lima\\\/wp-content\\\/uploads\\\/2026\\\/04\\\/resgates-em-fundos-de-credito-privado-aceleram-nos-primeiros-dias-de-abril.webp\",\"datePublished\":\"2026-04-16T15:26:13+00:00\",\"author\":{\"@id\":\"https:\\\/\\\/www.encontrajardins.com.br\\\/av-faria-lima\\\/#\\\/schema\\\/person\\\/79badd2a12b75d685ad41dac082e5111\"},\"inLanguage\":\"pt-BR\",\"potentialAction\":[{\"@type\":\"ReadAction\",\"target\":[\"https:\\\/\\\/www.encontrajardins.com.br\\\/av-faria-lima\\\/resgates-em-fundos-de-credito-privado-aceleram-nos-primeiros-dias-de-abril\\\/\"]}]},{\"@type\":\"ImageObject\",\"inLanguage\":\"pt-BR\",\"@id\":\"https:\\\/\\\/www.encontrajardins.com.br\\\/av-faria-lima\\\/resgates-em-fundos-de-credito-privado-aceleram-nos-primeiros-dias-de-abril\\\/#primaryimage\",\"url\":\"https:\\\/\\\/www.encontrajardins.com.br\\\/av-faria-lima\\\/wp-content\\\/uploads\\\/2026\\\/04\\\/resgates-em-fundos-de-credito-privado-aceleram-nos-primeiros-dias-de-abril.webp\",\"contentUrl\":\"https:\\\/\\\/www.encontrajardins.com.br\\\/av-faria-lima\\\/wp-content\\\/uploads\\\/2026\\\/04\\\/resgates-em-fundos-de-credito-privado-aceleram-nos-primeiros-dias-de-abril.webp\",\"width\":280,\"height\":280,\"caption\":\"resgates em fundos de cr\u00e9dito privado\"},{\"@type\":\"WebSite\",\"@id\":\"https:\\\/\\\/www.encontrajardins.com.br\\\/av-faria-lima\\\/#website\",\"url\":\"https:\\\/\\\/www.encontrajardins.com.br\\\/av-faria-lima\\\/\",\"name\":\"Guia Comercial Avenida Faria Lima\",\"description\":\"ENCONTRA AVENIDA FARIA LIMA - O guia comercial de neg\u00f3cios e empresas, cultura e divers\u00e3o na Avenida Faria Lima. Feito 100% para voc\u00ea morador!\",\"potentialAction\":[{\"@type\":\"SearchAction\",\"target\":{\"@type\":\"EntryPoint\",\"urlTemplate\":\"https:\\\/\\\/www.encontrajardins.com.br\\\/av-faria-lima\\\/?s={search_term_string}\"},\"query-input\":{\"@type\":\"PropertyValueSpecification\",\"valueRequired\":true,\"valueName\":\"search_term_string\"}}],\"inLanguage\":\"pt-BR\"},{\"@type\":\"Person\",\"@id\":\"https:\\\/\\\/www.encontrajardins.com.br\\\/av-faria-lima\\\/#\\\/schema\\\/person\\\/79badd2a12b75d685ad41dac082e5111\",\"name\":\"Encontra Avenida Faria Lima\",\"image\":{\"@type\":\"ImageObject\",\"inLanguage\":\"pt-BR\",\"@id\":\"https:\\\/\\\/www.encontrajardins.com.br\\\/av-faria-lima\\\/wp-content\\\/litespeed\\\/avatar\\\/e92a756db1fc224ef50d2f00ed0d047a.jpg?ver=1776988651\",\"url\":\"https:\\\/\\\/www.encontrajardins.com.br\\\/av-faria-lima\\\/wp-content\\\/litespeed\\\/avatar\\\/e92a756db1fc224ef50d2f00ed0d047a.jpg?ver=1776988651\",\"contentUrl\":\"https:\\\/\\\/www.encontrajardins.com.br\\\/av-faria-lima\\\/wp-content\\\/litespeed\\\/avatar\\\/e92a756db1fc224ef50d2f00ed0d047a.jpg?ver=1776988651\",\"caption\":\"Encontra Avenida Faria Lima\"},\"url\":\"https:\\\/\\\/www.encontrajardins.com.br\\\/av-faria-lima\\\/author\\\/av-faria-lima\\\/\"}]}<\/script>\n<!-- \/ Yoast SEO plugin. -->","yoast_head_json":{"title":"Resgates em fundos de cr\u00e9dito privado aceleram nos primeiros dias de abril | Guia Comercial Avenida Faria Lima","robots":{"index":"index","follow":"follow","max-snippet":"max-snippet:-1","max-image-preview":"max-image-preview:large","max-video-preview":"max-video-preview:-1"},"canonical":"https:\/\/www.encontrajardins.com.br\/av-faria-lima\/resgates-em-fundos-de-credito-privado-aceleram-nos-primeiros-dias-de-abril\/","og_locale":"pt_BR","og_type":"article","og_title":"Resgates em fundos de cr\u00e9dito privado aceleram nos primeiros dias de abril | Guia Comercial Avenida Faria Lima","og_description":"Resgates em fundos de cr\u00e9dito privado aumentam rapidamente; descubra as raz\u00f5es e o impacto.","og_url":"https:\/\/www.encontrajardins.com.br\/av-faria-lima\/resgates-em-fundos-de-credito-privado-aceleram-nos-primeiros-dias-de-abril\/","og_site_name":"Guia Comercial Avenida Faria Lima","article_published_time":"2026-04-16T15:26:13+00:00","og_image":[{"url":"https:\/\/www.encontrajardins.com.br\/av-faria-lima\/wp-content\/uploads\/2026\/04\/resgates-em-fundos-de-credito-privado-aceleram-nos-primeiros-dias-de-abril.webp","type":"","width":"","height":""}],"author":"Encontra Avenida Faria Lima","twitter_card":"summary_large_image","twitter_misc":{"Escrito por":"Encontra Avenida Faria Lima","Est. tempo de leitura":"6 minutos"},"schema":{"@context":"https:\/\/schema.org","@graph":[{"@type":"Article","@id":"https:\/\/www.encontrajardins.com.br\/av-faria-lima\/resgates-em-fundos-de-credito-privado-aceleram-nos-primeiros-dias-de-abril\/#article","isPartOf":{"@id":"https:\/\/www.encontrajardins.com.br\/av-faria-lima\/resgates-em-fundos-de-credito-privado-aceleram-nos-primeiros-dias-de-abril\/"},"author":{"name":"Encontra Avenida Faria Lima","@id":"https:\/\/www.encontrajardins.com.br\/av-faria-lima\/#\/schema\/person\/79badd2a12b75d685ad41dac082e5111"},"headline":"Resgates em fundos de cr\u00e9dito privado aceleram nos primeiros dias de abril","datePublished":"2026-04-16T15:26:13+00:00","mainEntityOfPage":{"@id":"https:\/\/www.encontrajardins.com.br\/av-faria-lima\/resgates-em-fundos-de-credito-privado-aceleram-nos-primeiros-dias-de-abril\/"},"wordCount":1179,"commentCount":0,"image":{"@id":"https:\/\/www.encontrajardins.com.br\/av-faria-lima\/resgates-em-fundos-de-credito-privado-aceleram-nos-primeiros-dias-de-abril\/#primaryimage"},"thumbnailUrl":"https:\/\/www.encontrajardins.com.br\/av-faria-lima\/wp-content\/uploads\/2026\/04\/resgates-em-fundos-de-credito-privado-aceleram-nos-primeiros-dias-de-abril.webp","articleSection":["Not\u00edcias Avenida Faria Lima"],"inLanguage":"pt-BR","potentialAction":[{"@type":"CommentAction","name":"Comment","target":["https:\/\/www.encontrajardins.com.br\/av-faria-lima\/resgates-em-fundos-de-credito-privado-aceleram-nos-primeiros-dias-de-abril\/#respond"]}]},{"@type":"WebPage","@id":"https:\/\/www.encontrajardins.com.br\/av-faria-lima\/resgates-em-fundos-de-credito-privado-aceleram-nos-primeiros-dias-de-abril\/","url":"https:\/\/www.encontrajardins.com.br\/av-faria-lima\/resgates-em-fundos-de-credito-privado-aceleram-nos-primeiros-dias-de-abril\/","name":"Resgates em fundos de cr\u00e9dito privado aceleram nos primeiros dias de abril | Guia Comercial Avenida Faria Lima","isPartOf":{"@id":"https:\/\/www.encontrajardins.com.br\/av-faria-lima\/#website"},"primaryImageOfPage":{"@id":"https:\/\/www.encontrajardins.com.br\/av-faria-lima\/resgates-em-fundos-de-credito-privado-aceleram-nos-primeiros-dias-de-abril\/#primaryimage"},"image":{"@id":"https:\/\/www.encontrajardins.com.br\/av-faria-lima\/resgates-em-fundos-de-credito-privado-aceleram-nos-primeiros-dias-de-abril\/#primaryimage"},"thumbnailUrl":"https:\/\/www.encontrajardins.com.br\/av-faria-lima\/wp-content\/uploads\/2026\/04\/resgates-em-fundos-de-credito-privado-aceleram-nos-primeiros-dias-de-abril.webp","datePublished":"2026-04-16T15:26:13+00:00","author":{"@id":"https:\/\/www.encontrajardins.com.br\/av-faria-lima\/#\/schema\/person\/79badd2a12b75d685ad41dac082e5111"},"inLanguage":"pt-BR","potentialAction":[{"@type":"ReadAction","target":["https:\/\/www.encontrajardins.com.br\/av-faria-lima\/resgates-em-fundos-de-credito-privado-aceleram-nos-primeiros-dias-de-abril\/"]}]},{"@type":"ImageObject","inLanguage":"pt-BR","@id":"https:\/\/www.encontrajardins.com.br\/av-faria-lima\/resgates-em-fundos-de-credito-privado-aceleram-nos-primeiros-dias-de-abril\/#primaryimage","url":"https:\/\/www.encontrajardins.com.br\/av-faria-lima\/wp-content\/uploads\/2026\/04\/resgates-em-fundos-de-credito-privado-aceleram-nos-primeiros-dias-de-abril.webp","contentUrl":"https:\/\/www.encontrajardins.com.br\/av-faria-lima\/wp-content\/uploads\/2026\/04\/resgates-em-fundos-de-credito-privado-aceleram-nos-primeiros-dias-de-abril.webp","width":280,"height":280,"caption":"resgates em fundos de cr\u00e9dito privado"},{"@type":"WebSite","@id":"https:\/\/www.encontrajardins.com.br\/av-faria-lima\/#website","url":"https:\/\/www.encontrajardins.com.br\/av-faria-lima\/","name":"Guia Comercial Avenida Faria Lima","description":"ENCONTRA AVENIDA FARIA LIMA - O guia comercial de neg\u00f3cios e empresas, cultura e divers\u00e3o na Avenida Faria Lima. Feito 100% para voc\u00ea morador!","potentialAction":[{"@type":"SearchAction","target":{"@type":"EntryPoint","urlTemplate":"https:\/\/www.encontrajardins.com.br\/av-faria-lima\/?s={search_term_string}"},"query-input":{"@type":"PropertyValueSpecification","valueRequired":true,"valueName":"search_term_string"}}],"inLanguage":"pt-BR"},{"@type":"Person","@id":"https:\/\/www.encontrajardins.com.br\/av-faria-lima\/#\/schema\/person\/79badd2a12b75d685ad41dac082e5111","name":"Encontra Avenida Faria Lima","image":{"@type":"ImageObject","inLanguage":"pt-BR","@id":"https:\/\/www.encontrajardins.com.br\/av-faria-lima\/wp-content\/litespeed\/avatar\/e92a756db1fc224ef50d2f00ed0d047a.jpg?ver=1776988651","url":"https:\/\/www.encontrajardins.com.br\/av-faria-lima\/wp-content\/litespeed\/avatar\/e92a756db1fc224ef50d2f00ed0d047a.jpg?ver=1776988651","contentUrl":"https:\/\/www.encontrajardins.com.br\/av-faria-lima\/wp-content\/litespeed\/avatar\/e92a756db1fc224ef50d2f00ed0d047a.jpg?ver=1776988651","caption":"Encontra Avenida Faria Lima"},"url":"https:\/\/www.encontrajardins.com.br\/av-faria-lima\/author\/av-faria-lima\/"}]}},"_links":{"self":[{"href":"https:\/\/www.encontrajardins.com.br\/av-faria-lima\/wp-json\/wp\/v2\/posts\/4515","targetHints":{"allow":["GET"]}}],"collection":[{"href":"https:\/\/www.encontrajardins.com.br\/av-faria-lima\/wp-json\/wp\/v2\/posts"}],"about":[{"href":"https:\/\/www.encontrajardins.com.br\/av-faria-lima\/wp-json\/wp\/v2\/types\/post"}],"author":[{"embeddable":true,"href":"https:\/\/www.encontrajardins.com.br\/av-faria-lima\/wp-json\/wp\/v2\/users\/1"}],"replies":[{"embeddable":true,"href":"https:\/\/www.encontrajardins.com.br\/av-faria-lima\/wp-json\/wp\/v2\/comments?post=4515"}],"version-history":[{"count":0,"href":"https:\/\/www.encontrajardins.com.br\/av-faria-lima\/wp-json\/wp\/v2\/posts\/4515\/revisions"}],"wp:featuredmedia":[{"embeddable":true,"href":"https:\/\/www.encontrajardins.com.br\/av-faria-lima\/wp-json\/wp\/v2\/media\/4514"}],"wp:attachment":[{"href":"https:\/\/www.encontrajardins.com.br\/av-faria-lima\/wp-json\/wp\/v2\/media?parent=4515"}],"wp:term":[{"taxonomy":"category","embeddable":true,"href":"https:\/\/www.encontrajardins.com.br\/av-faria-lima\/wp-json\/wp\/v2\/categories?post=4515"},{"taxonomy":"post_tag","embeddable":true,"href":"https:\/\/www.encontrajardins.com.br\/av-faria-lima\/wp-json\/wp\/v2\/tags?post=4515"}],"curies":[{"name":"wp","href":"https:\/\/api.w.org\/{rel}","templated":true}]}}