{"id":4545,"date":"2026-04-22T12:05:50","date_gmt":"2026-04-22T15:05:50","guid":{"rendered":"https:\/\/www.encontrajardins.com.br\/av-faria-lima\/como-sao-e-quanto-custam-os-imoveis-que-o-ex\/"},"modified":"2026-04-22T12:05:50","modified_gmt":"2026-04-22T15:05:50","slug":"como-sao-e-quanto-custam-os-imoveis-que-o-ex","status":"publish","type":"post","link":"https:\/\/www.encontrajardins.com.br\/av-faria-lima\/como-sao-e-quanto-custam-os-imoveis-que-o-ex\/","title":{"rendered":"Como s\u00e3o e quanto custam os im\u00f3veis que o ex"},"content":{"rendered":"<h2>A Controv\u00e9rsia dos Im\u00f3veis Luxuosos<\/h2>\n<p>A investiga\u00e7\u00e3o em torno do ex-presidente do BRB, Paulo Henrique Costa, despertou aten\u00e7\u00e3o nacional ao descortinar um esquema de corrup\u00e7\u00e3o que envolvia a entrega de im\u00f3veis de alto valor como forma de propina. Com um total estimado em R$ 146 milh\u00f5es, esse epis\u00f3dio, que remete a um contexto de corrup\u00e7\u00e3o sist\u00eamica, n\u00e3o apenas compromete a imagem do envolvido, mas tamb\u00e9m o funcionamento institucional de uma das principais institui\u00e7\u00f5es financeiras do Brasil.<\/p>\n<h2>Perfil do Ex-Presidente do BRB<\/h2>\n<p>Paulo Henrique Costa foi CEO do Banco Regional de Bras\u00edlia (BRB) e atuou como uma figura proeminente na administra\u00e7\u00e3o financeira do banco. Sua trajet\u00f3ria inclui a gest\u00e3o de opera\u00e7\u00f5es e estrat\u00e9gias nesse importante banco, destinado a impulsionar o desenvolvimento econ\u00f4mico da regi\u00e3o. Contudo, sua carreira est\u00e1 agora sob intensa escrut\u00ednio devido a alega\u00e7\u00f5es de que teria se envolvido em pr\u00e1ticas ilegais relacionadas \u00e0 negocia\u00e7\u00e3o de bens im\u00f3veis de luxo, o que levanta quest\u00f5es sobre a \u00e9tica e a responsabilidade no setor p\u00fablico.<\/p>\n<h2>O Papel de Daniel Vorcaro nas Negocia\u00e7\u00f5es<\/h2>\n<p>Daniel Vorcaro, por sua vez, \u00e9 mencionado como o intermedi\u00e1rio que facilitou a entrega dos im\u00f3veis luxuosos como forma de propina a Costa. De acordo com a Pol\u00edcia Federal, Vorcaro teria estruturado esse sistema de corrup\u00e7\u00e3o, oferecendo bens de alto padr\u00e3o na expectativa de influenciar decis\u00f5es do banco. A rela\u00e7\u00e3o entre os dois indiv\u00edduos, marcada por transa\u00e7\u00f5es imobili\u00e1rias e supostas promessas de favorecimento, destaca a fragilidade das normas de governan\u00e7a que deveriam reger os neg\u00f3cios p\u00fablicos e privados.<\/p>\n<p><img decoding=\"async\" src=\"https:\/\/www.encontrajardins.com.br\/av-faria-lima\/wp-content\/uploads\/2026\/04\/como-sao-e-quanto-custam-os-imoveis-que-o-ex.webp\" alt=\"im\u00f3veis do ex-presidente do BRB\" loading=\"lazy\" \/><\/p>\n<h2>Os Im\u00f3veis Envolvidos: Heritage e One Sixty<\/h2>\n<p>Os im\u00f3veis em quest\u00e3o incluem edif\u00edcios de prest\u00edgio como o Heritage e o One Sixty, ambos localizados em \u00e1reas nobres de S\u00e3o Paulo. O Heritage, projetado pela renomada incorporadora Cyrela, se destaca na \u00e1rea de Itaim Bibi por suas instala\u00e7\u00f5es luxuosas e pelo direcionamento a uma clientela exclusiva. O One Sixty, tamb\u00e9m uma cria\u00e7\u00e3o da Cyrela, \u00e9 conhecido por seu design contempor\u00e2neo e comodidades que atraem investidores de alto perfil. Ambos os im\u00f3veis n\u00e3o apenas representam ativos significativos, mas tamb\u00e9m s\u00e3o s\u00edmbolos do tipo de corrup\u00e7\u00e3o que permeia o mercado imobili\u00e1rio de luxo no Brasil.<\/p>\n<h2>Valor de Mercado dos Im\u00f3veis em S\u00e3o Paulo<\/h2>\n<p>Os pre\u00e7os dos im\u00f3veis mencionados remetem a valores exorbitantes. No lan\u00e7amento, as unidades do Heritage eram comercializadas entre R$ 18 milh\u00f5es e R$ 32 milh\u00f5es, sendo que atualmente o mercado aponta valores superiores a R$ 42 milh\u00f5es. O mesmo se aplica ao One Sixty, com pre\u00e7os que come\u00e7aram na faixa de R$ 8 milh\u00f5es e agora s\u00e3o anunciados entre R$ 13 milh\u00f5es e R$ 20 milh\u00f5es. Esses montantes evidenciam a bolha imobili\u00e1ria que ocorre em regi\u00f5es valorizadas e o papel que o dinheiro il\u00edcito pode desempenhar nesse contexto.<\/p>\n<h2>Investiga\u00e7\u00f5es da Pol\u00edcia Federal<\/h2>\n<p>A Opera\u00e7\u00e3o Compliance Zero, da Pol\u00edcia Federal, tem sido fundamental na apura\u00e7\u00e3o dos fatos. As investiga\u00e7\u00f5es revelaram o uso de empresas de fachada e transa\u00e7\u00f5es ocultas, levantando a bandeira da lavagem de dinheiro e da corrup\u00e7\u00e3o. O inqu\u00e9rito apresentou provas que sustentam que muitos dos bens foram adquiridos e mantidos por meio de mecanismos que disfar\u00e7am os verdadeiros propriet\u00e1rios, destacando a sofistica\u00e7\u00e3o das t\u00e1ticas de evas\u00e3o legal e financeira utilizadas por personagens do esquema.<\/p>\n<h2>Aspectos Legais das Negocia\u00e7\u00f5es Imobili\u00e1rias<\/h2>\n<p>As negocia\u00e7\u00f5es imobili\u00e1rias em quest\u00e3o levantam uma s\u00e9rie de quest\u00f5es legais relevantes. A entrega de im\u00f3veis como forma de propina viola a legisla\u00e7\u00e3o brasileira e demonstra uma quebra de confian\u00e7a essencial no meio pol\u00edtico e nas institui\u00e7\u00f5es financeiras. O envolvimento de advogados, particularmente no que diz respeito \u00e0 cria\u00e7\u00e3o de empresas de fachada, sublinha a complexidade e a gravidade da quest\u00e3o, levando a um exame detalhado das responsabilidades legais tanto de indiv\u00edduos quanto de entidades.<\/p>\n<h2>Repercuss\u00f5es na Opini\u00e3o P\u00fablica<\/h2>\n<p>As repercuss\u00f5es da investiga\u00e7\u00e3o n\u00e3o se limitam ao campo jur\u00eddico, mas se estendem tamb\u00e9m \u00e0 opini\u00e3o p\u00fablica. A indigna\u00e7\u00e3o com a corrup\u00e7\u00e3o est\u00e1 profundamente enraizada na sociedade brasileira, refletindo um desejo generalizado de maior transpar\u00eancia e responsabilidade. A sensa\u00e7\u00e3o de impunidade que permeia os esc\u00e2ndalos de corrup\u00e7\u00e3o gera desconfian\u00e7a, criando um entorno que demanda reformas e maior vigil\u00e2ncia sobre as pr\u00e1ticas no setor p\u00fablico e privado.<\/p>\n<h2>O Impacto da Corrup\u00e7\u00e3o no Setor Imobili\u00e1rio<\/h2>\n<p>A corrup\u00e7\u00e3o no setor imobili\u00e1rio pode resultar em danos abrangentes, n\u00e3o apenas para as institui\u00e7\u00f5es financeiras, mas tamb\u00e9m para a economia como um todo. A manipula\u00e7\u00e3o de pre\u00e7os de im\u00f3veis, a redu\u00e7\u00e3o da confian\u00e7a dos investidores e a distor\u00e7\u00e3o do mercado s\u00e3o consequ\u00eancias diretas de pr\u00e1ticas corruptas. Adicionalmente, esses esc\u00e2ndalos impactam negativamente a capacidade do setor em atrair investimentos leg\u00edtimos, prejudicando o crescimento econ\u00f4mico sustent\u00e1vel.<\/p>\n<h2>Conclus\u00f5es sobre o Caso e Poss\u00edveis Consequ\u00eancias<\/h2>\n<p>As investiga\u00e7\u00f5es atuais sobre Paulo Henrique Costa, Daniel Vorcaro e os im\u00f3veis envolvidos podem levar a severas consequ\u00eancias legais e reputacionais para todos os indiv\u00edduos e entidades implicados. Al\u00e9m de potenciais penas de pris\u00e3o e multas, o caso simboliza um chamado \u00e0 a\u00e7\u00e3o por parte da sociedade civil para exigir maior \u00e9tica e integridade nas opera\u00e7\u00f5es financeiras. Em um cen\u00e1rio ideal, essas revela\u00e7\u00f5es impulsionar\u00e3o reformas que visem minimizar o risco de corrup\u00e7\u00e3o no Brasil.<\/p>\n","protected":false},"excerpt":{"rendered":"<p>Descubra como o ex-presidente do BRB negociou im\u00f3veis de alto padr\u00e3o em S\u00e3o Paulo e Bras\u00edlia.<\/p>\n","protected":false},"author":1,"featured_media":4544,"comment_status":"open","ping_status":"open","sticky":false,"template":"","format":"standard","meta":{"footnotes":""},"categories":[5],"tags":[],"class_list":["post-4545","post","type-post","status-publish","format-standard","has-post-thumbnail","hentry","category-noticias","has_thumb"],"yoast_head":"<!-- This site is optimized with the Yoast SEO plugin v27.4 - https:\/\/yoast.com\/product\/yoast-seo-wordpress\/ -->\n<title>Como s\u00e3o e quanto custam os im\u00f3veis que o ex | Guia Comercial Avenida Faria Lima<\/title>\n<meta name=\"robots\" content=\"index, follow, max-snippet:-1, max-image-preview:large, max-video-preview:-1\" \/>\n<link rel=\"canonical\" href=\"https:\/\/www.encontrajardins.com.br\/av-faria-lima\/como-sao-e-quanto-custam-os-imoveis-que-o-ex\/\" \/>\n<meta property=\"og:locale\" content=\"pt_BR\" \/>\n<meta property=\"og:type\" content=\"article\" \/>\n<meta property=\"og:title\" content=\"Como s\u00e3o e quanto custam os im\u00f3veis que o ex | Guia Comercial Avenida Faria Lima\" \/>\n<meta property=\"og:description\" content=\"Descubra como o ex-presidente do BRB negociou im\u00f3veis de alto padr\u00e3o em S\u00e3o Paulo e Bras\u00edlia.\" \/>\n<meta property=\"og:url\" content=\"https:\/\/www.encontrajardins.com.br\/av-faria-lima\/como-sao-e-quanto-custam-os-imoveis-que-o-ex\/\" \/>\n<meta property=\"og:site_name\" content=\"Guia Comercial Avenida Faria Lima\" \/>\n<meta property=\"article:published_time\" content=\"2026-04-22T15:05:50+00:00\" \/>\n<meta property=\"og:image\" content=\"https:\/\/www.encontrajardins.com.br\/av-faria-lima\/wp-content\/uploads\/2026\/04\/como-sao-e-quanto-custam-os-imoveis-que-o-ex.webp\" \/>\n<meta name=\"author\" content=\"Encontra Avenida Faria Lima\" \/>\n<meta name=\"twitter:card\" content=\"summary_large_image\" \/>\n<meta name=\"twitter:label1\" content=\"Escrito por\" \/>\n\t<meta name=\"twitter:data1\" content=\"Encontra Avenida Faria Lima\" \/>\n\t<meta name=\"twitter:label2\" content=\"Est. tempo de leitura\" \/>\n\t<meta name=\"twitter:data2\" content=\"5 minutos\" \/>\n<script type=\"application\/ld+json\" class=\"yoast-schema-graph\">{\"@context\":\"https:\\\/\\\/schema.org\",\"@graph\":[{\"@type\":\"Article\",\"@id\":\"https:\\\/\\\/www.encontrajardins.com.br\\\/av-faria-lima\\\/como-sao-e-quanto-custam-os-imoveis-que-o-ex\\\/#article\",\"isPartOf\":{\"@id\":\"https:\\\/\\\/www.encontrajardins.com.br\\\/av-faria-lima\\\/como-sao-e-quanto-custam-os-imoveis-que-o-ex\\\/\"},\"author\":{\"name\":\"Encontra Avenida Faria Lima\",\"@id\":\"https:\\\/\\\/www.encontrajardins.com.br\\\/av-faria-lima\\\/#\\\/schema\\\/person\\\/79badd2a12b75d685ad41dac082e5111\"},\"headline\":\"Como s\u00e3o e quanto custam os im\u00f3veis que o ex\",\"datePublished\":\"2026-04-22T15:05:50+00:00\",\"mainEntityOfPage\":{\"@id\":\"https:\\\/\\\/www.encontrajardins.com.br\\\/av-faria-lima\\\/como-sao-e-quanto-custam-os-imoveis-que-o-ex\\\/\"},\"wordCount\":986,\"commentCount\":0,\"image\":{\"@id\":\"https:\\\/\\\/www.encontrajardins.com.br\\\/av-faria-lima\\\/como-sao-e-quanto-custam-os-imoveis-que-o-ex\\\/#primaryimage\"},\"thumbnailUrl\":\"https:\\\/\\\/www.encontrajardins.com.br\\\/av-faria-lima\\\/wp-content\\\/uploads\\\/2026\\\/04\\\/como-sao-e-quanto-custam-os-imoveis-que-o-ex.webp\",\"articleSection\":[\"Not\u00edcias Avenida Faria Lima\"],\"inLanguage\":\"pt-BR\",\"potentialAction\":[{\"@type\":\"CommentAction\",\"name\":\"Comment\",\"target\":[\"https:\\\/\\\/www.encontrajardins.com.br\\\/av-faria-lima\\\/como-sao-e-quanto-custam-os-imoveis-que-o-ex\\\/#respond\"]}]},{\"@type\":\"WebPage\",\"@id\":\"https:\\\/\\\/www.encontrajardins.com.br\\\/av-faria-lima\\\/como-sao-e-quanto-custam-os-imoveis-que-o-ex\\\/\",\"url\":\"https:\\\/\\\/www.encontrajardins.com.br\\\/av-faria-lima\\\/como-sao-e-quanto-custam-os-imoveis-que-o-ex\\\/\",\"name\":\"Como s\u00e3o e quanto custam os im\u00f3veis que o ex | Guia Comercial Avenida Faria Lima\",\"isPartOf\":{\"@id\":\"https:\\\/\\\/www.encontrajardins.com.br\\\/av-faria-lima\\\/#website\"},\"primaryImageOfPage\":{\"@id\":\"https:\\\/\\\/www.encontrajardins.com.br\\\/av-faria-lima\\\/como-sao-e-quanto-custam-os-imoveis-que-o-ex\\\/#primaryimage\"},\"image\":{\"@id\":\"https:\\\/\\\/www.encontrajardins.com.br\\\/av-faria-lima\\\/como-sao-e-quanto-custam-os-imoveis-que-o-ex\\\/#primaryimage\"},\"thumbnailUrl\":\"https:\\\/\\\/www.encontrajardins.com.br\\\/av-faria-lima\\\/wp-content\\\/uploads\\\/2026\\\/04\\\/como-sao-e-quanto-custam-os-imoveis-que-o-ex.webp\",\"datePublished\":\"2026-04-22T15:05:50+00:00\",\"author\":{\"@id\":\"https:\\\/\\\/www.encontrajardins.com.br\\\/av-faria-lima\\\/#\\\/schema\\\/person\\\/79badd2a12b75d685ad41dac082e5111\"},\"inLanguage\":\"pt-BR\",\"potentialAction\":[{\"@type\":\"ReadAction\",\"target\":[\"https:\\\/\\\/www.encontrajardins.com.br\\\/av-faria-lima\\\/como-sao-e-quanto-custam-os-imoveis-que-o-ex\\\/\"]}]},{\"@type\":\"ImageObject\",\"inLanguage\":\"pt-BR\",\"@id\":\"https:\\\/\\\/www.encontrajardins.com.br\\\/av-faria-lima\\\/como-sao-e-quanto-custam-os-imoveis-que-o-ex\\\/#primaryimage\",\"url\":\"https:\\\/\\\/www.encontrajardins.com.br\\\/av-faria-lima\\\/wp-content\\\/uploads\\\/2026\\\/04\\\/como-sao-e-quanto-custam-os-imoveis-que-o-ex.webp\",\"contentUrl\":\"https:\\\/\\\/www.encontrajardins.com.br\\\/av-faria-lima\\\/wp-content\\\/uploads\\\/2026\\\/04\\\/como-sao-e-quanto-custam-os-imoveis-que-o-ex.webp\",\"width\":280,\"height\":280,\"caption\":\"im\u00f3veis do ex-presidente do BRB\"},{\"@type\":\"WebSite\",\"@id\":\"https:\\\/\\\/www.encontrajardins.com.br\\\/av-faria-lima\\\/#website\",\"url\":\"https:\\\/\\\/www.encontrajardins.com.br\\\/av-faria-lima\\\/\",\"name\":\"Guia Comercial Avenida Faria Lima\",\"description\":\"ENCONTRA AVENIDA FARIA LIMA - O guia comercial de neg\u00f3cios e empresas, cultura e divers\u00e3o na Avenida Faria Lima. Feito 100% para voc\u00ea morador!\",\"potentialAction\":[{\"@type\":\"SearchAction\",\"target\":{\"@type\":\"EntryPoint\",\"urlTemplate\":\"https:\\\/\\\/www.encontrajardins.com.br\\\/av-faria-lima\\\/?s={search_term_string}\"},\"query-input\":{\"@type\":\"PropertyValueSpecification\",\"valueRequired\":true,\"valueName\":\"search_term_string\"}}],\"inLanguage\":\"pt-BR\"},{\"@type\":\"Person\",\"@id\":\"https:\\\/\\\/www.encontrajardins.com.br\\\/av-faria-lima\\\/#\\\/schema\\\/person\\\/79badd2a12b75d685ad41dac082e5111\",\"name\":\"Encontra Avenida Faria Lima\",\"image\":{\"@type\":\"ImageObject\",\"inLanguage\":\"pt-BR\",\"@id\":\"https:\\\/\\\/www.encontrajardins.com.br\\\/av-faria-lima\\\/wp-content\\\/litespeed\\\/avatar\\\/e92a756db1fc224ef50d2f00ed0d047a.jpg?ver=1776988651\",\"url\":\"https:\\\/\\\/www.encontrajardins.com.br\\\/av-faria-lima\\\/wp-content\\\/litespeed\\\/avatar\\\/e92a756db1fc224ef50d2f00ed0d047a.jpg?ver=1776988651\",\"contentUrl\":\"https:\\\/\\\/www.encontrajardins.com.br\\\/av-faria-lima\\\/wp-content\\\/litespeed\\\/avatar\\\/e92a756db1fc224ef50d2f00ed0d047a.jpg?ver=1776988651\",\"caption\":\"Encontra Avenida Faria Lima\"},\"url\":\"https:\\\/\\\/www.encontrajardins.com.br\\\/av-faria-lima\\\/author\\\/av-faria-lima\\\/\"}]}<\/script>\n<!-- \/ Yoast SEO plugin. -->","yoast_head_json":{"title":"Como s\u00e3o e quanto custam os im\u00f3veis que o ex | Guia Comercial Avenida Faria Lima","robots":{"index":"index","follow":"follow","max-snippet":"max-snippet:-1","max-image-preview":"max-image-preview:large","max-video-preview":"max-video-preview:-1"},"canonical":"https:\/\/www.encontrajardins.com.br\/av-faria-lima\/como-sao-e-quanto-custam-os-imoveis-que-o-ex\/","og_locale":"pt_BR","og_type":"article","og_title":"Como s\u00e3o e quanto custam os im\u00f3veis que o ex | Guia Comercial Avenida Faria Lima","og_description":"Descubra como o ex-presidente do BRB negociou im\u00f3veis de alto padr\u00e3o em S\u00e3o Paulo e Bras\u00edlia.","og_url":"https:\/\/www.encontrajardins.com.br\/av-faria-lima\/como-sao-e-quanto-custam-os-imoveis-que-o-ex\/","og_site_name":"Guia Comercial Avenida Faria Lima","article_published_time":"2026-04-22T15:05:50+00:00","og_image":[{"url":"https:\/\/www.encontrajardins.com.br\/av-faria-lima\/wp-content\/uploads\/2026\/04\/como-sao-e-quanto-custam-os-imoveis-que-o-ex.webp","type":"","width":"","height":""}],"author":"Encontra Avenida Faria Lima","twitter_card":"summary_large_image","twitter_misc":{"Escrito por":"Encontra Avenida Faria Lima","Est. tempo de leitura":"5 minutos"},"schema":{"@context":"https:\/\/schema.org","@graph":[{"@type":"Article","@id":"https:\/\/www.encontrajardins.com.br\/av-faria-lima\/como-sao-e-quanto-custam-os-imoveis-que-o-ex\/#article","isPartOf":{"@id":"https:\/\/www.encontrajardins.com.br\/av-faria-lima\/como-sao-e-quanto-custam-os-imoveis-que-o-ex\/"},"author":{"name":"Encontra Avenida Faria Lima","@id":"https:\/\/www.encontrajardins.com.br\/av-faria-lima\/#\/schema\/person\/79badd2a12b75d685ad41dac082e5111"},"headline":"Como s\u00e3o e quanto custam os im\u00f3veis que o ex","datePublished":"2026-04-22T15:05:50+00:00","mainEntityOfPage":{"@id":"https:\/\/www.encontrajardins.com.br\/av-faria-lima\/como-sao-e-quanto-custam-os-imoveis-que-o-ex\/"},"wordCount":986,"commentCount":0,"image":{"@id":"https:\/\/www.encontrajardins.com.br\/av-faria-lima\/como-sao-e-quanto-custam-os-imoveis-que-o-ex\/#primaryimage"},"thumbnailUrl":"https:\/\/www.encontrajardins.com.br\/av-faria-lima\/wp-content\/uploads\/2026\/04\/como-sao-e-quanto-custam-os-imoveis-que-o-ex.webp","articleSection":["Not\u00edcias Avenida Faria Lima"],"inLanguage":"pt-BR","potentialAction":[{"@type":"CommentAction","name":"Comment","target":["https:\/\/www.encontrajardins.com.br\/av-faria-lima\/como-sao-e-quanto-custam-os-imoveis-que-o-ex\/#respond"]}]},{"@type":"WebPage","@id":"https:\/\/www.encontrajardins.com.br\/av-faria-lima\/como-sao-e-quanto-custam-os-imoveis-que-o-ex\/","url":"https:\/\/www.encontrajardins.com.br\/av-faria-lima\/como-sao-e-quanto-custam-os-imoveis-que-o-ex\/","name":"Como s\u00e3o e quanto custam os im\u00f3veis que o ex | Guia Comercial Avenida Faria Lima","isPartOf":{"@id":"https:\/\/www.encontrajardins.com.br\/av-faria-lima\/#website"},"primaryImageOfPage":{"@id":"https:\/\/www.encontrajardins.com.br\/av-faria-lima\/como-sao-e-quanto-custam-os-imoveis-que-o-ex\/#primaryimage"},"image":{"@id":"https:\/\/www.encontrajardins.com.br\/av-faria-lima\/como-sao-e-quanto-custam-os-imoveis-que-o-ex\/#primaryimage"},"thumbnailUrl":"https:\/\/www.encontrajardins.com.br\/av-faria-lima\/wp-content\/uploads\/2026\/04\/como-sao-e-quanto-custam-os-imoveis-que-o-ex.webp","datePublished":"2026-04-22T15:05:50+00:00","author":{"@id":"https:\/\/www.encontrajardins.com.br\/av-faria-lima\/#\/schema\/person\/79badd2a12b75d685ad41dac082e5111"},"inLanguage":"pt-BR","potentialAction":[{"@type":"ReadAction","target":["https:\/\/www.encontrajardins.com.br\/av-faria-lima\/como-sao-e-quanto-custam-os-imoveis-que-o-ex\/"]}]},{"@type":"ImageObject","inLanguage":"pt-BR","@id":"https:\/\/www.encontrajardins.com.br\/av-faria-lima\/como-sao-e-quanto-custam-os-imoveis-que-o-ex\/#primaryimage","url":"https:\/\/www.encontrajardins.com.br\/av-faria-lima\/wp-content\/uploads\/2026\/04\/como-sao-e-quanto-custam-os-imoveis-que-o-ex.webp","contentUrl":"https:\/\/www.encontrajardins.com.br\/av-faria-lima\/wp-content\/uploads\/2026\/04\/como-sao-e-quanto-custam-os-imoveis-que-o-ex.webp","width":280,"height":280,"caption":"im\u00f3veis do ex-presidente do BRB"},{"@type":"WebSite","@id":"https:\/\/www.encontrajardins.com.br\/av-faria-lima\/#website","url":"https:\/\/www.encontrajardins.com.br\/av-faria-lima\/","name":"Guia Comercial Avenida Faria Lima","description":"ENCONTRA AVENIDA FARIA LIMA - O guia comercial de neg\u00f3cios e empresas, cultura e divers\u00e3o na Avenida Faria Lima. Feito 100% para voc\u00ea morador!","potentialAction":[{"@type":"SearchAction","target":{"@type":"EntryPoint","urlTemplate":"https:\/\/www.encontrajardins.com.br\/av-faria-lima\/?s={search_term_string}"},"query-input":{"@type":"PropertyValueSpecification","valueRequired":true,"valueName":"search_term_string"}}],"inLanguage":"pt-BR"},{"@type":"Person","@id":"https:\/\/www.encontrajardins.com.br\/av-faria-lima\/#\/schema\/person\/79badd2a12b75d685ad41dac082e5111","name":"Encontra Avenida Faria Lima","image":{"@type":"ImageObject","inLanguage":"pt-BR","@id":"https:\/\/www.encontrajardins.com.br\/av-faria-lima\/wp-content\/litespeed\/avatar\/e92a756db1fc224ef50d2f00ed0d047a.jpg?ver=1776988651","url":"https:\/\/www.encontrajardins.com.br\/av-faria-lima\/wp-content\/litespeed\/avatar\/e92a756db1fc224ef50d2f00ed0d047a.jpg?ver=1776988651","contentUrl":"https:\/\/www.encontrajardins.com.br\/av-faria-lima\/wp-content\/litespeed\/avatar\/e92a756db1fc224ef50d2f00ed0d047a.jpg?ver=1776988651","caption":"Encontra Avenida Faria Lima"},"url":"https:\/\/www.encontrajardins.com.br\/av-faria-lima\/author\/av-faria-lima\/"}]}},"_links":{"self":[{"href":"https:\/\/www.encontrajardins.com.br\/av-faria-lima\/wp-json\/wp\/v2\/posts\/4545","targetHints":{"allow":["GET"]}}],"collection":[{"href":"https:\/\/www.encontrajardins.com.br\/av-faria-lima\/wp-json\/wp\/v2\/posts"}],"about":[{"href":"https:\/\/www.encontrajardins.com.br\/av-faria-lima\/wp-json\/wp\/v2\/types\/post"}],"author":[{"embeddable":true,"href":"https:\/\/www.encontrajardins.com.br\/av-faria-lima\/wp-json\/wp\/v2\/users\/1"}],"replies":[{"embeddable":true,"href":"https:\/\/www.encontrajardins.com.br\/av-faria-lima\/wp-json\/wp\/v2\/comments?post=4545"}],"version-history":[{"count":0,"href":"https:\/\/www.encontrajardins.com.br\/av-faria-lima\/wp-json\/wp\/v2\/posts\/4545\/revisions"}],"wp:featuredmedia":[{"embeddable":true,"href":"https:\/\/www.encontrajardins.com.br\/av-faria-lima\/wp-json\/wp\/v2\/media\/4544"}],"wp:attachment":[{"href":"https:\/\/www.encontrajardins.com.br\/av-faria-lima\/wp-json\/wp\/v2\/media?parent=4545"}],"wp:term":[{"taxonomy":"category","embeddable":true,"href":"https:\/\/www.encontrajardins.com.br\/av-faria-lima\/wp-json\/wp\/v2\/categories?post=4545"},{"taxonomy":"post_tag","embeddable":true,"href":"https:\/\/www.encontrajardins.com.br\/av-faria-lima\/wp-json\/wp\/v2\/tags?post=4545"}],"curies":[{"name":"wp","href":"https:\/\/api.w.org\/{rel}","templated":true}]}}