{"id":4562,"date":"2026-04-25T12:34:38","date_gmt":"2026-04-25T15:34:38","guid":{"rendered":"https:\/\/www.encontrajardins.com.br\/av-faria-lima\/58-anos-do-metro-confira-58-curiosidades-sobre-o-metro-de-sp\/"},"modified":"2026-04-25T12:34:38","modified_gmt":"2026-04-25T15:34:38","slug":"58-anos-do-metro-confira-58-curiosidades-sobre-o-metro-de-sp","status":"publish","type":"post","link":"https:\/\/www.encontrajardins.com.br\/av-faria-lima\/58-anos-do-metro-confira-58-curiosidades-sobre-o-metro-de-sp\/","title":{"rendered":"58 anos do Metr\u00f4: Confira 58 curiosidades sobre o Metr\u00f4 de SP"},"content":{"rendered":"<h2>A Hist\u00f3ria do Metr\u00f4 de SP<\/h2>\n<p>O Metr\u00f4 de S\u00e3o Paulo, inaugurado em 24 de abril de 1968, no gabinete do prefeito Faria Lima, tornou-se o primeiro sistema metropolitano do Brasil. Desde o seu in\u00edcio, a constru\u00e7\u00e3o se destacou como um marco de engenharia significativa e uma pol\u00edtica p\u00fablica essencial para a mobilidade urbana no pa\u00eds. O primeiro projeto conceitual foi fundamentado na Pesquisa Origem-Destino de 1967, que estabeleceu as diretrizes para o desenvolvimento do sistema.<\/p>\n<p>A primeira pedra fundamental foi lan\u00e7ada em 14 de dezembro de 1968, na Avenida Jabaquara, e a opera\u00e7\u00e3o comercial teve in\u00edcio em 14 de setembro de 1974, oferecendo um trajeto de 7 km com sete esta\u00e7\u00f5es.<\/p>\n<p>O in\u00edcio da opera\u00e7\u00e3o foi em um hor\u00e1rio restrito, de segunda a sexta, entre 9h e 13h, com uma m\u00e9dia de 2.858 passageiros por dia. Ao longo dos anos, o sistema expandiu significativamente, evoluindo em termos de capacidade e efici\u00eancia.<\/p>\n<p><img decoding=\"async\" src=\"https:\/\/www.encontrajardins.com.br\/av-faria-lima\/wp-content\/uploads\/2026\/04\/58-anos-do-metro-confira-58-curiosidades-sobre-o-metro-de-sp.webp\" alt=\"Metr\u00f4 de SP\" loading=\"lazy\" \/><\/p>\n<h2>Inova\u00e7\u00f5es Tecnol\u00f3gicas no Metr\u00f4<\/h2>\n<p>Desde sua implementa\u00e7\u00e3o, o Metr\u00f4 de S\u00e3o Paulo tem sido um pioneiro em v\u00e1rias inova\u00e7\u00f5es tecnol\u00f3gicas:<\/p>\n<ul>\n<li><strong>Tatuz\u00e3o:<\/strong> O primeiro Tatuz\u00e3o do Brasil foi utilizado em 1972 para escavar 2.620 metros de t\u00fanel.<\/li>\n<li><strong>Opera\u00e7\u00e3o Autom\u00e1tica:<\/strong> Em 1974, o projeto implementou a Opera\u00e7\u00e3o Autom\u00e1tica de Trens (ATO), liderando a tecnologia de metr\u00f4s em n\u00edvel global.<\/li>\n<li><strong>Acessibilidade:<\/strong> O Metr\u00f4 foi o primeiro na Am\u00e9rica Latina a adotar portas de plataforma em 2010, garantindo seguran\u00e7a e acessibilidade para todos os usu\u00e1rios.<\/li>\n<li><strong>Monotrilho de Alta Capacidade:<\/strong> A Linha 15-Prata, iniciada em 2014, introduziu o primeiro monotrilho de alta capacidade do Brasil.<\/li>\n<\/ul>\n<h2>Impacto do Metr\u00f4 na Mobilidade Urbana<\/h2>\n<p>O sistema de Metr\u00f4 de S\u00e3o Paulo desempenha um papel vital na mobilidade urbana, reduzindo a depender do transporte individual e aliviando o congestionamento nas vias urbanas. Com mais de 35 bilh\u00f5es de passageiros transportados desde 1974, o Metr\u00f4 \u00e9 uma solu\u00e7\u00e3o eficiente para a crescente demanda por mobilidade na megacidade.<\/p>\n<p>Al\u00e9m de facilitar o tr\u00e2nsito, o Metr\u00f4 contribui significativamente para a sustentabilidade urbana ao minimizar a emiss\u00e3o de poluentes. A expectativa \u00e9 que a expans\u00e3o do sistema chegue a evitar a emiss\u00e3o de at\u00e9 2,5 milh\u00f5es de toneladas de CO\u2082 anualmente at\u00e9 2040.<\/p>\n<h2>Curiosidades Sobre as Esta\u00e7\u00f5es<\/h2>\n<p>Existem diversas curiosidades sobre as esta\u00e7\u00f5es do Metr\u00f4 de S\u00e3o Paulo que refletem a hist\u00f3ria e a complexidade do sistema:<\/p>\n<ul>\n<li>A <strong>Esta\u00e7\u00e3o S\u00e9<\/strong> \u00e9 a mais movimentada, com uma m\u00e9dia de 430 mil passageiros diariamente.<\/li>\n<li>A <strong>Esta\u00e7\u00e3o Alto do Ipiranga<\/strong> \u00e9 a mais profunda, situada a 32 metros abaixo do n\u00edvel do solo.<\/li>\n<li>A futura <strong>Esta\u00e7\u00e3o Orfanato<\/strong> dever\u00e1 ter 51 metros de profundidade, equivalente a um pr\u00e9dio de 17 andares.<\/li>\n<li>A <strong>Esta\u00e7\u00e3o Santa Cruz<\/strong> possui uma profundidade de 41 metros, muito abaixo da m\u00e9dia das esta\u00e7\u00f5es.<\/li>\n<\/ul>\n<h2>Dados Impressionantes do Metr\u00f4<\/h2>\n<p>Alguns dados not\u00e1veis sobre a opera\u00e7\u00e3o do Metr\u00f4 incluem:<\/p>\n<ul>\n<li>Os trens percorrem diariamente 51 mil km, o que corresponde a mais de 10 vezes a largura do Brasil de norte a sul.<\/li>\n<li>Um trem pode substituir aproximadamente 600 ve\u00edculos nas vias abertas ao tr\u00e1fego.<\/li>\n<li>Desde seu in\u00edcio, os trens j\u00e1 rodaram mais de 631 milh\u00f5es de km, equivalente a 1.642 vezes a dist\u00e2ncia da Terra \u00e0 Lua.<\/li>\n<li>A composi\u00e7\u00e3o mais antiga do sistema possui 27 anos de uso.<\/li>\n<\/ul>\n<h2>Desafios Enfrentados ao Longo dos Anos<\/h2>\n<p>O Metr\u00f4, embora bem-sucedido, tamb\u00e9m enfrentou diversos desafios ao longo de sua hist\u00f3ria:<\/p>\n<ul>\n<li><strong>Expans\u00e3o:<\/strong> O crescimento cont\u00ednuo da rede requer planejamento e investimento constantes.<\/li>\n<li><strong>Manuten\u00e7\u00e3o:<\/strong> A manuten\u00e7\u00e3o de equipamentos e trilhos \u00e9 fundamental para a seguran\u00e7a e a efici\u00eancia operacional.<\/li>\n<li><strong>Financiamento:<\/strong> O financiamento adequado \u00e9 essencial para projetos de expans\u00e3o e moderniza\u00e7\u00e3o.<\/li>\n<\/ul>\n<h2>O Futuro do Metr\u00f4 de SP<\/h2>\n<p>A perspectiva futura do Metr\u00f4 de S\u00e3o Paulo inclui a expans\u00e3o da rede at\u00e9 2040, com a adi\u00e7\u00e3o de 14 linhas e uma extens\u00e3o total de 200 km. Com isso, a expectativa \u00e9 atender a uma parcela ainda maior da popula\u00e7\u00e3o, al\u00e9m de continuar a reduzir a depend\u00eancia de ve\u00edculos particulares, aumentando a sustentabilidade do sistema de transporte.<\/p>\n<h2>Sustentabilidade e Iniciativas Verdes<\/h2>\n<p>O Metr\u00f4 de S\u00e3o Paulo tamb\u00e9m est\u00e1 investindo em projetos de energia limpa. Um dos principais objetivos \u00e9 autogerar 40% de sua energia at\u00e9 2029, por meio de fontes renov\u00e1veis. Dessa forma, al\u00e9m de melhorar a efici\u00eancia da opera\u00e7\u00e3o, contribuir\u00e1 para a prote\u00e7\u00e3o ambiental.<\/p>\n<h2>Acessibilidade no Sistema Metrovi\u00e1rio<\/h2>\n<p>O Metr\u00f4 tem se destacado por sua \u00eanfase na acessibilidade. Iniciativas como a instala\u00e7\u00e3o de elevadores, escadas rolantes e plataformas de acesso s\u00e3o primordiais para garantir que pessoas com defici\u00eancia possam utilizar o sistema sem dificuldades. H\u00e1 tamb\u00e9m espa\u00e7os dedicados para o atendimento de mulheres e centros de acolhimento a pessoas com defici\u00eancia.<\/p>\n<h2>Eventos Comemorativos dos 58 Anos<\/h2>\n<p>Em 2026, o Metr\u00f4 de S\u00e3o Paulo completou 58 anos de hist\u00f3ria. Este marco foi celebrado com eventos que destacaram a import\u00e2ncia do sistema para a mobilidade urbana e reafirmaram o compromisso com inova\u00e7\u00f5es futuras. Entre as novidades, o projeto Metr\u00f4Mania inaugurou a primeira loja oficial da marca, com produtos licenciados que visam aumentar a intera\u00e7\u00e3o do p\u00fablico com o sistema.<\/p>\n","protected":false},"excerpt":{"rendered":"<p>58 anos do Metr\u00f4 de SP revelam curiosidades fascinantes sobre esse sistema ic\u00f4nico.<\/p>\n","protected":false},"author":1,"featured_media":4561,"comment_status":"open","ping_status":"open","sticky":false,"template":"","format":"standard","meta":{"footnotes":""},"categories":[5],"tags":[],"class_list":["post-4562","post","type-post","status-publish","format-standard","has-post-thumbnail","hentry","category-noticias","has_thumb"],"yoast_head":"<!-- This site is optimized with the Yoast SEO plugin v27.4 - https:\/\/yoast.com\/product\/yoast-seo-wordpress\/ -->\n<title>58 anos do Metr\u00f4: Confira 58 curiosidades sobre o Metr\u00f4 de SP | Guia Comercial Avenida Faria Lima<\/title>\n<meta name=\"robots\" content=\"index, follow, max-snippet:-1, max-image-preview:large, max-video-preview:-1\" \/>\n<link rel=\"canonical\" href=\"https:\/\/www.encontrajardins.com.br\/av-faria-lima\/58-anos-do-metro-confira-58-curiosidades-sobre-o-metro-de-sp\/\" \/>\n<meta property=\"og:locale\" content=\"pt_BR\" \/>\n<meta property=\"og:type\" content=\"article\" \/>\n<meta property=\"og:title\" content=\"58 anos do Metr\u00f4: Confira 58 curiosidades sobre o Metr\u00f4 de SP | Guia Comercial Avenida Faria Lima\" \/>\n<meta property=\"og:description\" content=\"58 anos do Metr\u00f4 de SP revelam curiosidades fascinantes sobre esse sistema ic\u00f4nico.\" \/>\n<meta property=\"og:url\" content=\"https:\/\/www.encontrajardins.com.br\/av-faria-lima\/58-anos-do-metro-confira-58-curiosidades-sobre-o-metro-de-sp\/\" \/>\n<meta property=\"og:site_name\" content=\"Guia Comercial Avenida Faria Lima\" \/>\n<meta property=\"article:published_time\" content=\"2026-04-25T15:34:38+00:00\" \/>\n<meta property=\"og:image\" content=\"https:\/\/www.encontrajardins.com.br\/av-faria-lima\/wp-content\/uploads\/2026\/04\/58-anos-do-metro-confira-58-curiosidades-sobre-o-metro-de-sp.webp\" \/>\n<meta name=\"author\" content=\"Encontra Avenida Faria Lima\" \/>\n<meta name=\"twitter:card\" content=\"summary_large_image\" \/>\n<meta name=\"twitter:label1\" content=\"Escrito por\" \/>\n\t<meta name=\"twitter:data1\" content=\"Encontra Avenida Faria Lima\" \/>\n\t<meta name=\"twitter:label2\" content=\"Est. tempo de leitura\" \/>\n\t<meta name=\"twitter:data2\" content=\"4 minutos\" \/>\n<script type=\"application\/ld+json\" class=\"yoast-schema-graph\">{\"@context\":\"https:\\\/\\\/schema.org\",\"@graph\":[{\"@type\":\"Article\",\"@id\":\"https:\\\/\\\/www.encontrajardins.com.br\\\/av-faria-lima\\\/58-anos-do-metro-confira-58-curiosidades-sobre-o-metro-de-sp\\\/#article\",\"isPartOf\":{\"@id\":\"https:\\\/\\\/www.encontrajardins.com.br\\\/av-faria-lima\\\/58-anos-do-metro-confira-58-curiosidades-sobre-o-metro-de-sp\\\/\"},\"author\":{\"name\":\"Encontra Avenida Faria Lima\",\"@id\":\"https:\\\/\\\/www.encontrajardins.com.br\\\/av-faria-lima\\\/#\\\/schema\\\/person\\\/79badd2a12b75d685ad41dac082e5111\"},\"headline\":\"58 anos do Metr\u00f4: Confira 58 curiosidades sobre o Metr\u00f4 de SP\",\"datePublished\":\"2026-04-25T15:34:38+00:00\",\"mainEntityOfPage\":{\"@id\":\"https:\\\/\\\/www.encontrajardins.com.br\\\/av-faria-lima\\\/58-anos-do-metro-confira-58-curiosidades-sobre-o-metro-de-sp\\\/\"},\"wordCount\":885,\"commentCount\":0,\"image\":{\"@id\":\"https:\\\/\\\/www.encontrajardins.com.br\\\/av-faria-lima\\\/58-anos-do-metro-confira-58-curiosidades-sobre-o-metro-de-sp\\\/#primaryimage\"},\"thumbnailUrl\":\"https:\\\/\\\/www.encontrajardins.com.br\\\/av-faria-lima\\\/wp-content\\\/uploads\\\/2026\\\/04\\\/58-anos-do-metro-confira-58-curiosidades-sobre-o-metro-de-sp.webp\",\"articleSection\":[\"Not\u00edcias Avenida Faria Lima\"],\"inLanguage\":\"pt-BR\",\"potentialAction\":[{\"@type\":\"CommentAction\",\"name\":\"Comment\",\"target\":[\"https:\\\/\\\/www.encontrajardins.com.br\\\/av-faria-lima\\\/58-anos-do-metro-confira-58-curiosidades-sobre-o-metro-de-sp\\\/#respond\"]}]},{\"@type\":\"WebPage\",\"@id\":\"https:\\\/\\\/www.encontrajardins.com.br\\\/av-faria-lima\\\/58-anos-do-metro-confira-58-curiosidades-sobre-o-metro-de-sp\\\/\",\"url\":\"https:\\\/\\\/www.encontrajardins.com.br\\\/av-faria-lima\\\/58-anos-do-metro-confira-58-curiosidades-sobre-o-metro-de-sp\\\/\",\"name\":\"58 anos do Metr\u00f4: Confira 58 curiosidades sobre o Metr\u00f4 de SP | Guia Comercial Avenida Faria Lima\",\"isPartOf\":{\"@id\":\"https:\\\/\\\/www.encontrajardins.com.br\\\/av-faria-lima\\\/#website\"},\"primaryImageOfPage\":{\"@id\":\"https:\\\/\\\/www.encontrajardins.com.br\\\/av-faria-lima\\\/58-anos-do-metro-confira-58-curiosidades-sobre-o-metro-de-sp\\\/#primaryimage\"},\"image\":{\"@id\":\"https:\\\/\\\/www.encontrajardins.com.br\\\/av-faria-lima\\\/58-anos-do-metro-confira-58-curiosidades-sobre-o-metro-de-sp\\\/#primaryimage\"},\"thumbnailUrl\":\"https:\\\/\\\/www.encontrajardins.com.br\\\/av-faria-lima\\\/wp-content\\\/uploads\\\/2026\\\/04\\\/58-anos-do-metro-confira-58-curiosidades-sobre-o-metro-de-sp.webp\",\"datePublished\":\"2026-04-25T15:34:38+00:00\",\"author\":{\"@id\":\"https:\\\/\\\/www.encontrajardins.com.br\\\/av-faria-lima\\\/#\\\/schema\\\/person\\\/79badd2a12b75d685ad41dac082e5111\"},\"inLanguage\":\"pt-BR\",\"potentialAction\":[{\"@type\":\"ReadAction\",\"target\":[\"https:\\\/\\\/www.encontrajardins.com.br\\\/av-faria-lima\\\/58-anos-do-metro-confira-58-curiosidades-sobre-o-metro-de-sp\\\/\"]}]},{\"@type\":\"ImageObject\",\"inLanguage\":\"pt-BR\",\"@id\":\"https:\\\/\\\/www.encontrajardins.com.br\\\/av-faria-lima\\\/58-anos-do-metro-confira-58-curiosidades-sobre-o-metro-de-sp\\\/#primaryimage\",\"url\":\"https:\\\/\\\/www.encontrajardins.com.br\\\/av-faria-lima\\\/wp-content\\\/uploads\\\/2026\\\/04\\\/58-anos-do-metro-confira-58-curiosidades-sobre-o-metro-de-sp.webp\",\"contentUrl\":\"https:\\\/\\\/www.encontrajardins.com.br\\\/av-faria-lima\\\/wp-content\\\/uploads\\\/2026\\\/04\\\/58-anos-do-metro-confira-58-curiosidades-sobre-o-metro-de-sp.webp\",\"width\":280,\"height\":280,\"caption\":\"Metr\u00f4 de SP\"},{\"@type\":\"WebSite\",\"@id\":\"https:\\\/\\\/www.encontrajardins.com.br\\\/av-faria-lima\\\/#website\",\"url\":\"https:\\\/\\\/www.encontrajardins.com.br\\\/av-faria-lima\\\/\",\"name\":\"Guia Comercial Avenida Faria Lima\",\"description\":\"ENCONTRA AVENIDA FARIA LIMA - O guia comercial de neg\u00f3cios e empresas, cultura e divers\u00e3o na Avenida Faria Lima. Feito 100% para voc\u00ea morador!\",\"potentialAction\":[{\"@type\":\"SearchAction\",\"target\":{\"@type\":\"EntryPoint\",\"urlTemplate\":\"https:\\\/\\\/www.encontrajardins.com.br\\\/av-faria-lima\\\/?s={search_term_string}\"},\"query-input\":{\"@type\":\"PropertyValueSpecification\",\"valueRequired\":true,\"valueName\":\"search_term_string\"}}],\"inLanguage\":\"pt-BR\"},{\"@type\":\"Person\",\"@id\":\"https:\\\/\\\/www.encontrajardins.com.br\\\/av-faria-lima\\\/#\\\/schema\\\/person\\\/79badd2a12b75d685ad41dac082e5111\",\"name\":\"Encontra Avenida Faria Lima\",\"image\":{\"@type\":\"ImageObject\",\"inLanguage\":\"pt-BR\",\"@id\":\"https:\\\/\\\/www.encontrajardins.com.br\\\/av-faria-lima\\\/wp-content\\\/litespeed\\\/avatar\\\/e92a756db1fc224ef50d2f00ed0d047a.jpg?ver=1776988651\",\"url\":\"https:\\\/\\\/www.encontrajardins.com.br\\\/av-faria-lima\\\/wp-content\\\/litespeed\\\/avatar\\\/e92a756db1fc224ef50d2f00ed0d047a.jpg?ver=1776988651\",\"contentUrl\":\"https:\\\/\\\/www.encontrajardins.com.br\\\/av-faria-lima\\\/wp-content\\\/litespeed\\\/avatar\\\/e92a756db1fc224ef50d2f00ed0d047a.jpg?ver=1776988651\",\"caption\":\"Encontra Avenida Faria Lima\"},\"url\":\"https:\\\/\\\/www.encontrajardins.com.br\\\/av-faria-lima\\\/author\\\/av-faria-lima\\\/\"}]}<\/script>\n<!-- \/ Yoast SEO plugin. -->","yoast_head_json":{"title":"58 anos do Metr\u00f4: Confira 58 curiosidades sobre o Metr\u00f4 de SP | Guia Comercial Avenida Faria Lima","robots":{"index":"index","follow":"follow","max-snippet":"max-snippet:-1","max-image-preview":"max-image-preview:large","max-video-preview":"max-video-preview:-1"},"canonical":"https:\/\/www.encontrajardins.com.br\/av-faria-lima\/58-anos-do-metro-confira-58-curiosidades-sobre-o-metro-de-sp\/","og_locale":"pt_BR","og_type":"article","og_title":"58 anos do Metr\u00f4: Confira 58 curiosidades sobre o Metr\u00f4 de SP | Guia Comercial Avenida Faria Lima","og_description":"58 anos do Metr\u00f4 de SP revelam curiosidades fascinantes sobre esse sistema ic\u00f4nico.","og_url":"https:\/\/www.encontrajardins.com.br\/av-faria-lima\/58-anos-do-metro-confira-58-curiosidades-sobre-o-metro-de-sp\/","og_site_name":"Guia Comercial Avenida Faria Lima","article_published_time":"2026-04-25T15:34:38+00:00","og_image":[{"url":"https:\/\/www.encontrajardins.com.br\/av-faria-lima\/wp-content\/uploads\/2026\/04\/58-anos-do-metro-confira-58-curiosidades-sobre-o-metro-de-sp.webp","type":"","width":"","height":""}],"author":"Encontra Avenida Faria Lima","twitter_card":"summary_large_image","twitter_misc":{"Escrito por":"Encontra Avenida Faria Lima","Est. tempo de leitura":"4 minutos"},"schema":{"@context":"https:\/\/schema.org","@graph":[{"@type":"Article","@id":"https:\/\/www.encontrajardins.com.br\/av-faria-lima\/58-anos-do-metro-confira-58-curiosidades-sobre-o-metro-de-sp\/#article","isPartOf":{"@id":"https:\/\/www.encontrajardins.com.br\/av-faria-lima\/58-anos-do-metro-confira-58-curiosidades-sobre-o-metro-de-sp\/"},"author":{"name":"Encontra Avenida Faria Lima","@id":"https:\/\/www.encontrajardins.com.br\/av-faria-lima\/#\/schema\/person\/79badd2a12b75d685ad41dac082e5111"},"headline":"58 anos do Metr\u00f4: Confira 58 curiosidades sobre o Metr\u00f4 de SP","datePublished":"2026-04-25T15:34:38+00:00","mainEntityOfPage":{"@id":"https:\/\/www.encontrajardins.com.br\/av-faria-lima\/58-anos-do-metro-confira-58-curiosidades-sobre-o-metro-de-sp\/"},"wordCount":885,"commentCount":0,"image":{"@id":"https:\/\/www.encontrajardins.com.br\/av-faria-lima\/58-anos-do-metro-confira-58-curiosidades-sobre-o-metro-de-sp\/#primaryimage"},"thumbnailUrl":"https:\/\/www.encontrajardins.com.br\/av-faria-lima\/wp-content\/uploads\/2026\/04\/58-anos-do-metro-confira-58-curiosidades-sobre-o-metro-de-sp.webp","articleSection":["Not\u00edcias Avenida Faria Lima"],"inLanguage":"pt-BR","potentialAction":[{"@type":"CommentAction","name":"Comment","target":["https:\/\/www.encontrajardins.com.br\/av-faria-lima\/58-anos-do-metro-confira-58-curiosidades-sobre-o-metro-de-sp\/#respond"]}]},{"@type":"WebPage","@id":"https:\/\/www.encontrajardins.com.br\/av-faria-lima\/58-anos-do-metro-confira-58-curiosidades-sobre-o-metro-de-sp\/","url":"https:\/\/www.encontrajardins.com.br\/av-faria-lima\/58-anos-do-metro-confira-58-curiosidades-sobre-o-metro-de-sp\/","name":"58 anos do Metr\u00f4: Confira 58 curiosidades sobre o Metr\u00f4 de SP | Guia Comercial Avenida Faria Lima","isPartOf":{"@id":"https:\/\/www.encontrajardins.com.br\/av-faria-lima\/#website"},"primaryImageOfPage":{"@id":"https:\/\/www.encontrajardins.com.br\/av-faria-lima\/58-anos-do-metro-confira-58-curiosidades-sobre-o-metro-de-sp\/#primaryimage"},"image":{"@id":"https:\/\/www.encontrajardins.com.br\/av-faria-lima\/58-anos-do-metro-confira-58-curiosidades-sobre-o-metro-de-sp\/#primaryimage"},"thumbnailUrl":"https:\/\/www.encontrajardins.com.br\/av-faria-lima\/wp-content\/uploads\/2026\/04\/58-anos-do-metro-confira-58-curiosidades-sobre-o-metro-de-sp.webp","datePublished":"2026-04-25T15:34:38+00:00","author":{"@id":"https:\/\/www.encontrajardins.com.br\/av-faria-lima\/#\/schema\/person\/79badd2a12b75d685ad41dac082e5111"},"inLanguage":"pt-BR","potentialAction":[{"@type":"ReadAction","target":["https:\/\/www.encontrajardins.com.br\/av-faria-lima\/58-anos-do-metro-confira-58-curiosidades-sobre-o-metro-de-sp\/"]}]},{"@type":"ImageObject","inLanguage":"pt-BR","@id":"https:\/\/www.encontrajardins.com.br\/av-faria-lima\/58-anos-do-metro-confira-58-curiosidades-sobre-o-metro-de-sp\/#primaryimage","url":"https:\/\/www.encontrajardins.com.br\/av-faria-lima\/wp-content\/uploads\/2026\/04\/58-anos-do-metro-confira-58-curiosidades-sobre-o-metro-de-sp.webp","contentUrl":"https:\/\/www.encontrajardins.com.br\/av-faria-lima\/wp-content\/uploads\/2026\/04\/58-anos-do-metro-confira-58-curiosidades-sobre-o-metro-de-sp.webp","width":280,"height":280,"caption":"Metr\u00f4 de SP"},{"@type":"WebSite","@id":"https:\/\/www.encontrajardins.com.br\/av-faria-lima\/#website","url":"https:\/\/www.encontrajardins.com.br\/av-faria-lima\/","name":"Guia Comercial Avenida Faria Lima","description":"ENCONTRA AVENIDA FARIA LIMA - O guia comercial de neg\u00f3cios e empresas, cultura e divers\u00e3o na Avenida Faria Lima. Feito 100% para voc\u00ea morador!","potentialAction":[{"@type":"SearchAction","target":{"@type":"EntryPoint","urlTemplate":"https:\/\/www.encontrajardins.com.br\/av-faria-lima\/?s={search_term_string}"},"query-input":{"@type":"PropertyValueSpecification","valueRequired":true,"valueName":"search_term_string"}}],"inLanguage":"pt-BR"},{"@type":"Person","@id":"https:\/\/www.encontrajardins.com.br\/av-faria-lima\/#\/schema\/person\/79badd2a12b75d685ad41dac082e5111","name":"Encontra Avenida Faria Lima","image":{"@type":"ImageObject","inLanguage":"pt-BR","@id":"https:\/\/www.encontrajardins.com.br\/av-faria-lima\/wp-content\/litespeed\/avatar\/e92a756db1fc224ef50d2f00ed0d047a.jpg?ver=1776988651","url":"https:\/\/www.encontrajardins.com.br\/av-faria-lima\/wp-content\/litespeed\/avatar\/e92a756db1fc224ef50d2f00ed0d047a.jpg?ver=1776988651","contentUrl":"https:\/\/www.encontrajardins.com.br\/av-faria-lima\/wp-content\/litespeed\/avatar\/e92a756db1fc224ef50d2f00ed0d047a.jpg?ver=1776988651","caption":"Encontra Avenida Faria Lima"},"url":"https:\/\/www.encontrajardins.com.br\/av-faria-lima\/author\/av-faria-lima\/"}]}},"_links":{"self":[{"href":"https:\/\/www.encontrajardins.com.br\/av-faria-lima\/wp-json\/wp\/v2\/posts\/4562","targetHints":{"allow":["GET"]}}],"collection":[{"href":"https:\/\/www.encontrajardins.com.br\/av-faria-lima\/wp-json\/wp\/v2\/posts"}],"about":[{"href":"https:\/\/www.encontrajardins.com.br\/av-faria-lima\/wp-json\/wp\/v2\/types\/post"}],"author":[{"embeddable":true,"href":"https:\/\/www.encontrajardins.com.br\/av-faria-lima\/wp-json\/wp\/v2\/users\/1"}],"replies":[{"embeddable":true,"href":"https:\/\/www.encontrajardins.com.br\/av-faria-lima\/wp-json\/wp\/v2\/comments?post=4562"}],"version-history":[{"count":0,"href":"https:\/\/www.encontrajardins.com.br\/av-faria-lima\/wp-json\/wp\/v2\/posts\/4562\/revisions"}],"wp:featuredmedia":[{"embeddable":true,"href":"https:\/\/www.encontrajardins.com.br\/av-faria-lima\/wp-json\/wp\/v2\/media\/4561"}],"wp:attachment":[{"href":"https:\/\/www.encontrajardins.com.br\/av-faria-lima\/wp-json\/wp\/v2\/media?parent=4562"}],"wp:term":[{"taxonomy":"category","embeddable":true,"href":"https:\/\/www.encontrajardins.com.br\/av-faria-lima\/wp-json\/wp\/v2\/categories?post=4562"},{"taxonomy":"post_tag","embeddable":true,"href":"https:\/\/www.encontrajardins.com.br\/av-faria-lima\/wp-json\/wp\/v2\/tags?post=4562"}],"curies":[{"name":"wp","href":"https:\/\/api.w.org\/{rel}","templated":true}]}}