{"id":4962,"date":"2026-07-15T13:38:56","date_gmt":"2026-07-15T16:38:56","guid":{"rendered":"https:\/\/www.encontrajardins.com.br\/av-faria-lima\/cidade-jardim-para-consolacao-de-transporte-publico\/"},"modified":"2026-07-15T13:38:56","modified_gmt":"2026-07-15T16:38:56","slug":"cidade-jardim-para-consolacao-de-transporte-publico","status":"publish","type":"post","link":"https:\/\/www.encontrajardins.com.br\/av-faria-lima\/cidade-jardim-para-consolacao-de-transporte-publico\/","title":{"rendered":"Cidade Jardim para Consola\u00e7\u00e3o de transporte p\u00fablico"},"content":{"rendered":"<h2>Como Funciona o Transporte em S\u00e3o Paulo<\/h2>\n<p>O sistema de transporte p\u00fablico em S\u00e3o Paulo \u00e9 extenso e diversificado, oferecendo uma variedade de op\u00e7\u00f5es para os passageiros se deslocarem pela cidade e regi\u00e3o metropolitana. O transporte p\u00fablico \u00e9 composto por \u00f4nibus, metr\u00f4, trens e v\u00e1rias linhas de integra\u00e7\u00e3o que tornam a mobilidade urbana mais eficiente. Com um planejamento cuidadoso, o cidad\u00e3o pode experimentar uma viagem \u00e1gil e simples entre bairros, evitando assim o tr\u00e1fego intenso que caracteriza a cidade.<\/p>\n<h2>Dicas para Usar o Aplicativo de Mobilidade<\/h2>\n<p>Para uma melhor experi\u00eancia ao utilizar o transporte p\u00fablico, recomenda-se o download de aplicativos de mobilidade, como o Moovit. Este aplicativo oferece informa\u00e7\u00f5es atualizadas sobre hor\u00e1rios, itiner\u00e1rios e poss\u00edveis interrup\u00e7\u00f5es no servi\u00e7o. Abaixo, algumas dicas \u00fateis:<\/p>\n<ul>\n<li><strong>Verificar os hor\u00e1rios:<\/strong> Consulte os hor\u00e1rios em tempo real para evitar longas esperas.<\/li>\n<li><strong>Planejamento de rotas:<\/strong> Utilize a fun\u00e7\u00e3o de planejamento de rotas para encontrar a melhor op\u00e7\u00e3o de deslocamento.<\/li>\n<li><strong>Salvar rotas favoritas:<\/strong> Adicione suas rotas mais usadas para acess\u00e1-las rapidamente.<\/li>\n<li><strong>Receber notifica\u00e7\u00f5es:<\/strong> Ative alertas para ficar informado sobre altera\u00e7\u00f5es nas linhas.<\/li>\n<\/ul>\n<h2>Onde Pegar o \u00d4nibus 908T-10<\/h2>\n<p>Se voc\u00ea est\u00e1 no Cidade Jardim e deseja ir para Consola\u00e7\u00e3o, \u00e9 necess\u00e1rio pegar o \u00f4nibus 908T-10. A parada inicial para embarque encontra-se na Avenida Brigadeiro Faria Lima, n\u00famero 3015. Essa linha \u00e9 uma das mais diretas, levando diretamente a Consola\u00e7\u00e3o em um trajeto razoavelmente curto.<\/p>\n<p><img decoding=\"async\" src=\"https:\/\/www.encontrajardins.com.br\/av-faria-lima\/wp-content\/uploads\/2026\/07\/cidade-jardim-para-consolacao-de-transporte-publico.webp\" alt=\"transporte p\u00fablico Cidade Jardim Consola\u00e7\u00e3o\" loading=\"lazy\" \/><\/p>\n<h2>Tempo de Viagem de Cidade Jardim a Consola\u00e7\u00e3o<\/h2>\n<p>A dura\u00e7\u00e3o aproximada da viagem de \u00f4nibus entre Cidade Jardim e Consola\u00e7\u00e3o \u00e9 de 28 minutos. Esse tempo pode variar conforme o hor\u00e1rio e as condi\u00e7\u00f5es do tr\u00e1fego. Por isso, \u00e9 sempre bom ficar atento aos hor\u00e1rios de pico, que podem aumentar significativamente a dura\u00e7\u00e3o da viagem.<\/p>\n<h2>Valores da Tarifa de \u00d4nibus<\/h2>\n<p>O custo da passagem para o trajeto de Cidade Jardim at\u00e9 Consola\u00e7\u00e3o \u00e9 de R$5,30. Esse valor \u00e9 um dos mais acess\u00edveis em compara\u00e7\u00e3o a outros meios de transporte na cidade, fazendo do \u00f4nibus uma op\u00e7\u00e3o econ\u00f4mica para o dia a dia.<\/p>\n<h2>Hor\u00e1rios e Frequ\u00eancias do Transporte<\/h2>\n<p>Os \u00f4nibus da linha 908T-10 operam em frequ\u00eancia que pode oscilar ao longo do dia. Recomenda-se utilizar o app Moovit para obter informa\u00e7\u00f5es atualizadas sobre os hor\u00e1rios das passagens. O primeiro \u00f4nibus parte da parada na Avenida Brigadeiro Faria Lima \u00e0s 01:09 da manh\u00e3, e as opera\u00e7\u00f5es seguem ao longo do dia, proporcionando conveni\u00eancia para quem precisa se locomover a qualquer hora.<\/p>\n<h2>Caminhando at\u00e9 a Parada de \u00d4nibus<\/h2>\n<p>Para chegar at\u00e9 a parada de \u00f4nibus na Avenida Brigadeiro Faria Lima 3015, voc\u00ea precisar\u00e1 caminhar por aproximadamente 370 metros, o que leva cerca de 5 minutos a p\u00e9. Al\u00e9m disso, \u00e9 importante estar atento \u00e0 seguran\u00e7a e ao ambiente ao caminhar pelas ruas.<\/p>\n<h2>Outras Rotas de Transporte na Regi\u00e3o<\/h2>\n<p>Al\u00e9m da linha 908T-10, diversas outras linhas de \u00f4nibus conectam Cidade Jardim a diferentes partes de S\u00e3o Paulo. O aplicativo Moovit pode ser muito \u00fatil para explorar rotas alternativas. Algumas op\u00e7\u00f5es populares incluem:<\/p>\n<ul>\n<li>Linhas que ligam pontos adjacentes como Butant\u00e3 e Consola\u00e7\u00e3o.<\/li>\n<li>Conex\u00f5es diretas para outras regi\u00f5es como Jundia\u00ed e Embu das Artes.<\/li>\n<li>Integra\u00e7\u00e3o com o metr\u00f4 e trens para facilitar deslocamentos mais longos.<\/li>\n<\/ul>\n<h2>Import\u00e2ncia do Transporte P\u00fablico em S\u00e3o Paulo<\/h2>\n<p>O transporte p\u00fablico desempenha um papel crucial na mobilidade urbana de S\u00e3o Paulo. Com uma popula\u00e7\u00e3o de mais de 12 milh\u00f5es de habitantes, o uso eficiente do transporte coletivo \u00e9 necess\u00e1rio para evitar congestionamentos, polui\u00e7\u00e3o e melhorar a qualidade de vida na cidade. O transporte p\u00fablico \u00e9 acess\u00edvel e integra diversas \u00e1reas, promovendo a equidade no acesso aos servi\u00e7os e oportunidades na cidade.<\/p>\n<h2>Como Visualizar as Rotas no Aplicativo<\/h2>\n<p>Para visualizar as rotas de transporte no aplicativo Moovit, siga estes passos:<\/p>\n<ul>\n<li>Abra o aplicativo e insira seu ponto de partida e destino.<\/li>\n<li>Selecione a data e hor\u00e1rio da viagem desejada.<\/li>\n<li>Visualize as op\u00e7\u00f5es de rotas e hor\u00e1rios dispon\u00edveis, assim como alertas de poss\u00edveis atrasos.<\/li>\n<li>Escolha a rota que melhor se encaixa nas suas necessidades.<\/li>\n<\/ul>\n<p>Utilizando essas informa\u00e7\u00f5es e as funcionalidades do aplicativo, voc\u00ea pode otimizar sua experi\u00eancia de transporte em S\u00e3o Paulo, garantindo deslocamentos mais r\u00e1pidos e eficientes.<\/p>\n","protected":false},"excerpt":{"rendered":"<p>Saiba como ir de Cidade Jardim para Consola\u00e7\u00e3o utilizando transporte p\u00fablico!<\/p>\n","protected":false},"author":1,"featured_media":4961,"comment_status":"open","ping_status":"open","sticky":false,"template":"","format":"standard","meta":{"footnotes":""},"categories":[904],"tags":[],"class_list":["post-4962","post","type-post","status-publish","format-standard","has-post-thumbnail","hentry","category-transito","has_thumb"],"yoast_head":"<!-- This site is optimized with the Yoast SEO plugin v28.1 - https:\/\/yoast.com\/product\/yoast-seo-wordpress\/ -->\n<title>Cidade Jardim para Consola\u00e7\u00e3o de transporte p\u00fablico | Guia Comercial Avenida Faria Lima<\/title>\n<meta name=\"robots\" content=\"index, follow, max-snippet:-1, max-image-preview:large, max-video-preview:-1\" \/>\n<link rel=\"canonical\" href=\"https:\/\/www.encontrajardins.com.br\/av-faria-lima\/cidade-jardim-para-consolacao-de-transporte-publico\/\" \/>\n<meta property=\"og:locale\" content=\"pt_BR\" \/>\n<meta property=\"og:type\" content=\"article\" \/>\n<meta property=\"og:title\" content=\"Cidade Jardim para Consola\u00e7\u00e3o de transporte p\u00fablico | Guia Comercial Avenida Faria Lima\" \/>\n<meta property=\"og:description\" content=\"Saiba como ir de Cidade Jardim para Consola\u00e7\u00e3o utilizando transporte p\u00fablico!\" \/>\n<meta property=\"og:url\" content=\"https:\/\/www.encontrajardins.com.br\/av-faria-lima\/cidade-jardim-para-consolacao-de-transporte-publico\/\" \/>\n<meta property=\"og:site_name\" content=\"Guia Comercial Avenida Faria Lima\" \/>\n<meta property=\"article:published_time\" content=\"2026-07-15T16:38:56+00:00\" \/>\n<meta property=\"og:image\" content=\"https:\/\/www.encontrajardins.com.br\/av-faria-lima\/wp-content\/uploads\/2026\/07\/cidade-jardim-para-consolacao-de-transporte-publico.webp\" \/>\n\t<meta property=\"og:image:width\" content=\"280\" \/>\n\t<meta property=\"og:image:height\" content=\"280\" \/>\n\t<meta property=\"og:image:type\" content=\"image\/webp\" \/>\n<meta name=\"author\" content=\"Encontra Avenida Faria Lima\" \/>\n<meta name=\"twitter:card\" content=\"summary_large_image\" \/>\n<meta name=\"twitter:label1\" content=\"Escrito por\" \/>\n\t<meta name=\"twitter:data1\" content=\"Encontra Avenida Faria Lima\" \/>\n\t<meta name=\"twitter:label2\" content=\"Est. tempo de leitura\" \/>\n\t<meta name=\"twitter:data2\" content=\"4 minutos\" \/>\n<script type=\"application\/ld+json\" class=\"yoast-schema-graph\">{\"@context\":\"https:\\\/\\\/schema.org\",\"@graph\":[{\"@type\":\"Article\",\"@id\":\"https:\\\/\\\/www.encontrajardins.com.br\\\/av-faria-lima\\\/cidade-jardim-para-consolacao-de-transporte-publico\\\/#article\",\"isPartOf\":{\"@id\":\"https:\\\/\\\/www.encontrajardins.com.br\\\/av-faria-lima\\\/cidade-jardim-para-consolacao-de-transporte-publico\\\/\"},\"author\":{\"name\":\"Encontra Avenida Faria Lima\",\"@id\":\"https:\\\/\\\/www.encontrajardins.com.br\\\/av-faria-lima\\\/#\\\/schema\\\/person\\\/79badd2a12b75d685ad41dac082e5111\"},\"headline\":\"Cidade Jardim para Consola\u00e7\u00e3o de transporte p\u00fablico\",\"datePublished\":\"2026-07-15T16:38:56+00:00\",\"mainEntityOfPage\":{\"@id\":\"https:\\\/\\\/www.encontrajardins.com.br\\\/av-faria-lima\\\/cidade-jardim-para-consolacao-de-transporte-publico\\\/\"},\"wordCount\":739,\"commentCount\":0,\"image\":{\"@id\":\"https:\\\/\\\/www.encontrajardins.com.br\\\/av-faria-lima\\\/cidade-jardim-para-consolacao-de-transporte-publico\\\/#primaryimage\"},\"thumbnailUrl\":\"https:\\\/\\\/www.encontrajardins.com.br\\\/av-faria-lima\\\/wp-content\\\/uploads\\\/2026\\\/07\\\/cidade-jardim-para-consolacao-de-transporte-publico.webp\",\"articleSection\":[\"Tr\u00e2nsito Avenida Faria Lima\"],\"inLanguage\":\"pt-BR\",\"potentialAction\":[{\"@type\":\"CommentAction\",\"name\":\"Comment\",\"target\":[\"https:\\\/\\\/www.encontrajardins.com.br\\\/av-faria-lima\\\/cidade-jardim-para-consolacao-de-transporte-publico\\\/#respond\"]}]},{\"@type\":\"WebPage\",\"@id\":\"https:\\\/\\\/www.encontrajardins.com.br\\\/av-faria-lima\\\/cidade-jardim-para-consolacao-de-transporte-publico\\\/\",\"url\":\"https:\\\/\\\/www.encontrajardins.com.br\\\/av-faria-lima\\\/cidade-jardim-para-consolacao-de-transporte-publico\\\/\",\"name\":\"Cidade Jardim para Consola\u00e7\u00e3o de transporte p\u00fablico | Guia Comercial Avenida Faria Lima\",\"isPartOf\":{\"@id\":\"https:\\\/\\\/www.encontrajardins.com.br\\\/av-faria-lima\\\/#website\"},\"primaryImageOfPage\":{\"@id\":\"https:\\\/\\\/www.encontrajardins.com.br\\\/av-faria-lima\\\/cidade-jardim-para-consolacao-de-transporte-publico\\\/#primaryimage\"},\"image\":{\"@id\":\"https:\\\/\\\/www.encontrajardins.com.br\\\/av-faria-lima\\\/cidade-jardim-para-consolacao-de-transporte-publico\\\/#primaryimage\"},\"thumbnailUrl\":\"https:\\\/\\\/www.encontrajardins.com.br\\\/av-faria-lima\\\/wp-content\\\/uploads\\\/2026\\\/07\\\/cidade-jardim-para-consolacao-de-transporte-publico.webp\",\"datePublished\":\"2026-07-15T16:38:56+00:00\",\"author\":{\"@id\":\"https:\\\/\\\/www.encontrajardins.com.br\\\/av-faria-lima\\\/#\\\/schema\\\/person\\\/79badd2a12b75d685ad41dac082e5111\"},\"inLanguage\":\"pt-BR\",\"potentialAction\":[{\"@type\":\"ReadAction\",\"target\":[\"https:\\\/\\\/www.encontrajardins.com.br\\\/av-faria-lima\\\/cidade-jardim-para-consolacao-de-transporte-publico\\\/\"]}]},{\"@type\":\"ImageObject\",\"inLanguage\":\"pt-BR\",\"@id\":\"https:\\\/\\\/www.encontrajardins.com.br\\\/av-faria-lima\\\/cidade-jardim-para-consolacao-de-transporte-publico\\\/#primaryimage\",\"url\":\"https:\\\/\\\/www.encontrajardins.com.br\\\/av-faria-lima\\\/wp-content\\\/uploads\\\/2026\\\/07\\\/cidade-jardim-para-consolacao-de-transporte-publico.webp\",\"contentUrl\":\"https:\\\/\\\/www.encontrajardins.com.br\\\/av-faria-lima\\\/wp-content\\\/uploads\\\/2026\\\/07\\\/cidade-jardim-para-consolacao-de-transporte-publico.webp\",\"width\":280,\"height\":280,\"caption\":\"transporte p\u00fablico Cidade Jardim Consola\u00e7\u00e3o\"},{\"@type\":\"WebSite\",\"@id\":\"https:\\\/\\\/www.encontrajardins.com.br\\\/av-faria-lima\\\/#website\",\"url\":\"https:\\\/\\\/www.encontrajardins.com.br\\\/av-faria-lima\\\/\",\"name\":\"Guia Comercial Avenida Faria Lima\",\"description\":\"ENCONTRA AVENIDA FARIA LIMA - O guia comercial de neg\u00f3cios e empresas, cultura e divers\u00e3o na Avenida Faria Lima. Feito 100% para voc\u00ea morador!\",\"potentialAction\":[{\"@type\":\"SearchAction\",\"target\":{\"@type\":\"EntryPoint\",\"urlTemplate\":\"https:\\\/\\\/www.encontrajardins.com.br\\\/av-faria-lima\\\/?s={search_term_string}\"},\"query-input\":{\"@type\":\"PropertyValueSpecification\",\"valueRequired\":true,\"valueName\":\"search_term_string\"}}],\"inLanguage\":\"pt-BR\"},{\"@type\":\"Person\",\"@id\":\"https:\\\/\\\/www.encontrajardins.com.br\\\/av-faria-lima\\\/#\\\/schema\\\/person\\\/79badd2a12b75d685ad41dac082e5111\",\"name\":\"Encontra Avenida Faria Lima\",\"image\":{\"@type\":\"ImageObject\",\"inLanguage\":\"pt-BR\",\"@id\":\"https:\\\/\\\/www.encontrajardins.com.br\\\/av-faria-lima\\\/wp-content\\\/litespeed\\\/avatar\\\/e92a756db1fc224ef50d2f00ed0d047a.jpg?ver=1787888441\",\"url\":\"https:\\\/\\\/www.encontrajardins.com.br\\\/av-faria-lima\\\/wp-content\\\/litespeed\\\/avatar\\\/e92a756db1fc224ef50d2f00ed0d047a.jpg?ver=1787888441\",\"contentUrl\":\"https:\\\/\\\/www.encontrajardins.com.br\\\/av-faria-lima\\\/wp-content\\\/litespeed\\\/avatar\\\/e92a756db1fc224ef50d2f00ed0d047a.jpg?ver=1787888441\",\"caption\":\"Encontra Avenida Faria Lima\"},\"url\":\"https:\\\/\\\/www.encontrajardins.com.br\\\/av-faria-lima\\\/author\\\/av-faria-lima\\\/\"}]}<\/script>\n<!-- \/ Yoast SEO plugin. -->","yoast_head_json":{"title":"Cidade Jardim para Consola\u00e7\u00e3o de transporte p\u00fablico | Guia Comercial Avenida Faria Lima","robots":{"index":"index","follow":"follow","max-snippet":"max-snippet:-1","max-image-preview":"max-image-preview:large","max-video-preview":"max-video-preview:-1"},"canonical":"https:\/\/www.encontrajardins.com.br\/av-faria-lima\/cidade-jardim-para-consolacao-de-transporte-publico\/","og_locale":"pt_BR","og_type":"article","og_title":"Cidade Jardim para Consola\u00e7\u00e3o de transporte p\u00fablico | Guia Comercial Avenida Faria Lima","og_description":"Saiba como ir de Cidade Jardim para Consola\u00e7\u00e3o utilizando transporte p\u00fablico!","og_url":"https:\/\/www.encontrajardins.com.br\/av-faria-lima\/cidade-jardim-para-consolacao-de-transporte-publico\/","og_site_name":"Guia Comercial Avenida Faria Lima","article_published_time":"2026-07-15T16:38:56+00:00","og_image":[{"width":280,"height":280,"url":"https:\/\/www.encontrajardins.com.br\/av-faria-lima\/wp-content\/uploads\/2026\/07\/cidade-jardim-para-consolacao-de-transporte-publico.webp","type":"image\/webp"}],"author":"Encontra Avenida Faria Lima","twitter_card":"summary_large_image","twitter_misc":{"Escrito por":"Encontra Avenida Faria Lima","Est. tempo de leitura":"4 minutos"},"schema":{"@context":"https:\/\/schema.org","@graph":[{"@type":"Article","@id":"https:\/\/www.encontrajardins.com.br\/av-faria-lima\/cidade-jardim-para-consolacao-de-transporte-publico\/#article","isPartOf":{"@id":"https:\/\/www.encontrajardins.com.br\/av-faria-lima\/cidade-jardim-para-consolacao-de-transporte-publico\/"},"author":{"name":"Encontra Avenida Faria Lima","@id":"https:\/\/www.encontrajardins.com.br\/av-faria-lima\/#\/schema\/person\/79badd2a12b75d685ad41dac082e5111"},"headline":"Cidade Jardim para Consola\u00e7\u00e3o de transporte p\u00fablico","datePublished":"2026-07-15T16:38:56+00:00","mainEntityOfPage":{"@id":"https:\/\/www.encontrajardins.com.br\/av-faria-lima\/cidade-jardim-para-consolacao-de-transporte-publico\/"},"wordCount":739,"commentCount":0,"image":{"@id":"https:\/\/www.encontrajardins.com.br\/av-faria-lima\/cidade-jardim-para-consolacao-de-transporte-publico\/#primaryimage"},"thumbnailUrl":"https:\/\/www.encontrajardins.com.br\/av-faria-lima\/wp-content\/uploads\/2026\/07\/cidade-jardim-para-consolacao-de-transporte-publico.webp","articleSection":["Tr\u00e2nsito Avenida Faria Lima"],"inLanguage":"pt-BR","potentialAction":[{"@type":"CommentAction","name":"Comment","target":["https:\/\/www.encontrajardins.com.br\/av-faria-lima\/cidade-jardim-para-consolacao-de-transporte-publico\/#respond"]}]},{"@type":"WebPage","@id":"https:\/\/www.encontrajardins.com.br\/av-faria-lima\/cidade-jardim-para-consolacao-de-transporte-publico\/","url":"https:\/\/www.encontrajardins.com.br\/av-faria-lima\/cidade-jardim-para-consolacao-de-transporte-publico\/","name":"Cidade Jardim para Consola\u00e7\u00e3o de transporte p\u00fablico | Guia Comercial Avenida Faria Lima","isPartOf":{"@id":"https:\/\/www.encontrajardins.com.br\/av-faria-lima\/#website"},"primaryImageOfPage":{"@id":"https:\/\/www.encontrajardins.com.br\/av-faria-lima\/cidade-jardim-para-consolacao-de-transporte-publico\/#primaryimage"},"image":{"@id":"https:\/\/www.encontrajardins.com.br\/av-faria-lima\/cidade-jardim-para-consolacao-de-transporte-publico\/#primaryimage"},"thumbnailUrl":"https:\/\/www.encontrajardins.com.br\/av-faria-lima\/wp-content\/uploads\/2026\/07\/cidade-jardim-para-consolacao-de-transporte-publico.webp","datePublished":"2026-07-15T16:38:56+00:00","author":{"@id":"https:\/\/www.encontrajardins.com.br\/av-faria-lima\/#\/schema\/person\/79badd2a12b75d685ad41dac082e5111"},"inLanguage":"pt-BR","potentialAction":[{"@type":"ReadAction","target":["https:\/\/www.encontrajardins.com.br\/av-faria-lima\/cidade-jardim-para-consolacao-de-transporte-publico\/"]}]},{"@type":"ImageObject","inLanguage":"pt-BR","@id":"https:\/\/www.encontrajardins.com.br\/av-faria-lima\/cidade-jardim-para-consolacao-de-transporte-publico\/#primaryimage","url":"https:\/\/www.encontrajardins.com.br\/av-faria-lima\/wp-content\/uploads\/2026\/07\/cidade-jardim-para-consolacao-de-transporte-publico.webp","contentUrl":"https:\/\/www.encontrajardins.com.br\/av-faria-lima\/wp-content\/uploads\/2026\/07\/cidade-jardim-para-consolacao-de-transporte-publico.webp","width":280,"height":280,"caption":"transporte p\u00fablico Cidade Jardim Consola\u00e7\u00e3o"},{"@type":"WebSite","@id":"https:\/\/www.encontrajardins.com.br\/av-faria-lima\/#website","url":"https:\/\/www.encontrajardins.com.br\/av-faria-lima\/","name":"Guia Comercial Avenida Faria Lima","description":"ENCONTRA AVENIDA FARIA LIMA - O guia comercial de neg\u00f3cios e empresas, cultura e divers\u00e3o na Avenida Faria Lima. Feito 100% para voc\u00ea morador!","potentialAction":[{"@type":"SearchAction","target":{"@type":"EntryPoint","urlTemplate":"https:\/\/www.encontrajardins.com.br\/av-faria-lima\/?s={search_term_string}"},"query-input":{"@type":"PropertyValueSpecification","valueRequired":true,"valueName":"search_term_string"}}],"inLanguage":"pt-BR"},{"@type":"Person","@id":"https:\/\/www.encontrajardins.com.br\/av-faria-lima\/#\/schema\/person\/79badd2a12b75d685ad41dac082e5111","name":"Encontra Avenida Faria Lima","image":{"@type":"ImageObject","inLanguage":"pt-BR","@id":"https:\/\/www.encontrajardins.com.br\/av-faria-lima\/wp-content\/litespeed\/avatar\/e92a756db1fc224ef50d2f00ed0d047a.jpg?ver=1787888441","url":"https:\/\/www.encontrajardins.com.br\/av-faria-lima\/wp-content\/litespeed\/avatar\/e92a756db1fc224ef50d2f00ed0d047a.jpg?ver=1787888441","contentUrl":"https:\/\/www.encontrajardins.com.br\/av-faria-lima\/wp-content\/litespeed\/avatar\/e92a756db1fc224ef50d2f00ed0d047a.jpg?ver=1787888441","caption":"Encontra Avenida Faria Lima"},"url":"https:\/\/www.encontrajardins.com.br\/av-faria-lima\/author\/av-faria-lima\/"}]}},"_links":{"self":[{"href":"https:\/\/www.encontrajardins.com.br\/av-faria-lima\/wp-json\/wp\/v2\/posts\/4962","targetHints":{"allow":["GET"]}}],"collection":[{"href":"https:\/\/www.encontrajardins.com.br\/av-faria-lima\/wp-json\/wp\/v2\/posts"}],"about":[{"href":"https:\/\/www.encontrajardins.com.br\/av-faria-lima\/wp-json\/wp\/v2\/types\/post"}],"author":[{"embeddable":true,"href":"https:\/\/www.encontrajardins.com.br\/av-faria-lima\/wp-json\/wp\/v2\/users\/1"}],"replies":[{"embeddable":true,"href":"https:\/\/www.encontrajardins.com.br\/av-faria-lima\/wp-json\/wp\/v2\/comments?post=4962"}],"version-history":[{"count":0,"href":"https:\/\/www.encontrajardins.com.br\/av-faria-lima\/wp-json\/wp\/v2\/posts\/4962\/revisions"}],"wp:featuredmedia":[{"embeddable":true,"href":"https:\/\/www.encontrajardins.com.br\/av-faria-lima\/wp-json\/wp\/v2\/media\/4961"}],"wp:attachment":[{"href":"https:\/\/www.encontrajardins.com.br\/av-faria-lima\/wp-json\/wp\/v2\/media?parent=4962"}],"wp:term":[{"taxonomy":"category","embeddable":true,"href":"https:\/\/www.encontrajardins.com.br\/av-faria-lima\/wp-json\/wp\/v2\/categories?post=4962"},{"taxonomy":"post_tag","embeddable":true,"href":"https:\/\/www.encontrajardins.com.br\/av-faria-lima\/wp-json\/wp\/v2\/tags?post=4962"}],"curies":[{"name":"wp","href":"https:\/\/api.w.org\/{rel}","templated":true}]}}