{"id":5086,"date":"2026-08-06T02:56:03","date_gmt":"2026-08-06T05:56:03","guid":{"rendered":"https:\/\/www.encontrajardins.com.br\/av-faria-lima\/swile-instala-arvore-de-natal-na-faria-lima-cinco-meses-antes-da-data\/"},"modified":"2026-08-06T02:56:03","modified_gmt":"2026-08-06T05:56:03","slug":"swile-instala-arvore-de-natal-na-faria-lima-cinco-meses-antes-da-data","status":"publish","type":"post","link":"https:\/\/www.encontrajardins.com.br\/av-faria-lima\/swile-instala-arvore-de-natal-na-faria-lima-cinco-meses-antes-da-data\/","title":{"rendered":"Swile instala \u00e1rvore de Natal na Faria Lima cinco meses antes da data"},"content":{"rendered":"<h2>Uma \u00c1rvore Improv\u00e1vel na Avenida Faria Lima<\/h2>\n<p>A <strong>Swile<\/strong> provocou uma grande surpresa entre os transeuntes da <strong>Avenida Faria Lima<\/strong>, localizada em <strong>S\u00e3o Paulo<\/strong>, ao apresentar uma imponente \u00e1rvore de <strong>Natal<\/strong> de cinco metros de altura, muito antes do m\u00eas de dezembro. Essa interven\u00e7\u00e3o n\u00e3o apenas chamou a aten\u00e7\u00e3o dos passantes, mas tamb\u00e9m gerou discuss\u00f5es sobre a import\u00e2ncia do planejamento nas a\u00e7\u00f5es de final de ano nas empresas.<\/p>\n<h2>O Coral Jovem Heli\u00f3polis e Sua Performance<\/h2>\n<p>Para tornar a experi\u00eancia ainda mais memor\u00e1vel, a a\u00e7\u00e3o da <strong>Swile<\/strong> inclu\u00eda uma apresenta\u00e7\u00e3o ao vivo do <strong>Coral Jovem Heli\u00f3polis<\/strong>, um projeto mantido pelo <strong>Instituto Baccarelli<\/strong>. Com a participa\u00e7\u00e3o de cerca de 40 m\u00fasicos, a performance trouxe uma sele\u00e7\u00e3o de cl\u00e1ssicos natalinos, criando um efeito surpreendente ao contrastar com a antecipa\u00e7\u00e3o do esp\u00edrito natalino. A apresenta\u00e7\u00e3o foi um verdadeiro espet\u00e1culo que uniu m\u00fasica e cultura em um espa\u00e7o urbano, agu\u00e7ando a curiosidade dos presentes e promovendo uma reflex\u00e3o sobre o significado das festividades.<\/p>\n<h2>Reflex\u00f5es Sobre Benef\u00edcios Antecipados<\/h2>\n<p>A campanha \u201c<strong>J\u00e1 \u00e9 Natal<\/strong>\u201d n\u00e3o se limita \u00e0 instala\u00e7\u00e3o da \u00e1rvore; seu objetivo \u00e9 estimular as empresas a reconsiderarem a forma como oferecem benef\u00edcios aos seus colaboradores. A proposta sugere que os benef\u00edcios de final de ano sejam disponibilizados antes de dezembro, permitindo que os funcion\u00e1rios tenham mais tempo para planejar como ir\u00e3o utiliz\u00e1-los. Segundo a <strong>Swile<\/strong>, essa pr\u00e1tica tamb\u00e9m ajuda os departamentos de <strong>Recursos Humanos<\/strong> a organizar sua log\u00edstica de maneira mais eficaz, diminuindo a press\u00e3o no fechamento do ano.<\/p>\n<p><img decoding=\"async\" src=\"https:\/\/www.encontrajardins.com.br\/av-faria-lima\/wp-content\/uploads\/2026\/08\/swile-instala-arvore-de-natal-na-faria-lima-cinco-meses-antes-da-data.webp\" alt=\"\u00e1rvore de Natal\" loading=\"lazy\" \/><\/p>\n<h2>A Import\u00e2ncia da Criatividade nas A\u00e7\u00f5es de Marketing<\/h2>\n<p>Neste mundo onde a aten\u00e7\u00e3o das pessoas \u00e9 um recurso escasso, a criatividade tem um papel fundamental. A iniciativa da <strong>Swile<\/strong>, ao colocar uma \u00e1rvore de Natal em um momento inesperado, convida a reflex\u00e3o e a curiosidade. Tiago Barra, diretor de marketing da empresa, enfatizou que o objetivo foi criar um di\u00e1logo instigante e n\u00e3o apenas uma a\u00e7\u00e3o promocional superficial. A inten\u00e7\u00e3o era levar as pessoas a questionar o motivo de uma \u00e1rvore de Natal estar em um local t\u00e3o inusitado e propor uma discuss\u00e3o sobre como as empresas podem valorizar o esfor\u00e7o de seus colaboradores.<\/p>\n<h2>Como a Campanha Est\u00e1 Mudando a Percep\u00e7\u00e3o do Natal<\/h2>\n<p>Essa a\u00e7\u00e3o revolucion\u00e1ria est\u00e1 mudando a maneira como o Natal e suas tradi\u00e7\u00f5es s\u00e3o percebidos no ambiente corporativo. A instala\u00e7\u00e3o da \u00e1rvore logo se tornou um ponto de refer\u00eancia na cidade e uma oportunidade para que as pessoas parassem e refletissem sobre o que o Natal realmente significa em suas vidas e nas organiza\u00e7\u00f5es. O conceito de &#8220;dentro da caixa&#8221; \u00e9 desafiado, for\u00e7ando a ind\u00fastria a repensar quando e como comunicam seus valores.<\/p>\n<h2>O Papel dos Recursos Humanos na Antecipa\u00e7\u00e3o<\/h2>\n<p>Os <strong>Recursos Humanos<\/strong> desempenham um papel essencial na implementa\u00e7\u00e3o de a\u00e7\u00f5es que proporcionem benef\u00edcios aos colaboradores. Antecipar a distribui\u00e7\u00e3o de benef\u00edcios de fim de ano pode n\u00e3o apenas melhorar a satisfa\u00e7\u00e3o do funcion\u00e1rio, mas tamb\u00e9m otimizar os processos internos da empresa. A flexibilidade nesses benef\u00edcios se reflete diretamente na motiva\u00e7\u00e3o e no engajamento dos colaboradores, resultando em um ambiente de trabalho mais saud\u00e1vel e produtivo.<\/p>\n<h2>Rea\u00e7\u00f5es do P\u00fablico \u00e0 Interven\u00e7\u00e3o Urbana<\/h2>\n<p>A recep\u00e7\u00e3o do p\u00fablico \u00e0 interven\u00e7\u00e3o da <strong>Swile<\/strong> mostrou-se extremamente positiva. Trabalhadores, executivos e curiosos que passavam pela Avenida Faria Lima foram atra\u00eddos pela \u00e1rvore, tirando fotos e compartilhando nas redes sociais. Essa viraliza\u00e7\u00e3o contribuiu para o fortalecimento da marca e para a discuss\u00e3o sobre a valoriza\u00e7\u00e3o do trabalhador no ambiente corporativo. O impacto social e cultural da a\u00e7\u00e3o se demonstrou em a\u00e7\u00f5es coletivas e em novas iniciativas que come\u00e7aram a surgir em resposta a esta provoca\u00e7\u00e3o.<\/p>\n<h2>Alternativas ao Vale-Natal Tradicional<\/h2>\n<p>Al\u00e9m de promover a interven\u00e7\u00e3o natalina, a <strong>Swile<\/strong> tamb\u00e9m apresentou o <strong>Vale-Natal digital<\/strong> como uma alternativa \u00e0s t\u00edpicas cestas que muitas empresas distribuem no fim do ano. Esse modelo digital permite que cada colaborador escolha como utilizar o benef\u00edcio, eliminando processos log\u00edsticos complicados relacionados ao armazenamento e entrega de produtos f\u00edsicos. Em 2025, a ades\u00e3o a este formato cresceu 24%, alcan\u00e7ando aproximadamente 220 mil trabalhadores no <strong>Brasil<\/strong>, assim demonstrando a aceita\u00e7\u00e3o e a pertin\u00eancia da proposta.<\/p>\n<h2>A Estrutura da \u00c1rvore e Sua Instala\u00e7\u00e3o<\/h2>\n<p>A \u00e1rvore de Natal da <strong>Swile<\/strong> foi projetada com um design impressionante e instalado em um local estrat\u00e9gico na Avenida Faria Lima. A montagem levou em considera\u00e7\u00e3o diversos fatores, desde a seguran\u00e7a at\u00e9 a est\u00e9tica, garantindo que a estrutura fosse ao mesmo tempo grandiosa e segura para os pedestres. Este tipo de iniciativa requer uma aten\u00e7\u00e3o especial ao urbanismo e \u00e0 intera\u00e7\u00e3o entre espa\u00e7o p\u00fablico e privado, mostrando como uma interven\u00e7\u00e3o pode enriquecer o cotidiano das pessoas.<\/p>\n<h2>Impactos Sociais e Culturais da A\u00e7\u00e3o<\/h2>\n<p>A instala\u00e7\u00e3o da \u00e1rvore n\u00e3o s\u00f3 promoveu um evento festivo, mas tamb\u00e9m incentivou uma reflex\u00e3o sobre os v\u00ednculos de nossa cultura corporativa e a import\u00e2ncia de celebrar conquistas ao longo do ano. A a\u00e7\u00e3o provocou di\u00e1logos sobre como as empresas podem transmitir um senso de comunidade e pertencimento atrav\u00e9s de suas pr\u00e1ticas e benef\u00edcios, contribuindo para um ambiente mais humano e integrador. Essa abordagem inovadora certamente influenciar\u00e1 outras iniciativas no futuro, levando mais empresas a repensarem seus la\u00e7os com colaboradores e suas estrat\u00e9gias de reconhecimento. <strong>Fotos: Marina Costa<\/strong><\/p>\n","protected":false},"excerpt":{"rendered":"<p>\u00c1rvore de Natal gigante na Faria Lima gera curiosidade e debate sobre benef\u00edcios antecipados.<\/p>\n","protected":false},"author":1,"featured_media":5085,"comment_status":"open","ping_status":"open","sticky":false,"template":"","format":"standard","meta":{"footnotes":""},"categories":[898],"tags":[],"class_list":["post-5086","post","type-post","status-publish","format-standard","has-post-thumbnail","hentry","category-exposicao","has_thumb"],"yoast_head":"<!-- This site is optimized with the Yoast SEO plugin v28.1 - https:\/\/yoast.com\/product\/yoast-seo-wordpress\/ -->\n<title>Swile instala \u00e1rvore de Natal na Faria Lima cinco meses antes da data | Guia Comercial Avenida Faria Lima<\/title>\n<meta name=\"robots\" content=\"index, follow, max-snippet:-1, max-image-preview:large, max-video-preview:-1\" \/>\n<link rel=\"canonical\" href=\"https:\/\/www.encontrajardins.com.br\/av-faria-lima\/swile-instala-arvore-de-natal-na-faria-lima-cinco-meses-antes-da-data\/\" \/>\n<meta property=\"og:locale\" content=\"pt_BR\" \/>\n<meta property=\"og:type\" content=\"article\" \/>\n<meta property=\"og:title\" content=\"Swile instala \u00e1rvore de Natal na Faria Lima cinco meses antes da data | Guia Comercial Avenida Faria Lima\" \/>\n<meta property=\"og:description\" content=\"\u00c1rvore de Natal gigante na Faria Lima gera curiosidade e debate sobre benef\u00edcios antecipados.\" \/>\n<meta property=\"og:url\" content=\"https:\/\/www.encontrajardins.com.br\/av-faria-lima\/swile-instala-arvore-de-natal-na-faria-lima-cinco-meses-antes-da-data\/\" \/>\n<meta property=\"og:site_name\" content=\"Guia Comercial Avenida Faria Lima\" \/>\n<meta property=\"article:published_time\" content=\"2026-08-06T05:56:03+00:00\" \/>\n<meta property=\"og:image\" content=\"https:\/\/www.encontrajardins.com.br\/av-faria-lima\/wp-content\/uploads\/2026\/08\/swile-instala-arvore-de-natal-na-faria-lima-cinco-meses-antes-da-data.webp\" \/>\n\t<meta property=\"og:image:width\" content=\"280\" \/>\n\t<meta property=\"og:image:height\" content=\"280\" \/>\n\t<meta property=\"og:image:type\" content=\"image\/webp\" \/>\n<meta name=\"author\" content=\"Encontra Avenida Faria Lima\" \/>\n<meta name=\"twitter:card\" content=\"summary_large_image\" \/>\n<meta name=\"twitter:label1\" content=\"Escrito por\" \/>\n\t<meta name=\"twitter:data1\" content=\"Encontra Avenida Faria Lima\" \/>\n\t<meta name=\"twitter:label2\" content=\"Est. tempo de leitura\" \/>\n\t<meta name=\"twitter:data2\" content=\"5 minutos\" \/>\n<script type=\"application\/ld+json\" class=\"yoast-schema-graph\">{\"@context\":\"https:\\\/\\\/schema.org\",\"@graph\":[{\"@type\":\"Article\",\"@id\":\"https:\\\/\\\/www.encontrajardins.com.br\\\/av-faria-lima\\\/swile-instala-arvore-de-natal-na-faria-lima-cinco-meses-antes-da-data\\\/#article\",\"isPartOf\":{\"@id\":\"https:\\\/\\\/www.encontrajardins.com.br\\\/av-faria-lima\\\/swile-instala-arvore-de-natal-na-faria-lima-cinco-meses-antes-da-data\\\/\"},\"author\":{\"name\":\"Encontra Avenida Faria Lima\",\"@id\":\"https:\\\/\\\/www.encontrajardins.com.br\\\/av-faria-lima\\\/#\\\/schema\\\/person\\\/79badd2a12b75d685ad41dac082e5111\"},\"headline\":\"Swile instala \u00e1rvore de Natal na Faria Lima cinco meses antes da data\",\"datePublished\":\"2026-08-06T05:56:03+00:00\",\"mainEntityOfPage\":{\"@id\":\"https:\\\/\\\/www.encontrajardins.com.br\\\/av-faria-lima\\\/swile-instala-arvore-de-natal-na-faria-lima-cinco-meses-antes-da-data\\\/\"},\"wordCount\":969,\"commentCount\":0,\"image\":{\"@id\":\"https:\\\/\\\/www.encontrajardins.com.br\\\/av-faria-lima\\\/swile-instala-arvore-de-natal-na-faria-lima-cinco-meses-antes-da-data\\\/#primaryimage\"},\"thumbnailUrl\":\"https:\\\/\\\/www.encontrajardins.com.br\\\/av-faria-lima\\\/wp-content\\\/uploads\\\/2026\\\/08\\\/swile-instala-arvore-de-natal-na-faria-lima-cinco-meses-antes-da-data.webp\",\"articleSection\":[\"Exposi\u00e7\u00e3o Avenida Faria Lima\"],\"inLanguage\":\"pt-BR\",\"potentialAction\":[{\"@type\":\"CommentAction\",\"name\":\"Comment\",\"target\":[\"https:\\\/\\\/www.encontrajardins.com.br\\\/av-faria-lima\\\/swile-instala-arvore-de-natal-na-faria-lima-cinco-meses-antes-da-data\\\/#respond\"]}]},{\"@type\":\"WebPage\",\"@id\":\"https:\\\/\\\/www.encontrajardins.com.br\\\/av-faria-lima\\\/swile-instala-arvore-de-natal-na-faria-lima-cinco-meses-antes-da-data\\\/\",\"url\":\"https:\\\/\\\/www.encontrajardins.com.br\\\/av-faria-lima\\\/swile-instala-arvore-de-natal-na-faria-lima-cinco-meses-antes-da-data\\\/\",\"name\":\"Swile instala \u00e1rvore de Natal na Faria Lima cinco meses antes da data | Guia Comercial Avenida Faria Lima\",\"isPartOf\":{\"@id\":\"https:\\\/\\\/www.encontrajardins.com.br\\\/av-faria-lima\\\/#website\"},\"primaryImageOfPage\":{\"@id\":\"https:\\\/\\\/www.encontrajardins.com.br\\\/av-faria-lima\\\/swile-instala-arvore-de-natal-na-faria-lima-cinco-meses-antes-da-data\\\/#primaryimage\"},\"image\":{\"@id\":\"https:\\\/\\\/www.encontrajardins.com.br\\\/av-faria-lima\\\/swile-instala-arvore-de-natal-na-faria-lima-cinco-meses-antes-da-data\\\/#primaryimage\"},\"thumbnailUrl\":\"https:\\\/\\\/www.encontrajardins.com.br\\\/av-faria-lima\\\/wp-content\\\/uploads\\\/2026\\\/08\\\/swile-instala-arvore-de-natal-na-faria-lima-cinco-meses-antes-da-data.webp\",\"datePublished\":\"2026-08-06T05:56:03+00:00\",\"author\":{\"@id\":\"https:\\\/\\\/www.encontrajardins.com.br\\\/av-faria-lima\\\/#\\\/schema\\\/person\\\/79badd2a12b75d685ad41dac082e5111\"},\"inLanguage\":\"pt-BR\",\"potentialAction\":[{\"@type\":\"ReadAction\",\"target\":[\"https:\\\/\\\/www.encontrajardins.com.br\\\/av-faria-lima\\\/swile-instala-arvore-de-natal-na-faria-lima-cinco-meses-antes-da-data\\\/\"]}]},{\"@type\":\"ImageObject\",\"inLanguage\":\"pt-BR\",\"@id\":\"https:\\\/\\\/www.encontrajardins.com.br\\\/av-faria-lima\\\/swile-instala-arvore-de-natal-na-faria-lima-cinco-meses-antes-da-data\\\/#primaryimage\",\"url\":\"https:\\\/\\\/www.encontrajardins.com.br\\\/av-faria-lima\\\/wp-content\\\/uploads\\\/2026\\\/08\\\/swile-instala-arvore-de-natal-na-faria-lima-cinco-meses-antes-da-data.webp\",\"contentUrl\":\"https:\\\/\\\/www.encontrajardins.com.br\\\/av-faria-lima\\\/wp-content\\\/uploads\\\/2026\\\/08\\\/swile-instala-arvore-de-natal-na-faria-lima-cinco-meses-antes-da-data.webp\",\"width\":280,\"height\":280,\"caption\":\"\u00e1rvore de Natal\"},{\"@type\":\"WebSite\",\"@id\":\"https:\\\/\\\/www.encontrajardins.com.br\\\/av-faria-lima\\\/#website\",\"url\":\"https:\\\/\\\/www.encontrajardins.com.br\\\/av-faria-lima\\\/\",\"name\":\"Guia Comercial Avenida Faria Lima\",\"description\":\"ENCONTRA AVENIDA FARIA LIMA - O guia comercial de neg\u00f3cios e empresas, cultura e divers\u00e3o na Avenida Faria Lima. Feito 100% para voc\u00ea morador!\",\"potentialAction\":[{\"@type\":\"SearchAction\",\"target\":{\"@type\":\"EntryPoint\",\"urlTemplate\":\"https:\\\/\\\/www.encontrajardins.com.br\\\/av-faria-lima\\\/?s={search_term_string}\"},\"query-input\":{\"@type\":\"PropertyValueSpecification\",\"valueRequired\":true,\"valueName\":\"search_term_string\"}}],\"inLanguage\":\"pt-BR\"},{\"@type\":\"Person\",\"@id\":\"https:\\\/\\\/www.encontrajardins.com.br\\\/av-faria-lima\\\/#\\\/schema\\\/person\\\/79badd2a12b75d685ad41dac082e5111\",\"name\":\"Encontra Avenida Faria Lima\",\"image\":{\"@type\":\"ImageObject\",\"inLanguage\":\"pt-BR\",\"@id\":\"https:\\\/\\\/www.encontrajardins.com.br\\\/av-faria-lima\\\/wp-content\\\/litespeed\\\/avatar\\\/e92a756db1fc224ef50d2f00ed0d047a.jpg?ver=1787888441\",\"url\":\"https:\\\/\\\/www.encontrajardins.com.br\\\/av-faria-lima\\\/wp-content\\\/litespeed\\\/avatar\\\/e92a756db1fc224ef50d2f00ed0d047a.jpg?ver=1787888441\",\"contentUrl\":\"https:\\\/\\\/www.encontrajardins.com.br\\\/av-faria-lima\\\/wp-content\\\/litespeed\\\/avatar\\\/e92a756db1fc224ef50d2f00ed0d047a.jpg?ver=1787888441\",\"caption\":\"Encontra Avenida Faria Lima\"},\"url\":\"https:\\\/\\\/www.encontrajardins.com.br\\\/av-faria-lima\\\/author\\\/av-faria-lima\\\/\"}]}<\/script>\n<!-- \/ Yoast SEO plugin. -->","yoast_head_json":{"title":"Swile instala \u00e1rvore de Natal na Faria Lima cinco meses antes da data | Guia Comercial Avenida Faria Lima","robots":{"index":"index","follow":"follow","max-snippet":"max-snippet:-1","max-image-preview":"max-image-preview:large","max-video-preview":"max-video-preview:-1"},"canonical":"https:\/\/www.encontrajardins.com.br\/av-faria-lima\/swile-instala-arvore-de-natal-na-faria-lima-cinco-meses-antes-da-data\/","og_locale":"pt_BR","og_type":"article","og_title":"Swile instala \u00e1rvore de Natal na Faria Lima cinco meses antes da data | Guia Comercial Avenida Faria Lima","og_description":"\u00c1rvore de Natal gigante na Faria Lima gera curiosidade e debate sobre benef\u00edcios antecipados.","og_url":"https:\/\/www.encontrajardins.com.br\/av-faria-lima\/swile-instala-arvore-de-natal-na-faria-lima-cinco-meses-antes-da-data\/","og_site_name":"Guia Comercial Avenida Faria Lima","article_published_time":"2026-08-06T05:56:03+00:00","og_image":[{"width":280,"height":280,"url":"https:\/\/www.encontrajardins.com.br\/av-faria-lima\/wp-content\/uploads\/2026\/08\/swile-instala-arvore-de-natal-na-faria-lima-cinco-meses-antes-da-data.webp","type":"image\/webp"}],"author":"Encontra Avenida Faria Lima","twitter_card":"summary_large_image","twitter_misc":{"Escrito por":"Encontra Avenida Faria Lima","Est. tempo de leitura":"5 minutos"},"schema":{"@context":"https:\/\/schema.org","@graph":[{"@type":"Article","@id":"https:\/\/www.encontrajardins.com.br\/av-faria-lima\/swile-instala-arvore-de-natal-na-faria-lima-cinco-meses-antes-da-data\/#article","isPartOf":{"@id":"https:\/\/www.encontrajardins.com.br\/av-faria-lima\/swile-instala-arvore-de-natal-na-faria-lima-cinco-meses-antes-da-data\/"},"author":{"name":"Encontra Avenida Faria Lima","@id":"https:\/\/www.encontrajardins.com.br\/av-faria-lima\/#\/schema\/person\/79badd2a12b75d685ad41dac082e5111"},"headline":"Swile instala \u00e1rvore de Natal na Faria Lima cinco meses antes da data","datePublished":"2026-08-06T05:56:03+00:00","mainEntityOfPage":{"@id":"https:\/\/www.encontrajardins.com.br\/av-faria-lima\/swile-instala-arvore-de-natal-na-faria-lima-cinco-meses-antes-da-data\/"},"wordCount":969,"commentCount":0,"image":{"@id":"https:\/\/www.encontrajardins.com.br\/av-faria-lima\/swile-instala-arvore-de-natal-na-faria-lima-cinco-meses-antes-da-data\/#primaryimage"},"thumbnailUrl":"https:\/\/www.encontrajardins.com.br\/av-faria-lima\/wp-content\/uploads\/2026\/08\/swile-instala-arvore-de-natal-na-faria-lima-cinco-meses-antes-da-data.webp","articleSection":["Exposi\u00e7\u00e3o Avenida Faria Lima"],"inLanguage":"pt-BR","potentialAction":[{"@type":"CommentAction","name":"Comment","target":["https:\/\/www.encontrajardins.com.br\/av-faria-lima\/swile-instala-arvore-de-natal-na-faria-lima-cinco-meses-antes-da-data\/#respond"]}]},{"@type":"WebPage","@id":"https:\/\/www.encontrajardins.com.br\/av-faria-lima\/swile-instala-arvore-de-natal-na-faria-lima-cinco-meses-antes-da-data\/","url":"https:\/\/www.encontrajardins.com.br\/av-faria-lima\/swile-instala-arvore-de-natal-na-faria-lima-cinco-meses-antes-da-data\/","name":"Swile instala \u00e1rvore de Natal na Faria Lima cinco meses antes da data | Guia Comercial Avenida Faria Lima","isPartOf":{"@id":"https:\/\/www.encontrajardins.com.br\/av-faria-lima\/#website"},"primaryImageOfPage":{"@id":"https:\/\/www.encontrajardins.com.br\/av-faria-lima\/swile-instala-arvore-de-natal-na-faria-lima-cinco-meses-antes-da-data\/#primaryimage"},"image":{"@id":"https:\/\/www.encontrajardins.com.br\/av-faria-lima\/swile-instala-arvore-de-natal-na-faria-lima-cinco-meses-antes-da-data\/#primaryimage"},"thumbnailUrl":"https:\/\/www.encontrajardins.com.br\/av-faria-lima\/wp-content\/uploads\/2026\/08\/swile-instala-arvore-de-natal-na-faria-lima-cinco-meses-antes-da-data.webp","datePublished":"2026-08-06T05:56:03+00:00","author":{"@id":"https:\/\/www.encontrajardins.com.br\/av-faria-lima\/#\/schema\/person\/79badd2a12b75d685ad41dac082e5111"},"inLanguage":"pt-BR","potentialAction":[{"@type":"ReadAction","target":["https:\/\/www.encontrajardins.com.br\/av-faria-lima\/swile-instala-arvore-de-natal-na-faria-lima-cinco-meses-antes-da-data\/"]}]},{"@type":"ImageObject","inLanguage":"pt-BR","@id":"https:\/\/www.encontrajardins.com.br\/av-faria-lima\/swile-instala-arvore-de-natal-na-faria-lima-cinco-meses-antes-da-data\/#primaryimage","url":"https:\/\/www.encontrajardins.com.br\/av-faria-lima\/wp-content\/uploads\/2026\/08\/swile-instala-arvore-de-natal-na-faria-lima-cinco-meses-antes-da-data.webp","contentUrl":"https:\/\/www.encontrajardins.com.br\/av-faria-lima\/wp-content\/uploads\/2026\/08\/swile-instala-arvore-de-natal-na-faria-lima-cinco-meses-antes-da-data.webp","width":280,"height":280,"caption":"\u00e1rvore de Natal"},{"@type":"WebSite","@id":"https:\/\/www.encontrajardins.com.br\/av-faria-lima\/#website","url":"https:\/\/www.encontrajardins.com.br\/av-faria-lima\/","name":"Guia Comercial Avenida Faria Lima","description":"ENCONTRA AVENIDA FARIA LIMA - O guia comercial de neg\u00f3cios e empresas, cultura e divers\u00e3o na Avenida Faria Lima. Feito 100% para voc\u00ea morador!","potentialAction":[{"@type":"SearchAction","target":{"@type":"EntryPoint","urlTemplate":"https:\/\/www.encontrajardins.com.br\/av-faria-lima\/?s={search_term_string}"},"query-input":{"@type":"PropertyValueSpecification","valueRequired":true,"valueName":"search_term_string"}}],"inLanguage":"pt-BR"},{"@type":"Person","@id":"https:\/\/www.encontrajardins.com.br\/av-faria-lima\/#\/schema\/person\/79badd2a12b75d685ad41dac082e5111","name":"Encontra Avenida Faria Lima","image":{"@type":"ImageObject","inLanguage":"pt-BR","@id":"https:\/\/www.encontrajardins.com.br\/av-faria-lima\/wp-content\/litespeed\/avatar\/e92a756db1fc224ef50d2f00ed0d047a.jpg?ver=1787888441","url":"https:\/\/www.encontrajardins.com.br\/av-faria-lima\/wp-content\/litespeed\/avatar\/e92a756db1fc224ef50d2f00ed0d047a.jpg?ver=1787888441","contentUrl":"https:\/\/www.encontrajardins.com.br\/av-faria-lima\/wp-content\/litespeed\/avatar\/e92a756db1fc224ef50d2f00ed0d047a.jpg?ver=1787888441","caption":"Encontra Avenida Faria Lima"},"url":"https:\/\/www.encontrajardins.com.br\/av-faria-lima\/author\/av-faria-lima\/"}]}},"_links":{"self":[{"href":"https:\/\/www.encontrajardins.com.br\/av-faria-lima\/wp-json\/wp\/v2\/posts\/5086","targetHints":{"allow":["GET"]}}],"collection":[{"href":"https:\/\/www.encontrajardins.com.br\/av-faria-lima\/wp-json\/wp\/v2\/posts"}],"about":[{"href":"https:\/\/www.encontrajardins.com.br\/av-faria-lima\/wp-json\/wp\/v2\/types\/post"}],"author":[{"embeddable":true,"href":"https:\/\/www.encontrajardins.com.br\/av-faria-lima\/wp-json\/wp\/v2\/users\/1"}],"replies":[{"embeddable":true,"href":"https:\/\/www.encontrajardins.com.br\/av-faria-lima\/wp-json\/wp\/v2\/comments?post=5086"}],"version-history":[{"count":0,"href":"https:\/\/www.encontrajardins.com.br\/av-faria-lima\/wp-json\/wp\/v2\/posts\/5086\/revisions"}],"wp:featuredmedia":[{"embeddable":true,"href":"https:\/\/www.encontrajardins.com.br\/av-faria-lima\/wp-json\/wp\/v2\/media\/5085"}],"wp:attachment":[{"href":"https:\/\/www.encontrajardins.com.br\/av-faria-lima\/wp-json\/wp\/v2\/media?parent=5086"}],"wp:term":[{"taxonomy":"category","embeddable":true,"href":"https:\/\/www.encontrajardins.com.br\/av-faria-lima\/wp-json\/wp\/v2\/categories?post=5086"},{"taxonomy":"post_tag","embeddable":true,"href":"https:\/\/www.encontrajardins.com.br\/av-faria-lima\/wp-json\/wp\/v2\/tags?post=5086"}],"curies":[{"name":"wp","href":"https:\/\/api.w.org\/{rel}","templated":true}]}}