{"id":5094,"date":"2026-08-07T05:49:00","date_gmt":"2026-08-07T08:49:00","guid":{"rendered":"https:\/\/www.encontrajardins.com.br\/av-faria-lima\/encontro-de-ideias-audiovisuais-ocupara-o-solar-fabio-prado-em-sp-na-sua-proxima-edicao\/"},"modified":"2026-08-07T05:49:00","modified_gmt":"2026-08-07T08:49:00","slug":"encontro-de-ideias-audiovisuais-ocupara-o-solar-fabio-prado-em-sp-na-sua-proxima-edicao","status":"publish","type":"post","link":"https:\/\/www.encontrajardins.com.br\/av-faria-lima\/encontro-de-ideias-audiovisuais-ocupara-o-solar-fabio-prado-em-sp-na-sua-proxima-edicao\/","title":{"rendered":"Encontro de Ideias Audiovisuais ocupar\u00e1 o Solar F\u00e1bio Prado, em SP, na sua pr\u00f3xima edi\u00e7\u00e3o"},"content":{"rendered":"<h2>O que Esperar do Encontro de Ideias Audiovisuais<\/h2>\n<p>O Encontro de Ideias Audiovisuais \u00e9 um evento significativo dentro da Mostra Internacional de Cinema em S\u00e3o Paulo, que se destaca como uma plataforma para promover a troca de experi\u00eancias e conhecimento entre profissionais do setor. Esta iniciativa visa conectar criadores, institui\u00e7\u00f5es e empresas do audiovisual para discutir inova\u00e7\u00f5es e novas perspectivas diante do mercado atual.<\/p>\n<h2>Mudan\u00e7as Importantes na Edi\u00e7\u00e3o de 2026<\/h2>\n<p>A sexta edi\u00e7\u00e3o do evento, programada para ocorrer entre 20 e 23 de outubro de 2026, traz uma s\u00e9rie de modifica\u00e7\u00f5es que ampliam seu alcance e relev\u00e2ncia. O encontro ser\u00e1 realizado no Solar F\u00e1bio Prado, localizado na Avenida Brigadeiro Faria Lima, 2705, em S\u00e3o Paulo. Essa nova localiza\u00e7\u00e3o n\u00e3o apenas simboliza uma etapa renovada para o evento, mas tamb\u00e9m marca a integra\u00e7\u00e3o com a Sala Petrobras da 50\u00aa Mostra, criando um ambiente prop\u00edcio para o networking e aprendizado.<\/p>\n<h2>Localiza\u00e7\u00e3o: Solar F\u00e1bio Prado<\/h2>\n<p>O Solar F\u00e1bio Prado, um espa\u00e7o cultural sob a administra\u00e7\u00e3o da Funda\u00e7\u00e3o Padre Anchieta, \u00e9 conhecido por seu patrim\u00f4nio e arquitetura rica, proporcionando uma atmosfera inspiradora para os participantes. Este local permitir\u00e1 que diversas atividades ocorram simultaneamente, oferecendo ambientes adequados para encontros, discuss\u00f5es e networking.<\/p>\n<p><img decoding=\"async\" src=\"https:\/\/www.encontrajardins.com.br\/av-faria-lima\/wp-content\/uploads\/2026\/08\/encontro-de-ideias-audiovisuais-ocupara-o-solar-fabio-prado-em-sp-na-sua-proxima-edicao.webp\" alt=\"Encontro de Ideias Audiovisuais\" loading=\"lazy\" \/><\/p>\n<h2>Programa\u00e7\u00e3o e Atividades do Evento<\/h2>\n<p>A programa\u00e7\u00e3o da edi\u00e7\u00e3o de 2026 foi elaborada para atender \u00e0s necessidades do setor audiovisual. Ela incluir\u00e1:<\/p>\n<ul>\n<li><strong>Desenvolvimento de projetos:<\/strong> Atividades focadas em impulsionar a cria\u00e7\u00e3o e execu\u00e7\u00e3o de projetos audiovisuais.<\/li>\n<li><strong>Forma\u00e7\u00e3o profissional:<\/strong> Cursos e palestras ministrados por especialistas da \u00e1rea.<\/li>\n<li><strong>Articula\u00e7\u00e3o institucional:<\/strong> Discuss\u00f5es que promovem parcerias estrat\u00e9gicas entre institui\u00e7\u00f5es do setor.<\/li>\n<li><strong>Internacionaliza\u00e7\u00e3o:<\/strong> Atraindo olhares internacionais para os projetos brasileiros.<\/li>\n<li><strong>Gera\u00e7\u00e3o de neg\u00f3cios:<\/strong> Oportunidades para que profissionais estabele\u00e7am novas conex\u00f5es comerciais.<\/li>\n<\/ul>\n<p>A estrutura permanecente inclui tr\u00eas pilares: o programa <em>Da Palavra \u00e0 Imagem<\/em>, o <em>Mercado<\/em>, e o <em>F\u00f3rum da Mostra<\/em>, que celebra sua d\u00e9cima edi\u00e7\u00e3o. Al\u00e9m disso, o <em>2\u00ba Work in Progress (WIP)<\/em> e o <em>JIIFF Lab 2027<\/em>,ivado em parceria com o festival uruguaio Jos\u00e9 Ignacio International Film Festival, ampliar\u00e3o as oportunidades para propostas inovadoras.<\/p>\n<h2>Oportunidades de Networking no Encontro<\/h2>\n<p>Com um enfoque dado exclusivamente a profissionais e estudantes, o Encontro de Ideias Audiovisuais promove um ambiente prop\u00edcio para que os participantes se conectem e explorem novas oportunidades de colabora\u00e7\u00e3o. As \u00e1reas de circula\u00e7\u00e3o, que incluir\u00e3o exposi\u00e7\u00f5es e ativa\u00e7\u00f5es, ser\u00e3o abertas ao p\u00fablico, oferecendo uma chance \u00fanica para interagir com marcas e projetos relevantes na \u00e1rea audiovisual.<\/p>\n<h2>Internacionaliza\u00e7\u00e3o do Setor Audiovisual<\/h2>\n<p>A edi\u00e7\u00e3o de 2026 se destaca pela sua \u00eanfase na internacionaliza\u00e7\u00e3o do setor audiovisual brasileiro. Com a participa\u00e7\u00e3o de profissionais e representantes de pa\u00edses como Reino Unido, Argentina, Uruguai, Portugal, entre outros, o evento se torna um ponto de converg\u00eancia para a troca de ideias e experi\u00eancias a n\u00edvel global. Os n\u00fameros de 2025 demonstram essa tend\u00eancia, com mais de 9.400 visitantes, 36 mesas de debate e 132 reuni\u00f5es one-to-one ao decorrer do evento.<\/p>\n<h2>Hist\u00f3ria e Evolu\u00e7\u00e3o do Evento<\/h2>\n<p>Fundado dentro do contexto da Mostra Internacional de Cinema em S\u00e3o Paulo, o Encontro de Ideias Audiovisuais cresceu ao longo de suas edi\u00e7\u00f5es, adaptando-se \u00e0s demandas e inova\u00e7\u00f5es do setor. A mudan\u00e7a para o Solar F\u00e1bio Prado simboliza n\u00e3o apenas um novo espa\u00e7o f\u00edsico, mas tamb\u00e9m uma nova abordagem voltada para o fortalecimento das conex\u00f5es e parcerias dentro e fora do Brasil.<\/p>\n<h2>\u00c1rea de Exposi\u00e7\u00f5es e Atra\u00e7\u00f5es<\/h2>\n<p>No Solar F\u00e1bio Prado, a arquitetura impressionante do local ser\u00e1 aproveitada para criar um ambiente imersivo, onde os participantes poder\u00e3o explorar uma exposi\u00e7\u00e3o comemorativa dos 50 anos da Mostra Internacional de Cinema. Com curadoria da cineasta e multiartista Daniela Thomas, a exposi\u00e7\u00e3o ir\u00e1 explorar cinco d\u00e9cadas de evolu\u00e7\u00e3o no cinema por meio de cartazes e vinhetas hist\u00f3ricas. Isso proporcionar\u00e1 uma experi\u00eancia enriquecedora, permitindo que os participantes n\u00e3o s\u00f3 dialoguem sobre o futuro do audiovisual, mas tamb\u00e9m sejam inspirados por seu passado.<\/p>\n<h2>Participa\u00e7\u00e3o de Profissionais do Exterior<\/h2>\n<p>Um dos grandes trunfos deste evento \u00e9 a presen\u00e7a de diferentes culturas e expertises na \u00e1rea audiovisual. Al\u00e9m de expositores locais, haver\u00e1 uma \u0441onsider\u00e1vel representatividade internacional, refor\u00e7ando as discuss\u00f5es em torno do cinema global. Os participantes poder\u00e3o se inscrever para reuni\u00f5es com mentores de diferentes nacionalidades, enriquecendo ainda mais a experi\u00eancia de networking e aprendizado.<\/p>\n<h2>Como Participar e se Credenciar<\/h2>\n<p>As inscri\u00e7\u00f5es para o Encontro de Ideias Audiovisuais s\u00e3o direcionadas tanto a profissionais quanto a estudantes do setor. Para participar, \u00e9 necess\u00e1rio realizar o credenciamento, que se tornou uma medida implementada para assegurar um ambiente mais focado e produtivo. A maioria das atividades ser\u00e1 acess\u00edvel por meio de credenciais, assegurando acesso aos pain\u00e9is, masterclasses e outras atividades programadas.<\/p>\n<p>A localiza\u00e7\u00e3o no Solar F\u00e1bio Prado e a nova abordagem do evento visam criar um ambiente que fomente a criatividade e a colabora\u00e7\u00e3o no setor audiovisual. O evento, agora com credenciamento, se prop\u00f5e a ser mais exclusivo, garantindo que apenas pessoas engajadas e qualificadas estejam presentes, enriquecendo assim as discuss\u00f5es e as conex\u00f5es feitas durante o evento.<\/p>\n","protected":false},"excerpt":{"rendered":"<p>Encontro de Ideias Audiovisuais traz novidades imperd\u00edveis para a pr\u00f3xima edi\u00e7\u00e3o em SP.<\/p>\n","protected":false},"author":1,"featured_media":5093,"comment_status":"open","ping_status":"open","sticky":false,"template":"","format":"standard","meta":{"footnotes":""},"categories":[902],"tags":[],"class_list":["post-5094","post","type-post","status-publish","format-standard","has-post-thumbnail","hentry","category-shows","has_thumb"],"yoast_head":"<!-- This site is optimized with the Yoast SEO plugin v28.1 - https:\/\/yoast.com\/product\/yoast-seo-wordpress\/ -->\n<title>Encontro de Ideias Audiovisuais ocupar\u00e1 o Solar F\u00e1bio Prado, em SP, na sua pr\u00f3xima edi\u00e7\u00e3o | Guia Comercial Avenida Faria Lima<\/title>\n<meta name=\"robots\" content=\"index, follow, max-snippet:-1, max-image-preview:large, max-video-preview:-1\" \/>\n<link rel=\"canonical\" href=\"https:\/\/www.encontrajardins.com.br\/av-faria-lima\/encontro-de-ideias-audiovisuais-ocupara-o-solar-fabio-prado-em-sp-na-sua-proxima-edicao\/\" \/>\n<meta property=\"og:locale\" content=\"pt_BR\" \/>\n<meta property=\"og:type\" content=\"article\" \/>\n<meta property=\"og:title\" content=\"Encontro de Ideias Audiovisuais ocupar\u00e1 o Solar F\u00e1bio Prado, em SP, na sua pr\u00f3xima edi\u00e7\u00e3o | Guia Comercial Avenida Faria Lima\" \/>\n<meta property=\"og:description\" content=\"Encontro de Ideias Audiovisuais traz novidades imperd\u00edveis para a pr\u00f3xima edi\u00e7\u00e3o em SP.\" \/>\n<meta property=\"og:url\" content=\"https:\/\/www.encontrajardins.com.br\/av-faria-lima\/encontro-de-ideias-audiovisuais-ocupara-o-solar-fabio-prado-em-sp-na-sua-proxima-edicao\/\" \/>\n<meta property=\"og:site_name\" content=\"Guia Comercial Avenida Faria Lima\" \/>\n<meta property=\"article:published_time\" content=\"2026-08-07T08:49:00+00:00\" \/>\n<meta property=\"og:image\" content=\"https:\/\/www.encontrajardins.com.br\/av-faria-lima\/wp-content\/uploads\/2026\/08\/encontro-de-ideias-audiovisuais-ocupara-o-solar-fabio-prado-em-sp-na-sua-proxima-edicao.webp\" \/>\n<meta name=\"author\" content=\"Encontra Avenida Faria Lima\" \/>\n<meta name=\"twitter:card\" content=\"summary_large_image\" \/>\n<meta name=\"twitter:label1\" content=\"Escrito por\" \/>\n\t<meta name=\"twitter:data1\" content=\"Encontra Avenida Faria Lima\" \/>\n\t<meta name=\"twitter:label2\" content=\"Est. tempo de leitura\" \/>\n\t<meta name=\"twitter:data2\" content=\"4 minutos\" \/>\n<script type=\"application\/ld+json\" class=\"yoast-schema-graph\">{\"@context\":\"https:\\\/\\\/schema.org\",\"@graph\":[{\"@type\":\"Article\",\"@id\":\"https:\\\/\\\/www.encontrajardins.com.br\\\/av-faria-lima\\\/encontro-de-ideias-audiovisuais-ocupara-o-solar-fabio-prado-em-sp-na-sua-proxima-edicao\\\/#article\",\"isPartOf\":{\"@id\":\"https:\\\/\\\/www.encontrajardins.com.br\\\/av-faria-lima\\\/encontro-de-ideias-audiovisuais-ocupara-o-solar-fabio-prado-em-sp-na-sua-proxima-edicao\\\/\"},\"author\":{\"name\":\"Encontra Avenida Faria Lima\",\"@id\":\"https:\\\/\\\/www.encontrajardins.com.br\\\/av-faria-lima\\\/#\\\/schema\\\/person\\\/79badd2a12b75d685ad41dac082e5111\"},\"headline\":\"Encontro de Ideias Audiovisuais ocupar\u00e1 o Solar F\u00e1bio Prado, em SP, na sua pr\u00f3xima edi\u00e7\u00e3o\",\"datePublished\":\"2026-08-07T08:49:00+00:00\",\"mainEntityOfPage\":{\"@id\":\"https:\\\/\\\/www.encontrajardins.com.br\\\/av-faria-lima\\\/encontro-de-ideias-audiovisuais-ocupara-o-solar-fabio-prado-em-sp-na-sua-proxima-edicao\\\/\"},\"wordCount\":908,\"commentCount\":0,\"image\":{\"@id\":\"https:\\\/\\\/www.encontrajardins.com.br\\\/av-faria-lima\\\/encontro-de-ideias-audiovisuais-ocupara-o-solar-fabio-prado-em-sp-na-sua-proxima-edicao\\\/#primaryimage\"},\"thumbnailUrl\":\"https:\\\/\\\/www.encontrajardins.com.br\\\/av-faria-lima\\\/wp-content\\\/uploads\\\/2026\\\/08\\\/encontro-de-ideias-audiovisuais-ocupara-o-solar-fabio-prado-em-sp-na-sua-proxima-edicao.webp\",\"articleSection\":[\"Shows Avenida Faria Lima\"],\"inLanguage\":\"pt-BR\",\"potentialAction\":[{\"@type\":\"CommentAction\",\"name\":\"Comment\",\"target\":[\"https:\\\/\\\/www.encontrajardins.com.br\\\/av-faria-lima\\\/encontro-de-ideias-audiovisuais-ocupara-o-solar-fabio-prado-em-sp-na-sua-proxima-edicao\\\/#respond\"]}]},{\"@type\":\"WebPage\",\"@id\":\"https:\\\/\\\/www.encontrajardins.com.br\\\/av-faria-lima\\\/encontro-de-ideias-audiovisuais-ocupara-o-solar-fabio-prado-em-sp-na-sua-proxima-edicao\\\/\",\"url\":\"https:\\\/\\\/www.encontrajardins.com.br\\\/av-faria-lima\\\/encontro-de-ideias-audiovisuais-ocupara-o-solar-fabio-prado-em-sp-na-sua-proxima-edicao\\\/\",\"name\":\"Encontro de Ideias Audiovisuais ocupar\u00e1 o Solar F\u00e1bio Prado, em SP, na sua pr\u00f3xima edi\u00e7\u00e3o | Guia Comercial Avenida Faria Lima\",\"isPartOf\":{\"@id\":\"https:\\\/\\\/www.encontrajardins.com.br\\\/av-faria-lima\\\/#website\"},\"primaryImageOfPage\":{\"@id\":\"https:\\\/\\\/www.encontrajardins.com.br\\\/av-faria-lima\\\/encontro-de-ideias-audiovisuais-ocupara-o-solar-fabio-prado-em-sp-na-sua-proxima-edicao\\\/#primaryimage\"},\"image\":{\"@id\":\"https:\\\/\\\/www.encontrajardins.com.br\\\/av-faria-lima\\\/encontro-de-ideias-audiovisuais-ocupara-o-solar-fabio-prado-em-sp-na-sua-proxima-edicao\\\/#primaryimage\"},\"thumbnailUrl\":\"https:\\\/\\\/www.encontrajardins.com.br\\\/av-faria-lima\\\/wp-content\\\/uploads\\\/2026\\\/08\\\/encontro-de-ideias-audiovisuais-ocupara-o-solar-fabio-prado-em-sp-na-sua-proxima-edicao.webp\",\"datePublished\":\"2026-08-07T08:49:00+00:00\",\"author\":{\"@id\":\"https:\\\/\\\/www.encontrajardins.com.br\\\/av-faria-lima\\\/#\\\/schema\\\/person\\\/79badd2a12b75d685ad41dac082e5111\"},\"inLanguage\":\"pt-BR\",\"potentialAction\":[{\"@type\":\"ReadAction\",\"target\":[\"https:\\\/\\\/www.encontrajardins.com.br\\\/av-faria-lima\\\/encontro-de-ideias-audiovisuais-ocupara-o-solar-fabio-prado-em-sp-na-sua-proxima-edicao\\\/\"]}]},{\"@type\":\"ImageObject\",\"inLanguage\":\"pt-BR\",\"@id\":\"https:\\\/\\\/www.encontrajardins.com.br\\\/av-faria-lima\\\/encontro-de-ideias-audiovisuais-ocupara-o-solar-fabio-prado-em-sp-na-sua-proxima-edicao\\\/#primaryimage\",\"url\":\"https:\\\/\\\/www.encontrajardins.com.br\\\/av-faria-lima\\\/wp-content\\\/uploads\\\/2026\\\/08\\\/encontro-de-ideias-audiovisuais-ocupara-o-solar-fabio-prado-em-sp-na-sua-proxima-edicao.webp\",\"contentUrl\":\"https:\\\/\\\/www.encontrajardins.com.br\\\/av-faria-lima\\\/wp-content\\\/uploads\\\/2026\\\/08\\\/encontro-de-ideias-audiovisuais-ocupara-o-solar-fabio-prado-em-sp-na-sua-proxima-edicao.webp\",\"width\":280,\"height\":280,\"caption\":\"Encontro de Ideias Audiovisuais\"},{\"@type\":\"WebSite\",\"@id\":\"https:\\\/\\\/www.encontrajardins.com.br\\\/av-faria-lima\\\/#website\",\"url\":\"https:\\\/\\\/www.encontrajardins.com.br\\\/av-faria-lima\\\/\",\"name\":\"Guia Comercial Avenida Faria Lima\",\"description\":\"ENCONTRA AVENIDA FARIA LIMA - O guia comercial de neg\u00f3cios e empresas, cultura e divers\u00e3o na Avenida Faria Lima. Feito 100% para voc\u00ea morador!\",\"potentialAction\":[{\"@type\":\"SearchAction\",\"target\":{\"@type\":\"EntryPoint\",\"urlTemplate\":\"https:\\\/\\\/www.encontrajardins.com.br\\\/av-faria-lima\\\/?s={search_term_string}\"},\"query-input\":{\"@type\":\"PropertyValueSpecification\",\"valueRequired\":true,\"valueName\":\"search_term_string\"}}],\"inLanguage\":\"pt-BR\"},{\"@type\":\"Person\",\"@id\":\"https:\\\/\\\/www.encontrajardins.com.br\\\/av-faria-lima\\\/#\\\/schema\\\/person\\\/79badd2a12b75d685ad41dac082e5111\",\"name\":\"Encontra Avenida Faria Lima\",\"image\":{\"@type\":\"ImageObject\",\"inLanguage\":\"pt-BR\",\"@id\":\"https:\\\/\\\/www.encontrajardins.com.br\\\/av-faria-lima\\\/wp-content\\\/litespeed\\\/avatar\\\/e92a756db1fc224ef50d2f00ed0d047a.jpg?ver=1787888441\",\"url\":\"https:\\\/\\\/www.encontrajardins.com.br\\\/av-faria-lima\\\/wp-content\\\/litespeed\\\/avatar\\\/e92a756db1fc224ef50d2f00ed0d047a.jpg?ver=1787888441\",\"contentUrl\":\"https:\\\/\\\/www.encontrajardins.com.br\\\/av-faria-lima\\\/wp-content\\\/litespeed\\\/avatar\\\/e92a756db1fc224ef50d2f00ed0d047a.jpg?ver=1787888441\",\"caption\":\"Encontra Avenida Faria Lima\"},\"url\":\"https:\\\/\\\/www.encontrajardins.com.br\\\/av-faria-lima\\\/author\\\/av-faria-lima\\\/\"}]}<\/script>\n<!-- \/ Yoast SEO plugin. -->","yoast_head_json":{"title":"Encontro de Ideias Audiovisuais ocupar\u00e1 o Solar F\u00e1bio Prado, em SP, na sua pr\u00f3xima edi\u00e7\u00e3o | Guia Comercial Avenida Faria Lima","robots":{"index":"index","follow":"follow","max-snippet":"max-snippet:-1","max-image-preview":"max-image-preview:large","max-video-preview":"max-video-preview:-1"},"canonical":"https:\/\/www.encontrajardins.com.br\/av-faria-lima\/encontro-de-ideias-audiovisuais-ocupara-o-solar-fabio-prado-em-sp-na-sua-proxima-edicao\/","og_locale":"pt_BR","og_type":"article","og_title":"Encontro de Ideias Audiovisuais ocupar\u00e1 o Solar F\u00e1bio Prado, em SP, na sua pr\u00f3xima edi\u00e7\u00e3o | Guia Comercial Avenida Faria Lima","og_description":"Encontro de Ideias Audiovisuais traz novidades imperd\u00edveis para a pr\u00f3xima edi\u00e7\u00e3o em SP.","og_url":"https:\/\/www.encontrajardins.com.br\/av-faria-lima\/encontro-de-ideias-audiovisuais-ocupara-o-solar-fabio-prado-em-sp-na-sua-proxima-edicao\/","og_site_name":"Guia Comercial Avenida Faria Lima","article_published_time":"2026-08-07T08:49:00+00:00","og_image":[{"url":"https:\/\/www.encontrajardins.com.br\/av-faria-lima\/wp-content\/uploads\/2026\/08\/encontro-de-ideias-audiovisuais-ocupara-o-solar-fabio-prado-em-sp-na-sua-proxima-edicao.webp","type":"","width":"","height":""}],"author":"Encontra Avenida Faria Lima","twitter_card":"summary_large_image","twitter_misc":{"Escrito por":"Encontra Avenida Faria Lima","Est. tempo de leitura":"4 minutos"},"schema":{"@context":"https:\/\/schema.org","@graph":[{"@type":"Article","@id":"https:\/\/www.encontrajardins.com.br\/av-faria-lima\/encontro-de-ideias-audiovisuais-ocupara-o-solar-fabio-prado-em-sp-na-sua-proxima-edicao\/#article","isPartOf":{"@id":"https:\/\/www.encontrajardins.com.br\/av-faria-lima\/encontro-de-ideias-audiovisuais-ocupara-o-solar-fabio-prado-em-sp-na-sua-proxima-edicao\/"},"author":{"name":"Encontra Avenida Faria Lima","@id":"https:\/\/www.encontrajardins.com.br\/av-faria-lima\/#\/schema\/person\/79badd2a12b75d685ad41dac082e5111"},"headline":"Encontro de Ideias Audiovisuais ocupar\u00e1 o Solar F\u00e1bio Prado, em SP, na sua pr\u00f3xima edi\u00e7\u00e3o","datePublished":"2026-08-07T08:49:00+00:00","mainEntityOfPage":{"@id":"https:\/\/www.encontrajardins.com.br\/av-faria-lima\/encontro-de-ideias-audiovisuais-ocupara-o-solar-fabio-prado-em-sp-na-sua-proxima-edicao\/"},"wordCount":908,"commentCount":0,"image":{"@id":"https:\/\/www.encontrajardins.com.br\/av-faria-lima\/encontro-de-ideias-audiovisuais-ocupara-o-solar-fabio-prado-em-sp-na-sua-proxima-edicao\/#primaryimage"},"thumbnailUrl":"https:\/\/www.encontrajardins.com.br\/av-faria-lima\/wp-content\/uploads\/2026\/08\/encontro-de-ideias-audiovisuais-ocupara-o-solar-fabio-prado-em-sp-na-sua-proxima-edicao.webp","articleSection":["Shows Avenida Faria Lima"],"inLanguage":"pt-BR","potentialAction":[{"@type":"CommentAction","name":"Comment","target":["https:\/\/www.encontrajardins.com.br\/av-faria-lima\/encontro-de-ideias-audiovisuais-ocupara-o-solar-fabio-prado-em-sp-na-sua-proxima-edicao\/#respond"]}]},{"@type":"WebPage","@id":"https:\/\/www.encontrajardins.com.br\/av-faria-lima\/encontro-de-ideias-audiovisuais-ocupara-o-solar-fabio-prado-em-sp-na-sua-proxima-edicao\/","url":"https:\/\/www.encontrajardins.com.br\/av-faria-lima\/encontro-de-ideias-audiovisuais-ocupara-o-solar-fabio-prado-em-sp-na-sua-proxima-edicao\/","name":"Encontro de Ideias Audiovisuais ocupar\u00e1 o Solar F\u00e1bio Prado, em SP, na sua pr\u00f3xima edi\u00e7\u00e3o | Guia Comercial Avenida Faria Lima","isPartOf":{"@id":"https:\/\/www.encontrajardins.com.br\/av-faria-lima\/#website"},"primaryImageOfPage":{"@id":"https:\/\/www.encontrajardins.com.br\/av-faria-lima\/encontro-de-ideias-audiovisuais-ocupara-o-solar-fabio-prado-em-sp-na-sua-proxima-edicao\/#primaryimage"},"image":{"@id":"https:\/\/www.encontrajardins.com.br\/av-faria-lima\/encontro-de-ideias-audiovisuais-ocupara-o-solar-fabio-prado-em-sp-na-sua-proxima-edicao\/#primaryimage"},"thumbnailUrl":"https:\/\/www.encontrajardins.com.br\/av-faria-lima\/wp-content\/uploads\/2026\/08\/encontro-de-ideias-audiovisuais-ocupara-o-solar-fabio-prado-em-sp-na-sua-proxima-edicao.webp","datePublished":"2026-08-07T08:49:00+00:00","author":{"@id":"https:\/\/www.encontrajardins.com.br\/av-faria-lima\/#\/schema\/person\/79badd2a12b75d685ad41dac082e5111"},"inLanguage":"pt-BR","potentialAction":[{"@type":"ReadAction","target":["https:\/\/www.encontrajardins.com.br\/av-faria-lima\/encontro-de-ideias-audiovisuais-ocupara-o-solar-fabio-prado-em-sp-na-sua-proxima-edicao\/"]}]},{"@type":"ImageObject","inLanguage":"pt-BR","@id":"https:\/\/www.encontrajardins.com.br\/av-faria-lima\/encontro-de-ideias-audiovisuais-ocupara-o-solar-fabio-prado-em-sp-na-sua-proxima-edicao\/#primaryimage","url":"https:\/\/www.encontrajardins.com.br\/av-faria-lima\/wp-content\/uploads\/2026\/08\/encontro-de-ideias-audiovisuais-ocupara-o-solar-fabio-prado-em-sp-na-sua-proxima-edicao.webp","contentUrl":"https:\/\/www.encontrajardins.com.br\/av-faria-lima\/wp-content\/uploads\/2026\/08\/encontro-de-ideias-audiovisuais-ocupara-o-solar-fabio-prado-em-sp-na-sua-proxima-edicao.webp","width":280,"height":280,"caption":"Encontro de Ideias Audiovisuais"},{"@type":"WebSite","@id":"https:\/\/www.encontrajardins.com.br\/av-faria-lima\/#website","url":"https:\/\/www.encontrajardins.com.br\/av-faria-lima\/","name":"Guia Comercial Avenida Faria Lima","description":"ENCONTRA AVENIDA FARIA LIMA - O guia comercial de neg\u00f3cios e empresas, cultura e divers\u00e3o na Avenida Faria Lima. Feito 100% para voc\u00ea morador!","potentialAction":[{"@type":"SearchAction","target":{"@type":"EntryPoint","urlTemplate":"https:\/\/www.encontrajardins.com.br\/av-faria-lima\/?s={search_term_string}"},"query-input":{"@type":"PropertyValueSpecification","valueRequired":true,"valueName":"search_term_string"}}],"inLanguage":"pt-BR"},{"@type":"Person","@id":"https:\/\/www.encontrajardins.com.br\/av-faria-lima\/#\/schema\/person\/79badd2a12b75d685ad41dac082e5111","name":"Encontra Avenida Faria Lima","image":{"@type":"ImageObject","inLanguage":"pt-BR","@id":"https:\/\/www.encontrajardins.com.br\/av-faria-lima\/wp-content\/litespeed\/avatar\/e92a756db1fc224ef50d2f00ed0d047a.jpg?ver=1787888441","url":"https:\/\/www.encontrajardins.com.br\/av-faria-lima\/wp-content\/litespeed\/avatar\/e92a756db1fc224ef50d2f00ed0d047a.jpg?ver=1787888441","contentUrl":"https:\/\/www.encontrajardins.com.br\/av-faria-lima\/wp-content\/litespeed\/avatar\/e92a756db1fc224ef50d2f00ed0d047a.jpg?ver=1787888441","caption":"Encontra Avenida Faria Lima"},"url":"https:\/\/www.encontrajardins.com.br\/av-faria-lima\/author\/av-faria-lima\/"}]}},"_links":{"self":[{"href":"https:\/\/www.encontrajardins.com.br\/av-faria-lima\/wp-json\/wp\/v2\/posts\/5094","targetHints":{"allow":["GET"]}}],"collection":[{"href":"https:\/\/www.encontrajardins.com.br\/av-faria-lima\/wp-json\/wp\/v2\/posts"}],"about":[{"href":"https:\/\/www.encontrajardins.com.br\/av-faria-lima\/wp-json\/wp\/v2\/types\/post"}],"author":[{"embeddable":true,"href":"https:\/\/www.encontrajardins.com.br\/av-faria-lima\/wp-json\/wp\/v2\/users\/1"}],"replies":[{"embeddable":true,"href":"https:\/\/www.encontrajardins.com.br\/av-faria-lima\/wp-json\/wp\/v2\/comments?post=5094"}],"version-history":[{"count":0,"href":"https:\/\/www.encontrajardins.com.br\/av-faria-lima\/wp-json\/wp\/v2\/posts\/5094\/revisions"}],"wp:featuredmedia":[{"embeddable":true,"href":"https:\/\/www.encontrajardins.com.br\/av-faria-lima\/wp-json\/wp\/v2\/media\/5093"}],"wp:attachment":[{"href":"https:\/\/www.encontrajardins.com.br\/av-faria-lima\/wp-json\/wp\/v2\/media?parent=5094"}],"wp:term":[{"taxonomy":"category","embeddable":true,"href":"https:\/\/www.encontrajardins.com.br\/av-faria-lima\/wp-json\/wp\/v2\/categories?post=5094"},{"taxonomy":"post_tag","embeddable":true,"href":"https:\/\/www.encontrajardins.com.br\/av-faria-lima\/wp-json\/wp\/v2\/tags?post=5094"}],"curies":[{"name":"wp","href":"https:\/\/api.w.org\/{rel}","templated":true}]}}