{"id":5183,"date":"2026-08-23T06:31:58","date_gmt":"2026-08-23T09:31:58","guid":{"rendered":"https:\/\/www.encontrajardins.com.br\/av-faria-lima\/a-tortuosa-linha-do-metro\/"},"modified":"2026-08-23T06:31:58","modified_gmt":"2026-08-23T09:31:58","slug":"a-tortuosa-linha-do-metro","status":"publish","type":"post","link":"https:\/\/www.encontrajardins.com.br\/av-faria-lima\/a-tortuosa-linha-do-metro\/","title":{"rendered":"A tortuosa linha do Metr\u00f4"},"content":{"rendered":"<h2>Impacto da Redu\u00e7\u00e3o de Esta\u00e7\u00f5es<\/h2>\n<p>O Metr\u00f4 de S\u00e3o Paulo, ao optar por construir apenas duas das cinco esta\u00e7\u00f5es inicialmente previstas para a Linha 20-Rosa, na Avenida Brigadeiro Faria Lima, gera preocupa\u00e7\u00f5es significativas. Essa decis\u00e3o resulta em um impacto direto na mobilidade urbana da regi\u00e3o, caracterizada por seu intenso fluxo de pessoas. Com a redu\u00e7\u00e3o das esta\u00e7\u00f5es planejadas, a comunidade local ficar\u00e1 prejudicada, pois perder\u00e1 acesso facilitado ao transporte metrovi\u00e1rio, essencial para o deslocamento di\u00e1rio de trabalhadores e moradores.<\/p>\n<h2>A Economia Falada pelo Metr\u00f4<\/h2>\n<p>Os dados fornecidos pela Companhia do Metropolitano indicam que a decis\u00e3o de reduzir o n\u00famero de esta\u00e7\u00f5es visa uma economia aparente e n\u00e3o substancial. Os custos totais da obra, segundo o Metr\u00f4, diminuir\u00e3o de R$ 26,1 bilh\u00f5es para R$ 24,9 bilh\u00f5es. O n\u00famero estimado de passageiros por dia, que inicialmente seria de 1,291 milh\u00e3o, ser\u00e1 reavaliado para 1,266 milh\u00e3o. Ou seja, a economia por usu\u00e1rio cairia para R$ 19.660, representando uma ligeira diminui\u00e7\u00e3o de 3%. Esse cen\u00e1rio se torna ainda mais question\u00e1vel quando consideramos a efici\u00eancia real desses n\u00fameros frente ao acesso ao transporte na regi\u00e3o.<\/p>\n<h2>Metr\u00f4 e Planejamento Urbano<\/h2>\n<p>A escolha do Metr\u00f4 em manter esta\u00e7\u00f5es em bairros como Vila Madalena e Pinheiros, localidades que j\u00e1 s\u00e3o bem atendidas pelo sistema metrovi\u00e1rio, levanta quest\u00f5es sobre o verdadeiro prop\u00f3sito dessa reorganiza\u00e7\u00e3o de esta\u00e7\u00f5es. Do ponto de vista do planejamento urbano, a decis\u00e3o n\u00e3o parecer\u00e1 adequada, especialmente quando se considera a necessidade de focar em regi\u00f5es com menos infraestrutura de transporte, como a pr\u00f3pria Faria Lima. Ignorar a l\u00f3gica do desenvolvimento das comunidades \u00e9 um erro que poder\u00e1 trazer implica\u00e7\u00f5es a longo prazo na estrutura urbana da cidade.<\/p>\n<p><img decoding=\"async\" src=\"https:\/\/www.encontrajardins.com.br\/av-faria-lima\/wp-content\/uploads\/2026\/08\/a-tortuosa-linha-do-metro.webp\" alt=\"Metr\u00f4 de S\u00e3o Paulo\" loading=\"lazy\" \/><\/p>\n<h2>Rea\u00e7\u00e3o da Popula\u00e7\u00e3o Local<\/h2>\n<p>A comunidade local, atrav\u00e9s de associa\u00e7\u00f5es como a AME Jardins, expressou forte oposi\u00e7\u00e3o \u00e0 decis\u00e3o do Metr\u00f4. A contenda se concentra no impacto negativo que a falta das esta\u00e7\u00f5es Pedroso de Morais, Faria Lima e Rebou\u00e7as ter\u00e1 no dia a dia dos moradores. A luta pela efetiva\u00e7\u00e3o das esta\u00e7\u00f5es perdidas \u00e9 sustentada por um estudo t\u00e9cnico conduzido por especialistas, que argumentam a favor do tra\u00e7ado original, ressaltando a concentra\u00e7\u00e3o de empresas e a necessidade de atender aos usu\u00e1rios de forma mais eficaz.<\/p>\n<h2>Benef\u00edcios para o Setor Imobili\u00e1rio<\/h2>\n<p>\u00c9 ineg\u00e1vel que a escolha de manter mais esta\u00e7\u00f5es em \u00e1reas j\u00e1 privilegiadas pelo metr\u00f4 est\u00e1 atrelada a interesses do mercado imobili\u00e1rio. Im\u00f3veis localizados nas proximidades de esta\u00e7\u00f5es de metr\u00f4 tendem a valorizar, gerando um c\u00edrculo vicioso que parece favorecer a especula\u00e7\u00e3o imobili\u00e1ria em detrimento do bem-estar dos moradores que realmente necessitam de um transporte adequado. A economia mencionada e as decis\u00f5es estrat\u00e9gicas podem parecer ben\u00e9ficas \u00e0 primeira vista, mas, analisadas sob a perspectiva de um planejamento equitativo, revelam-se prejudiciais.<\/p>\n<h2>An\u00e1lise das Esta\u00e7\u00f5es Eliminadas<\/h2>\n<p>A elimina\u00e7\u00e3o das esta\u00e7\u00f5es Faria Lima, Pedroso de Morais e Rebou\u00e7as ser\u00e1 uma perda significativa para o sistema de transporte metropolitano. Analisando a situa\u00e7\u00e3o, a Esta\u00e7\u00e3o Fradique Coutinho ser\u00e1 a \u00fanica op\u00e7\u00e3o para usu\u00e1rios que transitarem da zona oeste, resultando em uma viagem de 2,5 quil\u00f4metros pela Avenida Faria Lima at\u00e9 a Esta\u00e7\u00e3o Tabapu\u00e3. Essa lacuna no plano de mobilidade urbana poder\u00e1 desestimular o uso do metr\u00f4 na regi\u00e3o, obrigando os usu\u00e1rios a buscarem alternativas menos eficientes.<\/p>\n<h2>Alternativas de Transporte Propostas<\/h2>\n<p>Com a implementa\u00e7\u00e3o desta nova configura\u00e7\u00e3o, as alternativas para o transporte urbano na \u00e1rea se tornam vitais. A constru\u00e7\u00e3o de sistemas de transporte alternativos, como \u00f4nibus ou bicicletas, deve ser incentivada, mas essas iniciativas ainda n\u00e3o t\u00eam a mesma efic\u00e1cia que o transporte metropolitano para atender \u00e0 demanda existente. Sobrecarregar outras op\u00e7\u00f5es de deslocamento pode n\u00e3o se mostrar a solu\u00e7\u00e3o, j\u00e1 que a intermodalidade deve ser cuidadosamente planejada.<\/p>\n<h2>O Papel das Associa\u00e7\u00f5es de Moradores<\/h2>\n<p>As associa\u00e7\u00f5es de moradores t\u00eam desempenhado um papel crucial em contestar e reivindicar alternativas para a Linha 20-Rosa. Representantes da AME Jardins, al\u00e9m de futurs estudos de impacto, j\u00e1 acionaram o Minist\u00e9rio P\u00fablico em busca de esclarecimentos sobre as mudan\u00e7as propostas. O di\u00e1logo entre as comunidades e a administra\u00e7\u00e3o do Metr\u00f4 deve ser restabelecido para garantir que os interesses da popula\u00e7\u00e3o sejam atendidos ao longo da execu\u00e7\u00e3o das obras.<\/p>\n<h2>Estudos de Impacto Ambiental<\/h2>\n<p>A realiza\u00e7\u00e3o de estudos de impacto ambiental se torna um passo fundamental no processo de implementa\u00e7\u00e3o da nova linha. As poss\u00edveis altera\u00e7\u00f5es no paisagismo urbano e as consequ\u00eancias para as \u00e1reas tombadas, como o Jardim Europa, devem ser cuidadosamente analisadas para evitar danos irrepar\u00e1veis. A preven\u00e7\u00e3o de conflitos \u00e9 importante e requer que os estudos sejam realizados de forma transparente e acess\u00edvel \u00e0 popula\u00e7\u00e3o, garantindo que as opini\u00f5es da comunidade sejam levadas em considera\u00e7\u00e3o.<\/p>\n<h2>Perspectivas Futuras para o Metr\u00f4<\/h2>\n<p>A longo prazo, a efic\u00e1cia do Metr\u00f4 de S\u00e3o Paulo depende da capacidade de adaptar-se \u00e0s necessidades da popula\u00e7\u00e3o. Com uma linha que se prop\u00f5e a ligar a zona oeste ao ABC paulista, \u00e9 essencial que o planejamento n\u00e3o opere de maneira restritiva e sim ao contr\u00e1rio, buscando ampliar a inclus\u00e3o social e facilitar o transporte para o maior n\u00famero poss\u00edvel de usu\u00e1rios. A oportunidade de criar um sistema de transporte que fomente a equidade na cidade deve ser priorizada, evitando armadilhas de lucro imediato para poucos em detrimento de muitos.<\/p>\n","protected":false},"excerpt":{"rendered":"<p>Metr\u00f4 de S\u00e3o Paulo reduz esta\u00e7\u00f5es na Faria Lima, uma decis\u00e3o pol\u00eamica.<\/p>\n","protected":false},"author":1,"featured_media":5182,"comment_status":"open","ping_status":"open","sticky":false,"template":"","format":"standard","meta":{"footnotes":""},"categories":[904],"tags":[],"class_list":["post-5183","post","type-post","status-publish","format-standard","has-post-thumbnail","hentry","category-transito","has_thumb"],"yoast_head":"<!-- This site is optimized with the Yoast SEO plugin v28.1 - https:\/\/yoast.com\/product\/yoast-seo-wordpress\/ -->\n<title>A tortuosa linha do Metr\u00f4 | Guia Comercial Avenida Faria Lima<\/title>\n<meta name=\"robots\" content=\"index, follow, max-snippet:-1, max-image-preview:large, max-video-preview:-1\" \/>\n<link rel=\"canonical\" href=\"https:\/\/www.encontrajardins.com.br\/av-faria-lima\/a-tortuosa-linha-do-metro\/\" \/>\n<meta property=\"og:locale\" content=\"pt_BR\" \/>\n<meta property=\"og:type\" content=\"article\" \/>\n<meta property=\"og:title\" content=\"A tortuosa linha do Metr\u00f4 | Guia Comercial Avenida Faria Lima\" \/>\n<meta property=\"og:description\" content=\"Metr\u00f4 de S\u00e3o Paulo reduz esta\u00e7\u00f5es na Faria Lima, uma decis\u00e3o pol\u00eamica.\" \/>\n<meta property=\"og:url\" content=\"https:\/\/www.encontrajardins.com.br\/av-faria-lima\/a-tortuosa-linha-do-metro\/\" \/>\n<meta property=\"og:site_name\" content=\"Guia Comercial Avenida Faria Lima\" \/>\n<meta property=\"article:published_time\" content=\"2026-08-23T09:31:58+00:00\" \/>\n<meta property=\"og:image\" content=\"https:\/\/www.encontrajardins.com.br\/av-faria-lima\/wp-content\/uploads\/2026\/08\/a-tortuosa-linha-do-metro.webp\" \/>\n<meta name=\"author\" content=\"Encontra Avenida Faria Lima\" \/>\n<meta name=\"twitter:card\" content=\"summary_large_image\" \/>\n<meta name=\"twitter:label1\" content=\"Escrito por\" \/>\n\t<meta name=\"twitter:data1\" content=\"Encontra Avenida Faria Lima\" \/>\n\t<meta name=\"twitter:label2\" content=\"Est. tempo de leitura\" \/>\n\t<meta name=\"twitter:data2\" content=\"5 minutos\" \/>\n<script type=\"application\/ld+json\" class=\"yoast-schema-graph\">{\"@context\":\"https:\\\/\\\/schema.org\",\"@graph\":[{\"@type\":\"Article\",\"@id\":\"https:\\\/\\\/www.encontrajardins.com.br\\\/av-faria-lima\\\/a-tortuosa-linha-do-metro\\\/#article\",\"isPartOf\":{\"@id\":\"https:\\\/\\\/www.encontrajardins.com.br\\\/av-faria-lima\\\/a-tortuosa-linha-do-metro\\\/\"},\"author\":{\"name\":\"Encontra Avenida Faria Lima\",\"@id\":\"https:\\\/\\\/www.encontrajardins.com.br\\\/av-faria-lima\\\/#\\\/schema\\\/person\\\/79badd2a12b75d685ad41dac082e5111\"},\"headline\":\"A tortuosa linha do Metr\u00f4\",\"datePublished\":\"2026-08-23T09:31:58+00:00\",\"mainEntityOfPage\":{\"@id\":\"https:\\\/\\\/www.encontrajardins.com.br\\\/av-faria-lima\\\/a-tortuosa-linha-do-metro\\\/\"},\"wordCount\":955,\"commentCount\":0,\"image\":{\"@id\":\"https:\\\/\\\/www.encontrajardins.com.br\\\/av-faria-lima\\\/a-tortuosa-linha-do-metro\\\/#primaryimage\"},\"thumbnailUrl\":\"https:\\\/\\\/www.encontrajardins.com.br\\\/av-faria-lima\\\/wp-content\\\/uploads\\\/2026\\\/08\\\/a-tortuosa-linha-do-metro.webp\",\"articleSection\":[\"Tr\u00e2nsito Avenida Faria Lima\"],\"inLanguage\":\"pt-BR\",\"potentialAction\":[{\"@type\":\"CommentAction\",\"name\":\"Comment\",\"target\":[\"https:\\\/\\\/www.encontrajardins.com.br\\\/av-faria-lima\\\/a-tortuosa-linha-do-metro\\\/#respond\"]}]},{\"@type\":\"WebPage\",\"@id\":\"https:\\\/\\\/www.encontrajardins.com.br\\\/av-faria-lima\\\/a-tortuosa-linha-do-metro\\\/\",\"url\":\"https:\\\/\\\/www.encontrajardins.com.br\\\/av-faria-lima\\\/a-tortuosa-linha-do-metro\\\/\",\"name\":\"A tortuosa linha do Metr\u00f4 | Guia Comercial Avenida Faria Lima\",\"isPartOf\":{\"@id\":\"https:\\\/\\\/www.encontrajardins.com.br\\\/av-faria-lima\\\/#website\"},\"primaryImageOfPage\":{\"@id\":\"https:\\\/\\\/www.encontrajardins.com.br\\\/av-faria-lima\\\/a-tortuosa-linha-do-metro\\\/#primaryimage\"},\"image\":{\"@id\":\"https:\\\/\\\/www.encontrajardins.com.br\\\/av-faria-lima\\\/a-tortuosa-linha-do-metro\\\/#primaryimage\"},\"thumbnailUrl\":\"https:\\\/\\\/www.encontrajardins.com.br\\\/av-faria-lima\\\/wp-content\\\/uploads\\\/2026\\\/08\\\/a-tortuosa-linha-do-metro.webp\",\"datePublished\":\"2026-08-23T09:31:58+00:00\",\"author\":{\"@id\":\"https:\\\/\\\/www.encontrajardins.com.br\\\/av-faria-lima\\\/#\\\/schema\\\/person\\\/79badd2a12b75d685ad41dac082e5111\"},\"inLanguage\":\"pt-BR\",\"potentialAction\":[{\"@type\":\"ReadAction\",\"target\":[\"https:\\\/\\\/www.encontrajardins.com.br\\\/av-faria-lima\\\/a-tortuosa-linha-do-metro\\\/\"]}]},{\"@type\":\"ImageObject\",\"inLanguage\":\"pt-BR\",\"@id\":\"https:\\\/\\\/www.encontrajardins.com.br\\\/av-faria-lima\\\/a-tortuosa-linha-do-metro\\\/#primaryimage\",\"url\":\"https:\\\/\\\/www.encontrajardins.com.br\\\/av-faria-lima\\\/wp-content\\\/uploads\\\/2026\\\/08\\\/a-tortuosa-linha-do-metro.webp\",\"contentUrl\":\"https:\\\/\\\/www.encontrajardins.com.br\\\/av-faria-lima\\\/wp-content\\\/uploads\\\/2026\\\/08\\\/a-tortuosa-linha-do-metro.webp\",\"width\":280,\"height\":280,\"caption\":\"Metr\u00f4 de S\u00e3o Paulo\"},{\"@type\":\"WebSite\",\"@id\":\"https:\\\/\\\/www.encontrajardins.com.br\\\/av-faria-lima\\\/#website\",\"url\":\"https:\\\/\\\/www.encontrajardins.com.br\\\/av-faria-lima\\\/\",\"name\":\"Guia Comercial Avenida Faria Lima\",\"description\":\"ENCONTRA AVENIDA FARIA LIMA - O guia comercial de neg\u00f3cios e empresas, cultura e divers\u00e3o na Avenida Faria Lima. Feito 100% para voc\u00ea morador!\",\"potentialAction\":[{\"@type\":\"SearchAction\",\"target\":{\"@type\":\"EntryPoint\",\"urlTemplate\":\"https:\\\/\\\/www.encontrajardins.com.br\\\/av-faria-lima\\\/?s={search_term_string}\"},\"query-input\":{\"@type\":\"PropertyValueSpecification\",\"valueRequired\":true,\"valueName\":\"search_term_string\"}}],\"inLanguage\":\"pt-BR\"},{\"@type\":\"Person\",\"@id\":\"https:\\\/\\\/www.encontrajardins.com.br\\\/av-faria-lima\\\/#\\\/schema\\\/person\\\/79badd2a12b75d685ad41dac082e5111\",\"name\":\"Encontra Avenida Faria Lima\",\"image\":{\"@type\":\"ImageObject\",\"inLanguage\":\"pt-BR\",\"@id\":\"https:\\\/\\\/www.encontrajardins.com.br\\\/av-faria-lima\\\/wp-content\\\/litespeed\\\/avatar\\\/e92a756db1fc224ef50d2f00ed0d047a.jpg?ver=1787888441\",\"url\":\"https:\\\/\\\/www.encontrajardins.com.br\\\/av-faria-lima\\\/wp-content\\\/litespeed\\\/avatar\\\/e92a756db1fc224ef50d2f00ed0d047a.jpg?ver=1787888441\",\"contentUrl\":\"https:\\\/\\\/www.encontrajardins.com.br\\\/av-faria-lima\\\/wp-content\\\/litespeed\\\/avatar\\\/e92a756db1fc224ef50d2f00ed0d047a.jpg?ver=1787888441\",\"caption\":\"Encontra Avenida Faria Lima\"},\"url\":\"https:\\\/\\\/www.encontrajardins.com.br\\\/av-faria-lima\\\/author\\\/av-faria-lima\\\/\"}]}<\/script>\n<!-- \/ Yoast SEO plugin. -->","yoast_head_json":{"title":"A tortuosa linha do Metr\u00f4 | Guia Comercial Avenida Faria Lima","robots":{"index":"index","follow":"follow","max-snippet":"max-snippet:-1","max-image-preview":"max-image-preview:large","max-video-preview":"max-video-preview:-1"},"canonical":"https:\/\/www.encontrajardins.com.br\/av-faria-lima\/a-tortuosa-linha-do-metro\/","og_locale":"pt_BR","og_type":"article","og_title":"A tortuosa linha do Metr\u00f4 | Guia Comercial Avenida Faria Lima","og_description":"Metr\u00f4 de S\u00e3o Paulo reduz esta\u00e7\u00f5es na Faria Lima, uma decis\u00e3o pol\u00eamica.","og_url":"https:\/\/www.encontrajardins.com.br\/av-faria-lima\/a-tortuosa-linha-do-metro\/","og_site_name":"Guia Comercial Avenida Faria Lima","article_published_time":"2026-08-23T09:31:58+00:00","og_image":[{"url":"https:\/\/www.encontrajardins.com.br\/av-faria-lima\/wp-content\/uploads\/2026\/08\/a-tortuosa-linha-do-metro.webp","type":"","width":"","height":""}],"author":"Encontra Avenida Faria Lima","twitter_card":"summary_large_image","twitter_misc":{"Escrito por":"Encontra Avenida Faria Lima","Est. tempo de leitura":"5 minutos"},"schema":{"@context":"https:\/\/schema.org","@graph":[{"@type":"Article","@id":"https:\/\/www.encontrajardins.com.br\/av-faria-lima\/a-tortuosa-linha-do-metro\/#article","isPartOf":{"@id":"https:\/\/www.encontrajardins.com.br\/av-faria-lima\/a-tortuosa-linha-do-metro\/"},"author":{"name":"Encontra Avenida Faria Lima","@id":"https:\/\/www.encontrajardins.com.br\/av-faria-lima\/#\/schema\/person\/79badd2a12b75d685ad41dac082e5111"},"headline":"A tortuosa linha do Metr\u00f4","datePublished":"2026-08-23T09:31:58+00:00","mainEntityOfPage":{"@id":"https:\/\/www.encontrajardins.com.br\/av-faria-lima\/a-tortuosa-linha-do-metro\/"},"wordCount":955,"commentCount":0,"image":{"@id":"https:\/\/www.encontrajardins.com.br\/av-faria-lima\/a-tortuosa-linha-do-metro\/#primaryimage"},"thumbnailUrl":"https:\/\/www.encontrajardins.com.br\/av-faria-lima\/wp-content\/uploads\/2026\/08\/a-tortuosa-linha-do-metro.webp","articleSection":["Tr\u00e2nsito Avenida Faria Lima"],"inLanguage":"pt-BR","potentialAction":[{"@type":"CommentAction","name":"Comment","target":["https:\/\/www.encontrajardins.com.br\/av-faria-lima\/a-tortuosa-linha-do-metro\/#respond"]}]},{"@type":"WebPage","@id":"https:\/\/www.encontrajardins.com.br\/av-faria-lima\/a-tortuosa-linha-do-metro\/","url":"https:\/\/www.encontrajardins.com.br\/av-faria-lima\/a-tortuosa-linha-do-metro\/","name":"A tortuosa linha do Metr\u00f4 | Guia Comercial Avenida Faria Lima","isPartOf":{"@id":"https:\/\/www.encontrajardins.com.br\/av-faria-lima\/#website"},"primaryImageOfPage":{"@id":"https:\/\/www.encontrajardins.com.br\/av-faria-lima\/a-tortuosa-linha-do-metro\/#primaryimage"},"image":{"@id":"https:\/\/www.encontrajardins.com.br\/av-faria-lima\/a-tortuosa-linha-do-metro\/#primaryimage"},"thumbnailUrl":"https:\/\/www.encontrajardins.com.br\/av-faria-lima\/wp-content\/uploads\/2026\/08\/a-tortuosa-linha-do-metro.webp","datePublished":"2026-08-23T09:31:58+00:00","author":{"@id":"https:\/\/www.encontrajardins.com.br\/av-faria-lima\/#\/schema\/person\/79badd2a12b75d685ad41dac082e5111"},"inLanguage":"pt-BR","potentialAction":[{"@type":"ReadAction","target":["https:\/\/www.encontrajardins.com.br\/av-faria-lima\/a-tortuosa-linha-do-metro\/"]}]},{"@type":"ImageObject","inLanguage":"pt-BR","@id":"https:\/\/www.encontrajardins.com.br\/av-faria-lima\/a-tortuosa-linha-do-metro\/#primaryimage","url":"https:\/\/www.encontrajardins.com.br\/av-faria-lima\/wp-content\/uploads\/2026\/08\/a-tortuosa-linha-do-metro.webp","contentUrl":"https:\/\/www.encontrajardins.com.br\/av-faria-lima\/wp-content\/uploads\/2026\/08\/a-tortuosa-linha-do-metro.webp","width":280,"height":280,"caption":"Metr\u00f4 de S\u00e3o Paulo"},{"@type":"WebSite","@id":"https:\/\/www.encontrajardins.com.br\/av-faria-lima\/#website","url":"https:\/\/www.encontrajardins.com.br\/av-faria-lima\/","name":"Guia Comercial Avenida Faria Lima","description":"ENCONTRA AVENIDA FARIA LIMA - O guia comercial de neg\u00f3cios e empresas, cultura e divers\u00e3o na Avenida Faria Lima. Feito 100% para voc\u00ea morador!","potentialAction":[{"@type":"SearchAction","target":{"@type":"EntryPoint","urlTemplate":"https:\/\/www.encontrajardins.com.br\/av-faria-lima\/?s={search_term_string}"},"query-input":{"@type":"PropertyValueSpecification","valueRequired":true,"valueName":"search_term_string"}}],"inLanguage":"pt-BR"},{"@type":"Person","@id":"https:\/\/www.encontrajardins.com.br\/av-faria-lima\/#\/schema\/person\/79badd2a12b75d685ad41dac082e5111","name":"Encontra Avenida Faria Lima","image":{"@type":"ImageObject","inLanguage":"pt-BR","@id":"https:\/\/www.encontrajardins.com.br\/av-faria-lima\/wp-content\/litespeed\/avatar\/e92a756db1fc224ef50d2f00ed0d047a.jpg?ver=1787888441","url":"https:\/\/www.encontrajardins.com.br\/av-faria-lima\/wp-content\/litespeed\/avatar\/e92a756db1fc224ef50d2f00ed0d047a.jpg?ver=1787888441","contentUrl":"https:\/\/www.encontrajardins.com.br\/av-faria-lima\/wp-content\/litespeed\/avatar\/e92a756db1fc224ef50d2f00ed0d047a.jpg?ver=1787888441","caption":"Encontra Avenida Faria Lima"},"url":"https:\/\/www.encontrajardins.com.br\/av-faria-lima\/author\/av-faria-lima\/"}]}},"_links":{"self":[{"href":"https:\/\/www.encontrajardins.com.br\/av-faria-lima\/wp-json\/wp\/v2\/posts\/5183","targetHints":{"allow":["GET"]}}],"collection":[{"href":"https:\/\/www.encontrajardins.com.br\/av-faria-lima\/wp-json\/wp\/v2\/posts"}],"about":[{"href":"https:\/\/www.encontrajardins.com.br\/av-faria-lima\/wp-json\/wp\/v2\/types\/post"}],"author":[{"embeddable":true,"href":"https:\/\/www.encontrajardins.com.br\/av-faria-lima\/wp-json\/wp\/v2\/users\/1"}],"replies":[{"embeddable":true,"href":"https:\/\/www.encontrajardins.com.br\/av-faria-lima\/wp-json\/wp\/v2\/comments?post=5183"}],"version-history":[{"count":0,"href":"https:\/\/www.encontrajardins.com.br\/av-faria-lima\/wp-json\/wp\/v2\/posts\/5183\/revisions"}],"wp:featuredmedia":[{"embeddable":true,"href":"https:\/\/www.encontrajardins.com.br\/av-faria-lima\/wp-json\/wp\/v2\/media\/5182"}],"wp:attachment":[{"href":"https:\/\/www.encontrajardins.com.br\/av-faria-lima\/wp-json\/wp\/v2\/media?parent=5183"}],"wp:term":[{"taxonomy":"category","embeddable":true,"href":"https:\/\/www.encontrajardins.com.br\/av-faria-lima\/wp-json\/wp\/v2\/categories?post=5183"},{"taxonomy":"post_tag","embeddable":true,"href":"https:\/\/www.encontrajardins.com.br\/av-faria-lima\/wp-json\/wp\/v2\/tags?post=5183"}],"curies":[{"name":"wp","href":"https:\/\/api.w.org\/{rel}","templated":true}]}}