{"id":5193,"date":"2026-08-24T06:34:02","date_gmt":"2026-08-24T09:34:02","guid":{"rendered":"https:\/\/www.encontrajardins.com.br\/av-faria-lima\/sabado-no-300-sky-bar-dorsa-conduz-a-trilha-sonora-de-uma-noite-acima-de-sao-paulo\/"},"modified":"2026-08-24T06:34:02","modified_gmt":"2026-08-24T09:34:02","slug":"sabado-no-300-sky-bar-dorsa-conduz-a-trilha-sonora-de-uma-noite-acima-de-sao-paulo","status":"publish","type":"post","link":"https:\/\/www.encontrajardins.com.br\/av-faria-lima\/sabado-no-300-sky-bar-dorsa-conduz-a-trilha-sonora-de-uma-noite-acima-de-sao-paulo\/","title":{"rendered":"S\u00e1bado no 300 Sky Bar: Dorsa conduz a trilha sonora de uma noite acima de S\u00e3o Paulo"},"content":{"rendered":"<h2>A Atmosfera do 300 Sky Bar<\/h2>\n<p>Quando o s\u00e1bado se instala em S\u00e3o Paulo, a cidade ganha nova vida. O ritmo fren\u00e9tico dos dias de semana cede espa\u00e7o a um ambiente mais descontra\u00eddo, onde as pessoas buscam momentos agrad\u00e1veis para relaxar e se divertir. O <strong>300 Sky Bar<\/strong>, localizado em um dos andares mais altos da Avenida Brigadeiro Faria Lima, oferece o cen\u00e1rio perfeito para essa experi\u00eancia. Elevado a alturas que permitem uma vista deslumbrante da cidade, o espa\u00e7o combina sofistica\u00e7\u00e3o com um toque de casualidade.<\/p>\n<h2>O Que Esperar da Noite com Dorsa<\/h2>\n<p>No dia 22 de agosto, o <strong>DJ Dorsa<\/strong> assume o comando da trilha sonora, prometendo uma noite repleta de m\u00fasica envolvente. A programa\u00e7\u00e3o musical, que come\u00e7a \u00e0s 19h, \u00e9 pensada para complementar a experi\u00eancia sensorial oferecida pelo espa\u00e7o. Com ritmos que v\u00e3o da m\u00fasica eletr\u00f4nica a outros g\u00eaneros que agradam a diferentes p\u00fablicos, Dorsa garante que a energia da noite se mantenha elevada e contagiante.<\/p>\n<h2>Gastronomia e Coquetelaria no 300<\/h2>\n<p>A experi\u00eancia gastron\u00f4mica no 300 Sky Bar \u00e9 t\u00e3o impressionante quanto sua vista. O card\u00e1pio \u00e9 uma combina\u00e7\u00e3o de alta gastronomia com coquet\u00e9is criativos, preparados por bartenders habilidosos. Os visitantes t\u00eam a oportunidade de degustar pratos sofisticados, enquanto saboreiam drinks exclusivos que elevam o sabor da noite. A rela\u00e7\u00e3o entre comida e m\u00fasica cria um ambiente harmonioso, permitindo que os convidados desfrutem de um jantar enquanto a programa\u00e7\u00e3o musical transforma a atmosfera.<\/p>\n<p><img decoding=\"async\" src=\"https:\/\/www.encontrajardins.com.br\/av-faria-lima\/wp-content\/uploads\/2026\/08\/sabado-no-300-sky-bar-dorsa-conduz-a-trilha-sonora-de-uma-noite-acima-de-sao-paulo.webp\" alt=\"s\u00e1bados no 300 Sky Bar\" loading=\"lazy\" \/><\/p>\n<h2>Como a M\u00fasica Enriquece a Experi\u00eancia<\/h2>\n<p>A m\u00fasica no 300 n\u00e3o \u00e9 apenas um fundo sonoro; ela \u00e9 parte integrante da experi\u00eancia. Ao longo da noite, as sele\u00e7\u00f5es de Dorsa interagem com a energia do ambiente, marcando mudan\u00e7as sutis que mant\u00eam a din\u00e2mica interessante. Desde o in\u00edcio da noite, quando as conversas predominam, at\u00e9 o momento em que a pista de dan\u00e7a se torna o ponto focal, a trilha sonora ajuda a guiar os sentimentos e as intera\u00e7\u00f5es dos clientes.<\/p>\n<h2>Vista Panor\u00e2mica: O Charme do Alto<\/h2>\n<p>A vista oferecida pelo <strong>300 Sky Bar<\/strong> \u00e9 um espet\u00e1culo \u00e0 parte. \u00c0 medida que a noite avan\u00e7a, as luzes da cidade se acendem, transformando o horizonte de S\u00e3o Paulo em uma paisagem de contornos brilhantes. Essa panor\u00e2mica do alto se complementa perfeitamente com a atmosfera animada da casa, criando um espa\u00e7o ideal para encontros, celebra\u00e7\u00f5es ou at\u00e9 mesmo uma noite refrescante ap\u00f3s uma semana agitada.<\/p>\n<h2>Programa\u00e7\u00e3o Musical de S\u00e1bado<\/h2>\n<p>A sele\u00e7\u00e3o musical \u00e9 cuidadosamente planejada para refletir a vibra\u00e7\u00e3o do espa\u00e7o. Dorsa, com seu talento, traz uma variedade de sons que satisfazem as expectativas de uma diversidade de frequentadores. A programa\u00e7\u00e3o musical n\u00e3o s\u00f3 acompanha as transforma\u00e7\u00f5es do ambiente como tamb\u00e9m incentiva as pessoas a dan\u00e7ar e aproveitar plenamente a noite.<\/p>\n<h2>Dicas para Aproveitar a Noite ao M\u00e1ximo<\/h2>\n<p>Para aqueles que desejam tirar o melhor proveito do seu tempo no <strong>300 Sky Bar<\/strong>, algumas dicas s\u00e3o essenciais:<\/p>\n<ul>\n<li><strong>Chegada Cedo:<\/strong> Chegar cedo pode ajudar a garantir um bom lugar para aproveitar a vista inicial e os primeiros sons de Dorsa.<\/li>\n<li><strong>Degusta\u00e7\u00e3o de Drinks:<\/strong> N\u00e3o deixe de experimentar os coquet\u00e9is especiais, que s\u00e3o uma atra\u00e7\u00e3o \u00e0 parte.<\/li>\n<li><strong>Socializa\u00e7\u00e3o:<\/strong> O bar \u00e9 um \u00f3timo lugar para conhecer novas pessoas. Participar de conversas pode enriquecer sua experi\u00eancia.<\/li>\n<li><strong>Reserve Com Anteced\u00eancia:<\/strong> Para garantir um lugar, especialmente em noites populares, fa\u00e7a sua reserva com anteced\u00eancia.<\/li>\n<\/ul>\n<h2>Reservas e Funcionamento do Espa\u00e7o<\/h2>\n<p>O <strong>300 Sky Bar<\/strong> est\u00e1 aberto de quarta a domingo, cada dia oferecendo uma experi\u00eancia \u00fanica. As reservas podem ser feitas pelo telefone: <strong>(11) 91872-0497<\/strong>. O hor\u00e1rio de funcionamento \u00e9:<\/p>\n<ul>\n<li>Quarta e quinta-feira: das 19h \u00e0 1h;<\/li>\n<li>Sexas e s\u00e1bados: das 19h \u00e0s 2h;<\/li>\n<li>Domingos: das 19h \u00e0s 3h.<\/li>\n<\/ul>\n<h2>O Que Fazer Antes e Depois do Evento<\/h2>\n<p>Antes de subir ao <strong>300 Sky Bar<\/strong>, voc\u00ea pode explorar as redondezas da Avenida Brigadeiro Faria Lima. H\u00e1 diversas op\u00e7\u00f5es de lojas e caf\u00e9s na \u00e1rea que podem ser apreciados. Ap\u00f3s o evento, se voc\u00ea ainda tiver energia, considere desfrutar de um passeio noturno pela Avenida. O clima noturno da cidade oferece uma atmosfera \u00fanica, ideal para reflex\u00e3o ou boa conversa.<\/p>\n<h2>Experi\u00eancias \u00danicas em Cada Visita<\/h2>\n<p>A cada visita ao <strong>300 Sky Bar<\/strong>, voc\u00ea descobre algo novo, seja uma nova sele\u00e7\u00e3o de pratos no card\u00e1pio ou uma leitura musical diferente. As noites com Dorsa t\u00eam um encanto especial, criando mem\u00f3rias que permanecem. A intera\u00e7\u00e3o entre a experi\u00eancia gastron\u00f4mica, a m\u00fasica de qualidade e a vista espetacular garante que cada visita ao bar seja realmente \u00fanica. A fus\u00e3o desses elementos transforma um simples s\u00e1bado em uma celebra\u00e7\u00e3o inesquec\u00edvel da vida e da cultura paulistana.<\/p>\n","protected":false},"excerpt":{"rendered":"<p>S\u00e1bado no 300 Sky Bar tem Dorsa comandando a trilha sonora da noite.<\/p>\n","protected":false},"author":1,"featured_media":5192,"comment_status":"open","ping_status":"open","sticky":false,"template":"","format":"standard","meta":{"footnotes":""},"categories":[902],"tags":[],"class_list":["post-5193","post","type-post","status-publish","format-standard","has-post-thumbnail","hentry","category-shows","has_thumb"],"yoast_head":"<!-- This site is optimized with the Yoast SEO plugin v28.1 - https:\/\/yoast.com\/product\/yoast-seo-wordpress\/ -->\n<title>S\u00e1bado no 300 Sky Bar: Dorsa conduz a trilha sonora de uma noite acima de S\u00e3o Paulo | Guia Comercial Avenida Faria Lima<\/title>\n<meta name=\"robots\" content=\"index, follow, max-snippet:-1, max-image-preview:large, max-video-preview:-1\" \/>\n<link rel=\"canonical\" href=\"https:\/\/www.encontrajardins.com.br\/av-faria-lima\/sabado-no-300-sky-bar-dorsa-conduz-a-trilha-sonora-de-uma-noite-acima-de-sao-paulo\/\" \/>\n<meta property=\"og:locale\" content=\"pt_BR\" \/>\n<meta property=\"og:type\" content=\"article\" \/>\n<meta property=\"og:title\" content=\"S\u00e1bado no 300 Sky Bar: Dorsa conduz a trilha sonora de uma noite acima de S\u00e3o Paulo | Guia Comercial Avenida Faria Lima\" \/>\n<meta property=\"og:description\" content=\"S\u00e1bado no 300 Sky Bar tem Dorsa comandando a trilha sonora da noite.\" \/>\n<meta property=\"og:url\" content=\"https:\/\/www.encontrajardins.com.br\/av-faria-lima\/sabado-no-300-sky-bar-dorsa-conduz-a-trilha-sonora-de-uma-noite-acima-de-sao-paulo\/\" \/>\n<meta property=\"og:site_name\" content=\"Guia Comercial Avenida Faria Lima\" \/>\n<meta property=\"article:published_time\" content=\"2026-08-24T09:34:02+00:00\" \/>\n<meta property=\"og:image\" content=\"https:\/\/www.encontrajardins.com.br\/av-faria-lima\/wp-content\/uploads\/2026\/08\/sabado-no-300-sky-bar-dorsa-conduz-a-trilha-sonora-de-uma-noite-acima-de-sao-paulo.webp\" \/>\n<meta name=\"author\" content=\"Encontra Avenida Faria Lima\" \/>\n<meta name=\"twitter:card\" content=\"summary_large_image\" \/>\n<meta name=\"twitter:label1\" content=\"Escrito por\" \/>\n\t<meta name=\"twitter:data1\" content=\"Encontra Avenida Faria Lima\" \/>\n\t<meta name=\"twitter:label2\" content=\"Est. tempo de leitura\" \/>\n\t<meta name=\"twitter:data2\" content=\"4 minutos\" \/>\n<script type=\"application\/ld+json\" class=\"yoast-schema-graph\">{\"@context\":\"https:\\\/\\\/schema.org\",\"@graph\":[{\"@type\":\"Article\",\"@id\":\"https:\\\/\\\/www.encontrajardins.com.br\\\/av-faria-lima\\\/sabado-no-300-sky-bar-dorsa-conduz-a-trilha-sonora-de-uma-noite-acima-de-sao-paulo\\\/#article\",\"isPartOf\":{\"@id\":\"https:\\\/\\\/www.encontrajardins.com.br\\\/av-faria-lima\\\/sabado-no-300-sky-bar-dorsa-conduz-a-trilha-sonora-de-uma-noite-acima-de-sao-paulo\\\/\"},\"author\":{\"name\":\"Encontra Avenida Faria Lima\",\"@id\":\"https:\\\/\\\/www.encontrajardins.com.br\\\/av-faria-lima\\\/#\\\/schema\\\/person\\\/79badd2a12b75d685ad41dac082e5111\"},\"headline\":\"S\u00e1bado no 300 Sky Bar: Dorsa conduz a trilha sonora de uma noite acima de S\u00e3o Paulo\",\"datePublished\":\"2026-08-24T09:34:02+00:00\",\"mainEntityOfPage\":{\"@id\":\"https:\\\/\\\/www.encontrajardins.com.br\\\/av-faria-lima\\\/sabado-no-300-sky-bar-dorsa-conduz-a-trilha-sonora-de-uma-noite-acima-de-sao-paulo\\\/\"},\"wordCount\":832,\"commentCount\":0,\"image\":{\"@id\":\"https:\\\/\\\/www.encontrajardins.com.br\\\/av-faria-lima\\\/sabado-no-300-sky-bar-dorsa-conduz-a-trilha-sonora-de-uma-noite-acima-de-sao-paulo\\\/#primaryimage\"},\"thumbnailUrl\":\"https:\\\/\\\/www.encontrajardins.com.br\\\/av-faria-lima\\\/wp-content\\\/uploads\\\/2026\\\/08\\\/sabado-no-300-sky-bar-dorsa-conduz-a-trilha-sonora-de-uma-noite-acima-de-sao-paulo.webp\",\"articleSection\":[\"Shows Avenida Faria Lima\"],\"inLanguage\":\"pt-BR\",\"potentialAction\":[{\"@type\":\"CommentAction\",\"name\":\"Comment\",\"target\":[\"https:\\\/\\\/www.encontrajardins.com.br\\\/av-faria-lima\\\/sabado-no-300-sky-bar-dorsa-conduz-a-trilha-sonora-de-uma-noite-acima-de-sao-paulo\\\/#respond\"]}]},{\"@type\":\"WebPage\",\"@id\":\"https:\\\/\\\/www.encontrajardins.com.br\\\/av-faria-lima\\\/sabado-no-300-sky-bar-dorsa-conduz-a-trilha-sonora-de-uma-noite-acima-de-sao-paulo\\\/\",\"url\":\"https:\\\/\\\/www.encontrajardins.com.br\\\/av-faria-lima\\\/sabado-no-300-sky-bar-dorsa-conduz-a-trilha-sonora-de-uma-noite-acima-de-sao-paulo\\\/\",\"name\":\"S\u00e1bado no 300 Sky Bar: Dorsa conduz a trilha sonora de uma noite acima de S\u00e3o Paulo | Guia Comercial Avenida Faria Lima\",\"isPartOf\":{\"@id\":\"https:\\\/\\\/www.encontrajardins.com.br\\\/av-faria-lima\\\/#website\"},\"primaryImageOfPage\":{\"@id\":\"https:\\\/\\\/www.encontrajardins.com.br\\\/av-faria-lima\\\/sabado-no-300-sky-bar-dorsa-conduz-a-trilha-sonora-de-uma-noite-acima-de-sao-paulo\\\/#primaryimage\"},\"image\":{\"@id\":\"https:\\\/\\\/www.encontrajardins.com.br\\\/av-faria-lima\\\/sabado-no-300-sky-bar-dorsa-conduz-a-trilha-sonora-de-uma-noite-acima-de-sao-paulo\\\/#primaryimage\"},\"thumbnailUrl\":\"https:\\\/\\\/www.encontrajardins.com.br\\\/av-faria-lima\\\/wp-content\\\/uploads\\\/2026\\\/08\\\/sabado-no-300-sky-bar-dorsa-conduz-a-trilha-sonora-de-uma-noite-acima-de-sao-paulo.webp\",\"datePublished\":\"2026-08-24T09:34:02+00:00\",\"author\":{\"@id\":\"https:\\\/\\\/www.encontrajardins.com.br\\\/av-faria-lima\\\/#\\\/schema\\\/person\\\/79badd2a12b75d685ad41dac082e5111\"},\"inLanguage\":\"pt-BR\",\"potentialAction\":[{\"@type\":\"ReadAction\",\"target\":[\"https:\\\/\\\/www.encontrajardins.com.br\\\/av-faria-lima\\\/sabado-no-300-sky-bar-dorsa-conduz-a-trilha-sonora-de-uma-noite-acima-de-sao-paulo\\\/\"]}]},{\"@type\":\"ImageObject\",\"inLanguage\":\"pt-BR\",\"@id\":\"https:\\\/\\\/www.encontrajardins.com.br\\\/av-faria-lima\\\/sabado-no-300-sky-bar-dorsa-conduz-a-trilha-sonora-de-uma-noite-acima-de-sao-paulo\\\/#primaryimage\",\"url\":\"https:\\\/\\\/www.encontrajardins.com.br\\\/av-faria-lima\\\/wp-content\\\/uploads\\\/2026\\\/08\\\/sabado-no-300-sky-bar-dorsa-conduz-a-trilha-sonora-de-uma-noite-acima-de-sao-paulo.webp\",\"contentUrl\":\"https:\\\/\\\/www.encontrajardins.com.br\\\/av-faria-lima\\\/wp-content\\\/uploads\\\/2026\\\/08\\\/sabado-no-300-sky-bar-dorsa-conduz-a-trilha-sonora-de-uma-noite-acima-de-sao-paulo.webp\",\"width\":280,\"height\":280,\"caption\":\"s\u00e1bados no 300 Sky Bar\"},{\"@type\":\"WebSite\",\"@id\":\"https:\\\/\\\/www.encontrajardins.com.br\\\/av-faria-lima\\\/#website\",\"url\":\"https:\\\/\\\/www.encontrajardins.com.br\\\/av-faria-lima\\\/\",\"name\":\"Guia Comercial Avenida Faria Lima\",\"description\":\"ENCONTRA AVENIDA FARIA LIMA - O guia comercial de neg\u00f3cios e empresas, cultura e divers\u00e3o na Avenida Faria Lima. Feito 100% para voc\u00ea morador!\",\"potentialAction\":[{\"@type\":\"SearchAction\",\"target\":{\"@type\":\"EntryPoint\",\"urlTemplate\":\"https:\\\/\\\/www.encontrajardins.com.br\\\/av-faria-lima\\\/?s={search_term_string}\"},\"query-input\":{\"@type\":\"PropertyValueSpecification\",\"valueRequired\":true,\"valueName\":\"search_term_string\"}}],\"inLanguage\":\"pt-BR\"},{\"@type\":\"Person\",\"@id\":\"https:\\\/\\\/www.encontrajardins.com.br\\\/av-faria-lima\\\/#\\\/schema\\\/person\\\/79badd2a12b75d685ad41dac082e5111\",\"name\":\"Encontra Avenida Faria Lima\",\"image\":{\"@type\":\"ImageObject\",\"inLanguage\":\"pt-BR\",\"@id\":\"https:\\\/\\\/www.encontrajardins.com.br\\\/av-faria-lima\\\/wp-content\\\/litespeed\\\/avatar\\\/e92a756db1fc224ef50d2f00ed0d047a.jpg?ver=1787888441\",\"url\":\"https:\\\/\\\/www.encontrajardins.com.br\\\/av-faria-lima\\\/wp-content\\\/litespeed\\\/avatar\\\/e92a756db1fc224ef50d2f00ed0d047a.jpg?ver=1787888441\",\"contentUrl\":\"https:\\\/\\\/www.encontrajardins.com.br\\\/av-faria-lima\\\/wp-content\\\/litespeed\\\/avatar\\\/e92a756db1fc224ef50d2f00ed0d047a.jpg?ver=1787888441\",\"caption\":\"Encontra Avenida Faria Lima\"},\"url\":\"https:\\\/\\\/www.encontrajardins.com.br\\\/av-faria-lima\\\/author\\\/av-faria-lima\\\/\"}]}<\/script>\n<!-- \/ Yoast SEO plugin. -->","yoast_head_json":{"title":"S\u00e1bado no 300 Sky Bar: Dorsa conduz a trilha sonora de uma noite acima de S\u00e3o Paulo | Guia Comercial Avenida Faria Lima","robots":{"index":"index","follow":"follow","max-snippet":"max-snippet:-1","max-image-preview":"max-image-preview:large","max-video-preview":"max-video-preview:-1"},"canonical":"https:\/\/www.encontrajardins.com.br\/av-faria-lima\/sabado-no-300-sky-bar-dorsa-conduz-a-trilha-sonora-de-uma-noite-acima-de-sao-paulo\/","og_locale":"pt_BR","og_type":"article","og_title":"S\u00e1bado no 300 Sky Bar: Dorsa conduz a trilha sonora de uma noite acima de S\u00e3o Paulo | Guia Comercial Avenida Faria Lima","og_description":"S\u00e1bado no 300 Sky Bar tem Dorsa comandando a trilha sonora da noite.","og_url":"https:\/\/www.encontrajardins.com.br\/av-faria-lima\/sabado-no-300-sky-bar-dorsa-conduz-a-trilha-sonora-de-uma-noite-acima-de-sao-paulo\/","og_site_name":"Guia Comercial Avenida Faria Lima","article_published_time":"2026-08-24T09:34:02+00:00","og_image":[{"url":"https:\/\/www.encontrajardins.com.br\/av-faria-lima\/wp-content\/uploads\/2026\/08\/sabado-no-300-sky-bar-dorsa-conduz-a-trilha-sonora-de-uma-noite-acima-de-sao-paulo.webp","type":"","width":"","height":""}],"author":"Encontra Avenida Faria Lima","twitter_card":"summary_large_image","twitter_misc":{"Escrito por":"Encontra Avenida Faria Lima","Est. tempo de leitura":"4 minutos"},"schema":{"@context":"https:\/\/schema.org","@graph":[{"@type":"Article","@id":"https:\/\/www.encontrajardins.com.br\/av-faria-lima\/sabado-no-300-sky-bar-dorsa-conduz-a-trilha-sonora-de-uma-noite-acima-de-sao-paulo\/#article","isPartOf":{"@id":"https:\/\/www.encontrajardins.com.br\/av-faria-lima\/sabado-no-300-sky-bar-dorsa-conduz-a-trilha-sonora-de-uma-noite-acima-de-sao-paulo\/"},"author":{"name":"Encontra Avenida Faria Lima","@id":"https:\/\/www.encontrajardins.com.br\/av-faria-lima\/#\/schema\/person\/79badd2a12b75d685ad41dac082e5111"},"headline":"S\u00e1bado no 300 Sky Bar: Dorsa conduz a trilha sonora de uma noite acima de S\u00e3o Paulo","datePublished":"2026-08-24T09:34:02+00:00","mainEntityOfPage":{"@id":"https:\/\/www.encontrajardins.com.br\/av-faria-lima\/sabado-no-300-sky-bar-dorsa-conduz-a-trilha-sonora-de-uma-noite-acima-de-sao-paulo\/"},"wordCount":832,"commentCount":0,"image":{"@id":"https:\/\/www.encontrajardins.com.br\/av-faria-lima\/sabado-no-300-sky-bar-dorsa-conduz-a-trilha-sonora-de-uma-noite-acima-de-sao-paulo\/#primaryimage"},"thumbnailUrl":"https:\/\/www.encontrajardins.com.br\/av-faria-lima\/wp-content\/uploads\/2026\/08\/sabado-no-300-sky-bar-dorsa-conduz-a-trilha-sonora-de-uma-noite-acima-de-sao-paulo.webp","articleSection":["Shows Avenida Faria Lima"],"inLanguage":"pt-BR","potentialAction":[{"@type":"CommentAction","name":"Comment","target":["https:\/\/www.encontrajardins.com.br\/av-faria-lima\/sabado-no-300-sky-bar-dorsa-conduz-a-trilha-sonora-de-uma-noite-acima-de-sao-paulo\/#respond"]}]},{"@type":"WebPage","@id":"https:\/\/www.encontrajardins.com.br\/av-faria-lima\/sabado-no-300-sky-bar-dorsa-conduz-a-trilha-sonora-de-uma-noite-acima-de-sao-paulo\/","url":"https:\/\/www.encontrajardins.com.br\/av-faria-lima\/sabado-no-300-sky-bar-dorsa-conduz-a-trilha-sonora-de-uma-noite-acima-de-sao-paulo\/","name":"S\u00e1bado no 300 Sky Bar: Dorsa conduz a trilha sonora de uma noite acima de S\u00e3o Paulo | Guia Comercial Avenida Faria Lima","isPartOf":{"@id":"https:\/\/www.encontrajardins.com.br\/av-faria-lima\/#website"},"primaryImageOfPage":{"@id":"https:\/\/www.encontrajardins.com.br\/av-faria-lima\/sabado-no-300-sky-bar-dorsa-conduz-a-trilha-sonora-de-uma-noite-acima-de-sao-paulo\/#primaryimage"},"image":{"@id":"https:\/\/www.encontrajardins.com.br\/av-faria-lima\/sabado-no-300-sky-bar-dorsa-conduz-a-trilha-sonora-de-uma-noite-acima-de-sao-paulo\/#primaryimage"},"thumbnailUrl":"https:\/\/www.encontrajardins.com.br\/av-faria-lima\/wp-content\/uploads\/2026\/08\/sabado-no-300-sky-bar-dorsa-conduz-a-trilha-sonora-de-uma-noite-acima-de-sao-paulo.webp","datePublished":"2026-08-24T09:34:02+00:00","author":{"@id":"https:\/\/www.encontrajardins.com.br\/av-faria-lima\/#\/schema\/person\/79badd2a12b75d685ad41dac082e5111"},"inLanguage":"pt-BR","potentialAction":[{"@type":"ReadAction","target":["https:\/\/www.encontrajardins.com.br\/av-faria-lima\/sabado-no-300-sky-bar-dorsa-conduz-a-trilha-sonora-de-uma-noite-acima-de-sao-paulo\/"]}]},{"@type":"ImageObject","inLanguage":"pt-BR","@id":"https:\/\/www.encontrajardins.com.br\/av-faria-lima\/sabado-no-300-sky-bar-dorsa-conduz-a-trilha-sonora-de-uma-noite-acima-de-sao-paulo\/#primaryimage","url":"https:\/\/www.encontrajardins.com.br\/av-faria-lima\/wp-content\/uploads\/2026\/08\/sabado-no-300-sky-bar-dorsa-conduz-a-trilha-sonora-de-uma-noite-acima-de-sao-paulo.webp","contentUrl":"https:\/\/www.encontrajardins.com.br\/av-faria-lima\/wp-content\/uploads\/2026\/08\/sabado-no-300-sky-bar-dorsa-conduz-a-trilha-sonora-de-uma-noite-acima-de-sao-paulo.webp","width":280,"height":280,"caption":"s\u00e1bados no 300 Sky Bar"},{"@type":"WebSite","@id":"https:\/\/www.encontrajardins.com.br\/av-faria-lima\/#website","url":"https:\/\/www.encontrajardins.com.br\/av-faria-lima\/","name":"Guia Comercial Avenida Faria Lima","description":"ENCONTRA AVENIDA FARIA LIMA - O guia comercial de neg\u00f3cios e empresas, cultura e divers\u00e3o na Avenida Faria Lima. Feito 100% para voc\u00ea morador!","potentialAction":[{"@type":"SearchAction","target":{"@type":"EntryPoint","urlTemplate":"https:\/\/www.encontrajardins.com.br\/av-faria-lima\/?s={search_term_string}"},"query-input":{"@type":"PropertyValueSpecification","valueRequired":true,"valueName":"search_term_string"}}],"inLanguage":"pt-BR"},{"@type":"Person","@id":"https:\/\/www.encontrajardins.com.br\/av-faria-lima\/#\/schema\/person\/79badd2a12b75d685ad41dac082e5111","name":"Encontra Avenida Faria Lima","image":{"@type":"ImageObject","inLanguage":"pt-BR","@id":"https:\/\/www.encontrajardins.com.br\/av-faria-lima\/wp-content\/litespeed\/avatar\/e92a756db1fc224ef50d2f00ed0d047a.jpg?ver=1787888441","url":"https:\/\/www.encontrajardins.com.br\/av-faria-lima\/wp-content\/litespeed\/avatar\/e92a756db1fc224ef50d2f00ed0d047a.jpg?ver=1787888441","contentUrl":"https:\/\/www.encontrajardins.com.br\/av-faria-lima\/wp-content\/litespeed\/avatar\/e92a756db1fc224ef50d2f00ed0d047a.jpg?ver=1787888441","caption":"Encontra Avenida Faria Lima"},"url":"https:\/\/www.encontrajardins.com.br\/av-faria-lima\/author\/av-faria-lima\/"}]}},"_links":{"self":[{"href":"https:\/\/www.encontrajardins.com.br\/av-faria-lima\/wp-json\/wp\/v2\/posts\/5193","targetHints":{"allow":["GET"]}}],"collection":[{"href":"https:\/\/www.encontrajardins.com.br\/av-faria-lima\/wp-json\/wp\/v2\/posts"}],"about":[{"href":"https:\/\/www.encontrajardins.com.br\/av-faria-lima\/wp-json\/wp\/v2\/types\/post"}],"author":[{"embeddable":true,"href":"https:\/\/www.encontrajardins.com.br\/av-faria-lima\/wp-json\/wp\/v2\/users\/1"}],"replies":[{"embeddable":true,"href":"https:\/\/www.encontrajardins.com.br\/av-faria-lima\/wp-json\/wp\/v2\/comments?post=5193"}],"version-history":[{"count":0,"href":"https:\/\/www.encontrajardins.com.br\/av-faria-lima\/wp-json\/wp\/v2\/posts\/5193\/revisions"}],"wp:featuredmedia":[{"embeddable":true,"href":"https:\/\/www.encontrajardins.com.br\/av-faria-lima\/wp-json\/wp\/v2\/media\/5192"}],"wp:attachment":[{"href":"https:\/\/www.encontrajardins.com.br\/av-faria-lima\/wp-json\/wp\/v2\/media?parent=5193"}],"wp:term":[{"taxonomy":"category","embeddable":true,"href":"https:\/\/www.encontrajardins.com.br\/av-faria-lima\/wp-json\/wp\/v2\/categories?post=5193"},{"taxonomy":"post_tag","embeddable":true,"href":"https:\/\/www.encontrajardins.com.br\/av-faria-lima\/wp-json\/wp\/v2\/tags?post=5193"}],"curies":[{"name":"wp","href":"https:\/\/api.w.org\/{rel}","templated":true}]}}