{"id":5205,"date":"2026-08-26T06:33:40","date_gmt":"2026-08-26T09:33:40","guid":{"rendered":"https:\/\/www.encontrajardins.com.br\/av-faria-lima\/ecovias-noroeste-paulista-informa-cronograma-de-obras-de-24-8-a-30-8-2026\/"},"modified":"2026-08-26T06:33:40","modified_gmt":"2026-08-26T09:33:40","slug":"ecovias-noroeste-paulista-informa-cronograma-de-obras-de-24-8-a-30-8-2026","status":"publish","type":"post","link":"https:\/\/www.encontrajardins.com.br\/av-faria-lima\/ecovias-noroeste-paulista-informa-cronograma-de-obras-de-24-8-a-30-8-2026\/","title":{"rendered":"Ecovias Noroeste Paulista informa cronograma de obras de 24\/8 a 30\/8\/2026"},"content":{"rendered":"<h2>Obras Diurnas: Quais Hor\u00e1rios e Rodovias Afetadas<\/h2>\n<p>A Ecovias Noroeste Paulista anunciou o cronograma de obras para o per\u00edodo de <strong>24 a 30 de agosto de 2026<\/strong>. Os trabalhos diurnos est\u00e3o programados para ocorrer entre <strong>7h e 17h<\/strong>, abrangendo diversas rodovias como a <strong>Washington Lu\u00eds (SP-310)<\/strong>, <strong>Brigadeiro Faria Lima (SP-326)<\/strong>, <strong>Carlos Tonanni (SP-333)<\/strong>, entre outras. Estas interven\u00e7\u00f5es s\u00e3o essenciais para garantir a seguran\u00e7a e a integridade vi\u00e1ria dos motoristas que utilizam estas vias.<\/p>\n<h2>Obras Noturnas: O Que Esperar Durante a Noite<\/h2>\n<p>As atividades noturnas, por sua vez, ocorrer\u00e3o das <strong>21h \u00e0s 7h<\/strong>. Essas obras podem provocar mudan\u00e7as tempor\u00e1rias no tr\u00e1fego, visando principalmente melhorias na estrutura das rodovias.<\/p>\n<h2>Mudan\u00e7as no Tr\u00e1fego: Como Isso Afetar\u00e1 Voc\u00ea<\/h2>\n<p>O cronograma pode sofrer altera\u00e7\u00f5es devido a imprevistos, por isso \u00e9 importante que os motoristas fiquem atentos \u00e0s atualiza\u00e7\u00f5es e \u00e0s condi\u00e7\u00f5es de circula\u00e7\u00e3o nas rodovias, especialmente se utilizarem suas rotas durante os hor\u00e1rios de obras.<\/p>\n<p><img decoding=\"async\" src=\"https:\/\/www.encontrajardins.com.br\/av-faria-lima\/wp-content\/uploads\/2026\/08\/ecovias-noroeste-paulista-informa-cronograma-de-obras-de-24-8-a-30-8-2026.webp\" alt=\"cronograma de obras\" loading=\"lazy\" \/><\/p>\n<h2>Fechamentos de Faixas: Detalhes Importantes<\/h2>\n<p>Na <strong>Rodovia Washington Lu\u00eds (SP-310)<\/strong>, os fechamentos das faixas de tr\u00e1fego acontecer\u00e3o em diferentes localidades:<\/p>\n<ul>\n<li><strong>S\u00c3O CARLOS:<\/strong> De segunda a quinta-feira, das <strong>6h \u00e0s 17h<\/strong>; na sexta-feira, das <strong>6h \u00e0s 16h<\/strong>; e aos s\u00e1bados, das <strong>7h \u00e0s 17h<\/strong> e das <strong>21h \u00e0s 5h<\/strong> no dia seguinte.<\/li>\n<li><strong>CEDRAL:<\/strong> De segunda a quinta-feira, das <strong>7h \u00e0s 17h<\/strong>; na sexta-feira, das <strong>7h \u00e0s 16h<\/strong>; e aos s\u00e1bados, das <strong>7h \u00e0s 17h<\/strong>.<\/li>\n<li><strong>S\u00c3O JOS\u00c9 DO RIO PRETO:<\/strong> De segunda a quinta-feira, das <strong>7h30 \u00e0s 17h<\/strong>; na sexta-feira, das <strong>7h30 \u00e0s 16h<\/strong>; e aos s\u00e1bados, das <strong>7h30 \u00e0s 17h<\/strong>.<\/li>\n<\/ul>\n<h2>Rodovia Washington Lu\u00eds: Atualiza\u00e7\u00f5es e Fechamentos<\/h2>\n<p>As obras de amplia\u00e7\u00e3o na rodovia envolvem:<\/p>\n<ul>\n<li><strong>Interdi\u00e7\u00e3o total:<\/strong> No viaduto do km 236+100m, pr\u00f3ximo ao Jardim Jockey Club.<\/li>\n<li><strong>Interdi\u00e7\u00f5es pontuais:<\/strong> No viaduto do km 235 (UFSCar), com interrup\u00e7\u00f5es aos s\u00e1bados e domingos e tr\u00e1fego em m\u00e3o dupla na faixa liberada durante os dias de semana.<\/li>\n<\/ul>\n<h2>Rodovias Brigadeiro Faria Lima e Carlos Tonanni<\/h2>\n<p>Na <strong>Rodovia Brigadeiro Faria Lima (SP-326)<\/strong>, ser\u00e3o realizadas melhorias durante a semana de 24 a 30 de agosto, abrangendo o trecho entre <strong>Mat\u00e3o e Bebedouro<\/strong> e n\u00e3o dever\u00e1 haver interrup\u00e7\u00f5es significativas, garantindo o tr\u00e1fego fluido. J\u00e1 nas <strong>Rodovias Carlos Tonanni e demais trechos do SP-333<\/strong>, as a\u00e7\u00f5es tamb\u00e9m visam a conserva\u00e7\u00e3o, com interven\u00e7\u00f5es programadas de acordo com o cronograma de manuten\u00e7\u00e3o geral.<\/p>\n<h2>Interdi\u00e7\u00f5es em S\u00e3o Carlos: O Que Saber<\/h2>\n<p>A cidade de S\u00e3o Carlos ser\u00e1 um dos focos de obras, especialmente nas vias que comp\u00f5em a <strong>Rodovia Washington Lu\u00eds<\/strong>. Os motoristas que transitam por estas \u00e1reas devem redobrar a aten\u00e7\u00e3o e considerar rotas alternativas quando necess\u00e1rio.<\/p>\n<h2>Orienta\u00e7\u00f5es para Motoristas: Rotas Alternativas<\/h2>\n<p>Com as interdi\u00e7\u00f5es programadas, \u00e9 aconselh\u00e1vel que os motoristas que v\u00eam da <strong>zona norte<\/strong> de S\u00e3o Jos\u00e9 do Rio Preto, em dire\u00e7\u00e3o \u00e0 <strong>SP-310<\/strong>, busquem rotas alternativas, como o retorno no quil\u00f4metro <strong>446<\/strong> ou dire\u00e7\u00f5es pela cidade para evitar os pontos de congestionamento.<\/p>\n<h2>Acompanhamento das Obras: Instagram e Atualiza\u00e7\u00f5es<\/h2>\n<p>Para acompanhar as atualiza\u00e7\u00f5es sobre as obras, a Ecovias Noroeste Paulista recomenda que os motoristas sigam suas redes sociais, especialmente o Instagram <strong>@ecoviasnoreste<\/strong>, onde s\u00e3o postadas informa\u00e7\u00f5es em tempo real sobre altera\u00e7\u00f5es de tr\u00e1fego, as condi\u00e7\u00f5es das rodovias e interven\u00e7\u00f5es que podem afetar a circula\u00e7\u00e3o.<\/p>\n<h2>Seguran\u00e7a Vi\u00e1ria: O que a Ecovias Est\u00e1 Fazendo<\/h2>\n<p>A Ecovias Noroeste Paulista tem como prioridade a seguran\u00e7a vi\u00e1ria. As obras em andamento n\u00e3o apenas garantem a manuten\u00e7\u00e3o das vias, mas tamb\u00e9m visam melhorar a experi\u00eancia dos motoristas, tornando os trajetos mais seguros e confort\u00e1veis. A orienta\u00e7\u00e3o \u00e9 que os usu\u00e1rios sejam pacientes e colaborem respeitando as sinaliza\u00e7\u00f5es e a equipe de trabalho presente nas rodovias.<\/p>\n","protected":false},"excerpt":{"rendered":"<p>Cronograma das obras da Ecovias Noroeste Paulista de 24 a 30 de agosto de 2026.<\/p>\n","protected":false},"author":1,"featured_media":5204,"comment_status":"open","ping_status":"open","sticky":false,"template":"","format":"standard","meta":{"footnotes":""},"categories":[904],"tags":[],"class_list":["post-5205","post","type-post","status-publish","format-standard","has-post-thumbnail","hentry","category-transito","has_thumb"],"yoast_head":"<!-- This site is optimized with the Yoast SEO plugin v28.1 - https:\/\/yoast.com\/product\/yoast-seo-wordpress\/ -->\n<title>Ecovias Noroeste Paulista informa cronograma de obras de 24\/8 a 30\/8\/2026 | Guia Comercial Avenida Faria Lima<\/title>\n<meta name=\"robots\" content=\"index, follow, max-snippet:-1, max-image-preview:large, max-video-preview:-1\" \/>\n<link rel=\"canonical\" href=\"https:\/\/www.encontrajardins.com.br\/av-faria-lima\/ecovias-noroeste-paulista-informa-cronograma-de-obras-de-24-8-a-30-8-2026\/\" \/>\n<meta property=\"og:locale\" content=\"pt_BR\" \/>\n<meta property=\"og:type\" content=\"article\" \/>\n<meta property=\"og:title\" content=\"Ecovias Noroeste Paulista informa cronograma de obras de 24\/8 a 30\/8\/2026 | Guia Comercial Avenida Faria Lima\" \/>\n<meta property=\"og:description\" content=\"Cronograma das obras da Ecovias Noroeste Paulista de 24 a 30 de agosto de 2026.\" \/>\n<meta property=\"og:url\" content=\"https:\/\/www.encontrajardins.com.br\/av-faria-lima\/ecovias-noroeste-paulista-informa-cronograma-de-obras-de-24-8-a-30-8-2026\/\" \/>\n<meta property=\"og:site_name\" content=\"Guia Comercial Avenida Faria Lima\" \/>\n<meta property=\"article:published_time\" content=\"2026-08-26T09:33:40+00:00\" \/>\n<meta property=\"og:image\" content=\"https:\/\/www.encontrajardins.com.br\/av-faria-lima\/wp-content\/uploads\/2026\/08\/ecovias-noroeste-paulista-informa-cronograma-de-obras-de-24-8-a-30-8-2026.webp\" \/>\n<meta name=\"author\" content=\"Encontra Avenida Faria Lima\" \/>\n<meta name=\"twitter:card\" content=\"summary_large_image\" \/>\n<meta name=\"twitter:label1\" content=\"Escrito por\" \/>\n\t<meta name=\"twitter:data1\" content=\"Encontra Avenida Faria Lima\" \/>\n\t<meta name=\"twitter:label2\" content=\"Est. tempo de leitura\" \/>\n\t<meta name=\"twitter:data2\" content=\"3 minutos\" \/>\n<script type=\"application\/ld+json\" class=\"yoast-schema-graph\">{\"@context\":\"https:\\\/\\\/schema.org\",\"@graph\":[{\"@type\":\"Article\",\"@id\":\"https:\\\/\\\/www.encontrajardins.com.br\\\/av-faria-lima\\\/ecovias-noroeste-paulista-informa-cronograma-de-obras-de-24-8-a-30-8-2026\\\/#article\",\"isPartOf\":{\"@id\":\"https:\\\/\\\/www.encontrajardins.com.br\\\/av-faria-lima\\\/ecovias-noroeste-paulista-informa-cronograma-de-obras-de-24-8-a-30-8-2026\\\/\"},\"author\":{\"name\":\"Encontra Avenida Faria Lima\",\"@id\":\"https:\\\/\\\/www.encontrajardins.com.br\\\/av-faria-lima\\\/#\\\/schema\\\/person\\\/79badd2a12b75d685ad41dac082e5111\"},\"headline\":\"Ecovias Noroeste Paulista informa cronograma de obras de 24\\\/8 a 30\\\/8\\\/2026\",\"datePublished\":\"2026-08-26T09:33:40+00:00\",\"mainEntityOfPage\":{\"@id\":\"https:\\\/\\\/www.encontrajardins.com.br\\\/av-faria-lima\\\/ecovias-noroeste-paulista-informa-cronograma-de-obras-de-24-8-a-30-8-2026\\\/\"},\"wordCount\":659,\"commentCount\":0,\"image\":{\"@id\":\"https:\\\/\\\/www.encontrajardins.com.br\\\/av-faria-lima\\\/ecovias-noroeste-paulista-informa-cronograma-de-obras-de-24-8-a-30-8-2026\\\/#primaryimage\"},\"thumbnailUrl\":\"https:\\\/\\\/www.encontrajardins.com.br\\\/av-faria-lima\\\/wp-content\\\/uploads\\\/2026\\\/08\\\/ecovias-noroeste-paulista-informa-cronograma-de-obras-de-24-8-a-30-8-2026.webp\",\"articleSection\":[\"Tr\u00e2nsito Avenida Faria Lima\"],\"inLanguage\":\"pt-BR\",\"potentialAction\":[{\"@type\":\"CommentAction\",\"name\":\"Comment\",\"target\":[\"https:\\\/\\\/www.encontrajardins.com.br\\\/av-faria-lima\\\/ecovias-noroeste-paulista-informa-cronograma-de-obras-de-24-8-a-30-8-2026\\\/#respond\"]}]},{\"@type\":\"WebPage\",\"@id\":\"https:\\\/\\\/www.encontrajardins.com.br\\\/av-faria-lima\\\/ecovias-noroeste-paulista-informa-cronograma-de-obras-de-24-8-a-30-8-2026\\\/\",\"url\":\"https:\\\/\\\/www.encontrajardins.com.br\\\/av-faria-lima\\\/ecovias-noroeste-paulista-informa-cronograma-de-obras-de-24-8-a-30-8-2026\\\/\",\"name\":\"Ecovias Noroeste Paulista informa cronograma de obras de 24\\\/8 a 30\\\/8\\\/2026 | Guia Comercial Avenida Faria Lima\",\"isPartOf\":{\"@id\":\"https:\\\/\\\/www.encontrajardins.com.br\\\/av-faria-lima\\\/#website\"},\"primaryImageOfPage\":{\"@id\":\"https:\\\/\\\/www.encontrajardins.com.br\\\/av-faria-lima\\\/ecovias-noroeste-paulista-informa-cronograma-de-obras-de-24-8-a-30-8-2026\\\/#primaryimage\"},\"image\":{\"@id\":\"https:\\\/\\\/www.encontrajardins.com.br\\\/av-faria-lima\\\/ecovias-noroeste-paulista-informa-cronograma-de-obras-de-24-8-a-30-8-2026\\\/#primaryimage\"},\"thumbnailUrl\":\"https:\\\/\\\/www.encontrajardins.com.br\\\/av-faria-lima\\\/wp-content\\\/uploads\\\/2026\\\/08\\\/ecovias-noroeste-paulista-informa-cronograma-de-obras-de-24-8-a-30-8-2026.webp\",\"datePublished\":\"2026-08-26T09:33:40+00:00\",\"author\":{\"@id\":\"https:\\\/\\\/www.encontrajardins.com.br\\\/av-faria-lima\\\/#\\\/schema\\\/person\\\/79badd2a12b75d685ad41dac082e5111\"},\"inLanguage\":\"pt-BR\",\"potentialAction\":[{\"@type\":\"ReadAction\",\"target\":[\"https:\\\/\\\/www.encontrajardins.com.br\\\/av-faria-lima\\\/ecovias-noroeste-paulista-informa-cronograma-de-obras-de-24-8-a-30-8-2026\\\/\"]}]},{\"@type\":\"ImageObject\",\"inLanguage\":\"pt-BR\",\"@id\":\"https:\\\/\\\/www.encontrajardins.com.br\\\/av-faria-lima\\\/ecovias-noroeste-paulista-informa-cronograma-de-obras-de-24-8-a-30-8-2026\\\/#primaryimage\",\"url\":\"https:\\\/\\\/www.encontrajardins.com.br\\\/av-faria-lima\\\/wp-content\\\/uploads\\\/2026\\\/08\\\/ecovias-noroeste-paulista-informa-cronograma-de-obras-de-24-8-a-30-8-2026.webp\",\"contentUrl\":\"https:\\\/\\\/www.encontrajardins.com.br\\\/av-faria-lima\\\/wp-content\\\/uploads\\\/2026\\\/08\\\/ecovias-noroeste-paulista-informa-cronograma-de-obras-de-24-8-a-30-8-2026.webp\",\"width\":280,\"height\":280,\"caption\":\"cronograma de obras\"},{\"@type\":\"WebSite\",\"@id\":\"https:\\\/\\\/www.encontrajardins.com.br\\\/av-faria-lima\\\/#website\",\"url\":\"https:\\\/\\\/www.encontrajardins.com.br\\\/av-faria-lima\\\/\",\"name\":\"Guia Comercial Avenida Faria Lima\",\"description\":\"ENCONTRA AVENIDA FARIA LIMA - O guia comercial de neg\u00f3cios e empresas, cultura e divers\u00e3o na Avenida Faria Lima. Feito 100% para voc\u00ea morador!\",\"potentialAction\":[{\"@type\":\"SearchAction\",\"target\":{\"@type\":\"EntryPoint\",\"urlTemplate\":\"https:\\\/\\\/www.encontrajardins.com.br\\\/av-faria-lima\\\/?s={search_term_string}\"},\"query-input\":{\"@type\":\"PropertyValueSpecification\",\"valueRequired\":true,\"valueName\":\"search_term_string\"}}],\"inLanguage\":\"pt-BR\"},{\"@type\":\"Person\",\"@id\":\"https:\\\/\\\/www.encontrajardins.com.br\\\/av-faria-lima\\\/#\\\/schema\\\/person\\\/79badd2a12b75d685ad41dac082e5111\",\"name\":\"Encontra Avenida Faria Lima\",\"image\":{\"@type\":\"ImageObject\",\"inLanguage\":\"pt-BR\",\"@id\":\"https:\\\/\\\/www.encontrajardins.com.br\\\/av-faria-lima\\\/wp-content\\\/litespeed\\\/avatar\\\/e92a756db1fc224ef50d2f00ed0d047a.jpg?ver=1787888441\",\"url\":\"https:\\\/\\\/www.encontrajardins.com.br\\\/av-faria-lima\\\/wp-content\\\/litespeed\\\/avatar\\\/e92a756db1fc224ef50d2f00ed0d047a.jpg?ver=1787888441\",\"contentUrl\":\"https:\\\/\\\/www.encontrajardins.com.br\\\/av-faria-lima\\\/wp-content\\\/litespeed\\\/avatar\\\/e92a756db1fc224ef50d2f00ed0d047a.jpg?ver=1787888441\",\"caption\":\"Encontra Avenida Faria Lima\"},\"url\":\"https:\\\/\\\/www.encontrajardins.com.br\\\/av-faria-lima\\\/author\\\/av-faria-lima\\\/\"}]}<\/script>\n<!-- \/ Yoast SEO plugin. -->","yoast_head_json":{"title":"Ecovias Noroeste Paulista informa cronograma de obras de 24\/8 a 30\/8\/2026 | Guia Comercial Avenida Faria Lima","robots":{"index":"index","follow":"follow","max-snippet":"max-snippet:-1","max-image-preview":"max-image-preview:large","max-video-preview":"max-video-preview:-1"},"canonical":"https:\/\/www.encontrajardins.com.br\/av-faria-lima\/ecovias-noroeste-paulista-informa-cronograma-de-obras-de-24-8-a-30-8-2026\/","og_locale":"pt_BR","og_type":"article","og_title":"Ecovias Noroeste Paulista informa cronograma de obras de 24\/8 a 30\/8\/2026 | Guia Comercial Avenida Faria Lima","og_description":"Cronograma das obras da Ecovias Noroeste Paulista de 24 a 30 de agosto de 2026.","og_url":"https:\/\/www.encontrajardins.com.br\/av-faria-lima\/ecovias-noroeste-paulista-informa-cronograma-de-obras-de-24-8-a-30-8-2026\/","og_site_name":"Guia Comercial Avenida Faria Lima","article_published_time":"2026-08-26T09:33:40+00:00","og_image":[{"url":"https:\/\/www.encontrajardins.com.br\/av-faria-lima\/wp-content\/uploads\/2026\/08\/ecovias-noroeste-paulista-informa-cronograma-de-obras-de-24-8-a-30-8-2026.webp","type":"","width":"","height":""}],"author":"Encontra Avenida Faria Lima","twitter_card":"summary_large_image","twitter_misc":{"Escrito por":"Encontra Avenida Faria Lima","Est. tempo de leitura":"3 minutos"},"schema":{"@context":"https:\/\/schema.org","@graph":[{"@type":"Article","@id":"https:\/\/www.encontrajardins.com.br\/av-faria-lima\/ecovias-noroeste-paulista-informa-cronograma-de-obras-de-24-8-a-30-8-2026\/#article","isPartOf":{"@id":"https:\/\/www.encontrajardins.com.br\/av-faria-lima\/ecovias-noroeste-paulista-informa-cronograma-de-obras-de-24-8-a-30-8-2026\/"},"author":{"name":"Encontra Avenida Faria Lima","@id":"https:\/\/www.encontrajardins.com.br\/av-faria-lima\/#\/schema\/person\/79badd2a12b75d685ad41dac082e5111"},"headline":"Ecovias Noroeste Paulista informa cronograma de obras de 24\/8 a 30\/8\/2026","datePublished":"2026-08-26T09:33:40+00:00","mainEntityOfPage":{"@id":"https:\/\/www.encontrajardins.com.br\/av-faria-lima\/ecovias-noroeste-paulista-informa-cronograma-de-obras-de-24-8-a-30-8-2026\/"},"wordCount":659,"commentCount":0,"image":{"@id":"https:\/\/www.encontrajardins.com.br\/av-faria-lima\/ecovias-noroeste-paulista-informa-cronograma-de-obras-de-24-8-a-30-8-2026\/#primaryimage"},"thumbnailUrl":"https:\/\/www.encontrajardins.com.br\/av-faria-lima\/wp-content\/uploads\/2026\/08\/ecovias-noroeste-paulista-informa-cronograma-de-obras-de-24-8-a-30-8-2026.webp","articleSection":["Tr\u00e2nsito Avenida Faria Lima"],"inLanguage":"pt-BR","potentialAction":[{"@type":"CommentAction","name":"Comment","target":["https:\/\/www.encontrajardins.com.br\/av-faria-lima\/ecovias-noroeste-paulista-informa-cronograma-de-obras-de-24-8-a-30-8-2026\/#respond"]}]},{"@type":"WebPage","@id":"https:\/\/www.encontrajardins.com.br\/av-faria-lima\/ecovias-noroeste-paulista-informa-cronograma-de-obras-de-24-8-a-30-8-2026\/","url":"https:\/\/www.encontrajardins.com.br\/av-faria-lima\/ecovias-noroeste-paulista-informa-cronograma-de-obras-de-24-8-a-30-8-2026\/","name":"Ecovias Noroeste Paulista informa cronograma de obras de 24\/8 a 30\/8\/2026 | Guia Comercial Avenida Faria Lima","isPartOf":{"@id":"https:\/\/www.encontrajardins.com.br\/av-faria-lima\/#website"},"primaryImageOfPage":{"@id":"https:\/\/www.encontrajardins.com.br\/av-faria-lima\/ecovias-noroeste-paulista-informa-cronograma-de-obras-de-24-8-a-30-8-2026\/#primaryimage"},"image":{"@id":"https:\/\/www.encontrajardins.com.br\/av-faria-lima\/ecovias-noroeste-paulista-informa-cronograma-de-obras-de-24-8-a-30-8-2026\/#primaryimage"},"thumbnailUrl":"https:\/\/www.encontrajardins.com.br\/av-faria-lima\/wp-content\/uploads\/2026\/08\/ecovias-noroeste-paulista-informa-cronograma-de-obras-de-24-8-a-30-8-2026.webp","datePublished":"2026-08-26T09:33:40+00:00","author":{"@id":"https:\/\/www.encontrajardins.com.br\/av-faria-lima\/#\/schema\/person\/79badd2a12b75d685ad41dac082e5111"},"inLanguage":"pt-BR","potentialAction":[{"@type":"ReadAction","target":["https:\/\/www.encontrajardins.com.br\/av-faria-lima\/ecovias-noroeste-paulista-informa-cronograma-de-obras-de-24-8-a-30-8-2026\/"]}]},{"@type":"ImageObject","inLanguage":"pt-BR","@id":"https:\/\/www.encontrajardins.com.br\/av-faria-lima\/ecovias-noroeste-paulista-informa-cronograma-de-obras-de-24-8-a-30-8-2026\/#primaryimage","url":"https:\/\/www.encontrajardins.com.br\/av-faria-lima\/wp-content\/uploads\/2026\/08\/ecovias-noroeste-paulista-informa-cronograma-de-obras-de-24-8-a-30-8-2026.webp","contentUrl":"https:\/\/www.encontrajardins.com.br\/av-faria-lima\/wp-content\/uploads\/2026\/08\/ecovias-noroeste-paulista-informa-cronograma-de-obras-de-24-8-a-30-8-2026.webp","width":280,"height":280,"caption":"cronograma de obras"},{"@type":"WebSite","@id":"https:\/\/www.encontrajardins.com.br\/av-faria-lima\/#website","url":"https:\/\/www.encontrajardins.com.br\/av-faria-lima\/","name":"Guia Comercial Avenida Faria Lima","description":"ENCONTRA AVENIDA FARIA LIMA - O guia comercial de neg\u00f3cios e empresas, cultura e divers\u00e3o na Avenida Faria Lima. Feito 100% para voc\u00ea morador!","potentialAction":[{"@type":"SearchAction","target":{"@type":"EntryPoint","urlTemplate":"https:\/\/www.encontrajardins.com.br\/av-faria-lima\/?s={search_term_string}"},"query-input":{"@type":"PropertyValueSpecification","valueRequired":true,"valueName":"search_term_string"}}],"inLanguage":"pt-BR"},{"@type":"Person","@id":"https:\/\/www.encontrajardins.com.br\/av-faria-lima\/#\/schema\/person\/79badd2a12b75d685ad41dac082e5111","name":"Encontra Avenida Faria Lima","image":{"@type":"ImageObject","inLanguage":"pt-BR","@id":"https:\/\/www.encontrajardins.com.br\/av-faria-lima\/wp-content\/litespeed\/avatar\/e92a756db1fc224ef50d2f00ed0d047a.jpg?ver=1787888441","url":"https:\/\/www.encontrajardins.com.br\/av-faria-lima\/wp-content\/litespeed\/avatar\/e92a756db1fc224ef50d2f00ed0d047a.jpg?ver=1787888441","contentUrl":"https:\/\/www.encontrajardins.com.br\/av-faria-lima\/wp-content\/litespeed\/avatar\/e92a756db1fc224ef50d2f00ed0d047a.jpg?ver=1787888441","caption":"Encontra Avenida Faria Lima"},"url":"https:\/\/www.encontrajardins.com.br\/av-faria-lima\/author\/av-faria-lima\/"}]}},"_links":{"self":[{"href":"https:\/\/www.encontrajardins.com.br\/av-faria-lima\/wp-json\/wp\/v2\/posts\/5205","targetHints":{"allow":["GET"]}}],"collection":[{"href":"https:\/\/www.encontrajardins.com.br\/av-faria-lima\/wp-json\/wp\/v2\/posts"}],"about":[{"href":"https:\/\/www.encontrajardins.com.br\/av-faria-lima\/wp-json\/wp\/v2\/types\/post"}],"author":[{"embeddable":true,"href":"https:\/\/www.encontrajardins.com.br\/av-faria-lima\/wp-json\/wp\/v2\/users\/1"}],"replies":[{"embeddable":true,"href":"https:\/\/www.encontrajardins.com.br\/av-faria-lima\/wp-json\/wp\/v2\/comments?post=5205"}],"version-history":[{"count":0,"href":"https:\/\/www.encontrajardins.com.br\/av-faria-lima\/wp-json\/wp\/v2\/posts\/5205\/revisions"}],"wp:featuredmedia":[{"embeddable":true,"href":"https:\/\/www.encontrajardins.com.br\/av-faria-lima\/wp-json\/wp\/v2\/media\/5204"}],"wp:attachment":[{"href":"https:\/\/www.encontrajardins.com.br\/av-faria-lima\/wp-json\/wp\/v2\/media?parent=5205"}],"wp:term":[{"taxonomy":"category","embeddable":true,"href":"https:\/\/www.encontrajardins.com.br\/av-faria-lima\/wp-json\/wp\/v2\/categories?post=5205"},{"taxonomy":"post_tag","embeddable":true,"href":"https:\/\/www.encontrajardins.com.br\/av-faria-lima\/wp-json\/wp\/v2\/tags?post=5205"}],"curies":[{"name":"wp","href":"https:\/\/api.w.org\/{rel}","templated":true}]}}