{"id":5209,"date":"2026-08-27T06:33:01","date_gmt":"2026-08-27T09:33:01","guid":{"rendered":"https:\/\/www.encontrajardins.com.br\/av-faria-lima\/retirada-de-radar-preocupa-motoristas-no-trecho-da-faria-lima\/"},"modified":"2026-08-27T06:33:01","modified_gmt":"2026-08-27T09:33:01","slug":"retirada-de-radar-preocupa-motoristas-no-trecho-da-faria-lima","status":"publish","type":"post","link":"https:\/\/www.encontrajardins.com.br\/av-faria-lima\/retirada-de-radar-preocupa-motoristas-no-trecho-da-faria-lima\/","title":{"rendered":"Retirada de radar preocupa motoristas no trecho da Faria Lima"},"content":{"rendered":"<h2>O Impacto da Retirada do Radar na Seguran\u00e7a<\/h2>\n<p>A remo\u00e7\u00e3o de um equipamento de monitoramento de velocidade pela Companhia Municipal de Tr\u00e2nsito de Londrina (CMTU) tem gerado uma onda de apreens\u00e3o tanto entre motoristas quanto pedestres. O radar, anteriormente localizado no cruzamento da Avenida Prefeito Faria Lima com a Rua Bento Munhoz da Rocha Neto, foi retirado, trazendo preocupa\u00e7\u00f5es sobre a seguran\u00e7a no tr\u00e2nsito desse ponto cr\u00edtico da cidade.<\/p>\n<p>Isso ocorre devido ao tr\u00e1fego intenso que caracteriza a \u00e1rea, que serve como acesso para rotas importantes, incluindo a Rua Arauc\u00e1ria e a Avenida Ayrton Senna. A mudan\u00e7a n\u00e3o foi bem recebida, visto que muitos condutores j\u00e1 desrespeitavam anteriormente o limite de velocidade de 50 km\/h, principalmente durante a descida da Faria Lima, proveniente da regi\u00e3o da Universidade Estadual de Londrina (UEL).<\/p>\n<h2>Os Riscos na Faria Lima para Pedestres<\/h2>\n<p>Um dos principais danos causados pela retirada do radar \u00e9 o aumento do risco para os pedestres que utilizam a parada de \u00f4nibus naquele trecho. Sem a presen\u00e7a do radar, motoristas tendem a acelerar mais, e a falta de uma faixa de pedestres tradicional ou elevada aumenta a vulnerabilidade daqueles que precisam atravessar as ruas. Esta condi\u00e7\u00e3o \u00e9 inaceit\u00e1vel, uma vez que coloca em risco a vida de quem depende do transporte p\u00fablico para se deslocar.<\/p>\n<p><img decoding=\"async\" src=\"https:\/\/www.encontrajardins.com.br\/av-faria-lima\/wp-content\/uploads\/2026\/08\/retirada-de-radar-preocupa-motoristas-no-trecho-da-faria-lima.webp\" alt=\"retirada de radar\" loading=\"lazy\" \/><\/p>\n<h2>Como a Velocidade Elevada Afeta o Tr\u00e2nsito<\/h2>\n<p>Os efeitos da velocidade excessiva no tr\u00e2nsito s\u00e3o alarmantes e incluem maior probabilidade de acidentes. Em locais onde a velocidade permitida \u00e9 desrespeitada, como a Faria Lima, as chances de colis\u00f5es se tornam consideravelmente maiores. Condutores que circulam em alta velocidade t\u00eam menos tempo de rea\u00e7\u00e3o e podem n\u00e3o conseguir evitar atropelamentos ou choques, especialmente em hor\u00e1rios de pico, como entre 18h e 19h, quando o fluxo de ve\u00edculos \u00e9 ainda maior.<\/p>\n<h2>Hist\u00f3rico de Acidentes no Cruce da Faria Lima<\/h2>\n<p>O cruzamento em quest\u00e3o n\u00e3o \u00e9 novo em apresentar problemas. Existe um hist\u00f3rico de acidentes nesse local, e a aus\u00eancia do radar pode agravar ainda mais essa situa\u00e7\u00e3o. Motoristas relatam que frequentemente testemunham ve\u00edculos ultrapassando o limite de velocidade, e muitos pedestres se sentem inseguros ao tentar realizar a travessia.<\/p>\n<h2>Demandas dos Moradores por Interven\u00e7\u00f5es<\/h2>\n<p>Os residentes e usu\u00e1rios frequentes da \u00e1rea est\u00e3o cada vez mais preocupados e pressionam a CMTU por interven\u00e7\u00f5es urgentes. Eles pedem n\u00e3o apenas a reinstala\u00e7\u00e3o do radar, mas tamb\u00e9m a implementa\u00e7\u00e3o de outras medidas de seguran\u00e7a, como sem\u00e1foros e lombadas, que poderiam ajudar a regular o tr\u00e1fego e reduzir a velocidade dos ve\u00edculos.<\/p>\n<h2>Alternativas de Fiscaliza\u00e7\u00e3o para o Trecho<\/h2>\n<p>Al\u00e9m da reinstala\u00e7\u00e3o do radar, h\u00e1 uma necessidade premente de aumentar a presen\u00e7a de agentes de tr\u00e2nsito na regi\u00e3o. A fiscaliza\u00e7\u00e3o ativa poderia for\u00e7ar os motoristas a obedecerem os limites de velocidade e garantir um tr\u00e2nsito mais seguro para todos. O aumento na visibilidade da fiscaliza\u00e7\u00e3o pode desencadear uma mudan\u00e7a comportamental entre os motoristas.<\/p>\n<h2>O Papel da CMTU na Seguran\u00e7a Vi\u00e1ria<\/h2>\n<p>A CMTU possui um papel crucial na administra\u00e7\u00e3o do tr\u00e2nsito local, e a seguran\u00e7a vi\u00e1ria deve ser uma das suas prioridades. O planejamento e a execu\u00e7\u00e3o de a\u00e7\u00f5es que visem a prote\u00e7\u00e3o dos usu\u00e1rios da via n\u00e3o podem ser deixados de lado. A aus\u00eancia de uma resposta r\u00e1pida a essa problem\u00e1tica pode levar a consequ\u00eancias tr\u00e1gicas.<\/p>\n<h2>Congestionamento em Hor\u00e1rios de Pico<\/h2>\n<p>O congestionamento que ocorre durante os hor\u00e1rios de pico tamb\u00e9m \u00e9 um fator a ser considerado na discuss\u00e3o sobre a retirada do radar. Com o aumento do n\u00famero de ve\u00edculos, \u00e9 comum que o tr\u00e2nsito se torne ca\u00f3tico e, em situa\u00e7\u00f5es de desrespeito \u00e0s regras de tr\u00e2nsito, acidentes podem facilmente ocorrer. A interse\u00e7\u00e3o da Faria Lima \u00e9 um ponto de estrangulamento, e, sem medidas de controle, a probabilidade de incidentes se intensifica.<\/p>\n<h2>Testemunhos de Motoristas sobre a Mudan\u00e7a<\/h2>\n<p>Diversos motoristas j\u00e1 expressaram suas preocupa\u00e7\u00f5es em rela\u00e7\u00e3o \u00e0 retirada do radar. Muitos afirmam que sentem um aumento na velocidade dos ve\u00edculos ao redor e que isso os torna mais cautelosos ao dirigir neste trecho espec\u00edfico. Eles destacam que a presen\u00e7a do radar servia como uma forma de inibir a velocidade excessiva, enquanto sua aus\u00eancia revela uma falta de controle.<\/p>\n<h2>Propostas para Aumentar a Seguran\u00e7a no Local<\/h2>\n<p>As propostas para melhorar a seguran\u00e7a na \u00e1rea do cruzamento da Faria Lima s\u00e3o vari\u00e1veis e devem incluir:<\/p>\n<ul>\n<li><strong>Reinstala\u00e7\u00e3o do radar:<\/strong> A volta do equipamento ajudaria a reestabelecer o controle sobre a velocidade dos ve\u00edculos.<\/li>\n<li><strong>Ado\u00e7\u00e3o de faixas elevadas:<\/strong> Faixas que garantam a seguran\u00e7a dos pedestres s\u00e3o fundamentais.<\/li>\n<li><strong>Sem\u00e1foros:<\/strong> A instala\u00e7\u00e3o de sem\u00e1foros espec\u00edficos para pedestres poderia facilitar a travessia segura.<\/li>\n<li><strong>Campanhas educativas:<\/strong> A promo\u00e7\u00e3o de a\u00e7\u00f5es educativas sobre as regras de tr\u00e2nsito pode proporcionar uma maior conscientiza\u00e7\u00e3o entre os motoristas.<\/li>\n<li><strong>Aumento na fiscaliza\u00e7\u00e3o:<\/strong> Implementar a presen\u00e7a de agentes de tr\u00e2nsito regularmente na \u00e1rea ajudaria a moderar o comportamento dos motoristas.<\/li>\n<\/ul>\n<p>Cabe \u00e0 administra\u00e7\u00e3o p\u00fablica ouvir e atender as demandas da popula\u00e7\u00e3o local, buscando solu\u00e7\u00f5es que garantam a seguran\u00e7a de todos no tr\u00e2nsito. A melhoria da sinaliza\u00e7\u00e3o e a fiscaliza\u00e7\u00e3o efetiva devem ser implementadas sem demora.<\/p>\n","protected":false},"excerpt":{"rendered":"<p>Retirada de radar na Faria Lima gera inquieta\u00e7\u00e3o entre motoristas e pedestres na regi\u00e3o de Londrina.<\/p>\n","protected":false},"author":1,"featured_media":5208,"comment_status":"open","ping_status":"open","sticky":false,"template":"","format":"standard","meta":{"footnotes":""},"categories":[904],"tags":[],"class_list":["post-5209","post","type-post","status-publish","format-standard","has-post-thumbnail","hentry","category-transito","has_thumb"],"yoast_head":"<!-- This site is optimized with the Yoast SEO plugin v28.1 - https:\/\/yoast.com\/product\/yoast-seo-wordpress\/ -->\n<title>Retirada de radar preocupa motoristas no trecho da Faria Lima | Guia Comercial Avenida Faria Lima<\/title>\n<meta name=\"robots\" content=\"index, follow, max-snippet:-1, max-image-preview:large, max-video-preview:-1\" \/>\n<link rel=\"canonical\" href=\"https:\/\/www.encontrajardins.com.br\/av-faria-lima\/retirada-de-radar-preocupa-motoristas-no-trecho-da-faria-lima\/\" \/>\n<meta property=\"og:locale\" content=\"pt_BR\" \/>\n<meta property=\"og:type\" content=\"article\" \/>\n<meta property=\"og:title\" content=\"Retirada de radar preocupa motoristas no trecho da Faria Lima | Guia Comercial Avenida Faria Lima\" \/>\n<meta property=\"og:description\" content=\"Retirada de radar na Faria Lima gera inquieta\u00e7\u00e3o entre motoristas e pedestres na regi\u00e3o de Londrina.\" \/>\n<meta property=\"og:url\" content=\"https:\/\/www.encontrajardins.com.br\/av-faria-lima\/retirada-de-radar-preocupa-motoristas-no-trecho-da-faria-lima\/\" \/>\n<meta property=\"og:site_name\" content=\"Guia Comercial Avenida Faria Lima\" \/>\n<meta property=\"article:published_time\" content=\"2026-08-27T09:33:01+00:00\" \/>\n<meta property=\"og:image\" content=\"https:\/\/www.encontrajardins.com.br\/av-faria-lima\/wp-content\/uploads\/2026\/08\/retirada-de-radar-preocupa-motoristas-no-trecho-da-faria-lima.webp\" \/>\n<meta name=\"author\" content=\"Encontra Avenida Faria Lima\" \/>\n<meta name=\"twitter:card\" content=\"summary_large_image\" \/>\n<meta name=\"twitter:label1\" content=\"Escrito por\" \/>\n\t<meta name=\"twitter:data1\" content=\"Encontra Avenida Faria Lima\" \/>\n\t<meta name=\"twitter:label2\" content=\"Est. tempo de leitura\" \/>\n\t<meta name=\"twitter:data2\" content=\"5 minutos\" \/>\n<script type=\"application\/ld+json\" class=\"yoast-schema-graph\">{\"@context\":\"https:\\\/\\\/schema.org\",\"@graph\":[{\"@type\":\"Article\",\"@id\":\"https:\\\/\\\/www.encontrajardins.com.br\\\/av-faria-lima\\\/retirada-de-radar-preocupa-motoristas-no-trecho-da-faria-lima\\\/#article\",\"isPartOf\":{\"@id\":\"https:\\\/\\\/www.encontrajardins.com.br\\\/av-faria-lima\\\/retirada-de-radar-preocupa-motoristas-no-trecho-da-faria-lima\\\/\"},\"author\":{\"name\":\"Encontra Avenida Faria Lima\",\"@id\":\"https:\\\/\\\/www.encontrajardins.com.br\\\/av-faria-lima\\\/#\\\/schema\\\/person\\\/79badd2a12b75d685ad41dac082e5111\"},\"headline\":\"Retirada de radar preocupa motoristas no trecho da Faria Lima\",\"datePublished\":\"2026-08-27T09:33:01+00:00\",\"mainEntityOfPage\":{\"@id\":\"https:\\\/\\\/www.encontrajardins.com.br\\\/av-faria-lima\\\/retirada-de-radar-preocupa-motoristas-no-trecho-da-faria-lima\\\/\"},\"wordCount\":936,\"commentCount\":0,\"image\":{\"@id\":\"https:\\\/\\\/www.encontrajardins.com.br\\\/av-faria-lima\\\/retirada-de-radar-preocupa-motoristas-no-trecho-da-faria-lima\\\/#primaryimage\"},\"thumbnailUrl\":\"https:\\\/\\\/www.encontrajardins.com.br\\\/av-faria-lima\\\/wp-content\\\/uploads\\\/2026\\\/08\\\/retirada-de-radar-preocupa-motoristas-no-trecho-da-faria-lima.webp\",\"articleSection\":[\"Tr\u00e2nsito Avenida Faria Lima\"],\"inLanguage\":\"pt-BR\",\"potentialAction\":[{\"@type\":\"CommentAction\",\"name\":\"Comment\",\"target\":[\"https:\\\/\\\/www.encontrajardins.com.br\\\/av-faria-lima\\\/retirada-de-radar-preocupa-motoristas-no-trecho-da-faria-lima\\\/#respond\"]}]},{\"@type\":\"WebPage\",\"@id\":\"https:\\\/\\\/www.encontrajardins.com.br\\\/av-faria-lima\\\/retirada-de-radar-preocupa-motoristas-no-trecho-da-faria-lima\\\/\",\"url\":\"https:\\\/\\\/www.encontrajardins.com.br\\\/av-faria-lima\\\/retirada-de-radar-preocupa-motoristas-no-trecho-da-faria-lima\\\/\",\"name\":\"Retirada de radar preocupa motoristas no trecho da Faria Lima | Guia Comercial Avenida Faria Lima\",\"isPartOf\":{\"@id\":\"https:\\\/\\\/www.encontrajardins.com.br\\\/av-faria-lima\\\/#website\"},\"primaryImageOfPage\":{\"@id\":\"https:\\\/\\\/www.encontrajardins.com.br\\\/av-faria-lima\\\/retirada-de-radar-preocupa-motoristas-no-trecho-da-faria-lima\\\/#primaryimage\"},\"image\":{\"@id\":\"https:\\\/\\\/www.encontrajardins.com.br\\\/av-faria-lima\\\/retirada-de-radar-preocupa-motoristas-no-trecho-da-faria-lima\\\/#primaryimage\"},\"thumbnailUrl\":\"https:\\\/\\\/www.encontrajardins.com.br\\\/av-faria-lima\\\/wp-content\\\/uploads\\\/2026\\\/08\\\/retirada-de-radar-preocupa-motoristas-no-trecho-da-faria-lima.webp\",\"datePublished\":\"2026-08-27T09:33:01+00:00\",\"author\":{\"@id\":\"https:\\\/\\\/www.encontrajardins.com.br\\\/av-faria-lima\\\/#\\\/schema\\\/person\\\/79badd2a12b75d685ad41dac082e5111\"},\"inLanguage\":\"pt-BR\",\"potentialAction\":[{\"@type\":\"ReadAction\",\"target\":[\"https:\\\/\\\/www.encontrajardins.com.br\\\/av-faria-lima\\\/retirada-de-radar-preocupa-motoristas-no-trecho-da-faria-lima\\\/\"]}]},{\"@type\":\"ImageObject\",\"inLanguage\":\"pt-BR\",\"@id\":\"https:\\\/\\\/www.encontrajardins.com.br\\\/av-faria-lima\\\/retirada-de-radar-preocupa-motoristas-no-trecho-da-faria-lima\\\/#primaryimage\",\"url\":\"https:\\\/\\\/www.encontrajardins.com.br\\\/av-faria-lima\\\/wp-content\\\/uploads\\\/2026\\\/08\\\/retirada-de-radar-preocupa-motoristas-no-trecho-da-faria-lima.webp\",\"contentUrl\":\"https:\\\/\\\/www.encontrajardins.com.br\\\/av-faria-lima\\\/wp-content\\\/uploads\\\/2026\\\/08\\\/retirada-de-radar-preocupa-motoristas-no-trecho-da-faria-lima.webp\",\"width\":280,\"height\":280,\"caption\":\"retirada de radar\"},{\"@type\":\"WebSite\",\"@id\":\"https:\\\/\\\/www.encontrajardins.com.br\\\/av-faria-lima\\\/#website\",\"url\":\"https:\\\/\\\/www.encontrajardins.com.br\\\/av-faria-lima\\\/\",\"name\":\"Guia Comercial Avenida Faria Lima\",\"description\":\"ENCONTRA AVENIDA FARIA LIMA - O guia comercial de neg\u00f3cios e empresas, cultura e divers\u00e3o na Avenida Faria Lima. Feito 100% para voc\u00ea morador!\",\"potentialAction\":[{\"@type\":\"SearchAction\",\"target\":{\"@type\":\"EntryPoint\",\"urlTemplate\":\"https:\\\/\\\/www.encontrajardins.com.br\\\/av-faria-lima\\\/?s={search_term_string}\"},\"query-input\":{\"@type\":\"PropertyValueSpecification\",\"valueRequired\":true,\"valueName\":\"search_term_string\"}}],\"inLanguage\":\"pt-BR\"},{\"@type\":\"Person\",\"@id\":\"https:\\\/\\\/www.encontrajardins.com.br\\\/av-faria-lima\\\/#\\\/schema\\\/person\\\/79badd2a12b75d685ad41dac082e5111\",\"name\":\"Encontra Avenida Faria Lima\",\"image\":{\"@type\":\"ImageObject\",\"inLanguage\":\"pt-BR\",\"@id\":\"https:\\\/\\\/www.encontrajardins.com.br\\\/av-faria-lima\\\/wp-content\\\/litespeed\\\/avatar\\\/e92a756db1fc224ef50d2f00ed0d047a.jpg?ver=1787888441\",\"url\":\"https:\\\/\\\/www.encontrajardins.com.br\\\/av-faria-lima\\\/wp-content\\\/litespeed\\\/avatar\\\/e92a756db1fc224ef50d2f00ed0d047a.jpg?ver=1787888441\",\"contentUrl\":\"https:\\\/\\\/www.encontrajardins.com.br\\\/av-faria-lima\\\/wp-content\\\/litespeed\\\/avatar\\\/e92a756db1fc224ef50d2f00ed0d047a.jpg?ver=1787888441\",\"caption\":\"Encontra Avenida Faria Lima\"},\"url\":\"https:\\\/\\\/www.encontrajardins.com.br\\\/av-faria-lima\\\/author\\\/av-faria-lima\\\/\"}]}<\/script>\n<!-- \/ Yoast SEO plugin. -->","yoast_head_json":{"title":"Retirada de radar preocupa motoristas no trecho da Faria Lima | Guia Comercial Avenida Faria Lima","robots":{"index":"index","follow":"follow","max-snippet":"max-snippet:-1","max-image-preview":"max-image-preview:large","max-video-preview":"max-video-preview:-1"},"canonical":"https:\/\/www.encontrajardins.com.br\/av-faria-lima\/retirada-de-radar-preocupa-motoristas-no-trecho-da-faria-lima\/","og_locale":"pt_BR","og_type":"article","og_title":"Retirada de radar preocupa motoristas no trecho da Faria Lima | Guia Comercial Avenida Faria Lima","og_description":"Retirada de radar na Faria Lima gera inquieta\u00e7\u00e3o entre motoristas e pedestres na regi\u00e3o de Londrina.","og_url":"https:\/\/www.encontrajardins.com.br\/av-faria-lima\/retirada-de-radar-preocupa-motoristas-no-trecho-da-faria-lima\/","og_site_name":"Guia Comercial Avenida Faria Lima","article_published_time":"2026-08-27T09:33:01+00:00","og_image":[{"url":"https:\/\/www.encontrajardins.com.br\/av-faria-lima\/wp-content\/uploads\/2026\/08\/retirada-de-radar-preocupa-motoristas-no-trecho-da-faria-lima.webp","type":"","width":"","height":""}],"author":"Encontra Avenida Faria Lima","twitter_card":"summary_large_image","twitter_misc":{"Escrito por":"Encontra Avenida Faria Lima","Est. tempo de leitura":"5 minutos"},"schema":{"@context":"https:\/\/schema.org","@graph":[{"@type":"Article","@id":"https:\/\/www.encontrajardins.com.br\/av-faria-lima\/retirada-de-radar-preocupa-motoristas-no-trecho-da-faria-lima\/#article","isPartOf":{"@id":"https:\/\/www.encontrajardins.com.br\/av-faria-lima\/retirada-de-radar-preocupa-motoristas-no-trecho-da-faria-lima\/"},"author":{"name":"Encontra Avenida Faria Lima","@id":"https:\/\/www.encontrajardins.com.br\/av-faria-lima\/#\/schema\/person\/79badd2a12b75d685ad41dac082e5111"},"headline":"Retirada de radar preocupa motoristas no trecho da Faria Lima","datePublished":"2026-08-27T09:33:01+00:00","mainEntityOfPage":{"@id":"https:\/\/www.encontrajardins.com.br\/av-faria-lima\/retirada-de-radar-preocupa-motoristas-no-trecho-da-faria-lima\/"},"wordCount":936,"commentCount":0,"image":{"@id":"https:\/\/www.encontrajardins.com.br\/av-faria-lima\/retirada-de-radar-preocupa-motoristas-no-trecho-da-faria-lima\/#primaryimage"},"thumbnailUrl":"https:\/\/www.encontrajardins.com.br\/av-faria-lima\/wp-content\/uploads\/2026\/08\/retirada-de-radar-preocupa-motoristas-no-trecho-da-faria-lima.webp","articleSection":["Tr\u00e2nsito Avenida Faria Lima"],"inLanguage":"pt-BR","potentialAction":[{"@type":"CommentAction","name":"Comment","target":["https:\/\/www.encontrajardins.com.br\/av-faria-lima\/retirada-de-radar-preocupa-motoristas-no-trecho-da-faria-lima\/#respond"]}]},{"@type":"WebPage","@id":"https:\/\/www.encontrajardins.com.br\/av-faria-lima\/retirada-de-radar-preocupa-motoristas-no-trecho-da-faria-lima\/","url":"https:\/\/www.encontrajardins.com.br\/av-faria-lima\/retirada-de-radar-preocupa-motoristas-no-trecho-da-faria-lima\/","name":"Retirada de radar preocupa motoristas no trecho da Faria Lima | Guia Comercial Avenida Faria Lima","isPartOf":{"@id":"https:\/\/www.encontrajardins.com.br\/av-faria-lima\/#website"},"primaryImageOfPage":{"@id":"https:\/\/www.encontrajardins.com.br\/av-faria-lima\/retirada-de-radar-preocupa-motoristas-no-trecho-da-faria-lima\/#primaryimage"},"image":{"@id":"https:\/\/www.encontrajardins.com.br\/av-faria-lima\/retirada-de-radar-preocupa-motoristas-no-trecho-da-faria-lima\/#primaryimage"},"thumbnailUrl":"https:\/\/www.encontrajardins.com.br\/av-faria-lima\/wp-content\/uploads\/2026\/08\/retirada-de-radar-preocupa-motoristas-no-trecho-da-faria-lima.webp","datePublished":"2026-08-27T09:33:01+00:00","author":{"@id":"https:\/\/www.encontrajardins.com.br\/av-faria-lima\/#\/schema\/person\/79badd2a12b75d685ad41dac082e5111"},"inLanguage":"pt-BR","potentialAction":[{"@type":"ReadAction","target":["https:\/\/www.encontrajardins.com.br\/av-faria-lima\/retirada-de-radar-preocupa-motoristas-no-trecho-da-faria-lima\/"]}]},{"@type":"ImageObject","inLanguage":"pt-BR","@id":"https:\/\/www.encontrajardins.com.br\/av-faria-lima\/retirada-de-radar-preocupa-motoristas-no-trecho-da-faria-lima\/#primaryimage","url":"https:\/\/www.encontrajardins.com.br\/av-faria-lima\/wp-content\/uploads\/2026\/08\/retirada-de-radar-preocupa-motoristas-no-trecho-da-faria-lima.webp","contentUrl":"https:\/\/www.encontrajardins.com.br\/av-faria-lima\/wp-content\/uploads\/2026\/08\/retirada-de-radar-preocupa-motoristas-no-trecho-da-faria-lima.webp","width":280,"height":280,"caption":"retirada de radar"},{"@type":"WebSite","@id":"https:\/\/www.encontrajardins.com.br\/av-faria-lima\/#website","url":"https:\/\/www.encontrajardins.com.br\/av-faria-lima\/","name":"Guia Comercial Avenida Faria Lima","description":"ENCONTRA AVENIDA FARIA LIMA - O guia comercial de neg\u00f3cios e empresas, cultura e divers\u00e3o na Avenida Faria Lima. Feito 100% para voc\u00ea morador!","potentialAction":[{"@type":"SearchAction","target":{"@type":"EntryPoint","urlTemplate":"https:\/\/www.encontrajardins.com.br\/av-faria-lima\/?s={search_term_string}"},"query-input":{"@type":"PropertyValueSpecification","valueRequired":true,"valueName":"search_term_string"}}],"inLanguage":"pt-BR"},{"@type":"Person","@id":"https:\/\/www.encontrajardins.com.br\/av-faria-lima\/#\/schema\/person\/79badd2a12b75d685ad41dac082e5111","name":"Encontra Avenida Faria Lima","image":{"@type":"ImageObject","inLanguage":"pt-BR","@id":"https:\/\/www.encontrajardins.com.br\/av-faria-lima\/wp-content\/litespeed\/avatar\/e92a756db1fc224ef50d2f00ed0d047a.jpg?ver=1787888441","url":"https:\/\/www.encontrajardins.com.br\/av-faria-lima\/wp-content\/litespeed\/avatar\/e92a756db1fc224ef50d2f00ed0d047a.jpg?ver=1787888441","contentUrl":"https:\/\/www.encontrajardins.com.br\/av-faria-lima\/wp-content\/litespeed\/avatar\/e92a756db1fc224ef50d2f00ed0d047a.jpg?ver=1787888441","caption":"Encontra Avenida Faria Lima"},"url":"https:\/\/www.encontrajardins.com.br\/av-faria-lima\/author\/av-faria-lima\/"}]}},"_links":{"self":[{"href":"https:\/\/www.encontrajardins.com.br\/av-faria-lima\/wp-json\/wp\/v2\/posts\/5209","targetHints":{"allow":["GET"]}}],"collection":[{"href":"https:\/\/www.encontrajardins.com.br\/av-faria-lima\/wp-json\/wp\/v2\/posts"}],"about":[{"href":"https:\/\/www.encontrajardins.com.br\/av-faria-lima\/wp-json\/wp\/v2\/types\/post"}],"author":[{"embeddable":true,"href":"https:\/\/www.encontrajardins.com.br\/av-faria-lima\/wp-json\/wp\/v2\/users\/1"}],"replies":[{"embeddable":true,"href":"https:\/\/www.encontrajardins.com.br\/av-faria-lima\/wp-json\/wp\/v2\/comments?post=5209"}],"version-history":[{"count":0,"href":"https:\/\/www.encontrajardins.com.br\/av-faria-lima\/wp-json\/wp\/v2\/posts\/5209\/revisions"}],"wp:featuredmedia":[{"embeddable":true,"href":"https:\/\/www.encontrajardins.com.br\/av-faria-lima\/wp-json\/wp\/v2\/media\/5208"}],"wp:attachment":[{"href":"https:\/\/www.encontrajardins.com.br\/av-faria-lima\/wp-json\/wp\/v2\/media?parent=5209"}],"wp:term":[{"taxonomy":"category","embeddable":true,"href":"https:\/\/www.encontrajardins.com.br\/av-faria-lima\/wp-json\/wp\/v2\/categories?post=5209"},{"taxonomy":"post_tag","embeddable":true,"href":"https:\/\/www.encontrajardins.com.br\/av-faria-lima\/wp-json\/wp\/v2\/tags?post=5209"}],"curies":[{"name":"wp","href":"https:\/\/api.w.org\/{rel}","templated":true}]}}