{"id":5213,"date":"2026-08-28T06:31:58","date_gmt":"2026-08-28T09:31:58","guid":{"rendered":"https:\/\/www.encontrajardins.com.br\/av-faria-lima\/linha-153-ganha-novo-itinerario-e-cinco-pontos-de-parada-em-santos\/"},"modified":"2026-08-28T06:31:58","modified_gmt":"2026-08-28T09:31:58","slug":"linha-153-ganha-novo-itinerario-e-cinco-pontos-de-parada-em-santos","status":"publish","type":"post","link":"https:\/\/www.encontrajardins.com.br\/av-faria-lima\/linha-153-ganha-novo-itinerario-e-cinco-pontos-de-parada-em-santos\/","title":{"rendered":"Linha 153 ganha novo itiner\u00e1rio e cinco pontos de parada em Santos"},"content":{"rendered":"<h2>Como as Mudan\u00e7as Afetam os Passageiros<\/h2>\n<p>A atualiza\u00e7\u00e3o na linha 153 traz uma s\u00e9rie de benef\u00edcios para os usu\u00e1rios deste transporte p\u00fablico, especialmente para aqueles que precisam se deslocar entre o R\u00e1dio Clube e o Jos\u00e9 Menino. Com a inclus\u00e3o de novos trechos e paradas, a acessibilidade e a conveni\u00eancia para os passageiros aumentam consideravelmente. Essas altera\u00e7\u00f5es t\u00eam o potencial de diminuir o tempo de viagem e facilitar o acesso a \u00e1reas comerciais e de lazer, promovendo um fluxo mais eficiente no dia a dia dos usu\u00e1rios.<\/p>\n<h2>Os Novos Pontos de Parada na Avenida Faria Lima<\/h2>\n<p>Dentre as principais inova\u00e7\u00f5es, destaca-se a instala\u00e7\u00e3o de cinco novos pontos de parada na Avenida Brigadeiro Faria Lima. Essa mudan\u00e7a \u00e9 significativa, pois permite que mais passageiros tenham acesso f\u00e1cil ao transporte, refletindo um compromisso com a melhoria da mobilidade urbana. Os novos pontos oferecem op\u00e7\u00f5es de embarque e desembarque em locais estrat\u00e9gicos, atendendo uma demanda crescente de pessoas que utilizam essa via importante.<\/p>\n<h2>Itiner\u00e1rio de Ida e Volta Detalhado<\/h2>\n<p>O novo itiner\u00e1rio da linha 153 foi estruturado para maximizar a efici\u00eancia do servi\u00e7o, com um percurso de ida atualizado que inclui:<\/p>\n<p><img decoding=\"async\" src=\"https:\/\/www.encontrajardins.com.br\/av-faria-lima\/wp-content\/uploads\/2026\/08\/linha-153-ganha-novo-itinerario-e-cinco-pontos-de-parada-em-santos.webp\" alt=\"linha 153\" loading=\"lazy\" \/><\/p>\n<ul>\n<li>In\u00edcio na Rua Vereador \u00c1lvaro Guimar\u00e3es.<\/li>\n<li>Ponto de retorno na Pra\u00e7a Jer\u00f4nimo La Terza.<\/li>\n<li>Inclus\u00e3o de novos trechos na Avenida Brigadeiro Faria Lima e Avenida Hugo Maia.<\/li>\n<li>Retorno pela mesma Rua Vereador \u00c1lvaro Guimar\u00e3es.<\/li>\n<\/ul>\n<p>No trajeto de volta, mant\u00e9m-se a maior parte do percurso original, o que garante continuidade para os passageiros que utilizam a linha de maneira regular. Isso assegura que tanto o acesso \u00e0 orla quanto ao centro da cidade permane\u00e7am inalterados.<\/p>\n<h2>Altera\u00e7\u00f5es no Percurso: O Que os Passageiros Precisam Saber<\/h2>\n<p>Com as perfeitas altera\u00e7\u00f5es, \u00e9 crucial que os usu\u00e1rios se familiarizem com as mudan\u00e7as. A linha agora passa a abordar trechos que antes n\u00e3o eram atendidos, aumentando a cobertura do transporte na cidade. Para os passageiros habituais, \u00e9 recomend\u00e1vel prestar aten\u00e7\u00e3o ao novo itiner\u00e1rio, principalmente nas novas paradas que oferecem mais versatilidade e facilidade de acesso. Eles devem consultar frequentemente as informa\u00e7\u00f5es dispon\u00edveis para se manter atualizados sobre quaisquer poss\u00edveis ajustes futuros.<\/p>\n<h2>Benef\u00edcios das Novas Rotas para a Comunidade<\/h2>\n<p>A introdu\u00e7\u00e3o de novas rotas e paradas no itiner\u00e1rio da linha 153 n\u00e3o somente promove a mobilidade, mas tamb\u00e9m refor\u00e7a a import\u00e2ncia do transporte p\u00fablico no cotidiano dos moradores. Esses benef\u00edcios incluem:<\/p>\n<ul>\n<li><strong>Melhora no Acesso:<\/strong> Os novos pontos de parada favorecem o acesso a \u00e1reas comerciais e de lazer, beneficiando tanto moradores quanto visitantes.<\/li>\n<li><strong>Redu\u00e7\u00e3o de Congestionamentos:<\/strong> Com mais op\u00e7\u00f5es de transporte, espera-se uma diminui\u00e7\u00e3o no uso de ve\u00edculos particulares, resultando em menos congestionamento nas vias.<\/li>\n<li><strong>Apoio \u00e0 Sustentabilidade:<\/strong> A promo\u00e7\u00e3o do transporte coletivo \u00e9 uma medida alinhada com as metas de desenvolvimento sustent\u00e1vel.<\/li>\n<\/ul>\n<h2>A Import\u00e2ncia do Transporte P\u00fablico na Cidade<\/h2>\n<p>O transporte p\u00fablico desempenha um papel fundamental na organiza\u00e7\u00e3o urbana. \u00c9 uma ferramenta essencial para garantir que os cidad\u00e3os possam se mover com efici\u00eancia e sem dificuldades. A amplia\u00e7\u00e3o do itiner\u00e1rio da linha 153 \u00e9 um passo positivo rumo \u00e0 melhoria da qualidade de vida na cidade, oferecendo alternativas vi\u00e1veis para o deslocamento.<\/p>\n<h2>Informa\u00e7\u00f5es sobre a Rota Alternativa aos Domingos<\/h2>\n<p>A rota alternativa que se aplica aos domingos durante a feira livre no Jabaquara \u00e9 um exemplo de como as mudan\u00e7as se adaptam \u00e0s necessidades da comunidade. Essa rota \u00e9 a seguinte:<\/p>\n<ul>\n<li>Rua Gast\u00e3o Vidigal.<\/li>\n<li>Rua Major Quintino Lacerda.<\/li>\n<li>Rua Manoel Nascimento J\u00fanior.<\/li>\n<\/ul>\n<p>Esse servi\u00e7o \u00e9 especialmente projetado para garantir que os frequentadores da feira tenham uma op\u00e7\u00e3o acess\u00edvel e pr\u00e1tica de transporte, o que demonstra a preocupa\u00e7\u00e3o com a variabilidade do uso do transporte p\u00fablico ao longo da semana.<\/p>\n<h2>O Papel da Nova Itiner\u00e1rio no Desenvolvimento Sustent\u00e1vel<\/h2>\n<p>Essas mudan\u00e7as na linha 153 s\u00e3o um reflexo do compromisso da cidade com a sustentabilidade. Ao expandir o acesso ao transporte p\u00fablico, contribui-se para pr\u00e1ticas mais ecol\u00f3gicas, reduzindo a depend\u00eancia de ve\u00edculos particulares e promovendo um meio mais sustent\u00e1vel de transporte. Al\u00e9m disso, essas a\u00e7\u00f5es alinhadas aos Objetivos de Desenvolvimento Sustent\u00e1vel (ODS) da ONU, ressalta a import\u00e2ncia do investimento em transporte coletivo.<\/p>\n<h2>Como Acompanhar as Mudan\u00e7as no Transporte de Santos<\/h2>\n<p>Os usu\u00e1rios do transporte p\u00fablico em Santos s\u00e3o encorajados a acompanhar as mudan\u00e7as no itiner\u00e1rio por meio de diferentes canais. Informa\u00e7\u00f5es atualizadas podem ser acessadas no site da Prefeitura de Santos ou nas redes sociais dedicadas ao transporte p\u00fablico. Isso \u00e9 essencial para garantir que os passageiros se mantenham informados sobre quaisquer futuras altera\u00e7\u00f5es que possam impactar suas rotas di\u00e1rias.<\/p>\n<h2>Opini\u00f5es de Usu\u00e1rios e Impactos das Altera\u00e7\u00f5es<\/h2>\n<p>A recep\u00e7\u00e3o das novas mudan\u00e7as tem sido positiva entre os passageiros. Muitos destacam a conveni\u00eancia das novas paradas e o impacto que isso tem em sua rotina di\u00e1ria. A expectativa \u00e9 que essas altera\u00e7\u00f5es resultem em um aumento significativo no n\u00famero de passageiros, melhorando a experi\u00eancia geral de quem utiliza a linha 153 e, assim, contribuindo para um transporte p\u00fablico mais eficiente e acess\u00edvel.<\/p>\n","protected":false},"excerpt":{"rendered":"<p>Linha 153 em Santos ganha novo itiner\u00e1rio e cinco novas paradas.<\/p>\n","protected":false},"author":1,"featured_media":5212,"comment_status":"open","ping_status":"open","sticky":false,"template":"","format":"standard","meta":{"footnotes":""},"categories":[904],"tags":[],"class_list":["post-5213","post","type-post","status-publish","format-standard","has-post-thumbnail","hentry","category-transito","has_thumb"],"yoast_head":"<!-- This site is optimized with the Yoast SEO plugin v28.1 - https:\/\/yoast.com\/product\/yoast-seo-wordpress\/ -->\n<title>Linha 153 ganha novo itiner\u00e1rio e cinco pontos de parada em Santos | Guia Comercial Avenida Faria Lima<\/title>\n<meta name=\"robots\" content=\"index, follow, max-snippet:-1, max-image-preview:large, max-video-preview:-1\" \/>\n<link rel=\"canonical\" href=\"https:\/\/www.encontrajardins.com.br\/av-faria-lima\/linha-153-ganha-novo-itinerario-e-cinco-pontos-de-parada-em-santos\/\" \/>\n<meta property=\"og:locale\" content=\"pt_BR\" \/>\n<meta property=\"og:type\" content=\"article\" \/>\n<meta property=\"og:title\" content=\"Linha 153 ganha novo itiner\u00e1rio e cinco pontos de parada em Santos | Guia Comercial Avenida Faria Lima\" \/>\n<meta property=\"og:description\" content=\"Linha 153 em Santos ganha novo itiner\u00e1rio e cinco novas paradas.\" \/>\n<meta property=\"og:url\" content=\"https:\/\/www.encontrajardins.com.br\/av-faria-lima\/linha-153-ganha-novo-itinerario-e-cinco-pontos-de-parada-em-santos\/\" \/>\n<meta property=\"og:site_name\" content=\"Guia Comercial Avenida Faria Lima\" \/>\n<meta property=\"article:published_time\" content=\"2026-08-28T09:31:58+00:00\" \/>\n<meta property=\"og:image\" content=\"https:\/\/www.encontrajardins.com.br\/av-faria-lima\/wp-content\/uploads\/2026\/08\/linha-153-ganha-novo-itinerario-e-cinco-pontos-de-parada-em-santos.webp\" \/>\n<meta name=\"author\" content=\"Encontra Avenida Faria Lima\" \/>\n<meta name=\"twitter:card\" content=\"summary_large_image\" \/>\n<meta name=\"twitter:label1\" content=\"Escrito por\" \/>\n\t<meta name=\"twitter:data1\" content=\"Encontra Avenida Faria Lima\" \/>\n\t<meta name=\"twitter:label2\" content=\"Est. tempo de leitura\" \/>\n\t<meta name=\"twitter:data2\" content=\"4 minutos\" \/>\n<script type=\"application\/ld+json\" class=\"yoast-schema-graph\">{\"@context\":\"https:\\\/\\\/schema.org\",\"@graph\":[{\"@type\":\"Article\",\"@id\":\"https:\\\/\\\/www.encontrajardins.com.br\\\/av-faria-lima\\\/linha-153-ganha-novo-itinerario-e-cinco-pontos-de-parada-em-santos\\\/#article\",\"isPartOf\":{\"@id\":\"https:\\\/\\\/www.encontrajardins.com.br\\\/av-faria-lima\\\/linha-153-ganha-novo-itinerario-e-cinco-pontos-de-parada-em-santos\\\/\"},\"author\":{\"name\":\"Encontra Avenida Faria Lima\",\"@id\":\"https:\\\/\\\/www.encontrajardins.com.br\\\/av-faria-lima\\\/#\\\/schema\\\/person\\\/79badd2a12b75d685ad41dac082e5111\"},\"headline\":\"Linha 153 ganha novo itiner\u00e1rio e cinco pontos de parada em Santos\",\"datePublished\":\"2026-08-28T09:31:58+00:00\",\"mainEntityOfPage\":{\"@id\":\"https:\\\/\\\/www.encontrajardins.com.br\\\/av-faria-lima\\\/linha-153-ganha-novo-itinerario-e-cinco-pontos-de-parada-em-santos\\\/\"},\"wordCount\":903,\"commentCount\":0,\"image\":{\"@id\":\"https:\\\/\\\/www.encontrajardins.com.br\\\/av-faria-lima\\\/linha-153-ganha-novo-itinerario-e-cinco-pontos-de-parada-em-santos\\\/#primaryimage\"},\"thumbnailUrl\":\"https:\\\/\\\/www.encontrajardins.com.br\\\/av-faria-lima\\\/wp-content\\\/uploads\\\/2026\\\/08\\\/linha-153-ganha-novo-itinerario-e-cinco-pontos-de-parada-em-santos.webp\",\"articleSection\":[\"Tr\u00e2nsito Avenida Faria Lima\"],\"inLanguage\":\"pt-BR\",\"potentialAction\":[{\"@type\":\"CommentAction\",\"name\":\"Comment\",\"target\":[\"https:\\\/\\\/www.encontrajardins.com.br\\\/av-faria-lima\\\/linha-153-ganha-novo-itinerario-e-cinco-pontos-de-parada-em-santos\\\/#respond\"]}]},{\"@type\":\"WebPage\",\"@id\":\"https:\\\/\\\/www.encontrajardins.com.br\\\/av-faria-lima\\\/linha-153-ganha-novo-itinerario-e-cinco-pontos-de-parada-em-santos\\\/\",\"url\":\"https:\\\/\\\/www.encontrajardins.com.br\\\/av-faria-lima\\\/linha-153-ganha-novo-itinerario-e-cinco-pontos-de-parada-em-santos\\\/\",\"name\":\"Linha 153 ganha novo itiner\u00e1rio e cinco pontos de parada em Santos | Guia Comercial Avenida Faria Lima\",\"isPartOf\":{\"@id\":\"https:\\\/\\\/www.encontrajardins.com.br\\\/av-faria-lima\\\/#website\"},\"primaryImageOfPage\":{\"@id\":\"https:\\\/\\\/www.encontrajardins.com.br\\\/av-faria-lima\\\/linha-153-ganha-novo-itinerario-e-cinco-pontos-de-parada-em-santos\\\/#primaryimage\"},\"image\":{\"@id\":\"https:\\\/\\\/www.encontrajardins.com.br\\\/av-faria-lima\\\/linha-153-ganha-novo-itinerario-e-cinco-pontos-de-parada-em-santos\\\/#primaryimage\"},\"thumbnailUrl\":\"https:\\\/\\\/www.encontrajardins.com.br\\\/av-faria-lima\\\/wp-content\\\/uploads\\\/2026\\\/08\\\/linha-153-ganha-novo-itinerario-e-cinco-pontos-de-parada-em-santos.webp\",\"datePublished\":\"2026-08-28T09:31:58+00:00\",\"author\":{\"@id\":\"https:\\\/\\\/www.encontrajardins.com.br\\\/av-faria-lima\\\/#\\\/schema\\\/person\\\/79badd2a12b75d685ad41dac082e5111\"},\"inLanguage\":\"pt-BR\",\"potentialAction\":[{\"@type\":\"ReadAction\",\"target\":[\"https:\\\/\\\/www.encontrajardins.com.br\\\/av-faria-lima\\\/linha-153-ganha-novo-itinerario-e-cinco-pontos-de-parada-em-santos\\\/\"]}]},{\"@type\":\"ImageObject\",\"inLanguage\":\"pt-BR\",\"@id\":\"https:\\\/\\\/www.encontrajardins.com.br\\\/av-faria-lima\\\/linha-153-ganha-novo-itinerario-e-cinco-pontos-de-parada-em-santos\\\/#primaryimage\",\"url\":\"https:\\\/\\\/www.encontrajardins.com.br\\\/av-faria-lima\\\/wp-content\\\/uploads\\\/2026\\\/08\\\/linha-153-ganha-novo-itinerario-e-cinco-pontos-de-parada-em-santos.webp\",\"contentUrl\":\"https:\\\/\\\/www.encontrajardins.com.br\\\/av-faria-lima\\\/wp-content\\\/uploads\\\/2026\\\/08\\\/linha-153-ganha-novo-itinerario-e-cinco-pontos-de-parada-em-santos.webp\",\"width\":280,\"height\":280,\"caption\":\"linha 153\"},{\"@type\":\"WebSite\",\"@id\":\"https:\\\/\\\/www.encontrajardins.com.br\\\/av-faria-lima\\\/#website\",\"url\":\"https:\\\/\\\/www.encontrajardins.com.br\\\/av-faria-lima\\\/\",\"name\":\"Guia Comercial Avenida Faria Lima\",\"description\":\"ENCONTRA AVENIDA FARIA LIMA - O guia comercial de neg\u00f3cios e empresas, cultura e divers\u00e3o na Avenida Faria Lima. Feito 100% para voc\u00ea morador!\",\"potentialAction\":[{\"@type\":\"SearchAction\",\"target\":{\"@type\":\"EntryPoint\",\"urlTemplate\":\"https:\\\/\\\/www.encontrajardins.com.br\\\/av-faria-lima\\\/?s={search_term_string}\"},\"query-input\":{\"@type\":\"PropertyValueSpecification\",\"valueRequired\":true,\"valueName\":\"search_term_string\"}}],\"inLanguage\":\"pt-BR\"},{\"@type\":\"Person\",\"@id\":\"https:\\\/\\\/www.encontrajardins.com.br\\\/av-faria-lima\\\/#\\\/schema\\\/person\\\/79badd2a12b75d685ad41dac082e5111\",\"name\":\"Encontra Avenida Faria Lima\",\"image\":{\"@type\":\"ImageObject\",\"inLanguage\":\"pt-BR\",\"@id\":\"https:\\\/\\\/www.encontrajardins.com.br\\\/av-faria-lima\\\/wp-content\\\/litespeed\\\/avatar\\\/e92a756db1fc224ef50d2f00ed0d047a.jpg?ver=1787888441\",\"url\":\"https:\\\/\\\/www.encontrajardins.com.br\\\/av-faria-lima\\\/wp-content\\\/litespeed\\\/avatar\\\/e92a756db1fc224ef50d2f00ed0d047a.jpg?ver=1787888441\",\"contentUrl\":\"https:\\\/\\\/www.encontrajardins.com.br\\\/av-faria-lima\\\/wp-content\\\/litespeed\\\/avatar\\\/e92a756db1fc224ef50d2f00ed0d047a.jpg?ver=1787888441\",\"caption\":\"Encontra Avenida Faria Lima\"},\"url\":\"https:\\\/\\\/www.encontrajardins.com.br\\\/av-faria-lima\\\/author\\\/av-faria-lima\\\/\"}]}<\/script>\n<!-- \/ Yoast SEO plugin. -->","yoast_head_json":{"title":"Linha 153 ganha novo itiner\u00e1rio e cinco pontos de parada em Santos | Guia Comercial Avenida Faria Lima","robots":{"index":"index","follow":"follow","max-snippet":"max-snippet:-1","max-image-preview":"max-image-preview:large","max-video-preview":"max-video-preview:-1"},"canonical":"https:\/\/www.encontrajardins.com.br\/av-faria-lima\/linha-153-ganha-novo-itinerario-e-cinco-pontos-de-parada-em-santos\/","og_locale":"pt_BR","og_type":"article","og_title":"Linha 153 ganha novo itiner\u00e1rio e cinco pontos de parada em Santos | Guia Comercial Avenida Faria Lima","og_description":"Linha 153 em Santos ganha novo itiner\u00e1rio e cinco novas paradas.","og_url":"https:\/\/www.encontrajardins.com.br\/av-faria-lima\/linha-153-ganha-novo-itinerario-e-cinco-pontos-de-parada-em-santos\/","og_site_name":"Guia Comercial Avenida Faria Lima","article_published_time":"2026-08-28T09:31:58+00:00","og_image":[{"url":"https:\/\/www.encontrajardins.com.br\/av-faria-lima\/wp-content\/uploads\/2026\/08\/linha-153-ganha-novo-itinerario-e-cinco-pontos-de-parada-em-santos.webp","type":"","width":"","height":""}],"author":"Encontra Avenida Faria Lima","twitter_card":"summary_large_image","twitter_misc":{"Escrito por":"Encontra Avenida Faria Lima","Est. tempo de leitura":"4 minutos"},"schema":{"@context":"https:\/\/schema.org","@graph":[{"@type":"Article","@id":"https:\/\/www.encontrajardins.com.br\/av-faria-lima\/linha-153-ganha-novo-itinerario-e-cinco-pontos-de-parada-em-santos\/#article","isPartOf":{"@id":"https:\/\/www.encontrajardins.com.br\/av-faria-lima\/linha-153-ganha-novo-itinerario-e-cinco-pontos-de-parada-em-santos\/"},"author":{"name":"Encontra Avenida Faria Lima","@id":"https:\/\/www.encontrajardins.com.br\/av-faria-lima\/#\/schema\/person\/79badd2a12b75d685ad41dac082e5111"},"headline":"Linha 153 ganha novo itiner\u00e1rio e cinco pontos de parada em Santos","datePublished":"2026-08-28T09:31:58+00:00","mainEntityOfPage":{"@id":"https:\/\/www.encontrajardins.com.br\/av-faria-lima\/linha-153-ganha-novo-itinerario-e-cinco-pontos-de-parada-em-santos\/"},"wordCount":903,"commentCount":0,"image":{"@id":"https:\/\/www.encontrajardins.com.br\/av-faria-lima\/linha-153-ganha-novo-itinerario-e-cinco-pontos-de-parada-em-santos\/#primaryimage"},"thumbnailUrl":"https:\/\/www.encontrajardins.com.br\/av-faria-lima\/wp-content\/uploads\/2026\/08\/linha-153-ganha-novo-itinerario-e-cinco-pontos-de-parada-em-santos.webp","articleSection":["Tr\u00e2nsito Avenida Faria Lima"],"inLanguage":"pt-BR","potentialAction":[{"@type":"CommentAction","name":"Comment","target":["https:\/\/www.encontrajardins.com.br\/av-faria-lima\/linha-153-ganha-novo-itinerario-e-cinco-pontos-de-parada-em-santos\/#respond"]}]},{"@type":"WebPage","@id":"https:\/\/www.encontrajardins.com.br\/av-faria-lima\/linha-153-ganha-novo-itinerario-e-cinco-pontos-de-parada-em-santos\/","url":"https:\/\/www.encontrajardins.com.br\/av-faria-lima\/linha-153-ganha-novo-itinerario-e-cinco-pontos-de-parada-em-santos\/","name":"Linha 153 ganha novo itiner\u00e1rio e cinco pontos de parada em Santos | Guia Comercial Avenida Faria Lima","isPartOf":{"@id":"https:\/\/www.encontrajardins.com.br\/av-faria-lima\/#website"},"primaryImageOfPage":{"@id":"https:\/\/www.encontrajardins.com.br\/av-faria-lima\/linha-153-ganha-novo-itinerario-e-cinco-pontos-de-parada-em-santos\/#primaryimage"},"image":{"@id":"https:\/\/www.encontrajardins.com.br\/av-faria-lima\/linha-153-ganha-novo-itinerario-e-cinco-pontos-de-parada-em-santos\/#primaryimage"},"thumbnailUrl":"https:\/\/www.encontrajardins.com.br\/av-faria-lima\/wp-content\/uploads\/2026\/08\/linha-153-ganha-novo-itinerario-e-cinco-pontos-de-parada-em-santos.webp","datePublished":"2026-08-28T09:31:58+00:00","author":{"@id":"https:\/\/www.encontrajardins.com.br\/av-faria-lima\/#\/schema\/person\/79badd2a12b75d685ad41dac082e5111"},"inLanguage":"pt-BR","potentialAction":[{"@type":"ReadAction","target":["https:\/\/www.encontrajardins.com.br\/av-faria-lima\/linha-153-ganha-novo-itinerario-e-cinco-pontos-de-parada-em-santos\/"]}]},{"@type":"ImageObject","inLanguage":"pt-BR","@id":"https:\/\/www.encontrajardins.com.br\/av-faria-lima\/linha-153-ganha-novo-itinerario-e-cinco-pontos-de-parada-em-santos\/#primaryimage","url":"https:\/\/www.encontrajardins.com.br\/av-faria-lima\/wp-content\/uploads\/2026\/08\/linha-153-ganha-novo-itinerario-e-cinco-pontos-de-parada-em-santos.webp","contentUrl":"https:\/\/www.encontrajardins.com.br\/av-faria-lima\/wp-content\/uploads\/2026\/08\/linha-153-ganha-novo-itinerario-e-cinco-pontos-de-parada-em-santos.webp","width":280,"height":280,"caption":"linha 153"},{"@type":"WebSite","@id":"https:\/\/www.encontrajardins.com.br\/av-faria-lima\/#website","url":"https:\/\/www.encontrajardins.com.br\/av-faria-lima\/","name":"Guia Comercial Avenida Faria Lima","description":"ENCONTRA AVENIDA FARIA LIMA - O guia comercial de neg\u00f3cios e empresas, cultura e divers\u00e3o na Avenida Faria Lima. Feito 100% para voc\u00ea morador!","potentialAction":[{"@type":"SearchAction","target":{"@type":"EntryPoint","urlTemplate":"https:\/\/www.encontrajardins.com.br\/av-faria-lima\/?s={search_term_string}"},"query-input":{"@type":"PropertyValueSpecification","valueRequired":true,"valueName":"search_term_string"}}],"inLanguage":"pt-BR"},{"@type":"Person","@id":"https:\/\/www.encontrajardins.com.br\/av-faria-lima\/#\/schema\/person\/79badd2a12b75d685ad41dac082e5111","name":"Encontra Avenida Faria Lima","image":{"@type":"ImageObject","inLanguage":"pt-BR","@id":"https:\/\/www.encontrajardins.com.br\/av-faria-lima\/wp-content\/litespeed\/avatar\/e92a756db1fc224ef50d2f00ed0d047a.jpg?ver=1787888441","url":"https:\/\/www.encontrajardins.com.br\/av-faria-lima\/wp-content\/litespeed\/avatar\/e92a756db1fc224ef50d2f00ed0d047a.jpg?ver=1787888441","contentUrl":"https:\/\/www.encontrajardins.com.br\/av-faria-lima\/wp-content\/litespeed\/avatar\/e92a756db1fc224ef50d2f00ed0d047a.jpg?ver=1787888441","caption":"Encontra Avenida Faria Lima"},"url":"https:\/\/www.encontrajardins.com.br\/av-faria-lima\/author\/av-faria-lima\/"}]}},"_links":{"self":[{"href":"https:\/\/www.encontrajardins.com.br\/av-faria-lima\/wp-json\/wp\/v2\/posts\/5213","targetHints":{"allow":["GET"]}}],"collection":[{"href":"https:\/\/www.encontrajardins.com.br\/av-faria-lima\/wp-json\/wp\/v2\/posts"}],"about":[{"href":"https:\/\/www.encontrajardins.com.br\/av-faria-lima\/wp-json\/wp\/v2\/types\/post"}],"author":[{"embeddable":true,"href":"https:\/\/www.encontrajardins.com.br\/av-faria-lima\/wp-json\/wp\/v2\/users\/1"}],"replies":[{"embeddable":true,"href":"https:\/\/www.encontrajardins.com.br\/av-faria-lima\/wp-json\/wp\/v2\/comments?post=5213"}],"version-history":[{"count":0,"href":"https:\/\/www.encontrajardins.com.br\/av-faria-lima\/wp-json\/wp\/v2\/posts\/5213\/revisions"}],"wp:featuredmedia":[{"embeddable":true,"href":"https:\/\/www.encontrajardins.com.br\/av-faria-lima\/wp-json\/wp\/v2\/media\/5212"}],"wp:attachment":[{"href":"https:\/\/www.encontrajardins.com.br\/av-faria-lima\/wp-json\/wp\/v2\/media?parent=5213"}],"wp:term":[{"taxonomy":"category","embeddable":true,"href":"https:\/\/www.encontrajardins.com.br\/av-faria-lima\/wp-json\/wp\/v2\/categories?post=5213"},{"taxonomy":"post_tag","embeddable":true,"href":"https:\/\/www.encontrajardins.com.br\/av-faria-lima\/wp-json\/wp\/v2\/tags?post=5213"}],"curies":[{"name":"wp","href":"https:\/\/api.w.org\/{rel}","templated":true}]}}