{"id":5221,"date":"2026-08-29T06:32:47","date_gmt":"2026-08-29T09:32:47","guid":{"rendered":"https:\/\/www.encontrajardins.com.br\/av-faria-lima\/flavio-reune-empresarios-sob-desconfianca-da-faria-lima-assessora-detalha-plano-economico-e-candidato-promete-ministros-politicos-e-pacificacao-com-stf\/"},"modified":"2026-08-29T06:32:47","modified_gmt":"2026-08-29T09:32:47","slug":"flavio-reune-empresarios-sob-desconfianca-da-faria-lima-assessora-detalha-plano-economico-e-candidato-promete-ministros-politicos-e-pacificacao-com-stf","status":"publish","type":"post","link":"https:\/\/www.encontrajardins.com.br\/av-faria-lima\/flavio-reune-empresarios-sob-desconfianca-da-faria-lima-assessora-detalha-plano-economico-e-candidato-promete-ministros-politicos-e-pacificacao-com-stf\/","title":{"rendered":"Fl\u00e1vio re\u00fane empres\u00e1rios sob desconfian\u00e7a da Faria Lima: assessora detalha plano econ\u00f4mico e candidato promete ministros pol\u00edticos e pacifica\u00e7\u00e3o com STF"},"content":{"rendered":"<h2>A Estrat\u00e9gia de Fl\u00e1vio para Relacionamento com o Congresso<\/h2>\n<p>Fl\u00e1vio Bolsonaro, candidato \u00e0 presid\u00eancia pelo PL, tem se esfor\u00e7ado para construir uma rela\u00e7\u00e3o favor\u00e1vel com o Congresso Nacional, vital para a governabilidade. Durante um jantar realizado em S\u00e3o Paulo, ele e sua assessora econ\u00f4mica expuseram propostas que buscam estreitar la\u00e7os com os setores privados e pol\u00edticos. A abordagem de pol\u00edtica colaborativa e a inclus\u00e3o de ministros com experi\u00eancia pol\u00edtica s\u00e3o elementos-chave neste plano.<\/p>\n<h2>Ministros Pol\u00edticos: Vis\u00e3o de Articula\u00e7\u00e3o<\/h2>\n<p>Fl\u00e1vio destacou a import\u00e2ncia de escolher ministros com um perfil mais pol\u00edtico. Essa decis\u00e3o visa facilitar a negocia\u00e7\u00e3o de projetos e aprova\u00e7\u00f5es no legislativo, convencendo os congressistas de que sua administra\u00e7\u00e3o ser\u00e1 capaz de trabalhar em conjunto e promover as mudan\u00e7as necess\u00e1rias na esfera econ\u00f4mica e social do pa\u00eds.<\/p>\n<h2>Pacifica\u00e7\u00e3o com o STF: Uma Necessidade?<\/h2>\n<p>A proposta de pacifica\u00e7\u00e3o com o Supremo Tribunal Federal (STF) surge como uma tentativa de mitigar tens\u00f5es pol\u00edticas. Fl\u00e1vio enfatizou que os conflitos entre os Poderes devem ser resolvidos no \u00e2mbito pol\u00edtico, buscando um ambiente de respeito e di\u00e1logo. Essa postura visa tranquilizar investidores e aliados pol\u00edticos, demonstrando que sua gest\u00e3o n\u00e3o ser\u00e1 marcada por confrontos com o Judici\u00e1rio.<\/p>\n<p><img decoding=\"async\" src=\"https:\/\/www.encontrajardins.com.br\/av-faria-lima\/wp-content\/uploads\/2026\/08\/flavio-reune-empresarios-sob-desconfianca-da-faria-lima-assessora-detalha-plano-economico-e-candidat.webp\" alt=\"Fl\u00e1vio Bolsonaro\" loading=\"lazy\" \/><\/p>\n<h2>Blindagem da Equipe Econ\u00f4mica: O Que Isso Significa?<\/h2>\n<p>Uma das promessas centrais de Fl\u00e1vio \u00e9 a blindagem da equipe econ\u00f4mica contra interfer\u00eancias pol\u00edticas. Ele afirma querer manter a autonomia de seus economistas, garantindo que decis\u00f5es \u00f3rf\u00e3s de indica\u00e7\u00f5es partid\u00e1rias prevale\u00e7am em sua administra\u00e7\u00e3o. Essa estrat\u00e9gia \u00e9 vista como uma forma de atrair confian\u00e7a do mercado, essencial para investimentos e estabilidade econ\u00f4mica.<\/p>\n<h2>O Jantar com Empres\u00e1rios: Expectativas e Resultados<\/h2>\n<p>O jantar em quest\u00e3o foi organizado com l\u00edderes do setor financeiro e empresarial, reconhecendo a necessidade de se aproximar deste segmento ainda desconfiado em rela\u00e7\u00e3o a sua candidatura. A intera\u00e7\u00e3o foi descrita como positiva, permitindo que Fl\u00e1vio apresentasse suas vis\u00f5es de governo, focando especialmente nos \u00e2mbitos fiscal e econ\u00f4mico.<\/p>\n<h2>O Papel de Daniella Marques na Campanha<\/h2>\n<p>Daniella Marques, assessora econ\u00f4mica, teve um papel destacado durante o evento. Sua fun\u00e7\u00e3o n\u00e3o foi apenas como uma porta-voz das propostas econ\u00f4micas, mas tamb\u00e9m como uma figura fundamental na constru\u00e7\u00e3o da credibilidade do plano de governo de Fl\u00e1vio entre os empres\u00e1rios, destacando medidas que visam a responsabilidade fiscal e a redu\u00e7\u00e3o de gastos.<\/p>\n<h2>Rea\u00e7\u00e3o do Mercado \u00e0s Propostas de Fl\u00e1vio<\/h2>\n<p>A recep\u00e7\u00e3o das propostas por parte do mercado ainda \u00e9 cautelosa. Empres\u00e1rios presentes expressaram preocupa\u00e7\u00e3o sobre a capacidade do candidato de implementar mudan\u00e7as significativas e duradouras. O foco na economia e as dificuldades enfrentadas por empresas brasileiras foram t\u00f3picos levantados, revelando um cen\u00e1rio onde a confian\u00e7a ainda precisa ser solidificada.<\/p>\n<h2>Conflitos entre Poderes e Solu\u00e7\u00f5es Propostas<\/h2>\n<p>Fl\u00e1vio tem tentado diferenciar sua posi\u00e7\u00e3o em rela\u00e7\u00e3o aos conflitos hist\u00f3ricos entre o Executivo e o Judici\u00e1rio. Em vez de apoiar a ado\u00e7\u00e3o de medidas extremas, ele prop\u00f5e um di\u00e1logo cont\u00ednuo, com vistas a um entendimento m\u00fatuo. Essa estrat\u00e9gia \u00e9 vista como uma tentativa de estabilizar o ambiente pol\u00edtico e convencer setores da sociedade sobre sua habilidade em gerenciar crises.<\/p>\n<h2>Import\u00e2ncia da Comunica\u00e7\u00e3o com o Setor Privado<\/h2>\n<p>A comunica\u00e7\u00e3o clara e assertiva com o setor privado \u00e9 vista como uma prioridade em sua campanha. Fl\u00e1vio compreende que nomear figuras respeit\u00e1veis e competentes para cargos-chave, ao mesmo tempo em que informa o p\u00fablico e seus apoiadores sobre as inten\u00e7\u00f5es de sua pol\u00edtica econ\u00f4mica, \u00e9 vital para angariar apoio e confian\u00e7a.\n<\/p>\n<h2>Pr\u00f3ximos Passos na Campanha de Fl\u00e1vio Bolsonaro<\/h2>\n<p>\u00c0 medida que Fl\u00e1vio avan\u00e7a em sua campanha, ele planeja intensificar as intera\u00e7\u00f5es com empres\u00e1rios e o or\u00e7amento, focando em um plano que aborde as preocupa\u00e7\u00f5es relacionadas \u00e0 economia nacional. Al\u00e9m disso, a prepara\u00e7\u00e3o para entrevistas e apari\u00e7\u00f5es de m\u00eddia ser\u00e1 fundamental, visto que a comunica\u00e7\u00e3o eficaz \u00e9 uma ferramenta poderosa para definir a imagem p\u00fablica e sanar desconfian\u00e7as.<\/p>\n","protected":false},"excerpt":{"rendered":"<p>Fl\u00e1vio Bolsonaro destaca sua estrat\u00e9gia com ministros e paz com o STF.<\/p>\n","protected":false},"author":1,"featured_media":5220,"comment_status":"open","ping_status":"open","sticky":false,"template":"","format":"standard","meta":{"footnotes":""},"categories":[5],"tags":[],"class_list":["post-5221","post","type-post","status-publish","format-standard","has-post-thumbnail","hentry","category-noticias","has_thumb"],"yoast_head":"<!-- This site is optimized with the Yoast SEO plugin v28.1 - https:\/\/yoast.com\/product\/yoast-seo-wordpress\/ -->\n<title>Fl\u00e1vio re\u00fane empres\u00e1rios sob desconfian\u00e7a da Faria Lima: assessora detalha plano econ\u00f4mico e candidato promete ministros pol\u00edticos e pacifica\u00e7\u00e3o com STF | Guia Comercial Avenida Faria Lima<\/title>\n<meta name=\"robots\" content=\"index, follow, max-snippet:-1, max-image-preview:large, max-video-preview:-1\" \/>\n<link rel=\"canonical\" href=\"https:\/\/www.encontrajardins.com.br\/av-faria-lima\/flavio-reune-empresarios-sob-desconfianca-da-faria-lima-assessora-detalha-plano-economico-e-candidato-promete-ministros-politicos-e-pacificacao-com-stf\/\" \/>\n<meta property=\"og:locale\" content=\"pt_BR\" \/>\n<meta property=\"og:type\" content=\"article\" \/>\n<meta property=\"og:title\" content=\"Fl\u00e1vio re\u00fane empres\u00e1rios sob desconfian\u00e7a da Faria Lima: assessora detalha plano econ\u00f4mico e candidato promete ministros pol\u00edticos e pacifica\u00e7\u00e3o com STF | Guia Comercial Avenida Faria Lima\" \/>\n<meta property=\"og:description\" content=\"Fl\u00e1vio Bolsonaro destaca sua estrat\u00e9gia com ministros e paz com o STF.\" \/>\n<meta property=\"og:url\" content=\"https:\/\/www.encontrajardins.com.br\/av-faria-lima\/flavio-reune-empresarios-sob-desconfianca-da-faria-lima-assessora-detalha-plano-economico-e-candidato-promete-ministros-politicos-e-pacificacao-com-stf\/\" \/>\n<meta property=\"og:site_name\" content=\"Guia Comercial Avenida Faria Lima\" \/>\n<meta property=\"article:published_time\" content=\"2026-08-29T09:32:47+00:00\" \/>\n<meta property=\"og:image\" content=\"https:\/\/www.encontrajardins.com.br\/av-faria-lima\/wp-content\/uploads\/2026\/08\/flavio-reune-empresarios-sob-desconfianca-da-faria-lima-assessora-detalha-plano-economico-e-candidat.webp\" \/>\n<meta name=\"author\" content=\"Encontra Avenida Faria Lima\" \/>\n<meta name=\"twitter:card\" content=\"summary_large_image\" \/>\n<meta name=\"twitter:label1\" content=\"Escrito por\" \/>\n\t<meta name=\"twitter:data1\" content=\"Encontra Avenida Faria Lima\" \/>\n\t<meta name=\"twitter:label2\" content=\"Est. tempo de leitura\" \/>\n\t<meta name=\"twitter:data2\" content=\"4 minutos\" \/>\n<script type=\"application\/ld+json\" class=\"yoast-schema-graph\">{\"@context\":\"https:\\\/\\\/schema.org\",\"@graph\":[{\"@type\":\"Article\",\"@id\":\"https:\\\/\\\/www.encontrajardins.com.br\\\/av-faria-lima\\\/flavio-reune-empresarios-sob-desconfianca-da-faria-lima-assessora-detalha-plano-economico-e-candidato-promete-ministros-politicos-e-pacificacao-com-stf\\\/#article\",\"isPartOf\":{\"@id\":\"https:\\\/\\\/www.encontrajardins.com.br\\\/av-faria-lima\\\/flavio-reune-empresarios-sob-desconfianca-da-faria-lima-assessora-detalha-plano-economico-e-candidato-promete-ministros-politicos-e-pacificacao-com-stf\\\/\"},\"author\":{\"name\":\"Encontra Avenida Faria Lima\",\"@id\":\"https:\\\/\\\/www.encontrajardins.com.br\\\/av-faria-lima\\\/#\\\/schema\\\/person\\\/79badd2a12b75d685ad41dac082e5111\"},\"headline\":\"Fl\u00e1vio re\u00fane empres\u00e1rios sob desconfian\u00e7a da Faria Lima: assessora detalha plano econ\u00f4mico e candidato promete ministros pol\u00edticos e pacifica\u00e7\u00e3o com STF\",\"datePublished\":\"2026-08-29T09:32:47+00:00\",\"mainEntityOfPage\":{\"@id\":\"https:\\\/\\\/www.encontrajardins.com.br\\\/av-faria-lima\\\/flavio-reune-empresarios-sob-desconfianca-da-faria-lima-assessora-detalha-plano-economico-e-candidato-promete-ministros-politicos-e-pacificacao-com-stf\\\/\"},\"wordCount\":754,\"commentCount\":0,\"image\":{\"@id\":\"https:\\\/\\\/www.encontrajardins.com.br\\\/av-faria-lima\\\/flavio-reune-empresarios-sob-desconfianca-da-faria-lima-assessora-detalha-plano-economico-e-candidato-promete-ministros-politicos-e-pacificacao-com-stf\\\/#primaryimage\"},\"thumbnailUrl\":\"https:\\\/\\\/www.encontrajardins.com.br\\\/av-faria-lima\\\/wp-content\\\/uploads\\\/2026\\\/08\\\/flavio-reune-empresarios-sob-desconfianca-da-faria-lima-assessora-detalha-plano-economico-e-candidat.webp\",\"articleSection\":[\"Not\u00edcias Avenida Faria Lima\"],\"inLanguage\":\"pt-BR\",\"potentialAction\":[{\"@type\":\"CommentAction\",\"name\":\"Comment\",\"target\":[\"https:\\\/\\\/www.encontrajardins.com.br\\\/av-faria-lima\\\/flavio-reune-empresarios-sob-desconfianca-da-faria-lima-assessora-detalha-plano-economico-e-candidato-promete-ministros-politicos-e-pacificacao-com-stf\\\/#respond\"]}]},{\"@type\":\"WebPage\",\"@id\":\"https:\\\/\\\/www.encontrajardins.com.br\\\/av-faria-lima\\\/flavio-reune-empresarios-sob-desconfianca-da-faria-lima-assessora-detalha-plano-economico-e-candidato-promete-ministros-politicos-e-pacificacao-com-stf\\\/\",\"url\":\"https:\\\/\\\/www.encontrajardins.com.br\\\/av-faria-lima\\\/flavio-reune-empresarios-sob-desconfianca-da-faria-lima-assessora-detalha-plano-economico-e-candidato-promete-ministros-politicos-e-pacificacao-com-stf\\\/\",\"name\":\"Fl\u00e1vio re\u00fane empres\u00e1rios sob desconfian\u00e7a da Faria Lima: assessora detalha plano econ\u00f4mico e candidato promete ministros pol\u00edticos e pacifica\u00e7\u00e3o com STF | Guia Comercial Avenida Faria Lima\",\"isPartOf\":{\"@id\":\"https:\\\/\\\/www.encontrajardins.com.br\\\/av-faria-lima\\\/#website\"},\"primaryImageOfPage\":{\"@id\":\"https:\\\/\\\/www.encontrajardins.com.br\\\/av-faria-lima\\\/flavio-reune-empresarios-sob-desconfianca-da-faria-lima-assessora-detalha-plano-economico-e-candidato-promete-ministros-politicos-e-pacificacao-com-stf\\\/#primaryimage\"},\"image\":{\"@id\":\"https:\\\/\\\/www.encontrajardins.com.br\\\/av-faria-lima\\\/flavio-reune-empresarios-sob-desconfianca-da-faria-lima-assessora-detalha-plano-economico-e-candidato-promete-ministros-politicos-e-pacificacao-com-stf\\\/#primaryimage\"},\"thumbnailUrl\":\"https:\\\/\\\/www.encontrajardins.com.br\\\/av-faria-lima\\\/wp-content\\\/uploads\\\/2026\\\/08\\\/flavio-reune-empresarios-sob-desconfianca-da-faria-lima-assessora-detalha-plano-economico-e-candidat.webp\",\"datePublished\":\"2026-08-29T09:32:47+00:00\",\"author\":{\"@id\":\"https:\\\/\\\/www.encontrajardins.com.br\\\/av-faria-lima\\\/#\\\/schema\\\/person\\\/79badd2a12b75d685ad41dac082e5111\"},\"inLanguage\":\"pt-BR\",\"potentialAction\":[{\"@type\":\"ReadAction\",\"target\":[\"https:\\\/\\\/www.encontrajardins.com.br\\\/av-faria-lima\\\/flavio-reune-empresarios-sob-desconfianca-da-faria-lima-assessora-detalha-plano-economico-e-candidato-promete-ministros-politicos-e-pacificacao-com-stf\\\/\"]}]},{\"@type\":\"ImageObject\",\"inLanguage\":\"pt-BR\",\"@id\":\"https:\\\/\\\/www.encontrajardins.com.br\\\/av-faria-lima\\\/flavio-reune-empresarios-sob-desconfianca-da-faria-lima-assessora-detalha-plano-economico-e-candidato-promete-ministros-politicos-e-pacificacao-com-stf\\\/#primaryimage\",\"url\":\"https:\\\/\\\/www.encontrajardins.com.br\\\/av-faria-lima\\\/wp-content\\\/uploads\\\/2026\\\/08\\\/flavio-reune-empresarios-sob-desconfianca-da-faria-lima-assessora-detalha-plano-economico-e-candidat.webp\",\"contentUrl\":\"https:\\\/\\\/www.encontrajardins.com.br\\\/av-faria-lima\\\/wp-content\\\/uploads\\\/2026\\\/08\\\/flavio-reune-empresarios-sob-desconfianca-da-faria-lima-assessora-detalha-plano-economico-e-candidat.webp\",\"width\":280,\"height\":280,\"caption\":\"Fl\u00e1vio Bolsonaro\"},{\"@type\":\"WebSite\",\"@id\":\"https:\\\/\\\/www.encontrajardins.com.br\\\/av-faria-lima\\\/#website\",\"url\":\"https:\\\/\\\/www.encontrajardins.com.br\\\/av-faria-lima\\\/\",\"name\":\"Guia Comercial Avenida Faria Lima\",\"description\":\"ENCONTRA AVENIDA FARIA LIMA - O guia comercial de neg\u00f3cios e empresas, cultura e divers\u00e3o na Avenida Faria Lima. Feito 100% para voc\u00ea morador!\",\"potentialAction\":[{\"@type\":\"SearchAction\",\"target\":{\"@type\":\"EntryPoint\",\"urlTemplate\":\"https:\\\/\\\/www.encontrajardins.com.br\\\/av-faria-lima\\\/?s={search_term_string}\"},\"query-input\":{\"@type\":\"PropertyValueSpecification\",\"valueRequired\":true,\"valueName\":\"search_term_string\"}}],\"inLanguage\":\"pt-BR\"},{\"@type\":\"Person\",\"@id\":\"https:\\\/\\\/www.encontrajardins.com.br\\\/av-faria-lima\\\/#\\\/schema\\\/person\\\/79badd2a12b75d685ad41dac082e5111\",\"name\":\"Encontra Avenida Faria Lima\",\"image\":{\"@type\":\"ImageObject\",\"inLanguage\":\"pt-BR\",\"@id\":\"https:\\\/\\\/www.encontrajardins.com.br\\\/av-faria-lima\\\/wp-content\\\/litespeed\\\/avatar\\\/e92a756db1fc224ef50d2f00ed0d047a.jpg?ver=1787888441\",\"url\":\"https:\\\/\\\/www.encontrajardins.com.br\\\/av-faria-lima\\\/wp-content\\\/litespeed\\\/avatar\\\/e92a756db1fc224ef50d2f00ed0d047a.jpg?ver=1787888441\",\"contentUrl\":\"https:\\\/\\\/www.encontrajardins.com.br\\\/av-faria-lima\\\/wp-content\\\/litespeed\\\/avatar\\\/e92a756db1fc224ef50d2f00ed0d047a.jpg?ver=1787888441\",\"caption\":\"Encontra Avenida Faria Lima\"},\"url\":\"https:\\\/\\\/www.encontrajardins.com.br\\\/av-faria-lima\\\/author\\\/av-faria-lima\\\/\"}]}<\/script>\n<!-- \/ Yoast SEO plugin. -->","yoast_head_json":{"title":"Fl\u00e1vio re\u00fane empres\u00e1rios sob desconfian\u00e7a da Faria Lima: assessora detalha plano econ\u00f4mico e candidato promete ministros pol\u00edticos e pacifica\u00e7\u00e3o com STF | Guia Comercial Avenida Faria Lima","robots":{"index":"index","follow":"follow","max-snippet":"max-snippet:-1","max-image-preview":"max-image-preview:large","max-video-preview":"max-video-preview:-1"},"canonical":"https:\/\/www.encontrajardins.com.br\/av-faria-lima\/flavio-reune-empresarios-sob-desconfianca-da-faria-lima-assessora-detalha-plano-economico-e-candidato-promete-ministros-politicos-e-pacificacao-com-stf\/","og_locale":"pt_BR","og_type":"article","og_title":"Fl\u00e1vio re\u00fane empres\u00e1rios sob desconfian\u00e7a da Faria Lima: assessora detalha plano econ\u00f4mico e candidato promete ministros pol\u00edticos e pacifica\u00e7\u00e3o com STF | Guia Comercial Avenida Faria Lima","og_description":"Fl\u00e1vio Bolsonaro destaca sua estrat\u00e9gia com ministros e paz com o STF.","og_url":"https:\/\/www.encontrajardins.com.br\/av-faria-lima\/flavio-reune-empresarios-sob-desconfianca-da-faria-lima-assessora-detalha-plano-economico-e-candidato-promete-ministros-politicos-e-pacificacao-com-stf\/","og_site_name":"Guia Comercial Avenida Faria Lima","article_published_time":"2026-08-29T09:32:47+00:00","og_image":[{"url":"https:\/\/www.encontrajardins.com.br\/av-faria-lima\/wp-content\/uploads\/2026\/08\/flavio-reune-empresarios-sob-desconfianca-da-faria-lima-assessora-detalha-plano-economico-e-candidat.webp","type":"","width":"","height":""}],"author":"Encontra Avenida Faria Lima","twitter_card":"summary_large_image","twitter_misc":{"Escrito por":"Encontra Avenida Faria Lima","Est. tempo de leitura":"4 minutos"},"schema":{"@context":"https:\/\/schema.org","@graph":[{"@type":"Article","@id":"https:\/\/www.encontrajardins.com.br\/av-faria-lima\/flavio-reune-empresarios-sob-desconfianca-da-faria-lima-assessora-detalha-plano-economico-e-candidato-promete-ministros-politicos-e-pacificacao-com-stf\/#article","isPartOf":{"@id":"https:\/\/www.encontrajardins.com.br\/av-faria-lima\/flavio-reune-empresarios-sob-desconfianca-da-faria-lima-assessora-detalha-plano-economico-e-candidato-promete-ministros-politicos-e-pacificacao-com-stf\/"},"author":{"name":"Encontra Avenida Faria Lima","@id":"https:\/\/www.encontrajardins.com.br\/av-faria-lima\/#\/schema\/person\/79badd2a12b75d685ad41dac082e5111"},"headline":"Fl\u00e1vio re\u00fane empres\u00e1rios sob desconfian\u00e7a da Faria Lima: assessora detalha plano econ\u00f4mico e candidato promete ministros pol\u00edticos e pacifica\u00e7\u00e3o com STF","datePublished":"2026-08-29T09:32:47+00:00","mainEntityOfPage":{"@id":"https:\/\/www.encontrajardins.com.br\/av-faria-lima\/flavio-reune-empresarios-sob-desconfianca-da-faria-lima-assessora-detalha-plano-economico-e-candidato-promete-ministros-politicos-e-pacificacao-com-stf\/"},"wordCount":754,"commentCount":0,"image":{"@id":"https:\/\/www.encontrajardins.com.br\/av-faria-lima\/flavio-reune-empresarios-sob-desconfianca-da-faria-lima-assessora-detalha-plano-economico-e-candidato-promete-ministros-politicos-e-pacificacao-com-stf\/#primaryimage"},"thumbnailUrl":"https:\/\/www.encontrajardins.com.br\/av-faria-lima\/wp-content\/uploads\/2026\/08\/flavio-reune-empresarios-sob-desconfianca-da-faria-lima-assessora-detalha-plano-economico-e-candidat.webp","articleSection":["Not\u00edcias Avenida Faria Lima"],"inLanguage":"pt-BR","potentialAction":[{"@type":"CommentAction","name":"Comment","target":["https:\/\/www.encontrajardins.com.br\/av-faria-lima\/flavio-reune-empresarios-sob-desconfianca-da-faria-lima-assessora-detalha-plano-economico-e-candidato-promete-ministros-politicos-e-pacificacao-com-stf\/#respond"]}]},{"@type":"WebPage","@id":"https:\/\/www.encontrajardins.com.br\/av-faria-lima\/flavio-reune-empresarios-sob-desconfianca-da-faria-lima-assessora-detalha-plano-economico-e-candidato-promete-ministros-politicos-e-pacificacao-com-stf\/","url":"https:\/\/www.encontrajardins.com.br\/av-faria-lima\/flavio-reune-empresarios-sob-desconfianca-da-faria-lima-assessora-detalha-plano-economico-e-candidato-promete-ministros-politicos-e-pacificacao-com-stf\/","name":"Fl\u00e1vio re\u00fane empres\u00e1rios sob desconfian\u00e7a da Faria Lima: assessora detalha plano econ\u00f4mico e candidato promete ministros pol\u00edticos e pacifica\u00e7\u00e3o com STF | Guia Comercial Avenida Faria Lima","isPartOf":{"@id":"https:\/\/www.encontrajardins.com.br\/av-faria-lima\/#website"},"primaryImageOfPage":{"@id":"https:\/\/www.encontrajardins.com.br\/av-faria-lima\/flavio-reune-empresarios-sob-desconfianca-da-faria-lima-assessora-detalha-plano-economico-e-candidato-promete-ministros-politicos-e-pacificacao-com-stf\/#primaryimage"},"image":{"@id":"https:\/\/www.encontrajardins.com.br\/av-faria-lima\/flavio-reune-empresarios-sob-desconfianca-da-faria-lima-assessora-detalha-plano-economico-e-candidato-promete-ministros-politicos-e-pacificacao-com-stf\/#primaryimage"},"thumbnailUrl":"https:\/\/www.encontrajardins.com.br\/av-faria-lima\/wp-content\/uploads\/2026\/08\/flavio-reune-empresarios-sob-desconfianca-da-faria-lima-assessora-detalha-plano-economico-e-candidat.webp","datePublished":"2026-08-29T09:32:47+00:00","author":{"@id":"https:\/\/www.encontrajardins.com.br\/av-faria-lima\/#\/schema\/person\/79badd2a12b75d685ad41dac082e5111"},"inLanguage":"pt-BR","potentialAction":[{"@type":"ReadAction","target":["https:\/\/www.encontrajardins.com.br\/av-faria-lima\/flavio-reune-empresarios-sob-desconfianca-da-faria-lima-assessora-detalha-plano-economico-e-candidato-promete-ministros-politicos-e-pacificacao-com-stf\/"]}]},{"@type":"ImageObject","inLanguage":"pt-BR","@id":"https:\/\/www.encontrajardins.com.br\/av-faria-lima\/flavio-reune-empresarios-sob-desconfianca-da-faria-lima-assessora-detalha-plano-economico-e-candidato-promete-ministros-politicos-e-pacificacao-com-stf\/#primaryimage","url":"https:\/\/www.encontrajardins.com.br\/av-faria-lima\/wp-content\/uploads\/2026\/08\/flavio-reune-empresarios-sob-desconfianca-da-faria-lima-assessora-detalha-plano-economico-e-candidat.webp","contentUrl":"https:\/\/www.encontrajardins.com.br\/av-faria-lima\/wp-content\/uploads\/2026\/08\/flavio-reune-empresarios-sob-desconfianca-da-faria-lima-assessora-detalha-plano-economico-e-candidat.webp","width":280,"height":280,"caption":"Fl\u00e1vio Bolsonaro"},{"@type":"WebSite","@id":"https:\/\/www.encontrajardins.com.br\/av-faria-lima\/#website","url":"https:\/\/www.encontrajardins.com.br\/av-faria-lima\/","name":"Guia Comercial Avenida Faria Lima","description":"ENCONTRA AVENIDA FARIA LIMA - O guia comercial de neg\u00f3cios e empresas, cultura e divers\u00e3o na Avenida Faria Lima. Feito 100% para voc\u00ea morador!","potentialAction":[{"@type":"SearchAction","target":{"@type":"EntryPoint","urlTemplate":"https:\/\/www.encontrajardins.com.br\/av-faria-lima\/?s={search_term_string}"},"query-input":{"@type":"PropertyValueSpecification","valueRequired":true,"valueName":"search_term_string"}}],"inLanguage":"pt-BR"},{"@type":"Person","@id":"https:\/\/www.encontrajardins.com.br\/av-faria-lima\/#\/schema\/person\/79badd2a12b75d685ad41dac082e5111","name":"Encontra Avenida Faria Lima","image":{"@type":"ImageObject","inLanguage":"pt-BR","@id":"https:\/\/www.encontrajardins.com.br\/av-faria-lima\/wp-content\/litespeed\/avatar\/e92a756db1fc224ef50d2f00ed0d047a.jpg?ver=1787888441","url":"https:\/\/www.encontrajardins.com.br\/av-faria-lima\/wp-content\/litespeed\/avatar\/e92a756db1fc224ef50d2f00ed0d047a.jpg?ver=1787888441","contentUrl":"https:\/\/www.encontrajardins.com.br\/av-faria-lima\/wp-content\/litespeed\/avatar\/e92a756db1fc224ef50d2f00ed0d047a.jpg?ver=1787888441","caption":"Encontra Avenida Faria Lima"},"url":"https:\/\/www.encontrajardins.com.br\/av-faria-lima\/author\/av-faria-lima\/"}]}},"_links":{"self":[{"href":"https:\/\/www.encontrajardins.com.br\/av-faria-lima\/wp-json\/wp\/v2\/posts\/5221","targetHints":{"allow":["GET"]}}],"collection":[{"href":"https:\/\/www.encontrajardins.com.br\/av-faria-lima\/wp-json\/wp\/v2\/posts"}],"about":[{"href":"https:\/\/www.encontrajardins.com.br\/av-faria-lima\/wp-json\/wp\/v2\/types\/post"}],"author":[{"embeddable":true,"href":"https:\/\/www.encontrajardins.com.br\/av-faria-lima\/wp-json\/wp\/v2\/users\/1"}],"replies":[{"embeddable":true,"href":"https:\/\/www.encontrajardins.com.br\/av-faria-lima\/wp-json\/wp\/v2\/comments?post=5221"}],"version-history":[{"count":0,"href":"https:\/\/www.encontrajardins.com.br\/av-faria-lima\/wp-json\/wp\/v2\/posts\/5221\/revisions"}],"wp:featuredmedia":[{"embeddable":true,"href":"https:\/\/www.encontrajardins.com.br\/av-faria-lima\/wp-json\/wp\/v2\/media\/5220"}],"wp:attachment":[{"href":"https:\/\/www.encontrajardins.com.br\/av-faria-lima\/wp-json\/wp\/v2\/media?parent=5221"}],"wp:term":[{"taxonomy":"category","embeddable":true,"href":"https:\/\/www.encontrajardins.com.br\/av-faria-lima\/wp-json\/wp\/v2\/categories?post=5221"},{"taxonomy":"post_tag","embeddable":true,"href":"https:\/\/www.encontrajardins.com.br\/av-faria-lima\/wp-json\/wp\/v2\/tags?post=5221"}],"curies":[{"name":"wp","href":"https:\/\/api.w.org\/{rel}","templated":true}]}}