{"id":5223,"date":"2026-08-29T06:33:41","date_gmt":"2026-08-29T09:33:41","guid":{"rendered":"https:\/\/www.encontrajardins.com.br\/av-faria-lima\/campanha-de-flavio-busca-aproximacao-com-a-faria-lima-e-avanca-sobre-o-agro\/"},"modified":"2026-08-29T06:33:41","modified_gmt":"2026-08-29T09:33:41","slug":"campanha-de-flavio-busca-aproximacao-com-a-faria-lima-e-avanca-sobre-o-agro","status":"publish","type":"post","link":"https:\/\/www.encontrajardins.com.br\/av-faria-lima\/campanha-de-flavio-busca-aproximacao-com-a-faria-lima-e-avanca-sobre-o-agro\/","title":{"rendered":"Campanha de Fl\u00e1vio busca aproxima\u00e7\u00e3o com a Faria Lima e avan\u00e7a sobre o agro"},"content":{"rendered":"<h2>Novo Foco na Faria Lima<\/h2>\n<p>A campanha do senador Fl\u00e1vio Bolsonaro, candidato do PL \u00e0 Presid\u00eancia, concentra esfor\u00e7os para estreitar a rela\u00e7\u00e3o com o setor financeiro de S\u00e3o Paulo, conhecido como Faria Lima. Visando melhorar a comunica\u00e7\u00e3o com empres\u00e1rios e investidores, a equipe de Fl\u00e1vio est\u00e1 planejando uma nova rodada de encontros que deve ocorrer no in\u00edcio de setembro. Esses encontros buscam reverter os desafios enfrentados nas intera\u00e7\u00f5es anteriores e fortalecer os la\u00e7os com a elite financeira, ap\u00f3s tentativas frustradas que n\u00e3o resultaram em progresso nas \u00faltimas semanas.<\/p>\n<h2>Evento Importante no Agroneg\u00f3cio<\/h2>\n<p>Al\u00e9m de buscar aproxima\u00e7\u00f5es no setor financeiro, a campanha de Fl\u00e1vio tamb\u00e9m est\u00e1 ampliando sua presen\u00e7a em eventos do agroneg\u00f3cio. O senador participou recentemente da Festa do Pe\u00e3o de Barretos, onde se destacou em suas falas sobre o setor agr\u00edcola, refor\u00e7ando o compromisso com os produtores rurais. Com a pr\u00f3xima parada marcada para a Expointer, no Rio Grande do Sul, prevista para o dia 2 de setembro, Fl\u00e1vio planeja interagir com diversas entidades rurais, refor\u00e7ando sua imagem como defensor do agro e do agroneg\u00f3cio brasileiro.<\/p>\n<h2>Propostas Econ\u00f4micas de Fl\u00e1vio<\/h2>\n<p>No campo econ\u00f4mico, Fl\u00e1vio Bolsonaro apresentou um conjunto de propostas ao Tribunal Superior Eleitoral (TSE) que inclui diversas mudan\u00e7as significativas. Entre as principais medidas est\u00e3o:<\/p>\n<ul>\n<li><strong>Reestrutura\u00e7\u00e3o do Arcabou\u00e7o Fiscal:<\/strong> Introdu\u00e7\u00e3o de novas regras para estabilizar e reduzir a d\u00edvida p\u00fablica do pa\u00eds.<\/li>\n<li><strong>Corte de Minist\u00e9rios:<\/strong> Planejamento para a redu\u00e7\u00e3o de pelo menos 10 minist\u00e9rios, visando uma administra\u00e7\u00e3o mais enxuta.<\/li>\n<li><strong>Limita\u00e7\u00e3o de Despesas:<\/strong> Estabelecimento de super\u00e1vits nas contas p\u00fablicas e imposi\u00e7\u00e3o de limites a gastos discricion\u00e1rios dos Tr\u00eas Poderes.<\/li>\n<li><strong>Reforma Tribut\u00e1ria:<\/strong> Altera\u00e7\u00f5es focadas na redu\u00e7\u00e3o do IVA e elimina\u00e7\u00e3o de algumas exce\u00e7\u00f5es, al\u00e9m de desonera\u00e7\u00e3o para exporta\u00e7\u00f5es e investimentos.<\/li>\n<li><strong>Reforma Administrativa:<\/strong> Retomada da reforma administrativa com foco no combate a supersal\u00e1rios e benef\u00edcios imerecidos entre servidores p\u00fablicos.<\/li>\n<li><strong>Seguro Rural:<\/strong> Expans\u00e3o do Seguro Rural e cria\u00e7\u00e3o de mecanismos para reorganizar d\u00edvidas de produtores.<\/li>\n<\/ul>\n<p><img decoding=\"async\" src=\"https:\/\/www.encontrajardins.com.br\/av-faria-lima\/wp-content\/uploads\/2026\/08\/campanha-de-flavio-busca-aproximacao-com-a-faria-lima-e-avanca-sobre-o-agro.webp\" alt=\"Campanha de Fl\u00e1vio Bolsonaro\" loading=\"lazy\" \/><\/p>\n<h2>Desafios Enfrentados na Campanha<\/h2>\n<p>Apesar das iniciativas, a campanha de Fl\u00e1vio tem enfrentado desafios ao tentar estabelecer contatos dentro do mercado financeiro. Em junho, uma tentativa de organizar um encontro com empres\u00e1rios no interior de S\u00e3o Paulo n\u00e3o ocorreu conforme o esperado. O desgaste gerado por \u00e1udios que foram divulgados, nos quais Fl\u00e1vio solicita financiamento para um projeto cinematogr\u00e1fico relacionado ao seu pai, Jair Bolsonaro, acabou prejudicando a constru\u00e7\u00e3o de relacionamentos na \u00e1rea.<\/p>\n<h2>Reuni\u00f5es com Empres\u00e1rios<\/h2>\n<p>Conforme a campanha avan\u00e7a, aliados de Fl\u00e1vio discutem a possibilidade de agendar reuni\u00f5es com empres\u00e1rios influentes da regi\u00e3o da Faria Lima, na esperan\u00e7a de que essas intera\u00e7\u00f5es promovam uma nova fase na comunica\u00e7\u00e3o com o setor. A busca por apoio e financiamento entre empres\u00e1rios \u00e9 uma prioridade, mas muitos t\u00eam sido cautelosos ap\u00f3s as pol\u00eamicas recentes.<\/p>\n<h2>Visitas Estrat\u00e9gicas a Eventos<\/h2>\n<p>As visitas a eventos setoriais s\u00e3o uma t\u00e1tica-chave na constru\u00e7\u00e3o da imagem de Fl\u00e1vio no cen\u00e1rio pol\u00edtico e econ\u00f4mico. A participa\u00e7\u00e3o em uma premia\u00e7\u00e3o voltada para o setor empresarial, onde ele teve a oportunidade de conversar com representantes de grandes empresas como Ita\u00fa, Ambev e Natura, tamb\u00e9m \u00e9 vista como uma parte essencial da estrat\u00e9gia para fortalecer sua influ\u00eancia.<\/p>\n<h2>A Import\u00e2ncia do Setor Agro<\/h2>\n<p>O agroneg\u00f3cio \u00e9 um pilar central da campanha de Fl\u00e1vio, especialmente considerando a resist\u00eancia que o atual governo enfrenta nesse setor. A inten\u00e7\u00e3o de Fl\u00e1vio \u00e9 aproveitar a boa vontade que seus eleitores rurais ainda t\u00eam em rela\u00e7\u00e3o ao legado de seu pai, Jair Bolsonaro, que sempre manteve um forte apoio entre os agricultores. Fl\u00e1vio, ao discursar em eventos agr\u00edcolas, tem focado em reafirmar que o agroneg\u00f3cio \u00e9 fundamental para a economia nacional.<\/p>\n<h2>Rela\u00e7\u00e3o com o Mercado Financeiro<\/h2>\n<p>A rela\u00e7\u00e3o de Fl\u00e1vio com o mercado financeiro ainda \u00e9 um tema delicado, e suas a\u00e7\u00f5es nas pr\u00f3ximas semanas ser\u00e3o decisivas. A capacidade de reformular essa din\u00e2mica e manter um di\u00e1logo constante \u00e9 vista por seus assessores como essencial para conquistar a confian\u00e7a que a campanha tanto precisa. A estrutura\u00e7\u00e3o de um di\u00e1logo aberto e transparente com os investidores pode ser vital para sua candidatura.<\/p>\n<h2>Expectativas para o Futuro<\/h2>\n<p>Com a aproxima\u00e7\u00e3o da data das elei\u00e7\u00f5es e a crescente necessidade de consolidar seu apoio tanto entre os empres\u00e1rios quanto no agroneg\u00f3cio, as expectativas em torno da campanha de Fl\u00e1vio s\u00e3o altas. Ser\u00e1 crucial observar como ele maneja as intera\u00e7\u00f5es futuras e quais novas estrat\u00e9gias ser\u00e3o implementadas para implementar as promessas feitas em sua plataforma.<\/p>\n<h2>Impacto da Campanha nas Elei\u00e7\u00f5es<\/h2>\n<p>A campanha de Fl\u00e1vio Bolsonaro estar\u00e1 em constante monitoramento pelos analistas pol\u00edticos, dado o seu potencial impacto nas elei\u00e7\u00f5es de 2026. Sua habilidade em navegar nas complexidades do relacionamento com setores influentes como o financeiro e o agroneg\u00f3cio ser\u00e1 um fator determinante para o seu sucesso nas urnas. A forma como ele responde ao feedback dos eleitores e se adapta \u00e0s cr\u00edticas tamb\u00e9m desempenhar\u00e1 um papel vital em sua trajet\u00f3ria rumo \u00e0 presid\u00eancia.<\/p>\n","protected":false},"excerpt":{"rendered":"<p>Descubra como Fl\u00e1vio Bolsonaro aproxima sua campanha da Faria Lima e do agroneg\u00f3cio.<\/p>\n","protected":false},"author":1,"featured_media":5222,"comment_status":"open","ping_status":"open","sticky":false,"template":"","format":"standard","meta":{"footnotes":""},"categories":[5],"tags":[],"class_list":["post-5223","post","type-post","status-publish","format-standard","has-post-thumbnail","hentry","category-noticias","has_thumb"],"yoast_head":"<!-- This site is optimized with the Yoast SEO plugin v28.1 - https:\/\/yoast.com\/product\/yoast-seo-wordpress\/ -->\n<title>Campanha de Fl\u00e1vio busca aproxima\u00e7\u00e3o com a Faria Lima e avan\u00e7a sobre o agro | Guia Comercial Avenida Faria Lima<\/title>\n<meta name=\"robots\" content=\"index, follow, max-snippet:-1, max-image-preview:large, max-video-preview:-1\" \/>\n<link rel=\"canonical\" href=\"https:\/\/www.encontrajardins.com.br\/av-faria-lima\/campanha-de-flavio-busca-aproximacao-com-a-faria-lima-e-avanca-sobre-o-agro\/\" \/>\n<meta property=\"og:locale\" content=\"pt_BR\" \/>\n<meta property=\"og:type\" content=\"article\" \/>\n<meta property=\"og:title\" content=\"Campanha de Fl\u00e1vio busca aproxima\u00e7\u00e3o com a Faria Lima e avan\u00e7a sobre o agro | Guia Comercial Avenida Faria Lima\" \/>\n<meta property=\"og:description\" content=\"Descubra como Fl\u00e1vio Bolsonaro aproxima sua campanha da Faria Lima e do agroneg\u00f3cio.\" \/>\n<meta property=\"og:url\" content=\"https:\/\/www.encontrajardins.com.br\/av-faria-lima\/campanha-de-flavio-busca-aproximacao-com-a-faria-lima-e-avanca-sobre-o-agro\/\" \/>\n<meta property=\"og:site_name\" content=\"Guia Comercial Avenida Faria Lima\" \/>\n<meta property=\"article:published_time\" content=\"2026-08-29T09:33:41+00:00\" \/>\n<meta property=\"og:image\" content=\"https:\/\/www.encontrajardins.com.br\/av-faria-lima\/wp-content\/uploads\/2026\/08\/campanha-de-flavio-busca-aproximacao-com-a-faria-lima-e-avanca-sobre-o-agro.webp\" \/>\n<meta name=\"author\" content=\"Encontra Avenida Faria Lima\" \/>\n<meta name=\"twitter:card\" content=\"summary_large_image\" \/>\n<meta name=\"twitter:label1\" content=\"Escrito por\" \/>\n\t<meta name=\"twitter:data1\" content=\"Encontra Avenida Faria Lima\" \/>\n\t<meta name=\"twitter:label2\" content=\"Est. tempo de leitura\" \/>\n\t<meta name=\"twitter:data2\" content=\"5 minutos\" \/>\n<script type=\"application\/ld+json\" class=\"yoast-schema-graph\">{\"@context\":\"https:\\\/\\\/schema.org\",\"@graph\":[{\"@type\":\"Article\",\"@id\":\"https:\\\/\\\/www.encontrajardins.com.br\\\/av-faria-lima\\\/campanha-de-flavio-busca-aproximacao-com-a-faria-lima-e-avanca-sobre-o-agro\\\/#article\",\"isPartOf\":{\"@id\":\"https:\\\/\\\/www.encontrajardins.com.br\\\/av-faria-lima\\\/campanha-de-flavio-busca-aproximacao-com-a-faria-lima-e-avanca-sobre-o-agro\\\/\"},\"author\":{\"name\":\"Encontra Avenida Faria Lima\",\"@id\":\"https:\\\/\\\/www.encontrajardins.com.br\\\/av-faria-lima\\\/#\\\/schema\\\/person\\\/79badd2a12b75d685ad41dac082e5111\"},\"headline\":\"Campanha de Fl\u00e1vio busca aproxima\u00e7\u00e3o com a Faria Lima e avan\u00e7a sobre o agro\",\"datePublished\":\"2026-08-29T09:33:41+00:00\",\"mainEntityOfPage\":{\"@id\":\"https:\\\/\\\/www.encontrajardins.com.br\\\/av-faria-lima\\\/campanha-de-flavio-busca-aproximacao-com-a-faria-lima-e-avanca-sobre-o-agro\\\/\"},\"wordCount\":934,\"commentCount\":0,\"image\":{\"@id\":\"https:\\\/\\\/www.encontrajardins.com.br\\\/av-faria-lima\\\/campanha-de-flavio-busca-aproximacao-com-a-faria-lima-e-avanca-sobre-o-agro\\\/#primaryimage\"},\"thumbnailUrl\":\"https:\\\/\\\/www.encontrajardins.com.br\\\/av-faria-lima\\\/wp-content\\\/uploads\\\/2026\\\/08\\\/campanha-de-flavio-busca-aproximacao-com-a-faria-lima-e-avanca-sobre-o-agro.webp\",\"articleSection\":[\"Not\u00edcias Avenida Faria Lima\"],\"inLanguage\":\"pt-BR\",\"potentialAction\":[{\"@type\":\"CommentAction\",\"name\":\"Comment\",\"target\":[\"https:\\\/\\\/www.encontrajardins.com.br\\\/av-faria-lima\\\/campanha-de-flavio-busca-aproximacao-com-a-faria-lima-e-avanca-sobre-o-agro\\\/#respond\"]}]},{\"@type\":\"WebPage\",\"@id\":\"https:\\\/\\\/www.encontrajardins.com.br\\\/av-faria-lima\\\/campanha-de-flavio-busca-aproximacao-com-a-faria-lima-e-avanca-sobre-o-agro\\\/\",\"url\":\"https:\\\/\\\/www.encontrajardins.com.br\\\/av-faria-lima\\\/campanha-de-flavio-busca-aproximacao-com-a-faria-lima-e-avanca-sobre-o-agro\\\/\",\"name\":\"Campanha de Fl\u00e1vio busca aproxima\u00e7\u00e3o com a Faria Lima e avan\u00e7a sobre o agro | Guia Comercial Avenida Faria Lima\",\"isPartOf\":{\"@id\":\"https:\\\/\\\/www.encontrajardins.com.br\\\/av-faria-lima\\\/#website\"},\"primaryImageOfPage\":{\"@id\":\"https:\\\/\\\/www.encontrajardins.com.br\\\/av-faria-lima\\\/campanha-de-flavio-busca-aproximacao-com-a-faria-lima-e-avanca-sobre-o-agro\\\/#primaryimage\"},\"image\":{\"@id\":\"https:\\\/\\\/www.encontrajardins.com.br\\\/av-faria-lima\\\/campanha-de-flavio-busca-aproximacao-com-a-faria-lima-e-avanca-sobre-o-agro\\\/#primaryimage\"},\"thumbnailUrl\":\"https:\\\/\\\/www.encontrajardins.com.br\\\/av-faria-lima\\\/wp-content\\\/uploads\\\/2026\\\/08\\\/campanha-de-flavio-busca-aproximacao-com-a-faria-lima-e-avanca-sobre-o-agro.webp\",\"datePublished\":\"2026-08-29T09:33:41+00:00\",\"author\":{\"@id\":\"https:\\\/\\\/www.encontrajardins.com.br\\\/av-faria-lima\\\/#\\\/schema\\\/person\\\/79badd2a12b75d685ad41dac082e5111\"},\"inLanguage\":\"pt-BR\",\"potentialAction\":[{\"@type\":\"ReadAction\",\"target\":[\"https:\\\/\\\/www.encontrajardins.com.br\\\/av-faria-lima\\\/campanha-de-flavio-busca-aproximacao-com-a-faria-lima-e-avanca-sobre-o-agro\\\/\"]}]},{\"@type\":\"ImageObject\",\"inLanguage\":\"pt-BR\",\"@id\":\"https:\\\/\\\/www.encontrajardins.com.br\\\/av-faria-lima\\\/campanha-de-flavio-busca-aproximacao-com-a-faria-lima-e-avanca-sobre-o-agro\\\/#primaryimage\",\"url\":\"https:\\\/\\\/www.encontrajardins.com.br\\\/av-faria-lima\\\/wp-content\\\/uploads\\\/2026\\\/08\\\/campanha-de-flavio-busca-aproximacao-com-a-faria-lima-e-avanca-sobre-o-agro.webp\",\"contentUrl\":\"https:\\\/\\\/www.encontrajardins.com.br\\\/av-faria-lima\\\/wp-content\\\/uploads\\\/2026\\\/08\\\/campanha-de-flavio-busca-aproximacao-com-a-faria-lima-e-avanca-sobre-o-agro.webp\",\"width\":280,\"height\":280,\"caption\":\"Campanha de Fl\u00e1vio Bolsonaro\"},{\"@type\":\"WebSite\",\"@id\":\"https:\\\/\\\/www.encontrajardins.com.br\\\/av-faria-lima\\\/#website\",\"url\":\"https:\\\/\\\/www.encontrajardins.com.br\\\/av-faria-lima\\\/\",\"name\":\"Guia Comercial Avenida Faria Lima\",\"description\":\"ENCONTRA AVENIDA FARIA LIMA - O guia comercial de neg\u00f3cios e empresas, cultura e divers\u00e3o na Avenida Faria Lima. Feito 100% para voc\u00ea morador!\",\"potentialAction\":[{\"@type\":\"SearchAction\",\"target\":{\"@type\":\"EntryPoint\",\"urlTemplate\":\"https:\\\/\\\/www.encontrajardins.com.br\\\/av-faria-lima\\\/?s={search_term_string}\"},\"query-input\":{\"@type\":\"PropertyValueSpecification\",\"valueRequired\":true,\"valueName\":\"search_term_string\"}}],\"inLanguage\":\"pt-BR\"},{\"@type\":\"Person\",\"@id\":\"https:\\\/\\\/www.encontrajardins.com.br\\\/av-faria-lima\\\/#\\\/schema\\\/person\\\/79badd2a12b75d685ad41dac082e5111\",\"name\":\"Encontra Avenida Faria Lima\",\"image\":{\"@type\":\"ImageObject\",\"inLanguage\":\"pt-BR\",\"@id\":\"https:\\\/\\\/www.encontrajardins.com.br\\\/av-faria-lima\\\/wp-content\\\/litespeed\\\/avatar\\\/e92a756db1fc224ef50d2f00ed0d047a.jpg?ver=1787888441\",\"url\":\"https:\\\/\\\/www.encontrajardins.com.br\\\/av-faria-lima\\\/wp-content\\\/litespeed\\\/avatar\\\/e92a756db1fc224ef50d2f00ed0d047a.jpg?ver=1787888441\",\"contentUrl\":\"https:\\\/\\\/www.encontrajardins.com.br\\\/av-faria-lima\\\/wp-content\\\/litespeed\\\/avatar\\\/e92a756db1fc224ef50d2f00ed0d047a.jpg?ver=1787888441\",\"caption\":\"Encontra Avenida Faria Lima\"},\"url\":\"https:\\\/\\\/www.encontrajardins.com.br\\\/av-faria-lima\\\/author\\\/av-faria-lima\\\/\"}]}<\/script>\n<!-- \/ Yoast SEO plugin. -->","yoast_head_json":{"title":"Campanha de Fl\u00e1vio busca aproxima\u00e7\u00e3o com a Faria Lima e avan\u00e7a sobre o agro | Guia Comercial Avenida Faria Lima","robots":{"index":"index","follow":"follow","max-snippet":"max-snippet:-1","max-image-preview":"max-image-preview:large","max-video-preview":"max-video-preview:-1"},"canonical":"https:\/\/www.encontrajardins.com.br\/av-faria-lima\/campanha-de-flavio-busca-aproximacao-com-a-faria-lima-e-avanca-sobre-o-agro\/","og_locale":"pt_BR","og_type":"article","og_title":"Campanha de Fl\u00e1vio busca aproxima\u00e7\u00e3o com a Faria Lima e avan\u00e7a sobre o agro | Guia Comercial Avenida Faria Lima","og_description":"Descubra como Fl\u00e1vio Bolsonaro aproxima sua campanha da Faria Lima e do agroneg\u00f3cio.","og_url":"https:\/\/www.encontrajardins.com.br\/av-faria-lima\/campanha-de-flavio-busca-aproximacao-com-a-faria-lima-e-avanca-sobre-o-agro\/","og_site_name":"Guia Comercial Avenida Faria Lima","article_published_time":"2026-08-29T09:33:41+00:00","og_image":[{"url":"https:\/\/www.encontrajardins.com.br\/av-faria-lima\/wp-content\/uploads\/2026\/08\/campanha-de-flavio-busca-aproximacao-com-a-faria-lima-e-avanca-sobre-o-agro.webp","type":"","width":"","height":""}],"author":"Encontra Avenida Faria Lima","twitter_card":"summary_large_image","twitter_misc":{"Escrito por":"Encontra Avenida Faria Lima","Est. tempo de leitura":"5 minutos"},"schema":{"@context":"https:\/\/schema.org","@graph":[{"@type":"Article","@id":"https:\/\/www.encontrajardins.com.br\/av-faria-lima\/campanha-de-flavio-busca-aproximacao-com-a-faria-lima-e-avanca-sobre-o-agro\/#article","isPartOf":{"@id":"https:\/\/www.encontrajardins.com.br\/av-faria-lima\/campanha-de-flavio-busca-aproximacao-com-a-faria-lima-e-avanca-sobre-o-agro\/"},"author":{"name":"Encontra Avenida Faria Lima","@id":"https:\/\/www.encontrajardins.com.br\/av-faria-lima\/#\/schema\/person\/79badd2a12b75d685ad41dac082e5111"},"headline":"Campanha de Fl\u00e1vio busca aproxima\u00e7\u00e3o com a Faria Lima e avan\u00e7a sobre o agro","datePublished":"2026-08-29T09:33:41+00:00","mainEntityOfPage":{"@id":"https:\/\/www.encontrajardins.com.br\/av-faria-lima\/campanha-de-flavio-busca-aproximacao-com-a-faria-lima-e-avanca-sobre-o-agro\/"},"wordCount":934,"commentCount":0,"image":{"@id":"https:\/\/www.encontrajardins.com.br\/av-faria-lima\/campanha-de-flavio-busca-aproximacao-com-a-faria-lima-e-avanca-sobre-o-agro\/#primaryimage"},"thumbnailUrl":"https:\/\/www.encontrajardins.com.br\/av-faria-lima\/wp-content\/uploads\/2026\/08\/campanha-de-flavio-busca-aproximacao-com-a-faria-lima-e-avanca-sobre-o-agro.webp","articleSection":["Not\u00edcias Avenida Faria Lima"],"inLanguage":"pt-BR","potentialAction":[{"@type":"CommentAction","name":"Comment","target":["https:\/\/www.encontrajardins.com.br\/av-faria-lima\/campanha-de-flavio-busca-aproximacao-com-a-faria-lima-e-avanca-sobre-o-agro\/#respond"]}]},{"@type":"WebPage","@id":"https:\/\/www.encontrajardins.com.br\/av-faria-lima\/campanha-de-flavio-busca-aproximacao-com-a-faria-lima-e-avanca-sobre-o-agro\/","url":"https:\/\/www.encontrajardins.com.br\/av-faria-lima\/campanha-de-flavio-busca-aproximacao-com-a-faria-lima-e-avanca-sobre-o-agro\/","name":"Campanha de Fl\u00e1vio busca aproxima\u00e7\u00e3o com a Faria Lima e avan\u00e7a sobre o agro | Guia Comercial Avenida Faria Lima","isPartOf":{"@id":"https:\/\/www.encontrajardins.com.br\/av-faria-lima\/#website"},"primaryImageOfPage":{"@id":"https:\/\/www.encontrajardins.com.br\/av-faria-lima\/campanha-de-flavio-busca-aproximacao-com-a-faria-lima-e-avanca-sobre-o-agro\/#primaryimage"},"image":{"@id":"https:\/\/www.encontrajardins.com.br\/av-faria-lima\/campanha-de-flavio-busca-aproximacao-com-a-faria-lima-e-avanca-sobre-o-agro\/#primaryimage"},"thumbnailUrl":"https:\/\/www.encontrajardins.com.br\/av-faria-lima\/wp-content\/uploads\/2026\/08\/campanha-de-flavio-busca-aproximacao-com-a-faria-lima-e-avanca-sobre-o-agro.webp","datePublished":"2026-08-29T09:33:41+00:00","author":{"@id":"https:\/\/www.encontrajardins.com.br\/av-faria-lima\/#\/schema\/person\/79badd2a12b75d685ad41dac082e5111"},"inLanguage":"pt-BR","potentialAction":[{"@type":"ReadAction","target":["https:\/\/www.encontrajardins.com.br\/av-faria-lima\/campanha-de-flavio-busca-aproximacao-com-a-faria-lima-e-avanca-sobre-o-agro\/"]}]},{"@type":"ImageObject","inLanguage":"pt-BR","@id":"https:\/\/www.encontrajardins.com.br\/av-faria-lima\/campanha-de-flavio-busca-aproximacao-com-a-faria-lima-e-avanca-sobre-o-agro\/#primaryimage","url":"https:\/\/www.encontrajardins.com.br\/av-faria-lima\/wp-content\/uploads\/2026\/08\/campanha-de-flavio-busca-aproximacao-com-a-faria-lima-e-avanca-sobre-o-agro.webp","contentUrl":"https:\/\/www.encontrajardins.com.br\/av-faria-lima\/wp-content\/uploads\/2026\/08\/campanha-de-flavio-busca-aproximacao-com-a-faria-lima-e-avanca-sobre-o-agro.webp","width":280,"height":280,"caption":"Campanha de Fl\u00e1vio Bolsonaro"},{"@type":"WebSite","@id":"https:\/\/www.encontrajardins.com.br\/av-faria-lima\/#website","url":"https:\/\/www.encontrajardins.com.br\/av-faria-lima\/","name":"Guia Comercial Avenida Faria Lima","description":"ENCONTRA AVENIDA FARIA LIMA - O guia comercial de neg\u00f3cios e empresas, cultura e divers\u00e3o na Avenida Faria Lima. Feito 100% para voc\u00ea morador!","potentialAction":[{"@type":"SearchAction","target":{"@type":"EntryPoint","urlTemplate":"https:\/\/www.encontrajardins.com.br\/av-faria-lima\/?s={search_term_string}"},"query-input":{"@type":"PropertyValueSpecification","valueRequired":true,"valueName":"search_term_string"}}],"inLanguage":"pt-BR"},{"@type":"Person","@id":"https:\/\/www.encontrajardins.com.br\/av-faria-lima\/#\/schema\/person\/79badd2a12b75d685ad41dac082e5111","name":"Encontra Avenida Faria Lima","image":{"@type":"ImageObject","inLanguage":"pt-BR","@id":"https:\/\/www.encontrajardins.com.br\/av-faria-lima\/wp-content\/litespeed\/avatar\/e92a756db1fc224ef50d2f00ed0d047a.jpg?ver=1787888441","url":"https:\/\/www.encontrajardins.com.br\/av-faria-lima\/wp-content\/litespeed\/avatar\/e92a756db1fc224ef50d2f00ed0d047a.jpg?ver=1787888441","contentUrl":"https:\/\/www.encontrajardins.com.br\/av-faria-lima\/wp-content\/litespeed\/avatar\/e92a756db1fc224ef50d2f00ed0d047a.jpg?ver=1787888441","caption":"Encontra Avenida Faria Lima"},"url":"https:\/\/www.encontrajardins.com.br\/av-faria-lima\/author\/av-faria-lima\/"}]}},"_links":{"self":[{"href":"https:\/\/www.encontrajardins.com.br\/av-faria-lima\/wp-json\/wp\/v2\/posts\/5223","targetHints":{"allow":["GET"]}}],"collection":[{"href":"https:\/\/www.encontrajardins.com.br\/av-faria-lima\/wp-json\/wp\/v2\/posts"}],"about":[{"href":"https:\/\/www.encontrajardins.com.br\/av-faria-lima\/wp-json\/wp\/v2\/types\/post"}],"author":[{"embeddable":true,"href":"https:\/\/www.encontrajardins.com.br\/av-faria-lima\/wp-json\/wp\/v2\/users\/1"}],"replies":[{"embeddable":true,"href":"https:\/\/www.encontrajardins.com.br\/av-faria-lima\/wp-json\/wp\/v2\/comments?post=5223"}],"version-history":[{"count":0,"href":"https:\/\/www.encontrajardins.com.br\/av-faria-lima\/wp-json\/wp\/v2\/posts\/5223\/revisions"}],"wp:featuredmedia":[{"embeddable":true,"href":"https:\/\/www.encontrajardins.com.br\/av-faria-lima\/wp-json\/wp\/v2\/media\/5222"}],"wp:attachment":[{"href":"https:\/\/www.encontrajardins.com.br\/av-faria-lima\/wp-json\/wp\/v2\/media?parent=5223"}],"wp:term":[{"taxonomy":"category","embeddable":true,"href":"https:\/\/www.encontrajardins.com.br\/av-faria-lima\/wp-json\/wp\/v2\/categories?post=5223"},{"taxonomy":"post_tag","embeddable":true,"href":"https:\/\/www.encontrajardins.com.br\/av-faria-lima\/wp-json\/wp\/v2\/tags?post=5223"}],"curies":[{"name":"wp","href":"https:\/\/api.w.org\/{rel}","templated":true}]}}