{"id":5241,"date":"2026-09-01T06:33:50","date_gmt":"2026-09-01T09:33:50","guid":{"rendered":"https:\/\/www.encontrajardins.com.br\/av-faria-lima\/obra-da-sabesp-em-santos-interdita-trecho-de-avenida-e-altera-itinerario-de-onibus\/"},"modified":"2026-09-01T06:33:50","modified_gmt":"2026-09-01T09:33:50","slug":"obra-da-sabesp-em-santos-interdita-trecho-de-avenida-e-altera-itinerario-de-onibus","status":"publish","type":"post","link":"https:\/\/www.encontrajardins.com.br\/av-faria-lima\/obra-da-sabesp-em-santos-interdita-trecho-de-avenida-e-altera-itinerario-de-onibus\/","title":{"rendered":"Obra da Sabesp em Santos interdita trecho de avenida e altera itiner\u00e1rio de \u00f4nibus"},"content":{"rendered":"<h2>Impactos da Interdi\u00e7\u00e3o na Avenida Brigadeiro Faria Lima<\/h2>\n<p>A partir do s\u00e1bado, 29 de agosto, um segmento da Avenida Brigadeiro Faria Lima, situado entre a Avenida Hugo Maia e a Rua Vereador Edison de Paes de Melo, foi interditado para permitir a realiza\u00e7\u00e3o de uma obra emergencial promovida pela Sabesp. Esta interven\u00e7\u00e3o \u00e9 significativa, pois n\u00e3o apenas interrompe o fluxo de ve\u00edculos nesse trecho, mas tamb\u00e9m afeta a rotina de diversos passageiros que utilizam o transporte p\u00fablico na regi\u00e3o.<\/p>\n<p>A interdi\u00e7\u00e3o visa garantir a seguran\u00e7a durante a execu\u00e7\u00e3o dos servi\u00e7os, uma vez que a continuidade das opera\u00e7\u00f5es da Sabesp \u00e9 fundamental para a infraestrutura de saneamento da cidade. No entanto, isso gera um impacto direto no tr\u00e2nsito local, demandando uma reavalia\u00e7\u00e3o das rotas e itiner\u00e1rios, especialmente para os \u00f4nibus que operam na \u00e1rea.<\/p>\n<h2>Mudan\u00e7as no Itiner\u00e1rio da Linha 153<\/h2>\n<p>Devido \u00e0s obras, a Linha 153 enfrentar\u00e1 altera\u00e7\u00f5es significativas em seus trajetos de ida e volta. No sentido de ida, os \u00f4nibus proceder\u00e3o seguindo pela Avenida Brigadeiro Faria Lima e, em seguida, utilizar\u00e3o a Rua Governador Roberto da Silveira para evitar a \u00e1rea interditada. Esse desvio procura minimizar os atrasos e oferecer uma alternativa vi\u00e1vel para os passageiros.<\/p>\n<p><img decoding=\"async\" src=\"https:\/\/www.encontrajardins.com.br\/av-faria-lima\/wp-content\/uploads\/2026\/09\/obra-da-sabesp-em-santos-interdita-trecho-de-avenida-e-altera-itinerario-de-onibus.webp\" alt=\"obra da Sabesp em Santos\" loading=\"lazy\" \/><\/p>\n<p>Para o retorno, a mudan\u00e7a \u00e9 igualmente not\u00e1vel. Os \u00f4nibus descem pela Avenida Vereador \u00c1lvaro Guimar\u00e3es, seguem pela Rua Kleber Facundo Leite e ent\u00e3o reingressam na Avenida Brigadeiro Faria Lima. Essas rotas alternativas foram desenhadas com a inten\u00e7\u00e3o de minimizar a contrariedade para os usu\u00e1rios, ao mesmo tempo em que asseguram que o transporte p\u00fablico continue funcionando adequadamente durante o per\u00edodo de interdi\u00e7\u00e3o.<\/p>\n<h2>Prazos para Conclus\u00e3o da Obra<\/h2>\n<p>Com a previs\u00e3o de conclus\u00e3o dos servi\u00e7os estipulada para o dia 12 de setembro, a Sabesp est\u00e1 trabalhando para garantir que todos os reparos necess\u00e1rios sejam realizados de forma eficiente e eficaz. Durante esse tempo, a opera\u00e7\u00e3o na Avenida Brigadeiro Faria Lima permanecer\u00e1 alterada, e os motoristas e usu\u00e1rios de transportes p\u00fablicos s\u00e3o incentivados a se manter informados sobre as atualiza\u00e7\u00f5es procedentes sobre o andamento da obra.<\/p>\n<h2>Rotas Alternativas para os Passageiros<\/h2>\n<p>Os usu\u00e1rios da Linha 153 e outros motoristas que costumam passar pela Avenida Brigadeiro Faria Lima devem se preparar para utilizar rotas alternativas. Os ajustes realizados nas linhas ser\u00e3o comunicados amplamente atrav\u00e9s de an\u00fancios nas paradas de \u00f4nibus e nas plataformas digitais. A recomenda\u00e7\u00e3o \u00e9 que todos os passageiros consultem esses canais regularmente para obterem informa\u00e7\u00f5es atualizadas, a fim de evitar contratempos durante suas viagens.<\/p>\n<h2>Mudan\u00e7as Especiais aos Domingos<\/h2>\n<p>Vale mencionar que, nos domingos, haver\u00e1 uma altera\u00e7\u00e3o adicional no trajeto da Linha 153. Isso se deve \u00e0 feira livre que acontece no bairro do Jabaquara, que demanda mais aten\u00e7\u00e3o nas rotas de \u00f4nibus nesse dia espec\u00edfico. Os \u00f4nibus, portanto, tamb\u00e9m utilizar\u00e3o a Rua Kleber Facundo Leite como uma rota alternativa nesse per\u00edodo, assegurando que a linha continue operando enquanto atende \u00e0 demanda local da feira.<\/p>\n<h2>Ponto de Parada Temporariamente Desativado<\/h2>\n<p>Um dos efeitos diretos das obras \u00e9 a desativa\u00e7\u00e3o tempor\u00e1ria do ponto de \u00f4nibus localizado na Avenida Brigadeiro Faria Lima, n\u00famero 409. Isso significa que passageiros que utilizam esse ponto devem estar cientes das mudan\u00e7as e procurar paradas alternativas para embarcarem e desembarcarem. A comunica\u00e7\u00e3o clara sobre essas desativa\u00e7\u00f5es \u00e9 essencial para garantir que os usu\u00e1rios possam se adaptar \u00e0s modifica\u00e7\u00f5es no servi\u00e7o.<\/p>\n<h2>Como Consultar Rotas no Waze<\/h2>\n<p>Para melhor atender os motoristas e usu\u00e1rios, recomenda-se que todos consultem o aplicativo Waze para verificarem poss\u00edveis bloqueios e encontrarem rotas alternativas. O Waze pode fornecer informa\u00e7\u00f5es ao vivo sobre o tr\u00e2nsito e condi\u00e7\u00f5es da estrada, permitindo que os usu\u00e1rios fa\u00e7am ajustes em suas rotas conforme necess\u00e1rio. Essa pr\u00e1tica \u00e9 fundamental durante per\u00edodos de obras, onde a necessidade de adaptabilidade \u00e9 maior.<\/p>\n<h2>Medidas da CET-Santos para o Tr\u00e2nsito<\/h2>\n<p>Para mitigar os impactos da obra no tr\u00e2nsito da cidade, a Companhia de Engenharia de Tr\u00e1fego de Santos (CET-Santos) est\u00e1 atenta \u00e0 situa\u00e7\u00e3o e implementa a\u00e7\u00f5es voltadas para a fluidez do tr\u00e1fego. Isso inclui o monitoramento constante da \u00e1rea em quest\u00e3o, bem como a ado\u00e7\u00e3o de sinaliza\u00e7\u00f5es adequadas e informa\u00e7\u00f5es de tr\u00e1fego para orientar motoristas e pedestres, assegurando que todos possam se locomover com seguran\u00e7a durante a interven\u00e7\u00e3o.<\/p>\n<h2>Import\u00e2ncia da Obra para a Cidade<\/h2>\n<p>A execu\u00e7\u00e3o desta obra pela Sabesp \u00e9 fundamental para garantir a continuidade e a efici\u00eancia do sistema de saneamento de Santos. Melhorias em infraestrutura de \u00e1gua e esgoto s\u00e3o essenciais para a sa\u00fade p\u00fablica e para a preserva\u00e7\u00e3o ambiental da regi\u00e3o. Portanto, mesmo com os desafios tempor\u00e1rios que a interdi\u00e7\u00e3o pode trazer, \u00e9 importante que a popula\u00e7\u00e3o reconhe\u00e7a a import\u00e2ncia desse investimento para a melhoria da qualidade de vida na cidade.<\/p>\n<h2>Expectativas dos Moradores Durante a Interven\u00e7\u00e3o<\/h2>\n<p>Os residentes da \u00e1rea afetada por estas interven\u00e7\u00f5es t\u00eam expectativas variadas. Muitos compreendem a necessidade da obra e o impacto positivo que ela pode ter no futuro. No entanto, tamb\u00e9m existem preocupa\u00e7\u00f5es em rela\u00e7\u00e3o aos transtornos imediatos causados pela interdi\u00e7\u00e3o e pelas mudan\u00e7as nos itiner\u00e1rios de \u00f4nibus. A comunica\u00e7\u00e3o efetiva e a transpar\u00eancia por parte das autoridades locais s\u00e3o essenciais para manter a popula\u00e7\u00e3o informada e ajudar a minimizar o desconforto durante este per\u00edodo de transi\u00e7\u00e3o.<\/p>\n","protected":false},"excerpt":{"rendered":"<p>Obra da Sabesp altera itiner\u00e1rios de \u00f4nibus em Santos desde s\u00e1bado.<\/p>\n","protected":false},"author":1,"featured_media":5240,"comment_status":"open","ping_status":"open","sticky":false,"template":"","format":"standard","meta":{"footnotes":""},"categories":[904],"tags":[],"class_list":["post-5241","post","type-post","status-publish","format-standard","has-post-thumbnail","hentry","category-transito","has_thumb"],"yoast_head":"<!-- This site is optimized with the Yoast SEO plugin v28.1 - https:\/\/yoast.com\/product\/yoast-seo-wordpress\/ -->\n<title>Obra da Sabesp em Santos interdita trecho de avenida e altera itiner\u00e1rio de \u00f4nibus | Guia Comercial Avenida Faria Lima<\/title>\n<meta name=\"robots\" content=\"index, follow, max-snippet:-1, max-image-preview:large, max-video-preview:-1\" \/>\n<link rel=\"canonical\" href=\"https:\/\/www.encontrajardins.com.br\/av-faria-lima\/obra-da-sabesp-em-santos-interdita-trecho-de-avenida-e-altera-itinerario-de-onibus\/\" \/>\n<meta property=\"og:locale\" content=\"pt_BR\" \/>\n<meta property=\"og:type\" content=\"article\" \/>\n<meta property=\"og:title\" content=\"Obra da Sabesp em Santos interdita trecho de avenida e altera itiner\u00e1rio de \u00f4nibus | Guia Comercial Avenida Faria Lima\" \/>\n<meta property=\"og:description\" content=\"Obra da Sabesp altera itiner\u00e1rios de \u00f4nibus em Santos desde s\u00e1bado.\" \/>\n<meta property=\"og:url\" content=\"https:\/\/www.encontrajardins.com.br\/av-faria-lima\/obra-da-sabesp-em-santos-interdita-trecho-de-avenida-e-altera-itinerario-de-onibus\/\" \/>\n<meta property=\"og:site_name\" content=\"Guia Comercial Avenida Faria Lima\" \/>\n<meta property=\"article:published_time\" content=\"2026-09-01T09:33:50+00:00\" \/>\n<meta property=\"og:image\" content=\"https:\/\/www.encontrajardins.com.br\/av-faria-lima\/wp-content\/uploads\/2026\/09\/obra-da-sabesp-em-santos-interdita-trecho-de-avenida-e-altera-itinerario-de-onibus.webp\" \/>\n<meta name=\"author\" content=\"Encontra Avenida Faria Lima\" \/>\n<meta name=\"twitter:card\" content=\"summary_large_image\" \/>\n<meta name=\"twitter:label1\" content=\"Escrito por\" \/>\n\t<meta name=\"twitter:data1\" content=\"Encontra Avenida Faria Lima\" \/>\n\t<meta name=\"twitter:label2\" content=\"Est. tempo de leitura\" \/>\n\t<meta name=\"twitter:data2\" content=\"5 minutos\" \/>\n<script type=\"application\/ld+json\" class=\"yoast-schema-graph\">{\"@context\":\"https:\\\/\\\/schema.org\",\"@graph\":[{\"@type\":\"Article\",\"@id\":\"https:\\\/\\\/www.encontrajardins.com.br\\\/av-faria-lima\\\/obra-da-sabesp-em-santos-interdita-trecho-de-avenida-e-altera-itinerario-de-onibus\\\/#article\",\"isPartOf\":{\"@id\":\"https:\\\/\\\/www.encontrajardins.com.br\\\/av-faria-lima\\\/obra-da-sabesp-em-santos-interdita-trecho-de-avenida-e-altera-itinerario-de-onibus\\\/\"},\"author\":{\"name\":\"Encontra Avenida Faria Lima\",\"@id\":\"https:\\\/\\\/www.encontrajardins.com.br\\\/av-faria-lima\\\/#\\\/schema\\\/person\\\/79badd2a12b75d685ad41dac082e5111\"},\"headline\":\"Obra da Sabesp em Santos interdita trecho de avenida e altera itiner\u00e1rio de \u00f4nibus\",\"datePublished\":\"2026-09-01T09:33:50+00:00\",\"mainEntityOfPage\":{\"@id\":\"https:\\\/\\\/www.encontrajardins.com.br\\\/av-faria-lima\\\/obra-da-sabesp-em-santos-interdita-trecho-de-avenida-e-altera-itinerario-de-onibus\\\/\"},\"wordCount\":950,\"commentCount\":0,\"image\":{\"@id\":\"https:\\\/\\\/www.encontrajardins.com.br\\\/av-faria-lima\\\/obra-da-sabesp-em-santos-interdita-trecho-de-avenida-e-altera-itinerario-de-onibus\\\/#primaryimage\"},\"thumbnailUrl\":\"https:\\\/\\\/www.encontrajardins.com.br\\\/av-faria-lima\\\/wp-content\\\/uploads\\\/2026\\\/09\\\/obra-da-sabesp-em-santos-interdita-trecho-de-avenida-e-altera-itinerario-de-onibus.webp\",\"articleSection\":[\"Tr\u00e2nsito Avenida Faria Lima\"],\"inLanguage\":\"pt-BR\",\"potentialAction\":[{\"@type\":\"CommentAction\",\"name\":\"Comment\",\"target\":[\"https:\\\/\\\/www.encontrajardins.com.br\\\/av-faria-lima\\\/obra-da-sabesp-em-santos-interdita-trecho-de-avenida-e-altera-itinerario-de-onibus\\\/#respond\"]}]},{\"@type\":\"WebPage\",\"@id\":\"https:\\\/\\\/www.encontrajardins.com.br\\\/av-faria-lima\\\/obra-da-sabesp-em-santos-interdita-trecho-de-avenida-e-altera-itinerario-de-onibus\\\/\",\"url\":\"https:\\\/\\\/www.encontrajardins.com.br\\\/av-faria-lima\\\/obra-da-sabesp-em-santos-interdita-trecho-de-avenida-e-altera-itinerario-de-onibus\\\/\",\"name\":\"Obra da Sabesp em Santos interdita trecho de avenida e altera itiner\u00e1rio de \u00f4nibus | Guia Comercial Avenida Faria Lima\",\"isPartOf\":{\"@id\":\"https:\\\/\\\/www.encontrajardins.com.br\\\/av-faria-lima\\\/#website\"},\"primaryImageOfPage\":{\"@id\":\"https:\\\/\\\/www.encontrajardins.com.br\\\/av-faria-lima\\\/obra-da-sabesp-em-santos-interdita-trecho-de-avenida-e-altera-itinerario-de-onibus\\\/#primaryimage\"},\"image\":{\"@id\":\"https:\\\/\\\/www.encontrajardins.com.br\\\/av-faria-lima\\\/obra-da-sabesp-em-santos-interdita-trecho-de-avenida-e-altera-itinerario-de-onibus\\\/#primaryimage\"},\"thumbnailUrl\":\"https:\\\/\\\/www.encontrajardins.com.br\\\/av-faria-lima\\\/wp-content\\\/uploads\\\/2026\\\/09\\\/obra-da-sabesp-em-santos-interdita-trecho-de-avenida-e-altera-itinerario-de-onibus.webp\",\"datePublished\":\"2026-09-01T09:33:50+00:00\",\"author\":{\"@id\":\"https:\\\/\\\/www.encontrajardins.com.br\\\/av-faria-lima\\\/#\\\/schema\\\/person\\\/79badd2a12b75d685ad41dac082e5111\"},\"inLanguage\":\"pt-BR\",\"potentialAction\":[{\"@type\":\"ReadAction\",\"target\":[\"https:\\\/\\\/www.encontrajardins.com.br\\\/av-faria-lima\\\/obra-da-sabesp-em-santos-interdita-trecho-de-avenida-e-altera-itinerario-de-onibus\\\/\"]}]},{\"@type\":\"ImageObject\",\"inLanguage\":\"pt-BR\",\"@id\":\"https:\\\/\\\/www.encontrajardins.com.br\\\/av-faria-lima\\\/obra-da-sabesp-em-santos-interdita-trecho-de-avenida-e-altera-itinerario-de-onibus\\\/#primaryimage\",\"url\":\"https:\\\/\\\/www.encontrajardins.com.br\\\/av-faria-lima\\\/wp-content\\\/uploads\\\/2026\\\/09\\\/obra-da-sabesp-em-santos-interdita-trecho-de-avenida-e-altera-itinerario-de-onibus.webp\",\"contentUrl\":\"https:\\\/\\\/www.encontrajardins.com.br\\\/av-faria-lima\\\/wp-content\\\/uploads\\\/2026\\\/09\\\/obra-da-sabesp-em-santos-interdita-trecho-de-avenida-e-altera-itinerario-de-onibus.webp\",\"width\":280,\"height\":280,\"caption\":\"obra da Sabesp em Santos\"},{\"@type\":\"WebSite\",\"@id\":\"https:\\\/\\\/www.encontrajardins.com.br\\\/av-faria-lima\\\/#website\",\"url\":\"https:\\\/\\\/www.encontrajardins.com.br\\\/av-faria-lima\\\/\",\"name\":\"Guia Comercial Avenida Faria Lima\",\"description\":\"ENCONTRA AVENIDA FARIA LIMA - O guia comercial de neg\u00f3cios e empresas, cultura e divers\u00e3o na Avenida Faria Lima. Feito 100% para voc\u00ea morador!\",\"potentialAction\":[{\"@type\":\"SearchAction\",\"target\":{\"@type\":\"EntryPoint\",\"urlTemplate\":\"https:\\\/\\\/www.encontrajardins.com.br\\\/av-faria-lima\\\/?s={search_term_string}\"},\"query-input\":{\"@type\":\"PropertyValueSpecification\",\"valueRequired\":true,\"valueName\":\"search_term_string\"}}],\"inLanguage\":\"pt-BR\"},{\"@type\":\"Person\",\"@id\":\"https:\\\/\\\/www.encontrajardins.com.br\\\/av-faria-lima\\\/#\\\/schema\\\/person\\\/79badd2a12b75d685ad41dac082e5111\",\"name\":\"Encontra Avenida Faria Lima\",\"image\":{\"@type\":\"ImageObject\",\"inLanguage\":\"pt-BR\",\"@id\":\"https:\\\/\\\/www.encontrajardins.com.br\\\/av-faria-lima\\\/wp-content\\\/litespeed\\\/avatar\\\/e92a756db1fc224ef50d2f00ed0d047a.jpg?ver=1787888441\",\"url\":\"https:\\\/\\\/www.encontrajardins.com.br\\\/av-faria-lima\\\/wp-content\\\/litespeed\\\/avatar\\\/e92a756db1fc224ef50d2f00ed0d047a.jpg?ver=1787888441\",\"contentUrl\":\"https:\\\/\\\/www.encontrajardins.com.br\\\/av-faria-lima\\\/wp-content\\\/litespeed\\\/avatar\\\/e92a756db1fc224ef50d2f00ed0d047a.jpg?ver=1787888441\",\"caption\":\"Encontra Avenida Faria Lima\"},\"url\":\"https:\\\/\\\/www.encontrajardins.com.br\\\/av-faria-lima\\\/author\\\/av-faria-lima\\\/\"}]}<\/script>\n<!-- \/ Yoast SEO plugin. -->","yoast_head_json":{"title":"Obra da Sabesp em Santos interdita trecho de avenida e altera itiner\u00e1rio de \u00f4nibus | Guia Comercial Avenida Faria Lima","robots":{"index":"index","follow":"follow","max-snippet":"max-snippet:-1","max-image-preview":"max-image-preview:large","max-video-preview":"max-video-preview:-1"},"canonical":"https:\/\/www.encontrajardins.com.br\/av-faria-lima\/obra-da-sabesp-em-santos-interdita-trecho-de-avenida-e-altera-itinerario-de-onibus\/","og_locale":"pt_BR","og_type":"article","og_title":"Obra da Sabesp em Santos interdita trecho de avenida e altera itiner\u00e1rio de \u00f4nibus | Guia Comercial Avenida Faria Lima","og_description":"Obra da Sabesp altera itiner\u00e1rios de \u00f4nibus em Santos desde s\u00e1bado.","og_url":"https:\/\/www.encontrajardins.com.br\/av-faria-lima\/obra-da-sabesp-em-santos-interdita-trecho-de-avenida-e-altera-itinerario-de-onibus\/","og_site_name":"Guia Comercial Avenida Faria Lima","article_published_time":"2026-09-01T09:33:50+00:00","og_image":[{"url":"https:\/\/www.encontrajardins.com.br\/av-faria-lima\/wp-content\/uploads\/2026\/09\/obra-da-sabesp-em-santos-interdita-trecho-de-avenida-e-altera-itinerario-de-onibus.webp","type":"","width":"","height":""}],"author":"Encontra Avenida Faria Lima","twitter_card":"summary_large_image","twitter_misc":{"Escrito por":"Encontra Avenida Faria Lima","Est. tempo de leitura":"5 minutos"},"schema":{"@context":"https:\/\/schema.org","@graph":[{"@type":"Article","@id":"https:\/\/www.encontrajardins.com.br\/av-faria-lima\/obra-da-sabesp-em-santos-interdita-trecho-de-avenida-e-altera-itinerario-de-onibus\/#article","isPartOf":{"@id":"https:\/\/www.encontrajardins.com.br\/av-faria-lima\/obra-da-sabesp-em-santos-interdita-trecho-de-avenida-e-altera-itinerario-de-onibus\/"},"author":{"name":"Encontra Avenida Faria Lima","@id":"https:\/\/www.encontrajardins.com.br\/av-faria-lima\/#\/schema\/person\/79badd2a12b75d685ad41dac082e5111"},"headline":"Obra da Sabesp em Santos interdita trecho de avenida e altera itiner\u00e1rio de \u00f4nibus","datePublished":"2026-09-01T09:33:50+00:00","mainEntityOfPage":{"@id":"https:\/\/www.encontrajardins.com.br\/av-faria-lima\/obra-da-sabesp-em-santos-interdita-trecho-de-avenida-e-altera-itinerario-de-onibus\/"},"wordCount":950,"commentCount":0,"image":{"@id":"https:\/\/www.encontrajardins.com.br\/av-faria-lima\/obra-da-sabesp-em-santos-interdita-trecho-de-avenida-e-altera-itinerario-de-onibus\/#primaryimage"},"thumbnailUrl":"https:\/\/www.encontrajardins.com.br\/av-faria-lima\/wp-content\/uploads\/2026\/09\/obra-da-sabesp-em-santos-interdita-trecho-de-avenida-e-altera-itinerario-de-onibus.webp","articleSection":["Tr\u00e2nsito Avenida Faria Lima"],"inLanguage":"pt-BR","potentialAction":[{"@type":"CommentAction","name":"Comment","target":["https:\/\/www.encontrajardins.com.br\/av-faria-lima\/obra-da-sabesp-em-santos-interdita-trecho-de-avenida-e-altera-itinerario-de-onibus\/#respond"]}]},{"@type":"WebPage","@id":"https:\/\/www.encontrajardins.com.br\/av-faria-lima\/obra-da-sabesp-em-santos-interdita-trecho-de-avenida-e-altera-itinerario-de-onibus\/","url":"https:\/\/www.encontrajardins.com.br\/av-faria-lima\/obra-da-sabesp-em-santos-interdita-trecho-de-avenida-e-altera-itinerario-de-onibus\/","name":"Obra da Sabesp em Santos interdita trecho de avenida e altera itiner\u00e1rio de \u00f4nibus | Guia Comercial Avenida Faria Lima","isPartOf":{"@id":"https:\/\/www.encontrajardins.com.br\/av-faria-lima\/#website"},"primaryImageOfPage":{"@id":"https:\/\/www.encontrajardins.com.br\/av-faria-lima\/obra-da-sabesp-em-santos-interdita-trecho-de-avenida-e-altera-itinerario-de-onibus\/#primaryimage"},"image":{"@id":"https:\/\/www.encontrajardins.com.br\/av-faria-lima\/obra-da-sabesp-em-santos-interdita-trecho-de-avenida-e-altera-itinerario-de-onibus\/#primaryimage"},"thumbnailUrl":"https:\/\/www.encontrajardins.com.br\/av-faria-lima\/wp-content\/uploads\/2026\/09\/obra-da-sabesp-em-santos-interdita-trecho-de-avenida-e-altera-itinerario-de-onibus.webp","datePublished":"2026-09-01T09:33:50+00:00","author":{"@id":"https:\/\/www.encontrajardins.com.br\/av-faria-lima\/#\/schema\/person\/79badd2a12b75d685ad41dac082e5111"},"inLanguage":"pt-BR","potentialAction":[{"@type":"ReadAction","target":["https:\/\/www.encontrajardins.com.br\/av-faria-lima\/obra-da-sabesp-em-santos-interdita-trecho-de-avenida-e-altera-itinerario-de-onibus\/"]}]},{"@type":"ImageObject","inLanguage":"pt-BR","@id":"https:\/\/www.encontrajardins.com.br\/av-faria-lima\/obra-da-sabesp-em-santos-interdita-trecho-de-avenida-e-altera-itinerario-de-onibus\/#primaryimage","url":"https:\/\/www.encontrajardins.com.br\/av-faria-lima\/wp-content\/uploads\/2026\/09\/obra-da-sabesp-em-santos-interdita-trecho-de-avenida-e-altera-itinerario-de-onibus.webp","contentUrl":"https:\/\/www.encontrajardins.com.br\/av-faria-lima\/wp-content\/uploads\/2026\/09\/obra-da-sabesp-em-santos-interdita-trecho-de-avenida-e-altera-itinerario-de-onibus.webp","width":280,"height":280,"caption":"obra da Sabesp em Santos"},{"@type":"WebSite","@id":"https:\/\/www.encontrajardins.com.br\/av-faria-lima\/#website","url":"https:\/\/www.encontrajardins.com.br\/av-faria-lima\/","name":"Guia Comercial Avenida Faria Lima","description":"ENCONTRA AVENIDA FARIA LIMA - O guia comercial de neg\u00f3cios e empresas, cultura e divers\u00e3o na Avenida Faria Lima. Feito 100% para voc\u00ea morador!","potentialAction":[{"@type":"SearchAction","target":{"@type":"EntryPoint","urlTemplate":"https:\/\/www.encontrajardins.com.br\/av-faria-lima\/?s={search_term_string}"},"query-input":{"@type":"PropertyValueSpecification","valueRequired":true,"valueName":"search_term_string"}}],"inLanguage":"pt-BR"},{"@type":"Person","@id":"https:\/\/www.encontrajardins.com.br\/av-faria-lima\/#\/schema\/person\/79badd2a12b75d685ad41dac082e5111","name":"Encontra Avenida Faria Lima","image":{"@type":"ImageObject","inLanguage":"pt-BR","@id":"https:\/\/www.encontrajardins.com.br\/av-faria-lima\/wp-content\/litespeed\/avatar\/e92a756db1fc224ef50d2f00ed0d047a.jpg?ver=1787888441","url":"https:\/\/www.encontrajardins.com.br\/av-faria-lima\/wp-content\/litespeed\/avatar\/e92a756db1fc224ef50d2f00ed0d047a.jpg?ver=1787888441","contentUrl":"https:\/\/www.encontrajardins.com.br\/av-faria-lima\/wp-content\/litespeed\/avatar\/e92a756db1fc224ef50d2f00ed0d047a.jpg?ver=1787888441","caption":"Encontra Avenida Faria Lima"},"url":"https:\/\/www.encontrajardins.com.br\/av-faria-lima\/author\/av-faria-lima\/"}]}},"_links":{"self":[{"href":"https:\/\/www.encontrajardins.com.br\/av-faria-lima\/wp-json\/wp\/v2\/posts\/5241","targetHints":{"allow":["GET"]}}],"collection":[{"href":"https:\/\/www.encontrajardins.com.br\/av-faria-lima\/wp-json\/wp\/v2\/posts"}],"about":[{"href":"https:\/\/www.encontrajardins.com.br\/av-faria-lima\/wp-json\/wp\/v2\/types\/post"}],"author":[{"embeddable":true,"href":"https:\/\/www.encontrajardins.com.br\/av-faria-lima\/wp-json\/wp\/v2\/users\/1"}],"replies":[{"embeddable":true,"href":"https:\/\/www.encontrajardins.com.br\/av-faria-lima\/wp-json\/wp\/v2\/comments?post=5241"}],"version-history":[{"count":0,"href":"https:\/\/www.encontrajardins.com.br\/av-faria-lima\/wp-json\/wp\/v2\/posts\/5241\/revisions"}],"wp:featuredmedia":[{"embeddable":true,"href":"https:\/\/www.encontrajardins.com.br\/av-faria-lima\/wp-json\/wp\/v2\/media\/5240"}],"wp:attachment":[{"href":"https:\/\/www.encontrajardins.com.br\/av-faria-lima\/wp-json\/wp\/v2\/media?parent=5241"}],"wp:term":[{"taxonomy":"category","embeddable":true,"href":"https:\/\/www.encontrajardins.com.br\/av-faria-lima\/wp-json\/wp\/v2\/categories?post=5241"},{"taxonomy":"post_tag","embeddable":true,"href":"https:\/\/www.encontrajardins.com.br\/av-faria-lima\/wp-json\/wp\/v2\/tags?post=5241"}],"curies":[{"name":"wp","href":"https:\/\/api.w.org\/{rel}","templated":true}]}}