{"id":793,"date":"2012-11-01T01:47:12","date_gmt":"2012-11-01T03:47:12","guid":{"rendered":"http:\/\/www.encontrajardins.com.br\/noticias\/?p=793"},"modified":"2013-08-14T02:12:47","modified_gmt":"2013-08-14T04:12:47","slug":"exposicao-luzes-do-norte-segue-ate-dezembro-nos-jardins","status":"publish","type":"post","link":"https:\/\/www.encontrajardins.com.br\/noticias\/exposicao-luzes-do-norte-segue-ate-dezembro-nos-jardins\/","title":{"rendered":"Exposi\u00e7\u00e3o Luzes do Norte segue at\u00e9 dezembro nos Jardins"},"content":{"rendered":"<p>O MASP abre ao p\u00fablico uma mostra com 61 obras-primas da gravura renascentista alem\u00e3, extra\u00edda da magn\u00edfica cole\u00e7\u00e3o de 100 mil obras doadas pela fam\u00edlia do bar\u00e3o Edmond de Rothschild ao Museu do Louvre em 1935, Luzes do Norte \u00e9 resultado da demanda do curador Teixeira Coelho ao curador Pascal Torres, respons\u00e1vel por Gravuras e Desenhos no museu franc\u00eas, de uma sele\u00e7\u00e3o que trouxesse ao Brasil as preciosidades do Renascimento alem\u00e3o, uma das mais relevantes produ\u00e7\u00f5es da arte europeia, nem sempre reverenciada em grandes mostras.<\/p>\n<p>Com obras-primas in\u00e9ditas no pa\u00eds, Luzes do Norte \u2013 Desenhos e gravuras da Cole\u00e7\u00e3o Bar\u00e3o de Rothschild \/ Mus\u00e9e du Louvre traz 61 gravuras de D\u00fcrer, Altdorfer, Schongauer e 23 artistas do s\u00e9culo 16 que aqui se juntam a dois \u00f3leos de Cranach e Holbein pertencentes ao museu.<\/p>\n<p>Do acervo do MASP foram integrados \u00e0 exposi\u00e7\u00e3o os \u00f3leos O Poeta Henry Howard, Conde de Surrey (1542), de Hans Holbein, o Jovem e Retrato de Jovem Aristocrata (1539), de Lucas Cranach, o Antigo, obras-primas relevantes para o contexto.<\/p>\n<p><strong>Servi\u00e7o:<\/strong><\/p>\n<p><strong>Local:<\/strong> MASP<br \/>\n<strong>Endere\u00e7o:<\/strong> Avenida Paulista, 1578<br \/>\n<strong>Datas:<\/strong> At\u00e9 13 de janeiro de 2013<br \/>\n<strong>Hor\u00e1rios:<\/strong> De ter\u00e7as a domingos e feriados, das 10h \u00e0s 18h | \u00c0s quintas, das 10h \u00e0s 20h.<br \/>\n<strong>$ Pre\u00e7o:<\/strong> R$ 15,00 e R$ 7,00 (meia entrada)<\/p>\n<p><em>Fonte: Filtro Cultural<\/em><\/p>\n","protected":false},"excerpt":{"rendered":"<p>O MASP abre ao p\u00fablico uma mostra com 61 obras-primas da gravura renascentista alem\u00e3, extra\u00edda da magn\u00edfica cole\u00e7\u00e3o de 100 mil obras doadas pela fam\u00edlia do bar\u00e3o Edmond de Rothschild ao Museu do Louvre em 1935, Luzes do Norte \u00e9 resultado da demanda do curador Teixeira Coelho ao curador Pascal Torres, respons\u00e1vel por Gravuras e [&hellip;]<\/p>\n","protected":false},"author":1,"featured_media":0,"comment_status":"open","ping_status":"open","sticky":false,"template":"","format":"standard","meta":{"footnotes":""},"categories":[6],"tags":[],"_links":{"self":[{"href":"https:\/\/www.encontrajardins.com.br\/noticias\/wp-json\/wp\/v2\/posts\/793"}],"collection":[{"href":"https:\/\/www.encontrajardins.com.br\/noticias\/wp-json\/wp\/v2\/posts"}],"about":[{"href":"https:\/\/www.encontrajardins.com.br\/noticias\/wp-json\/wp\/v2\/types\/post"}],"author":[{"embeddable":true,"href":"https:\/\/www.encontrajardins.com.br\/noticias\/wp-json\/wp\/v2\/users\/1"}],"replies":[{"embeddable":true,"href":"https:\/\/www.encontrajardins.com.br\/noticias\/wp-json\/wp\/v2\/comments?post=793"}],"version-history":[{"count":0,"href":"https:\/\/www.encontrajardins.com.br\/noticias\/wp-json\/wp\/v2\/posts\/793\/revisions"}],"wp:attachment":[{"href":"https:\/\/www.encontrajardins.com.br\/noticias\/wp-json\/wp\/v2\/media?parent=793"}],"wp:term":[{"taxonomy":"category","embeddable":true,"href":"https:\/\/www.encontrajardins.com.br\/noticias\/wp-json\/wp\/v2\/categories?post=793"},{"taxonomy":"post_tag","embeddable":true,"href":"https:\/\/www.encontrajardins.com.br\/noticias\/wp-json\/wp\/v2\/tags?post=793"}],"curies":[{"name":"wp","href":"https:\/\/api.w.org\/{rel}","templated":true}]}}