{"id":796,"date":"2012-11-07T00:42:30","date_gmt":"2012-11-07T02:42:30","guid":{"rendered":"http:\/\/www.encontrajardins.com.br\/noticias\/?p=796"},"modified":"2013-08-14T02:14:15","modified_gmt":"2013-08-14T04:14:15","slug":"teste-de-zona-azul-eletronica-e-realizado-nos-jardins","status":"publish","type":"post","link":"https:\/\/www.encontrajardins.com.br\/noticias\/teste-de-zona-azul-eletronica-e-realizado-nos-jardins\/","title":{"rendered":"Teste de Zona Azul eletr\u00f4nica \u00e9 realizado nos Jardins"},"content":{"rendered":"<p>Os novos sis\u00adtemas de Zona Azul ele\u00adtr\u00f4\u00adnica na cidade de S\u00e3o Paulo j\u00e1 teve in\u00edcio em suas ope\u00adra\u00ad\u00e7\u00f5es. As cinco em\u00adpresas es\u00adco\u00adlhidas pela Com\u00adpa\u00adnhia de En\u00adge\u00adnharia de Tr\u00e1\u00adfego (CET) co\u00adme\u00e7aram a fun\u00adci\u00adonar em fase de testes desde se\u00adgunda-feira (5), em di\u00adfe\u00adrentes re\u00adgi\u00f5es da ci\u00addade. Na pri\u00admeira fase, cerca de 10 mil vagas j\u00e1 po\u00adder\u00e3o ser usadas com pa\u00adga\u00admento ele\u00adtr\u00f4\u00adnico.<\/p>\n<p>Os lo\u00adcais es\u00adco\u00adlhidos s\u00e3o a re\u00adgi\u00e3o de Pi\u00adnheiros, dos Jar\u00addins, do Itaim-Bibi, do Pa\u00adra\u00edso e no bairro Bom Re\u00adtiro. Em cada um deles, uma em\u00adpresa dis\u00adtinta tes\u00adtar\u00e1 sua tec\u00adno\u00adlogia. Apenas a do Itaim-Bibi n\u00e3o con\u00adtempla o uso pelo smartphone de cr\u00e9\u00additos ad\u00adqui\u00adridos pela in\u00adternet ou em pontos de venda. L\u00e1, a ideia \u00e9 usar parqu\u00ed\u00adme\u00adtros m\u00f3\u00adveis que podem ser en\u00adcon\u00adtrados em lojas, bancas de jornal ou mesmo pela in\u00adternet para fazer o con\u00adtrole dos mi\u00adnutos em que se \u00e9 per\u00admi\u00adtido es\u00adta\u00adci\u00adonar.<\/p>\n<p>Cada em\u00adpresa ter\u00e1 prazo m\u00e1\u00adximo de 20 dias, a desde ontem (05), para co\u00adlocar seu sis\u00adtema em fun\u00adci\u00ado\u00adna\u00admento. Ap\u00f3s o in\u00edcio da ope\u00adra\u00e7\u00e3o, elas ter\u00e3o 30 dias para testar seu sis\u00adtema dentro de sua \u00e1rea &#8211; nada ser\u00e1 pago pela com\u00adpa\u00adnhia pela oferta da tec\u00adno\u00adlogia e o lucro das em\u00adpresas de\u00adver\u00e1 vir da margem de ganho que j\u00e1 est\u00e1 pre\u00advista na venda dos ta\u00adl\u00f5es atuais de Zona Azul. De\u00adpois disso, a CET vai de\u00adcidir se ho\u00admo\u00adloga ou n\u00e3o cada um dos sis\u00adtemas.<\/p>\n<p>Se\u00adgundo a CET, todos os sis\u00adtemas que forem ho\u00admo\u00adlo\u00adgados ser\u00e3o es\u00adten\u00addidos para todas as mais de 37 mil vagas de Zona Azul de S\u00e3o Paulo. Os cri\u00adt\u00e9\u00adrios para a ho\u00admo\u00adlo\u00adga\u00e7\u00e3o, de acordo com a em\u00adpresa mu\u00adni\u00adcipal, n\u00e3o ser\u00e3o a ade\u00adr\u00eancia e uti\u00adli\u00adza\u00e7\u00e3o dos sis\u00adtemas pelos usu\u00e1\u00adrios, mas a qua\u00adli\u00addade e con\u00adfi\u00ada\u00adbi\u00adli\u00addade da tec\u00adno\u00adlogia apre\u00adsen\u00adtada. O ra\u00adci\u00ado\u00adc\u00ednio \u00e9 de que a con\u00adcor\u00adr\u00eancia entre as em\u00adpresas para con\u00adse\u00adguir atrair os usu\u00e1\u00adrios j\u00e1 de\u00adver\u00e3o ga\u00adrantir que os sis\u00adtemas sejam efi\u00adci\u00adentes e sim\u00adples de serem usados.<\/p>\n<p><strong>In\u00adfor\u00adma\u00e7\u00e3o<\/strong><\/p>\n<p>A de\u00adfi\u00adni\u00e7\u00e3o dos lo\u00adcais que cada em\u00adpresa vai operar s\u00f3 foi de\u00adci\u00addida na quarta-feira (31), em sor\u00adteio re\u00ada\u00adli\u00adzado na sede da com\u00adpa\u00adnhia. A CET ainda n\u00e3o in\u00adformou o pe\u00adr\u00ed\u00admetro exato de testes para cada um dos sis\u00adtemas, apenas a re\u00adgi\u00e3o e al\u00adgumas ave\u00adnidas prin\u00adci\u00adpais, de forma ge\u00adn\u00e9\u00adrica. Essa in\u00adfor\u00adma\u00e7\u00e3o de\u00adver\u00e1 ser co\u00adlo\u00adcada no site da com\u00adpa\u00adnhia antes do in\u00edcio dos testes para que os usu\u00e1\u00adrios con\u00adsigam se in\u00adformar para usar os mo\u00addelos.<\/p>\n<p>Mesmo se os sis\u00adtemas forem ho\u00admo\u00adlo\u00adgados, n\u00e3o h\u00e1 a pos\u00adsi\u00adbi\u00adli\u00addade de se ex\u00adtin\u00adguir o atual sis\u00adtema de Zona Azul. De acordo com a CET, as em\u00adpresas ter\u00e3o de in\u00adter\u00adligar o sis\u00adtema de venda ele\u00adtr\u00f4\u00adnica de cr\u00e9\u00additos com o atual, por meio de ta\u00adl\u00f5es que podem ser en\u00adcon\u00adtrados nos re\u00adven\u00adde\u00addores ca\u00addas\u00adtrados.<\/p>\n<p><strong>No ex\u00adte\u00adrior<\/strong><\/p>\n<p>Em pa\u00edses como Is\u00adrael, Ale\u00admanha, Fran\u00e7a e Es\u00adtados Unidos, sis\u00adtemas ele\u00adtr\u00f4\u00adnicos de pa\u00adga\u00admento de es\u00adta\u00adci\u00ado\u00adna\u00admento p\u00fa\u00adblico por smartphones ou ou\u00adtras tec\u00adno\u00adlo\u00adgias ele\u00adtr\u00f4\u00adnicas j\u00e1 existem h\u00e1 quase uma d\u00e9\u00adcada. Em Is\u00adrael, por exemplo, \u00e9 pos\u00ads\u00edvel en\u00adcon\u00adtrar parqu\u00ed\u00adme\u00adtros nas cal\u00ad\u00e7adas que aceitam cart\u00e3o de cr\u00e9\u00addito. Na Ale\u00admanha, mo\u00addelos re\u00adcentes chegam a en\u00adviar men\u00adsa\u00adgens por ce\u00adlular para avisar quando o tempo pago de es\u00adta\u00adci\u00ado\u00adna\u00admento est\u00e1 aca\u00adbando.<\/p>\n<p><em>Fonte: O Estado de S. Paulo<\/em><\/p>\n","protected":false},"excerpt":{"rendered":"<p>Os novos sis\u00adtemas de Zona Azul ele\u00adtr\u00f4\u00adnica na cidade de S\u00e3o Paulo j\u00e1 teve in\u00edcio em suas ope\u00adra\u00ad\u00e7\u00f5es. As cinco em\u00adpresas es\u00adco\u00adlhidas pela Com\u00adpa\u00adnhia de En\u00adge\u00adnharia de Tr\u00e1\u00adfego (CET) co\u00adme\u00e7aram a fun\u00adci\u00adonar em fase de testes desde se\u00adgunda-feira (5), em di\u00adfe\u00adrentes re\u00adgi\u00f5es da ci\u00addade. Na pri\u00admeira fase, cerca de 10 mil vagas j\u00e1 po\u00adder\u00e3o ser [&hellip;]<\/p>\n","protected":false},"author":1,"featured_media":0,"comment_status":"open","ping_status":"open","sticky":false,"template":"","format":"standard","meta":{"footnotes":""},"categories":[6],"tags":[],"_links":{"self":[{"href":"https:\/\/www.encontrajardins.com.br\/noticias\/wp-json\/wp\/v2\/posts\/796"}],"collection":[{"href":"https:\/\/www.encontrajardins.com.br\/noticias\/wp-json\/wp\/v2\/posts"}],"about":[{"href":"https:\/\/www.encontrajardins.com.br\/noticias\/wp-json\/wp\/v2\/types\/post"}],"author":[{"embeddable":true,"href":"https:\/\/www.encontrajardins.com.br\/noticias\/wp-json\/wp\/v2\/users\/1"}],"replies":[{"embeddable":true,"href":"https:\/\/www.encontrajardins.com.br\/noticias\/wp-json\/wp\/v2\/comments?post=796"}],"version-history":[{"count":0,"href":"https:\/\/www.encontrajardins.com.br\/noticias\/wp-json\/wp\/v2\/posts\/796\/revisions"}],"wp:attachment":[{"href":"https:\/\/www.encontrajardins.com.br\/noticias\/wp-json\/wp\/v2\/media?parent=796"}],"wp:term":[{"taxonomy":"category","embeddable":true,"href":"https:\/\/www.encontrajardins.com.br\/noticias\/wp-json\/wp\/v2\/categories?post=796"},{"taxonomy":"post_tag","embeddable":true,"href":"https:\/\/www.encontrajardins.com.br\/noticias\/wp-json\/wp\/v2\/tags?post=796"}],"curies":[{"name":"wp","href":"https:\/\/api.w.org\/{rel}","templated":true}]}}