{"id":889,"date":"2012-12-28T18:33:02","date_gmt":"2012-12-28T20:33:02","guid":{"rendered":"http:\/\/www.encontrajardins.com.br\/noticias\/?p=889"},"modified":"2013-08-14T02:13:37","modified_gmt":"2013-08-14T04:13:37","slug":"jardins-veja-as-interdicoes-na-regiao-da-paulista-no-dia-31-de-dezembro","status":"publish","type":"post","link":"https:\/\/www.encontrajardins.com.br\/noticias\/jardins-veja-as-interdicoes-na-regiao-da-paulista-no-dia-31-de-dezembro\/","title":{"rendered":"Jardins: Veja as interdi\u00e7\u00f5es na regi\u00e3o da Paulista no dia 31 de dezembro"},"content":{"rendered":"<p>Por causa da 88\u00aa Corrida Internacional de S\u00e3o Silvestre e da festa de r\u00e9veillon na Paulista, a Companhia de Engenharia de Tr\u00e1fego (CET) vai montar opera\u00e7\u00e3o especial de tr\u00e2nsito na regi\u00e3o da Avenida Paulista a partir de 0h de segunda-feira (31).<\/p>\n<p>A corrida acontece \u00e0s 7h de segunda-feira, com largada e concentra\u00e7\u00e3o na avenida, junto \u00e0 Alameda Ministro Rocha Azevedo. J\u00e1 a festa de r\u00e9veillon tem in\u00edcio previsto para 20h e deve terminar por volta de 2h30 de ter\u00e7a-feira (1\u00ba).\u00a0 A previs\u00e3o de libera\u00e7\u00e3o total das vias \u00e9 a partir das 8h de ter\u00e7a.<\/p>\n<p>Confira os trechos e os hor\u00e1rios das interdi\u00e7\u00f5es nos mapas divulgados pela CET:<\/p>\n<p><strong>0h<\/strong><br \/>\nInterdi\u00e7\u00e3o da Avenida Paulista, no sentido Consola\u00e7\u00e3o, entre as ruas Teixeira da Silva e Frei Caneca. As transposi\u00e7\u00f5es da avenida ficam liberadas, com exce\u00e7\u00e3o das alamedas Ministro Rocha Azevedo e Campinas.<\/p>\n<p><strong>4h<\/strong><br \/>\nA CET interditar\u00e1 tamb\u00e9m o sentido Para\u00edso da Avenida Paulista, entre a Rua Padre Jo\u00e3o Manuel e a Avenida Brigadeiro Lu\u00eds Ant\u00f4nio.<\/p>\n<p><strong>5h30<\/strong><br \/>\nO bloqueio na Avenida Paulista, no sentido Consola\u00e7\u00e3o, \u00e9 estendido entre as ruas Frei Caneca e Bela Cintra. No sentido Para\u00edso, a avenida fica interditada tamb\u00e9m entre as ruas da Consola\u00e7\u00e3o e Padre Jo\u00e3o Manuel.<\/p>\n<p><strong>5h45<\/strong><br \/>\nAs vias por onde passa a corrida s\u00e3o interditadas: T\u00fanel Jos\u00e9 Roberto Fanganiello Melhem, Avenida Doutor Arnaldo (sentido Bairro), Rua Major Natanael, Rua Desembargador Paulo Passal\u00e1cqua, Avenida Pacaembu (sentido Est\u00e1dio), baixos do Viaduto General Olimpio da Silveira,\u00a0 Avenida Pacaembu (ambos os sentidos), Rua Margarida, Alameda Olga, Rua Tagipuru, Rua Fuad Naufel, Avenida Auro Soares de Moura Andrade (sentido Centro), Rua Mario de Andrade, retorno ap\u00f3s a Rua Lopes Chaves, Rua Mario de Andrade, Avenida Pacaembu (sentido Marginal Tiet\u00ea), Viaduto Pacaembu (sentido Marginal Tiet\u00ea), Avenida Abra\u00e3o Ribeiro (sentido Marginal Tiet\u00ea), Avenida Marqu\u00eas de S\u00e3o Vicente (sentido Centro), Rua Norma Pieruccini Giannotti (sentido Centro), Avenida Rudge (sentido Bairro), Viaduto Engenheiro Orlando Murgel (sentido Bairro), Avenida Rio Branco (sentido Centro), Avenida Duque de Caxias (pista da direira), Avenida S\u00e3o Jo\u00e3o (sentido Bairro), Largo do Arouche, Avenida Vieira de Carvalho (sentido Centro), Pra\u00e7a da Rep\u00fablica, Avenida Ipiranga, Avenida S\u00e3o Jo\u00e3o, Largo do Pai\u00e7andu, Rua Conselheiro Crispiniano, Pra\u00e7a Ramos de Azevedo, Viaduto do Ch\u00e1, Rua Libero Badar\u00f3, Largo S\u00e3o Francisco.<\/p>\n<p><strong>9h<\/strong><br \/>\nA CET interditar\u00e1 a Rua S\u00e3o Carlos do Pinhal, a partir da Rua Pamplona at\u00e9 o t\u00e9rmino do Viaduto Professor Bernardino Tranchesi.<\/p>\n<p><strong>10h<\/strong><br \/>\nHaver\u00e1 a libera\u00e7\u00e3o das transposi\u00e7\u00f5es na Avenida Paulista pela ruas Haddock Lobo, Augusta, Peixoto Gomide e Alameda Casa Branca.<\/p>\n<p><strong>13h<\/strong><br \/>\nCET far\u00e1 a libera\u00e7\u00e3o da Avenida Paulista, no trecho entre as ruas da Consola\u00e7\u00e3o e Augusta, al\u00e9m das transposi\u00e7\u00f5es pela Avenida Brigadeiro Lu\u00eds Ant\u00f4nio, Rua Pamplona e Alameda Joaquim Eug\u00eanio de Lima. Haver\u00e1 tamb\u00e9m a libera\u00e7\u00e3o tamb\u00e9m da Rua S\u00e3o Carlos do Pinhal.<\/p>\n<p><strong>15h<\/strong><br \/>\nCET far\u00e1 a interdi\u00e7\u00e3o das transposi\u00e7\u00f5es na Avenida Paulista pela ruas Pamplona, Peixoto Gomide e Alameda Casa Branca.<\/p>\n<p><strong>16h<\/strong><br \/>\nHaver\u00e1 a interdi\u00e7\u00e3o das transposi\u00e7\u00f5es na Avenida Paulista pela Alameda Joaquim\u00a0 Eug\u00eanio de Lima e Avenida Brigadeiro Lu\u00eds Ant\u00f4nio.<\/p>\n<p><strong>17h30<\/strong><br \/>\nCET far\u00e1 a interdi\u00e7\u00e3o da Avenida Paulista: no sentido Consola\u00e7\u00e3o, entre as ruas Teixeira da Silva e Augusta; e no sentido Para\u00edso, entre a rua Haddock Lobo, Augusta e Naria Figueiredo. Os agentes tamb\u00e9m far\u00e3o a interdi\u00e7\u00e3o tamb\u00e9m da Alameda Santos, entre a Rua Padre Jo\u00e3o Manuel e Avenida Brigadeiro Lu\u00eds Ant\u00f4nio, preservado o tr\u00e1fego local.<\/p>\n<p><em>Fonte: G1<\/em><\/p>\n","protected":false},"excerpt":{"rendered":"<p>Por causa da 88\u00aa Corrida Internacional de S\u00e3o Silvestre e da festa de r\u00e9veillon na Paulista, a Companhia de Engenharia de Tr\u00e1fego (CET) vai montar opera\u00e7\u00e3o especial de tr\u00e2nsito na regi\u00e3o da Avenida Paulista a partir de 0h de segunda-feira (31). A corrida acontece \u00e0s 7h de segunda-feira, com largada e concentra\u00e7\u00e3o na avenida, junto [&hellip;]<\/p>\n","protected":false},"author":1,"featured_media":0,"comment_status":"open","ping_status":"open","sticky":false,"template":"","format":"standard","meta":{"footnotes":""},"categories":[6],"tags":[],"_links":{"self":[{"href":"https:\/\/www.encontrajardins.com.br\/noticias\/wp-json\/wp\/v2\/posts\/889"}],"collection":[{"href":"https:\/\/www.encontrajardins.com.br\/noticias\/wp-json\/wp\/v2\/posts"}],"about":[{"href":"https:\/\/www.encontrajardins.com.br\/noticias\/wp-json\/wp\/v2\/types\/post"}],"author":[{"embeddable":true,"href":"https:\/\/www.encontrajardins.com.br\/noticias\/wp-json\/wp\/v2\/users\/1"}],"replies":[{"embeddable":true,"href":"https:\/\/www.encontrajardins.com.br\/noticias\/wp-json\/wp\/v2\/comments?post=889"}],"version-history":[{"count":0,"href":"https:\/\/www.encontrajardins.com.br\/noticias\/wp-json\/wp\/v2\/posts\/889\/revisions"}],"wp:attachment":[{"href":"https:\/\/www.encontrajardins.com.br\/noticias\/wp-json\/wp\/v2\/media?parent=889"}],"wp:term":[{"taxonomy":"category","embeddable":true,"href":"https:\/\/www.encontrajardins.com.br\/noticias\/wp-json\/wp\/v2\/categories?post=889"},{"taxonomy":"post_tag","embeddable":true,"href":"https:\/\/www.encontrajardins.com.br\/noticias\/wp-json\/wp\/v2\/tags?post=889"}],"curies":[{"name":"wp","href":"https:\/\/api.w.org\/{rel}","templated":true}]}}