{"id":923,"date":"2013-01-10T10:48:37","date_gmt":"2013-01-10T12:48:37","guid":{"rendered":"http:\/\/www.encontrajardins.com.br\/noticias\/?p=923"},"modified":"2013-08-14T02:13:46","modified_gmt":"2013-08-14T04:13:46","slug":"bandidos-tentam-assaltar-posto-de-gasolina-nos-jardins","status":"publish","type":"post","link":"https:\/\/www.encontrajardins.com.br\/noticias\/bandidos-tentam-assaltar-posto-de-gasolina-nos-jardins\/","title":{"rendered":"Bandidos tentam assaltar posto de gasolina nos Jardins"},"content":{"rendered":"<p>A Pol\u00edcia Civil informou que um homem foi encontrado morto baleado na cabe\u00e7a em Tabo\u00e3o da Serra, na Grande S\u00e3o Paulo, na madrugada desta quinta-feira (8). Com isso, chegam a dez as mortes na capital e regi\u00e3o metropolitana entre a noite desta quarta (7) e esta madrugada, v\u00edtimas de ataques de criminosos e de confronto com a pol\u00edcia.<\/p>\n<p>No caso de Tabo\u00e3o, a v\u00edtima foi encontrada na Rua Odete Domingues Marques, no Jardim San Morrits. At\u00e9 o in\u00edcio desta tarde, a identidade do homem n\u00e3o havia sido informada.<\/p>\n<p>Na madrugada desta quinta-feira, dois homens tentaram assaltar um posto de gasolina nos Jardins, regi\u00e3o nobre da capital paulista. A Pol\u00edcia Militar foi chamada e houve troca de tiros na esquina das ruas Estados Unidos e Rua da Consola\u00e7\u00e3o. Um suspeito foi baleado. Ele foi socorrido e levado para o <a title=\"Hospital das Cl\u00ednicas\" href=\"http:\/\/www.encontrajardins.com.br\/jardins\/hospital-das-clinicas-no-jardins.shtml\" target=\"_blank\">Hospital das Cl\u00ednicas<\/a>, na Zona Oeste de S\u00e3o Paulo, onde morreu.<\/p>\n<p>Em Cotia, na regi\u00e3o metropolitana, um grupo tentou assaltar um supermercado na altura do km 31,5 da Rodovia Raposo Tavares, na noite desta quarta. Houve troca de tiros entre os suspeitos, policiais militares e guardas civis. Tr\u00eas suspeitos e dois guardas foram atingidos. Dois dos suspeitos morreram e o outro foi preso. Os guardas feridos n\u00e3o correm risco de morrer.<\/p>\n<p>No limite entre Santo Andr\u00e9 e S\u00e3o Bernardo do Campo, no ABC, um policial foi baleado depois de uma tentativa de assalto no final da noite desta quarta-feira. Ele foi socorrido e levado a um hospital no Centro de S\u00e3o Bernardo. O policial passou por uma opera\u00e7\u00e3o e n\u00e3o corre risco de morrer.<\/p>\n<p>Em Diadema, tamb\u00e9m no ABC, a pol\u00edcia surpreendeu dois homens que tentavam roubar um carro na noite desta quarta-feira, na Rua Rio Claro. Houve troca de tiros e um dos suspeitos morreu. O outro foi preso.<\/p>\n<p>No bairro da Penha, na Zona Leste de S\u00e3o Paulo, Vitor Sarraceno dos Santos, de 33 anos, foi morto a tiros em frente a um bar, na Rua Fontes de Resende, nesta madrugada. Ele chegou a ser socorrido a um hospital, mas n\u00e3o resistiu.<\/p>\n<p>Na Vila Matilde, tamb\u00e9m na Zona Leste, um homem foi morto ap\u00f3s uma troca de tiros com policiais militares. O caso aconteceu pr\u00f3ximo \u00e0 Esta\u00e7\u00e3o Patriarca, do Metr\u00f4.<\/p>\n<p>Em Itaquaquecetuba, na Grande S\u00e3o Paulo, tamb\u00e9m houve troca de tiros entre a pol\u00edcia e suspeitos de roubar uma motocicleta nesta quarta-feira. Segundo a pol\u00edcia, um criminoso morreu e outro foi preso.<\/p>\n<p>Ainda na regi\u00e3o metropolitana, em Embu das Artes, um homem foi assassinado na Rua Espacial, nesta quarta-feira.<\/p>\n<p>Em Itapevi, um homem foi assassinado na Rua Leri Claudino da Silva, no Jardim S\u00e3o Luis, nesta quinta-feira.<\/p>\n<p><strong>Transfer\u00eancia de presos<\/strong><br \/>\nNa noite da \u00faltima quarta-feira, a Justi\u00e7a Federal em Porto Velho autorizou o recebimento do preso Francisco Antonio Ces\u00e1rio da Silva, conhecido como Piau\u00ed, que cumpre pena na penitenci\u00e1ria paulista de Avar\u00e9.<\/p>\n<p>Ele \u00e9 suspeito de mandar assassinar policiais militares. A transfer\u00eancia do traficante faz parte das medidas firmadas entre os governos federal e do estado de S\u00e3o Paulo, e integra a estrat\u00e9gia de isolar as quadrilhas que agem dentro e fora dos pres\u00eddios paulistas.<\/p>\n<p>Os governos federal e estadual decidiram transferir todos os detentos que aparecem entre os respons\u00e1veis pelas mortes de policiais. Desde o in\u00edcio do ano, 90 policiais foram assassinados.<\/p>\n<p>O traficante est\u00e1 na penitenci\u00e1ria da cidade de Avar\u00e9 desde agosto. Ele cumpre pena por porte ilegal de arma, recepta\u00e7\u00e3o, roubo, sequestro, falsidade ideol\u00f3gica e homic\u00eddio.<\/p>\n<p><em>Fonte: WebDi\u00e1rio<\/em><\/p>\n","protected":false},"excerpt":{"rendered":"<p>A Pol\u00edcia Civil informou que um homem foi encontrado morto baleado na cabe\u00e7a em Tabo\u00e3o da Serra, na Grande S\u00e3o Paulo, na madrugada desta quinta-feira (8). Com isso, chegam a dez as mortes na capital e regi\u00e3o metropolitana entre a noite desta quarta (7) e esta madrugada, v\u00edtimas de ataques de criminosos e de confronto [&hellip;]<\/p>\n","protected":false},"author":1,"featured_media":0,"comment_status":"open","ping_status":"open","sticky":false,"template":"","format":"standard","meta":{"footnotes":""},"categories":[6],"tags":[],"_links":{"self":[{"href":"https:\/\/www.encontrajardins.com.br\/noticias\/wp-json\/wp\/v2\/posts\/923"}],"collection":[{"href":"https:\/\/www.encontrajardins.com.br\/noticias\/wp-json\/wp\/v2\/posts"}],"about":[{"href":"https:\/\/www.encontrajardins.com.br\/noticias\/wp-json\/wp\/v2\/types\/post"}],"author":[{"embeddable":true,"href":"https:\/\/www.encontrajardins.com.br\/noticias\/wp-json\/wp\/v2\/users\/1"}],"replies":[{"embeddable":true,"href":"https:\/\/www.encontrajardins.com.br\/noticias\/wp-json\/wp\/v2\/comments?post=923"}],"version-history":[{"count":0,"href":"https:\/\/www.encontrajardins.com.br\/noticias\/wp-json\/wp\/v2\/posts\/923\/revisions"}],"wp:attachment":[{"href":"https:\/\/www.encontrajardins.com.br\/noticias\/wp-json\/wp\/v2\/media?parent=923"}],"wp:term":[{"taxonomy":"category","embeddable":true,"href":"https:\/\/www.encontrajardins.com.br\/noticias\/wp-json\/wp\/v2\/categories?post=923"},{"taxonomy":"post_tag","embeddable":true,"href":"https:\/\/www.encontrajardins.com.br\/noticias\/wp-json\/wp\/v2\/tags?post=923"}],"curies":[{"name":"wp","href":"https:\/\/api.w.org\/{rel}","templated":true}]}}