{"id":4070,"date":"2025-12-27T06:50:00","date_gmt":"2025-12-27T09:50:00","guid":{"rendered":"https:\/\/www.encontrajardins.com.br\/rua-oscar-freire\/emiliano-celebra-natal-e-reveillon-com-menus-exclusivos\/"},"modified":"2025-12-27T06:50:00","modified_gmt":"2025-12-27T09:50:00","slug":"emiliano-celebra-natal-e-reveillon-com-menus-exclusivos","status":"publish","type":"post","link":"https:\/\/www.encontrajardins.com.br\/rua-oscar-freire\/emiliano-celebra-natal-e-reveillon-com-menus-exclusivos\/","title":{"rendered":"Emiliano celebra Natal e R\u00e9veillon com menus exclusivos"},"content":{"rendered":"<h2>Menu Degusta\u00e7\u00e3o de Natal<\/h2>\n<p>No <strong>Restaurante Emiliano<\/strong>, o <em>menu degusta\u00e7\u00e3o de Natal<\/em> \u00e9 um destaque da programa\u00e7\u00e3o especial de fim de ano. Sob a supervis\u00e3o da talentosa chef <strong>Vivi Gon\u00e7alves<\/strong>, cada prato foi cuidadosamente elaborado para refletir o esp\u00edrito natalino, oferecendo uma experi\u00eancia \u00fanica aos visitantes. Neste menu, os convidados podem esperar um verdadeiro banquete que reinterpreta os cl\u00e1ssicos natalinos de forma sofisticada.<\/p>\n<p>Iniciando a refei\u00e7\u00e3o, as <strong>vieiras seladas<\/strong> se destacam, trazendo um sabor delicado e mar\u00edtimo, perfeitamente acompanhado por um toque de citrus. Em seguida, massas artesanais que evocam mem\u00f3rias afetivas, incentivando a confraterniza\u00e7\u00e3o ao redor da mesa. O tradicional <strong>peru natalino<\/strong>, preparado com maestria, \u00e9 apresentado em uma composi\u00e7\u00e3o que preserva sua ess\u00eancia, mas que tamb\u00e9m ousa em novas combina\u00e7\u00f5es de sabores, como uma redu\u00e7\u00e3o de frutas c\u00edtricas que enriquece o prato.<\/p>\n<p>As sobremesas n\u00e3o ficam atr\u00e1s em originalidade. A <strong>rabanada com doce de leite artesanal<\/strong> e a <strong>mousse de chocolate com especiarias<\/strong> s\u00e3o op\u00e7\u00f5es que prometem encantar at\u00e9 os paladares mais exigentes. Com um custo de <strong>R$ 870 por pessoa<\/strong>, este menu \u00e9 uma verdadeira celebra\u00e7\u00e3o de sabores, que se integra ao ambiente acolhedor e rejoice de Natal do restaurante.<\/p>\n<p><img decoding=\"async\" src=\"https:\/\/www.encontrajardins.com.br\/rua-oscar-freire\/wp-content\/uploads\/2025\/12\/emiliano-celebra-natal-e-reveillon-com-menus-exclusivos.webp\" alt=\"menus exclusivos\" loading=\"lazy\" \/><\/p>\n<h2>Brunch Natalino do Emiliano<\/h2>\n<p>O <em>brunch natalino<\/em>, oferecido no dia <strong>25 de dezembro<\/strong>, \u00e9 uma oportunidade perfeita para relaxar ap\u00f3s a vig\u00edlia de Natal. Com um foco na qualidade dos produtos locais, o menu apresenta uma sele\u00e7\u00e3o de <strong>p\u00e3es de fermenta\u00e7\u00e3o natural<\/strong>, que se tornam a base perfeita para uma refei\u00e7\u00e3o descontra\u00edda e saborosa. Cada p\u00e3o \u00e9 feito artesanalmente, proporcionando uma textura e um sabor inconfund\u00edveis.<\/p>\n<p>Entre as variadas op\u00e7\u00f5es do brunch, est\u00e3o tamb\u00e9m <strong>queijos brasileiros<\/strong> selecionados, pratos quentes que variam de acordo com a esta\u00e7\u00e3o e uma sele\u00e7\u00e3o de <strong>sobremesas artesanais<\/strong> que encantam os olhos e o paladar. Cada item foi pensado para gerar uma experi\u00eancia rica, onde os sabores se harmonizam, trazendo conforto e eleg\u00e2ncia a esta refei\u00e7\u00e3o especial. O pre\u00e7o do brunch \u00e9 de <strong>R$ 620 por pessoa<\/strong>, com taxa de servi\u00e7o inclusa, incluindo bebidas n\u00e3o alco\u00f3licas e uma sele\u00e7\u00e3o de <strong>vinhos da casa<\/strong>.<\/p>\n<h2>Op\u00e7\u00f5es de Presentes Gourmet<\/h2>\n<p>Para aqueles que buscam formas especiais de presentear, o Emiliano oferece uma <em>Caixa de Natal especial<\/em> que compila uma variedade de del\u00edcias gastron\u00f4micas. Esta caixa \u00e9 uma verdadeira celebra\u00e7\u00e3o dos sabores, contendo um <strong>panetone artesanal de fermenta\u00e7\u00e3o natural<\/strong> de 250g, feito com mel, fava de baunilha e passas brancas.<\/p>\n<p>Al\u00e9m do panetone, a caixa vem acompanhada de uma curadoria de produtos artesanais de alta qualidade, como <strong>jam\u00f3n<\/strong>, <strong>queijos selecionados<\/strong> e favo de mel, al\u00e9m de um tradicional <strong>bolo de t\u00e2maras com calda de caramelo salgado<\/strong>. Esta \u00e9 uma maneira ideal de compartilhar a riqueza da gastronomia durante as festividades. As op\u00e7\u00f5es de presente est\u00e3o dispon\u00edveis em vers\u00f5es com <strong>Champagne Mo\u00ebt &#038; Chandon<\/strong> por <strong>R$ 2.240<\/strong> ou com <strong>Dom P\u00e9rignon<\/strong> por <strong>R$ 3.590<\/strong>, permitindo que o presente n\u00e3o seja apenas um item, mas uma experi\u00eancia memor\u00e1vel.<\/p>\n<h2>Ceia de R\u00e9veillon Elegante<\/h2>\n<p>Com a aproxima\u00e7\u00e3o do <strong>R\u00e9veillon<\/strong>, o Emiliano preparou uma <em>Ceia de R\u00e9veillon<\/em> deslumbrante que promete uma virada de ano inesquec\u00edvel. Este menu mistura leveza e sofistica\u00e7\u00e3o, apresentando pratos que refletem o desejo de renova\u00e7\u00e3o e celebra\u00e7\u00e3o desta \u00e9poca. A noite \u00e9 iniciada com <strong>ceviche de robalo<\/strong>, onde a frescura do peixe \u00e9 destacada pela acidez equilibrada dos acompanhamentos.<\/p>\n<p>O <strong>bacalhau confitado<\/strong> \u00e9 outro prato crucial, que mant\u00e9m as tradi\u00e7\u00f5es das celebra\u00e7\u00f5es de fim de ano, mas que \u00e9 apresentado de maneira inovadora, garantindo um sabor incr\u00edvel. O <strong>lombo su\u00edno com lentilhas<\/strong> promete trazer sorte e fartura para o ano que se inicia, e as <strong>rabanadas artesanais<\/strong> encerram a refei\u00e7\u00e3o com chave de ouro. O pre\u00e7o para a ceia \u00e9 de <strong>R$ 1.300 por pessoa<\/strong>, que inclui uma ta\u00e7a de Champagne <strong>Dom P\u00e9rignon<\/strong> como acompanhamento, simbolizando celebra\u00e7\u00e3o e bonan\u00e7a.<\/p>\n<h2>Experi\u00eancias Gastron\u00f4micas Personalizadas<\/h2>\n<p>O Emiliano n\u00e3o apenas se destaca pelos menus de fim de ano, mas tamb\u00e9m se dedica a criar <em>experi\u00eancias gastron\u00f4micas personalizadas<\/em> para seus clientes. Aqueles que desejam um jantar especial, seja para comemora\u00e7\u00f5es \u00edntimas ou grandes eventos, podem contar com a equipe do restaurante para personalizar suas solicita\u00e7\u00f5es. Isso possibilita que cada visita ao Emiliano n\u00e3o seja apenas uma refei\u00e7\u00e3o, mas uma verdadeira imers\u00e3o em experi\u00eancias culturais e gastron\u00f4micas.<\/p>\n<p>A personaliza\u00e7\u00e3o n\u00e3o se limita apenas ao menu; o ambiente tamb\u00e9m pode ser ajustado para refletir a ocasi\u00e3o. Desde cores e decora\u00e7\u00f5es at\u00e9 a sele\u00e7\u00e3o de m\u00fasicas, cada detalhe \u00e9 considerado para criar uma atmosfera \u00fanica. Assim, as experi\u00eancias gastron\u00f4micas se tornam verdadeiras mem\u00f3rias, eternizadas na mente e no cora\u00e7\u00e3o dos convidados.<\/p>\n<h2>Culin\u00e1ria Sazonal no Emiliano<\/h2>\n<p>A <em>culin\u00e1ria sazonal<\/em> \u00e9 um aspecto vital na filosofia do Emiliano, que enfatiza o uso de ingredientes frescos e locais. O restaurante valoriza a produ\u00e7\u00e3o sustent\u00e1vel e os sabores aut\u00eanticos que a esta\u00e7\u00e3o pode oferecer, adaptando constantemente seu menu de acordo com o que est\u00e1 dispon\u00edvel na natureza. Este compromisso garante que cada prato n\u00e3o s\u00f3 tenha sabor excepcional, mas tamb\u00e9m respeite a tradi\u00e7\u00e3o e a conex\u00e3o com a terra.<\/p>\n<p>Os ingredientes utilizados em seus pratos refletem esta filosofia; a chef Vivi Gon\u00e7alves busca incorporar produtos do <strong>mercado local<\/strong> que n\u00e3o apenas aprimoram o sabor dos pratos, mas que tamb\u00e9m refletem a riqueza da diversidade brasileiro. Isso \u00e9 especialmente vis\u00edvel nos menus de Natal e R\u00e9veillon, onde ingredientes sazonais s\u00e3o usados para criar pratos que celebram a festividade e a cultura.<\/p>\n<h2>Ambiente Sofisticado e Aconchegante<\/h2>\n<p>Al\u00e9m da gastronomia, o <strong>Restaurante Emiliano<\/strong> se destaca pelo seu <em>ambiente sofisticado e aconchegante<\/em>. Localizado nos Jardins, em S\u00e3o Paulo, o espa\u00e7o foi cuidadosamente projetado para proporcionar conforto e eleg\u00e2ncia aos seus visitantes. As mesas s\u00e3o dispostas de maneira a facilitar a intera\u00e7\u00e3o entre os convidados, promovendo um clima intimista e acolhedor.<\/p>\n<p>O uso de materiais nobres, artworks contempor\u00e2neas e uma ilumina\u00e7\u00e3o suave criam uma atmosfera que favorece n\u00e3o s\u00f3 a refei\u00e7\u00e3o, mas tamb\u00e9m as conversas. O espa\u00e7o \u00e9 ideal para diferentes ocasi\u00f5es, desde um jantar rom\u00e2ntico at\u00e9 celebra\u00e7\u00f5es de fam\u00edlia. Assim, o Emiliano torna-se mais que um restaurante: uma verdadeira experi\u00eancia que envolve todos os sentidos.<\/p>\n<h2>Reservas e Informa\u00e7\u00f5es de Contato<\/h2>\n<p>Para aqueles que desejam vivenciar a gastronomia do Emiliano durante as festas de fim de ano, \u00e9 importante fazer <em>reservas<\/em>. As datas comemorativas costumam ter grande demanda, e as reservas antecipadas garantem uma experi\u00eancia tranquila e organizada. Os interessados podem realizar reservas pelo <strong>telefone (11) 94798-3572<\/strong> ou atrav\u00e9s do <strong>e-mail roomservice@sp.emiliano.com.br<\/strong>, onde a equipe est\u00e1 pronta para auxili\u00e1-los em suas solicita\u00e7\u00f5es.<\/p>\n<h2>Celebra\u00e7\u00e3o com Champagne Exclusivo<\/h2>\n<p>Uma das caracter\u00edsticas que tornam as celebra\u00e7\u00f5es no Emiliano ainda mais especiais \u00e9 a oferta de <em>Champagne exclusivo<\/em>. Durante a Ceia de R\u00e9veillon, cada convidado recebe uma ta\u00e7a de <strong>Dom P\u00e9rignon<\/strong>, um dos champagnes mais renomados do mundo, que simboliza luxo e celebra\u00e7\u00e3o. O compromisso do restaurante em oferecer apenas o melhor refor\u00e7a a sua reputa\u00e7\u00e3o como um dos melhores locais de alta gastronomia em S\u00e3o Paulo.<\/p>\n<p>O Champagne n\u00e3o \u00e9 apenas uma bebida; \u00e9 uma experi\u00eancia que transforma um jantar especial em um momento de celebra\u00e7\u00e3o e alegria, convidando os convidados a brindarem \u00e0s boas-vindas do novo ano com sofistica\u00e7\u00e3o e eleg\u00e2ncia. A inclus\u00e3o de Champagne nos menus \u00e9 um toque que demonstra o cuidado e a aten\u00e7\u00e3o aos detalhes que o Emiliano oferece a cada um de seus visitantes.<\/p>\n<h2>Curadoria de Ingredientes Locais<\/h2>\n<p>Uma das for\u00e7as do <strong>Restaurante Emiliano<\/strong> \u00e9 seu foco em uma <em>curadoria de ingredientes locais<\/em>. A chef Vivi Gon\u00e7alves busca estabelecer parcerias com produtores locais, garantido que os ingredientes estejam sempre frescos e excelentemente selecionados. Essa pr\u00e1tica n\u00e3o apenas contribui para a economia local, como tamb\u00e9m assegura que os pratos sejam feitos com os melhores alimentos dispon\u00edveis, valorizando a ess\u00eancia do que \u00e9 servido diante dos clientes.<\/p>\n<p>A curadoria dos ingredientes reflete diretamente no menu e garante que cada prato seja uma representa\u00e7\u00e3o do que a regi\u00e3o tem de melhor a oferecer, fazendo com que a experi\u00eancia gastron\u00f4mica v\u00e1 al\u00e9m do paladar, englobando os aspectos culturais e sociais que envolvem cada ingrediente. Ao promover esta filosofia, o Emiliano sinaliza seu compromisso com a sustentabilidade e a valoriza\u00e7\u00e3o do que \u00e9 nacional, permitindo que seus visitantes desfrutem de uma refei\u00e7\u00e3o que \u00e9 passaporte para um universo de sabores.<\/p>\n","protected":false},"excerpt":{"rendered":"<p>Menus exclusivos do Emiliano para um Natal e R\u00e9veillon sofisticados e memor\u00e1veis.<\/p>\n","protected":false},"author":1,"featured_media":4069,"comment_status":"open","ping_status":"open","sticky":false,"template":"","format":"standard","meta":{"footnotes":""},"categories":[5],"tags":[],"class_list":["post-4070","post","type-post","status-publish","format-standard","has-post-thumbnail","hentry","category-noticias","has_thumb"],"yoast_head":"<!-- This site is optimized with the Yoast SEO plugin v27.5 - https:\/\/yoast.com\/product\/yoast-seo-wordpress\/ -->\n<title>Emiliano celebra Natal e R\u00e9veillon com menus exclusivos | Guia Rua Oscar Freire SP<\/title>\n<meta name=\"robots\" content=\"index, follow, max-snippet:-1, max-image-preview:large, max-video-preview:-1\" \/>\n<link rel=\"canonical\" href=\"https:\/\/www.encontrajardins.com.br\/rua-oscar-freire\/emiliano-celebra-natal-e-reveillon-com-menus-exclusivos\/\" \/>\n<meta property=\"og:locale\" content=\"pt_BR\" \/>\n<meta property=\"og:type\" content=\"article\" \/>\n<meta property=\"og:title\" content=\"Emiliano celebra Natal e R\u00e9veillon com menus exclusivos | Guia Rua Oscar Freire SP\" \/>\n<meta property=\"og:description\" content=\"Menus exclusivos do Emiliano para um Natal e R\u00e9veillon sofisticados e memor\u00e1veis.\" \/>\n<meta property=\"og:url\" content=\"https:\/\/www.encontrajardins.com.br\/rua-oscar-freire\/emiliano-celebra-natal-e-reveillon-com-menus-exclusivos\/\" \/>\n<meta property=\"og:site_name\" content=\"Guia Rua Oscar Freire SP\" \/>\n<meta property=\"article:published_time\" content=\"2025-12-27T09:50:00+00:00\" \/>\n<meta property=\"og:image\" content=\"https:\/\/www.encontrajardins.com.br\/rua-oscar-freire\/wp-content\/uploads\/2025\/12\/emiliano-celebra-natal-e-reveillon-com-menus-exclusivos.webp\" \/>\n<meta name=\"author\" content=\"Encontra Rua Oscar Freire\" \/>\n<meta name=\"twitter:card\" content=\"summary_large_image\" \/>\n<meta name=\"twitter:label1\" content=\"Escrito por\" \/>\n\t<meta name=\"twitter:data1\" content=\"Encontra Rua Oscar Freire\" \/>\n\t<meta name=\"twitter:label2\" content=\"Est. tempo de leitura\" \/>\n\t<meta name=\"twitter:data2\" content=\"7 minutos\" \/>\n<script type=\"application\/ld+json\" class=\"yoast-schema-graph\">{\"@context\":\"https:\\\/\\\/schema.org\",\"@graph\":[{\"@type\":\"Article\",\"@id\":\"https:\\\/\\\/www.encontrajardins.com.br\\\/rua-oscar-freire\\\/emiliano-celebra-natal-e-reveillon-com-menus-exclusivos\\\/#article\",\"isPartOf\":{\"@id\":\"https:\\\/\\\/www.encontrajardins.com.br\\\/rua-oscar-freire\\\/emiliano-celebra-natal-e-reveillon-com-menus-exclusivos\\\/\"},\"author\":{\"name\":\"Encontra Rua Oscar Freire\",\"@id\":\"https:\\\/\\\/www.encontrajardins.com.br\\\/rua-oscar-freire\\\/#\\\/schema\\\/person\\\/3166ca84b756e32f4dc9083fad9c8b59\"},\"headline\":\"Emiliano celebra Natal e R\u00e9veillon com menus exclusivos\",\"datePublished\":\"2025-12-27T09:50:00+00:00\",\"mainEntityOfPage\":{\"@id\":\"https:\\\/\\\/www.encontrajardins.com.br\\\/rua-oscar-freire\\\/emiliano-celebra-natal-e-reveillon-com-menus-exclusivos\\\/\"},\"wordCount\":1498,\"commentCount\":0,\"image\":{\"@id\":\"https:\\\/\\\/www.encontrajardins.com.br\\\/rua-oscar-freire\\\/emiliano-celebra-natal-e-reveillon-com-menus-exclusivos\\\/#primaryimage\"},\"thumbnailUrl\":\"https:\\\/\\\/www.encontrajardins.com.br\\\/rua-oscar-freire\\\/wp-content\\\/uploads\\\/2025\\\/12\\\/emiliano-celebra-natal-e-reveillon-com-menus-exclusivos.webp\",\"articleSection\":[\"Not\u00edcias Rua Oscar Freire\"],\"inLanguage\":\"pt-BR\",\"potentialAction\":[{\"@type\":\"CommentAction\",\"name\":\"Comment\",\"target\":[\"https:\\\/\\\/www.encontrajardins.com.br\\\/rua-oscar-freire\\\/emiliano-celebra-natal-e-reveillon-com-menus-exclusivos\\\/#respond\"]}]},{\"@type\":\"WebPage\",\"@id\":\"https:\\\/\\\/www.encontrajardins.com.br\\\/rua-oscar-freire\\\/emiliano-celebra-natal-e-reveillon-com-menus-exclusivos\\\/\",\"url\":\"https:\\\/\\\/www.encontrajardins.com.br\\\/rua-oscar-freire\\\/emiliano-celebra-natal-e-reveillon-com-menus-exclusivos\\\/\",\"name\":\"Emiliano celebra Natal e R\u00e9veillon com menus exclusivos | Guia Rua Oscar Freire SP\",\"isPartOf\":{\"@id\":\"https:\\\/\\\/www.encontrajardins.com.br\\\/rua-oscar-freire\\\/#website\"},\"primaryImageOfPage\":{\"@id\":\"https:\\\/\\\/www.encontrajardins.com.br\\\/rua-oscar-freire\\\/emiliano-celebra-natal-e-reveillon-com-menus-exclusivos\\\/#primaryimage\"},\"image\":{\"@id\":\"https:\\\/\\\/www.encontrajardins.com.br\\\/rua-oscar-freire\\\/emiliano-celebra-natal-e-reveillon-com-menus-exclusivos\\\/#primaryimage\"},\"thumbnailUrl\":\"https:\\\/\\\/www.encontrajardins.com.br\\\/rua-oscar-freire\\\/wp-content\\\/uploads\\\/2025\\\/12\\\/emiliano-celebra-natal-e-reveillon-com-menus-exclusivos.webp\",\"datePublished\":\"2025-12-27T09:50:00+00:00\",\"author\":{\"@id\":\"https:\\\/\\\/www.encontrajardins.com.br\\\/rua-oscar-freire\\\/#\\\/schema\\\/person\\\/3166ca84b756e32f4dc9083fad9c8b59\"},\"inLanguage\":\"pt-BR\",\"potentialAction\":[{\"@type\":\"ReadAction\",\"target\":[\"https:\\\/\\\/www.encontrajardins.com.br\\\/rua-oscar-freire\\\/emiliano-celebra-natal-e-reveillon-com-menus-exclusivos\\\/\"]}]},{\"@type\":\"ImageObject\",\"inLanguage\":\"pt-BR\",\"@id\":\"https:\\\/\\\/www.encontrajardins.com.br\\\/rua-oscar-freire\\\/emiliano-celebra-natal-e-reveillon-com-menus-exclusivos\\\/#primaryimage\",\"url\":\"https:\\\/\\\/www.encontrajardins.com.br\\\/rua-oscar-freire\\\/wp-content\\\/uploads\\\/2025\\\/12\\\/emiliano-celebra-natal-e-reveillon-com-menus-exclusivos.webp\",\"contentUrl\":\"https:\\\/\\\/www.encontrajardins.com.br\\\/rua-oscar-freire\\\/wp-content\\\/uploads\\\/2025\\\/12\\\/emiliano-celebra-natal-e-reveillon-com-menus-exclusivos.webp\",\"width\":320,\"height\":280,\"caption\":\"menus exclusivos\"},{\"@type\":\"WebSite\",\"@id\":\"https:\\\/\\\/www.encontrajardins.com.br\\\/rua-oscar-freire\\\/#website\",\"url\":\"https:\\\/\\\/www.encontrajardins.com.br\\\/rua-oscar-freire\\\/\",\"name\":\"Guia Rua Oscar Freire SP\",\"description\":\"GUIA RUA OSCAR FREIRE - O guia comercial de neg\u00f3cios e empresas, cultura e divers\u00e3o na rua Oscar Freire. Feito 100% para voc\u00ea morador!\",\"potentialAction\":[{\"@type\":\"SearchAction\",\"target\":{\"@type\":\"EntryPoint\",\"urlTemplate\":\"https:\\\/\\\/www.encontrajardins.com.br\\\/rua-oscar-freire\\\/?s={search_term_string}\"},\"query-input\":{\"@type\":\"PropertyValueSpecification\",\"valueRequired\":true,\"valueName\":\"search_term_string\"}}],\"inLanguage\":\"pt-BR\"},{\"@type\":\"Person\",\"@id\":\"https:\\\/\\\/www.encontrajardins.com.br\\\/rua-oscar-freire\\\/#\\\/schema\\\/person\\\/3166ca84b756e32f4dc9083fad9c8b59\",\"name\":\"Encontra Rua Oscar Freire\",\"image\":{\"@type\":\"ImageObject\",\"inLanguage\":\"pt-BR\",\"@id\":\"https:\\\/\\\/www.encontrajardins.com.br\\\/rua-oscar-freire\\\/wp-content\\\/litespeed\\\/avatar\\\/e92a756db1fc224ef50d2f00ed0d047a.jpg?ver=1777503335\",\"url\":\"https:\\\/\\\/www.encontrajardins.com.br\\\/rua-oscar-freire\\\/wp-content\\\/litespeed\\\/avatar\\\/e92a756db1fc224ef50d2f00ed0d047a.jpg?ver=1777503335\",\"contentUrl\":\"https:\\\/\\\/www.encontrajardins.com.br\\\/rua-oscar-freire\\\/wp-content\\\/litespeed\\\/avatar\\\/e92a756db1fc224ef50d2f00ed0d047a.jpg?ver=1777503335\",\"caption\":\"Encontra Rua Oscar Freire\"},\"url\":\"https:\\\/\\\/www.encontrajardins.com.br\\\/rua-oscar-freire\\\/author\\\/rua-oscar-freire\\\/\"}]}<\/script>\n<!-- \/ Yoast SEO plugin. -->","yoast_head_json":{"title":"Emiliano celebra Natal e R\u00e9veillon com menus exclusivos | Guia Rua Oscar Freire SP","robots":{"index":"index","follow":"follow","max-snippet":"max-snippet:-1","max-image-preview":"max-image-preview:large","max-video-preview":"max-video-preview:-1"},"canonical":"https:\/\/www.encontrajardins.com.br\/rua-oscar-freire\/emiliano-celebra-natal-e-reveillon-com-menus-exclusivos\/","og_locale":"pt_BR","og_type":"article","og_title":"Emiliano celebra Natal e R\u00e9veillon com menus exclusivos | Guia Rua Oscar Freire SP","og_description":"Menus exclusivos do Emiliano para um Natal e R\u00e9veillon sofisticados e memor\u00e1veis.","og_url":"https:\/\/www.encontrajardins.com.br\/rua-oscar-freire\/emiliano-celebra-natal-e-reveillon-com-menus-exclusivos\/","og_site_name":"Guia Rua Oscar Freire SP","article_published_time":"2025-12-27T09:50:00+00:00","og_image":[{"url":"https:\/\/www.encontrajardins.com.br\/rua-oscar-freire\/wp-content\/uploads\/2025\/12\/emiliano-celebra-natal-e-reveillon-com-menus-exclusivos.webp","type":"","width":"","height":""}],"author":"Encontra Rua Oscar Freire","twitter_card":"summary_large_image","twitter_misc":{"Escrito por":"Encontra Rua Oscar Freire","Est. tempo de leitura":"7 minutos"},"schema":{"@context":"https:\/\/schema.org","@graph":[{"@type":"Article","@id":"https:\/\/www.encontrajardins.com.br\/rua-oscar-freire\/emiliano-celebra-natal-e-reveillon-com-menus-exclusivos\/#article","isPartOf":{"@id":"https:\/\/www.encontrajardins.com.br\/rua-oscar-freire\/emiliano-celebra-natal-e-reveillon-com-menus-exclusivos\/"},"author":{"name":"Encontra Rua Oscar Freire","@id":"https:\/\/www.encontrajardins.com.br\/rua-oscar-freire\/#\/schema\/person\/3166ca84b756e32f4dc9083fad9c8b59"},"headline":"Emiliano celebra Natal e R\u00e9veillon com menus exclusivos","datePublished":"2025-12-27T09:50:00+00:00","mainEntityOfPage":{"@id":"https:\/\/www.encontrajardins.com.br\/rua-oscar-freire\/emiliano-celebra-natal-e-reveillon-com-menus-exclusivos\/"},"wordCount":1498,"commentCount":0,"image":{"@id":"https:\/\/www.encontrajardins.com.br\/rua-oscar-freire\/emiliano-celebra-natal-e-reveillon-com-menus-exclusivos\/#primaryimage"},"thumbnailUrl":"https:\/\/www.encontrajardins.com.br\/rua-oscar-freire\/wp-content\/uploads\/2025\/12\/emiliano-celebra-natal-e-reveillon-com-menus-exclusivos.webp","articleSection":["Not\u00edcias Rua Oscar Freire"],"inLanguage":"pt-BR","potentialAction":[{"@type":"CommentAction","name":"Comment","target":["https:\/\/www.encontrajardins.com.br\/rua-oscar-freire\/emiliano-celebra-natal-e-reveillon-com-menus-exclusivos\/#respond"]}]},{"@type":"WebPage","@id":"https:\/\/www.encontrajardins.com.br\/rua-oscar-freire\/emiliano-celebra-natal-e-reveillon-com-menus-exclusivos\/","url":"https:\/\/www.encontrajardins.com.br\/rua-oscar-freire\/emiliano-celebra-natal-e-reveillon-com-menus-exclusivos\/","name":"Emiliano celebra Natal e R\u00e9veillon com menus exclusivos | Guia Rua Oscar Freire SP","isPartOf":{"@id":"https:\/\/www.encontrajardins.com.br\/rua-oscar-freire\/#website"},"primaryImageOfPage":{"@id":"https:\/\/www.encontrajardins.com.br\/rua-oscar-freire\/emiliano-celebra-natal-e-reveillon-com-menus-exclusivos\/#primaryimage"},"image":{"@id":"https:\/\/www.encontrajardins.com.br\/rua-oscar-freire\/emiliano-celebra-natal-e-reveillon-com-menus-exclusivos\/#primaryimage"},"thumbnailUrl":"https:\/\/www.encontrajardins.com.br\/rua-oscar-freire\/wp-content\/uploads\/2025\/12\/emiliano-celebra-natal-e-reveillon-com-menus-exclusivos.webp","datePublished":"2025-12-27T09:50:00+00:00","author":{"@id":"https:\/\/www.encontrajardins.com.br\/rua-oscar-freire\/#\/schema\/person\/3166ca84b756e32f4dc9083fad9c8b59"},"inLanguage":"pt-BR","potentialAction":[{"@type":"ReadAction","target":["https:\/\/www.encontrajardins.com.br\/rua-oscar-freire\/emiliano-celebra-natal-e-reveillon-com-menus-exclusivos\/"]}]},{"@type":"ImageObject","inLanguage":"pt-BR","@id":"https:\/\/www.encontrajardins.com.br\/rua-oscar-freire\/emiliano-celebra-natal-e-reveillon-com-menus-exclusivos\/#primaryimage","url":"https:\/\/www.encontrajardins.com.br\/rua-oscar-freire\/wp-content\/uploads\/2025\/12\/emiliano-celebra-natal-e-reveillon-com-menus-exclusivos.webp","contentUrl":"https:\/\/www.encontrajardins.com.br\/rua-oscar-freire\/wp-content\/uploads\/2025\/12\/emiliano-celebra-natal-e-reveillon-com-menus-exclusivos.webp","width":320,"height":280,"caption":"menus exclusivos"},{"@type":"WebSite","@id":"https:\/\/www.encontrajardins.com.br\/rua-oscar-freire\/#website","url":"https:\/\/www.encontrajardins.com.br\/rua-oscar-freire\/","name":"Guia Rua Oscar Freire SP","description":"GUIA RUA OSCAR FREIRE - O guia comercial de neg\u00f3cios e empresas, cultura e divers\u00e3o na rua Oscar Freire. Feito 100% para voc\u00ea morador!","potentialAction":[{"@type":"SearchAction","target":{"@type":"EntryPoint","urlTemplate":"https:\/\/www.encontrajardins.com.br\/rua-oscar-freire\/?s={search_term_string}"},"query-input":{"@type":"PropertyValueSpecification","valueRequired":true,"valueName":"search_term_string"}}],"inLanguage":"pt-BR"},{"@type":"Person","@id":"https:\/\/www.encontrajardins.com.br\/rua-oscar-freire\/#\/schema\/person\/3166ca84b756e32f4dc9083fad9c8b59","name":"Encontra Rua Oscar Freire","image":{"@type":"ImageObject","inLanguage":"pt-BR","@id":"https:\/\/www.encontrajardins.com.br\/rua-oscar-freire\/wp-content\/litespeed\/avatar\/e92a756db1fc224ef50d2f00ed0d047a.jpg?ver=1777503335","url":"https:\/\/www.encontrajardins.com.br\/rua-oscar-freire\/wp-content\/litespeed\/avatar\/e92a756db1fc224ef50d2f00ed0d047a.jpg?ver=1777503335","contentUrl":"https:\/\/www.encontrajardins.com.br\/rua-oscar-freire\/wp-content\/litespeed\/avatar\/e92a756db1fc224ef50d2f00ed0d047a.jpg?ver=1777503335","caption":"Encontra Rua Oscar Freire"},"url":"https:\/\/www.encontrajardins.com.br\/rua-oscar-freire\/author\/rua-oscar-freire\/"}]}},"_links":{"self":[{"href":"https:\/\/www.encontrajardins.com.br\/rua-oscar-freire\/wp-json\/wp\/v2\/posts\/4070","targetHints":{"allow":["GET"]}}],"collection":[{"href":"https:\/\/www.encontrajardins.com.br\/rua-oscar-freire\/wp-json\/wp\/v2\/posts"}],"about":[{"href":"https:\/\/www.encontrajardins.com.br\/rua-oscar-freire\/wp-json\/wp\/v2\/types\/post"}],"author":[{"embeddable":true,"href":"https:\/\/www.encontrajardins.com.br\/rua-oscar-freire\/wp-json\/wp\/v2\/users\/1"}],"replies":[{"embeddable":true,"href":"https:\/\/www.encontrajardins.com.br\/rua-oscar-freire\/wp-json\/wp\/v2\/comments?post=4070"}],"version-history":[{"count":0,"href":"https:\/\/www.encontrajardins.com.br\/rua-oscar-freire\/wp-json\/wp\/v2\/posts\/4070\/revisions"}],"wp:featuredmedia":[{"embeddable":true,"href":"https:\/\/www.encontrajardins.com.br\/rua-oscar-freire\/wp-json\/wp\/v2\/media\/4069"}],"wp:attachment":[{"href":"https:\/\/www.encontrajardins.com.br\/rua-oscar-freire\/wp-json\/wp\/v2\/media?parent=4070"}],"wp:term":[{"taxonomy":"category","embeddable":true,"href":"https:\/\/www.encontrajardins.com.br\/rua-oscar-freire\/wp-json\/wp\/v2\/categories?post=4070"},{"taxonomy":"post_tag","embeddable":true,"href":"https:\/\/www.encontrajardins.com.br\/rua-oscar-freire\/wp-json\/wp\/v2\/tags?post=4070"}],"curies":[{"name":"wp","href":"https:\/\/api.w.org\/{rel}","templated":true}]}}