{"id":4130,"date":"2026-01-21T18:32:28","date_gmt":"2026-01-21T21:32:28","guid":{"rendered":"https:\/\/www.encontrajardins.com.br\/rua-oscar-freire\/arrastao-em-padaria-tem-refens-e-tiros-na-oscar-freire-em-sp-uma-gritaria-veja-video-2\/"},"modified":"2026-01-21T18:32:28","modified_gmt":"2026-01-21T21:32:28","slug":"arrastao-em-padaria-tem-refens-e-tiros-na-oscar-freire-em-sp-uma-gritaria-veja-video-2","status":"publish","type":"post","link":"https:\/\/www.encontrajardins.com.br\/rua-oscar-freire\/arrastao-em-padaria-tem-refens-e-tiros-na-oscar-freire-em-sp-uma-gritaria-veja-video-2\/","title":{"rendered":"Arrast\u00e3o em padaria tem ref\u00e9ns e tiros na Oscar Freire, em SP: \u2018Uma gritaria\u2019; veja v\u00eddeo"},"content":{"rendered":"<h2>O que aconteceu durante o arrast\u00e3o<\/h2>\n<p>No dia 14 de janeiro de 2026, uma padaria localizada na Rua Padre Jo\u00e3o Manuel, pr\u00f3ximo \u00e0 famosa Rua Oscar Freire, em S\u00e3o Paulo, foi alvo de um arrast\u00e3o que deixou a comunidade em estado de choque. Tr\u00eas criminosos entraram no local por volta das 16 horas, iniciando uma a\u00e7\u00e3o que durou apenas alguns minutos, mas que ser\u00e1 lembrada por muito tempo. Os assaltantes dominaram a padaria e fizeram funcion\u00e1rios e clientes ref\u00e9ns, criando um cen\u00e1rio aterrorizante que gerou gritos e p\u00e2nico.<\/p>\n<p>Durante a abordagem, os criminosos recolheram os pertences dos clientes presentes, como celulares, rel\u00f3gios e joias. Os funcion\u00e1rios, que estavam no local, relataram momentos de extrema tens\u00e3o. Testemunhas afirmam que o lugar se transformou em um verdadeiro caos, com gritos e correria, enquanto as pessoas tentavam se proteger e fugir da situa\u00e7\u00e3o. O clima era de incerteza, e a sensa\u00e7\u00e3o de vulnerabilidade se alastrou pela regi\u00e3o, que \u00e9 conhecida por seu com\u00e9rcio e pela presen\u00e7a de um p\u00fablico hogere que frequenta a \u00e1rea.<\/p>\n<h2>Como a pol\u00edcia reagiu ao incidente<\/h2>\n<p>A rea\u00e7\u00e3o da pol\u00edcia ao incidente foi imediata, uma vez que um policial civil estava de folga na localiza\u00e7\u00e3o e presenciou o in\u00edcio do assalto. Ele rapidamente interveio, sacando sua arma e disparando contra os criminosos. Esse ato de bravura foi crucial, pois mesmo na confus\u00e3o do momento, o policial conseguiu ferir um dos assaltantes, que tentava fugir. O chamado dos pedidos de socorro e os disparos geraram uma resposta r\u00e1pida da Pol\u00edcia Militar.<\/p>\n<p><img decoding=\"async\" src=\"https:\/\/www.encontrajardins.com.br\/rua-oscar-freire\/wp-content\/uploads\/2026\/01\/arrastao-em-padaria-tem-refens-e-tiros-na-oscar-freire-em-sp-uma-gritaria-veja-video.webp\" alt=\"arrast\u00e3o em padaria\" loading=\"lazy\" \/><\/p>\n<p>Ap\u00f3s o disparo, a \u00e1rea foi rapidamente cercada por v\u00e1rias viaturas da pol\u00edcia, que iniciaram uma busca pelos suspeitos. O cen\u00e1rio ca\u00f3tico do arrast\u00e3o se transformou em um intenso trabalho policial para garantir a seguran\u00e7a p\u00fablica e, ao mesmo tempo, tentar capturar os criminosos. No entanto, apesar da a\u00e7\u00e3o r\u00e1pida, os outros assaltantes conseguiram fugir, e a captura do bandido ferido n\u00e3o foi conseguida nesse momento, aumentando a frustra\u00e7\u00e3o da popula\u00e7\u00e3o e a sensa\u00e7\u00e3o de inseguran\u00e7a.<\/p>\n<h2>Relatos das v\u00edtimas do assalto<\/h2>\n<p>As v\u00edtimas do assalto relataram a experi\u00eancia traum\u00e1tica que viveram durante o arrast\u00e3o. Muitos deles estavam apenas desfrutando de um momento tranquilo na padaria, e foram pegos de surpresa pela viol\u00eancia repentina. Um dos clientes, que preferiu n\u00e3o se identificar, disse: &#8220;Foi um momento de desespero. Eu s\u00f3 pensava em como sair dali o mais r\u00e1pido poss\u00edvel. Nunca pensei que algo assim pudesse acontecer em um lugar t\u00e3o frequentado e conhecido&#8221;.<\/p>\n<p>Outro funcion\u00e1rio da padaria descreveu a cena como aterrorizante. Ele afirmou que o clima de tens\u00e3o tomou conta de todos os presentes e que as pessoas estavam visivelmente apavoradas. &#8220;Era imposs\u00edvel saber o que iria acontecer a seguir. A sensa\u00e7\u00e3o de ser ref\u00e9m \u00e9 algo que n\u00e3o consigo descrever&#8221;, disse o funcion\u00e1rio. Os relatos se somam e revelam n\u00e3o apenas o impacto emocional do ocorrido, mas tamb\u00e9m um aumento da preocupa\u00e7\u00e3o com a seguran\u00e7a na \u00e1rea.<\/p>\n<h2>A busca pelos suspeitos do crime<\/h2>\n<p>Ap\u00f3s o arrast\u00e3o, a busca pelos suspeitos foi intensificada. A pol\u00edcia come\u00e7ou a recolher imagens de c\u00e2meras de seguran\u00e7a da regi\u00e3o para tentar identificar os criminosos. As imagens capturadas foram fundamentais para compor a investiga\u00e7\u00e3o e iniciar um mapeamento dos poss\u00edveis caminhos que os assaltantes poderiam ter seguido durante a fuga.<\/p>\n<p>Al\u00e9m disso, a pol\u00edcia trabalhou em parceria com o departamento de intelig\u00eancia para cruzar dados e verificar se os criminosos se encaixavam em algum perfil j\u00e1 conhecido por pr\u00e1ticas de assalto na cidade. A press\u00e3o aumentou para que houvesse respostas r\u00e1pidas, uma vez que o clima de inseguran\u00e7a se agravava com a not\u00edcia do incidente que circulava pelas m\u00eddias sociais e ve\u00edculos de comunica\u00e7\u00e3o. Essa aten\u00e7\u00e3o foi refor\u00e7ada pelas autoridades, que se comprometeram a intensificar o patrulhamento na regi\u00e3o.<\/p>\n<h2>Impacto na seguran\u00e7a da regi\u00e3o<\/h2>\n<p>O arrast\u00e3o na padaria teve um impacto imediato na percep\u00e7\u00e3o de seguran\u00e7a na regi\u00e3o. A \u00e1rea da Oscar Freire, que historicamente era considerada uma das mais seguras de S\u00e3o Paulo, viu sua imagem abalada com o incidente. Comerciantes e frequentadores come\u00e7aram a se questionar sobre a seguran\u00e7a local, levando a um aumento nas preocupa\u00e7\u00f5es sobre a possibilidade de ocorr\u00eancias semelhantes. A sensa\u00e7\u00e3o de medo se espalhou entre os moradores e os comerciantes, resultando em uma onda de desconfian\u00e7a e inseguran\u00e7a.<\/p>\n<p>A repercuss\u00e3o do incidente acabou trazendo \u00e0 tona debates sobre a seguran\u00e7a p\u00fablica na cidade. As autoridades foram pressionadas a apresentar solu\u00e7\u00f5es efetivas para combater a criminalidade, especialmente em \u00e1reas que atraem muitas pessoas. A necessidade de um policiamento mais ostensivo e de tecnologias de seguran\u00e7a, como c\u00e2meras de monitoramento e ilumina\u00e7\u00e3o p\u00fablica apropriada, se tornou um pedido constante da comunidade. Muitos acreditavam que era necess\u00e1rio n\u00e3o apenas aumentar a presen\u00e7a policial, mas promulgar pol\u00edticas p\u00fablicas que garantam um ambiente seguro para todos.<\/p>\n<h2>Testemunhas do assalto falam<\/h2>\n<p>Algumas testemunhas que estavam pr\u00f3ximas \u00e0 padaria durante o arrast\u00e3o compartilharam suas experi\u00eancias e sentimentos. Uma comerciante de uma loja pr\u00f3xima, que assistiu a cena, descreveu a situa\u00e7\u00e3o como avassaladora. Ela afirmou que &#8220;voc\u00ea nunca acha que isso vai acontecer com voc\u00ea ou em sua vizinhan\u00e7a. A sensa\u00e7\u00e3o de impot\u00eancia foi horr\u00edvel&#8221;. Outras testemunhas relataram ter visto pessoas tentarem se esconder ou correr para fora da padaria em desespero.<\/p>\n<p>Al\u00e9m do p\u00e2nico, muitos tamb\u00e9m destacaram a coragem do policial que interveio, como um gesto heroico que foi um sinal de esperan\u00e7a diante do terror. Essas hist\u00f3rias e relatos refor\u00e7am a necessidade de empatia e solidariedade numa comunidade que passa por experi\u00eancias traum\u00e1ticas, mesmo que atrav\u00e9s da dire\u00e7\u00e3o oposta. O apoio psicol\u00f3gico para as v\u00edtimas e testemunhas tamb\u00e9m foi mencionado como um passo importante para a recupera\u00e7\u00e3o emocional da comunidade.<\/p>\n<h2>Detalhes sobre a padaria alvo do crime<\/h2>\n<p>A Padaria L\u00ea Bl\u00e9 Petit \u00e9 conhecida por sua variedade de produtos e sua import\u00e2ncia na comunidade local. Oferecendo desde p\u00e3es fresquinhos, doces e salgados, a padaria sempre foi um ponto de encontro para fam\u00edlias e amigos. O local possui um clima acolhedor e sempre recebeu elogios por sua qualidade e atendimento. No entanto, o evento do arrast\u00e3o mexeu com a reputa\u00e7\u00e3o do estabelecimento, e os comerciantes est\u00e3o preocupados com as consequ\u00eancias.<\/p>\n<p>Ap\u00f3s o incidente, o advogado da padaria declarou que o estabelecimento lamenta profundamente o ocorrido, ressaltando que a seguran\u00e7a das pessoas deve ser sempre a prioridade. Eles se comprometeram a cooperar com as investiga\u00e7\u00f5es e a ajudar as autoridades a prevenir que algo similar aconte\u00e7a no futuro. A padaria pode ter que repensar suas estrat\u00e9gias de seguran\u00e7a e talvez implementar medidas adicionais para garantir a prote\u00e7\u00e3o dos clientes e funcion\u00e1rios.<\/p>\n<h2>Prepara\u00e7\u00f5es da pol\u00edcia ap\u00f3s o ocorrido<\/h2>\n<p>Diante do arrast\u00e3o, a pol\u00edcia iniciou uma s\u00e9rie de preparativos para prevenir novos incidentes semelhantes. Reuni\u00f5es foram realizadas para avaliar as falhas de seguran\u00e7a na \u00e1rea e discutir maneiras de melhor vigil\u00e2ncia nas redondezas. A presen\u00e7a policial foi elevada em v\u00e1rias ruas pr\u00f3ximas e muitas blitzen foram organizadas para coibir a criminalidade.<\/p>\n<p>Al\u00e9m disso, a pol\u00edcia come\u00e7ou a incentivar um plano de aproxima\u00e7\u00e3o comunit\u00e1ria, onde os moradores poderiam contribuir com informa\u00e7\u00f5es sobre atividades suspeitas. A ideia \u00e9 criar um ambiente onde a popula\u00e7\u00e3o se sinta mais \u00e0 vontade para reportar situa\u00e7\u00f5es incomuns. Esse movimento pode ajudar a restaurar a confian\u00e7a da comunidade nas institui\u00e7\u00f5es policiais e tamb\u00e9m nos faz perceber o papel da seguran\u00e7a p\u00fablica como um esfor\u00e7o conjunto.<\/p>\n<h2>Aumento da criminalidade em \u00e1reas nobres<\/h2>\n<p>O arrast\u00e3o na padaria \u00e9 um reflexo de um aumento geral na criminalidade em \u00e1reas que tradicionalmente eram consideradas seguras, como a Oscar Freire. Estudiosos e especialistas em seguran\u00e7a p\u00fablica apontam que a urbaniza\u00e7\u00e3o, a desigualdade social e a falta de uma resposta eficaz por parte das autoridades t\u00eam contribu\u00eddo para um aumento nos casos de crimes em \u00e1reas nobres.<\/p>\n<p>Os dados de criminalidade mostram que, nos \u00faltimos anos, houve um crescimento dos delitos, mesmo em locais onde a percep\u00e7\u00e3o de seguran\u00e7a era alta. Isso indica que a mudan\u00e7a no cen\u00e1rio da criminalidade n\u00e3o \u00e9 apenas uma exce\u00e7\u00e3o, mas parte de uma tend\u00eancia mais ampla que exige aten\u00e7\u00e3o. A revitaliza\u00e7\u00e3o urbana e programas sociais que promovem inclus\u00e3o e emprego s\u00e3o discutidos como maneiras de combater essas quest\u00f5es a longo prazo, enfatizando a import\u00e2ncia do investimento em seguran\u00e7a e preven\u00e7\u00e3o.<\/p>\n<h2>Medidas de seguran\u00e7a para comerciantes locais<\/h2>\n<p>Ap\u00f3s o arrast\u00e3o, muitos comerciantes na regi\u00e3o come\u00e7aram a se reunir para discutir medidas de seguran\u00e7a que poderiam ser implementadas como forma de prote\u00e7\u00e3o. Algumas ideias que foram levantadas incluem o investimento em sistemas de vigil\u00e2ncia, aumento da ilumina\u00e7\u00e3o p\u00fablica e a forma\u00e7\u00e3o de grupos de seguran\u00e7a entre os comerciantes da regi\u00e3o.<\/p>\n<p>Al\u00e9m disso, a cria\u00e7\u00e3o de um canal direto de comunica\u00e7\u00e3o com a pol\u00edcia \u00e9 vista como uma maneira de facilitar a troca de informa\u00e7\u00f5es em situa\u00e7\u00f5es de emerg\u00eancia. Os comerciantes tamb\u00e9m est\u00e3o planejando eventos comunit\u00e1rios para aumentar a visibilidade e despertar a solidariedade entre os moradores e frequentadores da \u00e1rea.<\/p>\n<p>Essas a\u00e7\u00f5es visam n\u00e3o apenas restaurar a confian\u00e7a na seguran\u00e7a da regi\u00e3o, mas tamb\u00e9m fortalecer o la\u00e7o entre os comerciantes e os cidad\u00e3os, garantindo que a padaria e outros estabelecimentos continuem a ser um ponto de refer\u00eancia na comunidade. O apoio m\u00fatuo e a colabora\u00e7\u00e3o entre os envolvidos foram identificados como essenciais para superar a crise e continuar em frente.<\/p>\n","protected":false},"excerpt":{"rendered":"<p>Arrast\u00e3o em padaria em SP revela momentos de p\u00e2nico e tiros.<\/p>\n","protected":false},"author":1,"featured_media":4129,"comment_status":"open","ping_status":"open","sticky":false,"template":"","format":"standard","meta":{"footnotes":""},"categories":[5],"tags":[],"class_list":["post-4130","post","type-post","status-publish","format-standard","has-post-thumbnail","hentry","category-noticias","has_thumb"],"yoast_head":"<!-- This site is optimized with the Yoast SEO plugin v27.5 - https:\/\/yoast.com\/product\/yoast-seo-wordpress\/ -->\n<title>Arrast\u00e3o em padaria tem ref\u00e9ns e tiros na Oscar Freire, em SP: \u2018Uma gritaria\u2019; veja v\u00eddeo | Guia Rua Oscar Freire SP<\/title>\n<meta name=\"robots\" content=\"index, follow, max-snippet:-1, max-image-preview:large, max-video-preview:-1\" \/>\n<link rel=\"canonical\" href=\"https:\/\/www.encontrajardins.com.br\/rua-oscar-freire\/arrastao-em-padaria-tem-refens-e-tiros-na-oscar-freire-em-sp-uma-gritaria-veja-video-2\/\" \/>\n<meta property=\"og:locale\" content=\"pt_BR\" \/>\n<meta property=\"og:type\" content=\"article\" \/>\n<meta property=\"og:title\" content=\"Arrast\u00e3o em padaria tem ref\u00e9ns e tiros na Oscar Freire, em SP: \u2018Uma gritaria\u2019; veja v\u00eddeo | Guia Rua Oscar Freire SP\" \/>\n<meta property=\"og:description\" content=\"Arrast\u00e3o em padaria em SP revela momentos de p\u00e2nico e tiros.\" \/>\n<meta property=\"og:url\" content=\"https:\/\/www.encontrajardins.com.br\/rua-oscar-freire\/arrastao-em-padaria-tem-refens-e-tiros-na-oscar-freire-em-sp-uma-gritaria-veja-video-2\/\" \/>\n<meta property=\"og:site_name\" content=\"Guia Rua Oscar Freire SP\" \/>\n<meta property=\"article:published_time\" content=\"2026-01-21T21:32:28+00:00\" \/>\n<meta property=\"og:image\" content=\"https:\/\/www.encontrajardins.com.br\/rua-oscar-freire\/wp-content\/uploads\/2026\/01\/arrastao-em-padaria-tem-refens-e-tiros-na-oscar-freire-em-sp-uma-gritaria-veja-video.webp\" \/>\n<meta name=\"author\" content=\"Encontra Rua Oscar Freire\" \/>\n<meta name=\"twitter:card\" content=\"summary_large_image\" \/>\n<meta name=\"twitter:label1\" content=\"Escrito por\" \/>\n\t<meta name=\"twitter:data1\" content=\"Encontra Rua Oscar Freire\" \/>\n\t<meta name=\"twitter:label2\" content=\"Est. tempo de leitura\" \/>\n\t<meta name=\"twitter:data2\" content=\"9 minutos\" \/>\n<script type=\"application\/ld+json\" class=\"yoast-schema-graph\">{\"@context\":\"https:\\\/\\\/schema.org\",\"@graph\":[{\"@type\":\"Article\",\"@id\":\"https:\\\/\\\/www.encontrajardins.com.br\\\/rua-oscar-freire\\\/arrastao-em-padaria-tem-refens-e-tiros-na-oscar-freire-em-sp-uma-gritaria-veja-video-2\\\/#article\",\"isPartOf\":{\"@id\":\"https:\\\/\\\/www.encontrajardins.com.br\\\/rua-oscar-freire\\\/arrastao-em-padaria-tem-refens-e-tiros-na-oscar-freire-em-sp-uma-gritaria-veja-video-2\\\/\"},\"author\":{\"name\":\"Encontra Rua Oscar Freire\",\"@id\":\"https:\\\/\\\/www.encontrajardins.com.br\\\/rua-oscar-freire\\\/#\\\/schema\\\/person\\\/3166ca84b756e32f4dc9083fad9c8b59\"},\"headline\":\"Arrast\u00e3o em padaria tem ref\u00e9ns e tiros na Oscar Freire, em SP: \u2018Uma gritaria\u2019; veja v\u00eddeo\",\"datePublished\":\"2026-01-21T21:32:28+00:00\",\"mainEntityOfPage\":{\"@id\":\"https:\\\/\\\/www.encontrajardins.com.br\\\/rua-oscar-freire\\\/arrastao-em-padaria-tem-refens-e-tiros-na-oscar-freire-em-sp-uma-gritaria-veja-video-2\\\/\"},\"wordCount\":1751,\"commentCount\":0,\"image\":{\"@id\":\"https:\\\/\\\/www.encontrajardins.com.br\\\/rua-oscar-freire\\\/arrastao-em-padaria-tem-refens-e-tiros-na-oscar-freire-em-sp-uma-gritaria-veja-video-2\\\/#primaryimage\"},\"thumbnailUrl\":\"https:\\\/\\\/www.encontrajardins.com.br\\\/rua-oscar-freire\\\/wp-content\\\/uploads\\\/2026\\\/01\\\/arrastao-em-padaria-tem-refens-e-tiros-na-oscar-freire-em-sp-uma-gritaria-veja-video.webp\",\"articleSection\":[\"Not\u00edcias Rua Oscar Freire\"],\"inLanguage\":\"pt-BR\",\"potentialAction\":[{\"@type\":\"CommentAction\",\"name\":\"Comment\",\"target\":[\"https:\\\/\\\/www.encontrajardins.com.br\\\/rua-oscar-freire\\\/arrastao-em-padaria-tem-refens-e-tiros-na-oscar-freire-em-sp-uma-gritaria-veja-video-2\\\/#respond\"]}]},{\"@type\":\"WebPage\",\"@id\":\"https:\\\/\\\/www.encontrajardins.com.br\\\/rua-oscar-freire\\\/arrastao-em-padaria-tem-refens-e-tiros-na-oscar-freire-em-sp-uma-gritaria-veja-video-2\\\/\",\"url\":\"https:\\\/\\\/www.encontrajardins.com.br\\\/rua-oscar-freire\\\/arrastao-em-padaria-tem-refens-e-tiros-na-oscar-freire-em-sp-uma-gritaria-veja-video-2\\\/\",\"name\":\"Arrast\u00e3o em padaria tem ref\u00e9ns e tiros na Oscar Freire, em SP: \u2018Uma gritaria\u2019; veja v\u00eddeo | Guia Rua Oscar Freire SP\",\"isPartOf\":{\"@id\":\"https:\\\/\\\/www.encontrajardins.com.br\\\/rua-oscar-freire\\\/#website\"},\"primaryImageOfPage\":{\"@id\":\"https:\\\/\\\/www.encontrajardins.com.br\\\/rua-oscar-freire\\\/arrastao-em-padaria-tem-refens-e-tiros-na-oscar-freire-em-sp-uma-gritaria-veja-video-2\\\/#primaryimage\"},\"image\":{\"@id\":\"https:\\\/\\\/www.encontrajardins.com.br\\\/rua-oscar-freire\\\/arrastao-em-padaria-tem-refens-e-tiros-na-oscar-freire-em-sp-uma-gritaria-veja-video-2\\\/#primaryimage\"},\"thumbnailUrl\":\"https:\\\/\\\/www.encontrajardins.com.br\\\/rua-oscar-freire\\\/wp-content\\\/uploads\\\/2026\\\/01\\\/arrastao-em-padaria-tem-refens-e-tiros-na-oscar-freire-em-sp-uma-gritaria-veja-video.webp\",\"datePublished\":\"2026-01-21T21:32:28+00:00\",\"author\":{\"@id\":\"https:\\\/\\\/www.encontrajardins.com.br\\\/rua-oscar-freire\\\/#\\\/schema\\\/person\\\/3166ca84b756e32f4dc9083fad9c8b59\"},\"inLanguage\":\"pt-BR\",\"potentialAction\":[{\"@type\":\"ReadAction\",\"target\":[\"https:\\\/\\\/www.encontrajardins.com.br\\\/rua-oscar-freire\\\/arrastao-em-padaria-tem-refens-e-tiros-na-oscar-freire-em-sp-uma-gritaria-veja-video-2\\\/\"]}]},{\"@type\":\"ImageObject\",\"inLanguage\":\"pt-BR\",\"@id\":\"https:\\\/\\\/www.encontrajardins.com.br\\\/rua-oscar-freire\\\/arrastao-em-padaria-tem-refens-e-tiros-na-oscar-freire-em-sp-uma-gritaria-veja-video-2\\\/#primaryimage\",\"url\":\"https:\\\/\\\/www.encontrajardins.com.br\\\/rua-oscar-freire\\\/wp-content\\\/uploads\\\/2026\\\/01\\\/arrastao-em-padaria-tem-refens-e-tiros-na-oscar-freire-em-sp-uma-gritaria-veja-video.webp\",\"contentUrl\":\"https:\\\/\\\/www.encontrajardins.com.br\\\/rua-oscar-freire\\\/wp-content\\\/uploads\\\/2026\\\/01\\\/arrastao-em-padaria-tem-refens-e-tiros-na-oscar-freire-em-sp-uma-gritaria-veja-video.webp\",\"width\":280,\"height\":280,\"caption\":\"arrast\u00e3o em padaria\"},{\"@type\":\"WebSite\",\"@id\":\"https:\\\/\\\/www.encontrajardins.com.br\\\/rua-oscar-freire\\\/#website\",\"url\":\"https:\\\/\\\/www.encontrajardins.com.br\\\/rua-oscar-freire\\\/\",\"name\":\"Guia Rua Oscar Freire SP\",\"description\":\"GUIA RUA OSCAR FREIRE - O guia comercial de neg\u00f3cios e empresas, cultura e divers\u00e3o na rua Oscar Freire. Feito 100% para voc\u00ea morador!\",\"potentialAction\":[{\"@type\":\"SearchAction\",\"target\":{\"@type\":\"EntryPoint\",\"urlTemplate\":\"https:\\\/\\\/www.encontrajardins.com.br\\\/rua-oscar-freire\\\/?s={search_term_string}\"},\"query-input\":{\"@type\":\"PropertyValueSpecification\",\"valueRequired\":true,\"valueName\":\"search_term_string\"}}],\"inLanguage\":\"pt-BR\"},{\"@type\":\"Person\",\"@id\":\"https:\\\/\\\/www.encontrajardins.com.br\\\/rua-oscar-freire\\\/#\\\/schema\\\/person\\\/3166ca84b756e32f4dc9083fad9c8b59\",\"name\":\"Encontra Rua Oscar Freire\",\"image\":{\"@type\":\"ImageObject\",\"inLanguage\":\"pt-BR\",\"@id\":\"https:\\\/\\\/www.encontrajardins.com.br\\\/rua-oscar-freire\\\/wp-content\\\/litespeed\\\/avatar\\\/e92a756db1fc224ef50d2f00ed0d047a.jpg?ver=1777503335\",\"url\":\"https:\\\/\\\/www.encontrajardins.com.br\\\/rua-oscar-freire\\\/wp-content\\\/litespeed\\\/avatar\\\/e92a756db1fc224ef50d2f00ed0d047a.jpg?ver=1777503335\",\"contentUrl\":\"https:\\\/\\\/www.encontrajardins.com.br\\\/rua-oscar-freire\\\/wp-content\\\/litespeed\\\/avatar\\\/e92a756db1fc224ef50d2f00ed0d047a.jpg?ver=1777503335\",\"caption\":\"Encontra Rua Oscar Freire\"},\"url\":\"https:\\\/\\\/www.encontrajardins.com.br\\\/rua-oscar-freire\\\/author\\\/rua-oscar-freire\\\/\"}]}<\/script>\n<!-- \/ Yoast SEO plugin. -->","yoast_head_json":{"title":"Arrast\u00e3o em padaria tem ref\u00e9ns e tiros na Oscar Freire, em SP: \u2018Uma gritaria\u2019; veja v\u00eddeo | Guia Rua Oscar Freire SP","robots":{"index":"index","follow":"follow","max-snippet":"max-snippet:-1","max-image-preview":"max-image-preview:large","max-video-preview":"max-video-preview:-1"},"canonical":"https:\/\/www.encontrajardins.com.br\/rua-oscar-freire\/arrastao-em-padaria-tem-refens-e-tiros-na-oscar-freire-em-sp-uma-gritaria-veja-video-2\/","og_locale":"pt_BR","og_type":"article","og_title":"Arrast\u00e3o em padaria tem ref\u00e9ns e tiros na Oscar Freire, em SP: \u2018Uma gritaria\u2019; veja v\u00eddeo | Guia Rua Oscar Freire SP","og_description":"Arrast\u00e3o em padaria em SP revela momentos de p\u00e2nico e tiros.","og_url":"https:\/\/www.encontrajardins.com.br\/rua-oscar-freire\/arrastao-em-padaria-tem-refens-e-tiros-na-oscar-freire-em-sp-uma-gritaria-veja-video-2\/","og_site_name":"Guia Rua Oscar Freire SP","article_published_time":"2026-01-21T21:32:28+00:00","og_image":[{"url":"https:\/\/www.encontrajardins.com.br\/rua-oscar-freire\/wp-content\/uploads\/2026\/01\/arrastao-em-padaria-tem-refens-e-tiros-na-oscar-freire-em-sp-uma-gritaria-veja-video.webp","type":"","width":"","height":""}],"author":"Encontra Rua Oscar Freire","twitter_card":"summary_large_image","twitter_misc":{"Escrito por":"Encontra Rua Oscar Freire","Est. tempo de leitura":"9 minutos"},"schema":{"@context":"https:\/\/schema.org","@graph":[{"@type":"Article","@id":"https:\/\/www.encontrajardins.com.br\/rua-oscar-freire\/arrastao-em-padaria-tem-refens-e-tiros-na-oscar-freire-em-sp-uma-gritaria-veja-video-2\/#article","isPartOf":{"@id":"https:\/\/www.encontrajardins.com.br\/rua-oscar-freire\/arrastao-em-padaria-tem-refens-e-tiros-na-oscar-freire-em-sp-uma-gritaria-veja-video-2\/"},"author":{"name":"Encontra Rua Oscar Freire","@id":"https:\/\/www.encontrajardins.com.br\/rua-oscar-freire\/#\/schema\/person\/3166ca84b756e32f4dc9083fad9c8b59"},"headline":"Arrast\u00e3o em padaria tem ref\u00e9ns e tiros na Oscar Freire, em SP: \u2018Uma gritaria\u2019; veja v\u00eddeo","datePublished":"2026-01-21T21:32:28+00:00","mainEntityOfPage":{"@id":"https:\/\/www.encontrajardins.com.br\/rua-oscar-freire\/arrastao-em-padaria-tem-refens-e-tiros-na-oscar-freire-em-sp-uma-gritaria-veja-video-2\/"},"wordCount":1751,"commentCount":0,"image":{"@id":"https:\/\/www.encontrajardins.com.br\/rua-oscar-freire\/arrastao-em-padaria-tem-refens-e-tiros-na-oscar-freire-em-sp-uma-gritaria-veja-video-2\/#primaryimage"},"thumbnailUrl":"https:\/\/www.encontrajardins.com.br\/rua-oscar-freire\/wp-content\/uploads\/2026\/01\/arrastao-em-padaria-tem-refens-e-tiros-na-oscar-freire-em-sp-uma-gritaria-veja-video.webp","articleSection":["Not\u00edcias Rua Oscar Freire"],"inLanguage":"pt-BR","potentialAction":[{"@type":"CommentAction","name":"Comment","target":["https:\/\/www.encontrajardins.com.br\/rua-oscar-freire\/arrastao-em-padaria-tem-refens-e-tiros-na-oscar-freire-em-sp-uma-gritaria-veja-video-2\/#respond"]}]},{"@type":"WebPage","@id":"https:\/\/www.encontrajardins.com.br\/rua-oscar-freire\/arrastao-em-padaria-tem-refens-e-tiros-na-oscar-freire-em-sp-uma-gritaria-veja-video-2\/","url":"https:\/\/www.encontrajardins.com.br\/rua-oscar-freire\/arrastao-em-padaria-tem-refens-e-tiros-na-oscar-freire-em-sp-uma-gritaria-veja-video-2\/","name":"Arrast\u00e3o em padaria tem ref\u00e9ns e tiros na Oscar Freire, em SP: \u2018Uma gritaria\u2019; veja v\u00eddeo | Guia Rua Oscar Freire SP","isPartOf":{"@id":"https:\/\/www.encontrajardins.com.br\/rua-oscar-freire\/#website"},"primaryImageOfPage":{"@id":"https:\/\/www.encontrajardins.com.br\/rua-oscar-freire\/arrastao-em-padaria-tem-refens-e-tiros-na-oscar-freire-em-sp-uma-gritaria-veja-video-2\/#primaryimage"},"image":{"@id":"https:\/\/www.encontrajardins.com.br\/rua-oscar-freire\/arrastao-em-padaria-tem-refens-e-tiros-na-oscar-freire-em-sp-uma-gritaria-veja-video-2\/#primaryimage"},"thumbnailUrl":"https:\/\/www.encontrajardins.com.br\/rua-oscar-freire\/wp-content\/uploads\/2026\/01\/arrastao-em-padaria-tem-refens-e-tiros-na-oscar-freire-em-sp-uma-gritaria-veja-video.webp","datePublished":"2026-01-21T21:32:28+00:00","author":{"@id":"https:\/\/www.encontrajardins.com.br\/rua-oscar-freire\/#\/schema\/person\/3166ca84b756e32f4dc9083fad9c8b59"},"inLanguage":"pt-BR","potentialAction":[{"@type":"ReadAction","target":["https:\/\/www.encontrajardins.com.br\/rua-oscar-freire\/arrastao-em-padaria-tem-refens-e-tiros-na-oscar-freire-em-sp-uma-gritaria-veja-video-2\/"]}]},{"@type":"ImageObject","inLanguage":"pt-BR","@id":"https:\/\/www.encontrajardins.com.br\/rua-oscar-freire\/arrastao-em-padaria-tem-refens-e-tiros-na-oscar-freire-em-sp-uma-gritaria-veja-video-2\/#primaryimage","url":"https:\/\/www.encontrajardins.com.br\/rua-oscar-freire\/wp-content\/uploads\/2026\/01\/arrastao-em-padaria-tem-refens-e-tiros-na-oscar-freire-em-sp-uma-gritaria-veja-video.webp","contentUrl":"https:\/\/www.encontrajardins.com.br\/rua-oscar-freire\/wp-content\/uploads\/2026\/01\/arrastao-em-padaria-tem-refens-e-tiros-na-oscar-freire-em-sp-uma-gritaria-veja-video.webp","width":280,"height":280,"caption":"arrast\u00e3o em padaria"},{"@type":"WebSite","@id":"https:\/\/www.encontrajardins.com.br\/rua-oscar-freire\/#website","url":"https:\/\/www.encontrajardins.com.br\/rua-oscar-freire\/","name":"Guia Rua Oscar Freire SP","description":"GUIA RUA OSCAR FREIRE - O guia comercial de neg\u00f3cios e empresas, cultura e divers\u00e3o na rua Oscar Freire. Feito 100% para voc\u00ea morador!","potentialAction":[{"@type":"SearchAction","target":{"@type":"EntryPoint","urlTemplate":"https:\/\/www.encontrajardins.com.br\/rua-oscar-freire\/?s={search_term_string}"},"query-input":{"@type":"PropertyValueSpecification","valueRequired":true,"valueName":"search_term_string"}}],"inLanguage":"pt-BR"},{"@type":"Person","@id":"https:\/\/www.encontrajardins.com.br\/rua-oscar-freire\/#\/schema\/person\/3166ca84b756e32f4dc9083fad9c8b59","name":"Encontra Rua Oscar Freire","image":{"@type":"ImageObject","inLanguage":"pt-BR","@id":"https:\/\/www.encontrajardins.com.br\/rua-oscar-freire\/wp-content\/litespeed\/avatar\/e92a756db1fc224ef50d2f00ed0d047a.jpg?ver=1777503335","url":"https:\/\/www.encontrajardins.com.br\/rua-oscar-freire\/wp-content\/litespeed\/avatar\/e92a756db1fc224ef50d2f00ed0d047a.jpg?ver=1777503335","contentUrl":"https:\/\/www.encontrajardins.com.br\/rua-oscar-freire\/wp-content\/litespeed\/avatar\/e92a756db1fc224ef50d2f00ed0d047a.jpg?ver=1777503335","caption":"Encontra Rua Oscar Freire"},"url":"https:\/\/www.encontrajardins.com.br\/rua-oscar-freire\/author\/rua-oscar-freire\/"}]}},"_links":{"self":[{"href":"https:\/\/www.encontrajardins.com.br\/rua-oscar-freire\/wp-json\/wp\/v2\/posts\/4130","targetHints":{"allow":["GET"]}}],"collection":[{"href":"https:\/\/www.encontrajardins.com.br\/rua-oscar-freire\/wp-json\/wp\/v2\/posts"}],"about":[{"href":"https:\/\/www.encontrajardins.com.br\/rua-oscar-freire\/wp-json\/wp\/v2\/types\/post"}],"author":[{"embeddable":true,"href":"https:\/\/www.encontrajardins.com.br\/rua-oscar-freire\/wp-json\/wp\/v2\/users\/1"}],"replies":[{"embeddable":true,"href":"https:\/\/www.encontrajardins.com.br\/rua-oscar-freire\/wp-json\/wp\/v2\/comments?post=4130"}],"version-history":[{"count":0,"href":"https:\/\/www.encontrajardins.com.br\/rua-oscar-freire\/wp-json\/wp\/v2\/posts\/4130\/revisions"}],"wp:featuredmedia":[{"embeddable":true,"href":"https:\/\/www.encontrajardins.com.br\/rua-oscar-freire\/wp-json\/wp\/v2\/media\/4129"}],"wp:attachment":[{"href":"https:\/\/www.encontrajardins.com.br\/rua-oscar-freire\/wp-json\/wp\/v2\/media?parent=4130"}],"wp:term":[{"taxonomy":"category","embeddable":true,"href":"https:\/\/www.encontrajardins.com.br\/rua-oscar-freire\/wp-json\/wp\/v2\/categories?post=4130"},{"taxonomy":"post_tag","embeddable":true,"href":"https:\/\/www.encontrajardins.com.br\/rua-oscar-freire\/wp-json\/wp\/v2\/tags?post=4130"}],"curies":[{"name":"wp","href":"https:\/\/api.w.org\/{rel}","templated":true}]}}