{"id":4174,"date":"2026-01-29T18:36:39","date_gmt":"2026-01-29T21:36:39","guid":{"rendered":"https:\/\/www.encontrajardins.com.br\/rua-oscar-freire\/sabesp-poe-a-venda-terreno-disputado-no-coracao-dos-jardins-em-sp-e-trisul-negocia-compra\/"},"modified":"2026-01-29T18:36:39","modified_gmt":"2026-01-29T21:36:39","slug":"sabesp-poe-a-venda-terreno-disputado-no-coracao-dos-jardins-em-sp-e-trisul-negocia-compra","status":"publish","type":"post","link":"https:\/\/www.encontrajardins.com.br\/rua-oscar-freire\/sabesp-poe-a-venda-terreno-disputado-no-coracao-dos-jardins-em-sp-e-trisul-negocia-compra\/","title":{"rendered":"Sabesp p\u00f5e \u00e0 venda terreno disputado no cora\u00e7\u00e3o dos Jardins, em SP, e Trisul negocia compra"},"content":{"rendered":"<h2>Caracter\u00edsticas do Terreno em S\u00e3o Paulo<\/h2>\n<p>O terreno oferecido pela <strong>Sabesp<\/strong> est\u00e1 situado em uma das \u00e1reas mais procuradas e valorizadas de S\u00e3o Paulo, no famoso bairro dos Jardins. Localizado na <strong>alameda Ministro Rocha Azevedo<\/strong>, o espa\u00e7o encontra-se em uma posi\u00e7\u00e3o estrat\u00e9gica, em uma esquina com a <strong>rua Bar\u00e3o de Capanema<\/strong> e pr\u00f3ximo da <strong>rua Oscar Freire<\/strong>, o que aumenta ainda mais seu apelo comercial.<\/p>\n<p>Este im\u00f3vel ocupa um local que abriga uma estrutura desativada da empresa, apresentando potencial significativo para futuros desenvolvimentos. A \u00e1rea \u00e9 considerada uma das \u00faltimas grandes disponibilidades na regi\u00e3o, que \u00e9 bem conhecida por sua infraestrutura e conveni\u00eancias, atraindo um fluxo constante de investidores e incorporadoras.<\/p>\n<h2>Hist\u00f3rico da Propriedade<\/h2>\n<p>Este terreno, anteriormente utilizado para opera\u00e7\u00f5es da <strong>Sabesp<\/strong>, faz parte de uma estrat\u00e9gia da empresa de otimizar e reestruturar seus ativos. A estrutura que existe atualmente no local foi desativada, abrindo caminho para nova utiliza\u00e7\u00e3o, o que possibilitou que a propriedade fosse disponibilizada para o mercado imobili\u00e1rio.<\/p>\n<p><img decoding=\"async\" src=\"https:\/\/www.encontrajardins.com.br\/rua-oscar-freire\/wp-content\/uploads\/2026\/01\/sabesp-poe-a-venda-terreno-disputado-no-coracao-dos-jardins-em-sp-e-trisul-negocia-compra.webp\" alt=\"terreno Jardins SP\" loading=\"lazy\" \/><\/p>\n<p>Profissionais da \u00e1rea t\u00eam observado um aumento significativo no interesse por terrenos na regi\u00e3o, devido \u00e0 baixa oferta e \u00e0 alta demanda por novos empreendimentos. A iniciativa da Sabesp em vender o terreno \u00e9 vista como uma oportunidade de capitalizar em um ativo que, apesar de sua condi\u00e7\u00e3o atual, possui grande valor potencial.<\/p>\n<h2>Propostas Recebidas e Expectativas<\/h2>\n<p>At\u00e9 agora, a <strong>Sabesp<\/strong> recebeu propostas de diversas incorporadoras, com valores variando entre <strong>R$ 50 mil e R$ 70 mil por metro quadrado<\/strong>. Esse leque de propostas demonstra o grande interesse no terreno, com estimativas ajustadas podendo indicar uma venda entre <strong>R$ 154 milh\u00f5es e R$ 215 milh\u00f5es<\/strong> no total.<\/p>\n<p>A expectativa \u00e9 que o processo de venda n\u00e3o apenas gere receita consider\u00e1vel para a empresa, mas tamb\u00e9m traga novas oportunidades de desenvolvimento e revitaliza\u00e7\u00e3o para a \u00e1rea. Especialistas do setor imobili\u00e1rio acreditam que a opera\u00e7\u00e3o poder\u00e1 criar um impacto positivo na valoriza\u00e7\u00e3o eterna da vizinhan\u00e7a.<\/p>\n<h2>O Impacto da Localiza\u00e7\u00e3o<\/h2>\n<p>A localiza\u00e7\u00e3o do terreno na alameda Ministro Rocha Azevedo \u00e9 um dos seus maiores atrativos. Com zonas mistas, o local permite a constru\u00e7\u00e3o de empreendimentos residenciais e comerciais, com um potencial de adensamento significativo que possibilita a constru\u00e7\u00e3o de at\u00e9 quatro vezes a \u00e1rea do lote.<\/p>\n<p>Al\u00e9m disso, a proximidade com a <strong>Oscar Freire<\/strong> e outros pontos comerciais famosos garante um fluxo constante de pessoas, aumentando ainda mais a valoriza\u00e7\u00e3o do im\u00f3vel. Os consultores imobili\u00e1rios ressaltam que o terreno pode se tornar um marco na \u00e1rea, dependendo do tipo de desenvolvimento que ocorrer.<\/p>\n<h2>Perspectivas para o Mercado Imobili\u00e1rio<\/h2>\n<p>O mercado imobili\u00e1rio em S\u00e3o Paulo, especialmente na regi\u00e3o dos Jardins, tem mostrado um crescimento consistente. O aumento na demanda por propriedades de alto padr\u00e3o reflete uma recupera\u00e7\u00e3o do setor, bem como confian\u00e7a por parte dos investidores na valoriza\u00e7\u00e3o das \u00e1reas centrais da cidade.<\/p>\n<p>Com a venda do terreno da <strong>Sabesp<\/strong>, espera-se que essa tend\u00eancia se intensifique, incentivando novos projetos que n\u00e3o s\u00f3 beneficiar\u00e3o a pr\u00f3pria cidade, mas tamb\u00e9m os futuros moradores e empres\u00e1rios que se estabelecer\u00e3o na regi\u00e3o.<\/p>\n<h2>Interesse de Incorporadoras<\/h2>\n<p>O terreno chamou a aten\u00e7\u00e3o de pelo menos dez incorporadoras, o que j\u00e1 \u00e9 um indicador do seu valor no mercado atual. Cada uma est\u00e1 apresentando propostas baseadas nas suas estrat\u00e9gias de desenvolvimento, e a <strong>Trisul<\/strong> \u00e9 uma das mais proeminentes entre elas, buscando ser o principal investidor neste projeto.<\/p>\n<p>A participa\u00e7\u00e3o de v\u00e1rias incorporadoras atesta n\u00e3o s\u00f3 o potencial econ\u00f4mico do terreno, mas tamb\u00e9m sua posi\u00e7\u00e3o desej\u00e1vel na \u00e1rea de S\u00e3o Paulo, atraindo, assim, um leque diversificado de propostas.<\/p>\n<h2>O papel da Sabesp na Negocia\u00e7\u00e3o<\/h2>\n<p>A <strong>Sabesp<\/strong> est\u00e1 ativamente envolvida na negocia\u00e7\u00e3o para a venda do terreno, assegurando que todas as etapas sejam cumpridas corretamente. A empresa j\u00e1 passou por um processo interno de aprova\u00e7\u00e3o de algumas propostas e agora avan\u00e7a para a fase regulat\u00f3ria, que inclui a avalia\u00e7\u00e3o pela <strong>Arsesp<\/strong> (Ag\u00eancia Reguladora de Servi\u00e7os P\u00fablicos do Estado de S\u00e3o Paulo).<\/p>\n<p>Este papel de intermedi\u00e1rio \u00e9 crucial, pois a Sabesp n\u00e3o s\u00f3 deseja garantir uma venda justa e lucrativa, mas tamb\u00e9m afirmar sua responsabilidade em manter a opera\u00e7\u00e3o transparente para o bem-estar da sociedade.<\/p>\n<h2>Estrat\u00e9gia de Venda e Concess\u00e3o<\/h2>\n<p>Ao optar por vender ativos imobili\u00e1rios, a <strong>Sabesp<\/strong> est\u00e1 seguindo uma estrat\u00e9gia clara que n\u00e3o s\u00f3 apoia a reestrutura\u00e7\u00e3o interna da empresa, mas tamb\u00e9m busca um impacto positivo nos servi\u00e7os p\u00fablicos. Essa venda permitir\u00e1 \u00e0 organiza\u00e7\u00e3o liberar capital necess\u00e1rio para investir na melhoria e universaliza\u00e7\u00e3o de servi\u00e7os essenciais, um compromisso que a Sabesp se prop\u00f4s como prioridade.<\/p>\n<p>A proposta de venda \u00e9 alinhada com a vis\u00e3o da empresa de criar um impacto social positivo atrav\u00e9s do emprego correto de seus recursos e financiamento de novos projetos.<\/p>\n<h2>Regulamenta\u00e7\u00e3o e Aprova\u00e7\u00f5es Necess\u00e1rias<\/h2>\n<p>Qualquer transa\u00e7\u00e3o desse tipo deve seguir um rigoroso processo de regulamenta\u00e7\u00e3o. A proposta da <strong>Sabesp<\/strong> passar\u00e1 por diversas an\u00e1lises e aprova\u00e7\u00f5es regulat\u00f3rias, com o objetivo de assegurar que a venda seja feita em conformidade com as leis e normas do setor.<\/p>\n<p>Esses processos s\u00e3o desenhados para garantir que todos os aspectos financeiros e estruturais sejam cuidadosamente avaliados, promovendo assim a prote\u00e7\u00e3o dos interesses p\u00fablicos ao redor da transa\u00e7\u00e3o em quest\u00e3o.<\/p>\n<h2>Contribui\u00e7\u00f5es para a Universaliza\u00e7\u00e3o dos Servi\u00e7os<\/h2>\n<p>A venda desse terreno da <strong>Sabesp<\/strong> n\u00e3o \u00e9 apenas uma transa\u00e7\u00e3o imobili\u00e1ria; est\u00e1 intrinsecamente ligada ao objetivo da empresa de promover a universaliza\u00e7\u00e3o de servi\u00e7os essenciais. A liquidez obtida atrav\u00e9s dessa venda ser\u00e1 reinvestida em projetos e iniciativas que visam melhorar a infraestrutura de servi\u00e7os, garantindo que as necessidades da popula\u00e7\u00e3o sejam atendidas.<\/p>\n<p>A <strong>Sabesp<\/strong> acredita que, a partir desse modelo de venda e concess\u00e3o, ser\u00e1 capaz de promover programas que afetar\u00e3o positivamente a vida de muitos cidad\u00e3os, contribuindo para uma maior acessibilidade e qualidade nos servi\u00e7os prestados.<\/p>\n","protected":false},"excerpt":{"rendered":"<p>Terreno em SP \u00e0 venda com propostas de at\u00e9 R$ 70 mil por m\u00b2.<\/p>\n","protected":false},"author":1,"featured_media":4173,"comment_status":"open","ping_status":"open","sticky":false,"template":"","format":"standard","meta":{"footnotes":""},"categories":[5],"tags":[],"class_list":["post-4174","post","type-post","status-publish","format-standard","has-post-thumbnail","hentry","category-noticias","has_thumb"],"yoast_head":"<!-- This site is optimized with the Yoast SEO plugin v27.5 - https:\/\/yoast.com\/product\/yoast-seo-wordpress\/ -->\n<title>Sabesp p\u00f5e \u00e0 venda terreno disputado no cora\u00e7\u00e3o dos Jardins, em SP, e Trisul negocia compra | Guia Rua Oscar Freire SP<\/title>\n<meta name=\"robots\" content=\"index, follow, max-snippet:-1, max-image-preview:large, max-video-preview:-1\" \/>\n<link rel=\"canonical\" href=\"https:\/\/www.encontrajardins.com.br\/rua-oscar-freire\/sabesp-poe-a-venda-terreno-disputado-no-coracao-dos-jardins-em-sp-e-trisul-negocia-compra\/\" \/>\n<meta property=\"og:locale\" content=\"pt_BR\" \/>\n<meta property=\"og:type\" content=\"article\" \/>\n<meta property=\"og:title\" content=\"Sabesp p\u00f5e \u00e0 venda terreno disputado no cora\u00e7\u00e3o dos Jardins, em SP, e Trisul negocia compra | Guia Rua Oscar Freire SP\" \/>\n<meta property=\"og:description\" content=\"Terreno em SP \u00e0 venda com propostas de at\u00e9 R$ 70 mil por m\u00b2.\" \/>\n<meta property=\"og:url\" content=\"https:\/\/www.encontrajardins.com.br\/rua-oscar-freire\/sabesp-poe-a-venda-terreno-disputado-no-coracao-dos-jardins-em-sp-e-trisul-negocia-compra\/\" \/>\n<meta property=\"og:site_name\" content=\"Guia Rua Oscar Freire SP\" \/>\n<meta property=\"article:published_time\" content=\"2026-01-29T21:36:39+00:00\" \/>\n<meta property=\"og:image\" content=\"https:\/\/www.encontrajardins.com.br\/rua-oscar-freire\/wp-content\/uploads\/2026\/01\/sabesp-poe-a-venda-terreno-disputado-no-coracao-dos-jardins-em-sp-e-trisul-negocia-compra.webp\" \/>\n<meta name=\"author\" content=\"Encontra Rua Oscar Freire\" \/>\n<meta name=\"twitter:card\" content=\"summary_large_image\" \/>\n<meta name=\"twitter:label1\" content=\"Escrito por\" \/>\n\t<meta name=\"twitter:data1\" content=\"Encontra Rua Oscar Freire\" \/>\n\t<meta name=\"twitter:label2\" content=\"Est. tempo de leitura\" \/>\n\t<meta name=\"twitter:data2\" content=\"5 minutos\" \/>\n<script type=\"application\/ld+json\" class=\"yoast-schema-graph\">{\"@context\":\"https:\\\/\\\/schema.org\",\"@graph\":[{\"@type\":\"Article\",\"@id\":\"https:\\\/\\\/www.encontrajardins.com.br\\\/rua-oscar-freire\\\/sabesp-poe-a-venda-terreno-disputado-no-coracao-dos-jardins-em-sp-e-trisul-negocia-compra\\\/#article\",\"isPartOf\":{\"@id\":\"https:\\\/\\\/www.encontrajardins.com.br\\\/rua-oscar-freire\\\/sabesp-poe-a-venda-terreno-disputado-no-coracao-dos-jardins-em-sp-e-trisul-negocia-compra\\\/\"},\"author\":{\"name\":\"Encontra Rua Oscar Freire\",\"@id\":\"https:\\\/\\\/www.encontrajardins.com.br\\\/rua-oscar-freire\\\/#\\\/schema\\\/person\\\/3166ca84b756e32f4dc9083fad9c8b59\"},\"headline\":\"Sabesp p\u00f5e \u00e0 venda terreno disputado no cora\u00e7\u00e3o dos Jardins, em SP, e Trisul negocia compra\",\"datePublished\":\"2026-01-29T21:36:39+00:00\",\"mainEntityOfPage\":{\"@id\":\"https:\\\/\\\/www.encontrajardins.com.br\\\/rua-oscar-freire\\\/sabesp-poe-a-venda-terreno-disputado-no-coracao-dos-jardins-em-sp-e-trisul-negocia-compra\\\/\"},\"wordCount\":1053,\"commentCount\":0,\"image\":{\"@id\":\"https:\\\/\\\/www.encontrajardins.com.br\\\/rua-oscar-freire\\\/sabesp-poe-a-venda-terreno-disputado-no-coracao-dos-jardins-em-sp-e-trisul-negocia-compra\\\/#primaryimage\"},\"thumbnailUrl\":\"https:\\\/\\\/www.encontrajardins.com.br\\\/rua-oscar-freire\\\/wp-content\\\/uploads\\\/2026\\\/01\\\/sabesp-poe-a-venda-terreno-disputado-no-coracao-dos-jardins-em-sp-e-trisul-negocia-compra.webp\",\"articleSection\":[\"Not\u00edcias Rua Oscar Freire\"],\"inLanguage\":\"pt-BR\",\"potentialAction\":[{\"@type\":\"CommentAction\",\"name\":\"Comment\",\"target\":[\"https:\\\/\\\/www.encontrajardins.com.br\\\/rua-oscar-freire\\\/sabesp-poe-a-venda-terreno-disputado-no-coracao-dos-jardins-em-sp-e-trisul-negocia-compra\\\/#respond\"]}]},{\"@type\":\"WebPage\",\"@id\":\"https:\\\/\\\/www.encontrajardins.com.br\\\/rua-oscar-freire\\\/sabesp-poe-a-venda-terreno-disputado-no-coracao-dos-jardins-em-sp-e-trisul-negocia-compra\\\/\",\"url\":\"https:\\\/\\\/www.encontrajardins.com.br\\\/rua-oscar-freire\\\/sabesp-poe-a-venda-terreno-disputado-no-coracao-dos-jardins-em-sp-e-trisul-negocia-compra\\\/\",\"name\":\"Sabesp p\u00f5e \u00e0 venda terreno disputado no cora\u00e7\u00e3o dos Jardins, em SP, e Trisul negocia compra | Guia Rua Oscar Freire SP\",\"isPartOf\":{\"@id\":\"https:\\\/\\\/www.encontrajardins.com.br\\\/rua-oscar-freire\\\/#website\"},\"primaryImageOfPage\":{\"@id\":\"https:\\\/\\\/www.encontrajardins.com.br\\\/rua-oscar-freire\\\/sabesp-poe-a-venda-terreno-disputado-no-coracao-dos-jardins-em-sp-e-trisul-negocia-compra\\\/#primaryimage\"},\"image\":{\"@id\":\"https:\\\/\\\/www.encontrajardins.com.br\\\/rua-oscar-freire\\\/sabesp-poe-a-venda-terreno-disputado-no-coracao-dos-jardins-em-sp-e-trisul-negocia-compra\\\/#primaryimage\"},\"thumbnailUrl\":\"https:\\\/\\\/www.encontrajardins.com.br\\\/rua-oscar-freire\\\/wp-content\\\/uploads\\\/2026\\\/01\\\/sabesp-poe-a-venda-terreno-disputado-no-coracao-dos-jardins-em-sp-e-trisul-negocia-compra.webp\",\"datePublished\":\"2026-01-29T21:36:39+00:00\",\"author\":{\"@id\":\"https:\\\/\\\/www.encontrajardins.com.br\\\/rua-oscar-freire\\\/#\\\/schema\\\/person\\\/3166ca84b756e32f4dc9083fad9c8b59\"},\"inLanguage\":\"pt-BR\",\"potentialAction\":[{\"@type\":\"ReadAction\",\"target\":[\"https:\\\/\\\/www.encontrajardins.com.br\\\/rua-oscar-freire\\\/sabesp-poe-a-venda-terreno-disputado-no-coracao-dos-jardins-em-sp-e-trisul-negocia-compra\\\/\"]}]},{\"@type\":\"ImageObject\",\"inLanguage\":\"pt-BR\",\"@id\":\"https:\\\/\\\/www.encontrajardins.com.br\\\/rua-oscar-freire\\\/sabesp-poe-a-venda-terreno-disputado-no-coracao-dos-jardins-em-sp-e-trisul-negocia-compra\\\/#primaryimage\",\"url\":\"https:\\\/\\\/www.encontrajardins.com.br\\\/rua-oscar-freire\\\/wp-content\\\/uploads\\\/2026\\\/01\\\/sabesp-poe-a-venda-terreno-disputado-no-coracao-dos-jardins-em-sp-e-trisul-negocia-compra.webp\",\"contentUrl\":\"https:\\\/\\\/www.encontrajardins.com.br\\\/rua-oscar-freire\\\/wp-content\\\/uploads\\\/2026\\\/01\\\/sabesp-poe-a-venda-terreno-disputado-no-coracao-dos-jardins-em-sp-e-trisul-negocia-compra.webp\",\"width\":280,\"height\":280,\"caption\":\"terreno Jardins SP\"},{\"@type\":\"WebSite\",\"@id\":\"https:\\\/\\\/www.encontrajardins.com.br\\\/rua-oscar-freire\\\/#website\",\"url\":\"https:\\\/\\\/www.encontrajardins.com.br\\\/rua-oscar-freire\\\/\",\"name\":\"Guia Rua Oscar Freire SP\",\"description\":\"GUIA RUA OSCAR FREIRE - O guia comercial de neg\u00f3cios e empresas, cultura e divers\u00e3o na rua Oscar Freire. Feito 100% para voc\u00ea morador!\",\"potentialAction\":[{\"@type\":\"SearchAction\",\"target\":{\"@type\":\"EntryPoint\",\"urlTemplate\":\"https:\\\/\\\/www.encontrajardins.com.br\\\/rua-oscar-freire\\\/?s={search_term_string}\"},\"query-input\":{\"@type\":\"PropertyValueSpecification\",\"valueRequired\":true,\"valueName\":\"search_term_string\"}}],\"inLanguage\":\"pt-BR\"},{\"@type\":\"Person\",\"@id\":\"https:\\\/\\\/www.encontrajardins.com.br\\\/rua-oscar-freire\\\/#\\\/schema\\\/person\\\/3166ca84b756e32f4dc9083fad9c8b59\",\"name\":\"Encontra Rua Oscar Freire\",\"image\":{\"@type\":\"ImageObject\",\"inLanguage\":\"pt-BR\",\"@id\":\"https:\\\/\\\/www.encontrajardins.com.br\\\/rua-oscar-freire\\\/wp-content\\\/litespeed\\\/avatar\\\/e92a756db1fc224ef50d2f00ed0d047a.jpg?ver=1777503335\",\"url\":\"https:\\\/\\\/www.encontrajardins.com.br\\\/rua-oscar-freire\\\/wp-content\\\/litespeed\\\/avatar\\\/e92a756db1fc224ef50d2f00ed0d047a.jpg?ver=1777503335\",\"contentUrl\":\"https:\\\/\\\/www.encontrajardins.com.br\\\/rua-oscar-freire\\\/wp-content\\\/litespeed\\\/avatar\\\/e92a756db1fc224ef50d2f00ed0d047a.jpg?ver=1777503335\",\"caption\":\"Encontra Rua Oscar Freire\"},\"url\":\"https:\\\/\\\/www.encontrajardins.com.br\\\/rua-oscar-freire\\\/author\\\/rua-oscar-freire\\\/\"}]}<\/script>\n<!-- \/ Yoast SEO plugin. -->","yoast_head_json":{"title":"Sabesp p\u00f5e \u00e0 venda terreno disputado no cora\u00e7\u00e3o dos Jardins, em SP, e Trisul negocia compra | Guia Rua Oscar Freire SP","robots":{"index":"index","follow":"follow","max-snippet":"max-snippet:-1","max-image-preview":"max-image-preview:large","max-video-preview":"max-video-preview:-1"},"canonical":"https:\/\/www.encontrajardins.com.br\/rua-oscar-freire\/sabesp-poe-a-venda-terreno-disputado-no-coracao-dos-jardins-em-sp-e-trisul-negocia-compra\/","og_locale":"pt_BR","og_type":"article","og_title":"Sabesp p\u00f5e \u00e0 venda terreno disputado no cora\u00e7\u00e3o dos Jardins, em SP, e Trisul negocia compra | Guia Rua Oscar Freire SP","og_description":"Terreno em SP \u00e0 venda com propostas de at\u00e9 R$ 70 mil por m\u00b2.","og_url":"https:\/\/www.encontrajardins.com.br\/rua-oscar-freire\/sabesp-poe-a-venda-terreno-disputado-no-coracao-dos-jardins-em-sp-e-trisul-negocia-compra\/","og_site_name":"Guia Rua Oscar Freire SP","article_published_time":"2026-01-29T21:36:39+00:00","og_image":[{"url":"https:\/\/www.encontrajardins.com.br\/rua-oscar-freire\/wp-content\/uploads\/2026\/01\/sabesp-poe-a-venda-terreno-disputado-no-coracao-dos-jardins-em-sp-e-trisul-negocia-compra.webp","type":"","width":"","height":""}],"author":"Encontra Rua Oscar Freire","twitter_card":"summary_large_image","twitter_misc":{"Escrito por":"Encontra Rua Oscar Freire","Est. tempo de leitura":"5 minutos"},"schema":{"@context":"https:\/\/schema.org","@graph":[{"@type":"Article","@id":"https:\/\/www.encontrajardins.com.br\/rua-oscar-freire\/sabesp-poe-a-venda-terreno-disputado-no-coracao-dos-jardins-em-sp-e-trisul-negocia-compra\/#article","isPartOf":{"@id":"https:\/\/www.encontrajardins.com.br\/rua-oscar-freire\/sabesp-poe-a-venda-terreno-disputado-no-coracao-dos-jardins-em-sp-e-trisul-negocia-compra\/"},"author":{"name":"Encontra Rua Oscar Freire","@id":"https:\/\/www.encontrajardins.com.br\/rua-oscar-freire\/#\/schema\/person\/3166ca84b756e32f4dc9083fad9c8b59"},"headline":"Sabesp p\u00f5e \u00e0 venda terreno disputado no cora\u00e7\u00e3o dos Jardins, em SP, e Trisul negocia compra","datePublished":"2026-01-29T21:36:39+00:00","mainEntityOfPage":{"@id":"https:\/\/www.encontrajardins.com.br\/rua-oscar-freire\/sabesp-poe-a-venda-terreno-disputado-no-coracao-dos-jardins-em-sp-e-trisul-negocia-compra\/"},"wordCount":1053,"commentCount":0,"image":{"@id":"https:\/\/www.encontrajardins.com.br\/rua-oscar-freire\/sabesp-poe-a-venda-terreno-disputado-no-coracao-dos-jardins-em-sp-e-trisul-negocia-compra\/#primaryimage"},"thumbnailUrl":"https:\/\/www.encontrajardins.com.br\/rua-oscar-freire\/wp-content\/uploads\/2026\/01\/sabesp-poe-a-venda-terreno-disputado-no-coracao-dos-jardins-em-sp-e-trisul-negocia-compra.webp","articleSection":["Not\u00edcias Rua Oscar Freire"],"inLanguage":"pt-BR","potentialAction":[{"@type":"CommentAction","name":"Comment","target":["https:\/\/www.encontrajardins.com.br\/rua-oscar-freire\/sabesp-poe-a-venda-terreno-disputado-no-coracao-dos-jardins-em-sp-e-trisul-negocia-compra\/#respond"]}]},{"@type":"WebPage","@id":"https:\/\/www.encontrajardins.com.br\/rua-oscar-freire\/sabesp-poe-a-venda-terreno-disputado-no-coracao-dos-jardins-em-sp-e-trisul-negocia-compra\/","url":"https:\/\/www.encontrajardins.com.br\/rua-oscar-freire\/sabesp-poe-a-venda-terreno-disputado-no-coracao-dos-jardins-em-sp-e-trisul-negocia-compra\/","name":"Sabesp p\u00f5e \u00e0 venda terreno disputado no cora\u00e7\u00e3o dos Jardins, em SP, e Trisul negocia compra | Guia Rua Oscar Freire SP","isPartOf":{"@id":"https:\/\/www.encontrajardins.com.br\/rua-oscar-freire\/#website"},"primaryImageOfPage":{"@id":"https:\/\/www.encontrajardins.com.br\/rua-oscar-freire\/sabesp-poe-a-venda-terreno-disputado-no-coracao-dos-jardins-em-sp-e-trisul-negocia-compra\/#primaryimage"},"image":{"@id":"https:\/\/www.encontrajardins.com.br\/rua-oscar-freire\/sabesp-poe-a-venda-terreno-disputado-no-coracao-dos-jardins-em-sp-e-trisul-negocia-compra\/#primaryimage"},"thumbnailUrl":"https:\/\/www.encontrajardins.com.br\/rua-oscar-freire\/wp-content\/uploads\/2026\/01\/sabesp-poe-a-venda-terreno-disputado-no-coracao-dos-jardins-em-sp-e-trisul-negocia-compra.webp","datePublished":"2026-01-29T21:36:39+00:00","author":{"@id":"https:\/\/www.encontrajardins.com.br\/rua-oscar-freire\/#\/schema\/person\/3166ca84b756e32f4dc9083fad9c8b59"},"inLanguage":"pt-BR","potentialAction":[{"@type":"ReadAction","target":["https:\/\/www.encontrajardins.com.br\/rua-oscar-freire\/sabesp-poe-a-venda-terreno-disputado-no-coracao-dos-jardins-em-sp-e-trisul-negocia-compra\/"]}]},{"@type":"ImageObject","inLanguage":"pt-BR","@id":"https:\/\/www.encontrajardins.com.br\/rua-oscar-freire\/sabesp-poe-a-venda-terreno-disputado-no-coracao-dos-jardins-em-sp-e-trisul-negocia-compra\/#primaryimage","url":"https:\/\/www.encontrajardins.com.br\/rua-oscar-freire\/wp-content\/uploads\/2026\/01\/sabesp-poe-a-venda-terreno-disputado-no-coracao-dos-jardins-em-sp-e-trisul-negocia-compra.webp","contentUrl":"https:\/\/www.encontrajardins.com.br\/rua-oscar-freire\/wp-content\/uploads\/2026\/01\/sabesp-poe-a-venda-terreno-disputado-no-coracao-dos-jardins-em-sp-e-trisul-negocia-compra.webp","width":280,"height":280,"caption":"terreno Jardins SP"},{"@type":"WebSite","@id":"https:\/\/www.encontrajardins.com.br\/rua-oscar-freire\/#website","url":"https:\/\/www.encontrajardins.com.br\/rua-oscar-freire\/","name":"Guia Rua Oscar Freire SP","description":"GUIA RUA OSCAR FREIRE - O guia comercial de neg\u00f3cios e empresas, cultura e divers\u00e3o na rua Oscar Freire. Feito 100% para voc\u00ea morador!","potentialAction":[{"@type":"SearchAction","target":{"@type":"EntryPoint","urlTemplate":"https:\/\/www.encontrajardins.com.br\/rua-oscar-freire\/?s={search_term_string}"},"query-input":{"@type":"PropertyValueSpecification","valueRequired":true,"valueName":"search_term_string"}}],"inLanguage":"pt-BR"},{"@type":"Person","@id":"https:\/\/www.encontrajardins.com.br\/rua-oscar-freire\/#\/schema\/person\/3166ca84b756e32f4dc9083fad9c8b59","name":"Encontra Rua Oscar Freire","image":{"@type":"ImageObject","inLanguage":"pt-BR","@id":"https:\/\/www.encontrajardins.com.br\/rua-oscar-freire\/wp-content\/litespeed\/avatar\/e92a756db1fc224ef50d2f00ed0d047a.jpg?ver=1777503335","url":"https:\/\/www.encontrajardins.com.br\/rua-oscar-freire\/wp-content\/litespeed\/avatar\/e92a756db1fc224ef50d2f00ed0d047a.jpg?ver=1777503335","contentUrl":"https:\/\/www.encontrajardins.com.br\/rua-oscar-freire\/wp-content\/litespeed\/avatar\/e92a756db1fc224ef50d2f00ed0d047a.jpg?ver=1777503335","caption":"Encontra Rua Oscar Freire"},"url":"https:\/\/www.encontrajardins.com.br\/rua-oscar-freire\/author\/rua-oscar-freire\/"}]}},"_links":{"self":[{"href":"https:\/\/www.encontrajardins.com.br\/rua-oscar-freire\/wp-json\/wp\/v2\/posts\/4174","targetHints":{"allow":["GET"]}}],"collection":[{"href":"https:\/\/www.encontrajardins.com.br\/rua-oscar-freire\/wp-json\/wp\/v2\/posts"}],"about":[{"href":"https:\/\/www.encontrajardins.com.br\/rua-oscar-freire\/wp-json\/wp\/v2\/types\/post"}],"author":[{"embeddable":true,"href":"https:\/\/www.encontrajardins.com.br\/rua-oscar-freire\/wp-json\/wp\/v2\/users\/1"}],"replies":[{"embeddable":true,"href":"https:\/\/www.encontrajardins.com.br\/rua-oscar-freire\/wp-json\/wp\/v2\/comments?post=4174"}],"version-history":[{"count":0,"href":"https:\/\/www.encontrajardins.com.br\/rua-oscar-freire\/wp-json\/wp\/v2\/posts\/4174\/revisions"}],"wp:featuredmedia":[{"embeddable":true,"href":"https:\/\/www.encontrajardins.com.br\/rua-oscar-freire\/wp-json\/wp\/v2\/media\/4173"}],"wp:attachment":[{"href":"https:\/\/www.encontrajardins.com.br\/rua-oscar-freire\/wp-json\/wp\/v2\/media?parent=4174"}],"wp:term":[{"taxonomy":"category","embeddable":true,"href":"https:\/\/www.encontrajardins.com.br\/rua-oscar-freire\/wp-json\/wp\/v2\/categories?post=4174"},{"taxonomy":"post_tag","embeddable":true,"href":"https:\/\/www.encontrajardins.com.br\/rua-oscar-freire\/wp-json\/wp\/v2\/tags?post=4174"}],"curies":[{"name":"wp","href":"https:\/\/api.w.org\/{rel}","templated":true}]}}