{"id":4395,"date":"2026-04-10T18:20:57","date_gmt":"2026-04-10T21:20:57","guid":{"rendered":"https:\/\/www.encontrajardins.com.br\/rua-oscar-freire\/justica-determina-reintegracao-de-posse-de-predio-invadido-nos-jardins-sob-risco-de-desabamento\/"},"modified":"2026-04-10T18:20:57","modified_gmt":"2026-04-10T21:20:57","slug":"justica-determina-reintegracao-de-posse-de-predio-invadido-nos-jardins-sob-risco-de-desabamento","status":"publish","type":"post","link":"https:\/\/www.encontrajardins.com.br\/rua-oscar-freire\/justica-determina-reintegracao-de-posse-de-predio-invadido-nos-jardins-sob-risco-de-desabamento\/","title":{"rendered":"Justi\u00e7a determina reintegra\u00e7\u00e3o de posse de pr\u00e9dio invadido nos Jardins sob risco de desabamento"},"content":{"rendered":"<h2>Hist\u00f3rico da Ocupa\u00e7\u00e3o do Pr\u00e9dio<\/h2>\n<p>O pr\u00e9dio, localizado na esquina das ruas Peixoto Gomide e Oscar Freire, na zona oeste de S\u00e3o Paulo, foi ocupado por aproximadamente 30 fam\u00edlias desde 2015. Essa ocupa\u00e7\u00e3o ocorreu em meio a uma disputa judicial que se arrasta por mais de uma d\u00e9cada, onde a propriedade estava abandonada desde 2006. Inicialmente, o condom\u00ednio praticou um aumento exorbitante nas taxas, de R$ 200 para R$ 6.900, resultando na desocupa\u00e7\u00e3o de seus antigos moradores. Ap\u00f3s ter ficado vazio por um longo per\u00edodo, um grupo de pessoas tomou posse do edif\u00edcio, transformando-o em um espa\u00e7o residencial mesmo sem a devida autoriza\u00e7\u00e3o legal.<\/p>\n<h2>Riscos Estruturais Aferidos pela Defesa Civil<\/h2>\n<p>Recentemente, a Defesa Civil municipal divulgou uma avalia\u00e7\u00e3o t\u00e9cnica preocupante sobre o im\u00f3vel, alertando para riscos de desabamento devido a problemas estruturais severos. O laudo emitido apontou a precariedade na edifica\u00e7\u00e3o, destacando a presen\u00e7a de condi\u00e7\u00f5es insalubres, como ac\u00famulo de lixo, deteriora\u00e7\u00e3o das paredes e infraestrutura fragilizada. O juiz Valdir da Silva Queiroz Junior, respons\u00e1vel pela decis\u00e3o de reintegra\u00e7\u00e3o de posse, enfatizou a urg\u00eancia da desocupa\u00e7\u00e3o, afirmando que &#8220;o local n\u00e3o ostenta mais qualquer garantia de seguran\u00e7a&#8221; e possui &#8220;potencial risco de ru\u00edna&#8221;.<\/p>\n<h2>Decis\u00e3o Judicial e Implica\u00e7\u00f5es para os Moradores<\/h2>\n<p>Na \u00faltima sexta-feira, 10 de abril de 2026, o Tribunal de Justi\u00e7a de S\u00e3o Paulo determinou a desocupa\u00e7\u00e3o imediata do pr\u00e9dio, a qual foi fundamentada no laudo da Defesa Civil e na persistente amea\u00e7a \u00e0 seguran\u00e7a dos moradores. O magistrado tamb\u00e9m estipulou que a Prefeitura tome as medidas necess\u00e1rias para acolher as fam\u00edlias que est\u00e3o sendo for\u00e7adas a deixar o local. Essa decis\u00e3o envolve quest\u00f5es complexas, considerando a presen\u00e7a de crian\u00e7as, idosos e outras popula\u00e7\u00f5es vulner\u00e1veis entre os ocupantes.<\/p>\n<p><img decoding=\"async\" src=\"https:\/\/www.encontrajardins.com.br\/rua-oscar-freire\/wp-content\/uploads\/2026\/04\/justica-determina-reintegracao-de-posse-de-predio-invadido-nos-jardins-sob-risco-de-desabamento.webp\" alt=\"rein\u00e1lise de posse de pr\u00e9dio invadido nos Jardins\" loading=\"lazy\" \/><\/p>\n<h2>Tentativas da Prefeitura por Solu\u00e7\u00f5es Pac\u00edficas<\/h2>\n<p>A Prefeitura de S\u00e3o Paulo est\u00e1 ativamente buscando uma solu\u00e7\u00e3o pac\u00edfica para a situa\u00e7\u00e3o desde 2018. Segundo a Secretaria Municipal de Habita\u00e7\u00e3o, foi iniciado um processo de media\u00e7\u00e3o visando a reintegra\u00e7\u00e3o da posse de forma volunt\u00e1ria. Um acordo realizado em setembro de 2025 resultou na sa\u00edda de 33 fam\u00edlias, que come\u00e7aram a receber aux\u00edlio-aluguel por parte da gest\u00e3o municipal. Entretanto, a continuidade dessa abordagem pac\u00edfica esbarra na dificuldade de encontrar alternativas habitacionais vi\u00e1veis para os que ainda permanecem no local.<\/p>\n<h2>Apoio Social para as Fam\u00edlias Afetadas<\/h2>\n<p>O Centro Gaspar Garcia de Direitos Humanos tem atuado na defesa dos moradores, destacando a import\u00e2ncia do apoio social durante esse processo complicado. O advogado Eduardo Abramowicz Santos, representante da institui\u00e7\u00e3o, afirmou que, apesar da sa\u00edda de algumas fam\u00edlias, muitas n\u00e3o encontraram acomoda\u00e7\u00e3o dispon\u00edvel devido ao valor do aux\u00edlio-aluguel de R$ 400, que pode ser insuficiente para cobrir os custos de moradia na regi\u00e3o.<\/p>\n<h2>Condi\u00e7\u00f5es de Insalubridade no Im\u00f3vel<\/h2>\n<p>O laudo apresentado pela Defesa Civil n\u00e3o apenas ressaltou a gravidade da deteriora\u00e7\u00e3o do pr\u00e9dio, mas tamb\u00e9m documentou as condi\u00e7\u00f5es insalubres do ambiente, que inclui quest\u00f5es como a presen\u00e7a de lixo acumulado em \u00e1reas comuns e a instala\u00e7\u00e3o de uma piscina, elevando o grau de insalubridade. Essas condi\u00e7\u00f5es n\u00e3o s\u00f3 afetam a seguran\u00e7a dos ocupantes, mas tamb\u00e9m ressaltam uma viola\u00e7\u00e3o dos direitos humanos ao garantir habita\u00e7\u00e3o digna e segura.<\/p>\n<h2>O Papel do Centro Gaspar Garcia de Direitos Humanos<\/h2>\n<p>Al\u00e9m de legalmente representar os moradores, o Centro Gaspar Garcia de Direitos Humanos est\u00e1 comprometido em buscar solu\u00e7\u00f5es que respeitem os direitos fundamentais de todos os envolvidos. Ao colaborar com a Prefeitura para desenvolver alternativas para os moradores, esse centro atua como um mediador entre as fam\u00edlias em situa\u00e7\u00e3o de vulnerabilidade e as autoridades, promovendo o acesso a servi\u00e7os sociais e programas que possam melhorar a qualidade de vida dos ocupantes.<\/p>\n<h2>Desafios Enfrentados pelas Fam\u00edlias na Remo\u00e7\u00e3o<\/h2>\n<p>As fam\u00edlias residentes enfrentam diversos desafios, principalmente na busca por novas moradias. A falta de op\u00e7\u00f5es financeiras vi\u00e1veis \u00e9 um fator cr\u00edtico que limita a capacidade de transi\u00e7\u00e3o para resid\u00eancias seguras e adequadas. Al\u00e9m disso, o estigma social associado \u00e0 ocupa\u00e7\u00e3o irregular muitas vezes dificulta a loca\u00e7\u00e3o de um novo im\u00f3vel, gerando inseguran\u00e7a e ansiedade entre os moradores que precisam deixar o pr\u00e9dio.<\/p>\n<h2>Impacto da Reinser\u00e7\u00e3o do Im\u00f3vel no Mercado<\/h2>\n<p>A retirada das fam\u00edlias do pr\u00e9dio poder\u00e1 afetar n\u00e3o apenas os ocupantes, mas tamb\u00e9m o mercado imobili\u00e1rio local. A reocupa\u00e7\u00e3o do espa\u00e7o poder\u00e1 contribuir para a implementa\u00e7\u00e3o de um projeto mais seguro e rent\u00e1vel, promovendo um novo empreendimento que atenda ao p\u00fablico de alta renda, dada a localiza\u00e7\u00e3o privilegiada. Essa din\u00e2mica evidencia a luta entre interesses econ\u00f4micos e as necessidades humanas fundamentais de moradia e dignidade.<\/p>\n<h2>O Que Esperar da Continuidade do Processo Judicial<\/h2>\n<p>O processo judicial em andamento levantar\u00e1 quest\u00f5es importantes acerca da legitimidade das ocupa\u00e7\u00f5es urbanas e o papel do Estado na media\u00e7\u00e3o de conflitos de posse. \u00c0 medida que a situa\u00e7\u00e3o se desenrola, as fam\u00edlias afetadas aguardam solu\u00e7\u00f5es que n\u00e3o apenas garantam sua seguran\u00e7a, mas tamb\u00e9m promovam o respeito aos direitos humanos e sociais, considerando a complexidade que envolve a habita\u00e7\u00e3o em contextos urbanos.<\/p>\n","protected":false},"excerpt":{"rendered":"<p>Justi\u00e7a determina a reintegra\u00e7\u00e3o de posse para pr\u00e9dio invadido nos Jardins, que est\u00e1 em risco de desabamento.<\/p>\n","protected":false},"author":1,"featured_media":4394,"comment_status":"open","ping_status":"open","sticky":false,"template":"","format":"standard","meta":{"footnotes":""},"categories":[5],"tags":[],"class_list":["post-4395","post","type-post","status-publish","format-standard","has-post-thumbnail","hentry","category-noticias","has_thumb"],"yoast_head":"<!-- This site is optimized with the Yoast SEO plugin v26.6 - https:\/\/yoast.com\/wordpress\/plugins\/seo\/ -->\n<title>Justi\u00e7a determina reintegra\u00e7\u00e3o de posse de pr\u00e9dio invadido nos Jardins sob risco de desabamento | Guia Rua Oscar Freire SP<\/title>\n<meta name=\"robots\" content=\"index, follow, max-snippet:-1, max-image-preview:large, max-video-preview:-1\" \/>\n<link rel=\"canonical\" href=\"https:\/\/www.encontrajardins.com.br\/rua-oscar-freire\/justica-determina-reintegracao-de-posse-de-predio-invadido-nos-jardins-sob-risco-de-desabamento\/\" \/>\n<meta property=\"og:locale\" content=\"pt_BR\" \/>\n<meta property=\"og:type\" content=\"article\" \/>\n<meta property=\"og:title\" content=\"Justi\u00e7a determina reintegra\u00e7\u00e3o de posse de pr\u00e9dio invadido nos Jardins sob risco de desabamento | Guia Rua Oscar Freire SP\" \/>\n<meta property=\"og:description\" content=\"Justi\u00e7a determina a reintegra\u00e7\u00e3o de posse para pr\u00e9dio invadido nos Jardins, que est\u00e1 em risco de desabamento.\" \/>\n<meta property=\"og:url\" content=\"https:\/\/www.encontrajardins.com.br\/rua-oscar-freire\/justica-determina-reintegracao-de-posse-de-predio-invadido-nos-jardins-sob-risco-de-desabamento\/\" \/>\n<meta property=\"og:site_name\" content=\"Guia Rua Oscar Freire SP\" \/>\n<meta property=\"article:published_time\" content=\"2026-04-10T21:20:57+00:00\" \/>\n<meta property=\"og:image\" content=\"https:\/\/www.encontrajardins.com.br\/rua-oscar-freire\/wp-content\/uploads\/2026\/04\/justica-determina-reintegracao-de-posse-de-predio-invadido-nos-jardins-sob-risco-de-desabamento.webp\" \/>\n<meta name=\"author\" content=\"Encontra Rua Oscar Freire\" \/>\n<meta name=\"twitter:card\" content=\"summary_large_image\" \/>\n<meta name=\"twitter:label1\" content=\"Escrito por\" \/>\n\t<meta name=\"twitter:data1\" content=\"Encontra Rua Oscar Freire\" \/>\n\t<meta name=\"twitter:label2\" content=\"Est. tempo de leitura\" \/>\n\t<meta name=\"twitter:data2\" content=\"5 minutos\" \/>\n<script type=\"application\/ld+json\" class=\"yoast-schema-graph\">{\"@context\":\"https:\/\/schema.org\",\"@graph\":[{\"@type\":\"WebPage\",\"@id\":\"https:\/\/www.encontrajardins.com.br\/rua-oscar-freire\/justica-determina-reintegracao-de-posse-de-predio-invadido-nos-jardins-sob-risco-de-desabamento\/\",\"url\":\"https:\/\/www.encontrajardins.com.br\/rua-oscar-freire\/justica-determina-reintegracao-de-posse-de-predio-invadido-nos-jardins-sob-risco-de-desabamento\/\",\"name\":\"Justi\u00e7a determina reintegra\u00e7\u00e3o de posse de pr\u00e9dio invadido nos Jardins sob risco de desabamento | Guia Rua Oscar Freire SP\",\"isPartOf\":{\"@id\":\"https:\/\/www.encontrajardins.com.br\/rua-oscar-freire\/#website\"},\"primaryImageOfPage\":{\"@id\":\"https:\/\/www.encontrajardins.com.br\/rua-oscar-freire\/justica-determina-reintegracao-de-posse-de-predio-invadido-nos-jardins-sob-risco-de-desabamento\/#primaryimage\"},\"image\":{\"@id\":\"https:\/\/www.encontrajardins.com.br\/rua-oscar-freire\/justica-determina-reintegracao-de-posse-de-predio-invadido-nos-jardins-sob-risco-de-desabamento\/#primaryimage\"},\"thumbnailUrl\":\"https:\/\/www.encontrajardins.com.br\/rua-oscar-freire\/wp-content\/uploads\/2026\/04\/justica-determina-reintegracao-de-posse-de-predio-invadido-nos-jardins-sob-risco-de-desabamento.webp\",\"datePublished\":\"2026-04-10T21:20:57+00:00\",\"author\":{\"@id\":\"https:\/\/www.encontrajardins.com.br\/rua-oscar-freire\/#\/schema\/person\/3166ca84b756e32f4dc9083fad9c8b59\"},\"inLanguage\":\"pt-BR\",\"potentialAction\":[{\"@type\":\"ReadAction\",\"target\":[\"https:\/\/www.encontrajardins.com.br\/rua-oscar-freire\/justica-determina-reintegracao-de-posse-de-predio-invadido-nos-jardins-sob-risco-de-desabamento\/\"]}]},{\"@type\":\"ImageObject\",\"inLanguage\":\"pt-BR\",\"@id\":\"https:\/\/www.encontrajardins.com.br\/rua-oscar-freire\/justica-determina-reintegracao-de-posse-de-predio-invadido-nos-jardins-sob-risco-de-desabamento\/#primaryimage\",\"url\":\"https:\/\/www.encontrajardins.com.br\/rua-oscar-freire\/wp-content\/uploads\/2026\/04\/justica-determina-reintegracao-de-posse-de-predio-invadido-nos-jardins-sob-risco-de-desabamento.webp\",\"contentUrl\":\"https:\/\/www.encontrajardins.com.br\/rua-oscar-freire\/wp-content\/uploads\/2026\/04\/justica-determina-reintegracao-de-posse-de-predio-invadido-nos-jardins-sob-risco-de-desabamento.webp\",\"width\":280,\"height\":280,\"caption\":\"rein\u00e1lise de posse de pr\u00e9dio invadido nos Jardins\"},{\"@type\":\"WebSite\",\"@id\":\"https:\/\/www.encontrajardins.com.br\/rua-oscar-freire\/#website\",\"url\":\"https:\/\/www.encontrajardins.com.br\/rua-oscar-freire\/\",\"name\":\"Guia Rua Oscar Freire SP\",\"description\":\"GUIA RUA OSCAR FREIRE - O guia comercial de neg\u00f3cios e empresas, cultura e divers\u00e3o na rua Oscar Freire. Feito 100% para voc\u00ea morador!\",\"potentialAction\":[{\"@type\":\"SearchAction\",\"target\":{\"@type\":\"EntryPoint\",\"urlTemplate\":\"https:\/\/www.encontrajardins.com.br\/rua-oscar-freire\/?s={search_term_string}\"},\"query-input\":{\"@type\":\"PropertyValueSpecification\",\"valueRequired\":true,\"valueName\":\"search_term_string\"}}],\"inLanguage\":\"pt-BR\"},{\"@type\":\"Person\",\"@id\":\"https:\/\/www.encontrajardins.com.br\/rua-oscar-freire\/#\/schema\/person\/3166ca84b756e32f4dc9083fad9c8b59\",\"name\":\"Encontra Rua Oscar Freire\",\"image\":{\"@type\":\"ImageObject\",\"inLanguage\":\"pt-BR\",\"@id\":\"https:\/\/www.encontrajardins.com.br\/rua-oscar-freire\/#\/schema\/person\/image\/\",\"url\":\"https:\/\/www.encontrajardins.com.br\/rua-oscar-freire\/wp-content\/litespeed\/avatar\/e92a756db1fc224ef50d2f00ed0d047a.jpg?ver=1776898512\",\"contentUrl\":\"https:\/\/www.encontrajardins.com.br\/rua-oscar-freire\/wp-content\/litespeed\/avatar\/e92a756db1fc224ef50d2f00ed0d047a.jpg?ver=1776898512\",\"caption\":\"Encontra Rua Oscar Freire\"},\"url\":\"https:\/\/www.encontrajardins.com.br\/rua-oscar-freire\/author\/rua-oscar-freire\/\"}]}<\/script>\n<!-- \/ Yoast SEO plugin. -->","yoast_head_json":{"title":"Justi\u00e7a determina reintegra\u00e7\u00e3o de posse de pr\u00e9dio invadido nos Jardins sob risco de desabamento | Guia Rua Oscar Freire SP","robots":{"index":"index","follow":"follow","max-snippet":"max-snippet:-1","max-image-preview":"max-image-preview:large","max-video-preview":"max-video-preview:-1"},"canonical":"https:\/\/www.encontrajardins.com.br\/rua-oscar-freire\/justica-determina-reintegracao-de-posse-de-predio-invadido-nos-jardins-sob-risco-de-desabamento\/","og_locale":"pt_BR","og_type":"article","og_title":"Justi\u00e7a determina reintegra\u00e7\u00e3o de posse de pr\u00e9dio invadido nos Jardins sob risco de desabamento | Guia Rua Oscar Freire SP","og_description":"Justi\u00e7a determina a reintegra\u00e7\u00e3o de posse para pr\u00e9dio invadido nos Jardins, que est\u00e1 em risco de desabamento.","og_url":"https:\/\/www.encontrajardins.com.br\/rua-oscar-freire\/justica-determina-reintegracao-de-posse-de-predio-invadido-nos-jardins-sob-risco-de-desabamento\/","og_site_name":"Guia Rua Oscar Freire SP","article_published_time":"2026-04-10T21:20:57+00:00","og_image":[{"url":"https:\/\/www.encontrajardins.com.br\/rua-oscar-freire\/wp-content\/uploads\/2026\/04\/justica-determina-reintegracao-de-posse-de-predio-invadido-nos-jardins-sob-risco-de-desabamento.webp","type":"","width":"","height":""}],"author":"Encontra Rua Oscar Freire","twitter_card":"summary_large_image","twitter_misc":{"Escrito por":"Encontra Rua Oscar Freire","Est. tempo de leitura":"5 minutos"},"schema":{"@context":"https:\/\/schema.org","@graph":[{"@type":"WebPage","@id":"https:\/\/www.encontrajardins.com.br\/rua-oscar-freire\/justica-determina-reintegracao-de-posse-de-predio-invadido-nos-jardins-sob-risco-de-desabamento\/","url":"https:\/\/www.encontrajardins.com.br\/rua-oscar-freire\/justica-determina-reintegracao-de-posse-de-predio-invadido-nos-jardins-sob-risco-de-desabamento\/","name":"Justi\u00e7a determina reintegra\u00e7\u00e3o de posse de pr\u00e9dio invadido nos Jardins sob risco de desabamento | Guia Rua Oscar Freire SP","isPartOf":{"@id":"https:\/\/www.encontrajardins.com.br\/rua-oscar-freire\/#website"},"primaryImageOfPage":{"@id":"https:\/\/www.encontrajardins.com.br\/rua-oscar-freire\/justica-determina-reintegracao-de-posse-de-predio-invadido-nos-jardins-sob-risco-de-desabamento\/#primaryimage"},"image":{"@id":"https:\/\/www.encontrajardins.com.br\/rua-oscar-freire\/justica-determina-reintegracao-de-posse-de-predio-invadido-nos-jardins-sob-risco-de-desabamento\/#primaryimage"},"thumbnailUrl":"https:\/\/www.encontrajardins.com.br\/rua-oscar-freire\/wp-content\/uploads\/2026\/04\/justica-determina-reintegracao-de-posse-de-predio-invadido-nos-jardins-sob-risco-de-desabamento.webp","datePublished":"2026-04-10T21:20:57+00:00","author":{"@id":"https:\/\/www.encontrajardins.com.br\/rua-oscar-freire\/#\/schema\/person\/3166ca84b756e32f4dc9083fad9c8b59"},"inLanguage":"pt-BR","potentialAction":[{"@type":"ReadAction","target":["https:\/\/www.encontrajardins.com.br\/rua-oscar-freire\/justica-determina-reintegracao-de-posse-de-predio-invadido-nos-jardins-sob-risco-de-desabamento\/"]}]},{"@type":"ImageObject","inLanguage":"pt-BR","@id":"https:\/\/www.encontrajardins.com.br\/rua-oscar-freire\/justica-determina-reintegracao-de-posse-de-predio-invadido-nos-jardins-sob-risco-de-desabamento\/#primaryimage","url":"https:\/\/www.encontrajardins.com.br\/rua-oscar-freire\/wp-content\/uploads\/2026\/04\/justica-determina-reintegracao-de-posse-de-predio-invadido-nos-jardins-sob-risco-de-desabamento.webp","contentUrl":"https:\/\/www.encontrajardins.com.br\/rua-oscar-freire\/wp-content\/uploads\/2026\/04\/justica-determina-reintegracao-de-posse-de-predio-invadido-nos-jardins-sob-risco-de-desabamento.webp","width":280,"height":280,"caption":"rein\u00e1lise de posse de pr\u00e9dio invadido nos Jardins"},{"@type":"WebSite","@id":"https:\/\/www.encontrajardins.com.br\/rua-oscar-freire\/#website","url":"https:\/\/www.encontrajardins.com.br\/rua-oscar-freire\/","name":"Guia Rua Oscar Freire SP","description":"GUIA RUA OSCAR FREIRE - O guia comercial de neg\u00f3cios e empresas, cultura e divers\u00e3o na rua Oscar Freire. Feito 100% para voc\u00ea morador!","potentialAction":[{"@type":"SearchAction","target":{"@type":"EntryPoint","urlTemplate":"https:\/\/www.encontrajardins.com.br\/rua-oscar-freire\/?s={search_term_string}"},"query-input":{"@type":"PropertyValueSpecification","valueRequired":true,"valueName":"search_term_string"}}],"inLanguage":"pt-BR"},{"@type":"Person","@id":"https:\/\/www.encontrajardins.com.br\/rua-oscar-freire\/#\/schema\/person\/3166ca84b756e32f4dc9083fad9c8b59","name":"Encontra Rua Oscar Freire","image":{"@type":"ImageObject","inLanguage":"pt-BR","@id":"https:\/\/www.encontrajardins.com.br\/rua-oscar-freire\/#\/schema\/person\/image\/","url":"https:\/\/www.encontrajardins.com.br\/rua-oscar-freire\/wp-content\/litespeed\/avatar\/e92a756db1fc224ef50d2f00ed0d047a.jpg?ver=1776898512","contentUrl":"https:\/\/www.encontrajardins.com.br\/rua-oscar-freire\/wp-content\/litespeed\/avatar\/e92a756db1fc224ef50d2f00ed0d047a.jpg?ver=1776898512","caption":"Encontra Rua Oscar Freire"},"url":"https:\/\/www.encontrajardins.com.br\/rua-oscar-freire\/author\/rua-oscar-freire\/"}]}},"_links":{"self":[{"href":"https:\/\/www.encontrajardins.com.br\/rua-oscar-freire\/wp-json\/wp\/v2\/posts\/4395","targetHints":{"allow":["GET"]}}],"collection":[{"href":"https:\/\/www.encontrajardins.com.br\/rua-oscar-freire\/wp-json\/wp\/v2\/posts"}],"about":[{"href":"https:\/\/www.encontrajardins.com.br\/rua-oscar-freire\/wp-json\/wp\/v2\/types\/post"}],"author":[{"embeddable":true,"href":"https:\/\/www.encontrajardins.com.br\/rua-oscar-freire\/wp-json\/wp\/v2\/users\/1"}],"replies":[{"embeddable":true,"href":"https:\/\/www.encontrajardins.com.br\/rua-oscar-freire\/wp-json\/wp\/v2\/comments?post=4395"}],"version-history":[{"count":0,"href":"https:\/\/www.encontrajardins.com.br\/rua-oscar-freire\/wp-json\/wp\/v2\/posts\/4395\/revisions"}],"wp:featuredmedia":[{"embeddable":true,"href":"https:\/\/www.encontrajardins.com.br\/rua-oscar-freire\/wp-json\/wp\/v2\/media\/4394"}],"wp:attachment":[{"href":"https:\/\/www.encontrajardins.com.br\/rua-oscar-freire\/wp-json\/wp\/v2\/media?parent=4395"}],"wp:term":[{"taxonomy":"category","embeddable":true,"href":"https:\/\/www.encontrajardins.com.br\/rua-oscar-freire\/wp-json\/wp\/v2\/categories?post=4395"},{"taxonomy":"post_tag","embeddable":true,"href":"https:\/\/www.encontrajardins.com.br\/rua-oscar-freire\/wp-json\/wp\/v2\/tags?post=4395"}],"curies":[{"name":"wp","href":"https:\/\/api.w.org\/{rel}","templated":true}]}}