{"id":4421,"date":"2026-04-16T17:58:31","date_gmt":"2026-04-16T20:58:31","guid":{"rendered":"https:\/\/www.encontrajardins.com.br\/rua-oscar-freire\/veja-como-e-por-dentro-de-predio-invadido-nos-jardins-com-risco-de-ruina\/"},"modified":"2026-04-16T17:58:31","modified_gmt":"2026-04-16T20:58:31","slug":"veja-como-e-por-dentro-de-predio-invadido-nos-jardins-com-risco-de-ruina","status":"publish","type":"post","link":"https:\/\/www.encontrajardins.com.br\/rua-oscar-freire\/veja-como-e-por-dentro-de-predio-invadido-nos-jardins-com-risco-de-ruina\/","title":{"rendered":"Veja como \u00e9 por dentro de pr\u00e9dio invadido nos Jardins com risco de ru\u00edna"},"content":{"rendered":"<h2>A hist\u00f3ria do Edif\u00edcio Peixoto Gomide<\/h2>\n<p>Localizado no Jardim Paulista, mais especificamente na interse\u00e7\u00e3o das ruas Peixoto Gomide e Oscar Freire, o Edif\u00edcio Peixoto Gomide \u00e9 um pr\u00e9dio que possui uma rica trajet\u00f3ria. Inaugurado durante um per\u00edodo de grande crescimento urbano em S\u00e3o Paulo, ele refletia os ideais arquitet\u00f4nicos de sua \u00e9poca. A constru\u00e7\u00e3o foi um marco para a \u00e1rea, que se transformava constantemente, atraindo moradores e comerciantes.<\/p>\n<h2>Condi\u00e7\u00f5es atuais do pr\u00e9dio invadido<\/h2>\n<p>Em janeiro de 2026, durante uma fiscaliza\u00e7\u00e3o da Defesa Civil, foi registrado que o pr\u00e9dio estava em extremas condi\u00e7\u00f5es de abandono e deteriora\u00e7\u00e3o. As infiltra\u00e7\u00f5es e o desgaste da estrutura eram evidentes. O espa\u00e7o deveria estar passando por um processo de reabilita\u00e7\u00e3o, no entanto, a situa\u00e7\u00e3o se agravou com a invas\u00e3o por um grupo de pessoas que agora ocupa as depend\u00eancias do edif\u00edcio. O estado atual do pr\u00e9dio levanta preocupa\u00e7\u00f5es sobre a seguran\u00e7a de seus ocupantes e a preserva\u00e7\u00e3o do patrim\u00f4nio hist\u00f3rico.<\/p>\n<h2>Risco de ru\u00edna: o que isso significa?<\/h2>\n<p>Quando um edif\u00edcio \u00e9 classificado como em &#8220;risco de ru\u00edna&#8221;, isso indica n\u00e3o apenas a fragilidade de sua estrutura, mas tamb\u00e9m o potencial para colapso, o que pode representar um perigo significativo. Estas avalia\u00e7\u00f5es s\u00e3o feitas com base em inspe\u00e7\u00f5es minuciosas que consideram aspectos como a integridade das funda\u00e7\u00f5es, a condi\u00e7\u00e3o das paredes e do telhado, e a presen\u00e7a de elementos corrosivos. No caso do Edif\u00edcio Peixoto Gomide, as lajes est\u00e3o apresentando fissuras graves, o que pode levar a cat\u00e1strofes se n\u00e3o forem tomadas provid\u00eancias logo.<\/p>\n<p><img decoding=\"async\" src=\"https:\/\/www.encontrajardins.com.br\/rua-oscar-freire\/wp-content\/uploads\/2026\/04\/veja-como-e-por-dentro-de-predio-invadido-nos-jardins-com-risco-de-ruina.webp\" alt=\"pr\u00e9dio invadido nos Jardins\" loading=\"lazy\" \/><\/p>\n<h2>A import\u00e2ncia da Defesa Civil na vistoria<\/h2>\n<p>As vistorias realizadas pela Defesa Civil s\u00e3o essenciais para a seguran\u00e7a da popula\u00e7\u00e3o e a preserva\u00e7\u00e3o do patrim\u00f4nio. Essas inspe\u00e7\u00f5es, que analisam diversos fatores t\u00e9cnicos, ajudam a identificar estruturas em risco e permitem que medidas preventivas sejam aplicadas. Al\u00e9m de avaliar as condi\u00e7\u00f5es f\u00edsicas do pr\u00e9dio, a Defesa Civil tamb\u00e9m desempenha um papel crucial na comunica\u00e7\u00e3o com as autoridades e na orienta\u00e7\u00e3o sobre os passos necess\u00e1rios para a desocupa\u00e7\u00e3o e restaura\u00e7\u00e3o do im\u00f3vel.<\/p>\n<h2>O que revela a inspe\u00e7\u00e3o do edif\u00edcio?<\/h2>\n<p>A inspe\u00e7\u00e3o do Edif\u00edcio Peixoto Gomide revelou n\u00e3o apenas o estado deplor\u00e1vel da estrutura, mas tamb\u00e9m a necessidade urgente de a\u00e7\u00e3o. Entre os problemas identificados est\u00e3o:<\/p>\n<ul>\n<li><strong>Infiltra\u00e7\u00f5es:<\/strong> A presen\u00e7a de \u00e1gua acumulada em alguns andares, causada por falta de manuten\u00e7\u00e3o do telhado.<\/li>\n<li><strong>Fissuras:<\/strong> Not\u00e1veis em diversas partes das paredes, comprometendo a estabilidade do edif\u00edcio.<\/li>\n<li><strong>Desgaste:<\/strong> O desgaste dos materiais da constru\u00e7\u00e3o devido \u00e0 exposi\u00e7\u00e3o ao tempo e \u00e0 falta de ocupa\u00e7\u00e3o adequada.<\/li>\n<li><strong>Seguran\u00e7a dos ocupantes:<\/strong> Os riscos que os invasores correm ao habitar um local t\u00e3o deteriorado.<\/li>\n<\/ul>\n<h2>Impactos sociais das ocupa\u00e7\u00f5es<\/h2>\n<p>A ocupa\u00e7\u00e3o de edif\u00edcios desocupados como o Peixoto Gomide gera uma s\u00e9rie de implica\u00e7\u00f5es sociais. Enquanto algumas pessoas veem a ocupa\u00e7\u00e3o como uma forma de reivindicar moradia, outros argumentam que essas pr\u00e1ticas podem levar \u00e0 degrada\u00e7\u00e3o das \u00e1reas afetadas. Com o pr\u00e9dio em suas condi\u00e7\u00f5es atuais, o debate se intensifica, uma vez que os moradores correm riscos significativos. Existe uma urg\u00eancia em discutir poss\u00edveis solu\u00e7\u00f5es que envolvam tanto a reintegra\u00e7\u00e3o dos ocupantes quanto a preserva\u00e7\u00e3o do espa\u00e7o.<\/p>\n<h2>Propostas de reabilita\u00e7\u00e3o urbana<\/h2>\n<p>Uma abordagem eficaz para a reabilita\u00e7\u00e3o do Edif\u00edcio Peixoto Gomide pode incluir:<\/p>\n<ul>\n<li><strong>Reforma da Estrutura:<\/strong> Investimentos direcionados para restaurar a integridade do pr\u00e9dio.<\/li>\n<li><strong>Programas Sociais:<\/strong> Implementa\u00e7\u00e3o de programas que integrem os ocupantes de forma segura e legal ao hinterland urbano.<\/li>\n<li><strong>Parcerias P\u00fablico-Privadas:<\/strong> Colabora\u00e7\u00f5es que possam viabilizar a recupera\u00e7\u00e3o do edif\u00edcio e sua destina\u00e7\u00e3o social adequada.<\/li>\n<li><strong>Desafios \u00e0 Vivienda:<\/strong> Uma discuss\u00e3o mais ampla sobre o direito \u00e0 habita\u00e7\u00e3o digna e as pol\u00edticas p\u00fablicas existentes.<\/li>\n<\/ul>\n<h2>Testemunhos de moradores locais<\/h2>\n<p>Os relatos de moradores da regi\u00e3o ajudam a compreender mais profundamente o impacto da ocupa\u00e7\u00e3o. Muitas pessoas relatam sentimentos de inseguran\u00e7a, enquanto outras expressam solidariedade com os ocupantes do pr\u00e9dio. O que se observa \u00e9 uma divis\u00e3o nas opini\u00f5es. Uma parte da popula\u00e7\u00e3o acredita que a solu\u00e7\u00e3o exige di\u00e1logo entre os envolvidos, enquanto outra parte defende a remo\u00e7\u00e3o imediata dos ocupantes. A necessidade de solu\u00e7\u00f5es integradas e humanas \u00e9 evidente.<\/p>\n<h2>A luta por direitos habitacionais<\/h2>\n<p>A luta por direitos habitacionais tem sido uma quest\u00e3o recorrente no Brasil, e a situa\u00e7\u00e3o do Edif\u00edcio Peixoto Gomide ilustra bem essa batalha. Organiza\u00e7\u00f5es de moradia est\u00e3o cada vez mais se mobilizando para apoiar fam\u00edlias sem teto, enquanto o governo enfrenta dificuldades para atender a todas as demandas. A discuss\u00e3o envolve n\u00e3o apenas atendimento, mas tamb\u00e9m a reavalia\u00e7\u00e3o das pol\u00edticas habitacionais e o acesso a habita\u00e7\u00e3o digna e segura.<\/p>\n<h2>Visitas e fotografias do interior do pr\u00e9dio<\/h2>\n<p>Embora o acesso ao Edif\u00edcio Peixoto Gomide seja restrito, fotos vazadas e os relatos de quem j\u00e1 teve a oportunidade de entrar revelam um interior repleto de recorda\u00e7\u00f5es da sua \u00e9poca de esplendor, agora em desuso. Os corredores, outrora repletos de vida, est\u00e3o agora imersos em sil\u00eancio, refletindo a decad\u00eancia do espa\u00e7o. A documenta\u00e7\u00e3o visual \u00e9 essencial para ressaltar a import\u00e2ncia da preserva\u00e7\u00e3o at\u00e9 mesmo de constru\u00e7\u00f5es consideradas insalubres e os desafios que enfrentam ao longo do tempo.<\/p>\n<p>O Edif\u00edcio Peixoto Gomide \u00e9 um exemplo gritante das complexidades enfrentadas nas \u00e1reas urbanas de S\u00e3o Paulo. Sua hist\u00f3ria, condi\u00e7\u00f5es atuais, e o dilema das ocupa\u00e7\u00f5es se entrela\u00e7am em uma narrativa que envolve seguran\u00e7a, direitos humanos e a luta por habita\u00e7\u00e3o digna.<\/p>\n","protected":false},"excerpt":{"rendered":"<p>Veja o que h\u00e1 por dentro de pr\u00e9dio invadido nos Jardins e o risco de ru\u00edna!<\/p>\n","protected":false},"author":1,"featured_media":4420,"comment_status":"open","ping_status":"open","sticky":false,"template":"","format":"standard","meta":{"footnotes":""},"categories":[5],"tags":[],"class_list":["post-4421","post","type-post","status-publish","format-standard","has-post-thumbnail","hentry","category-noticias","has_thumb"],"yoast_head":"<!-- This site is optimized with the Yoast SEO plugin v26.6 - https:\/\/yoast.com\/wordpress\/plugins\/seo\/ -->\n<title>Veja como \u00e9 por dentro de pr\u00e9dio invadido nos Jardins com risco de ru\u00edna | Guia Rua Oscar Freire SP<\/title>\n<meta name=\"robots\" content=\"index, follow, max-snippet:-1, max-image-preview:large, max-video-preview:-1\" \/>\n<link rel=\"canonical\" href=\"https:\/\/www.encontrajardins.com.br\/rua-oscar-freire\/veja-como-e-por-dentro-de-predio-invadido-nos-jardins-com-risco-de-ruina\/\" \/>\n<meta property=\"og:locale\" content=\"pt_BR\" \/>\n<meta property=\"og:type\" content=\"article\" \/>\n<meta property=\"og:title\" content=\"Veja como \u00e9 por dentro de pr\u00e9dio invadido nos Jardins com risco de ru\u00edna | Guia Rua Oscar Freire SP\" \/>\n<meta property=\"og:description\" content=\"Veja o que h\u00e1 por dentro de pr\u00e9dio invadido nos Jardins e o risco de ru\u00edna!\" \/>\n<meta property=\"og:url\" content=\"https:\/\/www.encontrajardins.com.br\/rua-oscar-freire\/veja-como-e-por-dentro-de-predio-invadido-nos-jardins-com-risco-de-ruina\/\" \/>\n<meta property=\"og:site_name\" content=\"Guia Rua Oscar Freire SP\" \/>\n<meta property=\"article:published_time\" content=\"2026-04-16T20:58:31+00:00\" \/>\n<meta property=\"og:image\" content=\"https:\/\/www.encontrajardins.com.br\/rua-oscar-freire\/wp-content\/uploads\/2026\/04\/veja-como-e-por-dentro-de-predio-invadido-nos-jardins-com-risco-de-ruina.webp\" \/>\n<meta name=\"author\" content=\"Encontra Rua Oscar Freire\" \/>\n<meta name=\"twitter:card\" content=\"summary_large_image\" \/>\n<meta name=\"twitter:label1\" content=\"Escrito por\" \/>\n\t<meta name=\"twitter:data1\" content=\"Encontra Rua Oscar Freire\" \/>\n\t<meta name=\"twitter:label2\" content=\"Est. tempo de leitura\" \/>\n\t<meta name=\"twitter:data2\" content=\"5 minutos\" \/>\n<script type=\"application\/ld+json\" class=\"yoast-schema-graph\">{\"@context\":\"https:\/\/schema.org\",\"@graph\":[{\"@type\":\"WebPage\",\"@id\":\"https:\/\/www.encontrajardins.com.br\/rua-oscar-freire\/veja-como-e-por-dentro-de-predio-invadido-nos-jardins-com-risco-de-ruina\/\",\"url\":\"https:\/\/www.encontrajardins.com.br\/rua-oscar-freire\/veja-como-e-por-dentro-de-predio-invadido-nos-jardins-com-risco-de-ruina\/\",\"name\":\"Veja como \u00e9 por dentro de pr\u00e9dio invadido nos Jardins com risco de ru\u00edna | Guia Rua Oscar Freire SP\",\"isPartOf\":{\"@id\":\"https:\/\/www.encontrajardins.com.br\/rua-oscar-freire\/#website\"},\"primaryImageOfPage\":{\"@id\":\"https:\/\/www.encontrajardins.com.br\/rua-oscar-freire\/veja-como-e-por-dentro-de-predio-invadido-nos-jardins-com-risco-de-ruina\/#primaryimage\"},\"image\":{\"@id\":\"https:\/\/www.encontrajardins.com.br\/rua-oscar-freire\/veja-como-e-por-dentro-de-predio-invadido-nos-jardins-com-risco-de-ruina\/#primaryimage\"},\"thumbnailUrl\":\"https:\/\/www.encontrajardins.com.br\/rua-oscar-freire\/wp-content\/uploads\/2026\/04\/veja-como-e-por-dentro-de-predio-invadido-nos-jardins-com-risco-de-ruina.webp\",\"datePublished\":\"2026-04-16T20:58:31+00:00\",\"author\":{\"@id\":\"https:\/\/www.encontrajardins.com.br\/rua-oscar-freire\/#\/schema\/person\/3166ca84b756e32f4dc9083fad9c8b59\"},\"inLanguage\":\"pt-BR\",\"potentialAction\":[{\"@type\":\"ReadAction\",\"target\":[\"https:\/\/www.encontrajardins.com.br\/rua-oscar-freire\/veja-como-e-por-dentro-de-predio-invadido-nos-jardins-com-risco-de-ruina\/\"]}]},{\"@type\":\"ImageObject\",\"inLanguage\":\"pt-BR\",\"@id\":\"https:\/\/www.encontrajardins.com.br\/rua-oscar-freire\/veja-como-e-por-dentro-de-predio-invadido-nos-jardins-com-risco-de-ruina\/#primaryimage\",\"url\":\"https:\/\/www.encontrajardins.com.br\/rua-oscar-freire\/wp-content\/uploads\/2026\/04\/veja-como-e-por-dentro-de-predio-invadido-nos-jardins-com-risco-de-ruina.webp\",\"contentUrl\":\"https:\/\/www.encontrajardins.com.br\/rua-oscar-freire\/wp-content\/uploads\/2026\/04\/veja-como-e-por-dentro-de-predio-invadido-nos-jardins-com-risco-de-ruina.webp\",\"width\":280,\"height\":280,\"caption\":\"pr\u00e9dio invadido nos Jardins\"},{\"@type\":\"WebSite\",\"@id\":\"https:\/\/www.encontrajardins.com.br\/rua-oscar-freire\/#website\",\"url\":\"https:\/\/www.encontrajardins.com.br\/rua-oscar-freire\/\",\"name\":\"Guia Rua Oscar Freire SP\",\"description\":\"GUIA RUA OSCAR FREIRE - O guia comercial de neg\u00f3cios e empresas, cultura e divers\u00e3o na rua Oscar Freire. Feito 100% para voc\u00ea morador!\",\"potentialAction\":[{\"@type\":\"SearchAction\",\"target\":{\"@type\":\"EntryPoint\",\"urlTemplate\":\"https:\/\/www.encontrajardins.com.br\/rua-oscar-freire\/?s={search_term_string}\"},\"query-input\":{\"@type\":\"PropertyValueSpecification\",\"valueRequired\":true,\"valueName\":\"search_term_string\"}}],\"inLanguage\":\"pt-BR\"},{\"@type\":\"Person\",\"@id\":\"https:\/\/www.encontrajardins.com.br\/rua-oscar-freire\/#\/schema\/person\/3166ca84b756e32f4dc9083fad9c8b59\",\"name\":\"Encontra Rua Oscar Freire\",\"image\":{\"@type\":\"ImageObject\",\"inLanguage\":\"pt-BR\",\"@id\":\"https:\/\/www.encontrajardins.com.br\/rua-oscar-freire\/#\/schema\/person\/image\/\",\"url\":\"https:\/\/www.encontrajardins.com.br\/rua-oscar-freire\/wp-content\/litespeed\/avatar\/e92a756db1fc224ef50d2f00ed0d047a.jpg?ver=1776898512\",\"contentUrl\":\"https:\/\/www.encontrajardins.com.br\/rua-oscar-freire\/wp-content\/litespeed\/avatar\/e92a756db1fc224ef50d2f00ed0d047a.jpg?ver=1776898512\",\"caption\":\"Encontra Rua Oscar Freire\"},\"url\":\"https:\/\/www.encontrajardins.com.br\/rua-oscar-freire\/author\/rua-oscar-freire\/\"}]}<\/script>\n<!-- \/ Yoast SEO plugin. -->","yoast_head_json":{"title":"Veja como \u00e9 por dentro de pr\u00e9dio invadido nos Jardins com risco de ru\u00edna | Guia Rua Oscar Freire SP","robots":{"index":"index","follow":"follow","max-snippet":"max-snippet:-1","max-image-preview":"max-image-preview:large","max-video-preview":"max-video-preview:-1"},"canonical":"https:\/\/www.encontrajardins.com.br\/rua-oscar-freire\/veja-como-e-por-dentro-de-predio-invadido-nos-jardins-com-risco-de-ruina\/","og_locale":"pt_BR","og_type":"article","og_title":"Veja como \u00e9 por dentro de pr\u00e9dio invadido nos Jardins com risco de ru\u00edna | Guia Rua Oscar Freire SP","og_description":"Veja o que h\u00e1 por dentro de pr\u00e9dio invadido nos Jardins e o risco de ru\u00edna!","og_url":"https:\/\/www.encontrajardins.com.br\/rua-oscar-freire\/veja-como-e-por-dentro-de-predio-invadido-nos-jardins-com-risco-de-ruina\/","og_site_name":"Guia Rua Oscar Freire SP","article_published_time":"2026-04-16T20:58:31+00:00","og_image":[{"url":"https:\/\/www.encontrajardins.com.br\/rua-oscar-freire\/wp-content\/uploads\/2026\/04\/veja-como-e-por-dentro-de-predio-invadido-nos-jardins-com-risco-de-ruina.webp","type":"","width":"","height":""}],"author":"Encontra Rua Oscar Freire","twitter_card":"summary_large_image","twitter_misc":{"Escrito por":"Encontra Rua Oscar Freire","Est. tempo de leitura":"5 minutos"},"schema":{"@context":"https:\/\/schema.org","@graph":[{"@type":"WebPage","@id":"https:\/\/www.encontrajardins.com.br\/rua-oscar-freire\/veja-como-e-por-dentro-de-predio-invadido-nos-jardins-com-risco-de-ruina\/","url":"https:\/\/www.encontrajardins.com.br\/rua-oscar-freire\/veja-como-e-por-dentro-de-predio-invadido-nos-jardins-com-risco-de-ruina\/","name":"Veja como \u00e9 por dentro de pr\u00e9dio invadido nos Jardins com risco de ru\u00edna | Guia Rua Oscar Freire SP","isPartOf":{"@id":"https:\/\/www.encontrajardins.com.br\/rua-oscar-freire\/#website"},"primaryImageOfPage":{"@id":"https:\/\/www.encontrajardins.com.br\/rua-oscar-freire\/veja-como-e-por-dentro-de-predio-invadido-nos-jardins-com-risco-de-ruina\/#primaryimage"},"image":{"@id":"https:\/\/www.encontrajardins.com.br\/rua-oscar-freire\/veja-como-e-por-dentro-de-predio-invadido-nos-jardins-com-risco-de-ruina\/#primaryimage"},"thumbnailUrl":"https:\/\/www.encontrajardins.com.br\/rua-oscar-freire\/wp-content\/uploads\/2026\/04\/veja-como-e-por-dentro-de-predio-invadido-nos-jardins-com-risco-de-ruina.webp","datePublished":"2026-04-16T20:58:31+00:00","author":{"@id":"https:\/\/www.encontrajardins.com.br\/rua-oscar-freire\/#\/schema\/person\/3166ca84b756e32f4dc9083fad9c8b59"},"inLanguage":"pt-BR","potentialAction":[{"@type":"ReadAction","target":["https:\/\/www.encontrajardins.com.br\/rua-oscar-freire\/veja-como-e-por-dentro-de-predio-invadido-nos-jardins-com-risco-de-ruina\/"]}]},{"@type":"ImageObject","inLanguage":"pt-BR","@id":"https:\/\/www.encontrajardins.com.br\/rua-oscar-freire\/veja-como-e-por-dentro-de-predio-invadido-nos-jardins-com-risco-de-ruina\/#primaryimage","url":"https:\/\/www.encontrajardins.com.br\/rua-oscar-freire\/wp-content\/uploads\/2026\/04\/veja-como-e-por-dentro-de-predio-invadido-nos-jardins-com-risco-de-ruina.webp","contentUrl":"https:\/\/www.encontrajardins.com.br\/rua-oscar-freire\/wp-content\/uploads\/2026\/04\/veja-como-e-por-dentro-de-predio-invadido-nos-jardins-com-risco-de-ruina.webp","width":280,"height":280,"caption":"pr\u00e9dio invadido nos Jardins"},{"@type":"WebSite","@id":"https:\/\/www.encontrajardins.com.br\/rua-oscar-freire\/#website","url":"https:\/\/www.encontrajardins.com.br\/rua-oscar-freire\/","name":"Guia Rua Oscar Freire SP","description":"GUIA RUA OSCAR FREIRE - O guia comercial de neg\u00f3cios e empresas, cultura e divers\u00e3o na rua Oscar Freire. Feito 100% para voc\u00ea morador!","potentialAction":[{"@type":"SearchAction","target":{"@type":"EntryPoint","urlTemplate":"https:\/\/www.encontrajardins.com.br\/rua-oscar-freire\/?s={search_term_string}"},"query-input":{"@type":"PropertyValueSpecification","valueRequired":true,"valueName":"search_term_string"}}],"inLanguage":"pt-BR"},{"@type":"Person","@id":"https:\/\/www.encontrajardins.com.br\/rua-oscar-freire\/#\/schema\/person\/3166ca84b756e32f4dc9083fad9c8b59","name":"Encontra Rua Oscar Freire","image":{"@type":"ImageObject","inLanguage":"pt-BR","@id":"https:\/\/www.encontrajardins.com.br\/rua-oscar-freire\/#\/schema\/person\/image\/","url":"https:\/\/www.encontrajardins.com.br\/rua-oscar-freire\/wp-content\/litespeed\/avatar\/e92a756db1fc224ef50d2f00ed0d047a.jpg?ver=1776898512","contentUrl":"https:\/\/www.encontrajardins.com.br\/rua-oscar-freire\/wp-content\/litespeed\/avatar\/e92a756db1fc224ef50d2f00ed0d047a.jpg?ver=1776898512","caption":"Encontra Rua Oscar Freire"},"url":"https:\/\/www.encontrajardins.com.br\/rua-oscar-freire\/author\/rua-oscar-freire\/"}]}},"_links":{"self":[{"href":"https:\/\/www.encontrajardins.com.br\/rua-oscar-freire\/wp-json\/wp\/v2\/posts\/4421","targetHints":{"allow":["GET"]}}],"collection":[{"href":"https:\/\/www.encontrajardins.com.br\/rua-oscar-freire\/wp-json\/wp\/v2\/posts"}],"about":[{"href":"https:\/\/www.encontrajardins.com.br\/rua-oscar-freire\/wp-json\/wp\/v2\/types\/post"}],"author":[{"embeddable":true,"href":"https:\/\/www.encontrajardins.com.br\/rua-oscar-freire\/wp-json\/wp\/v2\/users\/1"}],"replies":[{"embeddable":true,"href":"https:\/\/www.encontrajardins.com.br\/rua-oscar-freire\/wp-json\/wp\/v2\/comments?post=4421"}],"version-history":[{"count":0,"href":"https:\/\/www.encontrajardins.com.br\/rua-oscar-freire\/wp-json\/wp\/v2\/posts\/4421\/revisions"}],"wp:featuredmedia":[{"embeddable":true,"href":"https:\/\/www.encontrajardins.com.br\/rua-oscar-freire\/wp-json\/wp\/v2\/media\/4420"}],"wp:attachment":[{"href":"https:\/\/www.encontrajardins.com.br\/rua-oscar-freire\/wp-json\/wp\/v2\/media?parent=4421"}],"wp:term":[{"taxonomy":"category","embeddable":true,"href":"https:\/\/www.encontrajardins.com.br\/rua-oscar-freire\/wp-json\/wp\/v2\/categories?post=4421"},{"taxonomy":"post_tag","embeddable":true,"href":"https:\/\/www.encontrajardins.com.br\/rua-oscar-freire\/wp-json\/wp\/v2\/tags?post=4421"}],"curies":[{"name":"wp","href":"https:\/\/api.w.org\/{rel}","templated":true}]}}