{"id":4452,"date":"2026-04-23T17:43:44","date_gmt":"2026-04-23T20:43:44","guid":{"rendered":"https:\/\/www.encontrajardins.com.br\/rua-oscar-freire\/inscreva\/"},"modified":"2026-04-23T17:43:44","modified_gmt":"2026-04-23T20:43:44","slug":"inscreva","status":"publish","type":"post","link":"https:\/\/www.encontrajardins.com.br\/rua-oscar-freire\/inscreva\/","title":{"rendered":"Inscreva"},"content":{"rendered":"<h2>O que Esperar do 20\u00ba Semin\u00e1rio Pais&#038;Filhos<\/h2>\n<p>O 20\u00ba Semin\u00e1rio Pais&#038;Filhos, cujo slogan \u00e9 \u201cSer feliz agora\u201d, promete ser um evento enriquecedor para todos os participantes. Realizado no dia 27 de maio de 2026, este semin\u00e1rio acontecer\u00e1 no Unibes Cultural, uma localidade conhecida por promover cultura e aprendizado em S\u00e3o Paulo. Com uma programa\u00e7\u00e3o repleta de palestras instigantes, discuss\u00f5es e mesas-redondas, o evento busca propiciar um dia de aprendizado e troca de experi\u00eancias em um ambiente acolhedor.<\/p>\n<p>Os participantes ter\u00e3o a oportunidade de ouvir e interagir com renomados especialistas que compartilhar\u00e3o suas perspectivas e experi\u00eancias sobre a parentalidade, desenvolvimento infantil e a constru\u00e7\u00e3o de redes de apoio essenciais para o bem-estar familiar. Prepare-se para um dia repleto de insights e reflex\u00f5es valiosas.<\/p>\n<h2>Como Fazer Sua Inscri\u00e7\u00e3o<\/h2>\n<p>Cadastrar-se para o 20\u00ba Semin\u00e1rio Pais&#038;Filhos \u00e9 simples. Siga o guia passo a passo abaixo para garantir sua presen\u00e7a:<\/p>\n<p><img decoding=\"async\" src=\"https:\/\/www.encontrajardins.com.br\/rua-oscar-freire\/wp-content\/uploads\/2026\/04\/inscreva.webp\" alt=\"20\u00ba Semin\u00e1rio Pais&#038;Filhos\" loading=\"lazy\" \/><\/p>\n<ul>\n<li>Acesse o site do evento clicando <strong><a href=\"https:\/\/beta.sympla.com.br\/evento\/20-seminario-pais-filhos-ser-feliz-agora\/3364679?share_id=copiarlink\">aqui<\/a><\/strong>.<\/li>\n<li>Clique em \u201cComprar Ingressos\u201d que se encontra no canto direito da tela.<\/li>\n<li>Defina a quantidade de ingressos desejados. Se tiver um c\u00f3digo promocional, aproveite para inseri-lo.<\/li>\n<li>Preencha suas informa\u00e7\u00f5es: nome completo, data de nascimento, g\u00eanero, e-mail e telefone.<\/li>\n<li>Escolha o m\u00e9todo de pagamento que preferir.<\/li>\n<li>Clique em \u201cFinalizar\u201d e aguarde a confirma\u00e7\u00e3o que ser\u00e1 enviada para seu e-mail.<\/li>\n<\/ul>\n<p>Ap\u00f3s completar a inscri\u00e7\u00e3o, \u00e9 s\u00f3 aguardar o grande dia e preparar-se para um evento que promete ser transformador!<\/p>\n<h2>Data e Local do Evento<\/h2>\n<p>Os detalhes importantes para o 20\u00ba Semin\u00e1rio Pais&#038;Filhos s\u00e3o:<\/p>\n<ul>\n<li><strong>Data:<\/strong> 27 de maio de 2026<\/li>\n<li><strong>Hor\u00e1rio:<\/strong> In\u00edcio \u00e0s 9h, com abertura dos port\u00f5es<\/li>\n<li><strong>Local:<\/strong> Unibes Cultural, Rua Oscar Freire, n\u00b02500, S\u00e3o Paulo<\/li>\n<\/ul>\n<p>N\u00e3o perca a chance de se inscrever e participar desse momento \u00fanico!<\/p>\n<h2>Palestrantes Confirmados<\/h2>\n<p>O evento contar\u00e1 com a presen\u00e7a de diversos palestrantes de destaque na \u00e1rea da educa\u00e7\u00e3o e psicologia. Entre os nomes confirmados est\u00e3o:<\/p>\n<ul>\n<li>Christian Dunker<\/li>\n<li>Isa Minatel<\/li>\n<li>Thiago Godoy<\/li>\n<li>Ana Carolina Oliveira<\/li>\n<li>Nat\u00e1lia Lopes<\/li>\n<li>Tiago Pessoa<\/li>\n<li>Paulo Tardivo<\/li>\n<\/ul>\n<p>Esses profissionais trar\u00e3o experi\u00eancias ricas e valiosas, proporcionando um profundo entendimento sobre a import\u00e2ncia da felicidade no contexto familiar.<\/p>\n<h2>Import\u00e2ncia da Rede de Apoio<\/h2>\n<p>Um dos temas centrais do semin\u00e1rio ser\u00e1 a relev\u00e2ncia da constru\u00e7\u00e3o de redes de apoio. Fam\u00edlias e cuidadores s\u00e3o incentivados a buscar suporte entre si, pois isso pode levar a um ambiente mais acolhedor e saud\u00e1vel. A troca de experi\u00eancias e conhecimentos entre os pais pode resultar em um grande aprendizado m\u00fatuo, aprimorando as habilidades parentais e fortalecendo la\u00e7os comunit\u00e1rios.<\/p>\n<p>Cultivar rela\u00e7\u00f5es com outras fam\u00edlias e profissionais pode ajudar a enfrentar desafios comuns e compartilhar estrat\u00e9gias efetivas para lidarem com as diversas dificuldades que surgem durante a cria\u00e7\u00e3o de filhos. O semin\u00e1rio ser\u00e1 uma oportunidade excelente para come\u00e7ar a construir ou fortalecer essas conex\u00f5es.<\/p>\n<h2>Momentos de Aprendizado e Reflex\u00e3o<\/h2>\n<p>Durante o semin\u00e1rio, espere momentos de reflex\u00e3o profunda sobre o que significa ser feliz e como alcan\u00e7ar esse estado. Os palestrantes ir\u00e3o instigar a audi\u00eancia a pensar sobre suas pr\u00f3prias experi\u00eancias e desafios, promovendo um ambiente prop\u00edcio para o crescimento pessoal e coletivo.<\/p>\n<p>Essas reflex\u00f5es s\u00e3o fundamentais para que cada participante consiga identificar \u00e1reas em suas vidas e relacionamentos que podem ser aprimoradas, transformando o aprendizado recebido em a\u00e7\u00f5es concretas em seu dia a dia.<\/p>\n<h2>Atividades Planejadas para o Evento<\/h2>\n<p>O 20\u00ba Semin\u00e1rio Pais&#038;Filhos ter\u00e1 uma variedade de atividades programadas, que incluir\u00e3o:<\/p>\n<ul>\n<li>Palestras inspiradoras com l\u00edderes de pensamento nas \u00e1reas de psicologia e pedagogia.<\/li>\n<li>Mesas-redondas para discuss\u00f5es interativas entre palestrantes e participantes.<\/li>\n<li>Atividades pr\u00e1ticas que ajudar\u00e3o os participantes a aplicar o conhecimento adquirido diretamente em suas vidas.<\/li>\n<li>Oportunidades para networking com outros pais e profissionais do setor.<\/li>\n<\/ul>\n<p>A diversidade das atividades foi pensada para engajar todos os participantes, garantindo que cada um leve algo valioso para casa.<\/p>\n<h2>Hist\u00f3rias Inspiradoras de Participantes Anteriores<\/h2>\n<p>Eventos anteriores do Semin\u00e1rio Pais&#038;Filhos contaram com muitas hist\u00f3rias tocantes de participantes que encontraram apoio e inspira\u00e7\u00e3o. Muitas fam\u00edlias se sentiram mais unidas ap\u00f3s fazerem parte desses semin\u00e1rios, e diversas pessoas relataram mudan\u00e7as significativas na forma como encaram os desafios da parentalidade.<\/p>\n<p>Esses relatos mostram o impacto positivo que a partilha de experi\u00eancias pode ter na vida de cada um, refor\u00e7ando a ideia de que n\u00e3o estamos sozinhos em nossa jornada. O semin\u00e1rio servir\u00e1 como um novo cap\u00edtulo para que mais hist\u00f3rias inspiradoras sejam escritas.<\/p>\n<h2>Dicas para Aproveitar ao M\u00e1ximo<\/h2>\n<p>Ao participar do 20\u00ba Semin\u00e1rio Pais&#038;Filhos, considere as seguintes dicas para maximizar sua experi\u00eancia:<\/p>\n<ul>\n<li>Venha aberto(a) a novas ideias e experi\u00eancias. A receptividade ajudar\u00e1 na absor\u00e7\u00e3o do conhecimento.<\/li>\n<li>Conecte-se com outros participantes e palestrantes. O networking pode gerar boas rela\u00e7\u00f5es e parcerias.<\/li>\n<li>Leve um caderno ou dispositivo para anota\u00e7\u00f5es. Capturar insights importantes pode ser extremamente valioso.<\/li>\n<li>Participe ativamente das discuss\u00f5es. Seus coment\u00e1rios podem enriquecer a conversa e trazer novas perspectivas.<\/li>\n<\/ul>\n<p>Adotar essas pr\u00e1ticas pode transformar sua experi\u00eancia em algo ainda mais enriquecedor e memor\u00e1vel.<\/p>\n<h2>Compartilhe com Outros Pais!<\/h2>\n<p>Ap\u00f3s o evento, aproveite para compartilhar as li\u00e7\u00f5es aprendidas e insights com outros pais e familiares. Discutir o que foi aprendido tamb\u00e9m contribuir\u00e1 para refor\u00e7ar seu aprendizado e inspirar outras pessoas a participarem de futuros semin\u00e1rios e eventos.<\/p>\n<p>Se voc\u00ea conhece algu\u00e9m que tamb\u00e9m se beneficiaria com a participa\u00e7\u00e3o, incentive-os a se inscrever. A troca de conhecimentos e experi\u00eancias \u00e9 o que torna esses encontros t\u00e3o significativos e impactantes.<\/p>\n","protected":false},"excerpt":{"rendered":"<p>Inscreva-se no 20\u00ba Semin\u00e1rio Pais&#038;Filhos e fortale\u00e7a sua rela\u00e7\u00e3o familiar!<\/p>\n","protected":false},"author":1,"featured_media":4451,"comment_status":"open","ping_status":"open","sticky":false,"template":"","format":"standard","meta":{"footnotes":""},"categories":[5],"tags":[],"class_list":["post-4452","post","type-post","status-publish","format-standard","has-post-thumbnail","hentry","category-noticias","has_thumb"],"yoast_head":"<!-- This site is optimized with the Yoast SEO plugin v26.6 - https:\/\/yoast.com\/wordpress\/plugins\/seo\/ -->\n<title>Inscreva | Guia Rua Oscar Freire SP<\/title>\n<meta name=\"robots\" content=\"index, follow, max-snippet:-1, max-image-preview:large, max-video-preview:-1\" \/>\n<link rel=\"canonical\" href=\"https:\/\/www.encontrajardins.com.br\/rua-oscar-freire\/inscreva\/\" \/>\n<meta property=\"og:locale\" content=\"pt_BR\" \/>\n<meta property=\"og:type\" content=\"article\" \/>\n<meta property=\"og:title\" content=\"Inscreva | Guia Rua Oscar Freire SP\" \/>\n<meta property=\"og:description\" content=\"Inscreva-se no 20\u00ba Semin\u00e1rio Pais&amp;Filhos e fortale\u00e7a sua rela\u00e7\u00e3o familiar!\" \/>\n<meta property=\"og:url\" content=\"https:\/\/www.encontrajardins.com.br\/rua-oscar-freire\/inscreva\/\" \/>\n<meta property=\"og:site_name\" content=\"Guia Rua Oscar Freire SP\" \/>\n<meta property=\"article:published_time\" content=\"2026-04-23T20:43:44+00:00\" \/>\n<meta property=\"og:image\" content=\"https:\/\/www.encontrajardins.com.br\/rua-oscar-freire\/wp-content\/uploads\/2026\/04\/inscreva.webp\" \/>\n<meta name=\"author\" content=\"Encontra Rua Oscar Freire\" \/>\n<meta name=\"twitter:card\" content=\"summary_large_image\" \/>\n<meta name=\"twitter:label1\" content=\"Escrito por\" \/>\n\t<meta name=\"twitter:data1\" content=\"Encontra Rua Oscar Freire\" \/>\n\t<meta name=\"twitter:label2\" content=\"Est. tempo de leitura\" \/>\n\t<meta name=\"twitter:data2\" content=\"5 minutos\" \/>\n<script type=\"application\/ld+json\" class=\"yoast-schema-graph\">{\"@context\":\"https:\/\/schema.org\",\"@graph\":[{\"@type\":\"WebPage\",\"@id\":\"https:\/\/www.encontrajardins.com.br\/rua-oscar-freire\/inscreva\/\",\"url\":\"https:\/\/www.encontrajardins.com.br\/rua-oscar-freire\/inscreva\/\",\"name\":\"Inscreva | Guia Rua Oscar Freire SP\",\"isPartOf\":{\"@id\":\"https:\/\/www.encontrajardins.com.br\/rua-oscar-freire\/#website\"},\"primaryImageOfPage\":{\"@id\":\"https:\/\/www.encontrajardins.com.br\/rua-oscar-freire\/inscreva\/#primaryimage\"},\"image\":{\"@id\":\"https:\/\/www.encontrajardins.com.br\/rua-oscar-freire\/inscreva\/#primaryimage\"},\"thumbnailUrl\":\"https:\/\/www.encontrajardins.com.br\/rua-oscar-freire\/wp-content\/uploads\/2026\/04\/inscreva.webp\",\"datePublished\":\"2026-04-23T20:43:44+00:00\",\"author\":{\"@id\":\"https:\/\/www.encontrajardins.com.br\/rua-oscar-freire\/#\/schema\/person\/3166ca84b756e32f4dc9083fad9c8b59\"},\"inLanguage\":\"pt-BR\",\"potentialAction\":[{\"@type\":\"ReadAction\",\"target\":[\"https:\/\/www.encontrajardins.com.br\/rua-oscar-freire\/inscreva\/\"]}]},{\"@type\":\"ImageObject\",\"inLanguage\":\"pt-BR\",\"@id\":\"https:\/\/www.encontrajardins.com.br\/rua-oscar-freire\/inscreva\/#primaryimage\",\"url\":\"https:\/\/www.encontrajardins.com.br\/rua-oscar-freire\/wp-content\/uploads\/2026\/04\/inscreva.webp\",\"contentUrl\":\"https:\/\/www.encontrajardins.com.br\/rua-oscar-freire\/wp-content\/uploads\/2026\/04\/inscreva.webp\",\"width\":280,\"height\":280,\"caption\":\"20\u00ba Semin\u00e1rio Pais&Filhos\"},{\"@type\":\"WebSite\",\"@id\":\"https:\/\/www.encontrajardins.com.br\/rua-oscar-freire\/#website\",\"url\":\"https:\/\/www.encontrajardins.com.br\/rua-oscar-freire\/\",\"name\":\"Guia Rua Oscar Freire SP\",\"description\":\"GUIA RUA OSCAR FREIRE - O guia comercial de neg\u00f3cios e empresas, cultura e divers\u00e3o na rua Oscar Freire. Feito 100% para voc\u00ea morador!\",\"potentialAction\":[{\"@type\":\"SearchAction\",\"target\":{\"@type\":\"EntryPoint\",\"urlTemplate\":\"https:\/\/www.encontrajardins.com.br\/rua-oscar-freire\/?s={search_term_string}\"},\"query-input\":{\"@type\":\"PropertyValueSpecification\",\"valueRequired\":true,\"valueName\":\"search_term_string\"}}],\"inLanguage\":\"pt-BR\"},{\"@type\":\"Person\",\"@id\":\"https:\/\/www.encontrajardins.com.br\/rua-oscar-freire\/#\/schema\/person\/3166ca84b756e32f4dc9083fad9c8b59\",\"name\":\"Encontra Rua Oscar Freire\",\"image\":{\"@type\":\"ImageObject\",\"inLanguage\":\"pt-BR\",\"@id\":\"https:\/\/www.encontrajardins.com.br\/rua-oscar-freire\/#\/schema\/person\/image\/\",\"url\":\"https:\/\/www.encontrajardins.com.br\/rua-oscar-freire\/wp-content\/litespeed\/avatar\/e92a756db1fc224ef50d2f00ed0d047a.jpg?ver=1776898512\",\"contentUrl\":\"https:\/\/www.encontrajardins.com.br\/rua-oscar-freire\/wp-content\/litespeed\/avatar\/e92a756db1fc224ef50d2f00ed0d047a.jpg?ver=1776898512\",\"caption\":\"Encontra Rua Oscar Freire\"},\"url\":\"https:\/\/www.encontrajardins.com.br\/rua-oscar-freire\/author\/rua-oscar-freire\/\"}]}<\/script>\n<!-- \/ Yoast SEO plugin. -->","yoast_head_json":{"title":"Inscreva | Guia Rua Oscar Freire SP","robots":{"index":"index","follow":"follow","max-snippet":"max-snippet:-1","max-image-preview":"max-image-preview:large","max-video-preview":"max-video-preview:-1"},"canonical":"https:\/\/www.encontrajardins.com.br\/rua-oscar-freire\/inscreva\/","og_locale":"pt_BR","og_type":"article","og_title":"Inscreva | Guia Rua Oscar Freire SP","og_description":"Inscreva-se no 20\u00ba Semin\u00e1rio Pais&Filhos e fortale\u00e7a sua rela\u00e7\u00e3o familiar!","og_url":"https:\/\/www.encontrajardins.com.br\/rua-oscar-freire\/inscreva\/","og_site_name":"Guia Rua Oscar Freire SP","article_published_time":"2026-04-23T20:43:44+00:00","og_image":[{"url":"https:\/\/www.encontrajardins.com.br\/rua-oscar-freire\/wp-content\/uploads\/2026\/04\/inscreva.webp","type":"","width":"","height":""}],"author":"Encontra Rua Oscar Freire","twitter_card":"summary_large_image","twitter_misc":{"Escrito por":"Encontra Rua Oscar Freire","Est. tempo de leitura":"5 minutos"},"schema":{"@context":"https:\/\/schema.org","@graph":[{"@type":"WebPage","@id":"https:\/\/www.encontrajardins.com.br\/rua-oscar-freire\/inscreva\/","url":"https:\/\/www.encontrajardins.com.br\/rua-oscar-freire\/inscreva\/","name":"Inscreva | Guia Rua Oscar Freire SP","isPartOf":{"@id":"https:\/\/www.encontrajardins.com.br\/rua-oscar-freire\/#website"},"primaryImageOfPage":{"@id":"https:\/\/www.encontrajardins.com.br\/rua-oscar-freire\/inscreva\/#primaryimage"},"image":{"@id":"https:\/\/www.encontrajardins.com.br\/rua-oscar-freire\/inscreva\/#primaryimage"},"thumbnailUrl":"https:\/\/www.encontrajardins.com.br\/rua-oscar-freire\/wp-content\/uploads\/2026\/04\/inscreva.webp","datePublished":"2026-04-23T20:43:44+00:00","author":{"@id":"https:\/\/www.encontrajardins.com.br\/rua-oscar-freire\/#\/schema\/person\/3166ca84b756e32f4dc9083fad9c8b59"},"inLanguage":"pt-BR","potentialAction":[{"@type":"ReadAction","target":["https:\/\/www.encontrajardins.com.br\/rua-oscar-freire\/inscreva\/"]}]},{"@type":"ImageObject","inLanguage":"pt-BR","@id":"https:\/\/www.encontrajardins.com.br\/rua-oscar-freire\/inscreva\/#primaryimage","url":"https:\/\/www.encontrajardins.com.br\/rua-oscar-freire\/wp-content\/uploads\/2026\/04\/inscreva.webp","contentUrl":"https:\/\/www.encontrajardins.com.br\/rua-oscar-freire\/wp-content\/uploads\/2026\/04\/inscreva.webp","width":280,"height":280,"caption":"20\u00ba Semin\u00e1rio Pais&Filhos"},{"@type":"WebSite","@id":"https:\/\/www.encontrajardins.com.br\/rua-oscar-freire\/#website","url":"https:\/\/www.encontrajardins.com.br\/rua-oscar-freire\/","name":"Guia Rua Oscar Freire SP","description":"GUIA RUA OSCAR FREIRE - O guia comercial de neg\u00f3cios e empresas, cultura e divers\u00e3o na rua Oscar Freire. Feito 100% para voc\u00ea morador!","potentialAction":[{"@type":"SearchAction","target":{"@type":"EntryPoint","urlTemplate":"https:\/\/www.encontrajardins.com.br\/rua-oscar-freire\/?s={search_term_string}"},"query-input":{"@type":"PropertyValueSpecification","valueRequired":true,"valueName":"search_term_string"}}],"inLanguage":"pt-BR"},{"@type":"Person","@id":"https:\/\/www.encontrajardins.com.br\/rua-oscar-freire\/#\/schema\/person\/3166ca84b756e32f4dc9083fad9c8b59","name":"Encontra Rua Oscar Freire","image":{"@type":"ImageObject","inLanguage":"pt-BR","@id":"https:\/\/www.encontrajardins.com.br\/rua-oscar-freire\/#\/schema\/person\/image\/","url":"https:\/\/www.encontrajardins.com.br\/rua-oscar-freire\/wp-content\/litespeed\/avatar\/e92a756db1fc224ef50d2f00ed0d047a.jpg?ver=1776898512","contentUrl":"https:\/\/www.encontrajardins.com.br\/rua-oscar-freire\/wp-content\/litespeed\/avatar\/e92a756db1fc224ef50d2f00ed0d047a.jpg?ver=1776898512","caption":"Encontra Rua Oscar Freire"},"url":"https:\/\/www.encontrajardins.com.br\/rua-oscar-freire\/author\/rua-oscar-freire\/"}]}},"_links":{"self":[{"href":"https:\/\/www.encontrajardins.com.br\/rua-oscar-freire\/wp-json\/wp\/v2\/posts\/4452","targetHints":{"allow":["GET"]}}],"collection":[{"href":"https:\/\/www.encontrajardins.com.br\/rua-oscar-freire\/wp-json\/wp\/v2\/posts"}],"about":[{"href":"https:\/\/www.encontrajardins.com.br\/rua-oscar-freire\/wp-json\/wp\/v2\/types\/post"}],"author":[{"embeddable":true,"href":"https:\/\/www.encontrajardins.com.br\/rua-oscar-freire\/wp-json\/wp\/v2\/users\/1"}],"replies":[{"embeddable":true,"href":"https:\/\/www.encontrajardins.com.br\/rua-oscar-freire\/wp-json\/wp\/v2\/comments?post=4452"}],"version-history":[{"count":0,"href":"https:\/\/www.encontrajardins.com.br\/rua-oscar-freire\/wp-json\/wp\/v2\/posts\/4452\/revisions"}],"wp:featuredmedia":[{"embeddable":true,"href":"https:\/\/www.encontrajardins.com.br\/rua-oscar-freire\/wp-json\/wp\/v2\/media\/4451"}],"wp:attachment":[{"href":"https:\/\/www.encontrajardins.com.br\/rua-oscar-freire\/wp-json\/wp\/v2\/media?parent=4452"}],"wp:term":[{"taxonomy":"category","embeddable":true,"href":"https:\/\/www.encontrajardins.com.br\/rua-oscar-freire\/wp-json\/wp\/v2\/categories?post=4452"},{"taxonomy":"post_tag","embeddable":true,"href":"https:\/\/www.encontrajardins.com.br\/rua-oscar-freire\/wp-json\/wp\/v2\/tags?post=4452"}],"curies":[{"name":"wp","href":"https:\/\/api.w.org\/{rel}","templated":true}]}}