{"id":4959,"date":"2026-08-30T03:11:48","date_gmt":"2026-08-30T06:11:48","guid":{"rendered":"https:\/\/www.encontrajardins.com.br\/rua-oscar-freire\/associacao-comercial-de-aracatuba-propoe-abertura-do-calcadao-a-prefeitura-intencao-e-otimizar-o-movimento-no-espaco\/"},"modified":"2026-08-30T03:11:48","modified_gmt":"2026-08-30T06:11:48","slug":"associacao-comercial-de-aracatuba-propoe-abertura-do-calcadao-a-prefeitura-intencao-e-otimizar-o-movimento-no-espaco","status":"publish","type":"post","link":"https:\/\/www.encontrajardins.com.br\/rua-oscar-freire\/associacao-comercial-de-aracatuba-propoe-abertura-do-calcadao-a-prefeitura-intencao-e-otimizar-o-movimento-no-espaco\/","title":{"rendered":"Associa\u00e7\u00e3o Comercial de Ara\u00e7atuba prop\u00f5e abertura do cal\u00e7ad\u00e3o \u00e0 prefeitura; inten\u00e7\u00e3o \u00e9 otimizar o movimento no espa\u00e7o"},"content":{"rendered":"<h2>O que \u00e9 a Proposta da ACIA?<\/h2>\n<p>A Associa\u00e7\u00e3o Comercial e Industrial de Ara\u00e7atuba (ACIA) est\u00e1 propondo \u00e0 prefeitura a abertura do cal\u00e7ad\u00e3o da cidade. Esta iniciativa visa aumentar o movimento no principal corredor comercial, proporcionando uma melhoria significativa na circula\u00e7\u00e3o de pessoas e ve\u00edculos. O presidente da ACIA, Marcelo Fernandes Rocha, apresentou essa sugest\u00e3o durante uma reuni\u00e3o que envolveu representantes do com\u00e9rcio local e autoridades municipais.<\/p>\n<h2>Como o Cal\u00e7ad\u00e3o Pode Ser Alterado?<\/h2>\n<p>A proposta consiste em criar duas passagens que permitam a circula\u00e7\u00e3o de ve\u00edculos, que seriam localizadas em pontos estrat\u00e9gicos do cal\u00e7ad\u00e3o. A primeira passagem se iniciaria na Rua Marechal Deodoro, pr\u00f3xima \u00e0 Pra\u00e7a Rui Barbosa, seguindo pela Rua Princesa Isabel at\u00e9 a Avenida dos Ara\u00e7\u00e1s. A segunda passagem seria feita na Rua Duque de Caxias, onde os motoristas poderiam acessar a Marechal Deodoro, facilitando o fluxo de tr\u00e1fego na \u00e1rea.<\/p>\n<h2>Benef\u00edcios da Abertura do Cal\u00e7ad\u00e3o<\/h2>\n<p>Os benef\u00edcios da abertura do cal\u00e7ad\u00e3o s\u00e3o diversos e impactariam positivamente o com\u00e9rcio local. Entre os principais benef\u00edcios est\u00e3o:<\/p>\n<p><img decoding=\"async\" src=\"https:\/\/www.encontrajardins.com.br\/rua-oscar-freire\/wp-content\/uploads\/2026\/08\/associacao-comercial-de-aracatuba-propoe-abertura-do-calcadao-a-prefeitura-intencao-e-otimizar-o-mov.webp\" alt=\"cal\u00e7ad\u00e3o de Ara\u00e7atuba\" loading=\"lazy\" \/><\/p>\n<ul>\n<li><strong>Aumento no Fluxo de Clientes:<\/strong> Com os ve\u00edculos podendo transitar no cal\u00e7ad\u00e3o, haver\u00e1 um incremento no n\u00famero de pessoas acessando os estabelecimentos.<\/li>\n<li><strong>Valoriza\u00e7\u00e3o do Com\u00e9rcio Local:<\/strong> A maior circula\u00e7\u00e3o pode levar a um aumento nas vendas, beneficiando os comerciantes.<\/li>\n<li><strong>Espa\u00e7o Inspirador:<\/strong> A proposta se inspira no modelo da Rua Oscar Freire, em S\u00e3o Paulo, um exemplo de sucesso em atratividade comercial.<\/li>\n<\/ul>\n<h2>Impacto no Com\u00e9rcio Local<\/h2>\n<p>Com a proposta de abrir o cal\u00e7ad\u00e3o, espera-se que o com\u00e9rcio de Ara\u00e7atuba ganhe um novo f\u00f4lego. A ideia \u00e9 revitalizar a \u00e1rea, especialmente em per\u00edodos sem festividades, quando o movimento tende a ser menor. O aumento na circula\u00e7\u00e3o pode incentivar consumidores de outras localidades a visitarem a cidade, aumentandorespectivamente as vendas.<\/p>\n<h2>Compara\u00e7\u00e3o com Outros Modelos de Cal\u00e7ad\u00f5es<\/h2>\n<p>Comparando o cal\u00e7ad\u00e3o de Ara\u00e7atuba com outros exemplos de cal\u00e7ad\u00f5es urbanos como a Rua Oscar Freire, notamos que estes espa\u00e7os s\u00e3o projetados para facilitar a intera\u00e7\u00e3o social e comercial. A diferencia\u00e7\u00e3o principal reside na permiss\u00e3o de tr\u00e1fego, que pode ser uma chave para o sucesso, conforme demonstrado em outras cidades que j\u00e1 adotaram modelos semelhantes.<\/p>\n<h2>Opini\u00e3o do Prefeito sobre a Proposta<\/h2>\n<p>O Prefeito Lucas Zanatta, que esteve presente na reuni\u00e3o, demonstrou receptividade \u00e0 ideia e reconheceu a relev\u00e2ncia do com\u00e9rcio local. A abertura do cal\u00e7ad\u00e3o ser\u00e1 estudada mais a fundo, e um projeto que analise a viabilidade e os custos envolvidos dever\u00e1 ser elaborado.<\/p>\n<h2>Reuni\u00e3o com Representantes Comerciais<\/h2>\n<p>A reuni\u00e3o, al\u00e9m de contar com a presen\u00e7a do prefeito e do presidente da ACIA, tamb\u00e9m incluiu diversos representantes do com\u00e9rcio. Esses encontros s\u00e3o essenciais para garantir que a proposta atenda \u00e0s necessidades dos comerciantes e da comunidade. A colabora\u00e7\u00e3o entre governo e setores comerciais \u00e9 fundamental para o sucesso da iniciativa.<\/p>\n<h2>Ideias para Melhorar a Circula\u00e7\u00e3o no Cal\u00e7ad\u00e3o<\/h2>\n<p>Al\u00e9m da proposta espec\u00edfica da ACIA, mais estrat\u00e9gias foram levantadas para aprimorar o fluxo no cal\u00e7ad\u00e3o. Algumas sugest\u00f5es incluem:<br \/>\n&#8211; Cria\u00e7\u00e3o de faixas adicionais para pedestres;<br \/>\n&#8211; Implementa\u00e7\u00e3o de \u00e1reas de descanso;<\/p>\n<p>&#8211; Organiza\u00e7\u00e3o de eventos regulares que atraiam p\u00fablico para o espa\u00e7o.<\/p>\n<h2>Desafios da Implanta\u00e7\u00e3o da Nova Proposta<\/h2>\n<p>Atrav\u00e9s da abertura do cal\u00e7ad\u00e3o, alguns desafios podem surgir, entre eles:<br \/>\n&#8211; A adequa\u00e7\u00e3o da infraestrutura para suportar o tr\u00e1fego;<br \/>\n&#8211; A necessidade de conscientiza\u00e7\u00e3o sobre o funcionamento do novo modelo;<br \/>\n&#8211; A resist\u00eancia de alguns comerciantes que preferem o espa\u00e7o exclusivo para pedestres.<\/p>\n<h2>O Futuro do Cal\u00e7ad\u00e3o em Ara\u00e7atuba<\/h2>\n<p>A proposta da ACIA reflete um desejo de aprimorar a din\u00e2mica comercial em Ara\u00e7atuba e reintegrar o cal\u00e7ad\u00e3o como um espa\u00e7o vital para a cidade. Com os estudos e avalia\u00e7\u00f5es que seguir\u00e3o, a cidade poder\u00e1 dar um passo importante em dire\u00e7\u00e3o a um com\u00e9rcio mais vibrante e acess\u00edvel, promovendo n\u00e3o apenas vendas, mas tamb\u00e9m lazer e conviv\u00eancia entre os cidad\u00e3os.<\/p>\n","protected":false},"excerpt":{"rendered":"<p>Associa\u00e7\u00e3o Comercial de Ara\u00e7atuba prop\u00f5e abertura do cal\u00e7ad\u00e3o para aumentar o movimento local.<\/p>\n","protected":false},"author":1,"featured_media":4958,"comment_status":"open","ping_status":"open","sticky":false,"template":"","format":"standard","meta":{"footnotes":""},"categories":[5],"tags":[],"class_list":["post-4959","post","type-post","status-publish","format-standard","has-post-thumbnail","hentry","category-noticias","has_thumb"],"yoast_head":"<!-- This site is optimized with the Yoast SEO plugin v28.1 - https:\/\/yoast.com\/product\/yoast-seo-wordpress\/ -->\n<title>Associa\u00e7\u00e3o Comercial de Ara\u00e7atuba prop\u00f5e abertura do cal\u00e7ad\u00e3o \u00e0 prefeitura; inten\u00e7\u00e3o \u00e9 otimizar o movimento no espa\u00e7o | Guia Rua Oscar Freire SP<\/title>\n<meta name=\"robots\" content=\"index, follow, max-snippet:-1, max-image-preview:large, max-video-preview:-1\" \/>\n<link rel=\"canonical\" href=\"https:\/\/www.encontrajardins.com.br\/rua-oscar-freire\/associacao-comercial-de-aracatuba-propoe-abertura-do-calcadao-a-prefeitura-intencao-e-otimizar-o-movimento-no-espaco\/\" \/>\n<meta property=\"og:locale\" content=\"pt_BR\" \/>\n<meta property=\"og:type\" content=\"article\" \/>\n<meta property=\"og:title\" content=\"Associa\u00e7\u00e3o Comercial de Ara\u00e7atuba prop\u00f5e abertura do cal\u00e7ad\u00e3o \u00e0 prefeitura; inten\u00e7\u00e3o \u00e9 otimizar o movimento no espa\u00e7o | Guia Rua Oscar Freire SP\" \/>\n<meta property=\"og:description\" content=\"Associa\u00e7\u00e3o Comercial de Ara\u00e7atuba prop\u00f5e abertura do cal\u00e7ad\u00e3o para aumentar o movimento local.\" \/>\n<meta property=\"og:url\" content=\"https:\/\/www.encontrajardins.com.br\/rua-oscar-freire\/associacao-comercial-de-aracatuba-propoe-abertura-do-calcadao-a-prefeitura-intencao-e-otimizar-o-movimento-no-espaco\/\" \/>\n<meta property=\"og:site_name\" content=\"Guia Rua Oscar Freire SP\" \/>\n<meta property=\"article:published_time\" content=\"2026-08-30T06:11:48+00:00\" \/>\n<meta property=\"og:image\" content=\"https:\/\/www.encontrajardins.com.br\/rua-oscar-freire\/wp-content\/uploads\/2026\/08\/associacao-comercial-de-aracatuba-propoe-abertura-do-calcadao-a-prefeitura-intencao-e-otimizar-o-mov.webp\" \/>\n<meta name=\"author\" content=\"Encontra Rua Oscar Freire\" \/>\n<meta name=\"twitter:card\" content=\"summary_large_image\" \/>\n<meta name=\"twitter:label1\" content=\"Escrito por\" \/>\n\t<meta name=\"twitter:data1\" content=\"Encontra Rua Oscar Freire\" \/>\n\t<meta name=\"twitter:label2\" content=\"Est. tempo de leitura\" \/>\n\t<meta name=\"twitter:data2\" content=\"4 minutos\" \/>\n<script type=\"application\/ld+json\" class=\"yoast-schema-graph\">{\"@context\":\"https:\\\/\\\/schema.org\",\"@graph\":[{\"@type\":\"Article\",\"@id\":\"https:\\\/\\\/www.encontrajardins.com.br\\\/rua-oscar-freire\\\/associacao-comercial-de-aracatuba-propoe-abertura-do-calcadao-a-prefeitura-intencao-e-otimizar-o-movimento-no-espaco\\\/#article\",\"isPartOf\":{\"@id\":\"https:\\\/\\\/www.encontrajardins.com.br\\\/rua-oscar-freire\\\/associacao-comercial-de-aracatuba-propoe-abertura-do-calcadao-a-prefeitura-intencao-e-otimizar-o-movimento-no-espaco\\\/\"},\"author\":{\"name\":\"Encontra Rua Oscar Freire\",\"@id\":\"https:\\\/\\\/www.encontrajardins.com.br\\\/rua-oscar-freire\\\/#\\\/schema\\\/person\\\/3166ca84b756e32f4dc9083fad9c8b59\"},\"headline\":\"Associa\u00e7\u00e3o Comercial de Ara\u00e7atuba prop\u00f5e abertura do cal\u00e7ad\u00e3o \u00e0 prefeitura; inten\u00e7\u00e3o \u00e9 otimizar o movimento no espa\u00e7o\",\"datePublished\":\"2026-08-30T06:11:48+00:00\",\"mainEntityOfPage\":{\"@id\":\"https:\\\/\\\/www.encontrajardins.com.br\\\/rua-oscar-freire\\\/associacao-comercial-de-aracatuba-propoe-abertura-do-calcadao-a-prefeitura-intencao-e-otimizar-o-movimento-no-espaco\\\/\"},\"wordCount\":747,\"commentCount\":0,\"image\":{\"@id\":\"https:\\\/\\\/www.encontrajardins.com.br\\\/rua-oscar-freire\\\/associacao-comercial-de-aracatuba-propoe-abertura-do-calcadao-a-prefeitura-intencao-e-otimizar-o-movimento-no-espaco\\\/#primaryimage\"},\"thumbnailUrl\":\"https:\\\/\\\/www.encontrajardins.com.br\\\/rua-oscar-freire\\\/wp-content\\\/uploads\\\/2026\\\/08\\\/associacao-comercial-de-aracatuba-propoe-abertura-do-calcadao-a-prefeitura-intencao-e-otimizar-o-mov.webp\",\"articleSection\":[\"Not\u00edcias Rua Oscar Freire\"],\"inLanguage\":\"pt-BR\",\"potentialAction\":[{\"@type\":\"CommentAction\",\"name\":\"Comment\",\"target\":[\"https:\\\/\\\/www.encontrajardins.com.br\\\/rua-oscar-freire\\\/associacao-comercial-de-aracatuba-propoe-abertura-do-calcadao-a-prefeitura-intencao-e-otimizar-o-movimento-no-espaco\\\/#respond\"]}]},{\"@type\":\"WebPage\",\"@id\":\"https:\\\/\\\/www.encontrajardins.com.br\\\/rua-oscar-freire\\\/associacao-comercial-de-aracatuba-propoe-abertura-do-calcadao-a-prefeitura-intencao-e-otimizar-o-movimento-no-espaco\\\/\",\"url\":\"https:\\\/\\\/www.encontrajardins.com.br\\\/rua-oscar-freire\\\/associacao-comercial-de-aracatuba-propoe-abertura-do-calcadao-a-prefeitura-intencao-e-otimizar-o-movimento-no-espaco\\\/\",\"name\":\"Associa\u00e7\u00e3o Comercial de Ara\u00e7atuba prop\u00f5e abertura do cal\u00e7ad\u00e3o \u00e0 prefeitura; inten\u00e7\u00e3o \u00e9 otimizar o movimento no espa\u00e7o | Guia Rua Oscar Freire SP\",\"isPartOf\":{\"@id\":\"https:\\\/\\\/www.encontrajardins.com.br\\\/rua-oscar-freire\\\/#website\"},\"primaryImageOfPage\":{\"@id\":\"https:\\\/\\\/www.encontrajardins.com.br\\\/rua-oscar-freire\\\/associacao-comercial-de-aracatuba-propoe-abertura-do-calcadao-a-prefeitura-intencao-e-otimizar-o-movimento-no-espaco\\\/#primaryimage\"},\"image\":{\"@id\":\"https:\\\/\\\/www.encontrajardins.com.br\\\/rua-oscar-freire\\\/associacao-comercial-de-aracatuba-propoe-abertura-do-calcadao-a-prefeitura-intencao-e-otimizar-o-movimento-no-espaco\\\/#primaryimage\"},\"thumbnailUrl\":\"https:\\\/\\\/www.encontrajardins.com.br\\\/rua-oscar-freire\\\/wp-content\\\/uploads\\\/2026\\\/08\\\/associacao-comercial-de-aracatuba-propoe-abertura-do-calcadao-a-prefeitura-intencao-e-otimizar-o-mov.webp\",\"datePublished\":\"2026-08-30T06:11:48+00:00\",\"author\":{\"@id\":\"https:\\\/\\\/www.encontrajardins.com.br\\\/rua-oscar-freire\\\/#\\\/schema\\\/person\\\/3166ca84b756e32f4dc9083fad9c8b59\"},\"inLanguage\":\"pt-BR\",\"potentialAction\":[{\"@type\":\"ReadAction\",\"target\":[\"https:\\\/\\\/www.encontrajardins.com.br\\\/rua-oscar-freire\\\/associacao-comercial-de-aracatuba-propoe-abertura-do-calcadao-a-prefeitura-intencao-e-otimizar-o-movimento-no-espaco\\\/\"]}]},{\"@type\":\"ImageObject\",\"inLanguage\":\"pt-BR\",\"@id\":\"https:\\\/\\\/www.encontrajardins.com.br\\\/rua-oscar-freire\\\/associacao-comercial-de-aracatuba-propoe-abertura-do-calcadao-a-prefeitura-intencao-e-otimizar-o-movimento-no-espaco\\\/#primaryimage\",\"url\":\"https:\\\/\\\/www.encontrajardins.com.br\\\/rua-oscar-freire\\\/wp-content\\\/uploads\\\/2026\\\/08\\\/associacao-comercial-de-aracatuba-propoe-abertura-do-calcadao-a-prefeitura-intencao-e-otimizar-o-mov.webp\",\"contentUrl\":\"https:\\\/\\\/www.encontrajardins.com.br\\\/rua-oscar-freire\\\/wp-content\\\/uploads\\\/2026\\\/08\\\/associacao-comercial-de-aracatuba-propoe-abertura-do-calcadao-a-prefeitura-intencao-e-otimizar-o-mov.webp\",\"width\":280,\"height\":280,\"caption\":\"cal\u00e7ad\u00e3o de Ara\u00e7atuba\"},{\"@type\":\"WebSite\",\"@id\":\"https:\\\/\\\/www.encontrajardins.com.br\\\/rua-oscar-freire\\\/#website\",\"url\":\"https:\\\/\\\/www.encontrajardins.com.br\\\/rua-oscar-freire\\\/\",\"name\":\"Guia Rua Oscar Freire SP\",\"description\":\"GUIA RUA OSCAR FREIRE - O guia comercial de neg\u00f3cios e empresas, cultura e divers\u00e3o na rua Oscar Freire. Feito 100% para voc\u00ea morador!\",\"potentialAction\":[{\"@type\":\"SearchAction\",\"target\":{\"@type\":\"EntryPoint\",\"urlTemplate\":\"https:\\\/\\\/www.encontrajardins.com.br\\\/rua-oscar-freire\\\/?s={search_term_string}\"},\"query-input\":{\"@type\":\"PropertyValueSpecification\",\"valueRequired\":true,\"valueName\":\"search_term_string\"}}],\"inLanguage\":\"pt-BR\"},{\"@type\":\"Person\",\"@id\":\"https:\\\/\\\/www.encontrajardins.com.br\\\/rua-oscar-freire\\\/#\\\/schema\\\/person\\\/3166ca84b756e32f4dc9083fad9c8b59\",\"name\":\"Encontra Rua Oscar Freire\",\"image\":{\"@type\":\"ImageObject\",\"inLanguage\":\"pt-BR\",\"@id\":\"https:\\\/\\\/www.encontrajardins.com.br\\\/rua-oscar-freire\\\/wp-content\\\/litespeed\\\/avatar\\\/e92a756db1fc224ef50d2f00ed0d047a.jpg?ver=1787788793\",\"url\":\"https:\\\/\\\/www.encontrajardins.com.br\\\/rua-oscar-freire\\\/wp-content\\\/litespeed\\\/avatar\\\/e92a756db1fc224ef50d2f00ed0d047a.jpg?ver=1787788793\",\"contentUrl\":\"https:\\\/\\\/www.encontrajardins.com.br\\\/rua-oscar-freire\\\/wp-content\\\/litespeed\\\/avatar\\\/e92a756db1fc224ef50d2f00ed0d047a.jpg?ver=1787788793\",\"caption\":\"Encontra Rua Oscar Freire\"},\"url\":\"https:\\\/\\\/www.encontrajardins.com.br\\\/rua-oscar-freire\\\/author\\\/rua-oscar-freire\\\/\"}]}<\/script>\n<!-- \/ Yoast SEO plugin. -->","yoast_head_json":{"title":"Associa\u00e7\u00e3o Comercial de Ara\u00e7atuba prop\u00f5e abertura do cal\u00e7ad\u00e3o \u00e0 prefeitura; inten\u00e7\u00e3o \u00e9 otimizar o movimento no espa\u00e7o | Guia Rua Oscar Freire SP","robots":{"index":"index","follow":"follow","max-snippet":"max-snippet:-1","max-image-preview":"max-image-preview:large","max-video-preview":"max-video-preview:-1"},"canonical":"https:\/\/www.encontrajardins.com.br\/rua-oscar-freire\/associacao-comercial-de-aracatuba-propoe-abertura-do-calcadao-a-prefeitura-intencao-e-otimizar-o-movimento-no-espaco\/","og_locale":"pt_BR","og_type":"article","og_title":"Associa\u00e7\u00e3o Comercial de Ara\u00e7atuba prop\u00f5e abertura do cal\u00e7ad\u00e3o \u00e0 prefeitura; inten\u00e7\u00e3o \u00e9 otimizar o movimento no espa\u00e7o | Guia Rua Oscar Freire SP","og_description":"Associa\u00e7\u00e3o Comercial de Ara\u00e7atuba prop\u00f5e abertura do cal\u00e7ad\u00e3o para aumentar o movimento local.","og_url":"https:\/\/www.encontrajardins.com.br\/rua-oscar-freire\/associacao-comercial-de-aracatuba-propoe-abertura-do-calcadao-a-prefeitura-intencao-e-otimizar-o-movimento-no-espaco\/","og_site_name":"Guia Rua Oscar Freire SP","article_published_time":"2026-08-30T06:11:48+00:00","og_image":[{"url":"https:\/\/www.encontrajardins.com.br\/rua-oscar-freire\/wp-content\/uploads\/2026\/08\/associacao-comercial-de-aracatuba-propoe-abertura-do-calcadao-a-prefeitura-intencao-e-otimizar-o-mov.webp","type":"","width":"","height":""}],"author":"Encontra Rua Oscar Freire","twitter_card":"summary_large_image","twitter_misc":{"Escrito por":"Encontra Rua Oscar Freire","Est. tempo de leitura":"4 minutos"},"schema":{"@context":"https:\/\/schema.org","@graph":[{"@type":"Article","@id":"https:\/\/www.encontrajardins.com.br\/rua-oscar-freire\/associacao-comercial-de-aracatuba-propoe-abertura-do-calcadao-a-prefeitura-intencao-e-otimizar-o-movimento-no-espaco\/#article","isPartOf":{"@id":"https:\/\/www.encontrajardins.com.br\/rua-oscar-freire\/associacao-comercial-de-aracatuba-propoe-abertura-do-calcadao-a-prefeitura-intencao-e-otimizar-o-movimento-no-espaco\/"},"author":{"name":"Encontra Rua Oscar Freire","@id":"https:\/\/www.encontrajardins.com.br\/rua-oscar-freire\/#\/schema\/person\/3166ca84b756e32f4dc9083fad9c8b59"},"headline":"Associa\u00e7\u00e3o Comercial de Ara\u00e7atuba prop\u00f5e abertura do cal\u00e7ad\u00e3o \u00e0 prefeitura; inten\u00e7\u00e3o \u00e9 otimizar o movimento no espa\u00e7o","datePublished":"2026-08-30T06:11:48+00:00","mainEntityOfPage":{"@id":"https:\/\/www.encontrajardins.com.br\/rua-oscar-freire\/associacao-comercial-de-aracatuba-propoe-abertura-do-calcadao-a-prefeitura-intencao-e-otimizar-o-movimento-no-espaco\/"},"wordCount":747,"commentCount":0,"image":{"@id":"https:\/\/www.encontrajardins.com.br\/rua-oscar-freire\/associacao-comercial-de-aracatuba-propoe-abertura-do-calcadao-a-prefeitura-intencao-e-otimizar-o-movimento-no-espaco\/#primaryimage"},"thumbnailUrl":"https:\/\/www.encontrajardins.com.br\/rua-oscar-freire\/wp-content\/uploads\/2026\/08\/associacao-comercial-de-aracatuba-propoe-abertura-do-calcadao-a-prefeitura-intencao-e-otimizar-o-mov.webp","articleSection":["Not\u00edcias Rua Oscar Freire"],"inLanguage":"pt-BR","potentialAction":[{"@type":"CommentAction","name":"Comment","target":["https:\/\/www.encontrajardins.com.br\/rua-oscar-freire\/associacao-comercial-de-aracatuba-propoe-abertura-do-calcadao-a-prefeitura-intencao-e-otimizar-o-movimento-no-espaco\/#respond"]}]},{"@type":"WebPage","@id":"https:\/\/www.encontrajardins.com.br\/rua-oscar-freire\/associacao-comercial-de-aracatuba-propoe-abertura-do-calcadao-a-prefeitura-intencao-e-otimizar-o-movimento-no-espaco\/","url":"https:\/\/www.encontrajardins.com.br\/rua-oscar-freire\/associacao-comercial-de-aracatuba-propoe-abertura-do-calcadao-a-prefeitura-intencao-e-otimizar-o-movimento-no-espaco\/","name":"Associa\u00e7\u00e3o Comercial de Ara\u00e7atuba prop\u00f5e abertura do cal\u00e7ad\u00e3o \u00e0 prefeitura; inten\u00e7\u00e3o \u00e9 otimizar o movimento no espa\u00e7o | Guia Rua Oscar Freire SP","isPartOf":{"@id":"https:\/\/www.encontrajardins.com.br\/rua-oscar-freire\/#website"},"primaryImageOfPage":{"@id":"https:\/\/www.encontrajardins.com.br\/rua-oscar-freire\/associacao-comercial-de-aracatuba-propoe-abertura-do-calcadao-a-prefeitura-intencao-e-otimizar-o-movimento-no-espaco\/#primaryimage"},"image":{"@id":"https:\/\/www.encontrajardins.com.br\/rua-oscar-freire\/associacao-comercial-de-aracatuba-propoe-abertura-do-calcadao-a-prefeitura-intencao-e-otimizar-o-movimento-no-espaco\/#primaryimage"},"thumbnailUrl":"https:\/\/www.encontrajardins.com.br\/rua-oscar-freire\/wp-content\/uploads\/2026\/08\/associacao-comercial-de-aracatuba-propoe-abertura-do-calcadao-a-prefeitura-intencao-e-otimizar-o-mov.webp","datePublished":"2026-08-30T06:11:48+00:00","author":{"@id":"https:\/\/www.encontrajardins.com.br\/rua-oscar-freire\/#\/schema\/person\/3166ca84b756e32f4dc9083fad9c8b59"},"inLanguage":"pt-BR","potentialAction":[{"@type":"ReadAction","target":["https:\/\/www.encontrajardins.com.br\/rua-oscar-freire\/associacao-comercial-de-aracatuba-propoe-abertura-do-calcadao-a-prefeitura-intencao-e-otimizar-o-movimento-no-espaco\/"]}]},{"@type":"ImageObject","inLanguage":"pt-BR","@id":"https:\/\/www.encontrajardins.com.br\/rua-oscar-freire\/associacao-comercial-de-aracatuba-propoe-abertura-do-calcadao-a-prefeitura-intencao-e-otimizar-o-movimento-no-espaco\/#primaryimage","url":"https:\/\/www.encontrajardins.com.br\/rua-oscar-freire\/wp-content\/uploads\/2026\/08\/associacao-comercial-de-aracatuba-propoe-abertura-do-calcadao-a-prefeitura-intencao-e-otimizar-o-mov.webp","contentUrl":"https:\/\/www.encontrajardins.com.br\/rua-oscar-freire\/wp-content\/uploads\/2026\/08\/associacao-comercial-de-aracatuba-propoe-abertura-do-calcadao-a-prefeitura-intencao-e-otimizar-o-mov.webp","width":280,"height":280,"caption":"cal\u00e7ad\u00e3o de Ara\u00e7atuba"},{"@type":"WebSite","@id":"https:\/\/www.encontrajardins.com.br\/rua-oscar-freire\/#website","url":"https:\/\/www.encontrajardins.com.br\/rua-oscar-freire\/","name":"Guia Rua Oscar Freire SP","description":"GUIA RUA OSCAR FREIRE - O guia comercial de neg\u00f3cios e empresas, cultura e divers\u00e3o na rua Oscar Freire. Feito 100% para voc\u00ea morador!","potentialAction":[{"@type":"SearchAction","target":{"@type":"EntryPoint","urlTemplate":"https:\/\/www.encontrajardins.com.br\/rua-oscar-freire\/?s={search_term_string}"},"query-input":{"@type":"PropertyValueSpecification","valueRequired":true,"valueName":"search_term_string"}}],"inLanguage":"pt-BR"},{"@type":"Person","@id":"https:\/\/www.encontrajardins.com.br\/rua-oscar-freire\/#\/schema\/person\/3166ca84b756e32f4dc9083fad9c8b59","name":"Encontra Rua Oscar Freire","image":{"@type":"ImageObject","inLanguage":"pt-BR","@id":"https:\/\/www.encontrajardins.com.br\/rua-oscar-freire\/wp-content\/litespeed\/avatar\/e92a756db1fc224ef50d2f00ed0d047a.jpg?ver=1787788793","url":"https:\/\/www.encontrajardins.com.br\/rua-oscar-freire\/wp-content\/litespeed\/avatar\/e92a756db1fc224ef50d2f00ed0d047a.jpg?ver=1787788793","contentUrl":"https:\/\/www.encontrajardins.com.br\/rua-oscar-freire\/wp-content\/litespeed\/avatar\/e92a756db1fc224ef50d2f00ed0d047a.jpg?ver=1787788793","caption":"Encontra Rua Oscar Freire"},"url":"https:\/\/www.encontrajardins.com.br\/rua-oscar-freire\/author\/rua-oscar-freire\/"}]}},"_links":{"self":[{"href":"https:\/\/www.encontrajardins.com.br\/rua-oscar-freire\/wp-json\/wp\/v2\/posts\/4959","targetHints":{"allow":["GET"]}}],"collection":[{"href":"https:\/\/www.encontrajardins.com.br\/rua-oscar-freire\/wp-json\/wp\/v2\/posts"}],"about":[{"href":"https:\/\/www.encontrajardins.com.br\/rua-oscar-freire\/wp-json\/wp\/v2\/types\/post"}],"author":[{"embeddable":true,"href":"https:\/\/www.encontrajardins.com.br\/rua-oscar-freire\/wp-json\/wp\/v2\/users\/1"}],"replies":[{"embeddable":true,"href":"https:\/\/www.encontrajardins.com.br\/rua-oscar-freire\/wp-json\/wp\/v2\/comments?post=4959"}],"version-history":[{"count":0,"href":"https:\/\/www.encontrajardins.com.br\/rua-oscar-freire\/wp-json\/wp\/v2\/posts\/4959\/revisions"}],"wp:featuredmedia":[{"embeddable":true,"href":"https:\/\/www.encontrajardins.com.br\/rua-oscar-freire\/wp-json\/wp\/v2\/media\/4958"}],"wp:attachment":[{"href":"https:\/\/www.encontrajardins.com.br\/rua-oscar-freire\/wp-json\/wp\/v2\/media?parent=4959"}],"wp:term":[{"taxonomy":"category","embeddable":true,"href":"https:\/\/www.encontrajardins.com.br\/rua-oscar-freire\/wp-json\/wp\/v2\/categories?post=4959"},{"taxonomy":"post_tag","embeddable":true,"href":"https:\/\/www.encontrajardins.com.br\/rua-oscar-freire\/wp-json\/wp\/v2\/tags?post=4959"}],"curies":[{"name":"wp","href":"https:\/\/api.w.org\/{rel}","templated":true}]}}